{"id":165431,"date":"2022-04-10T22:38:16","date_gmt":"2022-04-11T01:38:16","guid":{"rendered":"https:\/\/experienciadevida.com.ar\/portalurbano\/?p=165431"},"modified":"2022-04-10T22:40:06","modified_gmt":"2022-04-11T01:40:06","slug":"ezequiel-galli-y-la-obra-del-jardin-930-si-es-cierto-cometimos-un-error","status":"publish","type":"post","link":"https:\/\/experienciadevida.com.ar\/portalurbano\/ezequiel-galli-y-la-obra-del-jardin-930-si-es-cierto-cometimos-un-error\/","title":{"rendered":"Ezequiel Galli y la obra del Jard\u00edn 930: &#8220;S\u00ed, es cierto, cometimos un error&#8221;"},"content":{"rendered":"<p>Ezequiel <a href=\"https:\/\/www.facebook.com\/galliezequiel\">Galli<\/a> y la obra del Jard\u00edn 930: &#8220;S\u00ed, es cierto, cometimos un error&#8221;, as\u00ed lo inform\u00f3 el Jefe Comunal a trav\u00e9s de un comunicado en su perfil de Facebook, donde reconoci\u00f3 el error por haber inaugurado el nuevo edificio del jard\u00edn n\u00b0930 sin que est\u00e9 conectado el servicio de gas.<\/p>\n<p>&#8220;Hace pocos d\u00edas, inauguramos una obra muy esperada por la comunidad educativa, la remodelaci\u00f3n del Jard\u00edn 930. Fue una obra con diversas dificultades, que cost\u00f3 mucho trabajo, pero que deb\u00eda continuar porque la educaci\u00f3n es siempre la prioridad. Alumnos, docentes, padres y auxiliares deb\u00edan contar con las instalaciones acordes a las necesidades de los chicos&#8221;, comenz\u00f3 diciendo Galli, &#8220;durante la ejecuci\u00f3n de la obra, los chicos utilizaron la capilla Nuestra Se\u00f1ora de la Esperanza, a sus representantes, una vez m\u00e1s, infinitas gracias&#8221;.<\/p>\n<p>Por otro lado, &#8220;al d\u00eda siguiente de la tan ansiada inauguraci\u00f3n, fue noticia, y deb\u00eda serlo, que el Jard\u00edn 930 se inaugur\u00f3 sin el servicio de gas, insumo fundamental para su funcionamiento. Errores administrativos o humanos, no importa. Fue un error y como responsable primero y \u00faltimo de dicha obra, es imperioso afirmar, que s\u00ed, comet\u00ed y cometimos un error&#8221;.<\/p>\n<p>&#8220;En ese preciso instante, pusimos manos a la obra para subsanar el error y con gran colaboraci\u00f3n de la empresa Camuzzi, en menos de 24 horas, el Jard\u00edn contaba con el servicio esencial de gas natural. Insisto, cometimos un error. Y pueden suceder otros, porque cuando se HACE, se cometen errores. Nuestro equipo posee un alto nivel profesional, pero es susceptible de errores, falencias u olvidos&#8221;.<\/p>\n<p>A su vez remarc\u00f3 &#8220;cuando uno habla, puede equivocarse, pero las palabras, son, generalmente, fugaces, vol\u00e1tiles. En los hechos, hay pasado, presente y futuro. En el hecho hay acci\u00f3n. En el hecho hay ladrillos, cimientos, techos, obras. Y, como en una obra, puede haber errores, en una gesti\u00f3n, tambi\u00e9n&#8221;.<\/p>\n<p>&#8220;Por esta raz\u00f3n, decid\u00ed dirigir mis palabras a la comunidad. Porque cometimos un error y aunque lo corregimos en pocas horas, ese error, estuvo. Como tambi\u00e9n son hechos los que permiten que el Jard\u00edn N\u00b0 930 tenga hoy las condiciones edilicias necesarias para que los chicos puedan aprender y dar sus primeros pasos en la educaci\u00f3n formal, con condiciones inmejorables&#8221;.<\/p>\n<p>Ezequiel Galli y la obra del Jard\u00edn 930 &#8220;como tambi\u00e9n es un hecho que desde diciembre de 2015 nos pusimos a trabajar d\u00eda a d\u00eda, incansablemente para recuperar los edificios de los Jardines y las escuelas p\u00fablicas del partido de Olavarr\u00eda&#8221;.<\/p>\n<p>Son hechos las ampliaciones de la Escuela Primaria 24.<br \/>\n\u22c5 La construcci\u00f3n del Jard\u00edn 919.<br \/>\n\u22c5 La refacci\u00f3n de la Escuela Primaria 60, y la de la Escuela Primaria 8.<br \/>\nSon hechos las refacciones y ampliaciones de:<br \/>\n\u22c5 La Escuela T\u00e9cnica 1, el Jard\u00edn 922, el Jard\u00edn 903 de Hinojo; la Escuela 502.<br \/>\n\u22c5 Son hechos las reparaciones de los techos de la Escuela 51.<br \/>\n\u22c5 Son hechos las obras para la generaci\u00f3n fotovoltaica de la Escuela de Mapis<br \/>\n\u22c5 Son hechos la construcci\u00f3n del SUM de la Escuela 49.<br \/>\n\u22c5 Son hechos los arreglos en la Escuela 6; de los jardines 913 y 926.<br \/>\nSon hechos las reformas, arreglos, ampliaciones y mejoras de:<br \/>\n\u22c5 La Escuela 79 de Loma Negra;<br \/>\n\u22c5 Las Secundarias 6 y 8.<br \/>\n\u22c5 Los ba\u00f1os de la Escuela 17.<br \/>\n\u22c5 Los techos de la Escuela T\u00e9cnica 2.<br \/>\n\u22c5 La Secundaria 1 \u201cJorge Luis Borges\u201d.<br \/>\n\u22c5 Los techos de la Escuela Agraria.<br \/>\n\u22c5 La fachada de la Escuela 6, de la 56 y de la 59.<br \/>\n\u22c5 Las veredas del Jard\u00edn 907.<br \/>\n\u22c5 Las aulas de la Media 6 y la Media 8.<br \/>\n\u22c5 La Escuela 76 del Barrio Jard\u00edn<br \/>\n\u22c5 La reforma de la Escuela 65 de Villa Aurora.<br \/>\n\u22c5 Las cocinas del CEC 802, del CEC 804 de Hinojo, de la Escuela 59 y de la 11 de Hinojo.<br \/>\n\u22c5 Los ba\u00f1os de la Escuela T\u00e9cnica 2.<br \/>\n\u22c5 La fachada de la Escuela 55 del Barrio AOMA.<br \/>\n\u22c5 La pintura de las aulas de la Media 6 y de la Media 8.<br \/>\n\u22c5 La reforma de los ba\u00f1os de la Escuela Normal.<br \/>\n\u22c5 Los arreglos del jard\u00edn 916 del Barrio CECO.<br \/>\n\u22c5 Los arreglos en la Secundaria 16 del Barrio UOCRA.<\/p>\n<p>Es un hecho la construcci\u00f3n de la pista de atletismo en el Parque Avellaneda y la pr\u00f3xima inauguraci\u00f3n de los vestuarios y las gradas. Un hecho, no palabras.<\/p>\n<p>Es un hecho la refacci\u00f3n de la cocina del jard\u00edn 915.<br \/>\n\u22c5 Son hechos las mejoras y reformas en el Jard\u00edn Bel\u00e9n; las de la Escuela 50.<br \/>\n\u22c5 Es un hecho la construcci\u00f3n de un sobre techo en el Conservatorio de M\u00fasica.<br \/>\nSon hechos y no palabras, las refacciones de:<br \/>\n\u22c5 La Escuela 77 de Sierras Bayas.<br \/>\n\u22c5 La obra de tabiques para nuevas aulas en la Casa de Helen.<br \/>\n\u22c5 La actual ampliaci\u00f3n de las nuevas aulas de la Escuela 14.<br \/>\n\u22c5 La ampliaci\u00f3n de la Secundaria 7.<br \/>\n\u22c5 Las actuales reformas en el CEF 44.<br \/>\n\u22c5 La licitaci\u00f3n y contrataci\u00f3n para la terminaci\u00f3n de la escuela de Artes Visuales.<br \/>\nY ser\u00e1n hechos, y no palabras las:<br \/>\n\u22c5 Ampliaciones y reformas de la Escuela Secundaria 20.<br \/>\n\u22c5 La reparaci\u00f3n de las veredas de la Escuela Normal.<br \/>\n\u22c5 El inicio de la construcci\u00f3n del Instituto de Educaci\u00f3n F\u00edsica en el complejo deportivo municipal.<br \/>\n\u22c5 Las mejoras en la Escuela 49.<br \/>\n\u22c5 Las reformas en el Jard\u00edn \u201cFray Mamerto Esqui\u00fa\u201d.<br \/>\nSer\u00e1n un hecho y no simples palabras, la Construcci\u00f3n del Jard\u00edn 929 para que, finalmente, tenga su propio edificio.<\/p>\n<p>Ezequiel Galli y la obra del Jard\u00edn 930, &#8220;en algunas de estas obras que mencion\u00e9, tambi\u00e9n se cometieron errores, que no se hicieron p\u00fablicos porque no fueron noticia. Lo que s\u00ed es una gran noticia, una verdad y un hecho, es que hay una gesti\u00f3n que decidi\u00f3 ocuparse de los problemas de infraestructura en jardines y escuelas&#8221;.<\/p>\n<p>&#8220;Lo que s\u00ed es una gran noticia, una verdad y un hecho es que, desde el primer d\u00eda de mi gesti\u00f3n, me compromet\u00ed a extraer los techos de fibrocemento y las letrinas de todos los edificios educativos y lo estamos logrando. Para lograr todos estos hechos hubo contratiempos, errores, dificultades&#8221;.<\/p>\n<p>Para finalizar dijo &#8220;nunca bajaremos bajaremos los brazos, porque las palabras no son tan valiosas como los hechos, porque invertir en educaci\u00f3n, es multiplicar oportunidades.\u00a0 Porque invertir en infraestructura edilicia de nuestras escuelas es darle valor al trabajo de los docentes y al futuro de los alumnos&#8221;.<\/p>\n<p>&#8220;Porque la Educaci\u00f3n es la herramienta de transformaci\u00f3n social m\u00e1s grande que existe. Y esto son hechos, no palabras. Hechos tan s\u00f3lidos como mi decisi\u00f3n de priorizar la Educaci\u00f3n, tambi\u00e9n, a trav\u00e9s de la correcta utilizaci\u00f3n del Fondo Educativo, un fondo monetario que, por ley, es distribuido a todos los intendentes de la Provincia de Buenos Aires, sin distinci\u00f3n de color pol\u00edtico. Esos ingresos fueron, son y ser\u00e1n empleados para mejorar la Educaci\u00f3n del Partido de Olavarr\u00eda. Porque mi prioridad es la Educaci\u00f3n&#8221;.<\/p>\n<p>Por \u00faltimo &#8220;es cierto que cometimos un error y posiblemente cometamos otros, porque en los hechos, no en las palabras, habr\u00e1 desaciertos&#8221;.<\/p>\n","protected":false},"excerpt":{"rendered":"<p>Ezequiel Galli y la obra del Jard\u00edn 930: &#8220;S\u00ed, es cierto, cometimos un error&#8221;, as\u00ed&#8230;<\/p>\n","protected":false},"author":1,"featured_media":165433,"comment_status":"closed","ping_status":"closed","sticky":false,"template":"","format":"standard","meta":{"content-type":""},"categories":[27,64],"tags":[],"nelio_content":{"isAutoShareEnabled":false,"autoShareEndMode":"default","automationSources":{"useContentSentences":true,"useSocialTemplates":true,"useCustomSentences":false,"customSentences":[]},"followers":[1],"suggestedReferences":[],"includedReferences":[],"efiUrl":"","efiAlt":"","highlights":[]},"yoast_head":"<!-- This site is optimized with the Yoast SEO plugin v20.7 - https:\/\/yoast.com\/wordpress\/plugins\/seo\/ -->\n<title>Ezequiel Galli y la obra del jard\u00edn 930: &quot;Si, es cierto, cometimos un error&quot;<\/title>\n<meta name=\"description\" content=\"Ezequiel Galli y la obra del Jard\u00edn 930: &quot;S\u00ed, es cierto, cometimos un error&quot;, as\u00ed lo inform\u00f3 el Jefe Comunal a trav\u00e9s de un comunicado\" \/>\n<meta name=\"robots\" content=\"index, follow, max-snippet:-1, max-image-preview:large, max-video-preview:-1\" \/>\n<link rel=\"canonical\" href=\"https:\/\/experienciadevida.com.ar\/portalurbano\/ezequiel-galli-y-la-obra-del-jardin-930-si-es-cierto-cometimos-un-error\/\" \/>\n<meta property=\"og:locale\" content=\"es_ES\" \/>\n<meta property=\"og:type\" content=\"article\" \/>\n<meta property=\"og:title\" content=\"Ezequiel Galli y la obra del jard\u00edn 930: &quot;Si, es cierto, cometimos un error&quot;\" \/>\n<meta property=\"og:description\" content=\"Ezequiel Galli y la obra del Jard\u00edn 930: &quot;S\u00ed, es cierto, cometimos un error&quot;, as\u00ed lo inform\u00f3 el Jefe Comunal a trav\u00e9s de un comunicado\" \/>\n<meta property=\"og:url\" content=\"https:\/\/experienciadevida.com.ar\/portalurbano\/ezequiel-galli-y-la-obra-del-jardin-930-si-es-cierto-cometimos-un-error\/\" \/>\n<meta property=\"article:publisher\" content=\"https:\/\/www.facebook.com\/Portal-Urbano-171542830093757\/\" \/>\n<meta property=\"article:published_time\" content=\"2022-04-11T01:38:16+00:00\" \/>\n<meta property=\"article:modified_time\" content=\"2022-04-11T01:40:06+00:00\" \/>\n<meta property=\"og:image\" content=\"https:\/\/experienciadevida.com.ar\/portalurbano\/wp-content\/uploads\/2022\/04\/Ezequiel-Galli-y-la.jpg\" \/>\n\t<meta property=\"og:image:width\" content=\"1280\" \/>\n\t<meta property=\"og:image:height\" content=\"855\" \/>\n\t<meta property=\"og:image:type\" content=\"image\/jpeg\" \/>\n<meta name=\"author\" content=\"admpu17wp\" \/>\n<meta name=\"twitter:card\" content=\"summary_large_image\" \/>\n<meta name=\"twitter:creator\" content=\"@portalurbanook\" \/>\n<meta name=\"twitter:site\" content=\"@portalurbanook\" \/>\n<meta name=\"twitter:label1\" content=\"Escrito por\" \/>\n\t<meta name=\"twitter:data1\" content=\"admpu17wp\" \/>\n\t<meta name=\"twitter:label2\" content=\"Tiempo de lectura\" \/>\n\t<meta name=\"twitter:data2\" content=\"6 minutos\" \/>\n<script type=\"application\/ld+json\" class=\"yoast-schema-graph\">{\"@context\":\"https:\/\/schema.org\",\"@graph\":[{\"@type\":\"Article\",\"@id\":\"https:\/\/experienciadevida.com.ar\/portalurbano\/ezequiel-galli-y-la-obra-del-jardin-930-si-es-cierto-cometimos-un-error\/#article\",\"isPartOf\":{\"@id\":\"https:\/\/experienciadevida.com.ar\/portalurbano\/ezequiel-galli-y-la-obra-del-jardin-930-si-es-cierto-cometimos-un-error\/\"},\"author\":{\"name\":\"admpu17wp\",\"@id\":\"https:\/\/experienciadevida.com.ar\/portalurbano\/#\/schema\/person\/02dd326b1c4b056e9cc972486934a3a7\"},\"headline\":\"Ezequiel Galli y la obra del Jard\u00edn 930: &#8220;S\u00ed, es cierto, cometimos un error&#8221;\",\"datePublished\":\"2022-04-11T01:38:16+00:00\",\"dateModified\":\"2022-04-11T01:40:06+00:00\",\"mainEntityOfPage\":{\"@id\":\"https:\/\/experienciadevida.com.ar\/portalurbano\/ezequiel-galli-y-la-obra-del-jardin-930-si-es-cierto-cometimos-un-error\/\"},\"wordCount\":1186,\"publisher\":{\"@id\":\"https:\/\/experienciadevida.com.ar\/portalurbano\/#organization\"},\"articleSection\":[\"Ciudad\",\"Destacadas 2\"],\"inLanguage\":\"es\"},{\"@type\":\"WebPage\",\"@id\":\"https:\/\/experienciadevida.com.ar\/portalurbano\/ezequiel-galli-y-la-obra-del-jardin-930-si-es-cierto-cometimos-un-error\/\",\"url\":\"https:\/\/experienciadevida.com.ar\/portalurbano\/ezequiel-galli-y-la-obra-del-jardin-930-si-es-cierto-cometimos-un-error\/\",\"name\":\"Ezequiel Galli y la obra del jard\u00edn 930: \\\"Si, es cierto, cometimos un error\\\"\",\"isPartOf\":{\"@id\":\"https:\/\/experienciadevida.com.ar\/portalurbano\/#website\"},\"datePublished\":\"2022-04-11T01:38:16+00:00\",\"dateModified\":\"2022-04-11T01:40:06+00:00\",\"description\":\"Ezequiel Galli y la obra del Jard\u00edn 930: \\\"S\u00ed, es cierto, cometimos un error\\\", as\u00ed lo inform\u00f3 el Jefe Comunal a trav\u00e9s de un comunicado\",\"breadcrumb\":{\"@id\":\"https:\/\/experienciadevida.com.ar\/portalurbano\/ezequiel-galli-y-la-obra-del-jardin-930-si-es-cierto-cometimos-un-error\/#breadcrumb\"},\"inLanguage\":\"es\",\"potentialAction\":[{\"@type\":\"ReadAction\",\"target\":[\"https:\/\/experienciadevida.com.ar\/portalurbano\/ezequiel-galli-y-la-obra-del-jardin-930-si-es-cierto-cometimos-un-error\/\"]}]},{\"@type\":\"BreadcrumbList\",\"@id\":\"https:\/\/experienciadevida.com.ar\/portalurbano\/ezequiel-galli-y-la-obra-del-jardin-930-si-es-cierto-cometimos-un-error\/#breadcrumb\",\"itemListElement\":[{\"@type\":\"ListItem\",\"position\":1,\"name\":\"Portada\",\"item\":\"https:\/\/experienciadevida.com.ar\/portalurbano\/\"},{\"@type\":\"ListItem\",\"position\":2,\"name\":\"Ezequiel Galli y la obra del Jard\u00edn 930: \u00abS\u00ed, es cierto, cometimos un error\u00bb\"}]},{\"@type\":\"WebSite\",\"@id\":\"https:\/\/experienciadevida.com.ar\/portalurbano\/#website\",\"url\":\"https:\/\/experienciadevida.com.ar\/portalurbano\/\",\"name\":\"\",\"description\":\"\",\"publisher\":{\"@id\":\"https:\/\/experienciadevida.com.ar\/portalurbano\/#organization\"},\"potentialAction\":[{\"@type\":\"SearchAction\",\"target\":{\"@type\":\"EntryPoint\",\"urlTemplate\":\"https:\/\/experienciadevida.com.ar\/portalurbano\/?s={search_term_string}\"},\"query-input\":\"required name=search_term_string\"}],\"inLanguage\":\"es\"},{\"@type\":\"Organization\",\"@id\":\"https:\/\/experienciadevida.com.ar\/portalurbano\/#organization\",\"name\":\"Portal Urbano\",\"url\":\"https:\/\/experienciadevida.com.ar\/portalurbano\/\",\"logo\":{\"@type\":\"ImageObject\",\"inLanguage\":\"es\",\"@id\":\"https:\/\/experienciadevida.com.ar\/portalurbano\/#\/schema\/logo\/image\/\",\"url\":\"https:\/\/experienciadevida.com.ar\/portalurbano\/wp-content\/uploads\/2019\/09\/Logo-Original.png\",\"contentUrl\":\"https:\/\/experienciadevida.com.ar\/portalurbano\/wp-content\/uploads\/2019\/09\/Logo-Original.png\",\"width\":2236,\"height\":1216,\"caption\":\"Portal Urbano\"},\"image\":{\"@id\":\"https:\/\/experienciadevida.com.ar\/portalurbano\/#\/schema\/logo\/image\/\"},\"sameAs\":[\"https:\/\/www.facebook.com\/Portal-Urbano-171542830093757\/\",\"https:\/\/twitter.com\/portalurbanook\",\"https:\/\/www.instagram.com\/_portalurbano\/\",\"https:\/\/www.youtube.com\/channel\/UCXhagIfszH8KxFiOok79zbA?view_as=subscriber\"]},{\"@type\":\"Person\",\"@id\":\"https:\/\/experienciadevida.com.ar\/portalurbano\/#\/schema\/person\/02dd326b1c4b056e9cc972486934a3a7\",\"name\":\"admpu17wp\",\"image\":{\"@type\":\"ImageObject\",\"inLanguage\":\"es\",\"@id\":\"https:\/\/experienciadevida.com.ar\/portalurbano\/#\/schema\/person\/image\/\",\"url\":\"https:\/\/secure.gravatar.com\/avatar\/830d4c57adaae6630765e449a6908047?s=96&d=mm&r=g\",\"contentUrl\":\"https:\/\/secure.gravatar.com\/avatar\/830d4c57adaae6630765e449a6908047?s=96&d=mm&r=g\",\"caption\":\"admpu17wp\"}}]}<\/script>\n<!-- \/ Yoast SEO plugin. -->","yoast_head_json":{"title":"Ezequiel Galli y la obra del jard\u00edn 930: \"Si, es cierto, cometimos un error\"","description":"Ezequiel Galli y la obra del Jard\u00edn 930: \"S\u00ed, es cierto, cometimos un error\", as\u00ed lo inform\u00f3 el Jefe Comunal a trav\u00e9s de un comunicado","robots":{"index":"index","follow":"follow","max-snippet":"max-snippet:-1","max-image-preview":"max-image-preview:large","max-video-preview":"max-video-preview:-1"},"canonical":"https:\/\/experienciadevida.com.ar\/portalurbano\/ezequiel-galli-y-la-obra-del-jardin-930-si-es-cierto-cometimos-un-error\/","og_locale":"es_ES","og_type":"article","og_title":"Ezequiel Galli y la obra del jard\u00edn 930: \"Si, es cierto, cometimos un error\"","og_description":"Ezequiel Galli y la obra del Jard\u00edn 930: \"S\u00ed, es cierto, cometimos un error\", as\u00ed lo inform\u00f3 el Jefe Comunal a trav\u00e9s de un comunicado","og_url":"https:\/\/experienciadevida.com.ar\/portalurbano\/ezequiel-galli-y-la-obra-del-jardin-930-si-es-cierto-cometimos-un-error\/","article_publisher":"https:\/\/www.facebook.com\/Portal-Urbano-171542830093757\/","article_published_time":"2022-04-11T01:38:16+00:00","article_modified_time":"2022-04-11T01:40:06+00:00","og_image":[{"width":1280,"height":855,"url":"https:\/\/experienciadevida.com.ar\/portalurbano\/wp-content\/uploads\/2022\/04\/Ezequiel-Galli-y-la.jpg","type":"image\/jpeg"}],"author":"admpu17wp","twitter_card":"summary_large_image","twitter_creator":"@portalurbanook","twitter_site":"@portalurbanook","twitter_misc":{"Escrito por":"admpu17wp","Tiempo de lectura":"6 minutos"},"schema":{"@context":"https:\/\/schema.org","@graph":[{"@type":"Article","@id":"https:\/\/experienciadevida.com.ar\/portalurbano\/ezequiel-galli-y-la-obra-del-jardin-930-si-es-cierto-cometimos-un-error\/#article","isPartOf":{"@id":"https:\/\/experienciadevida.com.ar\/portalurbano\/ezequiel-galli-y-la-obra-del-jardin-930-si-es-cierto-cometimos-un-error\/"},"author":{"name":"admpu17wp","@id":"https:\/\/experienciadevida.com.ar\/portalurbano\/#\/schema\/person\/02dd326b1c4b056e9cc972486934a3a7"},"headline":"Ezequiel Galli y la obra del Jard\u00edn 930: &#8220;S\u00ed, es cierto, cometimos un error&#8221;","datePublished":"2022-04-11T01:38:16+00:00","dateModified":"2022-04-11T01:40:06+00:00","mainEntityOfPage":{"@id":"https:\/\/experienciadevida.com.ar\/portalurbano\/ezequiel-galli-y-la-obra-del-jardin-930-si-es-cierto-cometimos-un-error\/"},"wordCount":1186,"publisher":{"@id":"https:\/\/experienciadevida.com.ar\/portalurbano\/#organization"},"articleSection":["Ciudad","Destacadas 2"],"inLanguage":"es"},{"@type":"WebPage","@id":"https:\/\/experienciadevida.com.ar\/portalurbano\/ezequiel-galli-y-la-obra-del-jardin-930-si-es-cierto-cometimos-un-error\/","url":"https:\/\/experienciadevida.com.ar\/portalurbano\/ezequiel-galli-y-la-obra-del-jardin-930-si-es-cierto-cometimos-un-error\/","name":"Ezequiel Galli y la obra del jard\u00edn 930: \"Si, es cierto, cometimos un error\"","isPartOf":{"@id":"https:\/\/experienciadevida.com.ar\/portalurbano\/#website"},"datePublished":"2022-04-11T01:38:16+00:00","dateModified":"2022-04-11T01:40:06+00:00","description":"Ezequiel Galli y la obra del Jard\u00edn 930: \"S\u00ed, es cierto, cometimos un error\", as\u00ed lo inform\u00f3 el Jefe Comunal a trav\u00e9s de un comunicado","breadcrumb":{"@id":"https:\/\/experienciadevida.com.ar\/portalurbano\/ezequiel-galli-y-la-obra-del-jardin-930-si-es-cierto-cometimos-un-error\/#breadcrumb"},"inLanguage":"es","potentialAction":[{"@type":"ReadAction","target":["https:\/\/experienciadevida.com.ar\/portalurbano\/ezequiel-galli-y-la-obra-del-jardin-930-si-es-cierto-cometimos-un-error\/"]}]},{"@type":"BreadcrumbList","@id":"https:\/\/experienciadevida.com.ar\/portalurbano\/ezequiel-galli-y-la-obra-del-jardin-930-si-es-cierto-cometimos-un-error\/#breadcrumb","itemListElement":[{"@type":"ListItem","position":1,"name":"Portada","item":"https:\/\/experienciadevida.com.ar\/portalurbano\/"},{"@type":"ListItem","position":2,"name":"Ezequiel Galli y la obra del Jard\u00edn 930: \u00abS\u00ed, es cierto, cometimos un error\u00bb"}]},{"@type":"WebSite","@id":"https:\/\/experienciadevida.com.ar\/portalurbano\/#website","url":"https:\/\/experienciadevida.com.ar\/portalurbano\/","name":"","description":"","publisher":{"@id":"https:\/\/experienciadevida.com.ar\/portalurbano\/#organization"},"potentialAction":[{"@type":"SearchAction","target":{"@type":"EntryPoint","urlTemplate":"https:\/\/experienciadevida.com.ar\/portalurbano\/?s={search_term_string}"},"query-input":"required name=search_term_string"}],"inLanguage":"es"},{"@type":"Organization","@id":"https:\/\/experienciadevida.com.ar\/portalurbano\/#organization","name":"Portal Urbano","url":"https:\/\/experienciadevida.com.ar\/portalurbano\/","logo":{"@type":"ImageObject","inLanguage":"es","@id":"https:\/\/experienciadevida.com.ar\/portalurbano\/#\/schema\/logo\/image\/","url":"https:\/\/experienciadevida.com.ar\/portalurbano\/wp-content\/uploads\/2019\/09\/Logo-Original.png","contentUrl":"https:\/\/experienciadevida.com.ar\/portalurbano\/wp-content\/uploads\/2019\/09\/Logo-Original.png","width":2236,"height":1216,"caption":"Portal Urbano"},"image":{"@id":"https:\/\/experienciadevida.com.ar\/portalurbano\/#\/schema\/logo\/image\/"},"sameAs":["https:\/\/www.facebook.com\/Portal-Urbano-171542830093757\/","https:\/\/twitter.com\/portalurbanook","https:\/\/www.instagram.com\/_portalurbano\/","https:\/\/www.youtube.com\/channel\/UCXhagIfszH8KxFiOok79zbA?view_as=subscriber"]},{"@type":"Person","@id":"https:\/\/experienciadevida.com.ar\/portalurbano\/#\/schema\/person\/02dd326b1c4b056e9cc972486934a3a7","name":"admpu17wp","image":{"@type":"ImageObject","inLanguage":"es","@id":"https:\/\/experienciadevida.com.ar\/portalurbano\/#\/schema\/person\/image\/","url":"https:\/\/secure.gravatar.com\/avatar\/830d4c57adaae6630765e449a6908047?s=96&d=mm&r=g","contentUrl":"https:\/\/secure.gravatar.com\/avatar\/830d4c57adaae6630765e449a6908047?s=96&d=mm&r=g","caption":"admpu17wp"}}]}},"featured_image_urls":{"full":["https:\/\/experienciadevida.com.ar\/portalurbano\/wp-content\/uploads\/2022\/04\/Ezequiel-Galli-y-la.jpg",1280,855,false],"thumbnail":["https:\/\/experienciadevida.com.ar\/portalurbano\/wp-content\/uploads\/2022\/04\/Ezequiel-Galli-y-la-150x150.jpg",150,150,true],"medium":["https:\/\/experienciadevida.com.ar\/portalurbano\/wp-content\/uploads\/2022\/04\/Ezequiel-Galli-y-la-300x200.jpg",300,200,true],"medium_large":["https:\/\/experienciadevida.com.ar\/portalurbano\/wp-content\/uploads\/2022\/04\/Ezequiel-Galli-y-la-768x513.jpg",640,428,true],"large":["https:\/\/experienciadevida.com.ar\/portalurbano\/wp-content\/uploads\/2022\/04\/Ezequiel-Galli-y-la-1024x684.jpg",640,428,true],"ug_big":["https:\/\/experienciadevida.com.ar\/portalurbano\/wp-content\/uploads\/2022\/04\/Ezequiel-Galli-y-la-768x513.jpg",768,513,true],"1536x1536":["https:\/\/experienciadevida.com.ar\/portalurbano\/wp-content\/uploads\/2022\/04\/Ezequiel-Galli-y-la.jpg",1280,855,false],"2048x2048":["https:\/\/experienciadevida.com.ar\/portalurbano\/wp-content\/uploads\/2022\/04\/Ezequiel-Galli-y-la.jpg",1280,855,false],"newsever-slider-full":["https:\/\/experienciadevida.com.ar\/portalurbano\/wp-content\/uploads\/2022\/04\/Ezequiel-Galli-y-la.jpg",1265,845,false],"newsever-featured":["https:\/\/experienciadevida.com.ar\/portalurbano\/wp-content\/uploads\/2022\/04\/Ezequiel-Galli-y-la.jpg",1024,684,false],"newsever-medium":["https:\/\/experienciadevida.com.ar\/portalurbano\/wp-content\/uploads\/2022\/04\/Ezequiel-Galli-y-la.jpg",711,475,false],"web-stories-poster-portrait":["https:\/\/experienciadevida.com.ar\/portalurbano\/wp-content\/uploads\/2022\/04\/Ezequiel-Galli-y-la.jpg",640,428,false],"web-stories-publisher-logo":["https:\/\/experienciadevida.com.ar\/portalurbano\/wp-content\/uploads\/2022\/04\/Ezequiel-Galli-y-la.jpg",96,64,false],"web-stories-thumbnail":["https:\/\/experienciadevida.com.ar\/portalurbano\/wp-content\/uploads\/2022\/04\/Ezequiel-Galli-y-la.jpg",150,100,false]},"author_info":{"display_name":"admpu17wp","author_link":"https:\/\/experienciadevida.com.ar\/portalurbano\/author\/admpu17wp\/"},"category_info":"<a href=\"https:\/\/experienciadevida.com.ar\/portalurbano\/category\/ciudad\/\" rel=\"category tag\">Ciudad<\/a> <a href=\"https:\/\/experienciadevida.com.ar\/portalurbano\/category\/destacadas-2\/\" rel=\"category tag\">Destacadas 2<\/a>","tag_info":"Destacadas 2","comment_count":"0","amp_enabled":true,"_links":{"self":[{"href":"https:\/\/experienciadevida.com.ar\/portalurbano\/wp-json\/wp\/v2\/posts\/165431"}],"collection":[{"href":"https:\/\/experienciadevida.com.ar\/portalurbano\/wp-json\/wp\/v2\/posts"}],"about":[{"href":"https:\/\/experienciadevida.com.ar\/portalurbano\/wp-json\/wp\/v2\/types\/post"}],"author":[{"embeddable":true,"href":"https:\/\/experienciadevida.com.ar\/portalurbano\/wp-json\/wp\/v2\/users\/1"}],"replies":[{"embeddable":true,"href":"https:\/\/experienciadevida.com.ar\/portalurbano\/wp-json\/wp\/v2\/comments?post=165431"}],"version-history":[{"count":2,"href":"https:\/\/experienciadevida.com.ar\/portalurbano\/wp-json\/wp\/v2\/posts\/165431\/revisions"}],"predecessor-version":[{"id":165435,"href":"https:\/\/experienciadevida.com.ar\/portalurbano\/wp-json\/wp\/v2\/posts\/165431\/revisions\/165435"}],"wp:featuredmedia":[{"embeddable":true,"href":"https:\/\/experienciadevida.com.ar\/portalurbano\/wp-json\/wp\/v2\/media\/165433"}],"wp:attachment":[{"href":"https:\/\/experienciadevida.com.ar\/portalurbano\/wp-json\/wp\/v2\/media?parent=165431"}],"wp:term":[{"taxonomy":"category","embeddable":true,"href":"https:\/\/experienciadevida.com.ar\/portalurbano\/wp-json\/wp\/v2\/categories?post=165431"},{"taxonomy":"post_tag","embeddable":true,"href":"https:\/\/experienciadevida.com.ar\/portalurbano\/wp-json\/wp\/v2\/tags?post=165431"}],"curies":[{"name":"wp","href":"https:\/\/api.w.org\/{rel}","templated":true}]}}