{"id":165419,"date":"2022-04-10T19:55:54","date_gmt":"2022-04-10T22:55:54","guid":{"rendered":"https:\/\/experienciadevida.com.ar\/portalurbano\/?p=165419"},"modified":"2022-04-10T19:57:45","modified_gmt":"2022-04-10T22:57:45","slug":"belen-vergel-y-sebastian-matrella-recorrieron-las-localidades","status":"publish","type":"post","link":"https:\/\/experienciadevida.com.ar\/portalurbano\/belen-vergel-y-sebastian-matrella-recorrieron-las-localidades\/","title":{"rendered":"Bel\u00e9n Vergel y Sebasti\u00e1n Matrella recorrieron las localidades"},"content":{"rendered":"<p>Bel\u00e9n Vergel y Sebasti\u00e1n Matrella recorrieron las localidades, durante la jornada de elecci\u00f3n de Delegados para las diferentes delegaciones municipales, los concejales radicales visitaron diferentes lugares de votaci\u00f3n. Encuentro y charlas con candidatos y vecinos.<\/p>\n<p>Una nueva elecci\u00f3n de delegados se llev\u00f3 a cabo este domingo en las diferentes delegaciones municipales del Partido de Olavarr\u00eda. Se pudo ver a Bel\u00e9n Vergel y Sebasti\u00e1n Matrella recorriendo cada uno de los lugares de<br \/>\nvotaci\u00f3n, para conocer de cerca c\u00f3mo se est\u00e1n desarrollando los comicios.<\/p>\n<p>En Hinojo estuvieron con Ra\u00fal Kuhn, \u00fanico candidato a delegado. En Sierra Chica se encontraron con Nestor Crevat\u00edn. Visitaron Sierras Bayas, y por \u00faltimo en Loma Negra conversaron con Gabriel Suburu, uno de los candidatos para esta delegaci\u00f3n.<\/p>\n<p>Seg\u00fan indic\u00f3 Vergel &#8220;Siempre es bueno que los ciudadanos puedan decidir quienes quieren que sean sus representantes. Desde nuestro espacio durante mucho a\u00f1os presentamos proyectos para que los delegados puedan ser elegidos por sus vecinos, es por ello que hoy queremos estar cerca y celebramos esta\u00a0 nueva elecci\u00f3n&#8221;.<\/p>\n<p>Para Matrella &#8220;Es importante qu\u00e9 los ciudadanos ejerzan su derecho a decidir&#8221;.<\/p>\n","protected":false},"excerpt":{"rendered":"<p>Bel\u00e9n Vergel y Sebasti\u00e1n Matrella recorrieron las localidades, durante la jornada de elecci\u00f3n de Delegados&#8230;<\/p>\n","protected":false},"author":1,"featured_media":165420,"comment_status":"closed","ping_status":"closed","sticky":false,"template":"","format":"standard","meta":{"content-type":""},"categories":[27,64],"tags":[],"nelio_content":{"isAutoShareEnabled":false,"autoShareEndMode":"default","automationSources":{"useContentSentences":true,"useSocialTemplates":true,"useCustomSentences":false,"customSentences":[]},"followers":[1],"suggestedReferences":[],"includedReferences":[],"efiUrl":"","efiAlt":"","highlights":[]},"yoast_head":"<!-- This site is optimized with the Yoast SEO plugin v20.7 - https:\/\/yoast.com\/wordpress\/plugins\/seo\/ -->\n<title>Bel\u00e9n Vergel y Sebasti\u00e1n Matrella recorrieron las localidades<\/title>\n<meta name=\"description\" content=\"Bel\u00e9n Vergel y Sebasti\u00e1n Matrella recorrieron las localidades, durante la jornada de elecci\u00f3n de Delegados para las localidades\" \/>\n<meta name=\"robots\" content=\"index, follow, max-snippet:-1, max-image-preview:large, max-video-preview:-1\" \/>\n<link rel=\"canonical\" href=\"https:\/\/experienciadevida.com.ar\/portalurbano\/belen-vergel-y-sebastian-matrella-recorrieron-las-localidades\/\" \/>\n<meta property=\"og:locale\" content=\"es_ES\" \/>\n<meta property=\"og:type\" content=\"article\" \/>\n<meta property=\"og:title\" content=\"Bel\u00e9n Vergel y Sebasti\u00e1n Matrella recorrieron las localidades\" \/>\n<meta property=\"og:description\" content=\"Bel\u00e9n Vergel y Sebasti\u00e1n Matrella recorrieron las localidades, durante la jornada de elecci\u00f3n de Delegados para las localidades\" \/>\n<meta property=\"og:url\" content=\"https:\/\/experienciadevida.com.ar\/portalurbano\/belen-vergel-y-sebastian-matrella-recorrieron-las-localidades\/\" \/>\n<meta property=\"article:publisher\" content=\"https:\/\/www.facebook.com\/Portal-Urbano-171542830093757\/\" \/>\n<meta property=\"article:published_time\" content=\"2022-04-10T22:55:54+00:00\" \/>\n<meta property=\"article:modified_time\" content=\"2022-04-10T22:57:45+00:00\" \/>\n<meta property=\"og:image\" content=\"https:\/\/experienciadevida.com.ar\/portalurbano\/wp-content\/uploads\/2022\/04\/Belen-Vergel-y-Sebastian.jpeg\" \/>\n\t<meta property=\"og:image:width\" content=\"1156\" \/>\n\t<meta property=\"og:image:height\" content=\"521\" \/>\n\t<meta property=\"og:image:type\" content=\"image\/jpeg\" \/>\n<meta name=\"author\" content=\"admpu17wp\" \/>\n<meta name=\"twitter:card\" content=\"summary_large_image\" \/>\n<meta name=\"twitter:creator\" content=\"@portalurbanook\" \/>\n<meta name=\"twitter:site\" content=\"@portalurbanook\" \/>\n<meta name=\"twitter:label1\" content=\"Escrito por\" \/>\n\t<meta name=\"twitter:data1\" content=\"admpu17wp\" \/>\n\t<meta name=\"twitter:label2\" content=\"Tiempo de lectura\" \/>\n\t<meta name=\"twitter:data2\" content=\"1 minuto\" \/>\n<script type=\"application\/ld+json\" class=\"yoast-schema-graph\">{\"@context\":\"https:\/\/schema.org\",\"@graph\":[{\"@type\":\"Article\",\"@id\":\"https:\/\/experienciadevida.com.ar\/portalurbano\/belen-vergel-y-sebastian-matrella-recorrieron-las-localidades\/#article\",\"isPartOf\":{\"@id\":\"https:\/\/experienciadevida.com.ar\/portalurbano\/belen-vergel-y-sebastian-matrella-recorrieron-las-localidades\/\"},\"author\":{\"name\":\"admpu17wp\",\"@id\":\"https:\/\/experienciadevida.com.ar\/portalurbano\/#\/schema\/person\/02dd326b1c4b056e9cc972486934a3a7\"},\"headline\":\"Bel\u00e9n Vergel y Sebasti\u00e1n Matrella recorrieron las localidades\",\"datePublished\":\"2022-04-10T22:55:54+00:00\",\"dateModified\":\"2022-04-10T22:57:45+00:00\",\"mainEntityOfPage\":{\"@id\":\"https:\/\/experienciadevida.com.ar\/portalurbano\/belen-vergel-y-sebastian-matrella-recorrieron-las-localidades\/\"},\"wordCount\":207,\"publisher\":{\"@id\":\"https:\/\/experienciadevida.com.ar\/portalurbano\/#organization\"},\"articleSection\":[\"Ciudad\",\"Destacadas 2\"],\"inLanguage\":\"es\"},{\"@type\":\"WebPage\",\"@id\":\"https:\/\/experienciadevida.com.ar\/portalurbano\/belen-vergel-y-sebastian-matrella-recorrieron-las-localidades\/\",\"url\":\"https:\/\/experienciadevida.com.ar\/portalurbano\/belen-vergel-y-sebastian-matrella-recorrieron-las-localidades\/\",\"name\":\"Bel\u00e9n Vergel y Sebasti\u00e1n Matrella recorrieron las localidades\",\"isPartOf\":{\"@id\":\"https:\/\/experienciadevida.com.ar\/portalurbano\/#website\"},\"datePublished\":\"2022-04-10T22:55:54+00:00\",\"dateModified\":\"2022-04-10T22:57:45+00:00\",\"description\":\"Bel\u00e9n Vergel y Sebasti\u00e1n Matrella recorrieron las localidades, durante la jornada de elecci\u00f3n de Delegados para las localidades\",\"breadcrumb\":{\"@id\":\"https:\/\/experienciadevida.com.ar\/portalurbano\/belen-vergel-y-sebastian-matrella-recorrieron-las-localidades\/#breadcrumb\"},\"inLanguage\":\"es\",\"potentialAction\":[{\"@type\":\"ReadAction\",\"target\":[\"https:\/\/experienciadevida.com.ar\/portalurbano\/belen-vergel-y-sebastian-matrella-recorrieron-las-localidades\/\"]}]},{\"@type\":\"BreadcrumbList\",\"@id\":\"https:\/\/experienciadevida.com.ar\/portalurbano\/belen-vergel-y-sebastian-matrella-recorrieron-las-localidades\/#breadcrumb\",\"itemListElement\":[{\"@type\":\"ListItem\",\"position\":1,\"name\":\"Portada\",\"item\":\"https:\/\/experienciadevida.com.ar\/portalurbano\/\"},{\"@type\":\"ListItem\",\"position\":2,\"name\":\"Bel\u00e9n Vergel y Sebasti\u00e1n Matrella recorrieron las localidades\"}]},{\"@type\":\"WebSite\",\"@id\":\"https:\/\/experienciadevida.com.ar\/portalurbano\/#website\",\"url\":\"https:\/\/experienciadevida.com.ar\/portalurbano\/\",\"name\":\"\",\"description\":\"\",\"publisher\":{\"@id\":\"https:\/\/experienciadevida.com.ar\/portalurbano\/#organization\"},\"potentialAction\":[{\"@type\":\"SearchAction\",\"target\":{\"@type\":\"EntryPoint\",\"urlTemplate\":\"https:\/\/experienciadevida.com.ar\/portalurbano\/?s={search_term_string}\"},\"query-input\":\"required name=search_term_string\"}],\"inLanguage\":\"es\"},{\"@type\":\"Organization\",\"@id\":\"https:\/\/experienciadevida.com.ar\/portalurbano\/#organization\",\"name\":\"Portal Urbano\",\"url\":\"https:\/\/experienciadevida.com.ar\/portalurbano\/\",\"logo\":{\"@type\":\"ImageObject\",\"inLanguage\":\"es\",\"@id\":\"https:\/\/experienciadevida.com.ar\/portalurbano\/#\/schema\/logo\/image\/\",\"url\":\"https:\/\/experienciadevida.com.ar\/portalurbano\/wp-content\/uploads\/2019\/09\/Logo-Original.png\",\"contentUrl\":\"https:\/\/experienciadevida.com.ar\/portalurbano\/wp-content\/uploads\/2019\/09\/Logo-Original.png\",\"width\":2236,\"height\":1216,\"caption\":\"Portal Urbano\"},\"image\":{\"@id\":\"https:\/\/experienciadevida.com.ar\/portalurbano\/#\/schema\/logo\/image\/\"},\"sameAs\":[\"https:\/\/www.facebook.com\/Portal-Urbano-171542830093757\/\",\"https:\/\/twitter.com\/portalurbanook\",\"https:\/\/www.instagram.com\/_portalurbano\/\",\"https:\/\/www.youtube.com\/channel\/UCXhagIfszH8KxFiOok79zbA?view_as=subscriber\"]},{\"@type\":\"Person\",\"@id\":\"https:\/\/experienciadevida.com.ar\/portalurbano\/#\/schema\/person\/02dd326b1c4b056e9cc972486934a3a7\",\"name\":\"admpu17wp\",\"image\":{\"@type\":\"ImageObject\",\"inLanguage\":\"es\",\"@id\":\"https:\/\/experienciadevida.com.ar\/portalurbano\/#\/schema\/person\/image\/\",\"url\":\"https:\/\/secure.gravatar.com\/avatar\/830d4c57adaae6630765e449a6908047?s=96&d=mm&r=g\",\"contentUrl\":\"https:\/\/secure.gravatar.com\/avatar\/830d4c57adaae6630765e449a6908047?s=96&d=mm&r=g\",\"caption\":\"admpu17wp\"}}]}<\/script>\n<!-- \/ Yoast SEO plugin. -->","yoast_head_json":{"title":"Bel\u00e9n Vergel y Sebasti\u00e1n Matrella recorrieron las localidades","description":"Bel\u00e9n Vergel y Sebasti\u00e1n Matrella recorrieron las localidades, durante la jornada de elecci\u00f3n de Delegados para las localidades","robots":{"index":"index","follow":"follow","max-snippet":"max-snippet:-1","max-image-preview":"max-image-preview:large","max-video-preview":"max-video-preview:-1"},"canonical":"https:\/\/experienciadevida.com.ar\/portalurbano\/belen-vergel-y-sebastian-matrella-recorrieron-las-localidades\/","og_locale":"es_ES","og_type":"article","og_title":"Bel\u00e9n Vergel y Sebasti\u00e1n Matrella recorrieron las localidades","og_description":"Bel\u00e9n Vergel y Sebasti\u00e1n Matrella recorrieron las localidades, durante la jornada de elecci\u00f3n de Delegados para las localidades","og_url":"https:\/\/experienciadevida.com.ar\/portalurbano\/belen-vergel-y-sebastian-matrella-recorrieron-las-localidades\/","article_publisher":"https:\/\/www.facebook.com\/Portal-Urbano-171542830093757\/","article_published_time":"2022-04-10T22:55:54+00:00","article_modified_time":"2022-04-10T22:57:45+00:00","og_image":[{"width":1156,"height":521,"url":"https:\/\/experienciadevida.com.ar\/portalurbano\/wp-content\/uploads\/2022\/04\/Belen-Vergel-y-Sebastian.jpeg","type":"image\/jpeg"}],"author":"admpu17wp","twitter_card":"summary_large_image","twitter_creator":"@portalurbanook","twitter_site":"@portalurbanook","twitter_misc":{"Escrito por":"admpu17wp","Tiempo de lectura":"1 minuto"},"schema":{"@context":"https:\/\/schema.org","@graph":[{"@type":"Article","@id":"https:\/\/experienciadevida.com.ar\/portalurbano\/belen-vergel-y-sebastian-matrella-recorrieron-las-localidades\/#article","isPartOf":{"@id":"https:\/\/experienciadevida.com.ar\/portalurbano\/belen-vergel-y-sebastian-matrella-recorrieron-las-localidades\/"},"author":{"name":"admpu17wp","@id":"https:\/\/experienciadevida.com.ar\/portalurbano\/#\/schema\/person\/02dd326b1c4b056e9cc972486934a3a7"},"headline":"Bel\u00e9n Vergel y Sebasti\u00e1n Matrella recorrieron las localidades","datePublished":"2022-04-10T22:55:54+00:00","dateModified":"2022-04-10T22:57:45+00:00","mainEntityOfPage":{"@id":"https:\/\/experienciadevida.com.ar\/portalurbano\/belen-vergel-y-sebastian-matrella-recorrieron-las-localidades\/"},"wordCount":207,"publisher":{"@id":"https:\/\/experienciadevida.com.ar\/portalurbano\/#organization"},"articleSection":["Ciudad","Destacadas 2"],"inLanguage":"es"},{"@type":"WebPage","@id":"https:\/\/experienciadevida.com.ar\/portalurbano\/belen-vergel-y-sebastian-matrella-recorrieron-las-localidades\/","url":"https:\/\/experienciadevida.com.ar\/portalurbano\/belen-vergel-y-sebastian-matrella-recorrieron-las-localidades\/","name":"Bel\u00e9n Vergel y Sebasti\u00e1n Matrella recorrieron las localidades","isPartOf":{"@id":"https:\/\/experienciadevida.com.ar\/portalurbano\/#website"},"datePublished":"2022-04-10T22:55:54+00:00","dateModified":"2022-04-10T22:57:45+00:00","description":"Bel\u00e9n Vergel y Sebasti\u00e1n Matrella recorrieron las localidades, durante la jornada de elecci\u00f3n de Delegados para las localidades","breadcrumb":{"@id":"https:\/\/experienciadevida.com.ar\/portalurbano\/belen-vergel-y-sebastian-matrella-recorrieron-las-localidades\/#breadcrumb"},"inLanguage":"es","potentialAction":[{"@type":"ReadAction","target":["https:\/\/experienciadevida.com.ar\/portalurbano\/belen-vergel-y-sebastian-matrella-recorrieron-las-localidades\/"]}]},{"@type":"BreadcrumbList","@id":"https:\/\/experienciadevida.com.ar\/portalurbano\/belen-vergel-y-sebastian-matrella-recorrieron-las-localidades\/#breadcrumb","itemListElement":[{"@type":"ListItem","position":1,"name":"Portada","item":"https:\/\/experienciadevida.com.ar\/portalurbano\/"},{"@type":"ListItem","position":2,"name":"Bel\u00e9n Vergel y Sebasti\u00e1n Matrella recorrieron las localidades"}]},{"@type":"WebSite","@id":"https:\/\/experienciadevida.com.ar\/portalurbano\/#website","url":"https:\/\/experienciadevida.com.ar\/portalurbano\/","name":"","description":"","publisher":{"@id":"https:\/\/experienciadevida.com.ar\/portalurbano\/#organization"},"potentialAction":[{"@type":"SearchAction","target":{"@type":"EntryPoint","urlTemplate":"https:\/\/experienciadevida.com.ar\/portalurbano\/?s={search_term_string}"},"query-input":"required name=search_term_string"}],"inLanguage":"es"},{"@type":"Organization","@id":"https:\/\/experienciadevida.com.ar\/portalurbano\/#organization","name":"Portal Urbano","url":"https:\/\/experienciadevida.com.ar\/portalurbano\/","logo":{"@type":"ImageObject","inLanguage":"es","@id":"https:\/\/experienciadevida.com.ar\/portalurbano\/#\/schema\/logo\/image\/","url":"https:\/\/experienciadevida.com.ar\/portalurbano\/wp-content\/uploads\/2019\/09\/Logo-Original.png","contentUrl":"https:\/\/experienciadevida.com.ar\/portalurbano\/wp-content\/uploads\/2019\/09\/Logo-Original.png","width":2236,"height":1216,"caption":"Portal Urbano"},"image":{"@id":"https:\/\/experienciadevida.com.ar\/portalurbano\/#\/schema\/logo\/image\/"},"sameAs":["https:\/\/www.facebook.com\/Portal-Urbano-171542830093757\/","https:\/\/twitter.com\/portalurbanook","https:\/\/www.instagram.com\/_portalurbano\/","https:\/\/www.youtube.com\/channel\/UCXhagIfszH8KxFiOok79zbA?view_as=subscriber"]},{"@type":"Person","@id":"https:\/\/experienciadevida.com.ar\/portalurbano\/#\/schema\/person\/02dd326b1c4b056e9cc972486934a3a7","name":"admpu17wp","image":{"@type":"ImageObject","inLanguage":"es","@id":"https:\/\/experienciadevida.com.ar\/portalurbano\/#\/schema\/person\/image\/","url":"https:\/\/secure.gravatar.com\/avatar\/830d4c57adaae6630765e449a6908047?s=96&d=mm&r=g","contentUrl":"https:\/\/secure.gravatar.com\/avatar\/830d4c57adaae6630765e449a6908047?s=96&d=mm&r=g","caption":"admpu17wp"}}]}},"featured_image_urls":{"full":["https:\/\/experienciadevida.com.ar\/portalurbano\/wp-content\/uploads\/2022\/04\/Belen-Vergel-y-Sebastian.jpeg",1156,521,false],"thumbnail":["https:\/\/experienciadevida.com.ar\/portalurbano\/wp-content\/uploads\/2022\/04\/Belen-Vergel-y-Sebastian-150x150.jpeg",150,150,true],"medium":["https:\/\/experienciadevida.com.ar\/portalurbano\/wp-content\/uploads\/2022\/04\/Belen-Vergel-y-Sebastian-300x135.jpeg",300,135,true],"medium_large":["https:\/\/experienciadevida.com.ar\/portalurbano\/wp-content\/uploads\/2022\/04\/Belen-Vergel-y-Sebastian-768x346.jpeg",640,288,true],"large":["https:\/\/experienciadevida.com.ar\/portalurbano\/wp-content\/uploads\/2022\/04\/Belen-Vergel-y-Sebastian-1024x462.jpeg",640,289,true],"ug_big":["https:\/\/experienciadevida.com.ar\/portalurbano\/wp-content\/uploads\/2022\/04\/Belen-Vergel-y-Sebastian-768x346.jpeg",768,346,true],"1536x1536":["https:\/\/experienciadevida.com.ar\/portalurbano\/wp-content\/uploads\/2022\/04\/Belen-Vergel-y-Sebastian.jpeg",1156,521,false],"2048x2048":["https:\/\/experienciadevida.com.ar\/portalurbano\/wp-content\/uploads\/2022\/04\/Belen-Vergel-y-Sebastian.jpeg",1156,521,false],"newsever-slider-full":["https:\/\/experienciadevida.com.ar\/portalurbano\/wp-content\/uploads\/2022\/04\/Belen-Vergel-y-Sebastian.jpeg",1156,521,false],"newsever-featured":["https:\/\/experienciadevida.com.ar\/portalurbano\/wp-content\/uploads\/2022\/04\/Belen-Vergel-y-Sebastian.jpeg",1024,462,false],"newsever-medium":["https:\/\/experienciadevida.com.ar\/portalurbano\/wp-content\/uploads\/2022\/04\/Belen-Vergel-y-Sebastian.jpeg",720,324,false],"web-stories-poster-portrait":["https:\/\/experienciadevida.com.ar\/portalurbano\/wp-content\/uploads\/2022\/04\/Belen-Vergel-y-Sebastian.jpeg",640,288,false],"web-stories-publisher-logo":["https:\/\/experienciadevida.com.ar\/portalurbano\/wp-content\/uploads\/2022\/04\/Belen-Vergel-y-Sebastian.jpeg",96,43,false],"web-stories-thumbnail":["https:\/\/experienciadevida.com.ar\/portalurbano\/wp-content\/uploads\/2022\/04\/Belen-Vergel-y-Sebastian.jpeg",150,68,false]},"author_info":{"display_name":"admpu17wp","author_link":"https:\/\/experienciadevida.com.ar\/portalurbano\/author\/admpu17wp\/"},"category_info":"<a href=\"https:\/\/experienciadevida.com.ar\/portalurbano\/category\/ciudad\/\" rel=\"category tag\">Ciudad<\/a> <a href=\"https:\/\/experienciadevida.com.ar\/portalurbano\/category\/destacadas-2\/\" rel=\"category tag\">Destacadas 2<\/a>","tag_info":"Destacadas 2","comment_count":"0","amp_enabled":true,"_links":{"self":[{"href":"https:\/\/experienciadevida.com.ar\/portalurbano\/wp-json\/wp\/v2\/posts\/165419"}],"collection":[{"href":"https:\/\/experienciadevida.com.ar\/portalurbano\/wp-json\/wp\/v2\/posts"}],"about":[{"href":"https:\/\/experienciadevida.com.ar\/portalurbano\/wp-json\/wp\/v2\/types\/post"}],"author":[{"embeddable":true,"href":"https:\/\/experienciadevida.com.ar\/portalurbano\/wp-json\/wp\/v2\/users\/1"}],"replies":[{"embeddable":true,"href":"https:\/\/experienciadevida.com.ar\/portalurbano\/wp-json\/wp\/v2\/comments?post=165419"}],"version-history":[{"count":3,"href":"https:\/\/experienciadevida.com.ar\/portalurbano\/wp-json\/wp\/v2\/posts\/165419\/revisions"}],"predecessor-version":[{"id":165423,"href":"https:\/\/experienciadevida.com.ar\/portalurbano\/wp-json\/wp\/v2\/posts\/165419\/revisions\/165423"}],"wp:featuredmedia":[{"embeddable":true,"href":"https:\/\/experienciadevida.com.ar\/portalurbano\/wp-json\/wp\/v2\/media\/165420"}],"wp:attachment":[{"href":"https:\/\/experienciadevida.com.ar\/portalurbano\/wp-json\/wp\/v2\/media?parent=165419"}],"wp:term":[{"taxonomy":"category","embeddable":true,"href":"https:\/\/experienciadevida.com.ar\/portalurbano\/wp-json\/wp\/v2\/categories?post=165419"},{"taxonomy":"post_tag","embeddable":true,"href":"https:\/\/experienciadevida.com.ar\/portalurbano\/wp-json\/wp\/v2\/tags?post=165419"}],"curies":[{"name":"wp","href":"https:\/\/api.w.org\/{rel}","templated":true}]}}