{"id":165413,"date":"2022-04-10T19:51:31","date_gmt":"2022-04-10T22:51:31","guid":{"rendered":"https:\/\/experienciadevida.com.ar\/portalurbano\/?p=165413"},"modified":"2022-04-10T19:53:09","modified_gmt":"2022-04-10T22:53:09","slug":"mas-de-dos-mil-vecinos-participaron-de-la-eleccion-de-delegados","status":"publish","type":"post","link":"https:\/\/experienciadevida.com.ar\/portalurbano\/mas-de-dos-mil-vecinos-participaron-de-la-eleccion-de-delegados\/","title":{"rendered":"M\u00e1s de dos mil vecinos participaron de la Elecci\u00f3n de Delegados"},"content":{"rendered":"<p>M\u00e1s de dos mil vecinos participaron de la Elecci\u00f3n de Delegados, este domingo 10 de abril se llev\u00f3 a cabo la segunda Elecci\u00f3n de Delegados municipales de las localidades del Partido de Olavarr\u00eda.<\/p>\n<p><a href=\"https:\/\/experienciadevida.com.ar\/portalurbano\/mas-de-dos-mil-vecinos-participaron-de-la-eleccion-de-delegados\/mad\/\" rel=\"attachment wp-att-165416\"><img decoding=\"async\" class=\"alignnone size-large wp-image-165416\" src=\"https:\/\/experienciadevida.com.ar\/portalurbano\/wp-content\/uploads\/2022\/04\/Mad-1024x684.jpg\" alt=\"M\u00e1s \" width=\"900\" height=\"601\" srcset=\"https:\/\/experienciadevida.com.ar\/portalurbano\/wp-content\/uploads\/2022\/04\/Mad-1024x684.jpg 1024w, https:\/\/experienciadevida.com.ar\/portalurbano\/wp-content\/uploads\/2022\/04\/Mad-300x201.jpg 300w, https:\/\/experienciadevida.com.ar\/portalurbano\/wp-content\/uploads\/2022\/04\/Mad-768x513.jpg 768w, https:\/\/experienciadevida.com.ar\/portalurbano\/wp-content\/uploads\/2022\/04\/Mad-1536x1027.jpg 1536w, https:\/\/experienciadevida.com.ar\/portalurbano\/wp-content\/uploads\/2022\/04\/Mad-2048x1369.jpg 2048w\" sizes=\"(max-width: 900px) 100vw, 900px\" \/><\/a><\/p>\n<p>Participaron vecinos de Hinojo, Colonia Hinojo, Sierras Bayas, Colonia San Miguel, Sierra Chica Loma Negra, Loma Negra, Espigas, Recalde y Santa Luisa.<\/p>\n<p>\u00abEs un d\u00eda muy importante para nosotros. Es la segunda edici\u00f3n de la elecci\u00f3n y es un compromiso que hab\u00edamos asumido en 2015\u2033, dijo el Secretario de Gobierno Hilario <a href=\"https:\/\/www.instagram.com\/gallihilario\/?hl=es-la\">Galli<\/a> tras el cierre de los comicios.<\/p>\n<p>\u00abFueron 2100 los vecinos que se expresaron, un 14,64% del padr\u00f3n. Tendremos varios d\u00edas para analizar los resultados. Seguro que hay cosas para mejorar pero estamos conformes porque cumplimos nuevamente\u00bb, agreg\u00f3.<\/p>\n<p>Por su parte, el Subsecretario de Gobierno Emilio <a href=\"https:\/\/www.instagram.com\/milovitale\/?hl=es-la\">Vitale<\/a> indic\u00f3 que \u00aben t\u00e9rminos organizativos tuvimos una jornada tranquila, sin ning\u00fan inconveniente y se desarroll\u00f3 todo con normalidad\u00bb.<\/p>\n<p>Adem\u00e1s, el funcionario municipal destac\u00f3 \u00abla participaci\u00f3n de diversas \u00e1reas del Gobierno Municipal que formaron parte de la organizaci\u00f3n de la Elecci\u00f3n de Delegados 2022\u00bb.<\/p>\n<p>Los resultados en cada localidad fueron los siguientes:<\/p>\n<p>Hinojo: 204 votos v\u00e1lidos. Ra\u00fal Kuhn 97%<br \/>\nSierras Bayas: 457 votos v\u00e1lidos. Guillermo Rikal 59,1% \u2013 Paola Ragnoli 40,9%<br \/>\nLoma Negra: 665 votos v\u00e1lidos. Gabriel Suburu 78,4 % \u2013 Silvia Pereira 21,6 %<br \/>\nSierra Chica: 368 votos v\u00e1lidos. N\u00e9stor Crevatin 96,2%<br \/>\nEspigas: 212 votos v\u00e1lidos. Luis Manzur 44,8 % \u2013 Carolina M\u00f3naco 29,7 % \u2013 Ram\u00f3n Gutierrez 25,4 %<br \/>\nRecalde: 180 votos v\u00e1lidos. Ricci Claudia 61,1 % \u2013 Almeida Walter 38,9 %<br \/>\nSanta Luisa: 31 votos v\u00e1lidos. Mariel Arouxet 100%<\/p>\n<p>Finalmente, cabe se\u00f1alar que, tal como lo establece la ordenanza, se requiere que participe el 40% de los habitantes de la localidad para validar la elecci\u00f3n. En caso contario, el Ejecutivo Municipal determinar\u00e1 que delegado estar\u00e1 al frente en cada localidad.<\/p>\n","protected":false},"excerpt":{"rendered":"<p>M\u00e1s de dos mil vecinos participaron de la Elecci\u00f3n de Delegados, este domingo 10 de&#8230;<\/p>\n","protected":false},"author":1,"featured_media":165414,"comment_status":"closed","ping_status":"closed","sticky":false,"template":"","format":"standard","meta":{"content-type":""},"categories":[27,51],"tags":[],"nelio_content":{"isAutoShareEnabled":false,"autoShareEndMode":"default","automationSources":{"useContentSentences":true,"useSocialTemplates":true,"useCustomSentences":false,"customSentences":[]},"followers":[1],"suggestedReferences":[],"includedReferences":["https:\/\/www.instagram.com\/gallihilario\/?hl=es-la","https:\/\/www.instagram.com\/milovitale\/?hl=es-la"],"efiUrl":"","efiAlt":"","highlights":[]},"yoast_head":"<!-- This site is optimized with the Yoast SEO plugin v20.7 - https:\/\/yoast.com\/wordpress\/plugins\/seo\/ -->\n<title>M\u00e1s de dos mil vecinos participaron de la elecci\u00f3n de delegados<\/title>\n<meta name=\"description\" content=\"M\u00e1s de dos mil vecinos participaron de la Elecci\u00f3n de Delegados, este domingo 10 de abril se llev\u00f3 a cabo la segunda Elecci\u00f3n\" \/>\n<meta name=\"robots\" content=\"index, follow, max-snippet:-1, max-image-preview:large, max-video-preview:-1\" \/>\n<link rel=\"canonical\" href=\"https:\/\/experienciadevida.com.ar\/portalurbano\/mas-de-dos-mil-vecinos-participaron-de-la-eleccion-de-delegados\/\" \/>\n<meta property=\"og:locale\" content=\"es_ES\" \/>\n<meta property=\"og:type\" content=\"article\" \/>\n<meta property=\"og:title\" content=\"M\u00e1s de dos mil vecinos participaron de la elecci\u00f3n de delegados\" \/>\n<meta property=\"og:description\" content=\"M\u00e1s de dos mil vecinos participaron de la Elecci\u00f3n de Delegados, este domingo 10 de abril se llev\u00f3 a cabo la segunda Elecci\u00f3n\" \/>\n<meta property=\"og:url\" content=\"https:\/\/experienciadevida.com.ar\/portalurbano\/mas-de-dos-mil-vecinos-participaron-de-la-eleccion-de-delegados\/\" \/>\n<meta property=\"article:publisher\" content=\"https:\/\/www.facebook.com\/Portal-Urbano-171542830093757\/\" \/>\n<meta property=\"article:published_time\" content=\"2022-04-10T22:51:31+00:00\" \/>\n<meta property=\"article:modified_time\" content=\"2022-04-10T22:53:09+00:00\" \/>\n<meta property=\"og:image\" content=\"https:\/\/experienciadevida.com.ar\/portalurbano\/wp-content\/uploads\/2022\/04\/Mas-de-dos-mil.jpg\" \/>\n\t<meta property=\"og:image:width\" content=\"2560\" \/>\n\t<meta property=\"og:image:height\" content=\"1711\" \/>\n\t<meta property=\"og:image:type\" content=\"image\/jpeg\" \/>\n<meta name=\"author\" content=\"admpu17wp\" \/>\n<meta name=\"twitter:card\" content=\"summary_large_image\" \/>\n<meta name=\"twitter:creator\" content=\"@portalurbanook\" \/>\n<meta name=\"twitter:site\" content=\"@portalurbanook\" \/>\n<meta name=\"twitter:label1\" content=\"Escrito por\" \/>\n\t<meta name=\"twitter:data1\" content=\"admpu17wp\" \/>\n\t<meta name=\"twitter:label2\" content=\"Tiempo de lectura\" \/>\n\t<meta name=\"twitter:data2\" content=\"2 minutos\" \/>\n<script type=\"application\/ld+json\" class=\"yoast-schema-graph\">{\"@context\":\"https:\/\/schema.org\",\"@graph\":[{\"@type\":\"Article\",\"@id\":\"https:\/\/experienciadevida.com.ar\/portalurbano\/mas-de-dos-mil-vecinos-participaron-de-la-eleccion-de-delegados\/#article\",\"isPartOf\":{\"@id\":\"https:\/\/experienciadevida.com.ar\/portalurbano\/mas-de-dos-mil-vecinos-participaron-de-la-eleccion-de-delegados\/\"},\"author\":{\"name\":\"admpu17wp\",\"@id\":\"https:\/\/experienciadevida.com.ar\/portalurbano\/#\/schema\/person\/02dd326b1c4b056e9cc972486934a3a7\"},\"headline\":\"M\u00e1s de dos mil vecinos participaron de la Elecci\u00f3n de Delegados\",\"datePublished\":\"2022-04-10T22:51:31+00:00\",\"dateModified\":\"2022-04-10T22:53:09+00:00\",\"mainEntityOfPage\":{\"@id\":\"https:\/\/experienciadevida.com.ar\/portalurbano\/mas-de-dos-mil-vecinos-participaron-de-la-eleccion-de-delegados\/\"},\"wordCount\":308,\"publisher\":{\"@id\":\"https:\/\/experienciadevida.com.ar\/portalurbano\/#organization\"},\"articleSection\":[\"Ciudad\",\"Destacadas\"],\"inLanguage\":\"es\"},{\"@type\":\"WebPage\",\"@id\":\"https:\/\/experienciadevida.com.ar\/portalurbano\/mas-de-dos-mil-vecinos-participaron-de-la-eleccion-de-delegados\/\",\"url\":\"https:\/\/experienciadevida.com.ar\/portalurbano\/mas-de-dos-mil-vecinos-participaron-de-la-eleccion-de-delegados\/\",\"name\":\"M\u00e1s de dos mil vecinos participaron de la elecci\u00f3n de delegados\",\"isPartOf\":{\"@id\":\"https:\/\/experienciadevida.com.ar\/portalurbano\/#website\"},\"datePublished\":\"2022-04-10T22:51:31+00:00\",\"dateModified\":\"2022-04-10T22:53:09+00:00\",\"description\":\"M\u00e1s de dos mil vecinos participaron de la Elecci\u00f3n de Delegados, este domingo 10 de abril se llev\u00f3 a cabo la segunda Elecci\u00f3n\",\"breadcrumb\":{\"@id\":\"https:\/\/experienciadevida.com.ar\/portalurbano\/mas-de-dos-mil-vecinos-participaron-de-la-eleccion-de-delegados\/#breadcrumb\"},\"inLanguage\":\"es\",\"potentialAction\":[{\"@type\":\"ReadAction\",\"target\":[\"https:\/\/experienciadevida.com.ar\/portalurbano\/mas-de-dos-mil-vecinos-participaron-de-la-eleccion-de-delegados\/\"]}]},{\"@type\":\"BreadcrumbList\",\"@id\":\"https:\/\/experienciadevida.com.ar\/portalurbano\/mas-de-dos-mil-vecinos-participaron-de-la-eleccion-de-delegados\/#breadcrumb\",\"itemListElement\":[{\"@type\":\"ListItem\",\"position\":1,\"name\":\"Portada\",\"item\":\"https:\/\/experienciadevida.com.ar\/portalurbano\/\"},{\"@type\":\"ListItem\",\"position\":2,\"name\":\"M\u00e1s de dos mil vecinos participaron de la Elecci\u00f3n de Delegados\"}]},{\"@type\":\"WebSite\",\"@id\":\"https:\/\/experienciadevida.com.ar\/portalurbano\/#website\",\"url\":\"https:\/\/experienciadevida.com.ar\/portalurbano\/\",\"name\":\"\",\"description\":\"\",\"publisher\":{\"@id\":\"https:\/\/experienciadevida.com.ar\/portalurbano\/#organization\"},\"potentialAction\":[{\"@type\":\"SearchAction\",\"target\":{\"@type\":\"EntryPoint\",\"urlTemplate\":\"https:\/\/experienciadevida.com.ar\/portalurbano\/?s={search_term_string}\"},\"query-input\":\"required name=search_term_string\"}],\"inLanguage\":\"es\"},{\"@type\":\"Organization\",\"@id\":\"https:\/\/experienciadevida.com.ar\/portalurbano\/#organization\",\"name\":\"Portal Urbano\",\"url\":\"https:\/\/experienciadevida.com.ar\/portalurbano\/\",\"logo\":{\"@type\":\"ImageObject\",\"inLanguage\":\"es\",\"@id\":\"https:\/\/experienciadevida.com.ar\/portalurbano\/#\/schema\/logo\/image\/\",\"url\":\"https:\/\/experienciadevida.com.ar\/portalurbano\/wp-content\/uploads\/2019\/09\/Logo-Original.png\",\"contentUrl\":\"https:\/\/experienciadevida.com.ar\/portalurbano\/wp-content\/uploads\/2019\/09\/Logo-Original.png\",\"width\":2236,\"height\":1216,\"caption\":\"Portal Urbano\"},\"image\":{\"@id\":\"https:\/\/experienciadevida.com.ar\/portalurbano\/#\/schema\/logo\/image\/\"},\"sameAs\":[\"https:\/\/www.facebook.com\/Portal-Urbano-171542830093757\/\",\"https:\/\/twitter.com\/portalurbanook\",\"https:\/\/www.instagram.com\/_portalurbano\/\",\"https:\/\/www.youtube.com\/channel\/UCXhagIfszH8KxFiOok79zbA?view_as=subscriber\"]},{\"@type\":\"Person\",\"@id\":\"https:\/\/experienciadevida.com.ar\/portalurbano\/#\/schema\/person\/02dd326b1c4b056e9cc972486934a3a7\",\"name\":\"admpu17wp\",\"image\":{\"@type\":\"ImageObject\",\"inLanguage\":\"es\",\"@id\":\"https:\/\/experienciadevida.com.ar\/portalurbano\/#\/schema\/person\/image\/\",\"url\":\"https:\/\/secure.gravatar.com\/avatar\/830d4c57adaae6630765e449a6908047?s=96&d=mm&r=g\",\"contentUrl\":\"https:\/\/secure.gravatar.com\/avatar\/830d4c57adaae6630765e449a6908047?s=96&d=mm&r=g\",\"caption\":\"admpu17wp\"}}]}<\/script>\n<!-- \/ Yoast SEO plugin. -->","yoast_head_json":{"title":"M\u00e1s de dos mil vecinos participaron de la elecci\u00f3n de delegados","description":"M\u00e1s de dos mil vecinos participaron de la Elecci\u00f3n de Delegados, este domingo 10 de abril se llev\u00f3 a cabo la segunda Elecci\u00f3n","robots":{"index":"index","follow":"follow","max-snippet":"max-snippet:-1","max-image-preview":"max-image-preview:large","max-video-preview":"max-video-preview:-1"},"canonical":"https:\/\/experienciadevida.com.ar\/portalurbano\/mas-de-dos-mil-vecinos-participaron-de-la-eleccion-de-delegados\/","og_locale":"es_ES","og_type":"article","og_title":"M\u00e1s de dos mil vecinos participaron de la elecci\u00f3n de delegados","og_description":"M\u00e1s de dos mil vecinos participaron de la Elecci\u00f3n de Delegados, este domingo 10 de abril se llev\u00f3 a cabo la segunda Elecci\u00f3n","og_url":"https:\/\/experienciadevida.com.ar\/portalurbano\/mas-de-dos-mil-vecinos-participaron-de-la-eleccion-de-delegados\/","article_publisher":"https:\/\/www.facebook.com\/Portal-Urbano-171542830093757\/","article_published_time":"2022-04-10T22:51:31+00:00","article_modified_time":"2022-04-10T22:53:09+00:00","og_image":[{"width":2560,"height":1711,"url":"https:\/\/experienciadevida.com.ar\/portalurbano\/wp-content\/uploads\/2022\/04\/Mas-de-dos-mil.jpg","type":"image\/jpeg"}],"author":"admpu17wp","twitter_card":"summary_large_image","twitter_creator":"@portalurbanook","twitter_site":"@portalurbanook","twitter_misc":{"Escrito por":"admpu17wp","Tiempo de lectura":"2 minutos"},"schema":{"@context":"https:\/\/schema.org","@graph":[{"@type":"Article","@id":"https:\/\/experienciadevida.com.ar\/portalurbano\/mas-de-dos-mil-vecinos-participaron-de-la-eleccion-de-delegados\/#article","isPartOf":{"@id":"https:\/\/experienciadevida.com.ar\/portalurbano\/mas-de-dos-mil-vecinos-participaron-de-la-eleccion-de-delegados\/"},"author":{"name":"admpu17wp","@id":"https:\/\/experienciadevida.com.ar\/portalurbano\/#\/schema\/person\/02dd326b1c4b056e9cc972486934a3a7"},"headline":"M\u00e1s de dos mil vecinos participaron de la Elecci\u00f3n de Delegados","datePublished":"2022-04-10T22:51:31+00:00","dateModified":"2022-04-10T22:53:09+00:00","mainEntityOfPage":{"@id":"https:\/\/experienciadevida.com.ar\/portalurbano\/mas-de-dos-mil-vecinos-participaron-de-la-eleccion-de-delegados\/"},"wordCount":308,"publisher":{"@id":"https:\/\/experienciadevida.com.ar\/portalurbano\/#organization"},"articleSection":["Ciudad","Destacadas"],"inLanguage":"es"},{"@type":"WebPage","@id":"https:\/\/experienciadevida.com.ar\/portalurbano\/mas-de-dos-mil-vecinos-participaron-de-la-eleccion-de-delegados\/","url":"https:\/\/experienciadevida.com.ar\/portalurbano\/mas-de-dos-mil-vecinos-participaron-de-la-eleccion-de-delegados\/","name":"M\u00e1s de dos mil vecinos participaron de la elecci\u00f3n de delegados","isPartOf":{"@id":"https:\/\/experienciadevida.com.ar\/portalurbano\/#website"},"datePublished":"2022-04-10T22:51:31+00:00","dateModified":"2022-04-10T22:53:09+00:00","description":"M\u00e1s de dos mil vecinos participaron de la Elecci\u00f3n de Delegados, este domingo 10 de abril se llev\u00f3 a cabo la segunda Elecci\u00f3n","breadcrumb":{"@id":"https:\/\/experienciadevida.com.ar\/portalurbano\/mas-de-dos-mil-vecinos-participaron-de-la-eleccion-de-delegados\/#breadcrumb"},"inLanguage":"es","potentialAction":[{"@type":"ReadAction","target":["https:\/\/experienciadevida.com.ar\/portalurbano\/mas-de-dos-mil-vecinos-participaron-de-la-eleccion-de-delegados\/"]}]},{"@type":"BreadcrumbList","@id":"https:\/\/experienciadevida.com.ar\/portalurbano\/mas-de-dos-mil-vecinos-participaron-de-la-eleccion-de-delegados\/#breadcrumb","itemListElement":[{"@type":"ListItem","position":1,"name":"Portada","item":"https:\/\/experienciadevida.com.ar\/portalurbano\/"},{"@type":"ListItem","position":2,"name":"M\u00e1s de dos mil vecinos participaron de la Elecci\u00f3n de Delegados"}]},{"@type":"WebSite","@id":"https:\/\/experienciadevida.com.ar\/portalurbano\/#website","url":"https:\/\/experienciadevida.com.ar\/portalurbano\/","name":"","description":"","publisher":{"@id":"https:\/\/experienciadevida.com.ar\/portalurbano\/#organization"},"potentialAction":[{"@type":"SearchAction","target":{"@type":"EntryPoint","urlTemplate":"https:\/\/experienciadevida.com.ar\/portalurbano\/?s={search_term_string}"},"query-input":"required name=search_term_string"}],"inLanguage":"es"},{"@type":"Organization","@id":"https:\/\/experienciadevida.com.ar\/portalurbano\/#organization","name":"Portal Urbano","url":"https:\/\/experienciadevida.com.ar\/portalurbano\/","logo":{"@type":"ImageObject","inLanguage":"es","@id":"https:\/\/experienciadevida.com.ar\/portalurbano\/#\/schema\/logo\/image\/","url":"https:\/\/experienciadevida.com.ar\/portalurbano\/wp-content\/uploads\/2019\/09\/Logo-Original.png","contentUrl":"https:\/\/experienciadevida.com.ar\/portalurbano\/wp-content\/uploads\/2019\/09\/Logo-Original.png","width":2236,"height":1216,"caption":"Portal Urbano"},"image":{"@id":"https:\/\/experienciadevida.com.ar\/portalurbano\/#\/schema\/logo\/image\/"},"sameAs":["https:\/\/www.facebook.com\/Portal-Urbano-171542830093757\/","https:\/\/twitter.com\/portalurbanook","https:\/\/www.instagram.com\/_portalurbano\/","https:\/\/www.youtube.com\/channel\/UCXhagIfszH8KxFiOok79zbA?view_as=subscriber"]},{"@type":"Person","@id":"https:\/\/experienciadevida.com.ar\/portalurbano\/#\/schema\/person\/02dd326b1c4b056e9cc972486934a3a7","name":"admpu17wp","image":{"@type":"ImageObject","inLanguage":"es","@id":"https:\/\/experienciadevida.com.ar\/portalurbano\/#\/schema\/person\/image\/","url":"https:\/\/secure.gravatar.com\/avatar\/830d4c57adaae6630765e449a6908047?s=96&d=mm&r=g","contentUrl":"https:\/\/secure.gravatar.com\/avatar\/830d4c57adaae6630765e449a6908047?s=96&d=mm&r=g","caption":"admpu17wp"}}]}},"featured_image_urls":{"full":["https:\/\/experienciadevida.com.ar\/portalurbano\/wp-content\/uploads\/2022\/04\/Mas-de-dos-mil.jpg",2560,1711,false],"thumbnail":["https:\/\/experienciadevida.com.ar\/portalurbano\/wp-content\/uploads\/2022\/04\/Mas-de-dos-mil-150x150.jpg",150,150,true],"medium":["https:\/\/experienciadevida.com.ar\/portalurbano\/wp-content\/uploads\/2022\/04\/Mas-de-dos-mil-300x201.jpg",300,201,true],"medium_large":["https:\/\/experienciadevida.com.ar\/portalurbano\/wp-content\/uploads\/2022\/04\/Mas-de-dos-mil-768x513.jpg",640,428,true],"large":["https:\/\/experienciadevida.com.ar\/portalurbano\/wp-content\/uploads\/2022\/04\/Mas-de-dos-mil-1024x684.jpg",640,428,true],"ug_big":["https:\/\/experienciadevida.com.ar\/portalurbano\/wp-content\/uploads\/2022\/04\/Mas-de-dos-mil-768x513.jpg",768,513,true],"1536x1536":["https:\/\/experienciadevida.com.ar\/portalurbano\/wp-content\/uploads\/2022\/04\/Mas-de-dos-mil-1536x1027.jpg",1536,1027,true],"2048x2048":["https:\/\/experienciadevida.com.ar\/portalurbano\/wp-content\/uploads\/2022\/04\/Mas-de-dos-mil-2048x1369.jpg",2048,1369,true],"newsever-slider-full":["https:\/\/experienciadevida.com.ar\/portalurbano\/wp-content\/uploads\/2022\/04\/Mas-de-dos-mil.jpg",1264,845,false],"newsever-featured":["https:\/\/experienciadevida.com.ar\/portalurbano\/wp-content\/uploads\/2022\/04\/Mas-de-dos-mil.jpg",1024,684,false],"newsever-medium":["https:\/\/experienciadevida.com.ar\/portalurbano\/wp-content\/uploads\/2022\/04\/Mas-de-dos-mil.jpg",711,475,false],"web-stories-poster-portrait":["https:\/\/experienciadevida.com.ar\/portalurbano\/wp-content\/uploads\/2022\/04\/Mas-de-dos-mil.jpg",640,428,false],"web-stories-publisher-logo":["https:\/\/experienciadevida.com.ar\/portalurbano\/wp-content\/uploads\/2022\/04\/Mas-de-dos-mil.jpg",96,64,false],"web-stories-thumbnail":["https:\/\/experienciadevida.com.ar\/portalurbano\/wp-content\/uploads\/2022\/04\/Mas-de-dos-mil.jpg",150,100,false]},"author_info":{"display_name":"admpu17wp","author_link":"https:\/\/experienciadevida.com.ar\/portalurbano\/author\/admpu17wp\/"},"category_info":"<a href=\"https:\/\/experienciadevida.com.ar\/portalurbano\/category\/ciudad\/\" rel=\"category tag\">Ciudad<\/a> <a href=\"https:\/\/experienciadevida.com.ar\/portalurbano\/category\/destacadas\/\" rel=\"category tag\">Destacadas<\/a>","tag_info":"Destacadas","comment_count":"0","amp_enabled":true,"_links":{"self":[{"href":"https:\/\/experienciadevida.com.ar\/portalurbano\/wp-json\/wp\/v2\/posts\/165413"}],"collection":[{"href":"https:\/\/experienciadevida.com.ar\/portalurbano\/wp-json\/wp\/v2\/posts"}],"about":[{"href":"https:\/\/experienciadevida.com.ar\/portalurbano\/wp-json\/wp\/v2\/types\/post"}],"author":[{"embeddable":true,"href":"https:\/\/experienciadevida.com.ar\/portalurbano\/wp-json\/wp\/v2\/users\/1"}],"replies":[{"embeddable":true,"href":"https:\/\/experienciadevida.com.ar\/portalurbano\/wp-json\/wp\/v2\/comments?post=165413"}],"version-history":[{"count":3,"href":"https:\/\/experienciadevida.com.ar\/portalurbano\/wp-json\/wp\/v2\/posts\/165413\/revisions"}],"predecessor-version":[{"id":165418,"href":"https:\/\/experienciadevida.com.ar\/portalurbano\/wp-json\/wp\/v2\/posts\/165413\/revisions\/165418"}],"wp:featuredmedia":[{"embeddable":true,"href":"https:\/\/experienciadevida.com.ar\/portalurbano\/wp-json\/wp\/v2\/media\/165414"}],"wp:attachment":[{"href":"https:\/\/experienciadevida.com.ar\/portalurbano\/wp-json\/wp\/v2\/media?parent=165413"}],"wp:term":[{"taxonomy":"category","embeddable":true,"href":"https:\/\/experienciadevida.com.ar\/portalurbano\/wp-json\/wp\/v2\/categories?post=165413"},{"taxonomy":"post_tag","embeddable":true,"href":"https:\/\/experienciadevida.com.ar\/portalurbano\/wp-json\/wp\/v2\/tags?post=165413"}],"curies":[{"name":"wp","href":"https:\/\/api.w.org\/{rel}","templated":true}]}}