{"id":165410,"date":"2022-04-10T12:19:08","date_gmt":"2022-04-10T15:19:08","guid":{"rendered":"https:\/\/experienciadevida.com.ar\/portalurbano\/?p=165410"},"modified":"2022-04-10T12:21:22","modified_gmt":"2022-04-10T15:21:22","slug":"el-quirofano-movil-llega-a-villa-mi-serrania","status":"publish","type":"post","link":"https:\/\/experienciadevida.com.ar\/portalurbano\/el-quirofano-movil-llega-a-villa-mi-serrania\/","title":{"rendered":"El Quir\u00f3fano M\u00f3vil llega a Villa Mi Serran\u00eda"},"content":{"rendered":"<p>El Quir\u00f3fano M\u00f3vil llega a Villa Mi Serran\u00eda, desde el lunes 11 y hasta el mi\u00e9rcoles 13 de abril, el Quir\u00f3fano Veterinario M\u00f3vil llegar\u00e1 a Villa Mi Serran\u00eda, para realizar esterilizaciones quir\u00fargicas caninas y felinas.<\/p>\n<p>As\u00ed lo informa la Direcci\u00f3n de Bromatolog\u00eda; al tiempo que agrega que el veh\u00edculo se dispondr\u00e1 en instalaciones del Club Social y Deportivo Defensores, en el horario de 08:30 a 12:00 horas.<\/p>\n<p>Cabe recordar que todas las intervenciones quir\u00fargicas se realizan por medio de turnos previamente acordados, exclusivos para los vecinos de ese sector. Por lo tanto, quienes vivan en la zona, podr\u00e1n tramitar su lugar por mensaje de texto, v\u00eda Whatsapp al 15229029 (L\u00ednea Interactiva).<\/p>\n<p>&nbsp;<\/p>\n","protected":false},"excerpt":{"rendered":"<p>El Quir\u00f3fano M\u00f3vil llega a Villa Mi Serran\u00eda, desde el lunes 11 y hasta el&#8230;<\/p>\n","protected":false},"author":1,"featured_media":81588,"comment_status":"closed","ping_status":"closed","sticky":false,"template":"","format":"standard","meta":{"content-type":""},"categories":[27,51],"tags":[],"nelio_content":{"isAutoShareEnabled":false,"autoShareEndMode":"default","automationSources":{"useContentSentences":true,"useSocialTemplates":true,"useCustomSentences":false,"customSentences":[]},"followers":[1],"suggestedReferences":[],"includedReferences":[],"efiUrl":"","efiAlt":"","highlights":[]},"yoast_head":"<!-- This site is optimized with the Yoast SEO plugin v20.7 - https:\/\/yoast.com\/wordpress\/plugins\/seo\/ -->\n<title>El Quir\u00f3fano m\u00f3vil llega a Villa Mi Serran\u00eda<\/title>\n<meta name=\"description\" content=\"El Quir\u00f3fano M\u00f3vil llega a Villa Mi Serran\u00eda, desde el lunes 11 y hasta el mi\u00e9rcoles 13 de abril, para realizar esterilizaciones quir\u00fargicas\" \/>\n<meta name=\"robots\" content=\"index, follow, max-snippet:-1, max-image-preview:large, max-video-preview:-1\" \/>\n<link rel=\"canonical\" href=\"https:\/\/experienciadevida.com.ar\/portalurbano\/el-quirofano-movil-llega-a-villa-mi-serrania\/\" \/>\n<meta property=\"og:locale\" content=\"es_ES\" \/>\n<meta property=\"og:type\" content=\"article\" \/>\n<meta property=\"og:title\" content=\"El Quir\u00f3fano m\u00f3vil llega a Villa Mi Serran\u00eda\" \/>\n<meta property=\"og:description\" content=\"El Quir\u00f3fano M\u00f3vil llega a Villa Mi Serran\u00eda, desde el lunes 11 y hasta el mi\u00e9rcoles 13 de abril, para realizar esterilizaciones quir\u00fargicas\" \/>\n<meta property=\"og:url\" content=\"https:\/\/experienciadevida.com.ar\/portalurbano\/el-quirofano-movil-llega-a-villa-mi-serrania\/\" \/>\n<meta property=\"article:publisher\" content=\"https:\/\/www.facebook.com\/Portal-Urbano-171542830093757\/\" \/>\n<meta property=\"article:published_time\" content=\"2022-04-10T15:19:08+00:00\" \/>\n<meta property=\"article:modified_time\" content=\"2022-04-10T15:21:22+00:00\" \/>\n<meta property=\"og:image\" content=\"https:\/\/experienciadevida.com.ar\/portalurbano\/wp-content\/uploads\/2019\/08\/Salud-Quirof\u00e1no-M\u00f3vil-1024x683-e1565966633925.jpg\" \/>\n\t<meta property=\"og:image:width\" content=\"765\" \/>\n\t<meta property=\"og:image:height\" content=\"510\" \/>\n\t<meta property=\"og:image:type\" content=\"image\/jpeg\" \/>\n<meta name=\"author\" content=\"admpu17wp\" \/>\n<meta name=\"twitter:card\" content=\"summary_large_image\" \/>\n<meta name=\"twitter:creator\" content=\"@portalurbanook\" \/>\n<meta name=\"twitter:site\" content=\"@portalurbanook\" \/>\n<meta name=\"twitter:label1\" content=\"Escrito por\" \/>\n\t<meta name=\"twitter:data1\" content=\"admpu17wp\" \/>\n\t<meta name=\"twitter:label2\" content=\"Tiempo de lectura\" \/>\n\t<meta name=\"twitter:data2\" content=\"1 minuto\" \/>\n<script type=\"application\/ld+json\" class=\"yoast-schema-graph\">{\"@context\":\"https:\/\/schema.org\",\"@graph\":[{\"@type\":\"Article\",\"@id\":\"https:\/\/experienciadevida.com.ar\/portalurbano\/el-quirofano-movil-llega-a-villa-mi-serrania\/#article\",\"isPartOf\":{\"@id\":\"https:\/\/experienciadevida.com.ar\/portalurbano\/el-quirofano-movil-llega-a-villa-mi-serrania\/\"},\"author\":{\"name\":\"admpu17wp\",\"@id\":\"https:\/\/experienciadevida.com.ar\/portalurbano\/#\/schema\/person\/02dd326b1c4b056e9cc972486934a3a7\"},\"headline\":\"El Quir\u00f3fano M\u00f3vil llega a Villa Mi Serran\u00eda\",\"datePublished\":\"2022-04-10T15:19:08+00:00\",\"dateModified\":\"2022-04-10T15:21:22+00:00\",\"mainEntityOfPage\":{\"@id\":\"https:\/\/experienciadevida.com.ar\/portalurbano\/el-quirofano-movil-llega-a-villa-mi-serrania\/\"},\"wordCount\":133,\"publisher\":{\"@id\":\"https:\/\/experienciadevida.com.ar\/portalurbano\/#organization\"},\"articleSection\":[\"Ciudad\",\"Destacadas\"],\"inLanguage\":\"es\"},{\"@type\":\"WebPage\",\"@id\":\"https:\/\/experienciadevida.com.ar\/portalurbano\/el-quirofano-movil-llega-a-villa-mi-serrania\/\",\"url\":\"https:\/\/experienciadevida.com.ar\/portalurbano\/el-quirofano-movil-llega-a-villa-mi-serrania\/\",\"name\":\"El Quir\u00f3fano m\u00f3vil llega a Villa Mi Serran\u00eda\",\"isPartOf\":{\"@id\":\"https:\/\/experienciadevida.com.ar\/portalurbano\/#website\"},\"datePublished\":\"2022-04-10T15:19:08+00:00\",\"dateModified\":\"2022-04-10T15:21:22+00:00\",\"description\":\"El Quir\u00f3fano M\u00f3vil llega a Villa Mi Serran\u00eda, desde el lunes 11 y hasta el mi\u00e9rcoles 13 de abril, para realizar esterilizaciones quir\u00fargicas\",\"breadcrumb\":{\"@id\":\"https:\/\/experienciadevida.com.ar\/portalurbano\/el-quirofano-movil-llega-a-villa-mi-serrania\/#breadcrumb\"},\"inLanguage\":\"es\",\"potentialAction\":[{\"@type\":\"ReadAction\",\"target\":[\"https:\/\/experienciadevida.com.ar\/portalurbano\/el-quirofano-movil-llega-a-villa-mi-serrania\/\"]}]},{\"@type\":\"BreadcrumbList\",\"@id\":\"https:\/\/experienciadevida.com.ar\/portalurbano\/el-quirofano-movil-llega-a-villa-mi-serrania\/#breadcrumb\",\"itemListElement\":[{\"@type\":\"ListItem\",\"position\":1,\"name\":\"Portada\",\"item\":\"https:\/\/experienciadevida.com.ar\/portalurbano\/\"},{\"@type\":\"ListItem\",\"position\":2,\"name\":\"El Quir\u00f3fano M\u00f3vil llega a Villa Mi Serran\u00eda\"}]},{\"@type\":\"WebSite\",\"@id\":\"https:\/\/experienciadevida.com.ar\/portalurbano\/#website\",\"url\":\"https:\/\/experienciadevida.com.ar\/portalurbano\/\",\"name\":\"\",\"description\":\"\",\"publisher\":{\"@id\":\"https:\/\/experienciadevida.com.ar\/portalurbano\/#organization\"},\"potentialAction\":[{\"@type\":\"SearchAction\",\"target\":{\"@type\":\"EntryPoint\",\"urlTemplate\":\"https:\/\/experienciadevida.com.ar\/portalurbano\/?s={search_term_string}\"},\"query-input\":\"required name=search_term_string\"}],\"inLanguage\":\"es\"},{\"@type\":\"Organization\",\"@id\":\"https:\/\/experienciadevida.com.ar\/portalurbano\/#organization\",\"name\":\"Portal Urbano\",\"url\":\"https:\/\/experienciadevida.com.ar\/portalurbano\/\",\"logo\":{\"@type\":\"ImageObject\",\"inLanguage\":\"es\",\"@id\":\"https:\/\/experienciadevida.com.ar\/portalurbano\/#\/schema\/logo\/image\/\",\"url\":\"https:\/\/experienciadevida.com.ar\/portalurbano\/wp-content\/uploads\/2019\/09\/Logo-Original.png\",\"contentUrl\":\"https:\/\/experienciadevida.com.ar\/portalurbano\/wp-content\/uploads\/2019\/09\/Logo-Original.png\",\"width\":2236,\"height\":1216,\"caption\":\"Portal Urbano\"},\"image\":{\"@id\":\"https:\/\/experienciadevida.com.ar\/portalurbano\/#\/schema\/logo\/image\/\"},\"sameAs\":[\"https:\/\/www.facebook.com\/Portal-Urbano-171542830093757\/\",\"https:\/\/twitter.com\/portalurbanook\",\"https:\/\/www.instagram.com\/_portalurbano\/\",\"https:\/\/www.youtube.com\/channel\/UCXhagIfszH8KxFiOok79zbA?view_as=subscriber\"]},{\"@type\":\"Person\",\"@id\":\"https:\/\/experienciadevida.com.ar\/portalurbano\/#\/schema\/person\/02dd326b1c4b056e9cc972486934a3a7\",\"name\":\"admpu17wp\",\"image\":{\"@type\":\"ImageObject\",\"inLanguage\":\"es\",\"@id\":\"https:\/\/experienciadevida.com.ar\/portalurbano\/#\/schema\/person\/image\/\",\"url\":\"https:\/\/secure.gravatar.com\/avatar\/830d4c57adaae6630765e449a6908047?s=96&d=mm&r=g\",\"contentUrl\":\"https:\/\/secure.gravatar.com\/avatar\/830d4c57adaae6630765e449a6908047?s=96&d=mm&r=g\",\"caption\":\"admpu17wp\"}}]}<\/script>\n<!-- \/ Yoast SEO plugin. -->","yoast_head_json":{"title":"El Quir\u00f3fano m\u00f3vil llega a Villa Mi Serran\u00eda","description":"El Quir\u00f3fano M\u00f3vil llega a Villa Mi Serran\u00eda, desde el lunes 11 y hasta el mi\u00e9rcoles 13 de abril, para realizar esterilizaciones quir\u00fargicas","robots":{"index":"index","follow":"follow","max-snippet":"max-snippet:-1","max-image-preview":"max-image-preview:large","max-video-preview":"max-video-preview:-1"},"canonical":"https:\/\/experienciadevida.com.ar\/portalurbano\/el-quirofano-movil-llega-a-villa-mi-serrania\/","og_locale":"es_ES","og_type":"article","og_title":"El Quir\u00f3fano m\u00f3vil llega a Villa Mi Serran\u00eda","og_description":"El Quir\u00f3fano M\u00f3vil llega a Villa Mi Serran\u00eda, desde el lunes 11 y hasta el mi\u00e9rcoles 13 de abril, para realizar esterilizaciones quir\u00fargicas","og_url":"https:\/\/experienciadevida.com.ar\/portalurbano\/el-quirofano-movil-llega-a-villa-mi-serrania\/","article_publisher":"https:\/\/www.facebook.com\/Portal-Urbano-171542830093757\/","article_published_time":"2022-04-10T15:19:08+00:00","article_modified_time":"2022-04-10T15:21:22+00:00","og_image":[{"width":765,"height":510,"url":"https:\/\/experienciadevida.com.ar\/portalurbano\/wp-content\/uploads\/2019\/08\/Salud-Quirof\u00e1no-M\u00f3vil-1024x683-e1565966633925.jpg","type":"image\/jpeg"}],"author":"admpu17wp","twitter_card":"summary_large_image","twitter_creator":"@portalurbanook","twitter_site":"@portalurbanook","twitter_misc":{"Escrito por":"admpu17wp","Tiempo de lectura":"1 minuto"},"schema":{"@context":"https:\/\/schema.org","@graph":[{"@type":"Article","@id":"https:\/\/experienciadevida.com.ar\/portalurbano\/el-quirofano-movil-llega-a-villa-mi-serrania\/#article","isPartOf":{"@id":"https:\/\/experienciadevida.com.ar\/portalurbano\/el-quirofano-movil-llega-a-villa-mi-serrania\/"},"author":{"name":"admpu17wp","@id":"https:\/\/experienciadevida.com.ar\/portalurbano\/#\/schema\/person\/02dd326b1c4b056e9cc972486934a3a7"},"headline":"El Quir\u00f3fano M\u00f3vil llega a Villa Mi Serran\u00eda","datePublished":"2022-04-10T15:19:08+00:00","dateModified":"2022-04-10T15:21:22+00:00","mainEntityOfPage":{"@id":"https:\/\/experienciadevida.com.ar\/portalurbano\/el-quirofano-movil-llega-a-villa-mi-serrania\/"},"wordCount":133,"publisher":{"@id":"https:\/\/experienciadevida.com.ar\/portalurbano\/#organization"},"articleSection":["Ciudad","Destacadas"],"inLanguage":"es"},{"@type":"WebPage","@id":"https:\/\/experienciadevida.com.ar\/portalurbano\/el-quirofano-movil-llega-a-villa-mi-serrania\/","url":"https:\/\/experienciadevida.com.ar\/portalurbano\/el-quirofano-movil-llega-a-villa-mi-serrania\/","name":"El Quir\u00f3fano m\u00f3vil llega a Villa Mi Serran\u00eda","isPartOf":{"@id":"https:\/\/experienciadevida.com.ar\/portalurbano\/#website"},"datePublished":"2022-04-10T15:19:08+00:00","dateModified":"2022-04-10T15:21:22+00:00","description":"El Quir\u00f3fano M\u00f3vil llega a Villa Mi Serran\u00eda, desde el lunes 11 y hasta el mi\u00e9rcoles 13 de abril, para realizar esterilizaciones quir\u00fargicas","breadcrumb":{"@id":"https:\/\/experienciadevida.com.ar\/portalurbano\/el-quirofano-movil-llega-a-villa-mi-serrania\/#breadcrumb"},"inLanguage":"es","potentialAction":[{"@type":"ReadAction","target":["https:\/\/experienciadevida.com.ar\/portalurbano\/el-quirofano-movil-llega-a-villa-mi-serrania\/"]}]},{"@type":"BreadcrumbList","@id":"https:\/\/experienciadevida.com.ar\/portalurbano\/el-quirofano-movil-llega-a-villa-mi-serrania\/#breadcrumb","itemListElement":[{"@type":"ListItem","position":1,"name":"Portada","item":"https:\/\/experienciadevida.com.ar\/portalurbano\/"},{"@type":"ListItem","position":2,"name":"El Quir\u00f3fano M\u00f3vil llega a Villa Mi Serran\u00eda"}]},{"@type":"WebSite","@id":"https:\/\/experienciadevida.com.ar\/portalurbano\/#website","url":"https:\/\/experienciadevida.com.ar\/portalurbano\/","name":"","description":"","publisher":{"@id":"https:\/\/experienciadevida.com.ar\/portalurbano\/#organization"},"potentialAction":[{"@type":"SearchAction","target":{"@type":"EntryPoint","urlTemplate":"https:\/\/experienciadevida.com.ar\/portalurbano\/?s={search_term_string}"},"query-input":"required name=search_term_string"}],"inLanguage":"es"},{"@type":"Organization","@id":"https:\/\/experienciadevida.com.ar\/portalurbano\/#organization","name":"Portal Urbano","url":"https:\/\/experienciadevida.com.ar\/portalurbano\/","logo":{"@type":"ImageObject","inLanguage":"es","@id":"https:\/\/experienciadevida.com.ar\/portalurbano\/#\/schema\/logo\/image\/","url":"https:\/\/experienciadevida.com.ar\/portalurbano\/wp-content\/uploads\/2019\/09\/Logo-Original.png","contentUrl":"https:\/\/experienciadevida.com.ar\/portalurbano\/wp-content\/uploads\/2019\/09\/Logo-Original.png","width":2236,"height":1216,"caption":"Portal Urbano"},"image":{"@id":"https:\/\/experienciadevida.com.ar\/portalurbano\/#\/schema\/logo\/image\/"},"sameAs":["https:\/\/www.facebook.com\/Portal-Urbano-171542830093757\/","https:\/\/twitter.com\/portalurbanook","https:\/\/www.instagram.com\/_portalurbano\/","https:\/\/www.youtube.com\/channel\/UCXhagIfszH8KxFiOok79zbA?view_as=subscriber"]},{"@type":"Person","@id":"https:\/\/experienciadevida.com.ar\/portalurbano\/#\/schema\/person\/02dd326b1c4b056e9cc972486934a3a7","name":"admpu17wp","image":{"@type":"ImageObject","inLanguage":"es","@id":"https:\/\/experienciadevida.com.ar\/portalurbano\/#\/schema\/person\/image\/","url":"https:\/\/secure.gravatar.com\/avatar\/830d4c57adaae6630765e449a6908047?s=96&d=mm&r=g","contentUrl":"https:\/\/secure.gravatar.com\/avatar\/830d4c57adaae6630765e449a6908047?s=96&d=mm&r=g","caption":"admpu17wp"}}]}},"featured_image_urls":{"full":["https:\/\/experienciadevida.com.ar\/portalurbano\/wp-content\/uploads\/2019\/08\/Salud-Quirof\u00e1no-M\u00f3vil-1024x683-e1565966633925.jpg",765,510,false],"thumbnail":["https:\/\/experienciadevida.com.ar\/portalurbano\/wp-content\/uploads\/2019\/08\/Salud-Quirof\u00e1no-M\u00f3vil-1024x683-150x150.jpg",150,150,true],"medium":["https:\/\/experienciadevida.com.ar\/portalurbano\/wp-content\/uploads\/2019\/08\/Salud-Quirof\u00e1no-M\u00f3vil-1024x683-300x200.jpg",300,200,true],"medium_large":["https:\/\/experienciadevida.com.ar\/portalurbano\/wp-content\/uploads\/2019\/08\/Salud-Quirof\u00e1no-M\u00f3vil-1024x683-768x512.jpg",640,427,true],"large":["https:\/\/experienciadevida.com.ar\/portalurbano\/wp-content\/uploads\/2019\/08\/Salud-Quirof\u00e1no-M\u00f3vil-1024x683-1024x683.jpg",640,427,true],"ug_big":["https:\/\/experienciadevida.com.ar\/portalurbano\/wp-content\/uploads\/2019\/08\/Salud-Quirof\u00e1no-M\u00f3vil-1024x683-768x512.jpg",768,512,true],"1536x1536":["https:\/\/experienciadevida.com.ar\/portalurbano\/wp-content\/uploads\/2019\/08\/Salud-Quirof\u00e1no-M\u00f3vil-1024x683-e1565966633925.jpg",765,510,false],"2048x2048":["https:\/\/experienciadevida.com.ar\/portalurbano\/wp-content\/uploads\/2019\/08\/Salud-Quirof\u00e1no-M\u00f3vil-1024x683-e1565966633925.jpg",765,510,false],"newsever-slider-full":["https:\/\/experienciadevida.com.ar\/portalurbano\/wp-content\/uploads\/2019\/08\/Salud-Quirof\u00e1no-M\u00f3vil-1024x683-e1565966633925.jpg",765,510,false],"newsever-featured":["https:\/\/experienciadevida.com.ar\/portalurbano\/wp-content\/uploads\/2019\/08\/Salud-Quirof\u00e1no-M\u00f3vil-1024x683-e1565966633925.jpg",765,510,false],"newsever-medium":["https:\/\/experienciadevida.com.ar\/portalurbano\/wp-content\/uploads\/2019\/08\/Salud-Quirof\u00e1no-M\u00f3vil-1024x683-e1565966633925.jpg",713,475,false],"web-stories-poster-portrait":["https:\/\/experienciadevida.com.ar\/portalurbano\/wp-content\/uploads\/2019\/08\/Salud-Quirof\u00e1no-M\u00f3vil-1024x683-e1565966633925.jpg",640,427,false],"web-stories-publisher-logo":["https:\/\/experienciadevida.com.ar\/portalurbano\/wp-content\/uploads\/2019\/08\/Salud-Quirof\u00e1no-M\u00f3vil-1024x683-e1565966633925.jpg",96,64,false],"web-stories-thumbnail":["https:\/\/experienciadevida.com.ar\/portalurbano\/wp-content\/uploads\/2019\/08\/Salud-Quirof\u00e1no-M\u00f3vil-1024x683-e1565966633925.jpg",150,100,false]},"author_info":{"display_name":"admpu17wp","author_link":"https:\/\/experienciadevida.com.ar\/portalurbano\/author\/admpu17wp\/"},"category_info":"<a href=\"https:\/\/experienciadevida.com.ar\/portalurbano\/category\/ciudad\/\" rel=\"category tag\">Ciudad<\/a> <a href=\"https:\/\/experienciadevida.com.ar\/portalurbano\/category\/destacadas\/\" rel=\"category tag\">Destacadas<\/a>","tag_info":"Destacadas","comment_count":"0","amp_enabled":true,"_links":{"self":[{"href":"https:\/\/experienciadevida.com.ar\/portalurbano\/wp-json\/wp\/v2\/posts\/165410"}],"collection":[{"href":"https:\/\/experienciadevida.com.ar\/portalurbano\/wp-json\/wp\/v2\/posts"}],"about":[{"href":"https:\/\/experienciadevida.com.ar\/portalurbano\/wp-json\/wp\/v2\/types\/post"}],"author":[{"embeddable":true,"href":"https:\/\/experienciadevida.com.ar\/portalurbano\/wp-json\/wp\/v2\/users\/1"}],"replies":[{"embeddable":true,"href":"https:\/\/experienciadevida.com.ar\/portalurbano\/wp-json\/wp\/v2\/comments?post=165410"}],"version-history":[{"count":2,"href":"https:\/\/experienciadevida.com.ar\/portalurbano\/wp-json\/wp\/v2\/posts\/165410\/revisions"}],"predecessor-version":[{"id":165412,"href":"https:\/\/experienciadevida.com.ar\/portalurbano\/wp-json\/wp\/v2\/posts\/165410\/revisions\/165412"}],"wp:featuredmedia":[{"embeddable":true,"href":"https:\/\/experienciadevida.com.ar\/portalurbano\/wp-json\/wp\/v2\/media\/81588"}],"wp:attachment":[{"href":"https:\/\/experienciadevida.com.ar\/portalurbano\/wp-json\/wp\/v2\/media?parent=165410"}],"wp:term":[{"taxonomy":"category","embeddable":true,"href":"https:\/\/experienciadevida.com.ar\/portalurbano\/wp-json\/wp\/v2\/categories?post=165410"},{"taxonomy":"post_tag","embeddable":true,"href":"https:\/\/experienciadevida.com.ar\/portalurbano\/wp-json\/wp\/v2\/tags?post=165410"}],"curies":[{"name":"wp","href":"https:\/\/api.w.org\/{rel}","templated":true}]}}