{"id":165405,"date":"2022-04-10T12:12:41","date_gmt":"2022-04-10T15:12:41","guid":{"rendered":"https:\/\/experienciadevida.com.ar\/portalurbano\/?p=165405"},"modified":"2022-04-10T12:17:31","modified_gmt":"2022-04-10T15:17:31","slug":"asi-seran-los-nuevos-recorridos-del-transporte-interurbano","status":"publish","type":"post","link":"https:\/\/experienciadevida.com.ar\/portalurbano\/asi-seran-los-nuevos-recorridos-del-transporte-interurbano\/","title":{"rendered":"As\u00ed ser\u00e1n los nuevos recorridos del transporte interurbano"},"content":{"rendered":"<p>As\u00ed ser\u00e1n los nuevos recorridos del transporte interurbano, con el inicio del mes de mayo dar\u00e1 comienzo el nuevo servicio de transporte interurbano a cargo de la empresa \u201cLas Sierras de Olavarr\u00eda SRL\u201d, que estar\u00e1 al frente de la concesi\u00f3n durante los pr\u00f3ximos 12 a\u00f1os.<\/p>\n<p>Se recuerda que en el trabajo desarrollado previamente a realizarse el pliego de bases y condiciones, se mantuvieron reuniones en las localidades con los vecinos donde plantearon algunas reformas a los recorridos vigentes. Esos encuentros fueron encabezados por el Subsecretario de Gobierno local, <a href=\"https:\/\/www.instagram.com\/milovitale\/?hl=es-la\">Emilio Vitale<\/a>. Tambi\u00e9n participaron concejales de los distintos bloques pol\u00edticos que integran el Concejo Deliberante.<\/p>\n<p>As\u00ed ser\u00e1n los nuevos recorridos del transporte interurbano, \u201cSon cambios puntuales en un par de l\u00edneas determinadas, el grueso de los recorridos seguir\u00e1n siendo los mismos. Es importante que los usuarios vayan familiariz\u00e1ndose porque en unos d\u00edas estos nuevos recorridos est\u00e1n en vigencia\u201d, remarc\u00f3 al respecto el director administrativo Enzo Russo.<\/p>\n<p>Recorridos seg\u00fan l\u00ednea:<\/p>\n<p>509 (Loma Negra \/ Villa Mi Serran\u00eda)<\/p>\n<p>Ida<\/p>\n<p>Terminal de \u00f3mnibus de Olavarr\u00eda \u2013 Av. Pr\u00edngales- Av Colon \u2013 Alsina \u2013 Av. Del valle \u2013 Autopista Luciano Fortabat \u2013 Ruta Provincial 51 \u2013 Juan Pablo Primero \u2013 Almirante Brown \u2013 Libertad \u2013 Juan Becker \u2013 Luciano Fortabat \u2013 Ruta Provincial 51 \u2013 Don Enrique Vega (Villa Mi serran\u00eda) \u2013<\/p>\n<p>Regreso<\/p>\n<p>Salida de Villa Mi Serran\u00eda por Ruta 51 hasta Av. Luciano Fortabat \u2013 Plaza De la Eficiencia y el trabajo \u2013 Neuqu\u00e9n \u2013 Santa Elena \u2013 Av. Luciano Fortabat \u2013 Becker \u2013 Av. Libertad \u2013 Almirante Brown \u2013 Juan Pablo I \u2013 Ruta Provincial N\u00ba 51 \u2013 Autopista Luciano Fortabat \u2013 Av. Del Valle \u2013 Moreno \u2013 Av. Col\u00f3n \u2013 Av. Pr\u00edngles hasta Terminal de \u00f3mnibus de la ciudad de Olavarr\u00eda.<\/p>\n<p>510 (Sierras Bayas \/ Colonia San Miguel)<\/p>\n<p>Ida<\/p>\n<p>Terminal de \u00f3mnibus de la ciudad de Olavarr\u00eda \u2013 Av. Pr\u00edngales- Av. Colon \u2013Alsina \u2013 Av. Del valle \u2013 Luciano Fortabat \u2013 Ruta Provincial 51 \u2013 ingreso a Sierras bayas \u2013 DR. Manuel Smirnof \u2013 Monse\u00f1or Cesar Canev\u00e1 \u2013 Napole\u00f3n Uriburu \u2013 Julio Argentino Roca \u2013 San Martin \u2013 Domingo Faustino Sarmiento \u2013 Miguel Ju\u00e1rez Celman \u2013 Maestro Mujica \u2013 Alfonso Aust \u2013 Federico Dieterle \u2013 11 de febrero \u2013 Miguel Ju\u00e1rez Celman \u2013 Domingo Faustino sarmiento \u2013 San Martin \u2013 Camino Ruta colonia San Miguel \u2013 Los Fundadores \u2013 San Miguel de Arcangel \u2013 San Martin \u2013 Santa Rosa \u2013 Regresando a la terminal de la Localidad en Av. Rivadavia.<\/p>\n<p>Regreso<\/p>\n<p>Salida desde Cnia. San Miguel desde San Miguel Arc\u00e1ngel y Los Fundadores \u2013 Santa Rosa \u2013 Camino hacia Sierras Bayas \u2013 Terminal de la Localidad en Av. Rivadavia \u2013 Ambrosio Colombo \u2013 calle Roca \u2013 Napole\u00f3n Uriburu \u2013 Monse\u00f1or Cesar C\u00e1neva \u2013 Manuel Smirnof \u2013 Acceso a Sierras Bayas \u2013 Ruta Provincial 51 \u2013 Luciano Fortabat \u2013 Av. Del Valle \u2013 Moreno \u2013 Av. Colon \u2013 Av. Pr\u00edngles \u2013 terminal de \u00d3mnibus.<\/p>\n<p>514 A \u2013 (Hinojo \/ Colonia Hinojo)<\/p>\n<p>Ida<\/p>\n<p>Salida desde la Terminal de la ciudad de Olavarr\u00eda por Av. Pr\u00edngles \u2013 Av. Del Valle \u2013 Moreno \u2013 Av. Sarmiento \u2013 Av. Pr\u00edngles \u2013 Av. Dante y Torcuato Emiliozzi \u2013 Camino Uni\u00f3n de los Pueblos hasta la localidad de Sierra Chica \u2013 Av. De los Fundadores \u2013 Av. Vezza D\u00b4Oglio \u2013 Av. Pedro Legorburu \u2013 Av. Centenario \u2013 Av. Uni\u00f3n de los Pueblos (Colonia Hinojo ingresando por Av. De Los Fundadores) \u2013 J. Scharce \u2013 Santa Mar\u00eda \u2013 Av. Uni\u00f3n de los Pueblos (Hinojo ingresando por Av. A. Colella) \u2013 Av. Libertad \u2013 Av. Crotto \u2013 Av. D. Spinetto.<\/p>\n<p>Vuelta<\/p>\n<p>Salida desde Av. D. Spinetto \u2013 Av. Crotto \u2013 Av. Libertad \u2013 Av. A. Colella (por esta hasta Camino Uni\u00f3n de los Pueblos, Colonia Hinojo) \u2013 Santa Mar\u00eda \u2013 J. Scharce \u2013 Av. De Los Fundadores (hasta Sierra Chica) \u2013 Av. Uni\u00f3n de los Pueblos \u2013 Av. Centenario \u2013 39 Bis \u2013 Julio Argentino Roca \u2013 calle 35 \u2013 Av. Centenario \u2013 Av. P. Legorburu \u2013 Av. Vezza D\u00b4Oglio \u2013 Av. De los Fundadores \u2013 Av. Dante y Torcuato Emiliozzi \u2013 Av. Pringles \u2013 Av. Sarmiento \u2013 Rivadavia \u2013 Av. Col\u00f3n \u2013 Alsina \u2013 Av. Del Valle \u2013 Av. Pringles hasta Terminal de la ciudad de Olavarr\u00eda.<\/p>\n<p>514 B \u2013 (Sierra Chica)<\/p>\n<p>Ida<\/p>\n<p>Salida desde la Terminal de la ciudad de Olavarr\u00eda por Av. Pringles \u2013 Av. Del Valle \u2013 Moreno \u2013 Av. Sarmiento \u2013 Av. Pringles \u2013 Av. Dante y Torcuato Emiliozzi \u2013 Camino Uni\u00f3n de los Pueblos (hasta la localidad de Sierra Chica) por Av. De los Fundadores \u2013 Av. Vezza D \u0301Oglio \u2013 Av. Pedro Legorburu \u2013 Miguel Costa \u2013 Mitre \u2013 Av. Centenario \u2013 Calle 35 \u2013 Av. Julio A. Roca \u2013 Calle 39 Bis<\/p>\n<p>Regreso<\/p>\n<p>Av. Uni\u00f3n de los Pueblos \u2013 Av. Centenario \u2013 Av. P. Legorburu \u2013 Av. Vezza D\u00b4Oglio \u2013 Av. De los Fundadores \u2013 Av. Dante y Torcuato Emiliozzi \u2013 Av. Pringles<\/p>\n","protected":false},"excerpt":{"rendered":"<p>As\u00ed ser\u00e1n los nuevos recorridos del transporte interurbano, con el inicio del mes de mayo&#8230;<\/p>\n","protected":false},"author":1,"featured_media":165406,"comment_status":"closed","ping_status":"closed","sticky":false,"template":"","format":"standard","meta":{"content-type":""},"categories":[27,64],"tags":[],"nelio_content":{"isAutoShareEnabled":false,"autoShareEndMode":"default","automationSources":{"useContentSentences":true,"useSocialTemplates":true,"useCustomSentences":false,"customSentences":[]},"followers":[1],"suggestedReferences":[],"includedReferences":["https:\/\/www.instagram.com\/milovitale\/?hl=es-la"],"efiUrl":"","efiAlt":"","highlights":[]},"yoast_head":"<!-- This site is optimized with the Yoast SEO plugin v20.7 - https:\/\/yoast.com\/wordpress\/plugins\/seo\/ -->\n<title>As\u00ed ser\u00e1n los nuevos recorridos del transporte interurbano<\/title>\n<meta name=\"description\" content=\"As\u00ed ser\u00e1n los nuevos recorridos del transporte interurbano, con el inicio del mes de mayo dar\u00e1 comienzo el nuevo servicio de transporte\" \/>\n<meta name=\"robots\" content=\"index, follow, max-snippet:-1, max-image-preview:large, max-video-preview:-1\" \/>\n<link rel=\"canonical\" href=\"https:\/\/experienciadevida.com.ar\/portalurbano\/asi-seran-los-nuevos-recorridos-del-transporte-interurbano\/\" \/>\n<meta property=\"og:locale\" content=\"es_ES\" \/>\n<meta property=\"og:type\" content=\"article\" \/>\n<meta property=\"og:title\" content=\"As\u00ed ser\u00e1n los nuevos recorridos del transporte interurbano\" \/>\n<meta property=\"og:description\" content=\"As\u00ed ser\u00e1n los nuevos recorridos del transporte interurbano, con el inicio del mes de mayo dar\u00e1 comienzo el nuevo servicio de transporte\" \/>\n<meta property=\"og:url\" content=\"https:\/\/experienciadevida.com.ar\/portalurbano\/asi-seran-los-nuevos-recorridos-del-transporte-interurbano\/\" \/>\n<meta property=\"article:publisher\" content=\"https:\/\/www.facebook.com\/Portal-Urbano-171542830093757\/\" \/>\n<meta property=\"article:published_time\" content=\"2022-04-10T15:12:41+00:00\" \/>\n<meta property=\"article:modified_time\" content=\"2022-04-10T15:17:31+00:00\" \/>\n<meta property=\"og:image\" content=\"https:\/\/experienciadevida.com.ar\/portalurbano\/wp-content\/uploads\/2022\/04\/Asi-seran-los-nuevos.jpg\" \/>\n\t<meta property=\"og:image:width\" content=\"1024\" \/>\n\t<meta property=\"og:image:height\" content=\"682\" \/>\n\t<meta property=\"og:image:type\" content=\"image\/jpeg\" \/>\n<meta name=\"author\" content=\"admpu17wp\" \/>\n<meta name=\"twitter:card\" content=\"summary_large_image\" \/>\n<meta name=\"twitter:creator\" content=\"@portalurbanook\" \/>\n<meta name=\"twitter:site\" content=\"@portalurbanook\" \/>\n<meta name=\"twitter:label1\" content=\"Escrito por\" \/>\n\t<meta name=\"twitter:data1\" content=\"admpu17wp\" \/>\n\t<meta name=\"twitter:label2\" content=\"Tiempo de lectura\" \/>\n\t<meta name=\"twitter:data2\" content=\"4 minutos\" \/>\n<script type=\"application\/ld+json\" class=\"yoast-schema-graph\">{\"@context\":\"https:\/\/schema.org\",\"@graph\":[{\"@type\":\"Article\",\"@id\":\"https:\/\/experienciadevida.com.ar\/portalurbano\/asi-seran-los-nuevos-recorridos-del-transporte-interurbano\/#article\",\"isPartOf\":{\"@id\":\"https:\/\/experienciadevida.com.ar\/portalurbano\/asi-seran-los-nuevos-recorridos-del-transporte-interurbano\/\"},\"author\":{\"name\":\"admpu17wp\",\"@id\":\"https:\/\/experienciadevida.com.ar\/portalurbano\/#\/schema\/person\/02dd326b1c4b056e9cc972486934a3a7\"},\"headline\":\"As\u00ed ser\u00e1n los nuevos recorridos del transporte interurbano\",\"datePublished\":\"2022-04-10T15:12:41+00:00\",\"dateModified\":\"2022-04-10T15:17:31+00:00\",\"mainEntityOfPage\":{\"@id\":\"https:\/\/experienciadevida.com.ar\/portalurbano\/asi-seran-los-nuevos-recorridos-del-transporte-interurbano\/\"},\"wordCount\":722,\"publisher\":{\"@id\":\"https:\/\/experienciadevida.com.ar\/portalurbano\/#organization\"},\"articleSection\":[\"Ciudad\",\"Destacadas 2\"],\"inLanguage\":\"es\"},{\"@type\":\"WebPage\",\"@id\":\"https:\/\/experienciadevida.com.ar\/portalurbano\/asi-seran-los-nuevos-recorridos-del-transporte-interurbano\/\",\"url\":\"https:\/\/experienciadevida.com.ar\/portalurbano\/asi-seran-los-nuevos-recorridos-del-transporte-interurbano\/\",\"name\":\"As\u00ed ser\u00e1n los nuevos recorridos del transporte interurbano\",\"isPartOf\":{\"@id\":\"https:\/\/experienciadevida.com.ar\/portalurbano\/#website\"},\"datePublished\":\"2022-04-10T15:12:41+00:00\",\"dateModified\":\"2022-04-10T15:17:31+00:00\",\"description\":\"As\u00ed ser\u00e1n los nuevos recorridos del transporte interurbano, con el inicio del mes de mayo dar\u00e1 comienzo el nuevo servicio de transporte\",\"breadcrumb\":{\"@id\":\"https:\/\/experienciadevida.com.ar\/portalurbano\/asi-seran-los-nuevos-recorridos-del-transporte-interurbano\/#breadcrumb\"},\"inLanguage\":\"es\",\"potentialAction\":[{\"@type\":\"ReadAction\",\"target\":[\"https:\/\/experienciadevida.com.ar\/portalurbano\/asi-seran-los-nuevos-recorridos-del-transporte-interurbano\/\"]}]},{\"@type\":\"BreadcrumbList\",\"@id\":\"https:\/\/experienciadevida.com.ar\/portalurbano\/asi-seran-los-nuevos-recorridos-del-transporte-interurbano\/#breadcrumb\",\"itemListElement\":[{\"@type\":\"ListItem\",\"position\":1,\"name\":\"Portada\",\"item\":\"https:\/\/experienciadevida.com.ar\/portalurbano\/\"},{\"@type\":\"ListItem\",\"position\":2,\"name\":\"As\u00ed ser\u00e1n los nuevos recorridos del transporte interurbano\"}]},{\"@type\":\"WebSite\",\"@id\":\"https:\/\/experienciadevida.com.ar\/portalurbano\/#website\",\"url\":\"https:\/\/experienciadevida.com.ar\/portalurbano\/\",\"name\":\"\",\"description\":\"\",\"publisher\":{\"@id\":\"https:\/\/experienciadevida.com.ar\/portalurbano\/#organization\"},\"potentialAction\":[{\"@type\":\"SearchAction\",\"target\":{\"@type\":\"EntryPoint\",\"urlTemplate\":\"https:\/\/experienciadevida.com.ar\/portalurbano\/?s={search_term_string}\"},\"query-input\":\"required name=search_term_string\"}],\"inLanguage\":\"es\"},{\"@type\":\"Organization\",\"@id\":\"https:\/\/experienciadevida.com.ar\/portalurbano\/#organization\",\"name\":\"Portal Urbano\",\"url\":\"https:\/\/experienciadevida.com.ar\/portalurbano\/\",\"logo\":{\"@type\":\"ImageObject\",\"inLanguage\":\"es\",\"@id\":\"https:\/\/experienciadevida.com.ar\/portalurbano\/#\/schema\/logo\/image\/\",\"url\":\"https:\/\/experienciadevida.com.ar\/portalurbano\/wp-content\/uploads\/2019\/09\/Logo-Original.png\",\"contentUrl\":\"https:\/\/experienciadevida.com.ar\/portalurbano\/wp-content\/uploads\/2019\/09\/Logo-Original.png\",\"width\":2236,\"height\":1216,\"caption\":\"Portal Urbano\"},\"image\":{\"@id\":\"https:\/\/experienciadevida.com.ar\/portalurbano\/#\/schema\/logo\/image\/\"},\"sameAs\":[\"https:\/\/www.facebook.com\/Portal-Urbano-171542830093757\/\",\"https:\/\/twitter.com\/portalurbanook\",\"https:\/\/www.instagram.com\/_portalurbano\/\",\"https:\/\/www.youtube.com\/channel\/UCXhagIfszH8KxFiOok79zbA?view_as=subscriber\"]},{\"@type\":\"Person\",\"@id\":\"https:\/\/experienciadevida.com.ar\/portalurbano\/#\/schema\/person\/02dd326b1c4b056e9cc972486934a3a7\",\"name\":\"admpu17wp\",\"image\":{\"@type\":\"ImageObject\",\"inLanguage\":\"es\",\"@id\":\"https:\/\/experienciadevida.com.ar\/portalurbano\/#\/schema\/person\/image\/\",\"url\":\"https:\/\/secure.gravatar.com\/avatar\/830d4c57adaae6630765e449a6908047?s=96&d=mm&r=g\",\"contentUrl\":\"https:\/\/secure.gravatar.com\/avatar\/830d4c57adaae6630765e449a6908047?s=96&d=mm&r=g\",\"caption\":\"admpu17wp\"}}]}<\/script>\n<!-- \/ Yoast SEO plugin. -->","yoast_head_json":{"title":"As\u00ed ser\u00e1n los nuevos recorridos del transporte interurbano","description":"As\u00ed ser\u00e1n los nuevos recorridos del transporte interurbano, con el inicio del mes de mayo dar\u00e1 comienzo el nuevo servicio de transporte","robots":{"index":"index","follow":"follow","max-snippet":"max-snippet:-1","max-image-preview":"max-image-preview:large","max-video-preview":"max-video-preview:-1"},"canonical":"https:\/\/experienciadevida.com.ar\/portalurbano\/asi-seran-los-nuevos-recorridos-del-transporte-interurbano\/","og_locale":"es_ES","og_type":"article","og_title":"As\u00ed ser\u00e1n los nuevos recorridos del transporte interurbano","og_description":"As\u00ed ser\u00e1n los nuevos recorridos del transporte interurbano, con el inicio del mes de mayo dar\u00e1 comienzo el nuevo servicio de transporte","og_url":"https:\/\/experienciadevida.com.ar\/portalurbano\/asi-seran-los-nuevos-recorridos-del-transporte-interurbano\/","article_publisher":"https:\/\/www.facebook.com\/Portal-Urbano-171542830093757\/","article_published_time":"2022-04-10T15:12:41+00:00","article_modified_time":"2022-04-10T15:17:31+00:00","og_image":[{"width":1024,"height":682,"url":"https:\/\/experienciadevida.com.ar\/portalurbano\/wp-content\/uploads\/2022\/04\/Asi-seran-los-nuevos.jpg","type":"image\/jpeg"}],"author":"admpu17wp","twitter_card":"summary_large_image","twitter_creator":"@portalurbanook","twitter_site":"@portalurbanook","twitter_misc":{"Escrito por":"admpu17wp","Tiempo de lectura":"4 minutos"},"schema":{"@context":"https:\/\/schema.org","@graph":[{"@type":"Article","@id":"https:\/\/experienciadevida.com.ar\/portalurbano\/asi-seran-los-nuevos-recorridos-del-transporte-interurbano\/#article","isPartOf":{"@id":"https:\/\/experienciadevida.com.ar\/portalurbano\/asi-seran-los-nuevos-recorridos-del-transporte-interurbano\/"},"author":{"name":"admpu17wp","@id":"https:\/\/experienciadevida.com.ar\/portalurbano\/#\/schema\/person\/02dd326b1c4b056e9cc972486934a3a7"},"headline":"As\u00ed ser\u00e1n los nuevos recorridos del transporte interurbano","datePublished":"2022-04-10T15:12:41+00:00","dateModified":"2022-04-10T15:17:31+00:00","mainEntityOfPage":{"@id":"https:\/\/experienciadevida.com.ar\/portalurbano\/asi-seran-los-nuevos-recorridos-del-transporte-interurbano\/"},"wordCount":722,"publisher":{"@id":"https:\/\/experienciadevida.com.ar\/portalurbano\/#organization"},"articleSection":["Ciudad","Destacadas 2"],"inLanguage":"es"},{"@type":"WebPage","@id":"https:\/\/experienciadevida.com.ar\/portalurbano\/asi-seran-los-nuevos-recorridos-del-transporte-interurbano\/","url":"https:\/\/experienciadevida.com.ar\/portalurbano\/asi-seran-los-nuevos-recorridos-del-transporte-interurbano\/","name":"As\u00ed ser\u00e1n los nuevos recorridos del transporte interurbano","isPartOf":{"@id":"https:\/\/experienciadevida.com.ar\/portalurbano\/#website"},"datePublished":"2022-04-10T15:12:41+00:00","dateModified":"2022-04-10T15:17:31+00:00","description":"As\u00ed ser\u00e1n los nuevos recorridos del transporte interurbano, con el inicio del mes de mayo dar\u00e1 comienzo el nuevo servicio de transporte","breadcrumb":{"@id":"https:\/\/experienciadevida.com.ar\/portalurbano\/asi-seran-los-nuevos-recorridos-del-transporte-interurbano\/#breadcrumb"},"inLanguage":"es","potentialAction":[{"@type":"ReadAction","target":["https:\/\/experienciadevida.com.ar\/portalurbano\/asi-seran-los-nuevos-recorridos-del-transporte-interurbano\/"]}]},{"@type":"BreadcrumbList","@id":"https:\/\/experienciadevida.com.ar\/portalurbano\/asi-seran-los-nuevos-recorridos-del-transporte-interurbano\/#breadcrumb","itemListElement":[{"@type":"ListItem","position":1,"name":"Portada","item":"https:\/\/experienciadevida.com.ar\/portalurbano\/"},{"@type":"ListItem","position":2,"name":"As\u00ed ser\u00e1n los nuevos recorridos del transporte interurbano"}]},{"@type":"WebSite","@id":"https:\/\/experienciadevida.com.ar\/portalurbano\/#website","url":"https:\/\/experienciadevida.com.ar\/portalurbano\/","name":"","description":"","publisher":{"@id":"https:\/\/experienciadevida.com.ar\/portalurbano\/#organization"},"potentialAction":[{"@type":"SearchAction","target":{"@type":"EntryPoint","urlTemplate":"https:\/\/experienciadevida.com.ar\/portalurbano\/?s={search_term_string}"},"query-input":"required name=search_term_string"}],"inLanguage":"es"},{"@type":"Organization","@id":"https:\/\/experienciadevida.com.ar\/portalurbano\/#organization","name":"Portal Urbano","url":"https:\/\/experienciadevida.com.ar\/portalurbano\/","logo":{"@type":"ImageObject","inLanguage":"es","@id":"https:\/\/experienciadevida.com.ar\/portalurbano\/#\/schema\/logo\/image\/","url":"https:\/\/experienciadevida.com.ar\/portalurbano\/wp-content\/uploads\/2019\/09\/Logo-Original.png","contentUrl":"https:\/\/experienciadevida.com.ar\/portalurbano\/wp-content\/uploads\/2019\/09\/Logo-Original.png","width":2236,"height":1216,"caption":"Portal Urbano"},"image":{"@id":"https:\/\/experienciadevida.com.ar\/portalurbano\/#\/schema\/logo\/image\/"},"sameAs":["https:\/\/www.facebook.com\/Portal-Urbano-171542830093757\/","https:\/\/twitter.com\/portalurbanook","https:\/\/www.instagram.com\/_portalurbano\/","https:\/\/www.youtube.com\/channel\/UCXhagIfszH8KxFiOok79zbA?view_as=subscriber"]},{"@type":"Person","@id":"https:\/\/experienciadevida.com.ar\/portalurbano\/#\/schema\/person\/02dd326b1c4b056e9cc972486934a3a7","name":"admpu17wp","image":{"@type":"ImageObject","inLanguage":"es","@id":"https:\/\/experienciadevida.com.ar\/portalurbano\/#\/schema\/person\/image\/","url":"https:\/\/secure.gravatar.com\/avatar\/830d4c57adaae6630765e449a6908047?s=96&d=mm&r=g","contentUrl":"https:\/\/secure.gravatar.com\/avatar\/830d4c57adaae6630765e449a6908047?s=96&d=mm&r=g","caption":"admpu17wp"}}]}},"featured_image_urls":{"full":["https:\/\/experienciadevida.com.ar\/portalurbano\/wp-content\/uploads\/2022\/04\/Asi-seran-los-nuevos.jpg",1024,682,false],"thumbnail":["https:\/\/experienciadevida.com.ar\/portalurbano\/wp-content\/uploads\/2022\/04\/Asi-seran-los-nuevos-150x150.jpg",150,150,true],"medium":["https:\/\/experienciadevida.com.ar\/portalurbano\/wp-content\/uploads\/2022\/04\/Asi-seran-los-nuevos-300x200.jpg",300,200,true],"medium_large":["https:\/\/experienciadevida.com.ar\/portalurbano\/wp-content\/uploads\/2022\/04\/Asi-seran-los-nuevos-768x512.jpg",640,427,true],"large":["https:\/\/experienciadevida.com.ar\/portalurbano\/wp-content\/uploads\/2022\/04\/Asi-seran-los-nuevos.jpg",640,426,false],"ug_big":["https:\/\/experienciadevida.com.ar\/portalurbano\/wp-content\/uploads\/2022\/04\/Asi-seran-los-nuevos-768x512.jpg",768,512,true],"1536x1536":["https:\/\/experienciadevida.com.ar\/portalurbano\/wp-content\/uploads\/2022\/04\/Asi-seran-los-nuevos.jpg",1024,682,false],"2048x2048":["https:\/\/experienciadevida.com.ar\/portalurbano\/wp-content\/uploads\/2022\/04\/Asi-seran-los-nuevos.jpg",1024,682,false],"newsever-slider-full":["https:\/\/experienciadevida.com.ar\/portalurbano\/wp-content\/uploads\/2022\/04\/Asi-seran-los-nuevos.jpg",1024,682,false],"newsever-featured":["https:\/\/experienciadevida.com.ar\/portalurbano\/wp-content\/uploads\/2022\/04\/Asi-seran-los-nuevos.jpg",1024,682,false],"newsever-medium":["https:\/\/experienciadevida.com.ar\/portalurbano\/wp-content\/uploads\/2022\/04\/Asi-seran-los-nuevos.jpg",713,475,false],"web-stories-poster-portrait":["https:\/\/experienciadevida.com.ar\/portalurbano\/wp-content\/uploads\/2022\/04\/Asi-seran-los-nuevos.jpg",640,426,false],"web-stories-publisher-logo":["https:\/\/experienciadevida.com.ar\/portalurbano\/wp-content\/uploads\/2022\/04\/Asi-seran-los-nuevos.jpg",96,64,false],"web-stories-thumbnail":["https:\/\/experienciadevida.com.ar\/portalurbano\/wp-content\/uploads\/2022\/04\/Asi-seran-los-nuevos.jpg",150,100,false]},"author_info":{"display_name":"admpu17wp","author_link":"https:\/\/experienciadevida.com.ar\/portalurbano\/author\/admpu17wp\/"},"category_info":"<a href=\"https:\/\/experienciadevida.com.ar\/portalurbano\/category\/ciudad\/\" rel=\"category tag\">Ciudad<\/a> <a href=\"https:\/\/experienciadevida.com.ar\/portalurbano\/category\/destacadas-2\/\" rel=\"category tag\">Destacadas 2<\/a>","tag_info":"Destacadas 2","comment_count":"0","amp_enabled":true,"_links":{"self":[{"href":"https:\/\/experienciadevida.com.ar\/portalurbano\/wp-json\/wp\/v2\/posts\/165405"}],"collection":[{"href":"https:\/\/experienciadevida.com.ar\/portalurbano\/wp-json\/wp\/v2\/posts"}],"about":[{"href":"https:\/\/experienciadevida.com.ar\/portalurbano\/wp-json\/wp\/v2\/types\/post"}],"author":[{"embeddable":true,"href":"https:\/\/experienciadevida.com.ar\/portalurbano\/wp-json\/wp\/v2\/users\/1"}],"replies":[{"embeddable":true,"href":"https:\/\/experienciadevida.com.ar\/portalurbano\/wp-json\/wp\/v2\/comments?post=165405"}],"version-history":[{"count":3,"href":"https:\/\/experienciadevida.com.ar\/portalurbano\/wp-json\/wp\/v2\/posts\/165405\/revisions"}],"predecessor-version":[{"id":165409,"href":"https:\/\/experienciadevida.com.ar\/portalurbano\/wp-json\/wp\/v2\/posts\/165405\/revisions\/165409"}],"wp:featuredmedia":[{"embeddable":true,"href":"https:\/\/experienciadevida.com.ar\/portalurbano\/wp-json\/wp\/v2\/media\/165406"}],"wp:attachment":[{"href":"https:\/\/experienciadevida.com.ar\/portalurbano\/wp-json\/wp\/v2\/media?parent=165405"}],"wp:term":[{"taxonomy":"category","embeddable":true,"href":"https:\/\/experienciadevida.com.ar\/portalurbano\/wp-json\/wp\/v2\/categories?post=165405"},{"taxonomy":"post_tag","embeddable":true,"href":"https:\/\/experienciadevida.com.ar\/portalurbano\/wp-json\/wp\/v2\/tags?post=165405"}],"curies":[{"name":"wp","href":"https:\/\/api.w.org\/{rel}","templated":true}]}}