{"id":165390,"date":"2022-04-09T21:00:32","date_gmt":"2022-04-10T00:00:32","guid":{"rendered":"https:\/\/experienciadevida.com.ar\/portalurbano\/?p=165390"},"modified":"2022-04-09T21:01:12","modified_gmt":"2022-04-10T00:01:12","slug":"se-realizo-el-lanzamiento-de-la-lista-opositora-de-coopelectric","status":"publish","type":"post","link":"https:\/\/experienciadevida.com.ar\/portalurbano\/se-realizo-el-lanzamiento-de-la-lista-opositora-de-coopelectric\/","title":{"rendered":"Se realiz\u00f3 el lanzamiento de la lista opositora de Coopelectric"},"content":{"rendered":"<p>Se realiz\u00f3 el lanzamiento de la lista opositora de Coopelectric, fue en la jornada de este s\u00e1bado en ADN Multieventos, all\u00ed se realiz\u00f3 una reuni\u00f3n con los vecinos de nuestra ciudad ya que se llev\u00f3\u00a0 a cabo el lanzamiento de la lista opositora de Coopelectric. C\u00e9sar Garc\u00eda fue quien encabez\u00f3 la reuni\u00f3n y quien quiere terminar con la &#8220;ineficiente administraci\u00f3n actual de Coopelectric&#8221;, as\u00ed como tambi\u00e9n analizar la deuda que tiene la Cooperativa de 1431 millones de pesos seg\u00fan bal\u00e1nce de junio de 2021 mas un cr\u00e9dito en dolares tomados por la actual administraci\u00f3n de 3.5 millones de dolares hace 15 a\u00f1os (el cual nunca se pag\u00f3, s\u00f3lo intereses).<\/p>\n<p>En di\u00e1logo con los medios C\u00e9sar Garc\u00eda dijo\u00a0&#8220;<em>Es una de las primeras reuniones de una serie de charlas que vamos a hacer cada 15 d\u00edas&#8221;, &#8220;todos sabemos que tenemos\u00a0 una cooperativa que se llama Coopelectric pero nos es algo ajeno, aunque es de todos, que somos los usuarios consumidores\u00a0 de electricidad, agua, cloacas, tel\u00e9fono, cepelio,\u00a0 todo este conglomerado de empresas depende de coopelectric que es una cooperativa. Pero, a veces las personas lo vemos como algo ajeno a Coopelectric, como un edificio donde tenemos que pagar los servicios o\u00a0 hacer un reclamo, pero es un edificio que pertenece a\u00a0 los accionistas que somos todos los usuarios&#8221;.\u00a0<\/em><\/p>\n<p><a href=\"https:\/\/experienciadevida.com.ar\/portalurbano\/se-realizo-el-lanzamiento-de-la-lista-opositora-de-coopelectric\/se-5\/\" rel=\"attachment wp-att-165393\"><img decoding=\"async\" class=\"alignnone size-full wp-image-165393\" src=\"https:\/\/experienciadevida.com.ar\/portalurbano\/wp-content\/uploads\/2022\/04\/Se-1.jpg\" alt=\"Se \" width=\"765\" height=\"510\" srcset=\"https:\/\/experienciadevida.com.ar\/portalurbano\/wp-content\/uploads\/2022\/04\/Se-1.jpg 765w, https:\/\/experienciadevida.com.ar\/portalurbano\/wp-content\/uploads\/2022\/04\/Se-1-300x200.jpg 300w\" sizes=\"(max-width: 765px) 100vw, 765px\" \/><\/a><\/p>\n<p><em>&#8220;Solicitamos un balance hace 20 d\u00edas, que tiene que estar disponible y a disposici\u00f3n del p\u00fablico pero no lo est\u00e1, este balance consta del ejercicio consolidado en comparaci\u00f3n con el 2020-2021, el 30\u00a0 de junio de cada a\u00f1o ellos tienen que hacer un cierre de balance, el cierre del a\u00f1o pasado hab\u00eda un pasivo contable 2600 millones de pesos que es una deuda que est\u00e1 bastante cercano al presupuesto anual que tiene la municipalidad, para poder operar todo el partido de Olavarr\u00eda y localidades, yo estoy hablando de una cooperativa que es un conglomerado de empresas que tiene un pasivo de ese monto, en este balance no est\u00e1 la deuda que tiene con <strong>ENOHSA<\/strong>, que es un ente estatal con lo cual para hacer una obra h\u00eddrica\u00a0 uno tiene que acudir a ese ente, que como las obras tienen un costo bastante elevado, las obras se hacen a trav\u00e9s de licitaci\u00f3n o un plan.\u00a0 Este acuerdo que tienen con el ente tienen una deuda en el 2017 que se lleg\u00f3 un acuerdo donde tiene una deuda consolidada de 3 millones\u00a0 y medio de d\u00f3lares, la deuda la tienen en d\u00f3lares no en pesos, esta deuda se fue incrementando en tiempo de pandemia y el \u00faltimo balance a la fecha es el que de 2 millones&#8221;.\u00a0<\/em><\/p>\n<p>Posteriormente coment\u00f3 &#8220;<em>la municipalidad en el 2017 emite un decreto donde acuerda que Coopelectric tiene la facultad de poder cobrar 0,45 centavos de d\u00f3lar a cada uno de los usuarios de agua, est\u00e1n cobrando m\u00e1s all\u00e1 del consumo una deuda en d\u00f3lares, que viene desde hace a\u00f1os refinanciada en 2017, el ejecutivo firm\u00f3 un decreto. Esto sucede porque tienen que jugar juntos como poder pol\u00edtico, porque depende de c\u00f3mo pagan esas deudas, porque desde el HCD les solicitan una ordenanza que les habilita a cobrar una deuda que no deber\u00eda estar en una factura no se lo van a habilitar, pero a trav\u00e9s de un decreto donde cada uno de nosotros pagamos la deuda. Si tenes una deuda que excede los 3 millones no podes hacer ning\u00fan tipo de inversi\u00f3n, los transformadores siempre van a hacer siempre los mismos&#8221;.\u00a0<\/em><\/p>\n<p><a href=\"https:\/\/experienciadevida.com.ar\/portalurbano\/se-realizo-el-lanzamiento-de-la-lista-opositora-de-coopelectric\/realizo-3\/\" rel=\"attachment wp-att-165394\"><img decoding=\"async\" class=\"alignnone size-full wp-image-165394\" src=\"https:\/\/experienciadevida.com.ar\/portalurbano\/wp-content\/uploads\/2022\/04\/realizo.jpg\" alt=\"realiz\u00f3 \" width=\"765\" height=\"510\" srcset=\"https:\/\/experienciadevida.com.ar\/portalurbano\/wp-content\/uploads\/2022\/04\/realizo.jpg 765w, https:\/\/experienciadevida.com.ar\/portalurbano\/wp-content\/uploads\/2022\/04\/realizo-300x200.jpg 300w\" sizes=\"(max-width: 765px) 100vw, 765px\" \/><\/a><\/p>\n<p>Con respecto a la charla dijo que es para que &#8220;<em>la gente de Olavarr\u00eda tiene que tener en claro que hay una administraci\u00f3n que se va pasando de mano en mano la deuda y que lamentablemente no va mejorando, y todos nosotros somos tambi\u00e9n los que tenemos la deuda. Coopelectric tiene un padr\u00f3n de asociados y no asociados, esta administraci\u00f3n tiene la suerte de subsidios\u00a0 y adem\u00e1s tienen quitas de deuda que la asume el gobierno provincial y nacional pone el dinero en la distribuidora y las cooperativas quedan sesgadas, as\u00ed y todo con una quita del 66% como la que tuvieron tenemos esta deuda. Esa deuda compone energ\u00eda, obras, cepelio, inhumaci\u00f3n, gas educaci\u00f3n, telefon\u00eda&#8221;.<\/em><\/p>\n<div class=\"penci-pullqoute align-none\">\n<blockquote><p><em><strong>&#8220;Hay una administraci\u00f3n que se va pasando de mano en mano la deuda y que lamentablemente no va mejorando<\/strong><\/em>&#8220;<\/p><\/blockquote>\n<\/div>\n<p>&nbsp;<\/p>\n<p>Para finalizar remarc\u00f3 que <em>&#8220;todos como accionistas estamos adquiriendo una deuda que se est\u00e1 tornando impagable, esto va camino a una intervenci\u00f3n estatal, porque est\u00e1n vaciando la empresa y no se administra como corresponde, esto va camino a eso&#8221;.\u00a0<\/em><\/p>\n<div class=\"penci-pullqoute align-none\">\n<blockquote><p> <em><strong>Para finalizar los invito para que se sumen para poder presentar este a\u00f1o una lista opositora&#8221;.<\/strong><\/em>\u00a0 <\/p><\/blockquote>\n<\/div>\n","protected":false},"excerpt":{"rendered":"<p>Se realiz\u00f3 el lanzamiento de la lista opositora de Coopelectric, fue en la jornada de&#8230;<\/p>\n","protected":false},"author":1,"featured_media":165392,"comment_status":"closed","ping_status":"closed","sticky":false,"template":"","format":"standard","meta":{"content-type":""},"categories":[27,64],"tags":[],"nelio_content":{"isAutoShareEnabled":false,"autoShareEndMode":"default","automationSources":{"useContentSentences":true,"useSocialTemplates":true,"useCustomSentences":false,"customSentences":[]},"followers":[1],"suggestedReferences":[],"includedReferences":[],"efiUrl":"","efiAlt":"","highlights":[]},"yoast_head":"<!-- This site is optimized with the Yoast SEO plugin v20.7 - https:\/\/yoast.com\/wordpress\/plugins\/seo\/ -->\n<title>Se realiz\u00f3 el lanzamiento de la lista opositora de Coopelectric<\/title>\n<meta name=\"description\" content=\"Se realiz\u00f3 el lanzamiento de la lista opositora de Coopelectric, fue en la jornada de este s\u00e1bado en ADN Multieventos.\" \/>\n<meta name=\"robots\" content=\"index, follow, max-snippet:-1, max-image-preview:large, max-video-preview:-1\" \/>\n<link rel=\"canonical\" href=\"https:\/\/experienciadevida.com.ar\/portalurbano\/se-realizo-el-lanzamiento-de-la-lista-opositora-de-coopelectric\/\" \/>\n<meta property=\"og:locale\" content=\"es_ES\" \/>\n<meta property=\"og:type\" content=\"article\" \/>\n<meta property=\"og:title\" content=\"Se realiz\u00f3 el lanzamiento de la lista opositora de Coopelectric\" \/>\n<meta property=\"og:description\" content=\"Se realiz\u00f3 el lanzamiento de la lista opositora de Coopelectric, fue en la jornada de este s\u00e1bado en ADN Multieventos.\" \/>\n<meta property=\"og:url\" content=\"https:\/\/experienciadevida.com.ar\/portalurbano\/se-realizo-el-lanzamiento-de-la-lista-opositora-de-coopelectric\/\" \/>\n<meta property=\"article:publisher\" content=\"https:\/\/www.facebook.com\/Portal-Urbano-171542830093757\/\" \/>\n<meta property=\"article:published_time\" content=\"2022-04-10T00:00:32+00:00\" \/>\n<meta property=\"article:modified_time\" content=\"2022-04-10T00:01:12+00:00\" \/>\n<meta property=\"og:image\" content=\"https:\/\/experienciadevida.com.ar\/portalurbano\/wp-content\/uploads\/2022\/04\/Se-realizo-el-lanzamiento.jpg\" \/>\n\t<meta property=\"og:image:width\" content=\"765\" \/>\n\t<meta property=\"og:image:height\" content=\"510\" \/>\n\t<meta property=\"og:image:type\" content=\"image\/jpeg\" \/>\n<meta name=\"author\" content=\"admpu17wp\" \/>\n<meta name=\"twitter:card\" content=\"summary_large_image\" \/>\n<meta name=\"twitter:creator\" content=\"@portalurbanook\" \/>\n<meta name=\"twitter:site\" content=\"@portalurbanook\" \/>\n<meta name=\"twitter:label1\" content=\"Escrito por\" \/>\n\t<meta name=\"twitter:data1\" content=\"admpu17wp\" \/>\n\t<meta name=\"twitter:label2\" content=\"Tiempo de lectura\" \/>\n\t<meta name=\"twitter:data2\" content=\"4 minutos\" \/>\n<script type=\"application\/ld+json\" class=\"yoast-schema-graph\">{\"@context\":\"https:\/\/schema.org\",\"@graph\":[{\"@type\":\"Article\",\"@id\":\"https:\/\/experienciadevida.com.ar\/portalurbano\/se-realizo-el-lanzamiento-de-la-lista-opositora-de-coopelectric\/#article\",\"isPartOf\":{\"@id\":\"https:\/\/experienciadevida.com.ar\/portalurbano\/se-realizo-el-lanzamiento-de-la-lista-opositora-de-coopelectric\/\"},\"author\":{\"name\":\"admpu17wp\",\"@id\":\"https:\/\/experienciadevida.com.ar\/portalurbano\/#\/schema\/person\/02dd326b1c4b056e9cc972486934a3a7\"},\"headline\":\"Se realiz\u00f3 el lanzamiento de la lista opositora de Coopelectric\",\"datePublished\":\"2022-04-10T00:00:32+00:00\",\"dateModified\":\"2022-04-10T00:01:12+00:00\",\"mainEntityOfPage\":{\"@id\":\"https:\/\/experienciadevida.com.ar\/portalurbano\/se-realizo-el-lanzamiento-de-la-lista-opositora-de-coopelectric\/\"},\"wordCount\":816,\"publisher\":{\"@id\":\"https:\/\/experienciadevida.com.ar\/portalurbano\/#organization\"},\"articleSection\":[\"Ciudad\",\"Destacadas 2\"],\"inLanguage\":\"es\"},{\"@type\":\"WebPage\",\"@id\":\"https:\/\/experienciadevida.com.ar\/portalurbano\/se-realizo-el-lanzamiento-de-la-lista-opositora-de-coopelectric\/\",\"url\":\"https:\/\/experienciadevida.com.ar\/portalurbano\/se-realizo-el-lanzamiento-de-la-lista-opositora-de-coopelectric\/\",\"name\":\"Se realiz\u00f3 el lanzamiento de la lista opositora de Coopelectric\",\"isPartOf\":{\"@id\":\"https:\/\/experienciadevida.com.ar\/portalurbano\/#website\"},\"datePublished\":\"2022-04-10T00:00:32+00:00\",\"dateModified\":\"2022-04-10T00:01:12+00:00\",\"description\":\"Se realiz\u00f3 el lanzamiento de la lista opositora de Coopelectric, fue en la jornada de este s\u00e1bado en ADN Multieventos.\",\"breadcrumb\":{\"@id\":\"https:\/\/experienciadevida.com.ar\/portalurbano\/se-realizo-el-lanzamiento-de-la-lista-opositora-de-coopelectric\/#breadcrumb\"},\"inLanguage\":\"es\",\"potentialAction\":[{\"@type\":\"ReadAction\",\"target\":[\"https:\/\/experienciadevida.com.ar\/portalurbano\/se-realizo-el-lanzamiento-de-la-lista-opositora-de-coopelectric\/\"]}]},{\"@type\":\"BreadcrumbList\",\"@id\":\"https:\/\/experienciadevida.com.ar\/portalurbano\/se-realizo-el-lanzamiento-de-la-lista-opositora-de-coopelectric\/#breadcrumb\",\"itemListElement\":[{\"@type\":\"ListItem\",\"position\":1,\"name\":\"Portada\",\"item\":\"https:\/\/experienciadevida.com.ar\/portalurbano\/\"},{\"@type\":\"ListItem\",\"position\":2,\"name\":\"Se realiz\u00f3 el lanzamiento de la lista opositora de Coopelectric\"}]},{\"@type\":\"WebSite\",\"@id\":\"https:\/\/experienciadevida.com.ar\/portalurbano\/#website\",\"url\":\"https:\/\/experienciadevida.com.ar\/portalurbano\/\",\"name\":\"\",\"description\":\"\",\"publisher\":{\"@id\":\"https:\/\/experienciadevida.com.ar\/portalurbano\/#organization\"},\"potentialAction\":[{\"@type\":\"SearchAction\",\"target\":{\"@type\":\"EntryPoint\",\"urlTemplate\":\"https:\/\/experienciadevida.com.ar\/portalurbano\/?s={search_term_string}\"},\"query-input\":\"required name=search_term_string\"}],\"inLanguage\":\"es\"},{\"@type\":\"Organization\",\"@id\":\"https:\/\/experienciadevida.com.ar\/portalurbano\/#organization\",\"name\":\"Portal Urbano\",\"url\":\"https:\/\/experienciadevida.com.ar\/portalurbano\/\",\"logo\":{\"@type\":\"ImageObject\",\"inLanguage\":\"es\",\"@id\":\"https:\/\/experienciadevida.com.ar\/portalurbano\/#\/schema\/logo\/image\/\",\"url\":\"https:\/\/experienciadevida.com.ar\/portalurbano\/wp-content\/uploads\/2019\/09\/Logo-Original.png\",\"contentUrl\":\"https:\/\/experienciadevida.com.ar\/portalurbano\/wp-content\/uploads\/2019\/09\/Logo-Original.png\",\"width\":2236,\"height\":1216,\"caption\":\"Portal Urbano\"},\"image\":{\"@id\":\"https:\/\/experienciadevida.com.ar\/portalurbano\/#\/schema\/logo\/image\/\"},\"sameAs\":[\"https:\/\/www.facebook.com\/Portal-Urbano-171542830093757\/\",\"https:\/\/twitter.com\/portalurbanook\",\"https:\/\/www.instagram.com\/_portalurbano\/\",\"https:\/\/www.youtube.com\/channel\/UCXhagIfszH8KxFiOok79zbA?view_as=subscriber\"]},{\"@type\":\"Person\",\"@id\":\"https:\/\/experienciadevida.com.ar\/portalurbano\/#\/schema\/person\/02dd326b1c4b056e9cc972486934a3a7\",\"name\":\"admpu17wp\",\"image\":{\"@type\":\"ImageObject\",\"inLanguage\":\"es\",\"@id\":\"https:\/\/experienciadevida.com.ar\/portalurbano\/#\/schema\/person\/image\/\",\"url\":\"https:\/\/secure.gravatar.com\/avatar\/830d4c57adaae6630765e449a6908047?s=96&d=mm&r=g\",\"contentUrl\":\"https:\/\/secure.gravatar.com\/avatar\/830d4c57adaae6630765e449a6908047?s=96&d=mm&r=g\",\"caption\":\"admpu17wp\"}}]}<\/script>\n<!-- \/ Yoast SEO plugin. -->","yoast_head_json":{"title":"Se realiz\u00f3 el lanzamiento de la lista opositora de Coopelectric","description":"Se realiz\u00f3 el lanzamiento de la lista opositora de Coopelectric, fue en la jornada de este s\u00e1bado en ADN Multieventos.","robots":{"index":"index","follow":"follow","max-snippet":"max-snippet:-1","max-image-preview":"max-image-preview:large","max-video-preview":"max-video-preview:-1"},"canonical":"https:\/\/experienciadevida.com.ar\/portalurbano\/se-realizo-el-lanzamiento-de-la-lista-opositora-de-coopelectric\/","og_locale":"es_ES","og_type":"article","og_title":"Se realiz\u00f3 el lanzamiento de la lista opositora de Coopelectric","og_description":"Se realiz\u00f3 el lanzamiento de la lista opositora de Coopelectric, fue en la jornada de este s\u00e1bado en ADN Multieventos.","og_url":"https:\/\/experienciadevida.com.ar\/portalurbano\/se-realizo-el-lanzamiento-de-la-lista-opositora-de-coopelectric\/","article_publisher":"https:\/\/www.facebook.com\/Portal-Urbano-171542830093757\/","article_published_time":"2022-04-10T00:00:32+00:00","article_modified_time":"2022-04-10T00:01:12+00:00","og_image":[{"width":765,"height":510,"url":"https:\/\/experienciadevida.com.ar\/portalurbano\/wp-content\/uploads\/2022\/04\/Se-realizo-el-lanzamiento.jpg","type":"image\/jpeg"}],"author":"admpu17wp","twitter_card":"summary_large_image","twitter_creator":"@portalurbanook","twitter_site":"@portalurbanook","twitter_misc":{"Escrito por":"admpu17wp","Tiempo de lectura":"4 minutos"},"schema":{"@context":"https:\/\/schema.org","@graph":[{"@type":"Article","@id":"https:\/\/experienciadevida.com.ar\/portalurbano\/se-realizo-el-lanzamiento-de-la-lista-opositora-de-coopelectric\/#article","isPartOf":{"@id":"https:\/\/experienciadevida.com.ar\/portalurbano\/se-realizo-el-lanzamiento-de-la-lista-opositora-de-coopelectric\/"},"author":{"name":"admpu17wp","@id":"https:\/\/experienciadevida.com.ar\/portalurbano\/#\/schema\/person\/02dd326b1c4b056e9cc972486934a3a7"},"headline":"Se realiz\u00f3 el lanzamiento de la lista opositora de Coopelectric","datePublished":"2022-04-10T00:00:32+00:00","dateModified":"2022-04-10T00:01:12+00:00","mainEntityOfPage":{"@id":"https:\/\/experienciadevida.com.ar\/portalurbano\/se-realizo-el-lanzamiento-de-la-lista-opositora-de-coopelectric\/"},"wordCount":816,"publisher":{"@id":"https:\/\/experienciadevida.com.ar\/portalurbano\/#organization"},"articleSection":["Ciudad","Destacadas 2"],"inLanguage":"es"},{"@type":"WebPage","@id":"https:\/\/experienciadevida.com.ar\/portalurbano\/se-realizo-el-lanzamiento-de-la-lista-opositora-de-coopelectric\/","url":"https:\/\/experienciadevida.com.ar\/portalurbano\/se-realizo-el-lanzamiento-de-la-lista-opositora-de-coopelectric\/","name":"Se realiz\u00f3 el lanzamiento de la lista opositora de Coopelectric","isPartOf":{"@id":"https:\/\/experienciadevida.com.ar\/portalurbano\/#website"},"datePublished":"2022-04-10T00:00:32+00:00","dateModified":"2022-04-10T00:01:12+00:00","description":"Se realiz\u00f3 el lanzamiento de la lista opositora de Coopelectric, fue en la jornada de este s\u00e1bado en ADN Multieventos.","breadcrumb":{"@id":"https:\/\/experienciadevida.com.ar\/portalurbano\/se-realizo-el-lanzamiento-de-la-lista-opositora-de-coopelectric\/#breadcrumb"},"inLanguage":"es","potentialAction":[{"@type":"ReadAction","target":["https:\/\/experienciadevida.com.ar\/portalurbano\/se-realizo-el-lanzamiento-de-la-lista-opositora-de-coopelectric\/"]}]},{"@type":"BreadcrumbList","@id":"https:\/\/experienciadevida.com.ar\/portalurbano\/se-realizo-el-lanzamiento-de-la-lista-opositora-de-coopelectric\/#breadcrumb","itemListElement":[{"@type":"ListItem","position":1,"name":"Portada","item":"https:\/\/experienciadevida.com.ar\/portalurbano\/"},{"@type":"ListItem","position":2,"name":"Se realiz\u00f3 el lanzamiento de la lista opositora de Coopelectric"}]},{"@type":"WebSite","@id":"https:\/\/experienciadevida.com.ar\/portalurbano\/#website","url":"https:\/\/experienciadevida.com.ar\/portalurbano\/","name":"","description":"","publisher":{"@id":"https:\/\/experienciadevida.com.ar\/portalurbano\/#organization"},"potentialAction":[{"@type":"SearchAction","target":{"@type":"EntryPoint","urlTemplate":"https:\/\/experienciadevida.com.ar\/portalurbano\/?s={search_term_string}"},"query-input":"required name=search_term_string"}],"inLanguage":"es"},{"@type":"Organization","@id":"https:\/\/experienciadevida.com.ar\/portalurbano\/#organization","name":"Portal Urbano","url":"https:\/\/experienciadevida.com.ar\/portalurbano\/","logo":{"@type":"ImageObject","inLanguage":"es","@id":"https:\/\/experienciadevida.com.ar\/portalurbano\/#\/schema\/logo\/image\/","url":"https:\/\/experienciadevida.com.ar\/portalurbano\/wp-content\/uploads\/2019\/09\/Logo-Original.png","contentUrl":"https:\/\/experienciadevida.com.ar\/portalurbano\/wp-content\/uploads\/2019\/09\/Logo-Original.png","width":2236,"height":1216,"caption":"Portal Urbano"},"image":{"@id":"https:\/\/experienciadevida.com.ar\/portalurbano\/#\/schema\/logo\/image\/"},"sameAs":["https:\/\/www.facebook.com\/Portal-Urbano-171542830093757\/","https:\/\/twitter.com\/portalurbanook","https:\/\/www.instagram.com\/_portalurbano\/","https:\/\/www.youtube.com\/channel\/UCXhagIfszH8KxFiOok79zbA?view_as=subscriber"]},{"@type":"Person","@id":"https:\/\/experienciadevida.com.ar\/portalurbano\/#\/schema\/person\/02dd326b1c4b056e9cc972486934a3a7","name":"admpu17wp","image":{"@type":"ImageObject","inLanguage":"es","@id":"https:\/\/experienciadevida.com.ar\/portalurbano\/#\/schema\/person\/image\/","url":"https:\/\/secure.gravatar.com\/avatar\/830d4c57adaae6630765e449a6908047?s=96&d=mm&r=g","contentUrl":"https:\/\/secure.gravatar.com\/avatar\/830d4c57adaae6630765e449a6908047?s=96&d=mm&r=g","caption":"admpu17wp"}}]}},"featured_image_urls":{"full":["https:\/\/experienciadevida.com.ar\/portalurbano\/wp-content\/uploads\/2022\/04\/Se-realizo-el-lanzamiento.jpg",765,510,false],"thumbnail":["https:\/\/experienciadevida.com.ar\/portalurbano\/wp-content\/uploads\/2022\/04\/Se-realizo-el-lanzamiento-150x150.jpg",150,150,true],"medium":["https:\/\/experienciadevida.com.ar\/portalurbano\/wp-content\/uploads\/2022\/04\/Se-realizo-el-lanzamiento-300x200.jpg",300,200,true],"medium_large":["https:\/\/experienciadevida.com.ar\/portalurbano\/wp-content\/uploads\/2022\/04\/Se-realizo-el-lanzamiento.jpg",640,427,false],"large":["https:\/\/experienciadevida.com.ar\/portalurbano\/wp-content\/uploads\/2022\/04\/Se-realizo-el-lanzamiento.jpg",640,427,false],"ug_big":["https:\/\/experienciadevida.com.ar\/portalurbano\/wp-content\/uploads\/2022\/04\/Se-realizo-el-lanzamiento.jpg",765,510,false],"1536x1536":["https:\/\/experienciadevida.com.ar\/portalurbano\/wp-content\/uploads\/2022\/04\/Se-realizo-el-lanzamiento.jpg",765,510,false],"2048x2048":["https:\/\/experienciadevida.com.ar\/portalurbano\/wp-content\/uploads\/2022\/04\/Se-realizo-el-lanzamiento.jpg",765,510,false],"newsever-slider-full":["https:\/\/experienciadevida.com.ar\/portalurbano\/wp-content\/uploads\/2022\/04\/Se-realizo-el-lanzamiento.jpg",765,510,false],"newsever-featured":["https:\/\/experienciadevida.com.ar\/portalurbano\/wp-content\/uploads\/2022\/04\/Se-realizo-el-lanzamiento.jpg",765,510,false],"newsever-medium":["https:\/\/experienciadevida.com.ar\/portalurbano\/wp-content\/uploads\/2022\/04\/Se-realizo-el-lanzamiento.jpg",713,475,false],"web-stories-poster-portrait":["https:\/\/experienciadevida.com.ar\/portalurbano\/wp-content\/uploads\/2022\/04\/Se-realizo-el-lanzamiento.jpg",640,427,false],"web-stories-publisher-logo":["https:\/\/experienciadevida.com.ar\/portalurbano\/wp-content\/uploads\/2022\/04\/Se-realizo-el-lanzamiento.jpg",96,64,false],"web-stories-thumbnail":["https:\/\/experienciadevida.com.ar\/portalurbano\/wp-content\/uploads\/2022\/04\/Se-realizo-el-lanzamiento.jpg",150,100,false]},"author_info":{"display_name":"admpu17wp","author_link":"https:\/\/experienciadevida.com.ar\/portalurbano\/author\/admpu17wp\/"},"category_info":"<a href=\"https:\/\/experienciadevida.com.ar\/portalurbano\/category\/ciudad\/\" rel=\"category tag\">Ciudad<\/a> <a href=\"https:\/\/experienciadevida.com.ar\/portalurbano\/category\/destacadas-2\/\" rel=\"category tag\">Destacadas 2<\/a>","tag_info":"Destacadas 2","comment_count":"0","amp_enabled":true,"_links":{"self":[{"href":"https:\/\/experienciadevida.com.ar\/portalurbano\/wp-json\/wp\/v2\/posts\/165390"}],"collection":[{"href":"https:\/\/experienciadevida.com.ar\/portalurbano\/wp-json\/wp\/v2\/posts"}],"about":[{"href":"https:\/\/experienciadevida.com.ar\/portalurbano\/wp-json\/wp\/v2\/types\/post"}],"author":[{"embeddable":true,"href":"https:\/\/experienciadevida.com.ar\/portalurbano\/wp-json\/wp\/v2\/users\/1"}],"replies":[{"embeddable":true,"href":"https:\/\/experienciadevida.com.ar\/portalurbano\/wp-json\/wp\/v2\/comments?post=165390"}],"version-history":[{"count":4,"href":"https:\/\/experienciadevida.com.ar\/portalurbano\/wp-json\/wp\/v2\/posts\/165390\/revisions"}],"predecessor-version":[{"id":165397,"href":"https:\/\/experienciadevida.com.ar\/portalurbano\/wp-json\/wp\/v2\/posts\/165390\/revisions\/165397"}],"wp:featuredmedia":[{"embeddable":true,"href":"https:\/\/experienciadevida.com.ar\/portalurbano\/wp-json\/wp\/v2\/media\/165392"}],"wp:attachment":[{"href":"https:\/\/experienciadevida.com.ar\/portalurbano\/wp-json\/wp\/v2\/media?parent=165390"}],"wp:term":[{"taxonomy":"category","embeddable":true,"href":"https:\/\/experienciadevida.com.ar\/portalurbano\/wp-json\/wp\/v2\/categories?post=165390"},{"taxonomy":"post_tag","embeddable":true,"href":"https:\/\/experienciadevida.com.ar\/portalurbano\/wp-json\/wp\/v2\/tags?post=165390"}],"curies":[{"name":"wp","href":"https:\/\/api.w.org\/{rel}","templated":true}]}}