{"id":165342,"date":"2022-04-08T19:41:23","date_gmt":"2022-04-08T22:41:23","guid":{"rendered":"https:\/\/experienciadevida.com.ar\/portalurbano\/?p=165342"},"modified":"2022-04-08T19:45:00","modified_gmt":"2022-04-08T22:45:00","slug":"potenciar-trabajo-26-olavarrienses-inician-el-proyecto-de-mantenimiento-y-corte-pasto","status":"publish","type":"post","link":"https:\/\/experienciadevida.com.ar\/portalurbano\/potenciar-trabajo-26-olavarrienses-inician-el-proyecto-de-mantenimiento-y-corte-pasto\/","title":{"rendered":"Potenciar Trabajo: 26 olavarrienses inician el Proyecto de Mantenimiento y corte pasto"},"content":{"rendered":"<p>Potenciar Trabajo: 26 olavarrienses inician el Proyecto de Mantenimiento y corte pasto, en sinton\u00eda con la iniciativa del Gobierno Nacional de convertir los programas sociales en empleo se present\u00f3 la nueva etapa del programa<br \/>\nPotenciar Trabajo Cooperar en la ciudad. Luego se realiz\u00f3 un acto con la presencia de Dami\u00e1n Contreras, Presidente de Trenes Argentinos Capital Humano, en el predio donde se realizar\u00e1n las tareas.<\/p>\n<p>El programa Potenciar Trabajo Cooperar realiz\u00f3 la puesta en marcha del Proyecto de Mantenimiento del predio no operativo de Trenes Argentinos, en un acto realizado en la Sociedad de Fomento \u201cMariano Moreno\u201d, del cual participaron referentes pol\u00edticos locales y autoridades del programa.<\/p>\n<p>Eduardo Rodr\u00edguez, referente del Foro Olavarr\u00eda &#8211; Frente Renovador, destac\u00f3 \u201cel inicio del proyecto de mantenimiento y corte de pasto del predio no operativo de Trenes Argentinos\u201d. \u201cDe esta manera, 26 olavarrienses<br \/>\nrealizar\u00e1n la contraprestaci\u00f3n laboral, respondiendo a la iniciativa del Gobierno Nacional de convertir los programas sociales en empleo \u201d, agreg\u00f3. A su vez, Rodr\u00edguez afirm\u00f3 que \u201cen la medida que la actividad econ\u00f3mica privada crezca podr\u00e1 dar respuesta al mercado laboral\u201d.<\/p>\n<p>Del acto tambi\u00e9n participaron otros referentes del Foro Olavarr\u00eda &#8211; Frente Renovador como la concejala In\u00e9s Creimer y el concejal Gast\u00f3n Sarachu, el Subdelegado de la Comisi\u00f3n Nacional de Regulaci\u00f3n del Transporte Sergio<br \/>\nFeoli y el equipo de Trabajo T\u00e9cnico y Territorial del Distrito de Olavarr\u00eda, conformado por Agust\u00edn Alfonzo, Marisa Mart\u00ednez y Micaela Alfonzo. Tambi\u00e9n se destac\u00f3 la presencia del equipo t\u00e9cnico del programa Potenciar Trabajo Cooperar, encabezado por el Profesor Ezequiel Wanjcer, Coordinador Nacional de Potenciar Trabajo Cooperar Unidad de Gesti\u00f3n Trenes Argentinos y Coordinador de Terminalidad Educativa de las Empresas Trenes Argentinos Capital Humano.<\/p>\n<p>Posteriormente se dio la llegada de Dami\u00e1n Contreras, Presidente de Trenes Argentinos Capital Humano, al predio ubicado en Amparo Castro y Av. Del Valle. All\u00ed, el funcionario dedic\u00f3 unas palabras a los olavarrienses que har\u00e1n la contraprestaci\u00f3n.<\/p>\n<p>&#8220;No tengo dudas que ac\u00e1 hay gente con voluntad de trabajo y que el programa Potenciar Trabajo se realizar\u00e1 de la mejor manera con el respaldo de Eduardo Rodr\u00edguez y su equipo&#8221;, se\u00f1al\u00f3 Contreras. &#8220;El \u00e9xito del Potenciar Trabajo lo veremos reflejado cuando cada uno de ustedes pueda ingresar en el mundo laboral con todas las herramientas adquiridas por el programa&#8221;, afirm\u00f3 el Presidente de Trenes Argentinos Capital Humano.<\/p>\n<div class=\"mimePartBase\">\n<div class=\"mimePartData\">\n<div class=\"fixed leftAlign\">Cabe aclarar que todas las personas que inician en el Proyecto de Mantenimiento del predio no operativo de Trenes Argentinos ya se encontraban incluidas en el Programa Potenciar Trabajo Cooperar realizando las capacitaciones virtuales ofrecidas.<\/div>\n<\/div>\n<\/div>\n<div class=\"mimePartBase\"><\/div>\n","protected":false},"excerpt":{"rendered":"<p>Potenciar Trabajo: 26 olavarrienses inician el Proyecto de Mantenimiento y corte pasto, en sinton\u00eda con&#8230;<\/p>\n","protected":false},"author":1,"featured_media":165343,"comment_status":"closed","ping_status":"closed","sticky":false,"template":"","format":"standard","meta":{"content-type":""},"categories":[27,64],"tags":[],"nelio_content":{"isAutoShareEnabled":false,"autoShareEndMode":"default","automationSources":{"useContentSentences":true,"useSocialTemplates":true,"useCustomSentences":false,"customSentences":[]},"followers":[1],"suggestedReferences":[],"includedReferences":[],"efiUrl":"","efiAlt":"","highlights":[]},"yoast_head":"<!-- This site is optimized with the Yoast SEO plugin v20.7 - https:\/\/yoast.com\/wordpress\/plugins\/seo\/ -->\n<title>Potenciar trabajo: 26 Olavarrienses inician el proyecto<\/title>\n<meta name=\"description\" content=\"Potenciar Trabajo: 26 olavarrienses inician el Proyecto de Mantenimiento y corte pasto, en sinton\u00eda con la iniciativa del Gobierno Nacional\" \/>\n<meta name=\"robots\" content=\"index, follow, max-snippet:-1, max-image-preview:large, max-video-preview:-1\" \/>\n<link rel=\"canonical\" href=\"https:\/\/experienciadevida.com.ar\/portalurbano\/potenciar-trabajo-26-olavarrienses-inician-el-proyecto-de-mantenimiento-y-corte-pasto\/\" \/>\n<meta property=\"og:locale\" content=\"es_ES\" \/>\n<meta property=\"og:type\" content=\"article\" \/>\n<meta property=\"og:title\" content=\"Potenciar trabajo: 26 Olavarrienses inician el proyecto\" \/>\n<meta property=\"og:description\" content=\"Potenciar Trabajo: 26 olavarrienses inician el Proyecto de Mantenimiento y corte pasto, en sinton\u00eda con la iniciativa del Gobierno Nacional\" \/>\n<meta property=\"og:url\" content=\"https:\/\/experienciadevida.com.ar\/portalurbano\/potenciar-trabajo-26-olavarrienses-inician-el-proyecto-de-mantenimiento-y-corte-pasto\/\" \/>\n<meta property=\"article:publisher\" content=\"https:\/\/www.facebook.com\/Portal-Urbano-171542830093757\/\" \/>\n<meta property=\"article:published_time\" content=\"2022-04-08T22:41:23+00:00\" \/>\n<meta property=\"article:modified_time\" content=\"2022-04-08T22:45:00+00:00\" \/>\n<meta property=\"og:image\" content=\"https:\/\/experienciadevida.com.ar\/portalurbano\/wp-content\/uploads\/2022\/04\/Potenciar-Trabajo-scaled.jpg\" \/>\n\t<meta property=\"og:image:width\" content=\"2560\" \/>\n\t<meta property=\"og:image:height\" content=\"1707\" \/>\n\t<meta property=\"og:image:type\" content=\"image\/jpeg\" \/>\n<meta name=\"author\" content=\"admpu17wp\" \/>\n<meta name=\"twitter:card\" content=\"summary_large_image\" \/>\n<meta name=\"twitter:creator\" content=\"@portalurbanook\" \/>\n<meta name=\"twitter:site\" content=\"@portalurbanook\" \/>\n<meta name=\"twitter:label1\" content=\"Escrito por\" \/>\n\t<meta name=\"twitter:data1\" content=\"admpu17wp\" \/>\n\t<meta name=\"twitter:label2\" content=\"Tiempo de lectura\" \/>\n\t<meta name=\"twitter:data2\" content=\"2 minutos\" \/>\n<script type=\"application\/ld+json\" class=\"yoast-schema-graph\">{\"@context\":\"https:\/\/schema.org\",\"@graph\":[{\"@type\":\"Article\",\"@id\":\"https:\/\/experienciadevida.com.ar\/portalurbano\/potenciar-trabajo-26-olavarrienses-inician-el-proyecto-de-mantenimiento-y-corte-pasto\/#article\",\"isPartOf\":{\"@id\":\"https:\/\/experienciadevida.com.ar\/portalurbano\/potenciar-trabajo-26-olavarrienses-inician-el-proyecto-de-mantenimiento-y-corte-pasto\/\"},\"author\":{\"name\":\"admpu17wp\",\"@id\":\"https:\/\/experienciadevida.com.ar\/portalurbano\/#\/schema\/person\/02dd326b1c4b056e9cc972486934a3a7\"},\"headline\":\"Potenciar Trabajo: 26 olavarrienses inician el Proyecto de Mantenimiento y corte pasto\",\"datePublished\":\"2022-04-08T22:41:23+00:00\",\"dateModified\":\"2022-04-08T22:45:00+00:00\",\"mainEntityOfPage\":{\"@id\":\"https:\/\/experienciadevida.com.ar\/portalurbano\/potenciar-trabajo-26-olavarrienses-inician-el-proyecto-de-mantenimiento-y-corte-pasto\/\"},\"wordCount\":454,\"publisher\":{\"@id\":\"https:\/\/experienciadevida.com.ar\/portalurbano\/#organization\"},\"articleSection\":[\"Ciudad\",\"Destacadas 2\"],\"inLanguage\":\"es\"},{\"@type\":\"WebPage\",\"@id\":\"https:\/\/experienciadevida.com.ar\/portalurbano\/potenciar-trabajo-26-olavarrienses-inician-el-proyecto-de-mantenimiento-y-corte-pasto\/\",\"url\":\"https:\/\/experienciadevida.com.ar\/portalurbano\/potenciar-trabajo-26-olavarrienses-inician-el-proyecto-de-mantenimiento-y-corte-pasto\/\",\"name\":\"Potenciar trabajo: 26 Olavarrienses inician el proyecto\",\"isPartOf\":{\"@id\":\"https:\/\/experienciadevida.com.ar\/portalurbano\/#website\"},\"datePublished\":\"2022-04-08T22:41:23+00:00\",\"dateModified\":\"2022-04-08T22:45:00+00:00\",\"description\":\"Potenciar Trabajo: 26 olavarrienses inician el Proyecto de Mantenimiento y corte pasto, en sinton\u00eda con la iniciativa del Gobierno Nacional\",\"breadcrumb\":{\"@id\":\"https:\/\/experienciadevida.com.ar\/portalurbano\/potenciar-trabajo-26-olavarrienses-inician-el-proyecto-de-mantenimiento-y-corte-pasto\/#breadcrumb\"},\"inLanguage\":\"es\",\"potentialAction\":[{\"@type\":\"ReadAction\",\"target\":[\"https:\/\/experienciadevida.com.ar\/portalurbano\/potenciar-trabajo-26-olavarrienses-inician-el-proyecto-de-mantenimiento-y-corte-pasto\/\"]}]},{\"@type\":\"BreadcrumbList\",\"@id\":\"https:\/\/experienciadevida.com.ar\/portalurbano\/potenciar-trabajo-26-olavarrienses-inician-el-proyecto-de-mantenimiento-y-corte-pasto\/#breadcrumb\",\"itemListElement\":[{\"@type\":\"ListItem\",\"position\":1,\"name\":\"Portada\",\"item\":\"https:\/\/experienciadevida.com.ar\/portalurbano\/\"},{\"@type\":\"ListItem\",\"position\":2,\"name\":\"Potenciar Trabajo: 26 olavarrienses inician el Proyecto de Mantenimiento y corte pasto\"}]},{\"@type\":\"WebSite\",\"@id\":\"https:\/\/experienciadevida.com.ar\/portalurbano\/#website\",\"url\":\"https:\/\/experienciadevida.com.ar\/portalurbano\/\",\"name\":\"\",\"description\":\"\",\"publisher\":{\"@id\":\"https:\/\/experienciadevida.com.ar\/portalurbano\/#organization\"},\"potentialAction\":[{\"@type\":\"SearchAction\",\"target\":{\"@type\":\"EntryPoint\",\"urlTemplate\":\"https:\/\/experienciadevida.com.ar\/portalurbano\/?s={search_term_string}\"},\"query-input\":\"required name=search_term_string\"}],\"inLanguage\":\"es\"},{\"@type\":\"Organization\",\"@id\":\"https:\/\/experienciadevida.com.ar\/portalurbano\/#organization\",\"name\":\"Portal Urbano\",\"url\":\"https:\/\/experienciadevida.com.ar\/portalurbano\/\",\"logo\":{\"@type\":\"ImageObject\",\"inLanguage\":\"es\",\"@id\":\"https:\/\/experienciadevida.com.ar\/portalurbano\/#\/schema\/logo\/image\/\",\"url\":\"https:\/\/experienciadevida.com.ar\/portalurbano\/wp-content\/uploads\/2019\/09\/Logo-Original.png\",\"contentUrl\":\"https:\/\/experienciadevida.com.ar\/portalurbano\/wp-content\/uploads\/2019\/09\/Logo-Original.png\",\"width\":2236,\"height\":1216,\"caption\":\"Portal Urbano\"},\"image\":{\"@id\":\"https:\/\/experienciadevida.com.ar\/portalurbano\/#\/schema\/logo\/image\/\"},\"sameAs\":[\"https:\/\/www.facebook.com\/Portal-Urbano-171542830093757\/\",\"https:\/\/twitter.com\/portalurbanook\",\"https:\/\/www.instagram.com\/_portalurbano\/\",\"https:\/\/www.youtube.com\/channel\/UCXhagIfszH8KxFiOok79zbA?view_as=subscriber\"]},{\"@type\":\"Person\",\"@id\":\"https:\/\/experienciadevida.com.ar\/portalurbano\/#\/schema\/person\/02dd326b1c4b056e9cc972486934a3a7\",\"name\":\"admpu17wp\",\"image\":{\"@type\":\"ImageObject\",\"inLanguage\":\"es\",\"@id\":\"https:\/\/experienciadevida.com.ar\/portalurbano\/#\/schema\/person\/image\/\",\"url\":\"https:\/\/secure.gravatar.com\/avatar\/830d4c57adaae6630765e449a6908047?s=96&d=mm&r=g\",\"contentUrl\":\"https:\/\/secure.gravatar.com\/avatar\/830d4c57adaae6630765e449a6908047?s=96&d=mm&r=g\",\"caption\":\"admpu17wp\"}}]}<\/script>\n<!-- \/ Yoast SEO plugin. -->","yoast_head_json":{"title":"Potenciar trabajo: 26 Olavarrienses inician el proyecto","description":"Potenciar Trabajo: 26 olavarrienses inician el Proyecto de Mantenimiento y corte pasto, en sinton\u00eda con la iniciativa del Gobierno Nacional","robots":{"index":"index","follow":"follow","max-snippet":"max-snippet:-1","max-image-preview":"max-image-preview:large","max-video-preview":"max-video-preview:-1"},"canonical":"https:\/\/experienciadevida.com.ar\/portalurbano\/potenciar-trabajo-26-olavarrienses-inician-el-proyecto-de-mantenimiento-y-corte-pasto\/","og_locale":"es_ES","og_type":"article","og_title":"Potenciar trabajo: 26 Olavarrienses inician el proyecto","og_description":"Potenciar Trabajo: 26 olavarrienses inician el Proyecto de Mantenimiento y corte pasto, en sinton\u00eda con la iniciativa del Gobierno Nacional","og_url":"https:\/\/experienciadevida.com.ar\/portalurbano\/potenciar-trabajo-26-olavarrienses-inician-el-proyecto-de-mantenimiento-y-corte-pasto\/","article_publisher":"https:\/\/www.facebook.com\/Portal-Urbano-171542830093757\/","article_published_time":"2022-04-08T22:41:23+00:00","article_modified_time":"2022-04-08T22:45:00+00:00","og_image":[{"width":2560,"height":1707,"url":"https:\/\/experienciadevida.com.ar\/portalurbano\/wp-content\/uploads\/2022\/04\/Potenciar-Trabajo-scaled.jpg","type":"image\/jpeg"}],"author":"admpu17wp","twitter_card":"summary_large_image","twitter_creator":"@portalurbanook","twitter_site":"@portalurbanook","twitter_misc":{"Escrito por":"admpu17wp","Tiempo de lectura":"2 minutos"},"schema":{"@context":"https:\/\/schema.org","@graph":[{"@type":"Article","@id":"https:\/\/experienciadevida.com.ar\/portalurbano\/potenciar-trabajo-26-olavarrienses-inician-el-proyecto-de-mantenimiento-y-corte-pasto\/#article","isPartOf":{"@id":"https:\/\/experienciadevida.com.ar\/portalurbano\/potenciar-trabajo-26-olavarrienses-inician-el-proyecto-de-mantenimiento-y-corte-pasto\/"},"author":{"name":"admpu17wp","@id":"https:\/\/experienciadevida.com.ar\/portalurbano\/#\/schema\/person\/02dd326b1c4b056e9cc972486934a3a7"},"headline":"Potenciar Trabajo: 26 olavarrienses inician el Proyecto de Mantenimiento y corte pasto","datePublished":"2022-04-08T22:41:23+00:00","dateModified":"2022-04-08T22:45:00+00:00","mainEntityOfPage":{"@id":"https:\/\/experienciadevida.com.ar\/portalurbano\/potenciar-trabajo-26-olavarrienses-inician-el-proyecto-de-mantenimiento-y-corte-pasto\/"},"wordCount":454,"publisher":{"@id":"https:\/\/experienciadevida.com.ar\/portalurbano\/#organization"},"articleSection":["Ciudad","Destacadas 2"],"inLanguage":"es"},{"@type":"WebPage","@id":"https:\/\/experienciadevida.com.ar\/portalurbano\/potenciar-trabajo-26-olavarrienses-inician-el-proyecto-de-mantenimiento-y-corte-pasto\/","url":"https:\/\/experienciadevida.com.ar\/portalurbano\/potenciar-trabajo-26-olavarrienses-inician-el-proyecto-de-mantenimiento-y-corte-pasto\/","name":"Potenciar trabajo: 26 Olavarrienses inician el proyecto","isPartOf":{"@id":"https:\/\/experienciadevida.com.ar\/portalurbano\/#website"},"datePublished":"2022-04-08T22:41:23+00:00","dateModified":"2022-04-08T22:45:00+00:00","description":"Potenciar Trabajo: 26 olavarrienses inician el Proyecto de Mantenimiento y corte pasto, en sinton\u00eda con la iniciativa del Gobierno Nacional","breadcrumb":{"@id":"https:\/\/experienciadevida.com.ar\/portalurbano\/potenciar-trabajo-26-olavarrienses-inician-el-proyecto-de-mantenimiento-y-corte-pasto\/#breadcrumb"},"inLanguage":"es","potentialAction":[{"@type":"ReadAction","target":["https:\/\/experienciadevida.com.ar\/portalurbano\/potenciar-trabajo-26-olavarrienses-inician-el-proyecto-de-mantenimiento-y-corte-pasto\/"]}]},{"@type":"BreadcrumbList","@id":"https:\/\/experienciadevida.com.ar\/portalurbano\/potenciar-trabajo-26-olavarrienses-inician-el-proyecto-de-mantenimiento-y-corte-pasto\/#breadcrumb","itemListElement":[{"@type":"ListItem","position":1,"name":"Portada","item":"https:\/\/experienciadevida.com.ar\/portalurbano\/"},{"@type":"ListItem","position":2,"name":"Potenciar Trabajo: 26 olavarrienses inician el Proyecto de Mantenimiento y corte pasto"}]},{"@type":"WebSite","@id":"https:\/\/experienciadevida.com.ar\/portalurbano\/#website","url":"https:\/\/experienciadevida.com.ar\/portalurbano\/","name":"","description":"","publisher":{"@id":"https:\/\/experienciadevida.com.ar\/portalurbano\/#organization"},"potentialAction":[{"@type":"SearchAction","target":{"@type":"EntryPoint","urlTemplate":"https:\/\/experienciadevida.com.ar\/portalurbano\/?s={search_term_string}"},"query-input":"required name=search_term_string"}],"inLanguage":"es"},{"@type":"Organization","@id":"https:\/\/experienciadevida.com.ar\/portalurbano\/#organization","name":"Portal Urbano","url":"https:\/\/experienciadevida.com.ar\/portalurbano\/","logo":{"@type":"ImageObject","inLanguage":"es","@id":"https:\/\/experienciadevida.com.ar\/portalurbano\/#\/schema\/logo\/image\/","url":"https:\/\/experienciadevida.com.ar\/portalurbano\/wp-content\/uploads\/2019\/09\/Logo-Original.png","contentUrl":"https:\/\/experienciadevida.com.ar\/portalurbano\/wp-content\/uploads\/2019\/09\/Logo-Original.png","width":2236,"height":1216,"caption":"Portal Urbano"},"image":{"@id":"https:\/\/experienciadevida.com.ar\/portalurbano\/#\/schema\/logo\/image\/"},"sameAs":["https:\/\/www.facebook.com\/Portal-Urbano-171542830093757\/","https:\/\/twitter.com\/portalurbanook","https:\/\/www.instagram.com\/_portalurbano\/","https:\/\/www.youtube.com\/channel\/UCXhagIfszH8KxFiOok79zbA?view_as=subscriber"]},{"@type":"Person","@id":"https:\/\/experienciadevida.com.ar\/portalurbano\/#\/schema\/person\/02dd326b1c4b056e9cc972486934a3a7","name":"admpu17wp","image":{"@type":"ImageObject","inLanguage":"es","@id":"https:\/\/experienciadevida.com.ar\/portalurbano\/#\/schema\/person\/image\/","url":"https:\/\/secure.gravatar.com\/avatar\/830d4c57adaae6630765e449a6908047?s=96&d=mm&r=g","contentUrl":"https:\/\/secure.gravatar.com\/avatar\/830d4c57adaae6630765e449a6908047?s=96&d=mm&r=g","caption":"admpu17wp"}}]}},"featured_image_urls":{"full":["https:\/\/experienciadevida.com.ar\/portalurbano\/wp-content\/uploads\/2022\/04\/Potenciar-Trabajo-scaled.jpg",2560,1707,false],"thumbnail":["https:\/\/experienciadevida.com.ar\/portalurbano\/wp-content\/uploads\/2022\/04\/Potenciar-Trabajo-150x150.jpg",150,150,true],"medium":["https:\/\/experienciadevida.com.ar\/portalurbano\/wp-content\/uploads\/2022\/04\/Potenciar-Trabajo-300x200.jpg",300,200,true],"medium_large":["https:\/\/experienciadevida.com.ar\/portalurbano\/wp-content\/uploads\/2022\/04\/Potenciar-Trabajo-768x512.jpg",640,427,true],"large":["https:\/\/experienciadevida.com.ar\/portalurbano\/wp-content\/uploads\/2022\/04\/Potenciar-Trabajo-1024x683.jpg",640,427,true],"ug_big":["https:\/\/experienciadevida.com.ar\/portalurbano\/wp-content\/uploads\/2022\/04\/Potenciar-Trabajo-768x512.jpg",768,512,true],"1536x1536":["https:\/\/experienciadevida.com.ar\/portalurbano\/wp-content\/uploads\/2022\/04\/Potenciar-Trabajo-1536x1024.jpg",1536,1024,true],"2048x2048":["https:\/\/experienciadevida.com.ar\/portalurbano\/wp-content\/uploads\/2022\/04\/Potenciar-Trabajo-2048x1365.jpg",2048,1365,true],"newsever-slider-full":["https:\/\/experienciadevida.com.ar\/portalurbano\/wp-content\/uploads\/2022\/04\/Potenciar-Trabajo-scaled.jpg",1267,845,false],"newsever-featured":["https:\/\/experienciadevida.com.ar\/portalurbano\/wp-content\/uploads\/2022\/04\/Potenciar-Trabajo-scaled.jpg",1024,683,false],"newsever-medium":["https:\/\/experienciadevida.com.ar\/portalurbano\/wp-content\/uploads\/2022\/04\/Potenciar-Trabajo-scaled.jpg",712,475,false],"web-stories-poster-portrait":["https:\/\/experienciadevida.com.ar\/portalurbano\/wp-content\/uploads\/2022\/04\/Potenciar-Trabajo-scaled.jpg",640,427,false],"web-stories-publisher-logo":["https:\/\/experienciadevida.com.ar\/portalurbano\/wp-content\/uploads\/2022\/04\/Potenciar-Trabajo-scaled.jpg",96,64,false],"web-stories-thumbnail":["https:\/\/experienciadevida.com.ar\/portalurbano\/wp-content\/uploads\/2022\/04\/Potenciar-Trabajo-scaled.jpg",150,100,false]},"author_info":{"display_name":"admpu17wp","author_link":"https:\/\/experienciadevida.com.ar\/portalurbano\/author\/admpu17wp\/"},"category_info":"<a href=\"https:\/\/experienciadevida.com.ar\/portalurbano\/category\/ciudad\/\" rel=\"category tag\">Ciudad<\/a> <a href=\"https:\/\/experienciadevida.com.ar\/portalurbano\/category\/destacadas-2\/\" rel=\"category tag\">Destacadas 2<\/a>","tag_info":"Destacadas 2","comment_count":"0","amp_enabled":true,"_links":{"self":[{"href":"https:\/\/experienciadevida.com.ar\/portalurbano\/wp-json\/wp\/v2\/posts\/165342"}],"collection":[{"href":"https:\/\/experienciadevida.com.ar\/portalurbano\/wp-json\/wp\/v2\/posts"}],"about":[{"href":"https:\/\/experienciadevida.com.ar\/portalurbano\/wp-json\/wp\/v2\/types\/post"}],"author":[{"embeddable":true,"href":"https:\/\/experienciadevida.com.ar\/portalurbano\/wp-json\/wp\/v2\/users\/1"}],"replies":[{"embeddable":true,"href":"https:\/\/experienciadevida.com.ar\/portalurbano\/wp-json\/wp\/v2\/comments?post=165342"}],"version-history":[{"count":1,"href":"https:\/\/experienciadevida.com.ar\/portalurbano\/wp-json\/wp\/v2\/posts\/165342\/revisions"}],"predecessor-version":[{"id":165344,"href":"https:\/\/experienciadevida.com.ar\/portalurbano\/wp-json\/wp\/v2\/posts\/165342\/revisions\/165344"}],"wp:featuredmedia":[{"embeddable":true,"href":"https:\/\/experienciadevida.com.ar\/portalurbano\/wp-json\/wp\/v2\/media\/165343"}],"wp:attachment":[{"href":"https:\/\/experienciadevida.com.ar\/portalurbano\/wp-json\/wp\/v2\/media?parent=165342"}],"wp:term":[{"taxonomy":"category","embeddable":true,"href":"https:\/\/experienciadevida.com.ar\/portalurbano\/wp-json\/wp\/v2\/categories?post=165342"},{"taxonomy":"post_tag","embeddable":true,"href":"https:\/\/experienciadevida.com.ar\/portalurbano\/wp-json\/wp\/v2\/tags?post=165342"}],"curies":[{"name":"wp","href":"https:\/\/api.w.org\/{rel}","templated":true}]}}