{"id":165293,"date":"2022-04-08T10:02:26","date_gmt":"2022-04-08T13:02:26","guid":{"rendered":"https:\/\/experienciadevida.com.ar\/portalurbano\/?p=165293"},"modified":"2022-04-08T10:11:39","modified_gmt":"2022-04-08T13:11:39","slug":"abierta-la-inscripcion-para-30-proyectos-de-practicas-laborales","status":"publish","type":"post","link":"https:\/\/experienciadevida.com.ar\/portalurbano\/abierta-la-inscripcion-para-30-proyectos-de-practicas-laborales\/","title":{"rendered":"Abierta la inscripci\u00f3n para 30 proyectos de pr\u00e1cticas laborales"},"content":{"rendered":"<p>Abierta la inscripci\u00f3n para 30 proyectos de pr\u00e1cticas laborales, la Secretar\u00eda de Desarrollo Econ\u00f3mico del <a href=\"https:\/\/www.facebook.com\/municipiodeolavarria\">Municipio<\/a>, a trav\u00e9s de la Direcci\u00f3n de Empleo, informa que se encuentra abierta la inscripci\u00f3n para participar de 30 proyectos de entrenamiento para el trabajo, en el mes de mayo, con el objetivo de vincular a j\u00f3venes de 18 a 24 a\u00f1os, con empresas dispuestas a entrenar aprendices.<\/p>\n<p>Tales proyectos se realizar\u00e1n a trav\u00e9s de los programas de empleo que brindan incentivos econ\u00f3micos a las empresas.<\/p>\n<p>Los j\u00f3venes que deseen participar en esta iniciativa, realizar\u00e1n talleres de confecci\u00f3n y video CV, entrevistas grupales e individuales. Quienes queden preseleccionados acceder\u00e1n a una entrevista final con los empleadores.<\/p>\n<p>Los entrenamientos se realizar\u00e1n durante un per\u00edodo de 3 a 6 meses. Los participantes cumplir\u00e1n funciones de lunes a viernes, con un total de 20 horas semanales.<\/p>\n<p>La inscripci\u00f3n se encuentra abierta hasta el d\u00eda 10 de abril. Los interesados pueden registrarse completando el formulario.<\/p>\n<p>Es requisito tener entre 18 y 24 a\u00f1os y no registrar trabajo formal.<\/p>\n<p>Para m\u00e1s informaci\u00f3n podr\u00e1n acercarse a la Secretar\u00eda de Desarrollo Econ\u00f3mico, Moreno 2765, o contact\u00e1ndose a los tel\u00e9fonos 422135\/422195.<\/p>\n<p>&nbsp;<\/p>\n","protected":false},"excerpt":{"rendered":"<p>Abierta la inscripci\u00f3n para 30 proyectos de pr\u00e1cticas laborales, la Secretar\u00eda de Desarrollo Econ\u00f3mico del&#8230;<\/p>\n","protected":false},"author":1,"featured_media":165294,"comment_status":"closed","ping_status":"closed","sticky":false,"template":"","format":"standard","meta":{"content-type":""},"categories":[27,51],"tags":[],"nelio_content":{"isAutoShareEnabled":false,"autoShareEndMode":"default","automationSources":{"useContentSentences":true,"useSocialTemplates":true,"useCustomSentences":false,"customSentences":[]},"followers":[1],"suggestedReferences":[],"includedReferences":[],"efiUrl":"","efiAlt":"","highlights":[]},"yoast_head":"<!-- This site is optimized with the Yoast SEO plugin v20.7 - https:\/\/yoast.com\/wordpress\/plugins\/seo\/ -->\n<title>Abierta la inscripci\u00f3n para 30 proyectos de pr\u00e1cticas laborales<\/title>\n<meta name=\"description\" content=\"Abierta la inscripci\u00f3n para 30 proyectos de pr\u00e1cticas laborales, de entrenamiento para el trabajo, con el objetivo de vincular a j\u00f3venes de 18\" \/>\n<meta name=\"robots\" content=\"index, follow, max-snippet:-1, max-image-preview:large, max-video-preview:-1\" \/>\n<link rel=\"canonical\" href=\"https:\/\/experienciadevida.com.ar\/portalurbano\/abierta-la-inscripcion-para-30-proyectos-de-practicas-laborales\/\" \/>\n<meta property=\"og:locale\" content=\"es_ES\" \/>\n<meta property=\"og:type\" content=\"article\" \/>\n<meta property=\"og:title\" content=\"Abierta la inscripci\u00f3n para 30 proyectos de pr\u00e1cticas laborales\" \/>\n<meta property=\"og:description\" content=\"Abierta la inscripci\u00f3n para 30 proyectos de pr\u00e1cticas laborales, de entrenamiento para el trabajo, con el objetivo de vincular a j\u00f3venes de 18\" \/>\n<meta property=\"og:url\" content=\"https:\/\/experienciadevida.com.ar\/portalurbano\/abierta-la-inscripcion-para-30-proyectos-de-practicas-laborales\/\" \/>\n<meta property=\"article:publisher\" content=\"https:\/\/www.facebook.com\/Portal-Urbano-171542830093757\/\" \/>\n<meta property=\"article:published_time\" content=\"2022-04-08T13:02:26+00:00\" \/>\n<meta property=\"article:modified_time\" content=\"2022-04-08T13:11:39+00:00\" \/>\n<meta property=\"og:image\" content=\"https:\/\/experienciadevida.com.ar\/portalurbano\/wp-content\/uploads\/2022\/04\/Abierta-la-inscripcion-para.jpg\" \/>\n\t<meta property=\"og:image:width\" content=\"1024\" \/>\n\t<meta property=\"og:image:height\" content=\"682\" \/>\n\t<meta property=\"og:image:type\" content=\"image\/jpeg\" \/>\n<meta name=\"author\" content=\"admpu17wp\" \/>\n<meta name=\"twitter:card\" content=\"summary_large_image\" \/>\n<meta name=\"twitter:creator\" content=\"@portalurbanook\" \/>\n<meta name=\"twitter:site\" content=\"@portalurbanook\" \/>\n<meta name=\"twitter:label1\" content=\"Escrito por\" \/>\n\t<meta name=\"twitter:data1\" content=\"admpu17wp\" \/>\n\t<meta name=\"twitter:label2\" content=\"Tiempo de lectura\" \/>\n\t<meta name=\"twitter:data2\" content=\"1 minuto\" \/>\n<script type=\"application\/ld+json\" class=\"yoast-schema-graph\">{\"@context\":\"https:\/\/schema.org\",\"@graph\":[{\"@type\":\"Article\",\"@id\":\"https:\/\/experienciadevida.com.ar\/portalurbano\/abierta-la-inscripcion-para-30-proyectos-de-practicas-laborales\/#article\",\"isPartOf\":{\"@id\":\"https:\/\/experienciadevida.com.ar\/portalurbano\/abierta-la-inscripcion-para-30-proyectos-de-practicas-laborales\/\"},\"author\":{\"name\":\"admpu17wp\",\"@id\":\"https:\/\/experienciadevida.com.ar\/portalurbano\/#\/schema\/person\/02dd326b1c4b056e9cc972486934a3a7\"},\"headline\":\"Abierta la inscripci\u00f3n para 30 proyectos de pr\u00e1cticas laborales\",\"datePublished\":\"2022-04-08T13:02:26+00:00\",\"dateModified\":\"2022-04-08T13:11:39+00:00\",\"mainEntityOfPage\":{\"@id\":\"https:\/\/experienciadevida.com.ar\/portalurbano\/abierta-la-inscripcion-para-30-proyectos-de-practicas-laborales\/\"},\"wordCount\":216,\"publisher\":{\"@id\":\"https:\/\/experienciadevida.com.ar\/portalurbano\/#organization\"},\"articleSection\":[\"Ciudad\",\"Destacadas\"],\"inLanguage\":\"es\"},{\"@type\":\"WebPage\",\"@id\":\"https:\/\/experienciadevida.com.ar\/portalurbano\/abierta-la-inscripcion-para-30-proyectos-de-practicas-laborales\/\",\"url\":\"https:\/\/experienciadevida.com.ar\/portalurbano\/abierta-la-inscripcion-para-30-proyectos-de-practicas-laborales\/\",\"name\":\"Abierta la inscripci\u00f3n para 30 proyectos de pr\u00e1cticas laborales\",\"isPartOf\":{\"@id\":\"https:\/\/experienciadevida.com.ar\/portalurbano\/#website\"},\"datePublished\":\"2022-04-08T13:02:26+00:00\",\"dateModified\":\"2022-04-08T13:11:39+00:00\",\"description\":\"Abierta la inscripci\u00f3n para 30 proyectos de pr\u00e1cticas laborales, de entrenamiento para el trabajo, con el objetivo de vincular a j\u00f3venes de 18\",\"breadcrumb\":{\"@id\":\"https:\/\/experienciadevida.com.ar\/portalurbano\/abierta-la-inscripcion-para-30-proyectos-de-practicas-laborales\/#breadcrumb\"},\"inLanguage\":\"es\",\"potentialAction\":[{\"@type\":\"ReadAction\",\"target\":[\"https:\/\/experienciadevida.com.ar\/portalurbano\/abierta-la-inscripcion-para-30-proyectos-de-practicas-laborales\/\"]}]},{\"@type\":\"BreadcrumbList\",\"@id\":\"https:\/\/experienciadevida.com.ar\/portalurbano\/abierta-la-inscripcion-para-30-proyectos-de-practicas-laborales\/#breadcrumb\",\"itemListElement\":[{\"@type\":\"ListItem\",\"position\":1,\"name\":\"Portada\",\"item\":\"https:\/\/experienciadevida.com.ar\/portalurbano\/\"},{\"@type\":\"ListItem\",\"position\":2,\"name\":\"Abierta la inscripci\u00f3n para 30 proyectos de pr\u00e1cticas laborales\"}]},{\"@type\":\"WebSite\",\"@id\":\"https:\/\/experienciadevida.com.ar\/portalurbano\/#website\",\"url\":\"https:\/\/experienciadevida.com.ar\/portalurbano\/\",\"name\":\"\",\"description\":\"\",\"publisher\":{\"@id\":\"https:\/\/experienciadevida.com.ar\/portalurbano\/#organization\"},\"potentialAction\":[{\"@type\":\"SearchAction\",\"target\":{\"@type\":\"EntryPoint\",\"urlTemplate\":\"https:\/\/experienciadevida.com.ar\/portalurbano\/?s={search_term_string}\"},\"query-input\":\"required name=search_term_string\"}],\"inLanguage\":\"es\"},{\"@type\":\"Organization\",\"@id\":\"https:\/\/experienciadevida.com.ar\/portalurbano\/#organization\",\"name\":\"Portal Urbano\",\"url\":\"https:\/\/experienciadevida.com.ar\/portalurbano\/\",\"logo\":{\"@type\":\"ImageObject\",\"inLanguage\":\"es\",\"@id\":\"https:\/\/experienciadevida.com.ar\/portalurbano\/#\/schema\/logo\/image\/\",\"url\":\"https:\/\/experienciadevida.com.ar\/portalurbano\/wp-content\/uploads\/2019\/09\/Logo-Original.png\",\"contentUrl\":\"https:\/\/experienciadevida.com.ar\/portalurbano\/wp-content\/uploads\/2019\/09\/Logo-Original.png\",\"width\":2236,\"height\":1216,\"caption\":\"Portal Urbano\"},\"image\":{\"@id\":\"https:\/\/experienciadevida.com.ar\/portalurbano\/#\/schema\/logo\/image\/\"},\"sameAs\":[\"https:\/\/www.facebook.com\/Portal-Urbano-171542830093757\/\",\"https:\/\/twitter.com\/portalurbanook\",\"https:\/\/www.instagram.com\/_portalurbano\/\",\"https:\/\/www.youtube.com\/channel\/UCXhagIfszH8KxFiOok79zbA?view_as=subscriber\"]},{\"@type\":\"Person\",\"@id\":\"https:\/\/experienciadevida.com.ar\/portalurbano\/#\/schema\/person\/02dd326b1c4b056e9cc972486934a3a7\",\"name\":\"admpu17wp\",\"image\":{\"@type\":\"ImageObject\",\"inLanguage\":\"es\",\"@id\":\"https:\/\/experienciadevida.com.ar\/portalurbano\/#\/schema\/person\/image\/\",\"url\":\"https:\/\/secure.gravatar.com\/avatar\/830d4c57adaae6630765e449a6908047?s=96&d=mm&r=g\",\"contentUrl\":\"https:\/\/secure.gravatar.com\/avatar\/830d4c57adaae6630765e449a6908047?s=96&d=mm&r=g\",\"caption\":\"admpu17wp\"}}]}<\/script>\n<!-- \/ Yoast SEO plugin. -->","yoast_head_json":{"title":"Abierta la inscripci\u00f3n para 30 proyectos de pr\u00e1cticas laborales","description":"Abierta la inscripci\u00f3n para 30 proyectos de pr\u00e1cticas laborales, de entrenamiento para el trabajo, con el objetivo de vincular a j\u00f3venes de 18","robots":{"index":"index","follow":"follow","max-snippet":"max-snippet:-1","max-image-preview":"max-image-preview:large","max-video-preview":"max-video-preview:-1"},"canonical":"https:\/\/experienciadevida.com.ar\/portalurbano\/abierta-la-inscripcion-para-30-proyectos-de-practicas-laborales\/","og_locale":"es_ES","og_type":"article","og_title":"Abierta la inscripci\u00f3n para 30 proyectos de pr\u00e1cticas laborales","og_description":"Abierta la inscripci\u00f3n para 30 proyectos de pr\u00e1cticas laborales, de entrenamiento para el trabajo, con el objetivo de vincular a j\u00f3venes de 18","og_url":"https:\/\/experienciadevida.com.ar\/portalurbano\/abierta-la-inscripcion-para-30-proyectos-de-practicas-laborales\/","article_publisher":"https:\/\/www.facebook.com\/Portal-Urbano-171542830093757\/","article_published_time":"2022-04-08T13:02:26+00:00","article_modified_time":"2022-04-08T13:11:39+00:00","og_image":[{"width":1024,"height":682,"url":"https:\/\/experienciadevida.com.ar\/portalurbano\/wp-content\/uploads\/2022\/04\/Abierta-la-inscripcion-para.jpg","type":"image\/jpeg"}],"author":"admpu17wp","twitter_card":"summary_large_image","twitter_creator":"@portalurbanook","twitter_site":"@portalurbanook","twitter_misc":{"Escrito por":"admpu17wp","Tiempo de lectura":"1 minuto"},"schema":{"@context":"https:\/\/schema.org","@graph":[{"@type":"Article","@id":"https:\/\/experienciadevida.com.ar\/portalurbano\/abierta-la-inscripcion-para-30-proyectos-de-practicas-laborales\/#article","isPartOf":{"@id":"https:\/\/experienciadevida.com.ar\/portalurbano\/abierta-la-inscripcion-para-30-proyectos-de-practicas-laborales\/"},"author":{"name":"admpu17wp","@id":"https:\/\/experienciadevida.com.ar\/portalurbano\/#\/schema\/person\/02dd326b1c4b056e9cc972486934a3a7"},"headline":"Abierta la inscripci\u00f3n para 30 proyectos de pr\u00e1cticas laborales","datePublished":"2022-04-08T13:02:26+00:00","dateModified":"2022-04-08T13:11:39+00:00","mainEntityOfPage":{"@id":"https:\/\/experienciadevida.com.ar\/portalurbano\/abierta-la-inscripcion-para-30-proyectos-de-practicas-laborales\/"},"wordCount":216,"publisher":{"@id":"https:\/\/experienciadevida.com.ar\/portalurbano\/#organization"},"articleSection":["Ciudad","Destacadas"],"inLanguage":"es"},{"@type":"WebPage","@id":"https:\/\/experienciadevida.com.ar\/portalurbano\/abierta-la-inscripcion-para-30-proyectos-de-practicas-laborales\/","url":"https:\/\/experienciadevida.com.ar\/portalurbano\/abierta-la-inscripcion-para-30-proyectos-de-practicas-laborales\/","name":"Abierta la inscripci\u00f3n para 30 proyectos de pr\u00e1cticas laborales","isPartOf":{"@id":"https:\/\/experienciadevida.com.ar\/portalurbano\/#website"},"datePublished":"2022-04-08T13:02:26+00:00","dateModified":"2022-04-08T13:11:39+00:00","description":"Abierta la inscripci\u00f3n para 30 proyectos de pr\u00e1cticas laborales, de entrenamiento para el trabajo, con el objetivo de vincular a j\u00f3venes de 18","breadcrumb":{"@id":"https:\/\/experienciadevida.com.ar\/portalurbano\/abierta-la-inscripcion-para-30-proyectos-de-practicas-laborales\/#breadcrumb"},"inLanguage":"es","potentialAction":[{"@type":"ReadAction","target":["https:\/\/experienciadevida.com.ar\/portalurbano\/abierta-la-inscripcion-para-30-proyectos-de-practicas-laborales\/"]}]},{"@type":"BreadcrumbList","@id":"https:\/\/experienciadevida.com.ar\/portalurbano\/abierta-la-inscripcion-para-30-proyectos-de-practicas-laborales\/#breadcrumb","itemListElement":[{"@type":"ListItem","position":1,"name":"Portada","item":"https:\/\/experienciadevida.com.ar\/portalurbano\/"},{"@type":"ListItem","position":2,"name":"Abierta la inscripci\u00f3n para 30 proyectos de pr\u00e1cticas laborales"}]},{"@type":"WebSite","@id":"https:\/\/experienciadevida.com.ar\/portalurbano\/#website","url":"https:\/\/experienciadevida.com.ar\/portalurbano\/","name":"","description":"","publisher":{"@id":"https:\/\/experienciadevida.com.ar\/portalurbano\/#organization"},"potentialAction":[{"@type":"SearchAction","target":{"@type":"EntryPoint","urlTemplate":"https:\/\/experienciadevida.com.ar\/portalurbano\/?s={search_term_string}"},"query-input":"required name=search_term_string"}],"inLanguage":"es"},{"@type":"Organization","@id":"https:\/\/experienciadevida.com.ar\/portalurbano\/#organization","name":"Portal Urbano","url":"https:\/\/experienciadevida.com.ar\/portalurbano\/","logo":{"@type":"ImageObject","inLanguage":"es","@id":"https:\/\/experienciadevida.com.ar\/portalurbano\/#\/schema\/logo\/image\/","url":"https:\/\/experienciadevida.com.ar\/portalurbano\/wp-content\/uploads\/2019\/09\/Logo-Original.png","contentUrl":"https:\/\/experienciadevida.com.ar\/portalurbano\/wp-content\/uploads\/2019\/09\/Logo-Original.png","width":2236,"height":1216,"caption":"Portal Urbano"},"image":{"@id":"https:\/\/experienciadevida.com.ar\/portalurbano\/#\/schema\/logo\/image\/"},"sameAs":["https:\/\/www.facebook.com\/Portal-Urbano-171542830093757\/","https:\/\/twitter.com\/portalurbanook","https:\/\/www.instagram.com\/_portalurbano\/","https:\/\/www.youtube.com\/channel\/UCXhagIfszH8KxFiOok79zbA?view_as=subscriber"]},{"@type":"Person","@id":"https:\/\/experienciadevida.com.ar\/portalurbano\/#\/schema\/person\/02dd326b1c4b056e9cc972486934a3a7","name":"admpu17wp","image":{"@type":"ImageObject","inLanguage":"es","@id":"https:\/\/experienciadevida.com.ar\/portalurbano\/#\/schema\/person\/image\/","url":"https:\/\/secure.gravatar.com\/avatar\/830d4c57adaae6630765e449a6908047?s=96&d=mm&r=g","contentUrl":"https:\/\/secure.gravatar.com\/avatar\/830d4c57adaae6630765e449a6908047?s=96&d=mm&r=g","caption":"admpu17wp"}}]}},"featured_image_urls":{"full":["https:\/\/experienciadevida.com.ar\/portalurbano\/wp-content\/uploads\/2022\/04\/Abierta-la-inscripcion-para.jpg",1024,682,false],"thumbnail":["https:\/\/experienciadevida.com.ar\/portalurbano\/wp-content\/uploads\/2022\/04\/Abierta-la-inscripcion-para-150x150.jpg",150,150,true],"medium":["https:\/\/experienciadevida.com.ar\/portalurbano\/wp-content\/uploads\/2022\/04\/Abierta-la-inscripcion-para-300x200.jpg",300,200,true],"medium_large":["https:\/\/experienciadevida.com.ar\/portalurbano\/wp-content\/uploads\/2022\/04\/Abierta-la-inscripcion-para-768x512.jpg",640,427,true],"large":["https:\/\/experienciadevida.com.ar\/portalurbano\/wp-content\/uploads\/2022\/04\/Abierta-la-inscripcion-para.jpg",640,426,false],"ug_big":["https:\/\/experienciadevida.com.ar\/portalurbano\/wp-content\/uploads\/2022\/04\/Abierta-la-inscripcion-para-768x512.jpg",768,512,true],"1536x1536":["https:\/\/experienciadevida.com.ar\/portalurbano\/wp-content\/uploads\/2022\/04\/Abierta-la-inscripcion-para.jpg",1024,682,false],"2048x2048":["https:\/\/experienciadevida.com.ar\/portalurbano\/wp-content\/uploads\/2022\/04\/Abierta-la-inscripcion-para.jpg",1024,682,false],"newsever-slider-full":["https:\/\/experienciadevida.com.ar\/portalurbano\/wp-content\/uploads\/2022\/04\/Abierta-la-inscripcion-para.jpg",1024,682,false],"newsever-featured":["https:\/\/experienciadevida.com.ar\/portalurbano\/wp-content\/uploads\/2022\/04\/Abierta-la-inscripcion-para.jpg",1024,682,false],"newsever-medium":["https:\/\/experienciadevida.com.ar\/portalurbano\/wp-content\/uploads\/2022\/04\/Abierta-la-inscripcion-para.jpg",713,475,false],"web-stories-poster-portrait":["https:\/\/experienciadevida.com.ar\/portalurbano\/wp-content\/uploads\/2022\/04\/Abierta-la-inscripcion-para.jpg",640,426,false],"web-stories-publisher-logo":["https:\/\/experienciadevida.com.ar\/portalurbano\/wp-content\/uploads\/2022\/04\/Abierta-la-inscripcion-para.jpg",96,64,false],"web-stories-thumbnail":["https:\/\/experienciadevida.com.ar\/portalurbano\/wp-content\/uploads\/2022\/04\/Abierta-la-inscripcion-para.jpg",150,100,false]},"author_info":{"display_name":"admpu17wp","author_link":"https:\/\/experienciadevida.com.ar\/portalurbano\/author\/admpu17wp\/"},"category_info":"<a href=\"https:\/\/experienciadevida.com.ar\/portalurbano\/category\/ciudad\/\" rel=\"category tag\">Ciudad<\/a> <a href=\"https:\/\/experienciadevida.com.ar\/portalurbano\/category\/destacadas\/\" rel=\"category tag\">Destacadas<\/a>","tag_info":"Destacadas","comment_count":"0","amp_enabled":true,"_links":{"self":[{"href":"https:\/\/experienciadevida.com.ar\/portalurbano\/wp-json\/wp\/v2\/posts\/165293"}],"collection":[{"href":"https:\/\/experienciadevida.com.ar\/portalurbano\/wp-json\/wp\/v2\/posts"}],"about":[{"href":"https:\/\/experienciadevida.com.ar\/portalurbano\/wp-json\/wp\/v2\/types\/post"}],"author":[{"embeddable":true,"href":"https:\/\/experienciadevida.com.ar\/portalurbano\/wp-json\/wp\/v2\/users\/1"}],"replies":[{"embeddable":true,"href":"https:\/\/experienciadevida.com.ar\/portalurbano\/wp-json\/wp\/v2\/comments?post=165293"}],"version-history":[{"count":3,"href":"https:\/\/experienciadevida.com.ar\/portalurbano\/wp-json\/wp\/v2\/posts\/165293\/revisions"}],"predecessor-version":[{"id":165297,"href":"https:\/\/experienciadevida.com.ar\/portalurbano\/wp-json\/wp\/v2\/posts\/165293\/revisions\/165297"}],"wp:featuredmedia":[{"embeddable":true,"href":"https:\/\/experienciadevida.com.ar\/portalurbano\/wp-json\/wp\/v2\/media\/165294"}],"wp:attachment":[{"href":"https:\/\/experienciadevida.com.ar\/portalurbano\/wp-json\/wp\/v2\/media?parent=165293"}],"wp:term":[{"taxonomy":"category","embeddable":true,"href":"https:\/\/experienciadevida.com.ar\/portalurbano\/wp-json\/wp\/v2\/categories?post=165293"},{"taxonomy":"post_tag","embeddable":true,"href":"https:\/\/experienciadevida.com.ar\/portalurbano\/wp-json\/wp\/v2\/tags?post=165293"}],"curies":[{"name":"wp","href":"https:\/\/api.w.org\/{rel}","templated":true}]}}