{"id":165274,"date":"2022-04-07T22:04:39","date_gmt":"2022-04-08T01:04:39","guid":{"rendered":"https:\/\/experienciadevida.com.ar\/portalurbano\/?p=165274"},"modified":"2022-04-07T22:04:39","modified_gmt":"2022-04-08T01:04:39","slug":"retoman-la-produccion-de-hostias-en-una-carcel-bonaerense-de-sierra-chica","status":"publish","type":"post","link":"https:\/\/experienciadevida.com.ar\/portalurbano\/retoman-la-produccion-de-hostias-en-una-carcel-bonaerense-de-sierra-chica\/","title":{"rendered":"Retoman la producci\u00f3n de hostias en una c\u00e1rcel bonaerense de Sierra Chica"},"content":{"rendered":"<p>Retoman la producci\u00f3n de hostias en una c\u00e1rcel bonaerense de Sierra Chica, personas privadas de la libertad de una de las c\u00e1rceles bonaerenses de Sierra Chica elaboran hostias para las ceremonias religiosas que se desarrollan en tres Unidades Penitenciarias.<\/p>\n<p>La experiencia tiene lugar en la Unidad 38 del Servicio Penitenciario Bonaerense (SPB) y cuenta con el apoyo del Ministerio de Justicia y Derechos Humanos de la provincia de Buenos Aires.<\/p>\n<p>Coordinado por el capell\u00e1n Jos\u00e9 Quatrocchio, cuatro internos fueron capacitados para retomar la producci\u00f3n de hostias, la que se hab\u00eda suspendido por la crisis sanitaria provocada por el Covid-19.<\/p>\n<p>Las personas privadas de libertad se encuentran seis horas semanales en la Capilla Jes\u00fas Buen Pastor, situada dentro del establecimiento carcelario, para producir las hostias, las que luego de ser bendecidas se distribuyen en las Unidades 2, 27 y 38 Sierra Chica.<\/p>\n<p>\u201cEsta labor cuenta con el acompa\u00f1amiento de la Direcci\u00f3n de Promoci\u00f3n e Inclusi\u00f3n Laboral del SPB y prontamente formar\u00e1n parte de las actividades de Capacitaci\u00f3n No Formal\u201d, coment\u00f3 el oficial Emanuel Tosoratti.<\/p>\n<p>El padre Jos\u00e9 es el encargado de proveer la materia prima y las herramientas necesarias para la producci\u00f3n, esto es, harina 0000 y la prensa que moldea diez hostias peque\u00f1as y una grande por prensado.<\/p>\n<p>El sacerdote explic\u00f3 que \u201ca medida que se cortan, van cayendo en una caja de madera y luego son envasadas y cerradas con una selladora\u201d.<\/p>\n<p>Retoman la producci\u00f3n de hostias en una c\u00e1rcel bonaerense de Sierra Chica, cabe destacar que el curso de fabricaci\u00f3n de hostias fue una de las capacitaciones postergadas al inicio de la pandemia, y es por eso que la direcci\u00f3n de la Unidad penitenciaria, celebra su reapertura, parte de la actividad tratamental destinada a la reinserci\u00f3n social de las personas privadas de su libertad.<\/p>\n<p>De esta manera el establecimiento se suma a las Unidades 3 de San Nicol\u00e1s, 19 de Saavedra, 43 de La Matanza y 47 de San Mart\u00edn que producen hostias, no s\u00f3lo para autoabastecimiento, sino que tambi\u00e9n realizan env\u00edos a<br \/>\ndistintas iglesias e incluso al Vaticano.<\/p>\n<p>Fuente y Fotos: Servicio Penitenciario Bonaerense<\/p>\n","protected":false},"excerpt":{"rendered":"<p>Retoman la producci\u00f3n de hostias en una c\u00e1rcel bonaerense de Sierra Chica, personas privadas de&#8230;<\/p>\n","protected":false},"author":1,"featured_media":165275,"comment_status":"closed","ping_status":"closed","sticky":false,"template":"","format":"standard","meta":{"content-type":""},"categories":[27],"tags":[],"nelio_content":{"isAutoShareEnabled":false,"autoShareEndMode":"default","automationSources":{"useContentSentences":true,"useSocialTemplates":true,"useCustomSentences":false,"customSentences":[]},"followers":[1],"suggestedReferences":[],"includedReferences":[],"efiUrl":"","efiAlt":"","highlights":[]},"yoast_head":"<!-- This site is optimized with the Yoast SEO plugin v20.7 - https:\/\/yoast.com\/wordpress\/plugins\/seo\/ -->\n<title>Retoman la producci\u00f3n de hostias en una c\u00e1rcel bonaerense de S.Chica<\/title>\n<meta name=\"description\" content=\"Retoman la producci\u00f3n de hostias en una c\u00e1rcel bonaerense de Sierra Chica, para las ceremonias religiosas que se desarrollan en tres Unidades\" \/>\n<meta name=\"robots\" content=\"index, follow, max-snippet:-1, max-image-preview:large, max-video-preview:-1\" \/>\n<link rel=\"canonical\" href=\"https:\/\/experienciadevida.com.ar\/portalurbano\/retoman-la-produccion-de-hostias-en-una-carcel-bonaerense-de-sierra-chica\/\" \/>\n<meta property=\"og:locale\" content=\"es_ES\" \/>\n<meta property=\"og:type\" content=\"article\" \/>\n<meta property=\"og:title\" content=\"Retoman la producci\u00f3n de hostias en una c\u00e1rcel bonaerense de S.Chica\" \/>\n<meta property=\"og:description\" content=\"Retoman la producci\u00f3n de hostias en una c\u00e1rcel bonaerense de Sierra Chica, para las ceremonias religiosas que se desarrollan en tres Unidades\" \/>\n<meta property=\"og:url\" content=\"https:\/\/experienciadevida.com.ar\/portalurbano\/retoman-la-produccion-de-hostias-en-una-carcel-bonaerense-de-sierra-chica\/\" \/>\n<meta property=\"article:publisher\" content=\"https:\/\/www.facebook.com\/Portal-Urbano-171542830093757\/\" \/>\n<meta property=\"article:published_time\" content=\"2022-04-08T01:04:39+00:00\" \/>\n<meta property=\"og:image\" content=\"https:\/\/experienciadevida.com.ar\/portalurbano\/wp-content\/uploads\/2022\/04\/Retoman-la-produccion-de.jpeg\" \/>\n\t<meta property=\"og:image:width\" content=\"1024\" \/>\n\t<meta property=\"og:image:height\" content=\"576\" \/>\n\t<meta property=\"og:image:type\" content=\"image\/jpeg\" \/>\n<meta name=\"author\" content=\"admpu17wp\" \/>\n<meta name=\"twitter:card\" content=\"summary_large_image\" \/>\n<meta name=\"twitter:creator\" content=\"@portalurbanook\" \/>\n<meta name=\"twitter:site\" content=\"@portalurbanook\" \/>\n<meta name=\"twitter:label1\" content=\"Escrito por\" \/>\n\t<meta name=\"twitter:data1\" content=\"admpu17wp\" \/>\n\t<meta name=\"twitter:label2\" content=\"Tiempo de lectura\" \/>\n\t<meta name=\"twitter:data2\" content=\"2 minutos\" \/>\n<script type=\"application\/ld+json\" class=\"yoast-schema-graph\">{\"@context\":\"https:\/\/schema.org\",\"@graph\":[{\"@type\":\"Article\",\"@id\":\"https:\/\/experienciadevida.com.ar\/portalurbano\/retoman-la-produccion-de-hostias-en-una-carcel-bonaerense-de-sierra-chica\/#article\",\"isPartOf\":{\"@id\":\"https:\/\/experienciadevida.com.ar\/portalurbano\/retoman-la-produccion-de-hostias-en-una-carcel-bonaerense-de-sierra-chica\/\"},\"author\":{\"name\":\"admpu17wp\",\"@id\":\"https:\/\/experienciadevida.com.ar\/portalurbano\/#\/schema\/person\/02dd326b1c4b056e9cc972486934a3a7\"},\"headline\":\"Retoman la producci\u00f3n de hostias en una c\u00e1rcel bonaerense de Sierra Chica\",\"datePublished\":\"2022-04-08T01:04:39+00:00\",\"dateModified\":\"2022-04-08T01:04:39+00:00\",\"mainEntityOfPage\":{\"@id\":\"https:\/\/experienciadevida.com.ar\/portalurbano\/retoman-la-produccion-de-hostias-en-una-carcel-bonaerense-de-sierra-chica\/\"},\"wordCount\":377,\"publisher\":{\"@id\":\"https:\/\/experienciadevida.com.ar\/portalurbano\/#organization\"},\"articleSection\":[\"Ciudad\"],\"inLanguage\":\"es\"},{\"@type\":\"WebPage\",\"@id\":\"https:\/\/experienciadevida.com.ar\/portalurbano\/retoman-la-produccion-de-hostias-en-una-carcel-bonaerense-de-sierra-chica\/\",\"url\":\"https:\/\/experienciadevida.com.ar\/portalurbano\/retoman-la-produccion-de-hostias-en-una-carcel-bonaerense-de-sierra-chica\/\",\"name\":\"Retoman la producci\u00f3n de hostias en una c\u00e1rcel bonaerense de S.Chica\",\"isPartOf\":{\"@id\":\"https:\/\/experienciadevida.com.ar\/portalurbano\/#website\"},\"datePublished\":\"2022-04-08T01:04:39+00:00\",\"dateModified\":\"2022-04-08T01:04:39+00:00\",\"description\":\"Retoman la producci\u00f3n de hostias en una c\u00e1rcel bonaerense de Sierra Chica, para las ceremonias religiosas que se desarrollan en tres Unidades\",\"breadcrumb\":{\"@id\":\"https:\/\/experienciadevida.com.ar\/portalurbano\/retoman-la-produccion-de-hostias-en-una-carcel-bonaerense-de-sierra-chica\/#breadcrumb\"},\"inLanguage\":\"es\",\"potentialAction\":[{\"@type\":\"ReadAction\",\"target\":[\"https:\/\/experienciadevida.com.ar\/portalurbano\/retoman-la-produccion-de-hostias-en-una-carcel-bonaerense-de-sierra-chica\/\"]}]},{\"@type\":\"BreadcrumbList\",\"@id\":\"https:\/\/experienciadevida.com.ar\/portalurbano\/retoman-la-produccion-de-hostias-en-una-carcel-bonaerense-de-sierra-chica\/#breadcrumb\",\"itemListElement\":[{\"@type\":\"ListItem\",\"position\":1,\"name\":\"Portada\",\"item\":\"https:\/\/experienciadevida.com.ar\/portalurbano\/\"},{\"@type\":\"ListItem\",\"position\":2,\"name\":\"Retoman la producci\u00f3n de hostias en una c\u00e1rcel bonaerense de Sierra Chica\"}]},{\"@type\":\"WebSite\",\"@id\":\"https:\/\/experienciadevida.com.ar\/portalurbano\/#website\",\"url\":\"https:\/\/experienciadevida.com.ar\/portalurbano\/\",\"name\":\"\",\"description\":\"\",\"publisher\":{\"@id\":\"https:\/\/experienciadevida.com.ar\/portalurbano\/#organization\"},\"potentialAction\":[{\"@type\":\"SearchAction\",\"target\":{\"@type\":\"EntryPoint\",\"urlTemplate\":\"https:\/\/experienciadevida.com.ar\/portalurbano\/?s={search_term_string}\"},\"query-input\":\"required name=search_term_string\"}],\"inLanguage\":\"es\"},{\"@type\":\"Organization\",\"@id\":\"https:\/\/experienciadevida.com.ar\/portalurbano\/#organization\",\"name\":\"Portal Urbano\",\"url\":\"https:\/\/experienciadevida.com.ar\/portalurbano\/\",\"logo\":{\"@type\":\"ImageObject\",\"inLanguage\":\"es\",\"@id\":\"https:\/\/experienciadevida.com.ar\/portalurbano\/#\/schema\/logo\/image\/\",\"url\":\"https:\/\/experienciadevida.com.ar\/portalurbano\/wp-content\/uploads\/2019\/09\/Logo-Original.png\",\"contentUrl\":\"https:\/\/experienciadevida.com.ar\/portalurbano\/wp-content\/uploads\/2019\/09\/Logo-Original.png\",\"width\":2236,\"height\":1216,\"caption\":\"Portal Urbano\"},\"image\":{\"@id\":\"https:\/\/experienciadevida.com.ar\/portalurbano\/#\/schema\/logo\/image\/\"},\"sameAs\":[\"https:\/\/www.facebook.com\/Portal-Urbano-171542830093757\/\",\"https:\/\/twitter.com\/portalurbanook\",\"https:\/\/www.instagram.com\/_portalurbano\/\",\"https:\/\/www.youtube.com\/channel\/UCXhagIfszH8KxFiOok79zbA?view_as=subscriber\"]},{\"@type\":\"Person\",\"@id\":\"https:\/\/experienciadevida.com.ar\/portalurbano\/#\/schema\/person\/02dd326b1c4b056e9cc972486934a3a7\",\"name\":\"admpu17wp\",\"image\":{\"@type\":\"ImageObject\",\"inLanguage\":\"es\",\"@id\":\"https:\/\/experienciadevida.com.ar\/portalurbano\/#\/schema\/person\/image\/\",\"url\":\"https:\/\/secure.gravatar.com\/avatar\/830d4c57adaae6630765e449a6908047?s=96&d=mm&r=g\",\"contentUrl\":\"https:\/\/secure.gravatar.com\/avatar\/830d4c57adaae6630765e449a6908047?s=96&d=mm&r=g\",\"caption\":\"admpu17wp\"}}]}<\/script>\n<!-- \/ Yoast SEO plugin. -->","yoast_head_json":{"title":"Retoman la producci\u00f3n de hostias en una c\u00e1rcel bonaerense de S.Chica","description":"Retoman la producci\u00f3n de hostias en una c\u00e1rcel bonaerense de Sierra Chica, para las ceremonias religiosas que se desarrollan en tres Unidades","robots":{"index":"index","follow":"follow","max-snippet":"max-snippet:-1","max-image-preview":"max-image-preview:large","max-video-preview":"max-video-preview:-1"},"canonical":"https:\/\/experienciadevida.com.ar\/portalurbano\/retoman-la-produccion-de-hostias-en-una-carcel-bonaerense-de-sierra-chica\/","og_locale":"es_ES","og_type":"article","og_title":"Retoman la producci\u00f3n de hostias en una c\u00e1rcel bonaerense de S.Chica","og_description":"Retoman la producci\u00f3n de hostias en una c\u00e1rcel bonaerense de Sierra Chica, para las ceremonias religiosas que se desarrollan en tres Unidades","og_url":"https:\/\/experienciadevida.com.ar\/portalurbano\/retoman-la-produccion-de-hostias-en-una-carcel-bonaerense-de-sierra-chica\/","article_publisher":"https:\/\/www.facebook.com\/Portal-Urbano-171542830093757\/","article_published_time":"2022-04-08T01:04:39+00:00","og_image":[{"width":1024,"height":576,"url":"https:\/\/experienciadevida.com.ar\/portalurbano\/wp-content\/uploads\/2022\/04\/Retoman-la-produccion-de.jpeg","type":"image\/jpeg"}],"author":"admpu17wp","twitter_card":"summary_large_image","twitter_creator":"@portalurbanook","twitter_site":"@portalurbanook","twitter_misc":{"Escrito por":"admpu17wp","Tiempo de lectura":"2 minutos"},"schema":{"@context":"https:\/\/schema.org","@graph":[{"@type":"Article","@id":"https:\/\/experienciadevida.com.ar\/portalurbano\/retoman-la-produccion-de-hostias-en-una-carcel-bonaerense-de-sierra-chica\/#article","isPartOf":{"@id":"https:\/\/experienciadevida.com.ar\/portalurbano\/retoman-la-produccion-de-hostias-en-una-carcel-bonaerense-de-sierra-chica\/"},"author":{"name":"admpu17wp","@id":"https:\/\/experienciadevida.com.ar\/portalurbano\/#\/schema\/person\/02dd326b1c4b056e9cc972486934a3a7"},"headline":"Retoman la producci\u00f3n de hostias en una c\u00e1rcel bonaerense de Sierra Chica","datePublished":"2022-04-08T01:04:39+00:00","dateModified":"2022-04-08T01:04:39+00:00","mainEntityOfPage":{"@id":"https:\/\/experienciadevida.com.ar\/portalurbano\/retoman-la-produccion-de-hostias-en-una-carcel-bonaerense-de-sierra-chica\/"},"wordCount":377,"publisher":{"@id":"https:\/\/experienciadevida.com.ar\/portalurbano\/#organization"},"articleSection":["Ciudad"],"inLanguage":"es"},{"@type":"WebPage","@id":"https:\/\/experienciadevida.com.ar\/portalurbano\/retoman-la-produccion-de-hostias-en-una-carcel-bonaerense-de-sierra-chica\/","url":"https:\/\/experienciadevida.com.ar\/portalurbano\/retoman-la-produccion-de-hostias-en-una-carcel-bonaerense-de-sierra-chica\/","name":"Retoman la producci\u00f3n de hostias en una c\u00e1rcel bonaerense de S.Chica","isPartOf":{"@id":"https:\/\/experienciadevida.com.ar\/portalurbano\/#website"},"datePublished":"2022-04-08T01:04:39+00:00","dateModified":"2022-04-08T01:04:39+00:00","description":"Retoman la producci\u00f3n de hostias en una c\u00e1rcel bonaerense de Sierra Chica, para las ceremonias religiosas que se desarrollan en tres Unidades","breadcrumb":{"@id":"https:\/\/experienciadevida.com.ar\/portalurbano\/retoman-la-produccion-de-hostias-en-una-carcel-bonaerense-de-sierra-chica\/#breadcrumb"},"inLanguage":"es","potentialAction":[{"@type":"ReadAction","target":["https:\/\/experienciadevida.com.ar\/portalurbano\/retoman-la-produccion-de-hostias-en-una-carcel-bonaerense-de-sierra-chica\/"]}]},{"@type":"BreadcrumbList","@id":"https:\/\/experienciadevida.com.ar\/portalurbano\/retoman-la-produccion-de-hostias-en-una-carcel-bonaerense-de-sierra-chica\/#breadcrumb","itemListElement":[{"@type":"ListItem","position":1,"name":"Portada","item":"https:\/\/experienciadevida.com.ar\/portalurbano\/"},{"@type":"ListItem","position":2,"name":"Retoman la producci\u00f3n de hostias en una c\u00e1rcel bonaerense de Sierra Chica"}]},{"@type":"WebSite","@id":"https:\/\/experienciadevida.com.ar\/portalurbano\/#website","url":"https:\/\/experienciadevida.com.ar\/portalurbano\/","name":"","description":"","publisher":{"@id":"https:\/\/experienciadevida.com.ar\/portalurbano\/#organization"},"potentialAction":[{"@type":"SearchAction","target":{"@type":"EntryPoint","urlTemplate":"https:\/\/experienciadevida.com.ar\/portalurbano\/?s={search_term_string}"},"query-input":"required name=search_term_string"}],"inLanguage":"es"},{"@type":"Organization","@id":"https:\/\/experienciadevida.com.ar\/portalurbano\/#organization","name":"Portal Urbano","url":"https:\/\/experienciadevida.com.ar\/portalurbano\/","logo":{"@type":"ImageObject","inLanguage":"es","@id":"https:\/\/experienciadevida.com.ar\/portalurbano\/#\/schema\/logo\/image\/","url":"https:\/\/experienciadevida.com.ar\/portalurbano\/wp-content\/uploads\/2019\/09\/Logo-Original.png","contentUrl":"https:\/\/experienciadevida.com.ar\/portalurbano\/wp-content\/uploads\/2019\/09\/Logo-Original.png","width":2236,"height":1216,"caption":"Portal Urbano"},"image":{"@id":"https:\/\/experienciadevida.com.ar\/portalurbano\/#\/schema\/logo\/image\/"},"sameAs":["https:\/\/www.facebook.com\/Portal-Urbano-171542830093757\/","https:\/\/twitter.com\/portalurbanook","https:\/\/www.instagram.com\/_portalurbano\/","https:\/\/www.youtube.com\/channel\/UCXhagIfszH8KxFiOok79zbA?view_as=subscriber"]},{"@type":"Person","@id":"https:\/\/experienciadevida.com.ar\/portalurbano\/#\/schema\/person\/02dd326b1c4b056e9cc972486934a3a7","name":"admpu17wp","image":{"@type":"ImageObject","inLanguage":"es","@id":"https:\/\/experienciadevida.com.ar\/portalurbano\/#\/schema\/person\/image\/","url":"https:\/\/secure.gravatar.com\/avatar\/830d4c57adaae6630765e449a6908047?s=96&d=mm&r=g","contentUrl":"https:\/\/secure.gravatar.com\/avatar\/830d4c57adaae6630765e449a6908047?s=96&d=mm&r=g","caption":"admpu17wp"}}]}},"featured_image_urls":{"full":["https:\/\/experienciadevida.com.ar\/portalurbano\/wp-content\/uploads\/2022\/04\/Retoman-la-produccion-de.jpeg",1024,576,false],"thumbnail":["https:\/\/experienciadevida.com.ar\/portalurbano\/wp-content\/uploads\/2022\/04\/Retoman-la-produccion-de-150x150.jpeg",150,150,true],"medium":["https:\/\/experienciadevida.com.ar\/portalurbano\/wp-content\/uploads\/2022\/04\/Retoman-la-produccion-de-300x169.jpeg",300,169,true],"medium_large":["https:\/\/experienciadevida.com.ar\/portalurbano\/wp-content\/uploads\/2022\/04\/Retoman-la-produccion-de-768x432.jpeg",640,360,true],"large":["https:\/\/experienciadevida.com.ar\/portalurbano\/wp-content\/uploads\/2022\/04\/Retoman-la-produccion-de.jpeg",640,360,false],"ug_big":["https:\/\/experienciadevida.com.ar\/portalurbano\/wp-content\/uploads\/2022\/04\/Retoman-la-produccion-de-768x432.jpeg",768,432,true],"1536x1536":["https:\/\/experienciadevida.com.ar\/portalurbano\/wp-content\/uploads\/2022\/04\/Retoman-la-produccion-de.jpeg",1024,576,false],"2048x2048":["https:\/\/experienciadevida.com.ar\/portalurbano\/wp-content\/uploads\/2022\/04\/Retoman-la-produccion-de.jpeg",1024,576,false],"newsever-slider-full":["https:\/\/experienciadevida.com.ar\/portalurbano\/wp-content\/uploads\/2022\/04\/Retoman-la-produccion-de.jpeg",1024,576,false],"newsever-featured":["https:\/\/experienciadevida.com.ar\/portalurbano\/wp-content\/uploads\/2022\/04\/Retoman-la-produccion-de.jpeg",1024,576,false],"newsever-medium":["https:\/\/experienciadevida.com.ar\/portalurbano\/wp-content\/uploads\/2022\/04\/Retoman-la-produccion-de.jpeg",720,405,false],"web-stories-poster-portrait":["https:\/\/experienciadevida.com.ar\/portalurbano\/wp-content\/uploads\/2022\/04\/Retoman-la-produccion-de.jpeg",640,360,false],"web-stories-publisher-logo":["https:\/\/experienciadevida.com.ar\/portalurbano\/wp-content\/uploads\/2022\/04\/Retoman-la-produccion-de.jpeg",96,54,false],"web-stories-thumbnail":["https:\/\/experienciadevida.com.ar\/portalurbano\/wp-content\/uploads\/2022\/04\/Retoman-la-produccion-de.jpeg",150,84,false]},"author_info":{"display_name":"admpu17wp","author_link":"https:\/\/experienciadevida.com.ar\/portalurbano\/author\/admpu17wp\/"},"category_info":"<a href=\"https:\/\/experienciadevida.com.ar\/portalurbano\/category\/ciudad\/\" rel=\"category tag\">Ciudad<\/a>","tag_info":"Ciudad","comment_count":"0","amp_enabled":true,"_links":{"self":[{"href":"https:\/\/experienciadevida.com.ar\/portalurbano\/wp-json\/wp\/v2\/posts\/165274"}],"collection":[{"href":"https:\/\/experienciadevida.com.ar\/portalurbano\/wp-json\/wp\/v2\/posts"}],"about":[{"href":"https:\/\/experienciadevida.com.ar\/portalurbano\/wp-json\/wp\/v2\/types\/post"}],"author":[{"embeddable":true,"href":"https:\/\/experienciadevida.com.ar\/portalurbano\/wp-json\/wp\/v2\/users\/1"}],"replies":[{"embeddable":true,"href":"https:\/\/experienciadevida.com.ar\/portalurbano\/wp-json\/wp\/v2\/comments?post=165274"}],"version-history":[{"count":1,"href":"https:\/\/experienciadevida.com.ar\/portalurbano\/wp-json\/wp\/v2\/posts\/165274\/revisions"}],"predecessor-version":[{"id":165276,"href":"https:\/\/experienciadevida.com.ar\/portalurbano\/wp-json\/wp\/v2\/posts\/165274\/revisions\/165276"}],"wp:featuredmedia":[{"embeddable":true,"href":"https:\/\/experienciadevida.com.ar\/portalurbano\/wp-json\/wp\/v2\/media\/165275"}],"wp:attachment":[{"href":"https:\/\/experienciadevida.com.ar\/portalurbano\/wp-json\/wp\/v2\/media?parent=165274"}],"wp:term":[{"taxonomy":"category","embeddable":true,"href":"https:\/\/experienciadevida.com.ar\/portalurbano\/wp-json\/wp\/v2\/categories?post=165274"},{"taxonomy":"post_tag","embeddable":true,"href":"https:\/\/experienciadevida.com.ar\/portalurbano\/wp-json\/wp\/v2\/tags?post=165274"}],"curies":[{"name":"wp","href":"https:\/\/api.w.org\/{rel}","templated":true}]}}