{"id":165241,"date":"2022-04-07T14:47:54","date_gmt":"2022-04-07T17:47:54","guid":{"rendered":"https:\/\/experienciadevida.com.ar\/portalurbano\/?p=165241"},"modified":"2022-04-07T15:10:23","modified_gmt":"2022-04-07T18:10:23","slug":"ingreso-en-facultad-de-ingenieria-luces-y-sombras-en-la-vuelta-a-la-presencialidad-post-pandemia","status":"publish","type":"post","link":"https:\/\/experienciadevida.com.ar\/portalurbano\/ingreso-en-facultad-de-ingenieria-luces-y-sombras-en-la-vuelta-a-la-presencialidad-post-pandemia\/","title":{"rendered":"Ingreso en Facultad de ingenier\u00eda: luces y sombras en la vuelta a la presencialidad post-pandemia"},"content":{"rendered":"<p>Ingreso en Facultad de ingenier\u00eda: luces y sombras en la vuelta a la presencialidad post-pandemia, la informaci\u00f3n se desprende del informe emitido d\u00edas atr\u00e1s.<\/p>\n<p>La <a href=\"https:\/\/www.facebook.com\/FIO.UNICEN\">FIO<\/a> volvi\u00f3 a desarrollar durante el corriente a\u00f1o su tradicional Programa para Ingresantes, un proyecto que ha contribuido a mejorar las condiciones de acceso y permanencia de quienes ingresan al primer a\u00f1o de esa casa de estudios.<\/p>\n<p>La pandemia, cu\u00e1ndo no, modific\u00f3 los planes. En tal sentido, 2022 planteaba muchos interrogantes que la vuelta a la presencialidad puso sobre la mesa. D\u00edas atr\u00e1s, el equipo responsable del Programa emiti\u00f3 su informe en el que detallan conclusiones sobre lo observado. Un conjunto de buenas y malas noticias que sirven como insumo para lo que sigue.<\/p>\n<p>La de este a\u00f1o fue la octava edici\u00f3n del Programa institucional para ingresantes, un proyecto que apunt\u00f3 a dotar de herramientas a quienes ingresan a la Facultad de Ingenier\u00eda olavarriense, tanto en el plano acad\u00e9mico como en el socio-personal.<\/p>\n<p>Para alcanzar esos objetivos, se han propuesto diferentes actividades que les permitan desarrollar temas de matem\u00e1tica, algunas estrategias de resoluci\u00f3n de problemas, as\u00ed como elementos b\u00e1sicos de lectura, escritura y oralidad, entre otros abordajes. Participan en el dictado tanto docentes como estudiantes de la FIO.<\/p>\n<p><a href=\"https:\/\/experienciadevida.com.ar\/portalurbano\/ingreso-en-facultad-de-ingenieria-luces-y-sombras-en-la-vuelta-a-la-presencialidad-post-pandemia\/ingreso\/\" rel=\"attachment wp-att-165243\"><img decoding=\"async\" class=\"alignnone size-full wp-image-165243\" src=\"https:\/\/experienciadevida.com.ar\/portalurbano\/wp-content\/uploads\/2022\/04\/Ingreso.jpg\" alt=\"Ingreso \" width=\"1000\" height=\"415\" \/><\/a><\/p>\n<p>Ingreso en Facultad de ingenier\u00eda: luces y sombras en la vuelta a la presencialidad post-pandemia, febrero de 2020 signific\u00f3 la \u00faltima instancia previa a la pandemia de Covid-19 en la que la totalidad de las actividades result\u00f3 presencial. Mabel Ju\u00e1rez (como Coordinadora) y Estefan\u00eda Laplace (como colaboradora) tienen a su cargo la conducci\u00f3n del Programa. \u201cDurante el primer a\u00f1o de virtualidad, los docentes, de todos los niveles educativos, hicieron esfuerzos considerables para dar continuidad a las actividades acad\u00e9micas y ofrecer contenidos que nunca hab\u00edan sido dise\u00f1ados para abordarlos de manera virtual\u201d, sostiene Ju\u00e1rez. \u201cEn la mayor\u00eda de los casos, los docentes asumieron esos desaf\u00edos con estrategias propias de las clases presenciales. Se perdi\u00f3 entonces el poder de observaci\u00f3n de lo que realmente estaba sucediendo con su ense\u00f1anza\u201d, complet\u00f3.<\/p>\n<p>Laplace, por su parte, sostiene que \u201cla tecnolog\u00eda nos salv\u00f3 para enfrentar esa situaci\u00f3n pero no se puede ignorar lo que expresan numerosos especialistas en el sentido de que eso no alcanz\u00f3, ya que muchos docentes no dispon\u00edan de los recursos ni estaban capacitados para usarlos con fines pedag\u00f3gicos\u201d.<\/p>\n<h3>Luces y sombras:<\/h3>\n<p>El informe emitido por el cuerpo docente del Programa para Ingresantes es muy contundente respecto de la pandemia y sus consecuencias acad\u00e9micas: \u201cLa suspensi\u00f3n de las clases presenciales ha impactado negativamente en muchos de los estudiantes que hoy ingresan a nuestra Facultad\u201d, expresa el documento. Tal aseveraci\u00f3n no refiere solo a la falta de contenidos de matem\u00e1ticas imprescindibles para el manejo en la FIO o a los escasos h\u00e1bitos de estudio, sino \u201cespecialmente, al aspecto emocional de los ingresantes\u201d.<\/p>\n<p>Estefan\u00eda Laplace reflexiona que \u201cmuchos de ellos se mostraron angustiados frente al vac\u00edo de conocimientos que ellos mismos percib\u00edan, estaban muy lejos de la propuesta ofrecida por la Facultad\u201d. La docente, que integra el equipo del Programa desde sus inicios, relata que \u201clos docentes nos esforzamos en sostenerlos emocionalmente, pero el tiempo no ha sido suficiente para que pudieran acercarse a esas capacidades requeridas en la instancia inicial de una carrera universitaria\u201d. Las conclusiones reportadas d\u00edas atr\u00e1s refieren que \u201ceso se tradujo en una falta de motivaci\u00f3n para el estudio\u201d. Laplace resalta, como contrapartida, que era notorio el esfuerzo de muchos ingresantes por participar, preguntar y comprender.<\/p>\n<p>Mabel Ju\u00e1rez sostiene que \u201cotro aspecto para comentar est\u00e1 relacionado con lo actitudinal. Por ejemplo, en a\u00f1os anteriores la mayor\u00eda de los ingresantes respond\u00edan la encuesta que se les hace al finalizar el Programa, pero este a\u00f1o apenas logramos contar con poco m\u00e1s del 50% de opiniones&#8221;.<\/p>\n<p>Ingreso en Facultad de ingenier\u00eda: luces y sombras en la vuelta a la presencialidad post-pandemia, la evaluaci\u00f3n final del espacio de Formaci\u00f3n en Matem\u00e1tica muestra resultados que ubican a un muy bajo porcentaje de estudiantes con notas superiores o iguales a 7, que podr\u00eda considerarse con bases s\u00f3lidas para nuevos aprendizajes.<\/p>\n<p>\u201cAlgo que nos llam\u00f3 la atenci\u00f3n fue la cantidad de estudiantes que entregaron hojas en blanco porque, seg\u00fan expresaron, les daba \u2018verg\u00fcenza\u2019 mostrar lo realizado. Es decir, la situaci\u00f3n de los estudiantes es mucho m\u00e1s compleja de lo que imagin\u00e1bamos con respecto a los aprendizajes, las actitudes y las emociones que demostraron\u201d, concluyen Mabel Ju\u00e1rez y Estefan\u00eda Laplace, conscientes de que el retorno a la presencialidad es un valioso paso adelante pero a\u00fan queda mucho por recorrer.<\/p>\n<p>&nbsp;<\/p>\n","protected":false},"excerpt":{"rendered":"<p>Ingreso en Facultad de ingenier\u00eda: luces y sombras en la vuelta a la presencialidad post-pandemia,&#8230;<\/p>\n","protected":false},"author":1,"featured_media":165242,"comment_status":"closed","ping_status":"closed","sticky":false,"template":"","format":"standard","meta":{"content-type":""},"categories":[31],"tags":[],"nelio_content":{"isAutoShareEnabled":false,"autoShareEndMode":"default","automationSources":{"useContentSentences":true,"useSocialTemplates":true,"useCustomSentences":false,"customSentences":[]},"followers":[1],"suggestedReferences":[],"includedReferences":[],"efiUrl":"","efiAlt":"","highlights":[]},"yoast_head":"<!-- This site is optimized with the Yoast SEO plugin v20.7 - https:\/\/yoast.com\/wordpress\/plugins\/seo\/ -->\n<title>Ingreso en la facultad de Ingenier\u00eda: Luces y sombras<\/title>\n<meta name=\"description\" content=\"Ingreso en Facultad de ingenier\u00eda: luces y sombras en la vuelta a la presencialidad post-pandemia, la informaci\u00f3n se desprende del informe\" \/>\n<meta name=\"robots\" content=\"index, follow, max-snippet:-1, max-image-preview:large, max-video-preview:-1\" \/>\n<link rel=\"canonical\" href=\"https:\/\/experienciadevida.com.ar\/portalurbano\/ingreso-en-facultad-de-ingenieria-luces-y-sombras-en-la-vuelta-a-la-presencialidad-post-pandemia\/\" \/>\n<meta property=\"og:locale\" content=\"es_ES\" \/>\n<meta property=\"og:type\" content=\"article\" \/>\n<meta property=\"og:title\" content=\"Ingreso en la facultad de Ingenier\u00eda: Luces y sombras\" \/>\n<meta property=\"og:description\" content=\"Ingreso en Facultad de ingenier\u00eda: luces y sombras en la vuelta a la presencialidad post-pandemia, la informaci\u00f3n se desprende del informe\" \/>\n<meta property=\"og:url\" content=\"https:\/\/experienciadevida.com.ar\/portalurbano\/ingreso-en-facultad-de-ingenieria-luces-y-sombras-en-la-vuelta-a-la-presencialidad-post-pandemia\/\" \/>\n<meta property=\"article:publisher\" content=\"https:\/\/www.facebook.com\/Portal-Urbano-171542830093757\/\" \/>\n<meta property=\"article:published_time\" content=\"2022-04-07T17:47:54+00:00\" \/>\n<meta property=\"article:modified_time\" content=\"2022-04-07T18:10:23+00:00\" \/>\n<meta property=\"og:image\" content=\"https:\/\/experienciadevida.com.ar\/portalurbano\/wp-content\/uploads\/2022\/04\/Ingreso-en-Facultad-de.jpg\" \/>\n\t<meta property=\"og:image:width\" content=\"1000\" \/>\n\t<meta property=\"og:image:height\" content=\"425\" \/>\n\t<meta property=\"og:image:type\" content=\"image\/jpeg\" \/>\n<meta name=\"author\" content=\"admpu17wp\" \/>\n<meta name=\"twitter:card\" content=\"summary_large_image\" \/>\n<meta name=\"twitter:creator\" content=\"@portalurbanook\" \/>\n<meta name=\"twitter:site\" content=\"@portalurbanook\" \/>\n<meta name=\"twitter:label1\" content=\"Escrito por\" \/>\n\t<meta name=\"twitter:data1\" content=\"admpu17wp\" \/>\n\t<meta name=\"twitter:label2\" content=\"Tiempo de lectura\" \/>\n\t<meta name=\"twitter:data2\" content=\"4 minutos\" \/>\n<script type=\"application\/ld+json\" class=\"yoast-schema-graph\">{\"@context\":\"https:\/\/schema.org\",\"@graph\":[{\"@type\":\"Article\",\"@id\":\"https:\/\/experienciadevida.com.ar\/portalurbano\/ingreso-en-facultad-de-ingenieria-luces-y-sombras-en-la-vuelta-a-la-presencialidad-post-pandemia\/#article\",\"isPartOf\":{\"@id\":\"https:\/\/experienciadevida.com.ar\/portalurbano\/ingreso-en-facultad-de-ingenieria-luces-y-sombras-en-la-vuelta-a-la-presencialidad-post-pandemia\/\"},\"author\":{\"name\":\"admpu17wp\",\"@id\":\"https:\/\/experienciadevida.com.ar\/portalurbano\/#\/schema\/person\/02dd326b1c4b056e9cc972486934a3a7\"},\"headline\":\"Ingreso en Facultad de ingenier\u00eda: luces y sombras en la vuelta a la presencialidad post-pandemia\",\"datePublished\":\"2022-04-07T17:47:54+00:00\",\"dateModified\":\"2022-04-07T18:10:23+00:00\",\"mainEntityOfPage\":{\"@id\":\"https:\/\/experienciadevida.com.ar\/portalurbano\/ingreso-en-facultad-de-ingenieria-luces-y-sombras-en-la-vuelta-a-la-presencialidad-post-pandemia\/\"},\"wordCount\":822,\"publisher\":{\"@id\":\"https:\/\/experienciadevida.com.ar\/portalurbano\/#organization\"},\"articleSection\":[\"Educaci\u00f3n\"],\"inLanguage\":\"es\"},{\"@type\":\"WebPage\",\"@id\":\"https:\/\/experienciadevida.com.ar\/portalurbano\/ingreso-en-facultad-de-ingenieria-luces-y-sombras-en-la-vuelta-a-la-presencialidad-post-pandemia\/\",\"url\":\"https:\/\/experienciadevida.com.ar\/portalurbano\/ingreso-en-facultad-de-ingenieria-luces-y-sombras-en-la-vuelta-a-la-presencialidad-post-pandemia\/\",\"name\":\"Ingreso en la facultad de Ingenier\u00eda: Luces y sombras\",\"isPartOf\":{\"@id\":\"https:\/\/experienciadevida.com.ar\/portalurbano\/#website\"},\"datePublished\":\"2022-04-07T17:47:54+00:00\",\"dateModified\":\"2022-04-07T18:10:23+00:00\",\"description\":\"Ingreso en Facultad de ingenier\u00eda: luces y sombras en la vuelta a la presencialidad post-pandemia, la informaci\u00f3n se desprende del informe\",\"breadcrumb\":{\"@id\":\"https:\/\/experienciadevida.com.ar\/portalurbano\/ingreso-en-facultad-de-ingenieria-luces-y-sombras-en-la-vuelta-a-la-presencialidad-post-pandemia\/#breadcrumb\"},\"inLanguage\":\"es\",\"potentialAction\":[{\"@type\":\"ReadAction\",\"target\":[\"https:\/\/experienciadevida.com.ar\/portalurbano\/ingreso-en-facultad-de-ingenieria-luces-y-sombras-en-la-vuelta-a-la-presencialidad-post-pandemia\/\"]}]},{\"@type\":\"BreadcrumbList\",\"@id\":\"https:\/\/experienciadevida.com.ar\/portalurbano\/ingreso-en-facultad-de-ingenieria-luces-y-sombras-en-la-vuelta-a-la-presencialidad-post-pandemia\/#breadcrumb\",\"itemListElement\":[{\"@type\":\"ListItem\",\"position\":1,\"name\":\"Portada\",\"item\":\"https:\/\/experienciadevida.com.ar\/portalurbano\/\"},{\"@type\":\"ListItem\",\"position\":2,\"name\":\"Ingreso en Facultad de ingenier\u00eda: luces y sombras en la vuelta a la presencialidad post-pandemia\"}]},{\"@type\":\"WebSite\",\"@id\":\"https:\/\/experienciadevida.com.ar\/portalurbano\/#website\",\"url\":\"https:\/\/experienciadevida.com.ar\/portalurbano\/\",\"name\":\"\",\"description\":\"\",\"publisher\":{\"@id\":\"https:\/\/experienciadevida.com.ar\/portalurbano\/#organization\"},\"potentialAction\":[{\"@type\":\"SearchAction\",\"target\":{\"@type\":\"EntryPoint\",\"urlTemplate\":\"https:\/\/experienciadevida.com.ar\/portalurbano\/?s={search_term_string}\"},\"query-input\":\"required name=search_term_string\"}],\"inLanguage\":\"es\"},{\"@type\":\"Organization\",\"@id\":\"https:\/\/experienciadevida.com.ar\/portalurbano\/#organization\",\"name\":\"Portal Urbano\",\"url\":\"https:\/\/experienciadevida.com.ar\/portalurbano\/\",\"logo\":{\"@type\":\"ImageObject\",\"inLanguage\":\"es\",\"@id\":\"https:\/\/experienciadevida.com.ar\/portalurbano\/#\/schema\/logo\/image\/\",\"url\":\"https:\/\/experienciadevida.com.ar\/portalurbano\/wp-content\/uploads\/2019\/09\/Logo-Original.png\",\"contentUrl\":\"https:\/\/experienciadevida.com.ar\/portalurbano\/wp-content\/uploads\/2019\/09\/Logo-Original.png\",\"width\":2236,\"height\":1216,\"caption\":\"Portal Urbano\"},\"image\":{\"@id\":\"https:\/\/experienciadevida.com.ar\/portalurbano\/#\/schema\/logo\/image\/\"},\"sameAs\":[\"https:\/\/www.facebook.com\/Portal-Urbano-171542830093757\/\",\"https:\/\/twitter.com\/portalurbanook\",\"https:\/\/www.instagram.com\/_portalurbano\/\",\"https:\/\/www.youtube.com\/channel\/UCXhagIfszH8KxFiOok79zbA?view_as=subscriber\"]},{\"@type\":\"Person\",\"@id\":\"https:\/\/experienciadevida.com.ar\/portalurbano\/#\/schema\/person\/02dd326b1c4b056e9cc972486934a3a7\",\"name\":\"admpu17wp\",\"image\":{\"@type\":\"ImageObject\",\"inLanguage\":\"es\",\"@id\":\"https:\/\/experienciadevida.com.ar\/portalurbano\/#\/schema\/person\/image\/\",\"url\":\"https:\/\/secure.gravatar.com\/avatar\/830d4c57adaae6630765e449a6908047?s=96&d=mm&r=g\",\"contentUrl\":\"https:\/\/secure.gravatar.com\/avatar\/830d4c57adaae6630765e449a6908047?s=96&d=mm&r=g\",\"caption\":\"admpu17wp\"}}]}<\/script>\n<!-- \/ Yoast SEO plugin. -->","yoast_head_json":{"title":"Ingreso en la facultad de Ingenier\u00eda: Luces y sombras","description":"Ingreso en Facultad de ingenier\u00eda: luces y sombras en la vuelta a la presencialidad post-pandemia, la informaci\u00f3n se desprende del informe","robots":{"index":"index","follow":"follow","max-snippet":"max-snippet:-1","max-image-preview":"max-image-preview:large","max-video-preview":"max-video-preview:-1"},"canonical":"https:\/\/experienciadevida.com.ar\/portalurbano\/ingreso-en-facultad-de-ingenieria-luces-y-sombras-en-la-vuelta-a-la-presencialidad-post-pandemia\/","og_locale":"es_ES","og_type":"article","og_title":"Ingreso en la facultad de Ingenier\u00eda: Luces y sombras","og_description":"Ingreso en Facultad de ingenier\u00eda: luces y sombras en la vuelta a la presencialidad post-pandemia, la informaci\u00f3n se desprende del informe","og_url":"https:\/\/experienciadevida.com.ar\/portalurbano\/ingreso-en-facultad-de-ingenieria-luces-y-sombras-en-la-vuelta-a-la-presencialidad-post-pandemia\/","article_publisher":"https:\/\/www.facebook.com\/Portal-Urbano-171542830093757\/","article_published_time":"2022-04-07T17:47:54+00:00","article_modified_time":"2022-04-07T18:10:23+00:00","og_image":[{"width":1000,"height":425,"url":"https:\/\/experienciadevida.com.ar\/portalurbano\/wp-content\/uploads\/2022\/04\/Ingreso-en-Facultad-de.jpg","type":"image\/jpeg"}],"author":"admpu17wp","twitter_card":"summary_large_image","twitter_creator":"@portalurbanook","twitter_site":"@portalurbanook","twitter_misc":{"Escrito por":"admpu17wp","Tiempo de lectura":"4 minutos"},"schema":{"@context":"https:\/\/schema.org","@graph":[{"@type":"Article","@id":"https:\/\/experienciadevida.com.ar\/portalurbano\/ingreso-en-facultad-de-ingenieria-luces-y-sombras-en-la-vuelta-a-la-presencialidad-post-pandemia\/#article","isPartOf":{"@id":"https:\/\/experienciadevida.com.ar\/portalurbano\/ingreso-en-facultad-de-ingenieria-luces-y-sombras-en-la-vuelta-a-la-presencialidad-post-pandemia\/"},"author":{"name":"admpu17wp","@id":"https:\/\/experienciadevida.com.ar\/portalurbano\/#\/schema\/person\/02dd326b1c4b056e9cc972486934a3a7"},"headline":"Ingreso en Facultad de ingenier\u00eda: luces y sombras en la vuelta a la presencialidad post-pandemia","datePublished":"2022-04-07T17:47:54+00:00","dateModified":"2022-04-07T18:10:23+00:00","mainEntityOfPage":{"@id":"https:\/\/experienciadevida.com.ar\/portalurbano\/ingreso-en-facultad-de-ingenieria-luces-y-sombras-en-la-vuelta-a-la-presencialidad-post-pandemia\/"},"wordCount":822,"publisher":{"@id":"https:\/\/experienciadevida.com.ar\/portalurbano\/#organization"},"articleSection":["Educaci\u00f3n"],"inLanguage":"es"},{"@type":"WebPage","@id":"https:\/\/experienciadevida.com.ar\/portalurbano\/ingreso-en-facultad-de-ingenieria-luces-y-sombras-en-la-vuelta-a-la-presencialidad-post-pandemia\/","url":"https:\/\/experienciadevida.com.ar\/portalurbano\/ingreso-en-facultad-de-ingenieria-luces-y-sombras-en-la-vuelta-a-la-presencialidad-post-pandemia\/","name":"Ingreso en la facultad de Ingenier\u00eda: Luces y sombras","isPartOf":{"@id":"https:\/\/experienciadevida.com.ar\/portalurbano\/#website"},"datePublished":"2022-04-07T17:47:54+00:00","dateModified":"2022-04-07T18:10:23+00:00","description":"Ingreso en Facultad de ingenier\u00eda: luces y sombras en la vuelta a la presencialidad post-pandemia, la informaci\u00f3n se desprende del informe","breadcrumb":{"@id":"https:\/\/experienciadevida.com.ar\/portalurbano\/ingreso-en-facultad-de-ingenieria-luces-y-sombras-en-la-vuelta-a-la-presencialidad-post-pandemia\/#breadcrumb"},"inLanguage":"es","potentialAction":[{"@type":"ReadAction","target":["https:\/\/experienciadevida.com.ar\/portalurbano\/ingreso-en-facultad-de-ingenieria-luces-y-sombras-en-la-vuelta-a-la-presencialidad-post-pandemia\/"]}]},{"@type":"BreadcrumbList","@id":"https:\/\/experienciadevida.com.ar\/portalurbano\/ingreso-en-facultad-de-ingenieria-luces-y-sombras-en-la-vuelta-a-la-presencialidad-post-pandemia\/#breadcrumb","itemListElement":[{"@type":"ListItem","position":1,"name":"Portada","item":"https:\/\/experienciadevida.com.ar\/portalurbano\/"},{"@type":"ListItem","position":2,"name":"Ingreso en Facultad de ingenier\u00eda: luces y sombras en la vuelta a la presencialidad post-pandemia"}]},{"@type":"WebSite","@id":"https:\/\/experienciadevida.com.ar\/portalurbano\/#website","url":"https:\/\/experienciadevida.com.ar\/portalurbano\/","name":"","description":"","publisher":{"@id":"https:\/\/experienciadevida.com.ar\/portalurbano\/#organization"},"potentialAction":[{"@type":"SearchAction","target":{"@type":"EntryPoint","urlTemplate":"https:\/\/experienciadevida.com.ar\/portalurbano\/?s={search_term_string}"},"query-input":"required name=search_term_string"}],"inLanguage":"es"},{"@type":"Organization","@id":"https:\/\/experienciadevida.com.ar\/portalurbano\/#organization","name":"Portal Urbano","url":"https:\/\/experienciadevida.com.ar\/portalurbano\/","logo":{"@type":"ImageObject","inLanguage":"es","@id":"https:\/\/experienciadevida.com.ar\/portalurbano\/#\/schema\/logo\/image\/","url":"https:\/\/experienciadevida.com.ar\/portalurbano\/wp-content\/uploads\/2019\/09\/Logo-Original.png","contentUrl":"https:\/\/experienciadevida.com.ar\/portalurbano\/wp-content\/uploads\/2019\/09\/Logo-Original.png","width":2236,"height":1216,"caption":"Portal Urbano"},"image":{"@id":"https:\/\/experienciadevida.com.ar\/portalurbano\/#\/schema\/logo\/image\/"},"sameAs":["https:\/\/www.facebook.com\/Portal-Urbano-171542830093757\/","https:\/\/twitter.com\/portalurbanook","https:\/\/www.instagram.com\/_portalurbano\/","https:\/\/www.youtube.com\/channel\/UCXhagIfszH8KxFiOok79zbA?view_as=subscriber"]},{"@type":"Person","@id":"https:\/\/experienciadevida.com.ar\/portalurbano\/#\/schema\/person\/02dd326b1c4b056e9cc972486934a3a7","name":"admpu17wp","image":{"@type":"ImageObject","inLanguage":"es","@id":"https:\/\/experienciadevida.com.ar\/portalurbano\/#\/schema\/person\/image\/","url":"https:\/\/secure.gravatar.com\/avatar\/830d4c57adaae6630765e449a6908047?s=96&d=mm&r=g","contentUrl":"https:\/\/secure.gravatar.com\/avatar\/830d4c57adaae6630765e449a6908047?s=96&d=mm&r=g","caption":"admpu17wp"}}]}},"featured_image_urls":{"full":["https:\/\/experienciadevida.com.ar\/portalurbano\/wp-content\/uploads\/2022\/04\/Ingreso-en-Facultad-de.jpg",1000,425,false],"thumbnail":["https:\/\/experienciadevida.com.ar\/portalurbano\/wp-content\/uploads\/2022\/04\/Ingreso-en-Facultad-de-150x150.jpg",150,150,true],"medium":["https:\/\/experienciadevida.com.ar\/portalurbano\/wp-content\/uploads\/2022\/04\/Ingreso-en-Facultad-de-300x128.jpg",300,128,true],"medium_large":["https:\/\/experienciadevida.com.ar\/portalurbano\/wp-content\/uploads\/2022\/04\/Ingreso-en-Facultad-de-768x326.jpg",640,272,true],"large":["https:\/\/experienciadevida.com.ar\/portalurbano\/wp-content\/uploads\/2022\/04\/Ingreso-en-Facultad-de.jpg",640,272,false],"ug_big":["https:\/\/experienciadevida.com.ar\/portalurbano\/wp-content\/uploads\/2022\/04\/Ingreso-en-Facultad-de-768x326.jpg",768,326,true],"1536x1536":["https:\/\/experienciadevida.com.ar\/portalurbano\/wp-content\/uploads\/2022\/04\/Ingreso-en-Facultad-de.jpg",1000,425,false],"2048x2048":["https:\/\/experienciadevida.com.ar\/portalurbano\/wp-content\/uploads\/2022\/04\/Ingreso-en-Facultad-de.jpg",1000,425,false],"newsever-slider-full":["https:\/\/experienciadevida.com.ar\/portalurbano\/wp-content\/uploads\/2022\/04\/Ingreso-en-Facultad-de.jpg",1000,425,false],"newsever-featured":["https:\/\/experienciadevida.com.ar\/portalurbano\/wp-content\/uploads\/2022\/04\/Ingreso-en-Facultad-de.jpg",1000,425,false],"newsever-medium":["https:\/\/experienciadevida.com.ar\/portalurbano\/wp-content\/uploads\/2022\/04\/Ingreso-en-Facultad-de.jpg",720,306,false],"web-stories-poster-portrait":["https:\/\/experienciadevida.com.ar\/portalurbano\/wp-content\/uploads\/2022\/04\/Ingreso-en-Facultad-de.jpg",640,272,false],"web-stories-publisher-logo":["https:\/\/experienciadevida.com.ar\/portalurbano\/wp-content\/uploads\/2022\/04\/Ingreso-en-Facultad-de.jpg",96,41,false],"web-stories-thumbnail":["https:\/\/experienciadevida.com.ar\/portalurbano\/wp-content\/uploads\/2022\/04\/Ingreso-en-Facultad-de.jpg",150,64,false]},"author_info":{"display_name":"admpu17wp","author_link":"https:\/\/experienciadevida.com.ar\/portalurbano\/author\/admpu17wp\/"},"category_info":"<a href=\"https:\/\/experienciadevida.com.ar\/portalurbano\/category\/ciudad\/educacion\/\" rel=\"category tag\">Educaci\u00f3n<\/a>","tag_info":"Educaci\u00f3n","comment_count":"0","amp_enabled":true,"_links":{"self":[{"href":"https:\/\/experienciadevida.com.ar\/portalurbano\/wp-json\/wp\/v2\/posts\/165241"}],"collection":[{"href":"https:\/\/experienciadevida.com.ar\/portalurbano\/wp-json\/wp\/v2\/posts"}],"about":[{"href":"https:\/\/experienciadevida.com.ar\/portalurbano\/wp-json\/wp\/v2\/types\/post"}],"author":[{"embeddable":true,"href":"https:\/\/experienciadevida.com.ar\/portalurbano\/wp-json\/wp\/v2\/users\/1"}],"replies":[{"embeddable":true,"href":"https:\/\/experienciadevida.com.ar\/portalurbano\/wp-json\/wp\/v2\/comments?post=165241"}],"version-history":[{"count":2,"href":"https:\/\/experienciadevida.com.ar\/portalurbano\/wp-json\/wp\/v2\/posts\/165241\/revisions"}],"predecessor-version":[{"id":165247,"href":"https:\/\/experienciadevida.com.ar\/portalurbano\/wp-json\/wp\/v2\/posts\/165241\/revisions\/165247"}],"wp:featuredmedia":[{"embeddable":true,"href":"https:\/\/experienciadevida.com.ar\/portalurbano\/wp-json\/wp\/v2\/media\/165242"}],"wp:attachment":[{"href":"https:\/\/experienciadevida.com.ar\/portalurbano\/wp-json\/wp\/v2\/media?parent=165241"}],"wp:term":[{"taxonomy":"category","embeddable":true,"href":"https:\/\/experienciadevida.com.ar\/portalurbano\/wp-json\/wp\/v2\/categories?post=165241"},{"taxonomy":"post_tag","embeddable":true,"href":"https:\/\/experienciadevida.com.ar\/portalurbano\/wp-json\/wp\/v2\/tags?post=165241"}],"curies":[{"name":"wp","href":"https:\/\/api.w.org\/{rel}","templated":true}]}}