{"id":165221,"date":"2022-04-07T12:03:54","date_gmt":"2022-04-07T15:03:54","guid":{"rendered":"https:\/\/experienciadevida.com.ar\/portalurbano\/?p=165221"},"modified":"2022-04-07T12:07:14","modified_gmt":"2022-04-07T15:07:14","slug":"centro-deportivo-municipal-que-olavarria-sea-una-referencia-deportiva","status":"publish","type":"post","link":"https:\/\/experienciadevida.com.ar\/portalurbano\/centro-deportivo-municipal-que-olavarria-sea-una-referencia-deportiva\/","title":{"rendered":"Centro Deportivo Municipal: \u201cQue Olavarr\u00eda sea una referencia deportiva\u201d"},"content":{"rendered":"<p>Centro Deportivo Municipal: \u201cQue Olavarr\u00eda sea una referencia deportiva\u201d, en la ma\u00f1ana de este jueves el intendente Ezequiel <a href=\"https:\/\/www.facebook.com\/galliezequiel\">Galli<\/a> recorri\u00f3 el sitio donde se construir\u00e1 el Complejo Deportivo Municipal, lugar en el que funcionar\u00e1 la sede del Instituto de Educaci\u00f3n F\u00edsica (ISFD N\u00b0 47).<\/p>\n<p><a href=\"https:\/\/experienciadevida.com.ar\/portalurbano\/centro-deportivo-municipal-que-olavarria-sea-una-referencia-deportiva\/centro-4\/\" rel=\"attachment wp-att-165224\"><img decoding=\"async\" class=\"alignnone size-large wp-image-165224\" src=\"https:\/\/experienciadevida.com.ar\/portalurbano\/wp-content\/uploads\/2022\/04\/Centro-1024x684.jpg\" alt=\"Centro \" width=\"900\" height=\"601\" srcset=\"https:\/\/experienciadevida.com.ar\/portalurbano\/wp-content\/uploads\/2022\/04\/Centro-1024x684.jpg 1024w, https:\/\/experienciadevida.com.ar\/portalurbano\/wp-content\/uploads\/2022\/04\/Centro-300x201.jpg 300w, https:\/\/experienciadevida.com.ar\/portalurbano\/wp-content\/uploads\/2022\/04\/Centro-768x513.jpg 768w, https:\/\/experienciadevida.com.ar\/portalurbano\/wp-content\/uploads\/2022\/04\/Centro-1536x1027.jpg 1536w, https:\/\/experienciadevida.com.ar\/portalurbano\/wp-content\/uploads\/2022\/04\/Centro-2048x1369.jpg 2048w\" sizes=\"(max-width: 900px) 100vw, 900px\" \/><\/a><\/p>\n<p>\u201cEstoy parado sobre el terreno donde hoy mismo se empez\u00f3 a construir el Instituto de Educaci\u00f3n F\u00edsica, una casa de estudios important\u00edsima para el Partido de Olavarr\u00eda y para la regi\u00f3n\u201d, enfatiz\u00f3 el jefe comunal, quien estuvo acompa\u00f1ado por el Secretario de Mantenimiento y Obras P\u00fablicas, Julio Ferraro, el Subsecretario de Deportes y Recreaci\u00f3n Juan Agust\u00edn Galli y por el Director de Gesti\u00f3n Deportiva Oscar \u201cTito\u201d Gonz\u00e1lez.<\/p>\n<p>Se trata de una obra de m\u00e1s de 100 millones de pesos que fue licitada en febrero del presente a\u00f1o, concurso del que tomaron parte 4 firmas locales. La obra fue adjudicada finalmente a la firma Vigas y Bloques SRL, cuyos referentes tambi\u00e9n recorrieron la obra en la ma\u00f1ana de este jueves.<\/p>\n<p>El intendente Ezequiel Galli puso el acento en el trabajo mancomunado, no s\u00f3lo de diversas \u00e1reas municipales, sino tambi\u00e9n junto a las instituciones deportivas de Olavarr\u00eda. \u201cUn trabajo en equipo, un trabajo en conjunto y algo que nos pusimos a trabajar para que esto sea una realidad y empiece a tomar forma el Centro Deportivo Municipal, que es un sue\u00f1o de todos nosotros. Que Olavarr\u00eda sea una referencia deportiva, no solamente en los resultados sino tambi\u00e9n en infraestructura\u201d, concluy\u00f3.<\/p>\n<p><a href=\"https:\/\/experienciadevida.com.ar\/portalurbano\/centro-deportivo-municipal-que-olavarria-sea-una-referencia-deportiva\/deportivo\/\" rel=\"attachment wp-att-165226\"><img decoding=\"async\" class=\"alignnone size-large wp-image-165226\" src=\"https:\/\/experienciadevida.com.ar\/portalurbano\/wp-content\/uploads\/2022\/04\/deportivo-1024x684.jpg\" alt=\"deportivo \" width=\"900\" height=\"601\" srcset=\"https:\/\/experienciadevida.com.ar\/portalurbano\/wp-content\/uploads\/2022\/04\/deportivo-1024x684.jpg 1024w, https:\/\/experienciadevida.com.ar\/portalurbano\/wp-content\/uploads\/2022\/04\/deportivo-300x201.jpg 300w, https:\/\/experienciadevida.com.ar\/portalurbano\/wp-content\/uploads\/2022\/04\/deportivo-768x513.jpg 768w, https:\/\/experienciadevida.com.ar\/portalurbano\/wp-content\/uploads\/2022\/04\/deportivo-1536x1027.jpg 1536w, https:\/\/experienciadevida.com.ar\/portalurbano\/wp-content\/uploads\/2022\/04\/deportivo-2048x1369.jpg 2048w\" sizes=\"(max-width: 900px) 100vw, 900px\" \/><\/a><\/p>\n","protected":false},"excerpt":{"rendered":"<p>Centro Deportivo Municipal: \u201cQue Olavarr\u00eda sea una referencia deportiva\u201d, en la ma\u00f1ana de este jueves&#8230;<\/p>\n","protected":false},"author":1,"featured_media":165222,"comment_status":"closed","ping_status":"closed","sticky":false,"template":"","format":"standard","meta":{"content-type":""},"categories":[27,64],"tags":[],"nelio_content":{"isAutoShareEnabled":false,"autoShareEndMode":"default","automationSources":{"useContentSentences":true,"useSocialTemplates":true,"useCustomSentences":false,"customSentences":[]},"followers":[1],"suggestedReferences":[],"includedReferences":[],"efiUrl":"","efiAlt":"","highlights":[]},"yoast_head":"<!-- This site is optimized with the Yoast SEO plugin v20.7 - https:\/\/yoast.com\/wordpress\/plugins\/seo\/ -->\n<title>Centro Deportivo Municipal: &quot;Que Olavarr\u00eda sea una referencia&quot;<\/title>\n<meta name=\"description\" content=\"Centro Deportivo Municipal: \u201cQue Olavarr\u00eda sea una referencia deportiva\u201d, Galli recorri\u00f3 el sitio donde se construir\u00e1 el Complejo Municipal\" \/>\n<meta name=\"robots\" content=\"index, follow, max-snippet:-1, max-image-preview:large, max-video-preview:-1\" \/>\n<link rel=\"canonical\" href=\"https:\/\/experienciadevida.com.ar\/portalurbano\/centro-deportivo-municipal-que-olavarria-sea-una-referencia-deportiva\/\" \/>\n<meta property=\"og:locale\" content=\"es_ES\" \/>\n<meta property=\"og:type\" content=\"article\" \/>\n<meta property=\"og:title\" content=\"Centro Deportivo Municipal: &quot;Que Olavarr\u00eda sea una referencia&quot;\" \/>\n<meta property=\"og:description\" content=\"Centro Deportivo Municipal: \u201cQue Olavarr\u00eda sea una referencia deportiva\u201d, Galli recorri\u00f3 el sitio donde se construir\u00e1 el Complejo Municipal\" \/>\n<meta property=\"og:url\" content=\"https:\/\/experienciadevida.com.ar\/portalurbano\/centro-deportivo-municipal-que-olavarria-sea-una-referencia-deportiva\/\" \/>\n<meta property=\"article:publisher\" content=\"https:\/\/www.facebook.com\/Portal-Urbano-171542830093757\/\" \/>\n<meta property=\"article:published_time\" content=\"2022-04-07T15:03:54+00:00\" \/>\n<meta property=\"article:modified_time\" content=\"2022-04-07T15:07:14+00:00\" \/>\n<meta property=\"og:image\" content=\"https:\/\/experienciadevida.com.ar\/portalurbano\/wp-content\/uploads\/2022\/04\/Centro-Deportivo-Municipal.jpg\" \/>\n\t<meta property=\"og:image:width\" content=\"2560\" \/>\n\t<meta property=\"og:image:height\" content=\"1711\" \/>\n\t<meta property=\"og:image:type\" content=\"image\/jpeg\" \/>\n<meta name=\"author\" content=\"admpu17wp\" \/>\n<meta name=\"twitter:card\" content=\"summary_large_image\" \/>\n<meta name=\"twitter:creator\" content=\"@portalurbanook\" \/>\n<meta name=\"twitter:site\" content=\"@portalurbanook\" \/>\n<meta name=\"twitter:label1\" content=\"Escrito por\" \/>\n\t<meta name=\"twitter:data1\" content=\"admpu17wp\" \/>\n\t<meta name=\"twitter:label2\" content=\"Tiempo de lectura\" \/>\n\t<meta name=\"twitter:data2\" content=\"2 minutos\" \/>\n<script type=\"application\/ld+json\" class=\"yoast-schema-graph\">{\"@context\":\"https:\/\/schema.org\",\"@graph\":[{\"@type\":\"Article\",\"@id\":\"https:\/\/experienciadevida.com.ar\/portalurbano\/centro-deportivo-municipal-que-olavarria-sea-una-referencia-deportiva\/#article\",\"isPartOf\":{\"@id\":\"https:\/\/experienciadevida.com.ar\/portalurbano\/centro-deportivo-municipal-que-olavarria-sea-una-referencia-deportiva\/\"},\"author\":{\"name\":\"admpu17wp\",\"@id\":\"https:\/\/experienciadevida.com.ar\/portalurbano\/#\/schema\/person\/02dd326b1c4b056e9cc972486934a3a7\"},\"headline\":\"Centro Deportivo Municipal: \u201cQue Olavarr\u00eda sea una referencia deportiva\u201d\",\"datePublished\":\"2022-04-07T15:03:54+00:00\",\"dateModified\":\"2022-04-07T15:07:14+00:00\",\"mainEntityOfPage\":{\"@id\":\"https:\/\/experienciadevida.com.ar\/portalurbano\/centro-deportivo-municipal-que-olavarria-sea-una-referencia-deportiva\/\"},\"wordCount\":274,\"publisher\":{\"@id\":\"https:\/\/experienciadevida.com.ar\/portalurbano\/#organization\"},\"articleSection\":[\"Ciudad\",\"Destacadas 2\"],\"inLanguage\":\"es\"},{\"@type\":\"WebPage\",\"@id\":\"https:\/\/experienciadevida.com.ar\/portalurbano\/centro-deportivo-municipal-que-olavarria-sea-una-referencia-deportiva\/\",\"url\":\"https:\/\/experienciadevida.com.ar\/portalurbano\/centro-deportivo-municipal-que-olavarria-sea-una-referencia-deportiva\/\",\"name\":\"Centro Deportivo Municipal: \\\"Que Olavarr\u00eda sea una referencia\\\"\",\"isPartOf\":{\"@id\":\"https:\/\/experienciadevida.com.ar\/portalurbano\/#website\"},\"datePublished\":\"2022-04-07T15:03:54+00:00\",\"dateModified\":\"2022-04-07T15:07:14+00:00\",\"description\":\"Centro Deportivo Municipal: \u201cQue Olavarr\u00eda sea una referencia deportiva\u201d, Galli recorri\u00f3 el sitio donde se construir\u00e1 el Complejo Municipal\",\"breadcrumb\":{\"@id\":\"https:\/\/experienciadevida.com.ar\/portalurbano\/centro-deportivo-municipal-que-olavarria-sea-una-referencia-deportiva\/#breadcrumb\"},\"inLanguage\":\"es\",\"potentialAction\":[{\"@type\":\"ReadAction\",\"target\":[\"https:\/\/experienciadevida.com.ar\/portalurbano\/centro-deportivo-municipal-que-olavarria-sea-una-referencia-deportiva\/\"]}]},{\"@type\":\"BreadcrumbList\",\"@id\":\"https:\/\/experienciadevida.com.ar\/portalurbano\/centro-deportivo-municipal-que-olavarria-sea-una-referencia-deportiva\/#breadcrumb\",\"itemListElement\":[{\"@type\":\"ListItem\",\"position\":1,\"name\":\"Portada\",\"item\":\"https:\/\/experienciadevida.com.ar\/portalurbano\/\"},{\"@type\":\"ListItem\",\"position\":2,\"name\":\"Centro Deportivo Municipal: \u201cQue Olavarr\u00eda sea una referencia deportiva\u201d\"}]},{\"@type\":\"WebSite\",\"@id\":\"https:\/\/experienciadevida.com.ar\/portalurbano\/#website\",\"url\":\"https:\/\/experienciadevida.com.ar\/portalurbano\/\",\"name\":\"\",\"description\":\"\",\"publisher\":{\"@id\":\"https:\/\/experienciadevida.com.ar\/portalurbano\/#organization\"},\"potentialAction\":[{\"@type\":\"SearchAction\",\"target\":{\"@type\":\"EntryPoint\",\"urlTemplate\":\"https:\/\/experienciadevida.com.ar\/portalurbano\/?s={search_term_string}\"},\"query-input\":\"required name=search_term_string\"}],\"inLanguage\":\"es\"},{\"@type\":\"Organization\",\"@id\":\"https:\/\/experienciadevida.com.ar\/portalurbano\/#organization\",\"name\":\"Portal Urbano\",\"url\":\"https:\/\/experienciadevida.com.ar\/portalurbano\/\",\"logo\":{\"@type\":\"ImageObject\",\"inLanguage\":\"es\",\"@id\":\"https:\/\/experienciadevida.com.ar\/portalurbano\/#\/schema\/logo\/image\/\",\"url\":\"https:\/\/experienciadevida.com.ar\/portalurbano\/wp-content\/uploads\/2019\/09\/Logo-Original.png\",\"contentUrl\":\"https:\/\/experienciadevida.com.ar\/portalurbano\/wp-content\/uploads\/2019\/09\/Logo-Original.png\",\"width\":2236,\"height\":1216,\"caption\":\"Portal Urbano\"},\"image\":{\"@id\":\"https:\/\/experienciadevida.com.ar\/portalurbano\/#\/schema\/logo\/image\/\"},\"sameAs\":[\"https:\/\/www.facebook.com\/Portal-Urbano-171542830093757\/\",\"https:\/\/twitter.com\/portalurbanook\",\"https:\/\/www.instagram.com\/_portalurbano\/\",\"https:\/\/www.youtube.com\/channel\/UCXhagIfszH8KxFiOok79zbA?view_as=subscriber\"]},{\"@type\":\"Person\",\"@id\":\"https:\/\/experienciadevida.com.ar\/portalurbano\/#\/schema\/person\/02dd326b1c4b056e9cc972486934a3a7\",\"name\":\"admpu17wp\",\"image\":{\"@type\":\"ImageObject\",\"inLanguage\":\"es\",\"@id\":\"https:\/\/experienciadevida.com.ar\/portalurbano\/#\/schema\/person\/image\/\",\"url\":\"https:\/\/secure.gravatar.com\/avatar\/830d4c57adaae6630765e449a6908047?s=96&d=mm&r=g\",\"contentUrl\":\"https:\/\/secure.gravatar.com\/avatar\/830d4c57adaae6630765e449a6908047?s=96&d=mm&r=g\",\"caption\":\"admpu17wp\"}}]}<\/script>\n<!-- \/ Yoast SEO plugin. -->","yoast_head_json":{"title":"Centro Deportivo Municipal: \"Que Olavarr\u00eda sea una referencia\"","description":"Centro Deportivo Municipal: \u201cQue Olavarr\u00eda sea una referencia deportiva\u201d, Galli recorri\u00f3 el sitio donde se construir\u00e1 el Complejo Municipal","robots":{"index":"index","follow":"follow","max-snippet":"max-snippet:-1","max-image-preview":"max-image-preview:large","max-video-preview":"max-video-preview:-1"},"canonical":"https:\/\/experienciadevida.com.ar\/portalurbano\/centro-deportivo-municipal-que-olavarria-sea-una-referencia-deportiva\/","og_locale":"es_ES","og_type":"article","og_title":"Centro Deportivo Municipal: \"Que Olavarr\u00eda sea una referencia\"","og_description":"Centro Deportivo Municipal: \u201cQue Olavarr\u00eda sea una referencia deportiva\u201d, Galli recorri\u00f3 el sitio donde se construir\u00e1 el Complejo Municipal","og_url":"https:\/\/experienciadevida.com.ar\/portalurbano\/centro-deportivo-municipal-que-olavarria-sea-una-referencia-deportiva\/","article_publisher":"https:\/\/www.facebook.com\/Portal-Urbano-171542830093757\/","article_published_time":"2022-04-07T15:03:54+00:00","article_modified_time":"2022-04-07T15:07:14+00:00","og_image":[{"width":2560,"height":1711,"url":"https:\/\/experienciadevida.com.ar\/portalurbano\/wp-content\/uploads\/2022\/04\/Centro-Deportivo-Municipal.jpg","type":"image\/jpeg"}],"author":"admpu17wp","twitter_card":"summary_large_image","twitter_creator":"@portalurbanook","twitter_site":"@portalurbanook","twitter_misc":{"Escrito por":"admpu17wp","Tiempo de lectura":"2 minutos"},"schema":{"@context":"https:\/\/schema.org","@graph":[{"@type":"Article","@id":"https:\/\/experienciadevida.com.ar\/portalurbano\/centro-deportivo-municipal-que-olavarria-sea-una-referencia-deportiva\/#article","isPartOf":{"@id":"https:\/\/experienciadevida.com.ar\/portalurbano\/centro-deportivo-municipal-que-olavarria-sea-una-referencia-deportiva\/"},"author":{"name":"admpu17wp","@id":"https:\/\/experienciadevida.com.ar\/portalurbano\/#\/schema\/person\/02dd326b1c4b056e9cc972486934a3a7"},"headline":"Centro Deportivo Municipal: \u201cQue Olavarr\u00eda sea una referencia deportiva\u201d","datePublished":"2022-04-07T15:03:54+00:00","dateModified":"2022-04-07T15:07:14+00:00","mainEntityOfPage":{"@id":"https:\/\/experienciadevida.com.ar\/portalurbano\/centro-deportivo-municipal-que-olavarria-sea-una-referencia-deportiva\/"},"wordCount":274,"publisher":{"@id":"https:\/\/experienciadevida.com.ar\/portalurbano\/#organization"},"articleSection":["Ciudad","Destacadas 2"],"inLanguage":"es"},{"@type":"WebPage","@id":"https:\/\/experienciadevida.com.ar\/portalurbano\/centro-deportivo-municipal-que-olavarria-sea-una-referencia-deportiva\/","url":"https:\/\/experienciadevida.com.ar\/portalurbano\/centro-deportivo-municipal-que-olavarria-sea-una-referencia-deportiva\/","name":"Centro Deportivo Municipal: \"Que Olavarr\u00eda sea una referencia\"","isPartOf":{"@id":"https:\/\/experienciadevida.com.ar\/portalurbano\/#website"},"datePublished":"2022-04-07T15:03:54+00:00","dateModified":"2022-04-07T15:07:14+00:00","description":"Centro Deportivo Municipal: \u201cQue Olavarr\u00eda sea una referencia deportiva\u201d, Galli recorri\u00f3 el sitio donde se construir\u00e1 el Complejo Municipal","breadcrumb":{"@id":"https:\/\/experienciadevida.com.ar\/portalurbano\/centro-deportivo-municipal-que-olavarria-sea-una-referencia-deportiva\/#breadcrumb"},"inLanguage":"es","potentialAction":[{"@type":"ReadAction","target":["https:\/\/experienciadevida.com.ar\/portalurbano\/centro-deportivo-municipal-que-olavarria-sea-una-referencia-deportiva\/"]}]},{"@type":"BreadcrumbList","@id":"https:\/\/experienciadevida.com.ar\/portalurbano\/centro-deportivo-municipal-que-olavarria-sea-una-referencia-deportiva\/#breadcrumb","itemListElement":[{"@type":"ListItem","position":1,"name":"Portada","item":"https:\/\/experienciadevida.com.ar\/portalurbano\/"},{"@type":"ListItem","position":2,"name":"Centro Deportivo Municipal: \u201cQue Olavarr\u00eda sea una referencia deportiva\u201d"}]},{"@type":"WebSite","@id":"https:\/\/experienciadevida.com.ar\/portalurbano\/#website","url":"https:\/\/experienciadevida.com.ar\/portalurbano\/","name":"","description":"","publisher":{"@id":"https:\/\/experienciadevida.com.ar\/portalurbano\/#organization"},"potentialAction":[{"@type":"SearchAction","target":{"@type":"EntryPoint","urlTemplate":"https:\/\/experienciadevida.com.ar\/portalurbano\/?s={search_term_string}"},"query-input":"required name=search_term_string"}],"inLanguage":"es"},{"@type":"Organization","@id":"https:\/\/experienciadevida.com.ar\/portalurbano\/#organization","name":"Portal Urbano","url":"https:\/\/experienciadevida.com.ar\/portalurbano\/","logo":{"@type":"ImageObject","inLanguage":"es","@id":"https:\/\/experienciadevida.com.ar\/portalurbano\/#\/schema\/logo\/image\/","url":"https:\/\/experienciadevida.com.ar\/portalurbano\/wp-content\/uploads\/2019\/09\/Logo-Original.png","contentUrl":"https:\/\/experienciadevida.com.ar\/portalurbano\/wp-content\/uploads\/2019\/09\/Logo-Original.png","width":2236,"height":1216,"caption":"Portal Urbano"},"image":{"@id":"https:\/\/experienciadevida.com.ar\/portalurbano\/#\/schema\/logo\/image\/"},"sameAs":["https:\/\/www.facebook.com\/Portal-Urbano-171542830093757\/","https:\/\/twitter.com\/portalurbanook","https:\/\/www.instagram.com\/_portalurbano\/","https:\/\/www.youtube.com\/channel\/UCXhagIfszH8KxFiOok79zbA?view_as=subscriber"]},{"@type":"Person","@id":"https:\/\/experienciadevida.com.ar\/portalurbano\/#\/schema\/person\/02dd326b1c4b056e9cc972486934a3a7","name":"admpu17wp","image":{"@type":"ImageObject","inLanguage":"es","@id":"https:\/\/experienciadevida.com.ar\/portalurbano\/#\/schema\/person\/image\/","url":"https:\/\/secure.gravatar.com\/avatar\/830d4c57adaae6630765e449a6908047?s=96&d=mm&r=g","contentUrl":"https:\/\/secure.gravatar.com\/avatar\/830d4c57adaae6630765e449a6908047?s=96&d=mm&r=g","caption":"admpu17wp"}}]}},"featured_image_urls":{"full":["https:\/\/experienciadevida.com.ar\/portalurbano\/wp-content\/uploads\/2022\/04\/Centro-Deportivo-Municipal.jpg",2560,1711,false],"thumbnail":["https:\/\/experienciadevida.com.ar\/portalurbano\/wp-content\/uploads\/2022\/04\/Centro-Deportivo-Municipal-150x150.jpg",150,150,true],"medium":["https:\/\/experienciadevida.com.ar\/portalurbano\/wp-content\/uploads\/2022\/04\/Centro-Deportivo-Municipal-300x201.jpg",300,201,true],"medium_large":["https:\/\/experienciadevida.com.ar\/portalurbano\/wp-content\/uploads\/2022\/04\/Centro-Deportivo-Municipal-768x513.jpg",640,428,true],"large":["https:\/\/experienciadevida.com.ar\/portalurbano\/wp-content\/uploads\/2022\/04\/Centro-Deportivo-Municipal-1024x684.jpg",640,428,true],"ug_big":["https:\/\/experienciadevida.com.ar\/portalurbano\/wp-content\/uploads\/2022\/04\/Centro-Deportivo-Municipal-768x513.jpg",768,513,true],"1536x1536":["https:\/\/experienciadevida.com.ar\/portalurbano\/wp-content\/uploads\/2022\/04\/Centro-Deportivo-Municipal-1536x1027.jpg",1536,1027,true],"2048x2048":["https:\/\/experienciadevida.com.ar\/portalurbano\/wp-content\/uploads\/2022\/04\/Centro-Deportivo-Municipal-2048x1369.jpg",2048,1369,true],"newsever-slider-full":["https:\/\/experienciadevida.com.ar\/portalurbano\/wp-content\/uploads\/2022\/04\/Centro-Deportivo-Municipal.jpg",1264,845,false],"newsever-featured":["https:\/\/experienciadevida.com.ar\/portalurbano\/wp-content\/uploads\/2022\/04\/Centro-Deportivo-Municipal.jpg",1024,684,false],"newsever-medium":["https:\/\/experienciadevida.com.ar\/portalurbano\/wp-content\/uploads\/2022\/04\/Centro-Deportivo-Municipal.jpg",711,475,false],"web-stories-poster-portrait":["https:\/\/experienciadevida.com.ar\/portalurbano\/wp-content\/uploads\/2022\/04\/Centro-Deportivo-Municipal.jpg",640,428,false],"web-stories-publisher-logo":["https:\/\/experienciadevida.com.ar\/portalurbano\/wp-content\/uploads\/2022\/04\/Centro-Deportivo-Municipal.jpg",96,64,false],"web-stories-thumbnail":["https:\/\/experienciadevida.com.ar\/portalurbano\/wp-content\/uploads\/2022\/04\/Centro-Deportivo-Municipal.jpg",150,100,false]},"author_info":{"display_name":"admpu17wp","author_link":"https:\/\/experienciadevida.com.ar\/portalurbano\/author\/admpu17wp\/"},"category_info":"<a href=\"https:\/\/experienciadevida.com.ar\/portalurbano\/category\/ciudad\/\" rel=\"category tag\">Ciudad<\/a> <a href=\"https:\/\/experienciadevida.com.ar\/portalurbano\/category\/destacadas-2\/\" rel=\"category tag\">Destacadas 2<\/a>","tag_info":"Destacadas 2","comment_count":"0","amp_enabled":true,"_links":{"self":[{"href":"https:\/\/experienciadevida.com.ar\/portalurbano\/wp-json\/wp\/v2\/posts\/165221"}],"collection":[{"href":"https:\/\/experienciadevida.com.ar\/portalurbano\/wp-json\/wp\/v2\/posts"}],"about":[{"href":"https:\/\/experienciadevida.com.ar\/portalurbano\/wp-json\/wp\/v2\/types\/post"}],"author":[{"embeddable":true,"href":"https:\/\/experienciadevida.com.ar\/portalurbano\/wp-json\/wp\/v2\/users\/1"}],"replies":[{"embeddable":true,"href":"https:\/\/experienciadevida.com.ar\/portalurbano\/wp-json\/wp\/v2\/comments?post=165221"}],"version-history":[{"count":3,"href":"https:\/\/experienciadevida.com.ar\/portalurbano\/wp-json\/wp\/v2\/posts\/165221\/revisions"}],"predecessor-version":[{"id":165227,"href":"https:\/\/experienciadevida.com.ar\/portalurbano\/wp-json\/wp\/v2\/posts\/165221\/revisions\/165227"}],"wp:featuredmedia":[{"embeddable":true,"href":"https:\/\/experienciadevida.com.ar\/portalurbano\/wp-json\/wp\/v2\/media\/165222"}],"wp:attachment":[{"href":"https:\/\/experienciadevida.com.ar\/portalurbano\/wp-json\/wp\/v2\/media?parent=165221"}],"wp:term":[{"taxonomy":"category","embeddable":true,"href":"https:\/\/experienciadevida.com.ar\/portalurbano\/wp-json\/wp\/v2\/categories?post=165221"},{"taxonomy":"post_tag","embeddable":true,"href":"https:\/\/experienciadevida.com.ar\/portalurbano\/wp-json\/wp\/v2\/tags?post=165221"}],"curies":[{"name":"wp","href":"https:\/\/api.w.org\/{rel}","templated":true}]}}