{"id":165174,"date":"2022-04-06T20:24:21","date_gmt":"2022-04-06T23:24:21","guid":{"rendered":"https:\/\/experienciadevida.com.ar\/portalurbano\/?p=165174"},"modified":"2022-04-06T20:45:45","modified_gmt":"2022-04-06T23:45:45","slug":"se-que-voy-a-ser-muy-fuerte-para-luchar-por-su-justicia","status":"publish","type":"post","link":"https:\/\/experienciadevida.com.ar\/portalurbano\/se-que-voy-a-ser-muy-fuerte-para-luchar-por-su-justicia\/","title":{"rendered":"&#8220;S\u00e9 que voy a ser muy fuerte para luchar por su justicia&#8221;"},"content":{"rendered":"<p><em>&#8220;S\u00e9 que voy a ser muy fuerte para luchar por su justicia&#8221;,<\/em> as\u00ed lo dijo la mam\u00e1 de Marcela G\u00f3mez, en di\u00e1logo con los medios de comunicaci\u00f3n presentes, tambi\u00e9n estuvo la familia de Ely Mendilaharazu. <strong>Dos testimonios, un mismo dolor y pedido de justicia.<\/strong><\/p>\n<p><a href=\"https:\/\/experienciadevida.com.ar\/portalurbano\/se-que-voy-a-ser-muy-fuerte-para-luchar-por-su-justicia\/se-4\/\" rel=\"attachment wp-att-165181\"><img decoding=\"async\" class=\"alignnone size-full wp-image-165181\" src=\"https:\/\/experienciadevida.com.ar\/portalurbano\/wp-content\/uploads\/2022\/04\/Se.jpg\" alt=\"Se \" width=\"765\" height=\"510\" srcset=\"https:\/\/experienciadevida.com.ar\/portalurbano\/wp-content\/uploads\/2022\/04\/Se.jpg 765w, https:\/\/experienciadevida.com.ar\/portalurbano\/wp-content\/uploads\/2022\/04\/Se-300x200.jpg 300w\" sizes=\"(max-width: 765px) 100vw, 765px\" \/><\/a><\/p>\n<p>Mar\u00eda Jos\u00e9, la mam\u00e1 de Marcela fue la primera en hablar <em>&#8220;hoy hace un mes que no la tengo a mi hija, porque un enfermo decidi\u00f3 terminar de la peor manera que yo creo que no va a ver forma de poder ocupar ese lugar nadie, ese vac\u00edo que qued\u00f3 en m\u00ed, en las hermanas, hermano, pero yo s\u00e9 que voy\u00a0 a hacer muy fuerte para luchar por su justicia, porque esta persona no va a salir cueste lo que cueste, no va a estar libre, voy a pedir justicia. Es una persona que no tiene compasi\u00f3n por nada ni por nadie, porque \u00e9l ya estuvo con otro caso de violencia de g\u00e9nero, y a mi hija la que era su pareja le hizo todo lo que nadie se puede ni imaginar&#8221;.<\/em><\/p>\n<p><em>&#8220;Me quit\u00f3\u00a0lo que m\u00e1s quer\u00eda, siempre me amenaz\u00f3 y\u00a0 lo logr\u00f3, me quit\u00f3 a mi beb\u00e9 porque era la m\u00e1s chica y era la que siempre le hac\u00eda frente y por su valent\u00eda dio la vida por su hermana, lucho hasta el \u00faltimo segundo de su vida, y por esa valent\u00eda tengo que ser fuerte como ella lo fue, porque ella dio todo, por su hermana\u00a0 y sus sobrinos, entonces yo le pido a la justicia que esta vez no lo dejen como los otros casos, como las otras causas que ten\u00eda que lo dejaron en libertad.\u00a0 \u00a0Yo pido justicia y que cumpla lo que tiene que cumplir&#8221;.<\/em><\/p>\n<p><a href=\"https:\/\/experienciadevida.com.ar\/portalurbano\/se-que-voy-a-ser-muy-fuerte-para-luchar-por-su-justicia\/que\/\" rel=\"attachment wp-att-165182\"><img decoding=\"async\" class=\"alignnone size-full wp-image-165182\" src=\"https:\/\/experienciadevida.com.ar\/portalurbano\/wp-content\/uploads\/2022\/04\/que.jpg\" alt=\"que \" width=\"765\" height=\"510\" srcset=\"https:\/\/experienciadevida.com.ar\/portalurbano\/wp-content\/uploads\/2022\/04\/que.jpg 765w, https:\/\/experienciadevida.com.ar\/portalurbano\/wp-content\/uploads\/2022\/04\/que-300x200.jpg 300w\" sizes=\"(max-width: 765px) 100vw, 765px\" \/><\/a><\/p>\n<p>Luego habl\u00f3 la mam\u00e1 de Ely Mendilaharazu, una joven de 29 a\u00f1os de la ciudad de Azul v\u00edctima de femicidio &#8220;<em>yo soy Olavarriense&#8221; expres\u00f3, &#8220;este hecho ocurre el 16 de agosto y Eliana estuvo m\u00e1s de 60 d\u00edas en agon\u00eda. Hab\u00eda sido mam\u00e1 hac\u00eda apenas dos meses, dej\u00f3 cuatro hijos y uno con apenas dos meses, es una desolaci\u00f3n total&#8221;.<\/em><\/p>\n<p><a href=\"https:\/\/experienciadevida.com.ar\/portalurbano\/se-que-voy-a-ser-muy-fuerte-para-luchar-por-su-justicia\/voy\/\" rel=\"attachment wp-att-165184\"><img decoding=\"async\" class=\"alignnone size-full wp-image-165184\" src=\"https:\/\/experienciadevida.com.ar\/portalurbano\/wp-content\/uploads\/2022\/04\/voy.jpg\" alt=\"voy \" width=\"765\" height=\"510\" srcset=\"https:\/\/experienciadevida.com.ar\/portalurbano\/wp-content\/uploads\/2022\/04\/voy.jpg 765w, https:\/\/experienciadevida.com.ar\/portalurbano\/wp-content\/uploads\/2022\/04\/voy-300x200.jpg 300w\" sizes=\"(max-width: 765px) 100vw, 765px\" \/><\/a><\/p>\n<p><em>&#8220;El femicida se encarg\u00f3 como lo ven\u00eda diciendo. Ely ten\u00eda un embarazo de alto riesgo, y la pandemia no me permiti\u00f3 viajar para estar presente presencialmente, el asesino la dej\u00f3 en estado vegetativo pero hoy eso me empodera para llevar adelante mi lucha, que la justicia sea justa, porque el dolor que no atraviesa es tremendo y no se lo deseo a nadie ni a mi peor enemigo&#8221;.<\/em><\/p>\n<p>Adem\u00e1s &#8220;<em>hoy como mam\u00e1 estoy conformando una Asociaci\u00f3n Civil, que me transforma el dolor en amor, porque no queremos que haya m\u00e1s Marcelas, Ely, ya no son ni una menos, son miles menos, cambiemos eso. La sociedad tiene que tener compromiso, hay falta de empat\u00eda pero esto nos atraviesa a todos, no hay clase social, pol\u00edtica, religi\u00f3n nos abarca a todos entonces el compromiso debe ser asumido por todos sino no vamos a transformar nada&#8221;.\u00a0<\/em><\/p>\n<p><em>\u00a0&#8220;Queremos que las condenas sean perpetuas, sin beneficios, queremos que cambien las condenas que los jueces se pongan a trabajar, que no miren para el costado&#8221;.\u00a0<\/em><\/p>\n<p><span style=\"color: #0000ff;\">Las im\u00e1genes:<\/span><\/p>\n<p><a href=\"https:\/\/experienciadevida.com.ar\/portalurbano\/se-que-voy-a-ser-muy-fuerte-para-luchar-por-su-justicia\/dsc_0131-3\/\" rel=\"attachment wp-att-165186\"><img decoding=\"async\" class=\"alignnone size-full wp-image-165186\" src=\"https:\/\/experienciadevida.com.ar\/portalurbano\/wp-content\/uploads\/2022\/04\/DSC_0131.jpg\" alt=\"\" width=\"765\" height=\"510\" srcset=\"https:\/\/experienciadevida.com.ar\/portalurbano\/wp-content\/uploads\/2022\/04\/DSC_0131.jpg 765w, https:\/\/experienciadevida.com.ar\/portalurbano\/wp-content\/uploads\/2022\/04\/DSC_0131-300x200.jpg 300w\" sizes=\"(max-width: 765px) 100vw, 765px\" \/><\/a><\/p>\n<p><a href=\"https:\/\/experienciadevida.com.ar\/portalurbano\/se-que-voy-a-ser-muy-fuerte-para-luchar-por-su-justicia\/dsc_0133-2\/\" rel=\"attachment wp-att-165187\"><img decoding=\"async\" class=\"alignnone size-full wp-image-165187\" src=\"https:\/\/experienciadevida.com.ar\/portalurbano\/wp-content\/uploads\/2022\/04\/DSC_0133-1.jpg\" alt=\"\" width=\"765\" height=\"510\" srcset=\"https:\/\/experienciadevida.com.ar\/portalurbano\/wp-content\/uploads\/2022\/04\/DSC_0133-1.jpg 765w, https:\/\/experienciadevida.com.ar\/portalurbano\/wp-content\/uploads\/2022\/04\/DSC_0133-1-300x200.jpg 300w\" sizes=\"(max-width: 765px) 100vw, 765px\" \/><\/a><\/p>\n<p><a href=\"https:\/\/experienciadevida.com.ar\/portalurbano\/se-que-voy-a-ser-muy-fuerte-para-luchar-por-su-justicia\/dsc_0135\/\" rel=\"attachment wp-att-165188\"><img decoding=\"async\" class=\"alignnone size-full wp-image-165188\" src=\"https:\/\/experienciadevida.com.ar\/portalurbano\/wp-content\/uploads\/2022\/04\/DSC_0135.jpg\" alt=\"\" width=\"765\" height=\"510\" srcset=\"https:\/\/experienciadevida.com.ar\/portalurbano\/wp-content\/uploads\/2022\/04\/DSC_0135.jpg 765w, https:\/\/experienciadevida.com.ar\/portalurbano\/wp-content\/uploads\/2022\/04\/DSC_0135-300x200.jpg 300w\" sizes=\"(max-width: 765px) 100vw, 765px\" \/><\/a><\/p>\n<p><a href=\"https:\/\/experienciadevida.com.ar\/portalurbano\/se-que-voy-a-ser-muy-fuerte-para-luchar-por-su-justicia\/dsc_0136-2\/\" rel=\"attachment wp-att-165189\"><img decoding=\"async\" class=\"alignnone size-full wp-image-165189\" src=\"https:\/\/experienciadevida.com.ar\/portalurbano\/wp-content\/uploads\/2022\/04\/DSC_0136-1.jpg\" alt=\"\" width=\"765\" height=\"510\" srcset=\"https:\/\/experienciadevida.com.ar\/portalurbano\/wp-content\/uploads\/2022\/04\/DSC_0136-1.jpg 765w, https:\/\/experienciadevida.com.ar\/portalurbano\/wp-content\/uploads\/2022\/04\/DSC_0136-1-300x200.jpg 300w\" sizes=\"(max-width: 765px) 100vw, 765px\" \/><\/a><\/p>\n<p><a href=\"https:\/\/experienciadevida.com.ar\/portalurbano\/se-que-voy-a-ser-muy-fuerte-para-luchar-por-su-justicia\/dsc_0138-2\/\" rel=\"attachment wp-att-165190\"><img decoding=\"async\" class=\"alignnone size-full wp-image-165190\" src=\"https:\/\/experienciadevida.com.ar\/portalurbano\/wp-content\/uploads\/2022\/04\/DSC_0138.jpg\" alt=\"\" width=\"765\" height=\"510\" srcset=\"https:\/\/experienciadevida.com.ar\/portalurbano\/wp-content\/uploads\/2022\/04\/DSC_0138.jpg 765w, https:\/\/experienciadevida.com.ar\/portalurbano\/wp-content\/uploads\/2022\/04\/DSC_0138-300x200.jpg 300w\" sizes=\"(max-width: 765px) 100vw, 765px\" \/><\/a><\/p>\n<p><a href=\"https:\/\/experienciadevida.com.ar\/portalurbano\/se-que-voy-a-ser-muy-fuerte-para-luchar-por-su-justicia\/dsc_0140-2\/\" rel=\"attachment wp-att-165191\"><img decoding=\"async\" class=\"alignnone size-full wp-image-165191\" src=\"https:\/\/experienciadevida.com.ar\/portalurbano\/wp-content\/uploads\/2022\/04\/DSC_0140-1.jpg\" alt=\"\" width=\"765\" height=\"510\" srcset=\"https:\/\/experienciadevida.com.ar\/portalurbano\/wp-content\/uploads\/2022\/04\/DSC_0140-1.jpg 765w, https:\/\/experienciadevida.com.ar\/portalurbano\/wp-content\/uploads\/2022\/04\/DSC_0140-1-300x200.jpg 300w\" sizes=\"(max-width: 765px) 100vw, 765px\" \/><\/a><\/p>\n<p><a href=\"https:\/\/experienciadevida.com.ar\/portalurbano\/se-que-voy-a-ser-muy-fuerte-para-luchar-por-su-justicia\/dsc_0141\/\" rel=\"attachment wp-att-165192\"><img decoding=\"async\" class=\"alignnone size-full wp-image-165192\" src=\"https:\/\/experienciadevida.com.ar\/portalurbano\/wp-content\/uploads\/2022\/04\/DSC_0141.jpg\" alt=\"\" width=\"765\" height=\"510\" srcset=\"https:\/\/experienciadevida.com.ar\/portalurbano\/wp-content\/uploads\/2022\/04\/DSC_0141.jpg 765w, https:\/\/experienciadevida.com.ar\/portalurbano\/wp-content\/uploads\/2022\/04\/DSC_0141-300x200.jpg 300w\" sizes=\"(max-width: 765px) 100vw, 765px\" \/><\/a><\/p>\n<p><a href=\"https:\/\/experienciadevida.com.ar\/portalurbano\/se-que-voy-a-ser-muy-fuerte-para-luchar-por-su-justicia\/dsc_0143\/\" rel=\"attachment wp-att-165193\"><img decoding=\"async\" class=\"alignnone size-full wp-image-165193\" src=\"https:\/\/experienciadevida.com.ar\/portalurbano\/wp-content\/uploads\/2022\/04\/DSC_0143.jpg\" alt=\"\" width=\"765\" height=\"510\" srcset=\"https:\/\/experienciadevida.com.ar\/portalurbano\/wp-content\/uploads\/2022\/04\/DSC_0143.jpg 765w, https:\/\/experienciadevida.com.ar\/portalurbano\/wp-content\/uploads\/2022\/04\/DSC_0143-300x200.jpg 300w\" sizes=\"(max-width: 765px) 100vw, 765px\" \/><\/a><\/p>\n<p><a href=\"https:\/\/experienciadevida.com.ar\/portalurbano\/se-que-voy-a-ser-muy-fuerte-para-luchar-por-su-justicia\/dsc_0145-2\/\" rel=\"attachment wp-att-165194\"><img decoding=\"async\" class=\"alignnone size-full wp-image-165194\" src=\"https:\/\/experienciadevida.com.ar\/portalurbano\/wp-content\/uploads\/2022\/04\/DSC_0145.jpg\" alt=\"\" width=\"765\" height=\"510\" srcset=\"https:\/\/experienciadevida.com.ar\/portalurbano\/wp-content\/uploads\/2022\/04\/DSC_0145.jpg 765w, https:\/\/experienciadevida.com.ar\/portalurbano\/wp-content\/uploads\/2022\/04\/DSC_0145-300x200.jpg 300w\" sizes=\"(max-width: 765px) 100vw, 765px\" \/><\/a><\/p>\n<p><a href=\"https:\/\/experienciadevida.com.ar\/portalurbano\/se-que-voy-a-ser-muy-fuerte-para-luchar-por-su-justicia\/dsc_0149-2\/\" rel=\"attachment wp-att-165195\"><img decoding=\"async\" class=\"alignnone size-full wp-image-165195\" src=\"https:\/\/experienciadevida.com.ar\/portalurbano\/wp-content\/uploads\/2022\/04\/DSC_0149-1.jpg\" alt=\"\" width=\"765\" height=\"510\" srcset=\"https:\/\/experienciadevida.com.ar\/portalurbano\/wp-content\/uploads\/2022\/04\/DSC_0149-1.jpg 765w, https:\/\/experienciadevida.com.ar\/portalurbano\/wp-content\/uploads\/2022\/04\/DSC_0149-1-300x200.jpg 300w\" sizes=\"(max-width: 765px) 100vw, 765px\" \/><\/a><\/p>\n<p><a href=\"https:\/\/experienciadevida.com.ar\/portalurbano\/se-que-voy-a-ser-muy-fuerte-para-luchar-por-su-justicia\/dsc_0154\/\" rel=\"attachment wp-att-165196\"><img decoding=\"async\" class=\"alignnone size-full wp-image-165196\" src=\"https:\/\/experienciadevida.com.ar\/portalurbano\/wp-content\/uploads\/2022\/04\/DSC_0154.jpg\" alt=\"\" width=\"765\" height=\"510\" srcset=\"https:\/\/experienciadevida.com.ar\/portalurbano\/wp-content\/uploads\/2022\/04\/DSC_0154.jpg 765w, https:\/\/experienciadevida.com.ar\/portalurbano\/wp-content\/uploads\/2022\/04\/DSC_0154-300x200.jpg 300w\" sizes=\"(max-width: 765px) 100vw, 765px\" \/><\/a><\/p>\n<p><a href=\"https:\/\/experienciadevida.com.ar\/portalurbano\/se-que-voy-a-ser-muy-fuerte-para-luchar-por-su-justicia\/dsc_0158-3\/\" rel=\"attachment wp-att-165197\"><img decoding=\"async\" class=\"alignnone size-full wp-image-165197\" src=\"https:\/\/experienciadevida.com.ar\/portalurbano\/wp-content\/uploads\/2022\/04\/DSC_0158-1.jpg\" alt=\"\" width=\"765\" height=\"510\" srcset=\"https:\/\/experienciadevida.com.ar\/portalurbano\/wp-content\/uploads\/2022\/04\/DSC_0158-1.jpg 765w, https:\/\/experienciadevida.com.ar\/portalurbano\/wp-content\/uploads\/2022\/04\/DSC_0158-1-300x200.jpg 300w\" sizes=\"(max-width: 765px) 100vw, 765px\" \/><\/a><\/p>\n<p><a href=\"https:\/\/experienciadevida.com.ar\/portalurbano\/se-que-voy-a-ser-muy-fuerte-para-luchar-por-su-justicia\/dsc_0161\/\" rel=\"attachment wp-att-165198\"><img decoding=\"async\" class=\"alignnone size-full wp-image-165198\" src=\"https:\/\/experienciadevida.com.ar\/portalurbano\/wp-content\/uploads\/2022\/04\/DSC_0161.jpg\" alt=\"\" width=\"765\" height=\"510\" srcset=\"https:\/\/experienciadevida.com.ar\/portalurbano\/wp-content\/uploads\/2022\/04\/DSC_0161.jpg 765w, https:\/\/experienciadevida.com.ar\/portalurbano\/wp-content\/uploads\/2022\/04\/DSC_0161-300x200.jpg 300w\" sizes=\"(max-width: 765px) 100vw, 765px\" \/><\/a><\/p>\n","protected":false},"excerpt":{"rendered":"<p>&#8220;S\u00e9 que voy a ser muy fuerte para luchar por su justicia&#8221;, as\u00ed lo dijo&#8230;<\/p>\n","protected":false},"author":1,"featured_media":165176,"comment_status":"closed","ping_status":"closed","sticky":false,"template":"","format":"standard","meta":{"content-type":""},"categories":[27,51],"tags":[],"nelio_content":{"isAutoShareEnabled":false,"autoShareEndMode":"default","automationSources":{"useContentSentences":true,"useSocialTemplates":true,"useCustomSentences":false,"customSentences":[]},"followers":[1],"suggestedReferences":[],"includedReferences":[],"efiUrl":"","efiAlt":"","highlights":[]},"yoast_head":"<!-- This site is optimized with the Yoast SEO plugin v20.7 - https:\/\/yoast.com\/wordpress\/plugins\/seo\/ -->\n<title>&quot;S\u00e9 que voy a ser muy fuerte para luchar por su justicia&quot;<\/title>\n<meta name=\"description\" content=\"&quot;S\u00e9 que voy a hacer muy fuerte para luchar por su justicia&quot;, as\u00ed lo dijo la mam\u00e1 de Marcela G\u00f3mez, en di\u00e1logo con los medios de comunicaci\u00f3n\" \/>\n<meta name=\"robots\" content=\"index, follow, max-snippet:-1, max-image-preview:large, max-video-preview:-1\" \/>\n<link rel=\"canonical\" href=\"https:\/\/experienciadevida.com.ar\/portalurbano\/se-que-voy-a-ser-muy-fuerte-para-luchar-por-su-justicia\/\" \/>\n<meta property=\"og:locale\" content=\"es_ES\" \/>\n<meta property=\"og:type\" content=\"article\" \/>\n<meta property=\"og:title\" content=\"&quot;S\u00e9 que voy a ser muy fuerte para luchar por su justicia&quot;\" \/>\n<meta property=\"og:description\" content=\"&quot;S\u00e9 que voy a hacer muy fuerte para luchar por su justicia&quot;, as\u00ed lo dijo la mam\u00e1 de Marcela G\u00f3mez, en di\u00e1logo con los medios de comunicaci\u00f3n\" \/>\n<meta property=\"og:url\" content=\"https:\/\/experienciadevida.com.ar\/portalurbano\/se-que-voy-a-ser-muy-fuerte-para-luchar-por-su-justicia\/\" \/>\n<meta property=\"article:publisher\" content=\"https:\/\/www.facebook.com\/Portal-Urbano-171542830093757\/\" \/>\n<meta property=\"article:published_time\" content=\"2022-04-06T23:24:21+00:00\" \/>\n<meta property=\"article:modified_time\" content=\"2022-04-06T23:45:45+00:00\" \/>\n<meta property=\"og:image\" content=\"https:\/\/experienciadevida.com.ar\/portalurbano\/wp-content\/uploads\/2022\/04\/Se-que-voy-a.jpg\" \/>\n\t<meta property=\"og:image:width\" content=\"765\" \/>\n\t<meta property=\"og:image:height\" content=\"510\" \/>\n\t<meta property=\"og:image:type\" content=\"image\/jpeg\" \/>\n<meta name=\"author\" content=\"admpu17wp\" \/>\n<meta name=\"twitter:card\" content=\"summary_large_image\" \/>\n<meta name=\"twitter:creator\" content=\"@portalurbanook\" \/>\n<meta name=\"twitter:site\" content=\"@portalurbanook\" \/>\n<meta name=\"twitter:label1\" content=\"Escrito por\" \/>\n\t<meta name=\"twitter:data1\" content=\"admpu17wp\" \/>\n\t<meta name=\"twitter:label2\" content=\"Tiempo de lectura\" \/>\n\t<meta name=\"twitter:data2\" content=\"3 minutos\" \/>\n<script type=\"application\/ld+json\" class=\"yoast-schema-graph\">{\"@context\":\"https:\/\/schema.org\",\"@graph\":[{\"@type\":\"Article\",\"@id\":\"https:\/\/experienciadevida.com.ar\/portalurbano\/se-que-voy-a-ser-muy-fuerte-para-luchar-por-su-justicia\/#article\",\"isPartOf\":{\"@id\":\"https:\/\/experienciadevida.com.ar\/portalurbano\/se-que-voy-a-ser-muy-fuerte-para-luchar-por-su-justicia\/\"},\"author\":{\"name\":\"admpu17wp\",\"@id\":\"https:\/\/experienciadevida.com.ar\/portalurbano\/#\/schema\/person\/02dd326b1c4b056e9cc972486934a3a7\"},\"headline\":\"&#8220;S\u00e9 que voy a ser muy fuerte para luchar por su justicia&#8221;\",\"datePublished\":\"2022-04-06T23:24:21+00:00\",\"dateModified\":\"2022-04-06T23:45:45+00:00\",\"mainEntityOfPage\":{\"@id\":\"https:\/\/experienciadevida.com.ar\/portalurbano\/se-que-voy-a-ser-muy-fuerte-para-luchar-por-su-justicia\/\"},\"wordCount\":557,\"publisher\":{\"@id\":\"https:\/\/experienciadevida.com.ar\/portalurbano\/#organization\"},\"articleSection\":[\"Ciudad\",\"Destacadas\"],\"inLanguage\":\"es\"},{\"@type\":\"WebPage\",\"@id\":\"https:\/\/experienciadevida.com.ar\/portalurbano\/se-que-voy-a-ser-muy-fuerte-para-luchar-por-su-justicia\/\",\"url\":\"https:\/\/experienciadevida.com.ar\/portalurbano\/se-que-voy-a-ser-muy-fuerte-para-luchar-por-su-justicia\/\",\"name\":\"\\\"S\u00e9 que voy a ser muy fuerte para luchar por su justicia\\\"\",\"isPartOf\":{\"@id\":\"https:\/\/experienciadevida.com.ar\/portalurbano\/#website\"},\"datePublished\":\"2022-04-06T23:24:21+00:00\",\"dateModified\":\"2022-04-06T23:45:45+00:00\",\"description\":\"\\\"S\u00e9 que voy a hacer muy fuerte para luchar por su justicia\\\", as\u00ed lo dijo la mam\u00e1 de Marcela G\u00f3mez, en di\u00e1logo con los medios de comunicaci\u00f3n\",\"breadcrumb\":{\"@id\":\"https:\/\/experienciadevida.com.ar\/portalurbano\/se-que-voy-a-ser-muy-fuerte-para-luchar-por-su-justicia\/#breadcrumb\"},\"inLanguage\":\"es\",\"potentialAction\":[{\"@type\":\"ReadAction\",\"target\":[\"https:\/\/experienciadevida.com.ar\/portalurbano\/se-que-voy-a-ser-muy-fuerte-para-luchar-por-su-justicia\/\"]}]},{\"@type\":\"BreadcrumbList\",\"@id\":\"https:\/\/experienciadevida.com.ar\/portalurbano\/se-que-voy-a-ser-muy-fuerte-para-luchar-por-su-justicia\/#breadcrumb\",\"itemListElement\":[{\"@type\":\"ListItem\",\"position\":1,\"name\":\"Portada\",\"item\":\"https:\/\/experienciadevida.com.ar\/portalurbano\/\"},{\"@type\":\"ListItem\",\"position\":2,\"name\":\"\u00abS\u00e9 que voy a ser muy fuerte para luchar por su justicia\u00bb\"}]},{\"@type\":\"WebSite\",\"@id\":\"https:\/\/experienciadevida.com.ar\/portalurbano\/#website\",\"url\":\"https:\/\/experienciadevida.com.ar\/portalurbano\/\",\"name\":\"\",\"description\":\"\",\"publisher\":{\"@id\":\"https:\/\/experienciadevida.com.ar\/portalurbano\/#organization\"},\"potentialAction\":[{\"@type\":\"SearchAction\",\"target\":{\"@type\":\"EntryPoint\",\"urlTemplate\":\"https:\/\/experienciadevida.com.ar\/portalurbano\/?s={search_term_string}\"},\"query-input\":\"required name=search_term_string\"}],\"inLanguage\":\"es\"},{\"@type\":\"Organization\",\"@id\":\"https:\/\/experienciadevida.com.ar\/portalurbano\/#organization\",\"name\":\"Portal Urbano\",\"url\":\"https:\/\/experienciadevida.com.ar\/portalurbano\/\",\"logo\":{\"@type\":\"ImageObject\",\"inLanguage\":\"es\",\"@id\":\"https:\/\/experienciadevida.com.ar\/portalurbano\/#\/schema\/logo\/image\/\",\"url\":\"https:\/\/experienciadevida.com.ar\/portalurbano\/wp-content\/uploads\/2019\/09\/Logo-Original.png\",\"contentUrl\":\"https:\/\/experienciadevida.com.ar\/portalurbano\/wp-content\/uploads\/2019\/09\/Logo-Original.png\",\"width\":2236,\"height\":1216,\"caption\":\"Portal Urbano\"},\"image\":{\"@id\":\"https:\/\/experienciadevida.com.ar\/portalurbano\/#\/schema\/logo\/image\/\"},\"sameAs\":[\"https:\/\/www.facebook.com\/Portal-Urbano-171542830093757\/\",\"https:\/\/twitter.com\/portalurbanook\",\"https:\/\/www.instagram.com\/_portalurbano\/\",\"https:\/\/www.youtube.com\/channel\/UCXhagIfszH8KxFiOok79zbA?view_as=subscriber\"]},{\"@type\":\"Person\",\"@id\":\"https:\/\/experienciadevida.com.ar\/portalurbano\/#\/schema\/person\/02dd326b1c4b056e9cc972486934a3a7\",\"name\":\"admpu17wp\",\"image\":{\"@type\":\"ImageObject\",\"inLanguage\":\"es\",\"@id\":\"https:\/\/experienciadevida.com.ar\/portalurbano\/#\/schema\/person\/image\/\",\"url\":\"https:\/\/secure.gravatar.com\/avatar\/830d4c57adaae6630765e449a6908047?s=96&d=mm&r=g\",\"contentUrl\":\"https:\/\/secure.gravatar.com\/avatar\/830d4c57adaae6630765e449a6908047?s=96&d=mm&r=g\",\"caption\":\"admpu17wp\"}}]}<\/script>\n<!-- \/ Yoast SEO plugin. -->","yoast_head_json":{"title":"\"S\u00e9 que voy a ser muy fuerte para luchar por su justicia\"","description":"\"S\u00e9 que voy a hacer muy fuerte para luchar por su justicia\", as\u00ed lo dijo la mam\u00e1 de Marcela G\u00f3mez, en di\u00e1logo con los medios de comunicaci\u00f3n","robots":{"index":"index","follow":"follow","max-snippet":"max-snippet:-1","max-image-preview":"max-image-preview:large","max-video-preview":"max-video-preview:-1"},"canonical":"https:\/\/experienciadevida.com.ar\/portalurbano\/se-que-voy-a-ser-muy-fuerte-para-luchar-por-su-justicia\/","og_locale":"es_ES","og_type":"article","og_title":"\"S\u00e9 que voy a ser muy fuerte para luchar por su justicia\"","og_description":"\"S\u00e9 que voy a hacer muy fuerte para luchar por su justicia\", as\u00ed lo dijo la mam\u00e1 de Marcela G\u00f3mez, en di\u00e1logo con los medios de comunicaci\u00f3n","og_url":"https:\/\/experienciadevida.com.ar\/portalurbano\/se-que-voy-a-ser-muy-fuerte-para-luchar-por-su-justicia\/","article_publisher":"https:\/\/www.facebook.com\/Portal-Urbano-171542830093757\/","article_published_time":"2022-04-06T23:24:21+00:00","article_modified_time":"2022-04-06T23:45:45+00:00","og_image":[{"width":765,"height":510,"url":"https:\/\/experienciadevida.com.ar\/portalurbano\/wp-content\/uploads\/2022\/04\/Se-que-voy-a.jpg","type":"image\/jpeg"}],"author":"admpu17wp","twitter_card":"summary_large_image","twitter_creator":"@portalurbanook","twitter_site":"@portalurbanook","twitter_misc":{"Escrito por":"admpu17wp","Tiempo de lectura":"3 minutos"},"schema":{"@context":"https:\/\/schema.org","@graph":[{"@type":"Article","@id":"https:\/\/experienciadevida.com.ar\/portalurbano\/se-que-voy-a-ser-muy-fuerte-para-luchar-por-su-justicia\/#article","isPartOf":{"@id":"https:\/\/experienciadevida.com.ar\/portalurbano\/se-que-voy-a-ser-muy-fuerte-para-luchar-por-su-justicia\/"},"author":{"name":"admpu17wp","@id":"https:\/\/experienciadevida.com.ar\/portalurbano\/#\/schema\/person\/02dd326b1c4b056e9cc972486934a3a7"},"headline":"&#8220;S\u00e9 que voy a ser muy fuerte para luchar por su justicia&#8221;","datePublished":"2022-04-06T23:24:21+00:00","dateModified":"2022-04-06T23:45:45+00:00","mainEntityOfPage":{"@id":"https:\/\/experienciadevida.com.ar\/portalurbano\/se-que-voy-a-ser-muy-fuerte-para-luchar-por-su-justicia\/"},"wordCount":557,"publisher":{"@id":"https:\/\/experienciadevida.com.ar\/portalurbano\/#organization"},"articleSection":["Ciudad","Destacadas"],"inLanguage":"es"},{"@type":"WebPage","@id":"https:\/\/experienciadevida.com.ar\/portalurbano\/se-que-voy-a-ser-muy-fuerte-para-luchar-por-su-justicia\/","url":"https:\/\/experienciadevida.com.ar\/portalurbano\/se-que-voy-a-ser-muy-fuerte-para-luchar-por-su-justicia\/","name":"\"S\u00e9 que voy a ser muy fuerte para luchar por su justicia\"","isPartOf":{"@id":"https:\/\/experienciadevida.com.ar\/portalurbano\/#website"},"datePublished":"2022-04-06T23:24:21+00:00","dateModified":"2022-04-06T23:45:45+00:00","description":"\"S\u00e9 que voy a hacer muy fuerte para luchar por su justicia\", as\u00ed lo dijo la mam\u00e1 de Marcela G\u00f3mez, en di\u00e1logo con los medios de comunicaci\u00f3n","breadcrumb":{"@id":"https:\/\/experienciadevida.com.ar\/portalurbano\/se-que-voy-a-ser-muy-fuerte-para-luchar-por-su-justicia\/#breadcrumb"},"inLanguage":"es","potentialAction":[{"@type":"ReadAction","target":["https:\/\/experienciadevida.com.ar\/portalurbano\/se-que-voy-a-ser-muy-fuerte-para-luchar-por-su-justicia\/"]}]},{"@type":"BreadcrumbList","@id":"https:\/\/experienciadevida.com.ar\/portalurbano\/se-que-voy-a-ser-muy-fuerte-para-luchar-por-su-justicia\/#breadcrumb","itemListElement":[{"@type":"ListItem","position":1,"name":"Portada","item":"https:\/\/experienciadevida.com.ar\/portalurbano\/"},{"@type":"ListItem","position":2,"name":"\u00abS\u00e9 que voy a ser muy fuerte para luchar por su justicia\u00bb"}]},{"@type":"WebSite","@id":"https:\/\/experienciadevida.com.ar\/portalurbano\/#website","url":"https:\/\/experienciadevida.com.ar\/portalurbano\/","name":"","description":"","publisher":{"@id":"https:\/\/experienciadevida.com.ar\/portalurbano\/#organization"},"potentialAction":[{"@type":"SearchAction","target":{"@type":"EntryPoint","urlTemplate":"https:\/\/experienciadevida.com.ar\/portalurbano\/?s={search_term_string}"},"query-input":"required name=search_term_string"}],"inLanguage":"es"},{"@type":"Organization","@id":"https:\/\/experienciadevida.com.ar\/portalurbano\/#organization","name":"Portal Urbano","url":"https:\/\/experienciadevida.com.ar\/portalurbano\/","logo":{"@type":"ImageObject","inLanguage":"es","@id":"https:\/\/experienciadevida.com.ar\/portalurbano\/#\/schema\/logo\/image\/","url":"https:\/\/experienciadevida.com.ar\/portalurbano\/wp-content\/uploads\/2019\/09\/Logo-Original.png","contentUrl":"https:\/\/experienciadevida.com.ar\/portalurbano\/wp-content\/uploads\/2019\/09\/Logo-Original.png","width":2236,"height":1216,"caption":"Portal Urbano"},"image":{"@id":"https:\/\/experienciadevida.com.ar\/portalurbano\/#\/schema\/logo\/image\/"},"sameAs":["https:\/\/www.facebook.com\/Portal-Urbano-171542830093757\/","https:\/\/twitter.com\/portalurbanook","https:\/\/www.instagram.com\/_portalurbano\/","https:\/\/www.youtube.com\/channel\/UCXhagIfszH8KxFiOok79zbA?view_as=subscriber"]},{"@type":"Person","@id":"https:\/\/experienciadevida.com.ar\/portalurbano\/#\/schema\/person\/02dd326b1c4b056e9cc972486934a3a7","name":"admpu17wp","image":{"@type":"ImageObject","inLanguage":"es","@id":"https:\/\/experienciadevida.com.ar\/portalurbano\/#\/schema\/person\/image\/","url":"https:\/\/secure.gravatar.com\/avatar\/830d4c57adaae6630765e449a6908047?s=96&d=mm&r=g","contentUrl":"https:\/\/secure.gravatar.com\/avatar\/830d4c57adaae6630765e449a6908047?s=96&d=mm&r=g","caption":"admpu17wp"}}]}},"featured_image_urls":{"full":["https:\/\/experienciadevida.com.ar\/portalurbano\/wp-content\/uploads\/2022\/04\/Se-que-voy-a.jpg",765,510,false],"thumbnail":["https:\/\/experienciadevida.com.ar\/portalurbano\/wp-content\/uploads\/2022\/04\/Se-que-voy-a-150x150.jpg",150,150,true],"medium":["https:\/\/experienciadevida.com.ar\/portalurbano\/wp-content\/uploads\/2022\/04\/Se-que-voy-a-300x200.jpg",300,200,true],"medium_large":["https:\/\/experienciadevida.com.ar\/portalurbano\/wp-content\/uploads\/2022\/04\/Se-que-voy-a.jpg",640,427,false],"large":["https:\/\/experienciadevida.com.ar\/portalurbano\/wp-content\/uploads\/2022\/04\/Se-que-voy-a.jpg",640,427,false],"ug_big":["https:\/\/experienciadevida.com.ar\/portalurbano\/wp-content\/uploads\/2022\/04\/Se-que-voy-a.jpg",765,510,false],"1536x1536":["https:\/\/experienciadevida.com.ar\/portalurbano\/wp-content\/uploads\/2022\/04\/Se-que-voy-a.jpg",765,510,false],"2048x2048":["https:\/\/experienciadevida.com.ar\/portalurbano\/wp-content\/uploads\/2022\/04\/Se-que-voy-a.jpg",765,510,false],"newsever-slider-full":["https:\/\/experienciadevida.com.ar\/portalurbano\/wp-content\/uploads\/2022\/04\/Se-que-voy-a.jpg",765,510,false],"newsever-featured":["https:\/\/experienciadevida.com.ar\/portalurbano\/wp-content\/uploads\/2022\/04\/Se-que-voy-a.jpg",765,510,false],"newsever-medium":["https:\/\/experienciadevida.com.ar\/portalurbano\/wp-content\/uploads\/2022\/04\/Se-que-voy-a.jpg",713,475,false],"web-stories-poster-portrait":["https:\/\/experienciadevida.com.ar\/portalurbano\/wp-content\/uploads\/2022\/04\/Se-que-voy-a.jpg",640,427,false],"web-stories-publisher-logo":["https:\/\/experienciadevida.com.ar\/portalurbano\/wp-content\/uploads\/2022\/04\/Se-que-voy-a.jpg",96,64,false],"web-stories-thumbnail":["https:\/\/experienciadevida.com.ar\/portalurbano\/wp-content\/uploads\/2022\/04\/Se-que-voy-a.jpg",150,100,false]},"author_info":{"display_name":"admpu17wp","author_link":"https:\/\/experienciadevida.com.ar\/portalurbano\/author\/admpu17wp\/"},"category_info":"<a href=\"https:\/\/experienciadevida.com.ar\/portalurbano\/category\/ciudad\/\" rel=\"category tag\">Ciudad<\/a> <a href=\"https:\/\/experienciadevida.com.ar\/portalurbano\/category\/destacadas\/\" rel=\"category tag\">Destacadas<\/a>","tag_info":"Destacadas","comment_count":"0","amp_enabled":true,"_links":{"self":[{"href":"https:\/\/experienciadevida.com.ar\/portalurbano\/wp-json\/wp\/v2\/posts\/165174"}],"collection":[{"href":"https:\/\/experienciadevida.com.ar\/portalurbano\/wp-json\/wp\/v2\/posts"}],"about":[{"href":"https:\/\/experienciadevida.com.ar\/portalurbano\/wp-json\/wp\/v2\/types\/post"}],"author":[{"embeddable":true,"href":"https:\/\/experienciadevida.com.ar\/portalurbano\/wp-json\/wp\/v2\/users\/1"}],"replies":[{"embeddable":true,"href":"https:\/\/experienciadevida.com.ar\/portalurbano\/wp-json\/wp\/v2\/comments?post=165174"}],"version-history":[{"count":8,"href":"https:\/\/experienciadevida.com.ar\/portalurbano\/wp-json\/wp\/v2\/posts\/165174\/revisions"}],"predecessor-version":[{"id":165199,"href":"https:\/\/experienciadevida.com.ar\/portalurbano\/wp-json\/wp\/v2\/posts\/165174\/revisions\/165199"}],"wp:featuredmedia":[{"embeddable":true,"href":"https:\/\/experienciadevida.com.ar\/portalurbano\/wp-json\/wp\/v2\/media\/165176"}],"wp:attachment":[{"href":"https:\/\/experienciadevida.com.ar\/portalurbano\/wp-json\/wp\/v2\/media?parent=165174"}],"wp:term":[{"taxonomy":"category","embeddable":true,"href":"https:\/\/experienciadevida.com.ar\/portalurbano\/wp-json\/wp\/v2\/categories?post=165174"},{"taxonomy":"post_tag","embeddable":true,"href":"https:\/\/experienciadevida.com.ar\/portalurbano\/wp-json\/wp\/v2\/tags?post=165174"}],"curies":[{"name":"wp","href":"https:\/\/api.w.org\/{rel}","templated":true}]}}