{"id":165166,"date":"2022-04-06T17:43:29","date_gmt":"2022-04-06T20:43:29","guid":{"rendered":"https:\/\/experienciadevida.com.ar\/portalurbano\/?p=165166"},"modified":"2022-04-06T17:47:08","modified_gmt":"2022-04-06T20:47:08","slug":"kicillof-se-reunio-con-representantes-del-sector-agropecuario","status":"publish","type":"post","link":"https:\/\/experienciadevida.com.ar\/portalurbano\/kicillof-se-reunio-con-representantes-del-sector-agropecuario\/","title":{"rendered":"Kicillof se reuni\u00f3 con representantes del sector agropecuario"},"content":{"rendered":"<p>Kicillof se reuni\u00f3 con representantes del sector agropecuario, el Gobernador de la provincia de Buenos Aires, Axel Kicillof, mantuvo este mi\u00e9rcoles junto al ministro de Desarrollo Agrario, Javier Rodr\u00edguez, una reuni\u00f3n de trabajo con representantes de organizaciones del sector agropecuario, en la sede de la Asociaci\u00f3n Obrera Minera Argentina (AOMA), ubicada en el partido de Olavarr\u00eda.<\/p>\n<p>Estuvieron presentes la ministra de Gobierno, Cristina \u00c1lvarez Rodr\u00edguez; el ministro de Seguridad, Sergio Berni; y el subsecretario de Miner\u00eda bonaerense, Federico Aguilera.<\/p>\n<p>Participaron los presidentes de CARBAP, Horacio Salaverri; y de FEBAPRI, Irineo Qui\u00f1ones; y las y los representantes de CONINAGRO, Mario Raitieri; de la Federaci\u00f3n Agraria, N\u00e9lida Sereno y An\u00edbal Chiramberro; y de la de UATRE, la legisladora provincial Natalia S\u00e1nchez J\u00e1uregui y Fernando Reynoso.<\/p>\n<p>En ese marco, <a href=\"https:\/\/www.instagram.com\/kicillofok\/?hl=es-la\">Kicillof<\/a> destac\u00f3 \u201cel trabajo conjunto y la participaci\u00f3n de las organizaciones del sector agropecuario para la puesta en marcha de la Polic\u00eda Rural en la Provincia\u201d. \u201cHa sido fruto de una cooperaci\u00f3n muy importante, que tiene que continuar llev\u00e1ndose a cabo para que podamos implementar las mejores medidas en beneficio de la producci\u00f3n\u201d, se\u00f1al\u00f3.<\/p>\n<p>Kicillof se reuni\u00f3 con representantes del sector agropecuario, En ese sentido, el Gobernador subray\u00f3 \u201cel rol que tienen las entidades agropecuarias para que los y las productoras tomen conocimiento de las pol\u00edticas p\u00fablicas que se implementan\u201d. \u201cNecesitamos ese acompa\u00f1amiento para que las medidas, adem\u00e1s de estar bien dise\u00f1adas y ejecutadas, tengan el mayor efecto posible\u201d, a\u00f1adi\u00f3.<\/p>\n<p>Asimismo, Rodr\u00edguez hizo un repaso de las pol\u00edticas sectoriales y afirm\u00f3 que \u201cha crecido fuertemente la superficie sembrada en la Provincia, alcanzando niveles de r\u00e9cord de producci\u00f3n de trigo y tres a\u00f1os de crecimiento consecutivo en los tambos\u201d. \u201cEsto fue posible gracias al esfuerzo permanente de las y los productores y tambi\u00e9n al rol que recuper\u00f3 el Banco Provincia para el financiamiento de la actividad agropecuaria\u201d, indic\u00f3.<\/p>\n<p>Durante la reuni\u00f3n, Kicillof destac\u00f3 el trabajo articulado entre la provincia y los dirigentes de Olavarr\u00eda, especialmente el diputado bonaerense C\u00e9sar Valicenti, el concejal Maximiliano Wesner y la concejala Mercedes Land\u00edvar.<\/p>\n<p>\u201cImpulsamos una agenda amplia para el sector, que incluye desde el lanzamiento de un cuerpo de polic\u00eda espec\u00edfico hasta el mejoramiento de los caminos rurales, porque somos un Gobierno que est\u00e1 convencido de que la potencia de nuestra Provincia surge de la producci\u00f3n\u201d, concluy\u00f3 Kicillof.<\/p>\n","protected":false},"excerpt":{"rendered":"<p>Kicillof se reuni\u00f3 con representantes del sector agropecuario, el Gobernador de la provincia de Buenos&#8230;<\/p>\n","protected":false},"author":1,"featured_media":165167,"comment_status":"closed","ping_status":"closed","sticky":false,"template":"","format":"standard","meta":{"content-type":""},"categories":[27,51],"tags":[],"nelio_content":{"isAutoShareEnabled":false,"autoShareEndMode":"default","automationSources":{"useContentSentences":true,"useSocialTemplates":true,"useCustomSentences":false,"customSentences":[]},"followers":[1],"suggestedReferences":[],"includedReferences":[],"efiUrl":"","efiAlt":"","highlights":[]},"yoast_head":"<!-- This site is optimized with the Yoast SEO plugin v20.7 - https:\/\/yoast.com\/wordpress\/plugins\/seo\/ -->\n<title>Kicillof se reuni\u00f3 con representantes del sector agropecuario<\/title>\n<meta name=\"description\" content=\"Kicillof se reuni\u00f3 con representantes del sector agropecuario, en la sede de la Asociaci\u00f3n Obrera Minera Argentina (AOMA), en Olavarr\u00eda\" \/>\n<meta name=\"robots\" content=\"index, follow, max-snippet:-1, max-image-preview:large, max-video-preview:-1\" \/>\n<link rel=\"canonical\" href=\"https:\/\/experienciadevida.com.ar\/portalurbano\/kicillof-se-reunio-con-representantes-del-sector-agropecuario\/\" \/>\n<meta property=\"og:locale\" content=\"es_ES\" \/>\n<meta property=\"og:type\" content=\"article\" \/>\n<meta property=\"og:title\" content=\"Kicillof se reuni\u00f3 con representantes del sector agropecuario\" \/>\n<meta property=\"og:description\" content=\"Kicillof se reuni\u00f3 con representantes del sector agropecuario, en la sede de la Asociaci\u00f3n Obrera Minera Argentina (AOMA), en Olavarr\u00eda\" \/>\n<meta property=\"og:url\" content=\"https:\/\/experienciadevida.com.ar\/portalurbano\/kicillof-se-reunio-con-representantes-del-sector-agropecuario\/\" \/>\n<meta property=\"article:publisher\" content=\"https:\/\/www.facebook.com\/Portal-Urbano-171542830093757\/\" \/>\n<meta property=\"article:published_time\" content=\"2022-04-06T20:43:29+00:00\" \/>\n<meta property=\"article:modified_time\" content=\"2022-04-06T20:47:08+00:00\" \/>\n<meta property=\"og:image\" content=\"https:\/\/experienciadevida.com.ar\/portalurbano\/wp-content\/uploads\/2022\/04\/Kicillof-se-reunio-con-scaled.jpg\" \/>\n\t<meta property=\"og:image:width\" content=\"2560\" \/>\n\t<meta property=\"og:image:height\" content=\"1704\" \/>\n\t<meta property=\"og:image:type\" content=\"image\/jpeg\" \/>\n<meta name=\"author\" content=\"admpu17wp\" \/>\n<meta name=\"twitter:card\" content=\"summary_large_image\" \/>\n<meta name=\"twitter:creator\" content=\"@portalurbanook\" \/>\n<meta name=\"twitter:site\" content=\"@portalurbanook\" \/>\n<meta name=\"twitter:label1\" content=\"Escrito por\" \/>\n\t<meta name=\"twitter:data1\" content=\"admpu17wp\" \/>\n\t<meta name=\"twitter:label2\" content=\"Tiempo de lectura\" \/>\n\t<meta name=\"twitter:data2\" content=\"2 minutos\" \/>\n<script type=\"application\/ld+json\" class=\"yoast-schema-graph\">{\"@context\":\"https:\/\/schema.org\",\"@graph\":[{\"@type\":\"Article\",\"@id\":\"https:\/\/experienciadevida.com.ar\/portalurbano\/kicillof-se-reunio-con-representantes-del-sector-agropecuario\/#article\",\"isPartOf\":{\"@id\":\"https:\/\/experienciadevida.com.ar\/portalurbano\/kicillof-se-reunio-con-representantes-del-sector-agropecuario\/\"},\"author\":{\"name\":\"admpu17wp\",\"@id\":\"https:\/\/experienciadevida.com.ar\/portalurbano\/#\/schema\/person\/02dd326b1c4b056e9cc972486934a3a7\"},\"headline\":\"Kicillof se reuni\u00f3 con representantes del sector agropecuario\",\"datePublished\":\"2022-04-06T20:43:29+00:00\",\"dateModified\":\"2022-04-06T20:47:08+00:00\",\"mainEntityOfPage\":{\"@id\":\"https:\/\/experienciadevida.com.ar\/portalurbano\/kicillof-se-reunio-con-representantes-del-sector-agropecuario\/\"},\"wordCount\":425,\"publisher\":{\"@id\":\"https:\/\/experienciadevida.com.ar\/portalurbano\/#organization\"},\"articleSection\":[\"Ciudad\",\"Destacadas\"],\"inLanguage\":\"es\"},{\"@type\":\"WebPage\",\"@id\":\"https:\/\/experienciadevida.com.ar\/portalurbano\/kicillof-se-reunio-con-representantes-del-sector-agropecuario\/\",\"url\":\"https:\/\/experienciadevida.com.ar\/portalurbano\/kicillof-se-reunio-con-representantes-del-sector-agropecuario\/\",\"name\":\"Kicillof se reuni\u00f3 con representantes del sector agropecuario\",\"isPartOf\":{\"@id\":\"https:\/\/experienciadevida.com.ar\/portalurbano\/#website\"},\"datePublished\":\"2022-04-06T20:43:29+00:00\",\"dateModified\":\"2022-04-06T20:47:08+00:00\",\"description\":\"Kicillof se reuni\u00f3 con representantes del sector agropecuario, en la sede de la Asociaci\u00f3n Obrera Minera Argentina (AOMA), en Olavarr\u00eda\",\"breadcrumb\":{\"@id\":\"https:\/\/experienciadevida.com.ar\/portalurbano\/kicillof-se-reunio-con-representantes-del-sector-agropecuario\/#breadcrumb\"},\"inLanguage\":\"es\",\"potentialAction\":[{\"@type\":\"ReadAction\",\"target\":[\"https:\/\/experienciadevida.com.ar\/portalurbano\/kicillof-se-reunio-con-representantes-del-sector-agropecuario\/\"]}]},{\"@type\":\"BreadcrumbList\",\"@id\":\"https:\/\/experienciadevida.com.ar\/portalurbano\/kicillof-se-reunio-con-representantes-del-sector-agropecuario\/#breadcrumb\",\"itemListElement\":[{\"@type\":\"ListItem\",\"position\":1,\"name\":\"Portada\",\"item\":\"https:\/\/experienciadevida.com.ar\/portalurbano\/\"},{\"@type\":\"ListItem\",\"position\":2,\"name\":\"Kicillof se reuni\u00f3 con representantes del sector agropecuario\"}]},{\"@type\":\"WebSite\",\"@id\":\"https:\/\/experienciadevida.com.ar\/portalurbano\/#website\",\"url\":\"https:\/\/experienciadevida.com.ar\/portalurbano\/\",\"name\":\"\",\"description\":\"\",\"publisher\":{\"@id\":\"https:\/\/experienciadevida.com.ar\/portalurbano\/#organization\"},\"potentialAction\":[{\"@type\":\"SearchAction\",\"target\":{\"@type\":\"EntryPoint\",\"urlTemplate\":\"https:\/\/experienciadevida.com.ar\/portalurbano\/?s={search_term_string}\"},\"query-input\":\"required name=search_term_string\"}],\"inLanguage\":\"es\"},{\"@type\":\"Organization\",\"@id\":\"https:\/\/experienciadevida.com.ar\/portalurbano\/#organization\",\"name\":\"Portal Urbano\",\"url\":\"https:\/\/experienciadevida.com.ar\/portalurbano\/\",\"logo\":{\"@type\":\"ImageObject\",\"inLanguage\":\"es\",\"@id\":\"https:\/\/experienciadevida.com.ar\/portalurbano\/#\/schema\/logo\/image\/\",\"url\":\"https:\/\/experienciadevida.com.ar\/portalurbano\/wp-content\/uploads\/2019\/09\/Logo-Original.png\",\"contentUrl\":\"https:\/\/experienciadevida.com.ar\/portalurbano\/wp-content\/uploads\/2019\/09\/Logo-Original.png\",\"width\":2236,\"height\":1216,\"caption\":\"Portal Urbano\"},\"image\":{\"@id\":\"https:\/\/experienciadevida.com.ar\/portalurbano\/#\/schema\/logo\/image\/\"},\"sameAs\":[\"https:\/\/www.facebook.com\/Portal-Urbano-171542830093757\/\",\"https:\/\/twitter.com\/portalurbanook\",\"https:\/\/www.instagram.com\/_portalurbano\/\",\"https:\/\/www.youtube.com\/channel\/UCXhagIfszH8KxFiOok79zbA?view_as=subscriber\"]},{\"@type\":\"Person\",\"@id\":\"https:\/\/experienciadevida.com.ar\/portalurbano\/#\/schema\/person\/02dd326b1c4b056e9cc972486934a3a7\",\"name\":\"admpu17wp\",\"image\":{\"@type\":\"ImageObject\",\"inLanguage\":\"es\",\"@id\":\"https:\/\/experienciadevida.com.ar\/portalurbano\/#\/schema\/person\/image\/\",\"url\":\"https:\/\/secure.gravatar.com\/avatar\/830d4c57adaae6630765e449a6908047?s=96&d=mm&r=g\",\"contentUrl\":\"https:\/\/secure.gravatar.com\/avatar\/830d4c57adaae6630765e449a6908047?s=96&d=mm&r=g\",\"caption\":\"admpu17wp\"}}]}<\/script>\n<!-- \/ Yoast SEO plugin. -->","yoast_head_json":{"title":"Kicillof se reuni\u00f3 con representantes del sector agropecuario","description":"Kicillof se reuni\u00f3 con representantes del sector agropecuario, en la sede de la Asociaci\u00f3n Obrera Minera Argentina (AOMA), en Olavarr\u00eda","robots":{"index":"index","follow":"follow","max-snippet":"max-snippet:-1","max-image-preview":"max-image-preview:large","max-video-preview":"max-video-preview:-1"},"canonical":"https:\/\/experienciadevida.com.ar\/portalurbano\/kicillof-se-reunio-con-representantes-del-sector-agropecuario\/","og_locale":"es_ES","og_type":"article","og_title":"Kicillof se reuni\u00f3 con representantes del sector agropecuario","og_description":"Kicillof se reuni\u00f3 con representantes del sector agropecuario, en la sede de la Asociaci\u00f3n Obrera Minera Argentina (AOMA), en Olavarr\u00eda","og_url":"https:\/\/experienciadevida.com.ar\/portalurbano\/kicillof-se-reunio-con-representantes-del-sector-agropecuario\/","article_publisher":"https:\/\/www.facebook.com\/Portal-Urbano-171542830093757\/","article_published_time":"2022-04-06T20:43:29+00:00","article_modified_time":"2022-04-06T20:47:08+00:00","og_image":[{"width":2560,"height":1704,"url":"https:\/\/experienciadevida.com.ar\/portalurbano\/wp-content\/uploads\/2022\/04\/Kicillof-se-reunio-con-scaled.jpg","type":"image\/jpeg"}],"author":"admpu17wp","twitter_card":"summary_large_image","twitter_creator":"@portalurbanook","twitter_site":"@portalurbanook","twitter_misc":{"Escrito por":"admpu17wp","Tiempo de lectura":"2 minutos"},"schema":{"@context":"https:\/\/schema.org","@graph":[{"@type":"Article","@id":"https:\/\/experienciadevida.com.ar\/portalurbano\/kicillof-se-reunio-con-representantes-del-sector-agropecuario\/#article","isPartOf":{"@id":"https:\/\/experienciadevida.com.ar\/portalurbano\/kicillof-se-reunio-con-representantes-del-sector-agropecuario\/"},"author":{"name":"admpu17wp","@id":"https:\/\/experienciadevida.com.ar\/portalurbano\/#\/schema\/person\/02dd326b1c4b056e9cc972486934a3a7"},"headline":"Kicillof se reuni\u00f3 con representantes del sector agropecuario","datePublished":"2022-04-06T20:43:29+00:00","dateModified":"2022-04-06T20:47:08+00:00","mainEntityOfPage":{"@id":"https:\/\/experienciadevida.com.ar\/portalurbano\/kicillof-se-reunio-con-representantes-del-sector-agropecuario\/"},"wordCount":425,"publisher":{"@id":"https:\/\/experienciadevida.com.ar\/portalurbano\/#organization"},"articleSection":["Ciudad","Destacadas"],"inLanguage":"es"},{"@type":"WebPage","@id":"https:\/\/experienciadevida.com.ar\/portalurbano\/kicillof-se-reunio-con-representantes-del-sector-agropecuario\/","url":"https:\/\/experienciadevida.com.ar\/portalurbano\/kicillof-se-reunio-con-representantes-del-sector-agropecuario\/","name":"Kicillof se reuni\u00f3 con representantes del sector agropecuario","isPartOf":{"@id":"https:\/\/experienciadevida.com.ar\/portalurbano\/#website"},"datePublished":"2022-04-06T20:43:29+00:00","dateModified":"2022-04-06T20:47:08+00:00","description":"Kicillof se reuni\u00f3 con representantes del sector agropecuario, en la sede de la Asociaci\u00f3n Obrera Minera Argentina (AOMA), en Olavarr\u00eda","breadcrumb":{"@id":"https:\/\/experienciadevida.com.ar\/portalurbano\/kicillof-se-reunio-con-representantes-del-sector-agropecuario\/#breadcrumb"},"inLanguage":"es","potentialAction":[{"@type":"ReadAction","target":["https:\/\/experienciadevida.com.ar\/portalurbano\/kicillof-se-reunio-con-representantes-del-sector-agropecuario\/"]}]},{"@type":"BreadcrumbList","@id":"https:\/\/experienciadevida.com.ar\/portalurbano\/kicillof-se-reunio-con-representantes-del-sector-agropecuario\/#breadcrumb","itemListElement":[{"@type":"ListItem","position":1,"name":"Portada","item":"https:\/\/experienciadevida.com.ar\/portalurbano\/"},{"@type":"ListItem","position":2,"name":"Kicillof se reuni\u00f3 con representantes del sector agropecuario"}]},{"@type":"WebSite","@id":"https:\/\/experienciadevida.com.ar\/portalurbano\/#website","url":"https:\/\/experienciadevida.com.ar\/portalurbano\/","name":"","description":"","publisher":{"@id":"https:\/\/experienciadevida.com.ar\/portalurbano\/#organization"},"potentialAction":[{"@type":"SearchAction","target":{"@type":"EntryPoint","urlTemplate":"https:\/\/experienciadevida.com.ar\/portalurbano\/?s={search_term_string}"},"query-input":"required name=search_term_string"}],"inLanguage":"es"},{"@type":"Organization","@id":"https:\/\/experienciadevida.com.ar\/portalurbano\/#organization","name":"Portal Urbano","url":"https:\/\/experienciadevida.com.ar\/portalurbano\/","logo":{"@type":"ImageObject","inLanguage":"es","@id":"https:\/\/experienciadevida.com.ar\/portalurbano\/#\/schema\/logo\/image\/","url":"https:\/\/experienciadevida.com.ar\/portalurbano\/wp-content\/uploads\/2019\/09\/Logo-Original.png","contentUrl":"https:\/\/experienciadevida.com.ar\/portalurbano\/wp-content\/uploads\/2019\/09\/Logo-Original.png","width":2236,"height":1216,"caption":"Portal Urbano"},"image":{"@id":"https:\/\/experienciadevida.com.ar\/portalurbano\/#\/schema\/logo\/image\/"},"sameAs":["https:\/\/www.facebook.com\/Portal-Urbano-171542830093757\/","https:\/\/twitter.com\/portalurbanook","https:\/\/www.instagram.com\/_portalurbano\/","https:\/\/www.youtube.com\/channel\/UCXhagIfszH8KxFiOok79zbA?view_as=subscriber"]},{"@type":"Person","@id":"https:\/\/experienciadevida.com.ar\/portalurbano\/#\/schema\/person\/02dd326b1c4b056e9cc972486934a3a7","name":"admpu17wp","image":{"@type":"ImageObject","inLanguage":"es","@id":"https:\/\/experienciadevida.com.ar\/portalurbano\/#\/schema\/person\/image\/","url":"https:\/\/secure.gravatar.com\/avatar\/830d4c57adaae6630765e449a6908047?s=96&d=mm&r=g","contentUrl":"https:\/\/secure.gravatar.com\/avatar\/830d4c57adaae6630765e449a6908047?s=96&d=mm&r=g","caption":"admpu17wp"}}]}},"featured_image_urls":{"full":["https:\/\/experienciadevida.com.ar\/portalurbano\/wp-content\/uploads\/2022\/04\/Kicillof-se-reunio-con-scaled.jpg",2560,1704,false],"thumbnail":["https:\/\/experienciadevida.com.ar\/portalurbano\/wp-content\/uploads\/2022\/04\/Kicillof-se-reunio-con-150x150.jpg",150,150,true],"medium":["https:\/\/experienciadevida.com.ar\/portalurbano\/wp-content\/uploads\/2022\/04\/Kicillof-se-reunio-con-300x200.jpg",300,200,true],"medium_large":["https:\/\/experienciadevida.com.ar\/portalurbano\/wp-content\/uploads\/2022\/04\/Kicillof-se-reunio-con-768x511.jpg",640,426,true],"large":["https:\/\/experienciadevida.com.ar\/portalurbano\/wp-content\/uploads\/2022\/04\/Kicillof-se-reunio-con-1024x682.jpg",640,426,true],"ug_big":["https:\/\/experienciadevida.com.ar\/portalurbano\/wp-content\/uploads\/2022\/04\/Kicillof-se-reunio-con-768x511.jpg",768,511,true],"1536x1536":["https:\/\/experienciadevida.com.ar\/portalurbano\/wp-content\/uploads\/2022\/04\/Kicillof-se-reunio-con-1536x1022.jpg",1536,1022,true],"2048x2048":["https:\/\/experienciadevida.com.ar\/portalurbano\/wp-content\/uploads\/2022\/04\/Kicillof-se-reunio-con-2048x1363.jpg",2048,1363,true],"newsever-slider-full":["https:\/\/experienciadevida.com.ar\/portalurbano\/wp-content\/uploads\/2022\/04\/Kicillof-se-reunio-con-scaled.jpg",1269,845,false],"newsever-featured":["https:\/\/experienciadevida.com.ar\/portalurbano\/wp-content\/uploads\/2022\/04\/Kicillof-se-reunio-con-scaled.jpg",1024,682,false],"newsever-medium":["https:\/\/experienciadevida.com.ar\/portalurbano\/wp-content\/uploads\/2022\/04\/Kicillof-se-reunio-con-scaled.jpg",714,475,false],"web-stories-poster-portrait":["https:\/\/experienciadevida.com.ar\/portalurbano\/wp-content\/uploads\/2022\/04\/Kicillof-se-reunio-con-scaled.jpg",640,426,false],"web-stories-publisher-logo":["https:\/\/experienciadevida.com.ar\/portalurbano\/wp-content\/uploads\/2022\/04\/Kicillof-se-reunio-con-scaled.jpg",96,64,false],"web-stories-thumbnail":["https:\/\/experienciadevida.com.ar\/portalurbano\/wp-content\/uploads\/2022\/04\/Kicillof-se-reunio-con-scaled.jpg",150,100,false]},"author_info":{"display_name":"admpu17wp","author_link":"https:\/\/experienciadevida.com.ar\/portalurbano\/author\/admpu17wp\/"},"category_info":"<a href=\"https:\/\/experienciadevida.com.ar\/portalurbano\/category\/ciudad\/\" rel=\"category tag\">Ciudad<\/a> <a href=\"https:\/\/experienciadevida.com.ar\/portalurbano\/category\/destacadas\/\" rel=\"category tag\">Destacadas<\/a>","tag_info":"Destacadas","comment_count":"0","amp_enabled":true,"_links":{"self":[{"href":"https:\/\/experienciadevida.com.ar\/portalurbano\/wp-json\/wp\/v2\/posts\/165166"}],"collection":[{"href":"https:\/\/experienciadevida.com.ar\/portalurbano\/wp-json\/wp\/v2\/posts"}],"about":[{"href":"https:\/\/experienciadevida.com.ar\/portalurbano\/wp-json\/wp\/v2\/types\/post"}],"author":[{"embeddable":true,"href":"https:\/\/experienciadevida.com.ar\/portalurbano\/wp-json\/wp\/v2\/users\/1"}],"replies":[{"embeddable":true,"href":"https:\/\/experienciadevida.com.ar\/portalurbano\/wp-json\/wp\/v2\/comments?post=165166"}],"version-history":[{"count":3,"href":"https:\/\/experienciadevida.com.ar\/portalurbano\/wp-json\/wp\/v2\/posts\/165166\/revisions"}],"predecessor-version":[{"id":165170,"href":"https:\/\/experienciadevida.com.ar\/portalurbano\/wp-json\/wp\/v2\/posts\/165166\/revisions\/165170"}],"wp:featuredmedia":[{"embeddable":true,"href":"https:\/\/experienciadevida.com.ar\/portalurbano\/wp-json\/wp\/v2\/media\/165167"}],"wp:attachment":[{"href":"https:\/\/experienciadevida.com.ar\/portalurbano\/wp-json\/wp\/v2\/media?parent=165166"}],"wp:term":[{"taxonomy":"category","embeddable":true,"href":"https:\/\/experienciadevida.com.ar\/portalurbano\/wp-json\/wp\/v2\/categories?post=165166"},{"taxonomy":"post_tag","embeddable":true,"href":"https:\/\/experienciadevida.com.ar\/portalurbano\/wp-json\/wp\/v2\/tags?post=165166"}],"curies":[{"name":"wp","href":"https:\/\/api.w.org\/{rel}","templated":true}]}}