{"id":165161,"date":"2022-04-06T16:34:51","date_gmt":"2022-04-06T19:34:51","guid":{"rendered":"https:\/\/experienciadevida.com.ar\/portalurbano\/?p=165161"},"modified":"2022-04-06T16:36:03","modified_gmt":"2022-04-06T19:36:03","slug":"ezequiel-galli-participo-del-acto-de-egreso-de-oficiales-de-policia-rural","status":"publish","type":"post","link":"https:\/\/experienciadevida.com.ar\/portalurbano\/ezequiel-galli-participo-del-acto-de-egreso-de-oficiales-de-policia-rural\/","title":{"rendered":"Ezequiel Galli particip\u00f3 del acto de egreso de oficiales de Polic\u00eda Rural"},"content":{"rendered":"<p>Ezequiel <a href=\"https:\/\/www.facebook.com\/galliezequiel\">Galli<\/a> particip\u00f3 del acto de egreso de oficiales de Polic\u00eda Rural, en el mediod\u00eda de este mi\u00e9rcoles se llev\u00f3 a cabo el acto protocolar por el primer egreso de oficiales de la especialidad rural de la Polic\u00eda de la Provincia de Buenos Aires, que tuvo como sede la Escuela Juan Vucetich sede Olavarr\u00eda, ubicada en el Cerro Luciano Fortabat de la localidad de Loma Negra, y del cual tom\u00f3 parte el intendente municipal Ezequiel Galli.<\/p>\n<p>El evento se vio encabezado por el gobernador de la Provincia de Buenos Aires Axel Kicillof, quien estuvo acompa\u00f1ado por el ministro de Seguridad bonaerense Sergio Berni, el ministro de Asuntos Agrarios de la Provincia Javier Rodr\u00edguez y la Ministra de Gobierno bonaerense Cristina \u00c1lvarez Rodr\u00edguez. A la par, tambi\u00e9n estuvo en el escenario principal el comisario general Daniel Alberto Garc\u00eda, m\u00e1ximo referente de la Polic\u00eda Bonaerense. Se pudo ver adem\u00e1s a intendentes y funcionarios bonaerenses.<\/p>\n<p>La ocasi\u00f3n sirvi\u00f3 para formalizar el egreso y jura de 993 cadetes que culminaron su formaci\u00f3n de oficial de la polic\u00eda en especialidad rural.<\/p>\n","protected":false},"excerpt":{"rendered":"<p>Ezequiel Galli particip\u00f3 del acto de egreso de oficiales de Polic\u00eda Rural, en el mediod\u00eda&#8230;<\/p>\n","protected":false},"author":1,"featured_media":165162,"comment_status":"closed","ping_status":"closed","sticky":false,"template":"","format":"standard","meta":{"content-type":""},"categories":[27],"tags":[],"nelio_content":{"isAutoShareEnabled":false,"autoShareEndMode":"default","automationSources":{"useContentSentences":true,"useSocialTemplates":true,"useCustomSentences":false,"customSentences":[]},"followers":[1],"suggestedReferences":[],"includedReferences":[],"efiUrl":"","efiAlt":"","highlights":[]},"yoast_head":"<!-- This site is optimized with the Yoast SEO plugin v20.7 - https:\/\/yoast.com\/wordpress\/plugins\/seo\/ -->\n<title>Ezequiel Galli particip\u00f3 del acto de egreso de oficiales de polic\u00eda rural<\/title>\n<meta name=\"description\" content=\"Ezequiel Galli particip\u00f3 del acto de egreso de oficiales de Polic\u00eda Rural, en el mediod\u00eda de este mi\u00e9rcoles se llev\u00f3 a cabo el egreso\" \/>\n<meta name=\"robots\" content=\"index, follow, max-snippet:-1, max-image-preview:large, max-video-preview:-1\" \/>\n<link rel=\"canonical\" href=\"https:\/\/experienciadevida.com.ar\/portalurbano\/ezequiel-galli-participo-del-acto-de-egreso-de-oficiales-de-policia-rural\/\" \/>\n<meta property=\"og:locale\" content=\"es_ES\" \/>\n<meta property=\"og:type\" content=\"article\" \/>\n<meta property=\"og:title\" content=\"Ezequiel Galli particip\u00f3 del acto de egreso de oficiales de polic\u00eda rural\" \/>\n<meta property=\"og:description\" content=\"Ezequiel Galli particip\u00f3 del acto de egreso de oficiales de Polic\u00eda Rural, en el mediod\u00eda de este mi\u00e9rcoles se llev\u00f3 a cabo el egreso\" \/>\n<meta property=\"og:url\" content=\"https:\/\/experienciadevida.com.ar\/portalurbano\/ezequiel-galli-participo-del-acto-de-egreso-de-oficiales-de-policia-rural\/\" \/>\n<meta property=\"article:publisher\" content=\"https:\/\/www.facebook.com\/Portal-Urbano-171542830093757\/\" \/>\n<meta property=\"article:published_time\" content=\"2022-04-06T19:34:51+00:00\" \/>\n<meta property=\"article:modified_time\" content=\"2022-04-06T19:36:03+00:00\" \/>\n<meta property=\"og:image\" content=\"https:\/\/experienciadevida.com.ar\/portalurbano\/wp-content\/uploads\/2022\/04\/Ezequiel-Galli-participo-del-e1649273651563.jpg\" \/>\n\t<meta property=\"og:image:width\" content=\"765\" \/>\n\t<meta property=\"og:image:height\" content=\"511\" \/>\n\t<meta property=\"og:image:type\" content=\"image\/jpeg\" \/>\n<meta name=\"author\" content=\"admpu17wp\" \/>\n<meta name=\"twitter:card\" content=\"summary_large_image\" \/>\n<meta name=\"twitter:creator\" content=\"@portalurbanook\" \/>\n<meta name=\"twitter:site\" content=\"@portalurbanook\" \/>\n<meta name=\"twitter:label1\" content=\"Escrito por\" \/>\n\t<meta name=\"twitter:data1\" content=\"admpu17wp\" \/>\n\t<meta name=\"twitter:label2\" content=\"Tiempo de lectura\" \/>\n\t<meta name=\"twitter:data2\" content=\"1 minuto\" \/>\n<script type=\"application\/ld+json\" class=\"yoast-schema-graph\">{\"@context\":\"https:\/\/schema.org\",\"@graph\":[{\"@type\":\"Article\",\"@id\":\"https:\/\/experienciadevida.com.ar\/portalurbano\/ezequiel-galli-participo-del-acto-de-egreso-de-oficiales-de-policia-rural\/#article\",\"isPartOf\":{\"@id\":\"https:\/\/experienciadevida.com.ar\/portalurbano\/ezequiel-galli-participo-del-acto-de-egreso-de-oficiales-de-policia-rural\/\"},\"author\":{\"name\":\"admpu17wp\",\"@id\":\"https:\/\/experienciadevida.com.ar\/portalurbano\/#\/schema\/person\/02dd326b1c4b056e9cc972486934a3a7\"},\"headline\":\"Ezequiel Galli particip\u00f3 del acto de egreso de oficiales de Polic\u00eda Rural\",\"datePublished\":\"2022-04-06T19:34:51+00:00\",\"dateModified\":\"2022-04-06T19:36:03+00:00\",\"mainEntityOfPage\":{\"@id\":\"https:\/\/experienciadevida.com.ar\/portalurbano\/ezequiel-galli-participo-del-acto-de-egreso-de-oficiales-de-policia-rural\/\"},\"wordCount\":204,\"publisher\":{\"@id\":\"https:\/\/experienciadevida.com.ar\/portalurbano\/#organization\"},\"articleSection\":[\"Ciudad\"],\"inLanguage\":\"es\"},{\"@type\":\"WebPage\",\"@id\":\"https:\/\/experienciadevida.com.ar\/portalurbano\/ezequiel-galli-participo-del-acto-de-egreso-de-oficiales-de-policia-rural\/\",\"url\":\"https:\/\/experienciadevida.com.ar\/portalurbano\/ezequiel-galli-participo-del-acto-de-egreso-de-oficiales-de-policia-rural\/\",\"name\":\"Ezequiel Galli particip\u00f3 del acto de egreso de oficiales de polic\u00eda rural\",\"isPartOf\":{\"@id\":\"https:\/\/experienciadevida.com.ar\/portalurbano\/#website\"},\"datePublished\":\"2022-04-06T19:34:51+00:00\",\"dateModified\":\"2022-04-06T19:36:03+00:00\",\"description\":\"Ezequiel Galli particip\u00f3 del acto de egreso de oficiales de Polic\u00eda Rural, en el mediod\u00eda de este mi\u00e9rcoles se llev\u00f3 a cabo el egreso\",\"breadcrumb\":{\"@id\":\"https:\/\/experienciadevida.com.ar\/portalurbano\/ezequiel-galli-participo-del-acto-de-egreso-de-oficiales-de-policia-rural\/#breadcrumb\"},\"inLanguage\":\"es\",\"potentialAction\":[{\"@type\":\"ReadAction\",\"target\":[\"https:\/\/experienciadevida.com.ar\/portalurbano\/ezequiel-galli-participo-del-acto-de-egreso-de-oficiales-de-policia-rural\/\"]}]},{\"@type\":\"BreadcrumbList\",\"@id\":\"https:\/\/experienciadevida.com.ar\/portalurbano\/ezequiel-galli-participo-del-acto-de-egreso-de-oficiales-de-policia-rural\/#breadcrumb\",\"itemListElement\":[{\"@type\":\"ListItem\",\"position\":1,\"name\":\"Portada\",\"item\":\"https:\/\/experienciadevida.com.ar\/portalurbano\/\"},{\"@type\":\"ListItem\",\"position\":2,\"name\":\"Ezequiel Galli particip\u00f3 del acto de egreso de oficiales de Polic\u00eda Rural\"}]},{\"@type\":\"WebSite\",\"@id\":\"https:\/\/experienciadevida.com.ar\/portalurbano\/#website\",\"url\":\"https:\/\/experienciadevida.com.ar\/portalurbano\/\",\"name\":\"\",\"description\":\"\",\"publisher\":{\"@id\":\"https:\/\/experienciadevida.com.ar\/portalurbano\/#organization\"},\"potentialAction\":[{\"@type\":\"SearchAction\",\"target\":{\"@type\":\"EntryPoint\",\"urlTemplate\":\"https:\/\/experienciadevida.com.ar\/portalurbano\/?s={search_term_string}\"},\"query-input\":\"required name=search_term_string\"}],\"inLanguage\":\"es\"},{\"@type\":\"Organization\",\"@id\":\"https:\/\/experienciadevida.com.ar\/portalurbano\/#organization\",\"name\":\"Portal Urbano\",\"url\":\"https:\/\/experienciadevida.com.ar\/portalurbano\/\",\"logo\":{\"@type\":\"ImageObject\",\"inLanguage\":\"es\",\"@id\":\"https:\/\/experienciadevida.com.ar\/portalurbano\/#\/schema\/logo\/image\/\",\"url\":\"https:\/\/experienciadevida.com.ar\/portalurbano\/wp-content\/uploads\/2019\/09\/Logo-Original.png\",\"contentUrl\":\"https:\/\/experienciadevida.com.ar\/portalurbano\/wp-content\/uploads\/2019\/09\/Logo-Original.png\",\"width\":2236,\"height\":1216,\"caption\":\"Portal Urbano\"},\"image\":{\"@id\":\"https:\/\/experienciadevida.com.ar\/portalurbano\/#\/schema\/logo\/image\/\"},\"sameAs\":[\"https:\/\/www.facebook.com\/Portal-Urbano-171542830093757\/\",\"https:\/\/twitter.com\/portalurbanook\",\"https:\/\/www.instagram.com\/_portalurbano\/\",\"https:\/\/www.youtube.com\/channel\/UCXhagIfszH8KxFiOok79zbA?view_as=subscriber\"]},{\"@type\":\"Person\",\"@id\":\"https:\/\/experienciadevida.com.ar\/portalurbano\/#\/schema\/person\/02dd326b1c4b056e9cc972486934a3a7\",\"name\":\"admpu17wp\",\"image\":{\"@type\":\"ImageObject\",\"inLanguage\":\"es\",\"@id\":\"https:\/\/experienciadevida.com.ar\/portalurbano\/#\/schema\/person\/image\/\",\"url\":\"https:\/\/secure.gravatar.com\/avatar\/830d4c57adaae6630765e449a6908047?s=96&d=mm&r=g\",\"contentUrl\":\"https:\/\/secure.gravatar.com\/avatar\/830d4c57adaae6630765e449a6908047?s=96&d=mm&r=g\",\"caption\":\"admpu17wp\"}}]}<\/script>\n<!-- \/ Yoast SEO plugin. -->","yoast_head_json":{"title":"Ezequiel Galli particip\u00f3 del acto de egreso de oficiales de polic\u00eda rural","description":"Ezequiel Galli particip\u00f3 del acto de egreso de oficiales de Polic\u00eda Rural, en el mediod\u00eda de este mi\u00e9rcoles se llev\u00f3 a cabo el egreso","robots":{"index":"index","follow":"follow","max-snippet":"max-snippet:-1","max-image-preview":"max-image-preview:large","max-video-preview":"max-video-preview:-1"},"canonical":"https:\/\/experienciadevida.com.ar\/portalurbano\/ezequiel-galli-participo-del-acto-de-egreso-de-oficiales-de-policia-rural\/","og_locale":"es_ES","og_type":"article","og_title":"Ezequiel Galli particip\u00f3 del acto de egreso de oficiales de polic\u00eda rural","og_description":"Ezequiel Galli particip\u00f3 del acto de egreso de oficiales de Polic\u00eda Rural, en el mediod\u00eda de este mi\u00e9rcoles se llev\u00f3 a cabo el egreso","og_url":"https:\/\/experienciadevida.com.ar\/portalurbano\/ezequiel-galli-participo-del-acto-de-egreso-de-oficiales-de-policia-rural\/","article_publisher":"https:\/\/www.facebook.com\/Portal-Urbano-171542830093757\/","article_published_time":"2022-04-06T19:34:51+00:00","article_modified_time":"2022-04-06T19:36:03+00:00","og_image":[{"width":765,"height":511,"url":"https:\/\/experienciadevida.com.ar\/portalurbano\/wp-content\/uploads\/2022\/04\/Ezequiel-Galli-participo-del-e1649273651563.jpg","type":"image\/jpeg"}],"author":"admpu17wp","twitter_card":"summary_large_image","twitter_creator":"@portalurbanook","twitter_site":"@portalurbanook","twitter_misc":{"Escrito por":"admpu17wp","Tiempo de lectura":"1 minuto"},"schema":{"@context":"https:\/\/schema.org","@graph":[{"@type":"Article","@id":"https:\/\/experienciadevida.com.ar\/portalurbano\/ezequiel-galli-participo-del-acto-de-egreso-de-oficiales-de-policia-rural\/#article","isPartOf":{"@id":"https:\/\/experienciadevida.com.ar\/portalurbano\/ezequiel-galli-participo-del-acto-de-egreso-de-oficiales-de-policia-rural\/"},"author":{"name":"admpu17wp","@id":"https:\/\/experienciadevida.com.ar\/portalurbano\/#\/schema\/person\/02dd326b1c4b056e9cc972486934a3a7"},"headline":"Ezequiel Galli particip\u00f3 del acto de egreso de oficiales de Polic\u00eda Rural","datePublished":"2022-04-06T19:34:51+00:00","dateModified":"2022-04-06T19:36:03+00:00","mainEntityOfPage":{"@id":"https:\/\/experienciadevida.com.ar\/portalurbano\/ezequiel-galli-participo-del-acto-de-egreso-de-oficiales-de-policia-rural\/"},"wordCount":204,"publisher":{"@id":"https:\/\/experienciadevida.com.ar\/portalurbano\/#organization"},"articleSection":["Ciudad"],"inLanguage":"es"},{"@type":"WebPage","@id":"https:\/\/experienciadevida.com.ar\/portalurbano\/ezequiel-galli-participo-del-acto-de-egreso-de-oficiales-de-policia-rural\/","url":"https:\/\/experienciadevida.com.ar\/portalurbano\/ezequiel-galli-participo-del-acto-de-egreso-de-oficiales-de-policia-rural\/","name":"Ezequiel Galli particip\u00f3 del acto de egreso de oficiales de polic\u00eda rural","isPartOf":{"@id":"https:\/\/experienciadevida.com.ar\/portalurbano\/#website"},"datePublished":"2022-04-06T19:34:51+00:00","dateModified":"2022-04-06T19:36:03+00:00","description":"Ezequiel Galli particip\u00f3 del acto de egreso de oficiales de Polic\u00eda Rural, en el mediod\u00eda de este mi\u00e9rcoles se llev\u00f3 a cabo el egreso","breadcrumb":{"@id":"https:\/\/experienciadevida.com.ar\/portalurbano\/ezequiel-galli-participo-del-acto-de-egreso-de-oficiales-de-policia-rural\/#breadcrumb"},"inLanguage":"es","potentialAction":[{"@type":"ReadAction","target":["https:\/\/experienciadevida.com.ar\/portalurbano\/ezequiel-galli-participo-del-acto-de-egreso-de-oficiales-de-policia-rural\/"]}]},{"@type":"BreadcrumbList","@id":"https:\/\/experienciadevida.com.ar\/portalurbano\/ezequiel-galli-participo-del-acto-de-egreso-de-oficiales-de-policia-rural\/#breadcrumb","itemListElement":[{"@type":"ListItem","position":1,"name":"Portada","item":"https:\/\/experienciadevida.com.ar\/portalurbano\/"},{"@type":"ListItem","position":2,"name":"Ezequiel Galli particip\u00f3 del acto de egreso de oficiales de Polic\u00eda Rural"}]},{"@type":"WebSite","@id":"https:\/\/experienciadevida.com.ar\/portalurbano\/#website","url":"https:\/\/experienciadevida.com.ar\/portalurbano\/","name":"","description":"","publisher":{"@id":"https:\/\/experienciadevida.com.ar\/portalurbano\/#organization"},"potentialAction":[{"@type":"SearchAction","target":{"@type":"EntryPoint","urlTemplate":"https:\/\/experienciadevida.com.ar\/portalurbano\/?s={search_term_string}"},"query-input":"required name=search_term_string"}],"inLanguage":"es"},{"@type":"Organization","@id":"https:\/\/experienciadevida.com.ar\/portalurbano\/#organization","name":"Portal Urbano","url":"https:\/\/experienciadevida.com.ar\/portalurbano\/","logo":{"@type":"ImageObject","inLanguage":"es","@id":"https:\/\/experienciadevida.com.ar\/portalurbano\/#\/schema\/logo\/image\/","url":"https:\/\/experienciadevida.com.ar\/portalurbano\/wp-content\/uploads\/2019\/09\/Logo-Original.png","contentUrl":"https:\/\/experienciadevida.com.ar\/portalurbano\/wp-content\/uploads\/2019\/09\/Logo-Original.png","width":2236,"height":1216,"caption":"Portal Urbano"},"image":{"@id":"https:\/\/experienciadevida.com.ar\/portalurbano\/#\/schema\/logo\/image\/"},"sameAs":["https:\/\/www.facebook.com\/Portal-Urbano-171542830093757\/","https:\/\/twitter.com\/portalurbanook","https:\/\/www.instagram.com\/_portalurbano\/","https:\/\/www.youtube.com\/channel\/UCXhagIfszH8KxFiOok79zbA?view_as=subscriber"]},{"@type":"Person","@id":"https:\/\/experienciadevida.com.ar\/portalurbano\/#\/schema\/person\/02dd326b1c4b056e9cc972486934a3a7","name":"admpu17wp","image":{"@type":"ImageObject","inLanguage":"es","@id":"https:\/\/experienciadevida.com.ar\/portalurbano\/#\/schema\/person\/image\/","url":"https:\/\/secure.gravatar.com\/avatar\/830d4c57adaae6630765e449a6908047?s=96&d=mm&r=g","contentUrl":"https:\/\/secure.gravatar.com\/avatar\/830d4c57adaae6630765e449a6908047?s=96&d=mm&r=g","caption":"admpu17wp"}}]}},"featured_image_urls":{"full":["https:\/\/experienciadevida.com.ar\/portalurbano\/wp-content\/uploads\/2022\/04\/Ezequiel-Galli-participo-del-e1649273651563.jpg",765,511,false],"thumbnail":["https:\/\/experienciadevida.com.ar\/portalurbano\/wp-content\/uploads\/2022\/04\/Ezequiel-Galli-participo-del-150x150.jpg",150,150,true],"medium":["https:\/\/experienciadevida.com.ar\/portalurbano\/wp-content\/uploads\/2022\/04\/Ezequiel-Galli-participo-del-300x201.jpg",300,201,true],"medium_large":["https:\/\/experienciadevida.com.ar\/portalurbano\/wp-content\/uploads\/2022\/04\/Ezequiel-Galli-participo-del-768x513.jpg",640,428,true],"large":["https:\/\/experienciadevida.com.ar\/portalurbano\/wp-content\/uploads\/2022\/04\/Ezequiel-Galli-participo-del-1024x684.jpg",640,428,true],"ug_big":["https:\/\/experienciadevida.com.ar\/portalurbano\/wp-content\/uploads\/2022\/04\/Ezequiel-Galli-participo-del-768x513.jpg",768,513,true],"1536x1536":["https:\/\/experienciadevida.com.ar\/portalurbano\/wp-content\/uploads\/2022\/04\/Ezequiel-Galli-participo-del-1536x1027.jpg",1536,1027,true],"2048x2048":["https:\/\/experienciadevida.com.ar\/portalurbano\/wp-content\/uploads\/2022\/04\/Ezequiel-Galli-participo-del-2048x1369.jpg",2048,1369,true],"newsever-slider-full":["https:\/\/experienciadevida.com.ar\/portalurbano\/wp-content\/uploads\/2022\/04\/Ezequiel-Galli-participo-del-e1649273651563.jpg",765,511,false],"newsever-featured":["https:\/\/experienciadevida.com.ar\/portalurbano\/wp-content\/uploads\/2022\/04\/Ezequiel-Galli-participo-del-e1649273651563.jpg",765,511,false],"newsever-medium":["https:\/\/experienciadevida.com.ar\/portalurbano\/wp-content\/uploads\/2022\/04\/Ezequiel-Galli-participo-del-e1649273651563.jpg",711,475,false],"web-stories-poster-portrait":["https:\/\/experienciadevida.com.ar\/portalurbano\/wp-content\/uploads\/2022\/04\/Ezequiel-Galli-participo-del-e1649273651563.jpg",640,428,false],"web-stories-publisher-logo":["https:\/\/experienciadevida.com.ar\/portalurbano\/wp-content\/uploads\/2022\/04\/Ezequiel-Galli-participo-del-e1649273651563.jpg",96,64,false],"web-stories-thumbnail":["https:\/\/experienciadevida.com.ar\/portalurbano\/wp-content\/uploads\/2022\/04\/Ezequiel-Galli-participo-del-e1649273651563.jpg",150,100,false]},"author_info":{"display_name":"admpu17wp","author_link":"https:\/\/experienciadevida.com.ar\/portalurbano\/author\/admpu17wp\/"},"category_info":"<a href=\"https:\/\/experienciadevida.com.ar\/portalurbano\/category\/ciudad\/\" rel=\"category tag\">Ciudad<\/a>","tag_info":"Ciudad","comment_count":"0","amp_enabled":true,"_links":{"self":[{"href":"https:\/\/experienciadevida.com.ar\/portalurbano\/wp-json\/wp\/v2\/posts\/165161"}],"collection":[{"href":"https:\/\/experienciadevida.com.ar\/portalurbano\/wp-json\/wp\/v2\/posts"}],"about":[{"href":"https:\/\/experienciadevida.com.ar\/portalurbano\/wp-json\/wp\/v2\/types\/post"}],"author":[{"embeddable":true,"href":"https:\/\/experienciadevida.com.ar\/portalurbano\/wp-json\/wp\/v2\/users\/1"}],"replies":[{"embeddable":true,"href":"https:\/\/experienciadevida.com.ar\/portalurbano\/wp-json\/wp\/v2\/comments?post=165161"}],"version-history":[{"count":3,"href":"https:\/\/experienciadevida.com.ar\/portalurbano\/wp-json\/wp\/v2\/posts\/165161\/revisions"}],"predecessor-version":[{"id":165165,"href":"https:\/\/experienciadevida.com.ar\/portalurbano\/wp-json\/wp\/v2\/posts\/165161\/revisions\/165165"}],"wp:featuredmedia":[{"embeddable":true,"href":"https:\/\/experienciadevida.com.ar\/portalurbano\/wp-json\/wp\/v2\/media\/165162"}],"wp:attachment":[{"href":"https:\/\/experienciadevida.com.ar\/portalurbano\/wp-json\/wp\/v2\/media?parent=165161"}],"wp:term":[{"taxonomy":"category","embeddable":true,"href":"https:\/\/experienciadevida.com.ar\/portalurbano\/wp-json\/wp\/v2\/categories?post=165161"},{"taxonomy":"post_tag","embeddable":true,"href":"https:\/\/experienciadevida.com.ar\/portalurbano\/wp-json\/wp\/v2\/tags?post=165161"}],"curies":[{"name":"wp","href":"https:\/\/api.w.org\/{rel}","templated":true}]}}