{"id":165155,"date":"2022-04-06T16:27:39","date_gmt":"2022-04-06T19:27:39","guid":{"rendered":"https:\/\/experienciadevida.com.ar\/portalurbano\/?p=165155"},"modified":"2022-04-06T16:28:04","modified_gmt":"2022-04-06T19:28:04","slug":"sergio-berni-recibio-en-mano-una-nota-de-agradecimiento-por-la-subcomisaria-de-sierra-chica","status":"publish","type":"post","link":"https:\/\/experienciadevida.com.ar\/portalurbano\/sergio-berni-recibio-en-mano-una-nota-de-agradecimiento-por-la-subcomisaria-de-sierra-chica\/","title":{"rendered":"Sergio Berni recibi\u00f3 en mano una nota de agradecimiento por la subcomisar\u00eda de Sierra Chica"},"content":{"rendered":"<p><a href=\"https:\/\/www.instagram.com\/sergioberniarg\/?hl=es-la\">Sergio Berni<\/a> recibi\u00f3 en mano una nota de agradecimiento por la subcomisar\u00eda de Sierra Chica, N\u00e9stor Crevatin, vecino de la localidad, fue el encargado de entregar el documento agradeciendo la jerarquizaci\u00f3n del Destacamento Policial a subcomisar\u00eda. El concejal Gast\u00f3n <a href=\"https:\/\/www.instagram.com\/gastonsarachu\/?hl=es-la\">Sarachu<\/a> acompa\u00f1\u00f3 la entrega.<\/p>\n<p>En la ma\u00f1ana de este mi\u00e9rcoles, el Ministro de Seguridad de la Provincia de Buenos Aires, Sergio Berni, encabez\u00f3 junto al Gobernador de la Provincia de Buenos Aires, Axel <a href=\"https:\/\/www.instagram.com\/kicillofok\/?hl=es-la\">Kicillof<\/a>, el acto de egreso de la Polic\u00eda Rural en Loma Negra. All\u00ed, el Ministro recibi\u00f3 en mano por parte de N\u00e9stro Crevatin, vecino de Sierra Chica, un documento en agradecimiento por la jerarquizaci\u00f3n del Destacamento Policial de dicha localidad a subcomisar\u00eda.<\/p>\n<p>Acompa\u00f1ado por el concejal Gast\u00f3n Sarachu (Foro Olavarr\u00eda &#8211; Frente Renovador), Crevatin hizo entrega de la nota de agradecimiento por el cumplimiento del petitorio que le fue entregado al Ministro en su anterior visita en octubre del a\u00f1o pasado.<\/p>\n<p>Dicho petitorio expon\u00eda entre sus puntos la necesidad de que Sierra Chica contara con una subcomisar\u00eda para mejorar el servicio policial, petici\u00f3n que hab\u00eda sido presentada en el Honorable Concejo Deliberante de Olavarr\u00eda<br \/>\nen el a\u00f1o 2015, y que fuera elevada a la Subsecretar\u00eda de Seguridad.<\/p>\n<p>Luego, Crevatin fue recibido por el Gobernador de la Provincia de Buenos Aires, Axel Kicillof, a quien le hizo llegar las preocupaciones y necesidades que atraviesa Sierra Chica en materia de salud y vivienda.<\/p>\n<p><a href=\"https:\/\/experienciadevida.com.ar\/portalurbano\/sergio-berni-recibio-en-mano-una-nota-de-agradecimiento-por-la-subcomisaria-de-sierra-chica\/sergio\/\" rel=\"attachment wp-att-165157\"><img decoding=\"async\" class=\"alignnone size-large wp-image-165157\" src=\"https:\/\/experienciadevida.com.ar\/portalurbano\/wp-content\/uploads\/2022\/04\/Sergio-1024x768.jpg\" alt=\"Sergio \" width=\"900\" height=\"675\" srcset=\"https:\/\/experienciadevida.com.ar\/portalurbano\/wp-content\/uploads\/2022\/04\/Sergio-1024x768.jpg 1024w, https:\/\/experienciadevida.com.ar\/portalurbano\/wp-content\/uploads\/2022\/04\/Sergio-300x225.jpg 300w, https:\/\/experienciadevida.com.ar\/portalurbano\/wp-content\/uploads\/2022\/04\/Sergio-768x576.jpg 768w, https:\/\/experienciadevida.com.ar\/portalurbano\/wp-content\/uploads\/2022\/04\/Sergio.jpg 1280w\" sizes=\"(max-width: 900px) 100vw, 900px\" \/><\/a><\/p>\n","protected":false},"excerpt":{"rendered":"<p>Sergio Berni recibi\u00f3 en mano una nota de agradecimiento por la subcomisar\u00eda de Sierra Chica,&#8230;<\/p>\n","protected":false},"author":1,"featured_media":165156,"comment_status":"closed","ping_status":"closed","sticky":false,"template":"","format":"standard","meta":{"content-type":""},"categories":[27],"tags":[],"nelio_content":{"isAutoShareEnabled":false,"autoShareEndMode":"default","automationSources":{"useContentSentences":true,"useSocialTemplates":true,"useCustomSentences":false,"customSentences":[]},"followers":[1],"suggestedReferences":[],"includedReferences":["https:\/\/www.instagram.com\/sergioberniarg\/?hl=es-la","https:\/\/www.instagram.com\/gastonsarachu\/?hl=es-la","https:\/\/www.instagram.com\/kicillofok\/?hl=es-la"],"efiUrl":"","efiAlt":"","highlights":[]},"yoast_head":"<!-- This site is optimized with the Yoast SEO plugin v20.7 - https:\/\/yoast.com\/wordpress\/plugins\/seo\/ -->\n<title>Sergio Berni recibi\u00f3 en mano una nota de agradecimiento<\/title>\n<meta name=\"description\" content=\"Sergio Berni recibi\u00f3 en mano una nota de agradecimiento por la subcomisar\u00eda de Sierra Chica, N\u00e9stor Crevatin, vecino de la localidad\" \/>\n<meta name=\"robots\" content=\"index, follow, max-snippet:-1, max-image-preview:large, max-video-preview:-1\" \/>\n<link rel=\"canonical\" href=\"https:\/\/experienciadevida.com.ar\/portalurbano\/sergio-berni-recibio-en-mano-una-nota-de-agradecimiento-por-la-subcomisaria-de-sierra-chica\/\" \/>\n<meta property=\"og:locale\" content=\"es_ES\" \/>\n<meta property=\"og:type\" content=\"article\" \/>\n<meta property=\"og:title\" content=\"Sergio Berni recibi\u00f3 en mano una nota de agradecimiento\" \/>\n<meta property=\"og:description\" content=\"Sergio Berni recibi\u00f3 en mano una nota de agradecimiento por la subcomisar\u00eda de Sierra Chica, N\u00e9stor Crevatin, vecino de la localidad\" \/>\n<meta property=\"og:url\" content=\"https:\/\/experienciadevida.com.ar\/portalurbano\/sergio-berni-recibio-en-mano-una-nota-de-agradecimiento-por-la-subcomisaria-de-sierra-chica\/\" \/>\n<meta property=\"article:publisher\" content=\"https:\/\/www.facebook.com\/Portal-Urbano-171542830093757\/\" \/>\n<meta property=\"article:published_time\" content=\"2022-04-06T19:27:39+00:00\" \/>\n<meta property=\"article:modified_time\" content=\"2022-04-06T19:28:04+00:00\" \/>\n<meta property=\"og:image\" content=\"https:\/\/experienciadevida.com.ar\/portalurbano\/wp-content\/uploads\/2022\/04\/Sergio-Berni-recibio-en.jpg\" \/>\n\t<meta property=\"og:image:width\" content=\"1280\" \/>\n\t<meta property=\"og:image:height\" content=\"894\" \/>\n\t<meta property=\"og:image:type\" content=\"image\/jpeg\" \/>\n<meta name=\"author\" content=\"admpu17wp\" \/>\n<meta name=\"twitter:card\" content=\"summary_large_image\" \/>\n<meta name=\"twitter:creator\" content=\"@portalurbanook\" \/>\n<meta name=\"twitter:site\" content=\"@portalurbanook\" \/>\n<meta name=\"twitter:label1\" content=\"Escrito por\" \/>\n\t<meta name=\"twitter:data1\" content=\"admpu17wp\" \/>\n\t<meta name=\"twitter:label2\" content=\"Tiempo de lectura\" \/>\n\t<meta name=\"twitter:data2\" content=\"2 minutos\" \/>\n<script type=\"application\/ld+json\" class=\"yoast-schema-graph\">{\"@context\":\"https:\/\/schema.org\",\"@graph\":[{\"@type\":\"Article\",\"@id\":\"https:\/\/experienciadevida.com.ar\/portalurbano\/sergio-berni-recibio-en-mano-una-nota-de-agradecimiento-por-la-subcomisaria-de-sierra-chica\/#article\",\"isPartOf\":{\"@id\":\"https:\/\/experienciadevida.com.ar\/portalurbano\/sergio-berni-recibio-en-mano-una-nota-de-agradecimiento-por-la-subcomisaria-de-sierra-chica\/\"},\"author\":{\"name\":\"admpu17wp\",\"@id\":\"https:\/\/experienciadevida.com.ar\/portalurbano\/#\/schema\/person\/02dd326b1c4b056e9cc972486934a3a7\"},\"headline\":\"Sergio Berni recibi\u00f3 en mano una nota de agradecimiento por la subcomisar\u00eda de Sierra Chica\",\"datePublished\":\"2022-04-06T19:27:39+00:00\",\"dateModified\":\"2022-04-06T19:28:04+00:00\",\"mainEntityOfPage\":{\"@id\":\"https:\/\/experienciadevida.com.ar\/portalurbano\/sergio-berni-recibio-en-mano-una-nota-de-agradecimiento-por-la-subcomisaria-de-sierra-chica\/\"},\"wordCount\":270,\"publisher\":{\"@id\":\"https:\/\/experienciadevida.com.ar\/portalurbano\/#organization\"},\"articleSection\":[\"Ciudad\"],\"inLanguage\":\"es\"},{\"@type\":\"WebPage\",\"@id\":\"https:\/\/experienciadevida.com.ar\/portalurbano\/sergio-berni-recibio-en-mano-una-nota-de-agradecimiento-por-la-subcomisaria-de-sierra-chica\/\",\"url\":\"https:\/\/experienciadevida.com.ar\/portalurbano\/sergio-berni-recibio-en-mano-una-nota-de-agradecimiento-por-la-subcomisaria-de-sierra-chica\/\",\"name\":\"Sergio Berni recibi\u00f3 en mano una nota de agradecimiento\",\"isPartOf\":{\"@id\":\"https:\/\/experienciadevida.com.ar\/portalurbano\/#website\"},\"datePublished\":\"2022-04-06T19:27:39+00:00\",\"dateModified\":\"2022-04-06T19:28:04+00:00\",\"description\":\"Sergio Berni recibi\u00f3 en mano una nota de agradecimiento por la subcomisar\u00eda de Sierra Chica, N\u00e9stor Crevatin, vecino de la localidad\",\"breadcrumb\":{\"@id\":\"https:\/\/experienciadevida.com.ar\/portalurbano\/sergio-berni-recibio-en-mano-una-nota-de-agradecimiento-por-la-subcomisaria-de-sierra-chica\/#breadcrumb\"},\"inLanguage\":\"es\",\"potentialAction\":[{\"@type\":\"ReadAction\",\"target\":[\"https:\/\/experienciadevida.com.ar\/portalurbano\/sergio-berni-recibio-en-mano-una-nota-de-agradecimiento-por-la-subcomisaria-de-sierra-chica\/\"]}]},{\"@type\":\"BreadcrumbList\",\"@id\":\"https:\/\/experienciadevida.com.ar\/portalurbano\/sergio-berni-recibio-en-mano-una-nota-de-agradecimiento-por-la-subcomisaria-de-sierra-chica\/#breadcrumb\",\"itemListElement\":[{\"@type\":\"ListItem\",\"position\":1,\"name\":\"Portada\",\"item\":\"https:\/\/experienciadevida.com.ar\/portalurbano\/\"},{\"@type\":\"ListItem\",\"position\":2,\"name\":\"Sergio Berni recibi\u00f3 en mano una nota de agradecimiento por la subcomisar\u00eda de Sierra Chica\"}]},{\"@type\":\"WebSite\",\"@id\":\"https:\/\/experienciadevida.com.ar\/portalurbano\/#website\",\"url\":\"https:\/\/experienciadevida.com.ar\/portalurbano\/\",\"name\":\"\",\"description\":\"\",\"publisher\":{\"@id\":\"https:\/\/experienciadevida.com.ar\/portalurbano\/#organization\"},\"potentialAction\":[{\"@type\":\"SearchAction\",\"target\":{\"@type\":\"EntryPoint\",\"urlTemplate\":\"https:\/\/experienciadevida.com.ar\/portalurbano\/?s={search_term_string}\"},\"query-input\":\"required name=search_term_string\"}],\"inLanguage\":\"es\"},{\"@type\":\"Organization\",\"@id\":\"https:\/\/experienciadevida.com.ar\/portalurbano\/#organization\",\"name\":\"Portal Urbano\",\"url\":\"https:\/\/experienciadevida.com.ar\/portalurbano\/\",\"logo\":{\"@type\":\"ImageObject\",\"inLanguage\":\"es\",\"@id\":\"https:\/\/experienciadevida.com.ar\/portalurbano\/#\/schema\/logo\/image\/\",\"url\":\"https:\/\/experienciadevida.com.ar\/portalurbano\/wp-content\/uploads\/2019\/09\/Logo-Original.png\",\"contentUrl\":\"https:\/\/experienciadevida.com.ar\/portalurbano\/wp-content\/uploads\/2019\/09\/Logo-Original.png\",\"width\":2236,\"height\":1216,\"caption\":\"Portal Urbano\"},\"image\":{\"@id\":\"https:\/\/experienciadevida.com.ar\/portalurbano\/#\/schema\/logo\/image\/\"},\"sameAs\":[\"https:\/\/www.facebook.com\/Portal-Urbano-171542830093757\/\",\"https:\/\/twitter.com\/portalurbanook\",\"https:\/\/www.instagram.com\/_portalurbano\/\",\"https:\/\/www.youtube.com\/channel\/UCXhagIfszH8KxFiOok79zbA?view_as=subscriber\"]},{\"@type\":\"Person\",\"@id\":\"https:\/\/experienciadevida.com.ar\/portalurbano\/#\/schema\/person\/02dd326b1c4b056e9cc972486934a3a7\",\"name\":\"admpu17wp\",\"image\":{\"@type\":\"ImageObject\",\"inLanguage\":\"es\",\"@id\":\"https:\/\/experienciadevida.com.ar\/portalurbano\/#\/schema\/person\/image\/\",\"url\":\"https:\/\/secure.gravatar.com\/avatar\/830d4c57adaae6630765e449a6908047?s=96&d=mm&r=g\",\"contentUrl\":\"https:\/\/secure.gravatar.com\/avatar\/830d4c57adaae6630765e449a6908047?s=96&d=mm&r=g\",\"caption\":\"admpu17wp\"}}]}<\/script>\n<!-- \/ Yoast SEO plugin. -->","yoast_head_json":{"title":"Sergio Berni recibi\u00f3 en mano una nota de agradecimiento","description":"Sergio Berni recibi\u00f3 en mano una nota de agradecimiento por la subcomisar\u00eda de Sierra Chica, N\u00e9stor Crevatin, vecino de la localidad","robots":{"index":"index","follow":"follow","max-snippet":"max-snippet:-1","max-image-preview":"max-image-preview:large","max-video-preview":"max-video-preview:-1"},"canonical":"https:\/\/experienciadevida.com.ar\/portalurbano\/sergio-berni-recibio-en-mano-una-nota-de-agradecimiento-por-la-subcomisaria-de-sierra-chica\/","og_locale":"es_ES","og_type":"article","og_title":"Sergio Berni recibi\u00f3 en mano una nota de agradecimiento","og_description":"Sergio Berni recibi\u00f3 en mano una nota de agradecimiento por la subcomisar\u00eda de Sierra Chica, N\u00e9stor Crevatin, vecino de la localidad","og_url":"https:\/\/experienciadevida.com.ar\/portalurbano\/sergio-berni-recibio-en-mano-una-nota-de-agradecimiento-por-la-subcomisaria-de-sierra-chica\/","article_publisher":"https:\/\/www.facebook.com\/Portal-Urbano-171542830093757\/","article_published_time":"2022-04-06T19:27:39+00:00","article_modified_time":"2022-04-06T19:28:04+00:00","og_image":[{"width":1280,"height":894,"url":"https:\/\/experienciadevida.com.ar\/portalurbano\/wp-content\/uploads\/2022\/04\/Sergio-Berni-recibio-en.jpg","type":"image\/jpeg"}],"author":"admpu17wp","twitter_card":"summary_large_image","twitter_creator":"@portalurbanook","twitter_site":"@portalurbanook","twitter_misc":{"Escrito por":"admpu17wp","Tiempo de lectura":"2 minutos"},"schema":{"@context":"https:\/\/schema.org","@graph":[{"@type":"Article","@id":"https:\/\/experienciadevida.com.ar\/portalurbano\/sergio-berni-recibio-en-mano-una-nota-de-agradecimiento-por-la-subcomisaria-de-sierra-chica\/#article","isPartOf":{"@id":"https:\/\/experienciadevida.com.ar\/portalurbano\/sergio-berni-recibio-en-mano-una-nota-de-agradecimiento-por-la-subcomisaria-de-sierra-chica\/"},"author":{"name":"admpu17wp","@id":"https:\/\/experienciadevida.com.ar\/portalurbano\/#\/schema\/person\/02dd326b1c4b056e9cc972486934a3a7"},"headline":"Sergio Berni recibi\u00f3 en mano una nota de agradecimiento por la subcomisar\u00eda de Sierra Chica","datePublished":"2022-04-06T19:27:39+00:00","dateModified":"2022-04-06T19:28:04+00:00","mainEntityOfPage":{"@id":"https:\/\/experienciadevida.com.ar\/portalurbano\/sergio-berni-recibio-en-mano-una-nota-de-agradecimiento-por-la-subcomisaria-de-sierra-chica\/"},"wordCount":270,"publisher":{"@id":"https:\/\/experienciadevida.com.ar\/portalurbano\/#organization"},"articleSection":["Ciudad"],"inLanguage":"es"},{"@type":"WebPage","@id":"https:\/\/experienciadevida.com.ar\/portalurbano\/sergio-berni-recibio-en-mano-una-nota-de-agradecimiento-por-la-subcomisaria-de-sierra-chica\/","url":"https:\/\/experienciadevida.com.ar\/portalurbano\/sergio-berni-recibio-en-mano-una-nota-de-agradecimiento-por-la-subcomisaria-de-sierra-chica\/","name":"Sergio Berni recibi\u00f3 en mano una nota de agradecimiento","isPartOf":{"@id":"https:\/\/experienciadevida.com.ar\/portalurbano\/#website"},"datePublished":"2022-04-06T19:27:39+00:00","dateModified":"2022-04-06T19:28:04+00:00","description":"Sergio Berni recibi\u00f3 en mano una nota de agradecimiento por la subcomisar\u00eda de Sierra Chica, N\u00e9stor Crevatin, vecino de la localidad","breadcrumb":{"@id":"https:\/\/experienciadevida.com.ar\/portalurbano\/sergio-berni-recibio-en-mano-una-nota-de-agradecimiento-por-la-subcomisaria-de-sierra-chica\/#breadcrumb"},"inLanguage":"es","potentialAction":[{"@type":"ReadAction","target":["https:\/\/experienciadevida.com.ar\/portalurbano\/sergio-berni-recibio-en-mano-una-nota-de-agradecimiento-por-la-subcomisaria-de-sierra-chica\/"]}]},{"@type":"BreadcrumbList","@id":"https:\/\/experienciadevida.com.ar\/portalurbano\/sergio-berni-recibio-en-mano-una-nota-de-agradecimiento-por-la-subcomisaria-de-sierra-chica\/#breadcrumb","itemListElement":[{"@type":"ListItem","position":1,"name":"Portada","item":"https:\/\/experienciadevida.com.ar\/portalurbano\/"},{"@type":"ListItem","position":2,"name":"Sergio Berni recibi\u00f3 en mano una nota de agradecimiento por la subcomisar\u00eda de Sierra Chica"}]},{"@type":"WebSite","@id":"https:\/\/experienciadevida.com.ar\/portalurbano\/#website","url":"https:\/\/experienciadevida.com.ar\/portalurbano\/","name":"","description":"","publisher":{"@id":"https:\/\/experienciadevida.com.ar\/portalurbano\/#organization"},"potentialAction":[{"@type":"SearchAction","target":{"@type":"EntryPoint","urlTemplate":"https:\/\/experienciadevida.com.ar\/portalurbano\/?s={search_term_string}"},"query-input":"required name=search_term_string"}],"inLanguage":"es"},{"@type":"Organization","@id":"https:\/\/experienciadevida.com.ar\/portalurbano\/#organization","name":"Portal Urbano","url":"https:\/\/experienciadevida.com.ar\/portalurbano\/","logo":{"@type":"ImageObject","inLanguage":"es","@id":"https:\/\/experienciadevida.com.ar\/portalurbano\/#\/schema\/logo\/image\/","url":"https:\/\/experienciadevida.com.ar\/portalurbano\/wp-content\/uploads\/2019\/09\/Logo-Original.png","contentUrl":"https:\/\/experienciadevida.com.ar\/portalurbano\/wp-content\/uploads\/2019\/09\/Logo-Original.png","width":2236,"height":1216,"caption":"Portal Urbano"},"image":{"@id":"https:\/\/experienciadevida.com.ar\/portalurbano\/#\/schema\/logo\/image\/"},"sameAs":["https:\/\/www.facebook.com\/Portal-Urbano-171542830093757\/","https:\/\/twitter.com\/portalurbanook","https:\/\/www.instagram.com\/_portalurbano\/","https:\/\/www.youtube.com\/channel\/UCXhagIfszH8KxFiOok79zbA?view_as=subscriber"]},{"@type":"Person","@id":"https:\/\/experienciadevida.com.ar\/portalurbano\/#\/schema\/person\/02dd326b1c4b056e9cc972486934a3a7","name":"admpu17wp","image":{"@type":"ImageObject","inLanguage":"es","@id":"https:\/\/experienciadevida.com.ar\/portalurbano\/#\/schema\/person\/image\/","url":"https:\/\/secure.gravatar.com\/avatar\/830d4c57adaae6630765e449a6908047?s=96&d=mm&r=g","contentUrl":"https:\/\/secure.gravatar.com\/avatar\/830d4c57adaae6630765e449a6908047?s=96&d=mm&r=g","caption":"admpu17wp"}}]}},"featured_image_urls":{"full":["https:\/\/experienciadevida.com.ar\/portalurbano\/wp-content\/uploads\/2022\/04\/Sergio-Berni-recibio-en.jpg",1280,894,false],"thumbnail":["https:\/\/experienciadevida.com.ar\/portalurbano\/wp-content\/uploads\/2022\/04\/Sergio-Berni-recibio-en-150x150.jpg",150,150,true],"medium":["https:\/\/experienciadevida.com.ar\/portalurbano\/wp-content\/uploads\/2022\/04\/Sergio-Berni-recibio-en-300x210.jpg",300,210,true],"medium_large":["https:\/\/experienciadevida.com.ar\/portalurbano\/wp-content\/uploads\/2022\/04\/Sergio-Berni-recibio-en-768x536.jpg",640,447,true],"large":["https:\/\/experienciadevida.com.ar\/portalurbano\/wp-content\/uploads\/2022\/04\/Sergio-Berni-recibio-en-1024x715.jpg",640,447,true],"ug_big":["https:\/\/experienciadevida.com.ar\/portalurbano\/wp-content\/uploads\/2022\/04\/Sergio-Berni-recibio-en-768x536.jpg",768,536,true],"1536x1536":["https:\/\/experienciadevida.com.ar\/portalurbano\/wp-content\/uploads\/2022\/04\/Sergio-Berni-recibio-en.jpg",1280,894,false],"2048x2048":["https:\/\/experienciadevida.com.ar\/portalurbano\/wp-content\/uploads\/2022\/04\/Sergio-Berni-recibio-en.jpg",1280,894,false],"newsever-slider-full":["https:\/\/experienciadevida.com.ar\/portalurbano\/wp-content\/uploads\/2022\/04\/Sergio-Berni-recibio-en.jpg",1210,845,false],"newsever-featured":["https:\/\/experienciadevida.com.ar\/portalurbano\/wp-content\/uploads\/2022\/04\/Sergio-Berni-recibio-en.jpg",1024,715,false],"newsever-medium":["https:\/\/experienciadevida.com.ar\/portalurbano\/wp-content\/uploads\/2022\/04\/Sergio-Berni-recibio-en.jpg",680,475,false],"web-stories-poster-portrait":["https:\/\/experienciadevida.com.ar\/portalurbano\/wp-content\/uploads\/2022\/04\/Sergio-Berni-recibio-en.jpg",640,447,false],"web-stories-publisher-logo":["https:\/\/experienciadevida.com.ar\/portalurbano\/wp-content\/uploads\/2022\/04\/Sergio-Berni-recibio-en.jpg",96,67,false],"web-stories-thumbnail":["https:\/\/experienciadevida.com.ar\/portalurbano\/wp-content\/uploads\/2022\/04\/Sergio-Berni-recibio-en.jpg",150,105,false]},"author_info":{"display_name":"admpu17wp","author_link":"https:\/\/experienciadevida.com.ar\/portalurbano\/author\/admpu17wp\/"},"category_info":"<a href=\"https:\/\/experienciadevida.com.ar\/portalurbano\/category\/ciudad\/\" rel=\"category tag\">Ciudad<\/a>","tag_info":"Ciudad","comment_count":"0","amp_enabled":true,"_links":{"self":[{"href":"https:\/\/experienciadevida.com.ar\/portalurbano\/wp-json\/wp\/v2\/posts\/165155"}],"collection":[{"href":"https:\/\/experienciadevida.com.ar\/portalurbano\/wp-json\/wp\/v2\/posts"}],"about":[{"href":"https:\/\/experienciadevida.com.ar\/portalurbano\/wp-json\/wp\/v2\/types\/post"}],"author":[{"embeddable":true,"href":"https:\/\/experienciadevida.com.ar\/portalurbano\/wp-json\/wp\/v2\/users\/1"}],"replies":[{"embeddable":true,"href":"https:\/\/experienciadevida.com.ar\/portalurbano\/wp-json\/wp\/v2\/comments?post=165155"}],"version-history":[{"count":3,"href":"https:\/\/experienciadevida.com.ar\/portalurbano\/wp-json\/wp\/v2\/posts\/165155\/revisions"}],"predecessor-version":[{"id":165160,"href":"https:\/\/experienciadevida.com.ar\/portalurbano\/wp-json\/wp\/v2\/posts\/165155\/revisions\/165160"}],"wp:featuredmedia":[{"embeddable":true,"href":"https:\/\/experienciadevida.com.ar\/portalurbano\/wp-json\/wp\/v2\/media\/165156"}],"wp:attachment":[{"href":"https:\/\/experienciadevida.com.ar\/portalurbano\/wp-json\/wp\/v2\/media?parent=165155"}],"wp:term":[{"taxonomy":"category","embeddable":true,"href":"https:\/\/experienciadevida.com.ar\/portalurbano\/wp-json\/wp\/v2\/categories?post=165155"},{"taxonomy":"post_tag","embeddable":true,"href":"https:\/\/experienciadevida.com.ar\/portalurbano\/wp-json\/wp\/v2\/tags?post=165155"}],"curies":[{"name":"wp","href":"https:\/\/api.w.org\/{rel}","templated":true}]}}