{"id":165144,"date":"2022-04-06T16:18:44","date_gmt":"2022-04-06T19:18:44","guid":{"rendered":"https:\/\/experienciadevida.com.ar\/portalurbano\/?p=165144"},"modified":"2022-04-06T16:23:34","modified_gmt":"2022-04-06T19:23:34","slug":"kicillof-en-el-acto-de-egresados-no-hay-que-venir-con-frases-magicas-sino-que-es-un-trabajo-intenso","status":"publish","type":"post","link":"https:\/\/experienciadevida.com.ar\/portalurbano\/kicillof-en-el-acto-de-egresados-no-hay-que-venir-con-frases-magicas-sino-que-es-un-trabajo-intenso\/","title":{"rendered":"Kicillof en el acto de egresados: &#8220;No hay que venir con frases m\u00e1gicas, sino que es un trabajo intenso&#8221;"},"content":{"rendered":"<p><a href=\"https:\/\/www.instagram.com\/kicillofok\/?hl=es-la\">Kicillof<\/a> en el acto de egresados: &#8220;No hay que venir con frases m\u00e1gicas, sino que es un trabajo intenso&#8221;, as\u00ed lo dijo en rueda de prensa con los medios de comunicaci\u00f3n presentes, acompa\u00f1ado de Sergio Berni.<\/p>\n<p><a href=\"https:\/\/experienciadevida.com.ar\/portalurbano\/kicillof-en-el-acto-de-egresados-no-hay-que-venir-con-frases-magicas-sino-que-es-un-trabajo-intenso\/kicillof-24\/\" rel=\"attachment wp-att-165151\"><img decoding=\"async\" class=\"alignnone size-full wp-image-165151\" src=\"https:\/\/experienciadevida.com.ar\/portalurbano\/wp-content\/uploads\/2022\/04\/Kicillof-1.jpg\" alt=\"Kicillof \" width=\"765\" height=\"510\" srcset=\"https:\/\/experienciadevida.com.ar\/portalurbano\/wp-content\/uploads\/2022\/04\/Kicillof-1.jpg 765w, https:\/\/experienciadevida.com.ar\/portalurbano\/wp-content\/uploads\/2022\/04\/Kicillof-1-300x200.jpg 300w\" sizes=\"(max-width: 765px) 100vw, 765px\" \/><\/a><\/p>\n<p>El primero en tomar la palabra ante la pregunta de los periodistas fue el Gobernador de la provincia de Buenos Aires, Axel Kicillof, quien dijo <em>&#8220;fue un egreso importante, porque por la pandemia fue dif\u00edcil, la formaci\u00f3n en todas las especialidades, en las escuelas, universidades, en la formaci\u00f3n tambi\u00e9n de nuestra fuerza de seguridad, pero tiene\u00a0 el condimento que lo convierte en un d\u00eda \u00fanico, esta <strong>es la primera promoci\u00f3n de un cuerpo nuevo\u00a0<\/strong>que tiene la polic\u00eda de la provincia de Buenos Aires que es el cuerpo polic\u00eda rural, la escuela de formaci\u00f3n para la polic\u00eda rural que ha tenido un entrenamiento muy riguroso y m\u00e1s espec\u00edfico, una preparaci\u00f3n espec\u00edfica para los delitos rurales, que no son lo mismo que los delitos urbanos que no tienen la misma naturaleza&#8221;.\u00a0<\/em><\/p>\n<p><em>&#8220;La provincia de Buenos Aires tiene 135 distritos y 100 tienen un peso de lo rural que hacen que uno se pregunte porque nunca se hab\u00eda preparado algo especial para los delitos rurales, hay muchas particularidades, el equipo de Berni viene haciendo un trabajo muy intenso y profundo en la transformaci\u00f3n general de la formaci\u00f3n de nuestros agentes de polic\u00edas, hubo una \u00e9poca donde se los formaba en 6 meses y sal\u00edan a la calle con un arma, no hab\u00eda ni pr\u00e1ctica de tiro ni de manejo, ni preparaci\u00f3n especial&#8221;.\u00a0<\/em><\/p>\n<p>Por otro lado mencion\u00f3 <em>&#8220;es una formaci\u00f3n que no se puede hacer en seis meses, porque despu\u00e9s se lamentan los resultados, falta de entrenamiento, formaci\u00f3n, preparaci\u00f3n en t\u00e9rminos de lo que se conoce como esp\u00edritu de cuerpo, de pertenencia a la fuerza, orgullo, est\u00e1 tan golpeada la polic\u00eda de la provincia de Buenos Aires que estamos trabajando para devaluarle esa confiabilidad y ese cr\u00e9dito que hist\u00f3ricamente tuvo, <strong>no hay que venir con frases m\u00e1gicas sino que es un trabajo intenso de mucho tiempo,\u00a0<\/strong>es gente que viene de \u00e1mbitos rurales, es un hecho que va a cambiar la historia de la instituci\u00f3n&#8221;.\u00a0<\/em><\/p>\n<p>Ante la pregunta de los medios con respecto a que la situaci\u00f3n social no da para m\u00e1s y de que los salarios no alcanzan para comprar los alimentos por el aumento de los precios, Kicillof expres\u00f3<em> &#8221; Dije lo contrario yo se que se me cort\u00f3 esa parte, lo que dije b\u00e1sicamente es que nosotros venimos de atravesar 4 a\u00f1os de macrismo, y Vidal en la provincia y para que no piensen que \u00e9sta es una cuesti\u00f3n pol\u00edtica sino una respuesta econ\u00f3mica a lo que me preguntaron.\u00a0 En ese per\u00edodo de tiempo cayeron un 20% los salarios, se increment\u00f3 el desempleo, y la pobreza,\u00a0 \u00a0luego vino la pandemia que deton\u00f3 las econom\u00edas mundiales, cuando la pandemia empez\u00f3 a aflojar no por imperio de cuestiones milagrosas sino porque vacunamos como en pocos lugares del mundo, en la provincia de buenos aires si fuera un pa\u00eds ser\u00eda el cuarto pa\u00eds m\u00e1s vacunado del planeta, fue un esfuerzo tremendo la campa\u00f1a de vacunaci\u00f3n habiendo terminada la campa\u00f1a de vacunaci\u00f3n hoy estamos en otras condiciones hab\u00eda que empezar un proceso de recuperaci\u00f3n del trabajo, empresas que se perdieron en la pandemia y en el macrismo, recuperaci\u00f3n del salario, ingresos, y ahora se desata una guerra en Europa que gener\u00f3 un terremoto de precios en los alimentos&#8221;.<\/em><\/p>\n<p><em>&#8220;Hay que dedicarse a que la cuesti\u00f3n alimentaria est\u00e9 cubierta, y por eso hay que tomar medidas yo simplemente dije que los aumentos que se est\u00e1n dando, muchos tienen que ver con lo que pas\u00f3 en Ucrania, eso hizo un verdadero desastre en los mercados mundiales entonces empezaron a subir los precios, y no se puede aumentar los precios. Llam\u00e9 la atenci\u00f3n de que hay que tomar las medidas necesarias para cuidar a los argentinos que es para los que nos votaron y los que no&#8221;.<\/em><\/p>\n<p>Por otro lado dijo &#8220;<em>Cuando vine la otra vez y entregu\u00e9 patrullas las anteriores eran un desastre no hab\u00edan invertido en nada, venimos de una \u00e9poca donde nos dejaron detonado todo, el sueldo de los polic\u00edas cay\u00f3 un 25% con Vidal, nosotros venimos a revertir esa situaci\u00f3n que es complejo. En seguridad tenemos una inversi\u00f3n que no se hac\u00eda desde hace mucho tiempo no s\u00f3lo en veh\u00edculos sino en formar polic\u00edas para necesidades espec\u00edficas, y cuadros de la direcci\u00f3n de la polic\u00eda de la provincia, necesitamos profesionalizar la fuerza&#8221;.<\/em><\/p>\n<p>Luego Berni coment\u00f3 &#8221; <em>el gobernador ha sido claro en todo lo que dijo hay que agregarle el fondo de seguridad que el gobernador ha destinado en los 135 municipios para este a\u00f1o que van a contribuir entre otras tantas cosas a mejorar el sistema de patrullaje, en Olavarr\u00eda la semana que viene o la pr\u00f3xima renovaremos la flota de los patrulleros urbanos, y hacer el acuerdo con el Intendente que con ese fondo que le estamos mandando de refuerzo de seguridad para arreglar los patrulleros que se puedan arreglar&#8221;.<\/em><\/p>\n<p><a href=\"https:\/\/experienciadevida.com.ar\/portalurbano\/kicillof-en-el-acto-de-egresados-no-hay-que-venir-con-frases-magicas-sino-que-es-un-trabajo-intenso\/en-9\/\" rel=\"attachment wp-att-165153\"><img decoding=\"async\" class=\"alignnone size-full wp-image-165153\" src=\"https:\/\/experienciadevida.com.ar\/portalurbano\/wp-content\/uploads\/2022\/04\/en-2.jpg\" alt=\"en \" width=\"765\" height=\"510\" srcset=\"https:\/\/experienciadevida.com.ar\/portalurbano\/wp-content\/uploads\/2022\/04\/en-2.jpg 765w, https:\/\/experienciadevida.com.ar\/portalurbano\/wp-content\/uploads\/2022\/04\/en-2-300x200.jpg 300w\" sizes=\"(max-width: 765px) 100vw, 765px\" \/><\/a><\/p>\n<p><em>&#8220;Los n\u00fameros son muy contundentes baj\u00f3 el homicidio 17%, 16% el hurto, los asaltos bajaron un 37%, el robo del automotor 40%. Esto nos indica que se ven los resultados pero tenemos un largo camino para trabajar\u00a0 y mejorar&#8221;.<\/em><\/p>\n","protected":false},"excerpt":{"rendered":"<p>Kicillof en el acto de egresados: &#8220;No hay que venir con frases m\u00e1gicas, sino que&#8230;<\/p>\n","protected":false},"author":1,"featured_media":165145,"comment_status":"closed","ping_status":"closed","sticky":false,"template":"","format":"standard","meta":{"content-type":""},"categories":[27,64],"tags":[],"nelio_content":{"isAutoShareEnabled":false,"autoShareEndMode":"default","automationSources":{"useContentSentences":true,"useSocialTemplates":true,"useCustomSentences":false,"customSentences":[]},"followers":[1],"suggestedReferences":[],"includedReferences":["https:\/\/www.instagram.com\/kicillofok\/?hl=es-la"],"efiUrl":"","efiAlt":"","highlights":[]},"yoast_head":"<!-- This site is optimized with the Yoast SEO plugin v20.7 - https:\/\/yoast.com\/wordpress\/plugins\/seo\/ -->\n<title>Kicillof en el acto de egresados: &quot;No hay que venir con frases m\u00e1gicas&quot;<\/title>\n<meta name=\"description\" content=\"Kicillof en el acto de egresados: &quot;No hay que venir con frases m\u00e1gicas, sino que es un trabajo intenso&quot;, as\u00ed lo dijo en rueda de prensa\" \/>\n<meta name=\"robots\" content=\"index, follow, max-snippet:-1, max-image-preview:large, max-video-preview:-1\" \/>\n<link rel=\"canonical\" href=\"https:\/\/experienciadevida.com.ar\/portalurbano\/kicillof-en-el-acto-de-egresados-no-hay-que-venir-con-frases-magicas-sino-que-es-un-trabajo-intenso\/\" \/>\n<meta property=\"og:locale\" content=\"es_ES\" \/>\n<meta property=\"og:type\" content=\"article\" \/>\n<meta property=\"og:title\" content=\"Kicillof en el acto de egresados: &quot;No hay que venir con frases m\u00e1gicas&quot;\" \/>\n<meta property=\"og:description\" content=\"Kicillof en el acto de egresados: &quot;No hay que venir con frases m\u00e1gicas, sino que es un trabajo intenso&quot;, as\u00ed lo dijo en rueda de prensa\" \/>\n<meta property=\"og:url\" content=\"https:\/\/experienciadevida.com.ar\/portalurbano\/kicillof-en-el-acto-de-egresados-no-hay-que-venir-con-frases-magicas-sino-que-es-un-trabajo-intenso\/\" \/>\n<meta property=\"article:publisher\" content=\"https:\/\/www.facebook.com\/Portal-Urbano-171542830093757\/\" \/>\n<meta property=\"article:published_time\" content=\"2022-04-06T19:18:44+00:00\" \/>\n<meta property=\"article:modified_time\" content=\"2022-04-06T19:23:34+00:00\" \/>\n<meta property=\"og:image\" content=\"https:\/\/experienciadevida.com.ar\/portalurbano\/wp-content\/uploads\/2022\/04\/Kicillof-en-el-acto-de.jpg\" \/>\n\t<meta property=\"og:image:width\" content=\"765\" \/>\n\t<meta property=\"og:image:height\" content=\"510\" \/>\n\t<meta property=\"og:image:type\" content=\"image\/jpeg\" \/>\n<meta name=\"author\" content=\"admpu17wp\" \/>\n<meta name=\"twitter:card\" content=\"summary_large_image\" \/>\n<meta name=\"twitter:creator\" content=\"@portalurbanook\" \/>\n<meta name=\"twitter:site\" content=\"@portalurbanook\" \/>\n<meta name=\"twitter:label1\" content=\"Escrito por\" \/>\n\t<meta name=\"twitter:data1\" content=\"admpu17wp\" \/>\n\t<meta name=\"twitter:label2\" content=\"Tiempo de lectura\" \/>\n\t<meta name=\"twitter:data2\" content=\"5 minutos\" \/>\n<script type=\"application\/ld+json\" class=\"yoast-schema-graph\">{\"@context\":\"https:\/\/schema.org\",\"@graph\":[{\"@type\":\"Article\",\"@id\":\"https:\/\/experienciadevida.com.ar\/portalurbano\/kicillof-en-el-acto-de-egresados-no-hay-que-venir-con-frases-magicas-sino-que-es-un-trabajo-intenso\/#article\",\"isPartOf\":{\"@id\":\"https:\/\/experienciadevida.com.ar\/portalurbano\/kicillof-en-el-acto-de-egresados-no-hay-que-venir-con-frases-magicas-sino-que-es-un-trabajo-intenso\/\"},\"author\":{\"name\":\"admpu17wp\",\"@id\":\"https:\/\/experienciadevida.com.ar\/portalurbano\/#\/schema\/person\/02dd326b1c4b056e9cc972486934a3a7\"},\"headline\":\"Kicillof en el acto de egresados: &#8220;No hay que venir con frases m\u00e1gicas, sino que es un trabajo intenso&#8221;\",\"datePublished\":\"2022-04-06T19:18:44+00:00\",\"dateModified\":\"2022-04-06T19:23:34+00:00\",\"mainEntityOfPage\":{\"@id\":\"https:\/\/experienciadevida.com.ar\/portalurbano\/kicillof-en-el-acto-de-egresados-no-hay-que-venir-con-frases-magicas-sino-que-es-un-trabajo-intenso\/\"},\"wordCount\":955,\"publisher\":{\"@id\":\"https:\/\/experienciadevida.com.ar\/portalurbano\/#organization\"},\"articleSection\":[\"Ciudad\",\"Destacadas 2\"],\"inLanguage\":\"es\"},{\"@type\":\"WebPage\",\"@id\":\"https:\/\/experienciadevida.com.ar\/portalurbano\/kicillof-en-el-acto-de-egresados-no-hay-que-venir-con-frases-magicas-sino-que-es-un-trabajo-intenso\/\",\"url\":\"https:\/\/experienciadevida.com.ar\/portalurbano\/kicillof-en-el-acto-de-egresados-no-hay-que-venir-con-frases-magicas-sino-que-es-un-trabajo-intenso\/\",\"name\":\"Kicillof en el acto de egresados: \\\"No hay que venir con frases m\u00e1gicas\\\"\",\"isPartOf\":{\"@id\":\"https:\/\/experienciadevida.com.ar\/portalurbano\/#website\"},\"datePublished\":\"2022-04-06T19:18:44+00:00\",\"dateModified\":\"2022-04-06T19:23:34+00:00\",\"description\":\"Kicillof en el acto de egresados: \\\"No hay que venir con frases m\u00e1gicas, sino que es un trabajo intenso\\\", as\u00ed lo dijo en rueda de prensa\",\"breadcrumb\":{\"@id\":\"https:\/\/experienciadevida.com.ar\/portalurbano\/kicillof-en-el-acto-de-egresados-no-hay-que-venir-con-frases-magicas-sino-que-es-un-trabajo-intenso\/#breadcrumb\"},\"inLanguage\":\"es\",\"potentialAction\":[{\"@type\":\"ReadAction\",\"target\":[\"https:\/\/experienciadevida.com.ar\/portalurbano\/kicillof-en-el-acto-de-egresados-no-hay-que-venir-con-frases-magicas-sino-que-es-un-trabajo-intenso\/\"]}]},{\"@type\":\"BreadcrumbList\",\"@id\":\"https:\/\/experienciadevida.com.ar\/portalurbano\/kicillof-en-el-acto-de-egresados-no-hay-que-venir-con-frases-magicas-sino-que-es-un-trabajo-intenso\/#breadcrumb\",\"itemListElement\":[{\"@type\":\"ListItem\",\"position\":1,\"name\":\"Portada\",\"item\":\"https:\/\/experienciadevida.com.ar\/portalurbano\/\"},{\"@type\":\"ListItem\",\"position\":2,\"name\":\"Kicillof en el acto de egresados: \u00abNo hay que venir con frases m\u00e1gicas, sino que es un trabajo intenso\u00bb\"}]},{\"@type\":\"WebSite\",\"@id\":\"https:\/\/experienciadevida.com.ar\/portalurbano\/#website\",\"url\":\"https:\/\/experienciadevida.com.ar\/portalurbano\/\",\"name\":\"\",\"description\":\"\",\"publisher\":{\"@id\":\"https:\/\/experienciadevida.com.ar\/portalurbano\/#organization\"},\"potentialAction\":[{\"@type\":\"SearchAction\",\"target\":{\"@type\":\"EntryPoint\",\"urlTemplate\":\"https:\/\/experienciadevida.com.ar\/portalurbano\/?s={search_term_string}\"},\"query-input\":\"required name=search_term_string\"}],\"inLanguage\":\"es\"},{\"@type\":\"Organization\",\"@id\":\"https:\/\/experienciadevida.com.ar\/portalurbano\/#organization\",\"name\":\"Portal Urbano\",\"url\":\"https:\/\/experienciadevida.com.ar\/portalurbano\/\",\"logo\":{\"@type\":\"ImageObject\",\"inLanguage\":\"es\",\"@id\":\"https:\/\/experienciadevida.com.ar\/portalurbano\/#\/schema\/logo\/image\/\",\"url\":\"https:\/\/experienciadevida.com.ar\/portalurbano\/wp-content\/uploads\/2019\/09\/Logo-Original.png\",\"contentUrl\":\"https:\/\/experienciadevida.com.ar\/portalurbano\/wp-content\/uploads\/2019\/09\/Logo-Original.png\",\"width\":2236,\"height\":1216,\"caption\":\"Portal Urbano\"},\"image\":{\"@id\":\"https:\/\/experienciadevida.com.ar\/portalurbano\/#\/schema\/logo\/image\/\"},\"sameAs\":[\"https:\/\/www.facebook.com\/Portal-Urbano-171542830093757\/\",\"https:\/\/twitter.com\/portalurbanook\",\"https:\/\/www.instagram.com\/_portalurbano\/\",\"https:\/\/www.youtube.com\/channel\/UCXhagIfszH8KxFiOok79zbA?view_as=subscriber\"]},{\"@type\":\"Person\",\"@id\":\"https:\/\/experienciadevida.com.ar\/portalurbano\/#\/schema\/person\/02dd326b1c4b056e9cc972486934a3a7\",\"name\":\"admpu17wp\",\"image\":{\"@type\":\"ImageObject\",\"inLanguage\":\"es\",\"@id\":\"https:\/\/experienciadevida.com.ar\/portalurbano\/#\/schema\/person\/image\/\",\"url\":\"https:\/\/secure.gravatar.com\/avatar\/830d4c57adaae6630765e449a6908047?s=96&d=mm&r=g\",\"contentUrl\":\"https:\/\/secure.gravatar.com\/avatar\/830d4c57adaae6630765e449a6908047?s=96&d=mm&r=g\",\"caption\":\"admpu17wp\"}}]}<\/script>\n<!-- \/ Yoast SEO plugin. -->","yoast_head_json":{"title":"Kicillof en el acto de egresados: \"No hay que venir con frases m\u00e1gicas\"","description":"Kicillof en el acto de egresados: \"No hay que venir con frases m\u00e1gicas, sino que es un trabajo intenso\", as\u00ed lo dijo en rueda de prensa","robots":{"index":"index","follow":"follow","max-snippet":"max-snippet:-1","max-image-preview":"max-image-preview:large","max-video-preview":"max-video-preview:-1"},"canonical":"https:\/\/experienciadevida.com.ar\/portalurbano\/kicillof-en-el-acto-de-egresados-no-hay-que-venir-con-frases-magicas-sino-que-es-un-trabajo-intenso\/","og_locale":"es_ES","og_type":"article","og_title":"Kicillof en el acto de egresados: \"No hay que venir con frases m\u00e1gicas\"","og_description":"Kicillof en el acto de egresados: \"No hay que venir con frases m\u00e1gicas, sino que es un trabajo intenso\", as\u00ed lo dijo en rueda de prensa","og_url":"https:\/\/experienciadevida.com.ar\/portalurbano\/kicillof-en-el-acto-de-egresados-no-hay-que-venir-con-frases-magicas-sino-que-es-un-trabajo-intenso\/","article_publisher":"https:\/\/www.facebook.com\/Portal-Urbano-171542830093757\/","article_published_time":"2022-04-06T19:18:44+00:00","article_modified_time":"2022-04-06T19:23:34+00:00","og_image":[{"width":765,"height":510,"url":"https:\/\/experienciadevida.com.ar\/portalurbano\/wp-content\/uploads\/2022\/04\/Kicillof-en-el-acto-de.jpg","type":"image\/jpeg"}],"author":"admpu17wp","twitter_card":"summary_large_image","twitter_creator":"@portalurbanook","twitter_site":"@portalurbanook","twitter_misc":{"Escrito por":"admpu17wp","Tiempo de lectura":"5 minutos"},"schema":{"@context":"https:\/\/schema.org","@graph":[{"@type":"Article","@id":"https:\/\/experienciadevida.com.ar\/portalurbano\/kicillof-en-el-acto-de-egresados-no-hay-que-venir-con-frases-magicas-sino-que-es-un-trabajo-intenso\/#article","isPartOf":{"@id":"https:\/\/experienciadevida.com.ar\/portalurbano\/kicillof-en-el-acto-de-egresados-no-hay-que-venir-con-frases-magicas-sino-que-es-un-trabajo-intenso\/"},"author":{"name":"admpu17wp","@id":"https:\/\/experienciadevida.com.ar\/portalurbano\/#\/schema\/person\/02dd326b1c4b056e9cc972486934a3a7"},"headline":"Kicillof en el acto de egresados: &#8220;No hay que venir con frases m\u00e1gicas, sino que es un trabajo intenso&#8221;","datePublished":"2022-04-06T19:18:44+00:00","dateModified":"2022-04-06T19:23:34+00:00","mainEntityOfPage":{"@id":"https:\/\/experienciadevida.com.ar\/portalurbano\/kicillof-en-el-acto-de-egresados-no-hay-que-venir-con-frases-magicas-sino-que-es-un-trabajo-intenso\/"},"wordCount":955,"publisher":{"@id":"https:\/\/experienciadevida.com.ar\/portalurbano\/#organization"},"articleSection":["Ciudad","Destacadas 2"],"inLanguage":"es"},{"@type":"WebPage","@id":"https:\/\/experienciadevida.com.ar\/portalurbano\/kicillof-en-el-acto-de-egresados-no-hay-que-venir-con-frases-magicas-sino-que-es-un-trabajo-intenso\/","url":"https:\/\/experienciadevida.com.ar\/portalurbano\/kicillof-en-el-acto-de-egresados-no-hay-que-venir-con-frases-magicas-sino-que-es-un-trabajo-intenso\/","name":"Kicillof en el acto de egresados: \"No hay que venir con frases m\u00e1gicas\"","isPartOf":{"@id":"https:\/\/experienciadevida.com.ar\/portalurbano\/#website"},"datePublished":"2022-04-06T19:18:44+00:00","dateModified":"2022-04-06T19:23:34+00:00","description":"Kicillof en el acto de egresados: \"No hay que venir con frases m\u00e1gicas, sino que es un trabajo intenso\", as\u00ed lo dijo en rueda de prensa","breadcrumb":{"@id":"https:\/\/experienciadevida.com.ar\/portalurbano\/kicillof-en-el-acto-de-egresados-no-hay-que-venir-con-frases-magicas-sino-que-es-un-trabajo-intenso\/#breadcrumb"},"inLanguage":"es","potentialAction":[{"@type":"ReadAction","target":["https:\/\/experienciadevida.com.ar\/portalurbano\/kicillof-en-el-acto-de-egresados-no-hay-que-venir-con-frases-magicas-sino-que-es-un-trabajo-intenso\/"]}]},{"@type":"BreadcrumbList","@id":"https:\/\/experienciadevida.com.ar\/portalurbano\/kicillof-en-el-acto-de-egresados-no-hay-que-venir-con-frases-magicas-sino-que-es-un-trabajo-intenso\/#breadcrumb","itemListElement":[{"@type":"ListItem","position":1,"name":"Portada","item":"https:\/\/experienciadevida.com.ar\/portalurbano\/"},{"@type":"ListItem","position":2,"name":"Kicillof en el acto de egresados: \u00abNo hay que venir con frases m\u00e1gicas, sino que es un trabajo intenso\u00bb"}]},{"@type":"WebSite","@id":"https:\/\/experienciadevida.com.ar\/portalurbano\/#website","url":"https:\/\/experienciadevida.com.ar\/portalurbano\/","name":"","description":"","publisher":{"@id":"https:\/\/experienciadevida.com.ar\/portalurbano\/#organization"},"potentialAction":[{"@type":"SearchAction","target":{"@type":"EntryPoint","urlTemplate":"https:\/\/experienciadevida.com.ar\/portalurbano\/?s={search_term_string}"},"query-input":"required name=search_term_string"}],"inLanguage":"es"},{"@type":"Organization","@id":"https:\/\/experienciadevida.com.ar\/portalurbano\/#organization","name":"Portal Urbano","url":"https:\/\/experienciadevida.com.ar\/portalurbano\/","logo":{"@type":"ImageObject","inLanguage":"es","@id":"https:\/\/experienciadevida.com.ar\/portalurbano\/#\/schema\/logo\/image\/","url":"https:\/\/experienciadevida.com.ar\/portalurbano\/wp-content\/uploads\/2019\/09\/Logo-Original.png","contentUrl":"https:\/\/experienciadevida.com.ar\/portalurbano\/wp-content\/uploads\/2019\/09\/Logo-Original.png","width":2236,"height":1216,"caption":"Portal Urbano"},"image":{"@id":"https:\/\/experienciadevida.com.ar\/portalurbano\/#\/schema\/logo\/image\/"},"sameAs":["https:\/\/www.facebook.com\/Portal-Urbano-171542830093757\/","https:\/\/twitter.com\/portalurbanook","https:\/\/www.instagram.com\/_portalurbano\/","https:\/\/www.youtube.com\/channel\/UCXhagIfszH8KxFiOok79zbA?view_as=subscriber"]},{"@type":"Person","@id":"https:\/\/experienciadevida.com.ar\/portalurbano\/#\/schema\/person\/02dd326b1c4b056e9cc972486934a3a7","name":"admpu17wp","image":{"@type":"ImageObject","inLanguage":"es","@id":"https:\/\/experienciadevida.com.ar\/portalurbano\/#\/schema\/person\/image\/","url":"https:\/\/secure.gravatar.com\/avatar\/830d4c57adaae6630765e449a6908047?s=96&d=mm&r=g","contentUrl":"https:\/\/secure.gravatar.com\/avatar\/830d4c57adaae6630765e449a6908047?s=96&d=mm&r=g","caption":"admpu17wp"}}]}},"featured_image_urls":{"full":["https:\/\/experienciadevida.com.ar\/portalurbano\/wp-content\/uploads\/2022\/04\/Kicillof-en-el-acto-de.jpg",765,510,false],"thumbnail":["https:\/\/experienciadevida.com.ar\/portalurbano\/wp-content\/uploads\/2022\/04\/Kicillof-en-el-acto-de-150x150.jpg",150,150,true],"medium":["https:\/\/experienciadevida.com.ar\/portalurbano\/wp-content\/uploads\/2022\/04\/Kicillof-en-el-acto-de-300x200.jpg",300,200,true],"medium_large":["https:\/\/experienciadevida.com.ar\/portalurbano\/wp-content\/uploads\/2022\/04\/Kicillof-en-el-acto-de.jpg",640,427,false],"large":["https:\/\/experienciadevida.com.ar\/portalurbano\/wp-content\/uploads\/2022\/04\/Kicillof-en-el-acto-de.jpg",640,427,false],"ug_big":["https:\/\/experienciadevida.com.ar\/portalurbano\/wp-content\/uploads\/2022\/04\/Kicillof-en-el-acto-de.jpg",765,510,false],"1536x1536":["https:\/\/experienciadevida.com.ar\/portalurbano\/wp-content\/uploads\/2022\/04\/Kicillof-en-el-acto-de.jpg",765,510,false],"2048x2048":["https:\/\/experienciadevida.com.ar\/portalurbano\/wp-content\/uploads\/2022\/04\/Kicillof-en-el-acto-de.jpg",765,510,false],"newsever-slider-full":["https:\/\/experienciadevida.com.ar\/portalurbano\/wp-content\/uploads\/2022\/04\/Kicillof-en-el-acto-de.jpg",765,510,false],"newsever-featured":["https:\/\/experienciadevida.com.ar\/portalurbano\/wp-content\/uploads\/2022\/04\/Kicillof-en-el-acto-de.jpg",765,510,false],"newsever-medium":["https:\/\/experienciadevida.com.ar\/portalurbano\/wp-content\/uploads\/2022\/04\/Kicillof-en-el-acto-de.jpg",713,475,false],"web-stories-poster-portrait":["https:\/\/experienciadevida.com.ar\/portalurbano\/wp-content\/uploads\/2022\/04\/Kicillof-en-el-acto-de.jpg",640,427,false],"web-stories-publisher-logo":["https:\/\/experienciadevida.com.ar\/portalurbano\/wp-content\/uploads\/2022\/04\/Kicillof-en-el-acto-de.jpg",96,64,false],"web-stories-thumbnail":["https:\/\/experienciadevida.com.ar\/portalurbano\/wp-content\/uploads\/2022\/04\/Kicillof-en-el-acto-de.jpg",150,100,false]},"author_info":{"display_name":"admpu17wp","author_link":"https:\/\/experienciadevida.com.ar\/portalurbano\/author\/admpu17wp\/"},"category_info":"<a href=\"https:\/\/experienciadevida.com.ar\/portalurbano\/category\/ciudad\/\" rel=\"category tag\">Ciudad<\/a> <a href=\"https:\/\/experienciadevida.com.ar\/portalurbano\/category\/destacadas-2\/\" rel=\"category tag\">Destacadas 2<\/a>","tag_info":"Destacadas 2","comment_count":"0","amp_enabled":true,"_links":{"self":[{"href":"https:\/\/experienciadevida.com.ar\/portalurbano\/wp-json\/wp\/v2\/posts\/165144"}],"collection":[{"href":"https:\/\/experienciadevida.com.ar\/portalurbano\/wp-json\/wp\/v2\/posts"}],"about":[{"href":"https:\/\/experienciadevida.com.ar\/portalurbano\/wp-json\/wp\/v2\/types\/post"}],"author":[{"embeddable":true,"href":"https:\/\/experienciadevida.com.ar\/portalurbano\/wp-json\/wp\/v2\/users\/1"}],"replies":[{"embeddable":true,"href":"https:\/\/experienciadevida.com.ar\/portalurbano\/wp-json\/wp\/v2\/comments?post=165144"}],"version-history":[{"count":7,"href":"https:\/\/experienciadevida.com.ar\/portalurbano\/wp-json\/wp\/v2\/posts\/165144\/revisions"}],"predecessor-version":[{"id":165154,"href":"https:\/\/experienciadevida.com.ar\/portalurbano\/wp-json\/wp\/v2\/posts\/165144\/revisions\/165154"}],"wp:featuredmedia":[{"embeddable":true,"href":"https:\/\/experienciadevida.com.ar\/portalurbano\/wp-json\/wp\/v2\/media\/165145"}],"wp:attachment":[{"href":"https:\/\/experienciadevida.com.ar\/portalurbano\/wp-json\/wp\/v2\/media?parent=165144"}],"wp:term":[{"taxonomy":"category","embeddable":true,"href":"https:\/\/experienciadevida.com.ar\/portalurbano\/wp-json\/wp\/v2\/categories?post=165144"},{"taxonomy":"post_tag","embeddable":true,"href":"https:\/\/experienciadevida.com.ar\/portalurbano\/wp-json\/wp\/v2\/tags?post=165144"}],"curies":[{"name":"wp","href":"https:\/\/api.w.org\/{rel}","templated":true}]}}