{"id":165096,"date":"2022-04-06T13:45:49","date_gmt":"2022-04-06T16:45:49","guid":{"rendered":"https:\/\/experienciadevida.com.ar\/portalurbano\/?p=165096"},"modified":"2022-04-06T14:58:15","modified_gmt":"2022-04-06T17:58:15","slug":"kicillof-y-berni-encabezaron-el-acto-de-egreso-de-mas-de-900-policias-rurales","status":"publish","type":"post","link":"https:\/\/experienciadevida.com.ar\/portalurbano\/kicillof-y-berni-encabezaron-el-acto-de-egreso-de-mas-de-900-policias-rurales\/","title":{"rendered":"Kicillof y Berni encabezaron el acto de egreso de m\u00e1s de 900 polic\u00edas rurales"},"content":{"rendered":"<p><a href=\"https:\/\/www.instagram.com\/kicillofok\/?hl=es-la\">Kicillof<\/a> y <a href=\"https:\/\/www.instagram.com\/sergioberniarg\/?hl=es-la\">Berni<\/a> encabezaron el acto de egreso de m\u00e1s de 900 polic\u00edas rurales, fue en la ma\u00f1ana de este mi\u00e9rcoles en la escuela de polic\u00eda Juan Vucetich con sede en la localidad de Loma Negra, el acto comenz\u00f3 alrededor de las 11:30hs. Ambos estuvieron acompa\u00f1ados de la Ministra de Gobierno Cristina \u00c1lvarez Rodr\u00edguez.<\/p>\n<p>El acto de egreso de los polic\u00edas rurales hab\u00eda sido convocado para las 10 de la ma\u00f1ana, \u00e9ste comenz\u00f3 alrededor de las 11:30hs. Previo a comenzar el acto y tomar la palabra Sergio Berni y el Gobernador de la Provincia de Buenos Aires, se enton\u00f3 el himno nacional Argentino\u00a0 con un minuto de silencio adem\u00e1s de una invocaci\u00f3n religiosa y bendici\u00f3n.<\/p>\n<p>Posteriormente se les entreg\u00f3 distinciones a Esteban Fabi\u00e1n Acosta, primer promedio general de la primera corte, y a Araon Agustin Vidal, primer promedio general de la segunda corte, y se proyect\u00f3 un video institucional.<\/p>\n<p><a href=\"https:\/\/experienciadevida.com.ar\/portalurbano\/kicillof-y-berni-encabezaron-el-acto-de-egreso-de-mas-de-900-policias-rurales\/kicillof-y-berni\/\" rel=\"attachment wp-att-165100\"><img decoding=\"async\" class=\"alignnone size-full wp-image-165100\" src=\"https:\/\/experienciadevida.com.ar\/portalurbano\/wp-content\/uploads\/2022\/04\/Kicillof-y-Berni.jpg\" alt=\"Kicillof y Berni\" width=\"765\" height=\"510\" srcset=\"https:\/\/experienciadevida.com.ar\/portalurbano\/wp-content\/uploads\/2022\/04\/Kicillof-y-Berni.jpg 765w, https:\/\/experienciadevida.com.ar\/portalurbano\/wp-content\/uploads\/2022\/04\/Kicillof-y-Berni-300x200.jpg 300w\" sizes=\"(max-width: 765px) 100vw, 765px\" \/><\/a><\/p>\n<p>Luego el primero en tomar la palabra fue Sergio Berni, &#8220;hoy es un d\u00eda muy especial para nosotros, una vez m\u00e1s venimos a saldar nuestra palabra empe\u00f1ada, una vez m\u00e1s venimos a generar respuestas de fondo a un problema estructural en la provincia de Buenos Aires, recuerdo como el Gobernador recorr\u00eda permanentemente la provincia de buenos aires, en los primeros meses de gesti\u00f3n y el gran reclamo de los hombres y mujeres productores de nuestra provincia de Buenos Aires era la gran falencia en materia de seguridad rural. El Gobernador tom\u00f3 un compromiso\u00a0 y hoy ese compromiso lo vemos nuevamente materializado&#8221;.<\/p>\n<p><a href=\"https:\/\/experienciadevida.com.ar\/portalurbano\/kicillof-y-berni-encabezaron-el-acto-de-egreso-de-mas-de-900-policias-rurales\/kicillof-2\/\" rel=\"attachment wp-att-165101\"><img decoding=\"async\" class=\"alignnone size-full wp-image-165101\" src=\"https:\/\/experienciadevida.com.ar\/portalurbano\/wp-content\/uploads\/2022\/04\/Kicillof.jpg\" alt=\"\" width=\"765\" height=\"510\" srcset=\"https:\/\/experienciadevida.com.ar\/portalurbano\/wp-content\/uploads\/2022\/04\/Kicillof.jpg 765w, https:\/\/experienciadevida.com.ar\/portalurbano\/wp-content\/uploads\/2022\/04\/Kicillof-300x200.jpg 300w\" sizes=\"(max-width: 765px) 100vw, 765px\" \/><\/a><\/p>\n<p>Prosigui\u00f3 &#8220;no tengo ninguna duda de que se generaron los comandos de prevenci\u00f3n rural hace m\u00e1s de diez a\u00f1os, \u00e9sta es la primera y \u00fanica pol\u00edtica importante\u00a0 en materia de seguridad rural, el Gobernador tom\u00f3 el compromiso no solamente de reforzar la seguridad rural sino de crear un cuerpo especial, una escuela especial que se dedique a los delitos rurales. Parec\u00eda una utop\u00eda, recuerdo en plena pandemia cuando v\u00eda zoom nos reunimos con productores rurales, todas las agrupaciones del campo y todos estaban muy satisfechos y contentos pero muy incr\u00e9dulos, porque no cre\u00edan que lo pod\u00edamos llevar adelante. Y as\u00ed fue c\u00f3mo el Gobernador dio la orden y as\u00ed fue c\u00f3mo se cre\u00f3 la especialidad de polic\u00eda rural y as\u00ed fue c\u00f3mo se cre\u00f3 la escuela de polic\u00eda rural, y as\u00ed fue c\u00f3mo se reclutaron los primeros 12 mil aspirantes a oficiales en esta especialidad, y que luego de una important\u00edsima selecci\u00f3n hoy por primera vez egresan 993 oficiales especialistas en seguridad rural&#8221;.<\/p>\n<p><a href=\"https:\/\/experienciadevida.com.ar\/portalurbano\/kicillof-y-berni-encabezaron-el-acto-de-egreso-de-mas-de-900-policias-rurales\/encabezaron\/\" rel=\"attachment wp-att-165102\"><img decoding=\"async\" class=\"alignnone size-full wp-image-165102\" src=\"https:\/\/experienciadevida.com.ar\/portalurbano\/wp-content\/uploads\/2022\/04\/encabezaron.jpg\" alt=\"encabezaron \" width=\"765\" height=\"510\" srcset=\"https:\/\/experienciadevida.com.ar\/portalurbano\/wp-content\/uploads\/2022\/04\/encabezaron.jpg 765w, https:\/\/experienciadevida.com.ar\/portalurbano\/wp-content\/uploads\/2022\/04\/encabezaron-300x200.jpg 300w\" sizes=\"(max-width: 765px) 100vw, 765px\" \/><\/a><\/p>\n<p>&#8220;Hombres y mujeres que se han entrenado no solamente para llevar adelante la prevenci\u00f3n de un delito que nada tiene que ver con el delito urbano,\u00a0 y eso esta claro, no solamente se entrenaron para llevar adelante esa prevenci\u00f3n sino que se entrenaron para ser parte de esa gran familia que produce parte de nuestras riquezas aqu\u00ed en el interior de la provincia, para que sean parte del acompa\u00f1amiento, para que cuando nuestros productores en \u00e9poca de siembra y cosecha tienen que ausentarse durante tiempo de su casa sepan que hay una polic\u00eda que adem\u00e1s de cuidar sus intereses cuidan a su familia&#8221;.<\/p>\n<p>Posteriormente tom\u00f3 la palabra el Gobernador de la Provincia de Buenos Aires Axel Kicillof, &#8220;hoy tal como lo dec\u00eda el Ministro es un d\u00eda muy especial, muy significativo, hoy es un d\u00eda hist\u00f3rico estamos dando inicio a un nuevo cuerpo de la polic\u00eda de la provincia de Buenos aires que nunca existi\u00f3 y cuando uno observa que de los 135 Municipios de nuestra provincia 100 son de car\u00e1cter rural, se pregunta c\u00f3mo esto no se hab\u00eda hecho esto antes tener un cuerpo especial que aborde la problem\u00e1tica en ambientes rurales. La provincia tiene una larga historia y arrastra inmensos problemas estructurales que tienen diversas causas, hemos llegado a la provincia con la convicci\u00f3n de que esos problemas no se solucionan con ocultarlos&#8221;.<\/p>\n<p><a href=\"https:\/\/experienciadevida.com.ar\/portalurbano\/kicillof-y-berni-encabezaron-el-acto-de-egreso-de-mas-de-900-policias-rurales\/un-3\/\" rel=\"attachment wp-att-165104\"><img decoding=\"async\" class=\"alignnone size-full wp-image-165104\" src=\"https:\/\/experienciadevida.com.ar\/portalurbano\/wp-content\/uploads\/2022\/04\/un.jpg\" alt=\"el \" width=\"765\" height=\"510\" srcset=\"https:\/\/experienciadevida.com.ar\/portalurbano\/wp-content\/uploads\/2022\/04\/un.jpg 765w, https:\/\/experienciadevida.com.ar\/portalurbano\/wp-content\/uploads\/2022\/04\/un-300x200.jpg 300w\" sizes=\"(max-width: 765px) 100vw, 765px\" \/><\/a><\/p>\n<p>&#8220;Vinimos a enfrentar esos problemas, llevar adelante esas transformaciones profundas que muchas veces requieren recursos e inversi\u00f3n, creatividad, trabajo y coraje para cambiar las cosas, el cuerpo de polic\u00eda rural que hoy estamos observando con verdadero orgullo a sus primeros egresados, es un cuerpo que que viene a atender una problem\u00e1tica espec\u00edfica y distinta no se puede atender a todos los problemas con la misma formaci\u00f3n, por eso hay especificidades como en la seguridad. La problem\u00e1tica tiene que ser tratada de manera distinta&#8221;.<\/p>\n<p><span style=\"color: #0000ff;\">Las im\u00e1genes<\/span><\/p>\n<p><a href=\"https:\/\/experienciadevida.com.ar\/portalurbano\/kicillof-y-berni-encabezaron-el-acto-de-egreso-de-mas-de-900-policias-rurales\/dsc_0132\/\" rel=\"attachment wp-att-165108\"><img decoding=\"async\" class=\"alignnone size-full wp-image-165108\" src=\"https:\/\/experienciadevida.com.ar\/portalurbano\/wp-content\/uploads\/2022\/04\/DSC_0132.jpg\" alt=\"\" width=\"765\" height=\"510\" srcset=\"https:\/\/experienciadevida.com.ar\/portalurbano\/wp-content\/uploads\/2022\/04\/DSC_0132.jpg 765w, https:\/\/experienciadevida.com.ar\/portalurbano\/wp-content\/uploads\/2022\/04\/DSC_0132-300x200.jpg 300w\" sizes=\"(max-width: 765px) 100vw, 765px\" \/><\/a><\/p>\n<p><a href=\"https:\/\/experienciadevida.com.ar\/portalurbano\/kicillof-y-berni-encabezaron-el-acto-de-egreso-de-mas-de-900-policias-rurales\/dsc_0133\/\" rel=\"attachment wp-att-165109\"><img decoding=\"async\" class=\"alignnone size-full wp-image-165109\" src=\"https:\/\/experienciadevida.com.ar\/portalurbano\/wp-content\/uploads\/2022\/04\/DSC_0133.jpg\" alt=\"\" width=\"765\" height=\"510\" srcset=\"https:\/\/experienciadevida.com.ar\/portalurbano\/wp-content\/uploads\/2022\/04\/DSC_0133.jpg 765w, https:\/\/experienciadevida.com.ar\/portalurbano\/wp-content\/uploads\/2022\/04\/DSC_0133-300x200.jpg 300w\" sizes=\"(max-width: 765px) 100vw, 765px\" \/><\/a><\/p>\n<p><a href=\"https:\/\/experienciadevida.com.ar\/portalurbano\/kicillof-y-berni-encabezaron-el-acto-de-egreso-de-mas-de-900-policias-rurales\/dsc_0136\/\" rel=\"attachment wp-att-165110\"><img decoding=\"async\" class=\"alignnone size-full wp-image-165110\" src=\"https:\/\/experienciadevida.com.ar\/portalurbano\/wp-content\/uploads\/2022\/04\/DSC_0136.jpg\" alt=\"\" width=\"765\" height=\"510\" srcset=\"https:\/\/experienciadevida.com.ar\/portalurbano\/wp-content\/uploads\/2022\/04\/DSC_0136.jpg 765w, https:\/\/experienciadevida.com.ar\/portalurbano\/wp-content\/uploads\/2022\/04\/DSC_0136-300x200.jpg 300w\" sizes=\"(max-width: 765px) 100vw, 765px\" \/><\/a><\/p>\n<p><a href=\"https:\/\/experienciadevida.com.ar\/portalurbano\/kicillof-y-berni-encabezaron-el-acto-de-egreso-de-mas-de-900-policias-rurales\/dsc_0139\/\" rel=\"attachment wp-att-165111\"><img decoding=\"async\" class=\"alignnone size-full wp-image-165111\" src=\"https:\/\/experienciadevida.com.ar\/portalurbano\/wp-content\/uploads\/2022\/04\/DSC_0139.jpg\" alt=\"\" width=\"765\" height=\"510\" srcset=\"https:\/\/experienciadevida.com.ar\/portalurbano\/wp-content\/uploads\/2022\/04\/DSC_0139.jpg 765w, https:\/\/experienciadevida.com.ar\/portalurbano\/wp-content\/uploads\/2022\/04\/DSC_0139-300x200.jpg 300w\" sizes=\"(max-width: 765px) 100vw, 765px\" \/><\/a><\/p>\n<p><a href=\"https:\/\/experienciadevida.com.ar\/portalurbano\/kicillof-y-berni-encabezaron-el-acto-de-egreso-de-mas-de-900-policias-rurales\/dsc_0137\/\" rel=\"attachment wp-att-165112\"><img decoding=\"async\" class=\"alignnone size-full wp-image-165112\" src=\"https:\/\/experienciadevida.com.ar\/portalurbano\/wp-content\/uploads\/2022\/04\/DSC_0137.jpg\" alt=\"\" width=\"765\" height=\"510\" srcset=\"https:\/\/experienciadevida.com.ar\/portalurbano\/wp-content\/uploads\/2022\/04\/DSC_0137.jpg 765w, https:\/\/experienciadevida.com.ar\/portalurbano\/wp-content\/uploads\/2022\/04\/DSC_0137-300x200.jpg 300w\" sizes=\"(max-width: 765px) 100vw, 765px\" \/><\/a><\/p>\n<p><a href=\"https:\/\/experienciadevida.com.ar\/portalurbano\/kicillof-y-berni-encabezaron-el-acto-de-egreso-de-mas-de-900-policias-rurales\/dsc_0140\/\" rel=\"attachment wp-att-165113\"><img decoding=\"async\" class=\"alignnone size-full wp-image-165113\" src=\"https:\/\/experienciadevida.com.ar\/portalurbano\/wp-content\/uploads\/2022\/04\/DSC_0140.jpg\" alt=\"\" width=\"765\" height=\"510\" srcset=\"https:\/\/experienciadevida.com.ar\/portalurbano\/wp-content\/uploads\/2022\/04\/DSC_0140.jpg 765w, https:\/\/experienciadevida.com.ar\/portalurbano\/wp-content\/uploads\/2022\/04\/DSC_0140-300x200.jpg 300w\" sizes=\"(max-width: 765px) 100vw, 765px\" \/><\/a><\/p>\n<p><a href=\"https:\/\/experienciadevida.com.ar\/portalurbano\/kicillof-y-berni-encabezaron-el-acto-de-egreso-de-mas-de-900-policias-rurales\/dsc_0146-2\/\" rel=\"attachment wp-att-165114\"><img decoding=\"async\" class=\"alignnone size-full wp-image-165114\" src=\"https:\/\/experienciadevida.com.ar\/portalurbano\/wp-content\/uploads\/2022\/04\/DSC_0146.jpg\" alt=\"\" width=\"765\" height=\"510\" srcset=\"https:\/\/experienciadevida.com.ar\/portalurbano\/wp-content\/uploads\/2022\/04\/DSC_0146.jpg 765w, https:\/\/experienciadevida.com.ar\/portalurbano\/wp-content\/uploads\/2022\/04\/DSC_0146-300x200.jpg 300w\" sizes=\"(max-width: 765px) 100vw, 765px\" \/><\/a><\/p>\n<p><a href=\"https:\/\/experienciadevida.com.ar\/portalurbano\/kicillof-y-berni-encabezaron-el-acto-de-egreso-de-mas-de-900-policias-rurales\/dsc_0147\/\" rel=\"attachment wp-att-165115\"><img decoding=\"async\" class=\"alignnone size-full wp-image-165115\" src=\"https:\/\/experienciadevida.com.ar\/portalurbano\/wp-content\/uploads\/2022\/04\/DSC_0147.jpg\" alt=\"\" width=\"765\" height=\"510\" srcset=\"https:\/\/experienciadevida.com.ar\/portalurbano\/wp-content\/uploads\/2022\/04\/DSC_0147.jpg 765w, https:\/\/experienciadevida.com.ar\/portalurbano\/wp-content\/uploads\/2022\/04\/DSC_0147-300x200.jpg 300w\" sizes=\"(max-width: 765px) 100vw, 765px\" \/><\/a><\/p>\n<p><a href=\"https:\/\/experienciadevida.com.ar\/portalurbano\/kicillof-y-berni-encabezaron-el-acto-de-egreso-de-mas-de-900-policias-rurales\/dsc_0148\/\" rel=\"attachment wp-att-165118\"><img decoding=\"async\" class=\"alignnone size-full wp-image-165118\" src=\"https:\/\/experienciadevida.com.ar\/portalurbano\/wp-content\/uploads\/2022\/04\/DSC_0148.jpg\" alt=\"\" width=\"765\" height=\"510\" srcset=\"https:\/\/experienciadevida.com.ar\/portalurbano\/wp-content\/uploads\/2022\/04\/DSC_0148.jpg 765w, https:\/\/experienciadevida.com.ar\/portalurbano\/wp-content\/uploads\/2022\/04\/DSC_0148-300x200.jpg 300w\" sizes=\"(max-width: 765px) 100vw, 765px\" \/><\/a><\/p>\n<p><a href=\"https:\/\/experienciadevida.com.ar\/portalurbano\/kicillof-y-berni-encabezaron-el-acto-de-egreso-de-mas-de-900-policias-rurales\/dsc_0149\/\" rel=\"attachment wp-att-165119\"><img decoding=\"async\" class=\"alignnone size-full wp-image-165119\" src=\"https:\/\/experienciadevida.com.ar\/portalurbano\/wp-content\/uploads\/2022\/04\/DSC_0149.jpg\" alt=\"\" width=\"765\" height=\"510\" srcset=\"https:\/\/experienciadevida.com.ar\/portalurbano\/wp-content\/uploads\/2022\/04\/DSC_0149.jpg 765w, https:\/\/experienciadevida.com.ar\/portalurbano\/wp-content\/uploads\/2022\/04\/DSC_0149-300x200.jpg 300w\" sizes=\"(max-width: 765px) 100vw, 765px\" \/><\/a><\/p>\n<p><a href=\"https:\/\/experienciadevida.com.ar\/portalurbano\/kicillof-y-berni-encabezaron-el-acto-de-egreso-de-mas-de-900-policias-rurales\/dsc_0150\/\" rel=\"attachment wp-att-165120\"><img decoding=\"async\" class=\"alignnone size-full wp-image-165120\" src=\"https:\/\/experienciadevida.com.ar\/portalurbano\/wp-content\/uploads\/2022\/04\/DSC_0150.jpg\" alt=\"\" width=\"765\" height=\"510\" srcset=\"https:\/\/experienciadevida.com.ar\/portalurbano\/wp-content\/uploads\/2022\/04\/DSC_0150.jpg 765w, https:\/\/experienciadevida.com.ar\/portalurbano\/wp-content\/uploads\/2022\/04\/DSC_0150-300x200.jpg 300w\" sizes=\"(max-width: 765px) 100vw, 765px\" \/><\/a><\/p>\n<p><a href=\"https:\/\/experienciadevida.com.ar\/portalurbano\/kicillof-y-berni-encabezaron-el-acto-de-egreso-de-mas-de-900-policias-rurales\/dsc_0152\/\" rel=\"attachment wp-att-165121\"><img decoding=\"async\" class=\"alignnone size-full wp-image-165121\" src=\"https:\/\/experienciadevida.com.ar\/portalurbano\/wp-content\/uploads\/2022\/04\/DSC_0152.jpg\" alt=\"\" width=\"765\" height=\"510\" srcset=\"https:\/\/experienciadevida.com.ar\/portalurbano\/wp-content\/uploads\/2022\/04\/DSC_0152.jpg 765w, https:\/\/experienciadevida.com.ar\/portalurbano\/wp-content\/uploads\/2022\/04\/DSC_0152-300x200.jpg 300w\" sizes=\"(max-width: 765px) 100vw, 765px\" \/><\/a><\/p>\n<p><a href=\"https:\/\/experienciadevida.com.ar\/portalurbano\/kicillof-y-berni-encabezaron-el-acto-de-egreso-de-mas-de-900-policias-rurales\/dsc_0156-2\/\" rel=\"attachment wp-att-165123\"><img decoding=\"async\" class=\"alignnone size-full wp-image-165123\" src=\"https:\/\/experienciadevida.com.ar\/portalurbano\/wp-content\/uploads\/2022\/04\/DSC_0156.jpg\" alt=\"\" width=\"765\" height=\"510\" srcset=\"https:\/\/experienciadevida.com.ar\/portalurbano\/wp-content\/uploads\/2022\/04\/DSC_0156.jpg 765w, https:\/\/experienciadevida.com.ar\/portalurbano\/wp-content\/uploads\/2022\/04\/DSC_0156-300x200.jpg 300w\" sizes=\"(max-width: 765px) 100vw, 765px\" \/><\/a><\/p>\n<p><a href=\"https:\/\/experienciadevida.com.ar\/portalurbano\/kicillof-y-berni-encabezaron-el-acto-de-egreso-de-mas-de-900-policias-rurales\/dsc_0157-2\/\" rel=\"attachment wp-att-165124\"><img decoding=\"async\" class=\"alignnone size-full wp-image-165124\" src=\"https:\/\/experienciadevida.com.ar\/portalurbano\/wp-content\/uploads\/2022\/04\/DSC_0157.jpg\" alt=\"\" width=\"765\" height=\"510\" srcset=\"https:\/\/experienciadevida.com.ar\/portalurbano\/wp-content\/uploads\/2022\/04\/DSC_0157.jpg 765w, https:\/\/experienciadevida.com.ar\/portalurbano\/wp-content\/uploads\/2022\/04\/DSC_0157-300x200.jpg 300w\" sizes=\"(max-width: 765px) 100vw, 765px\" \/><\/a><\/p>\n<p><a href=\"https:\/\/experienciadevida.com.ar\/portalurbano\/kicillof-y-berni-encabezaron-el-acto-de-egreso-de-mas-de-900-policias-rurales\/dsc_0158\/\" rel=\"attachment wp-att-165125\"><img decoding=\"async\" class=\"alignnone size-full wp-image-165125\" src=\"https:\/\/experienciadevida.com.ar\/portalurbano\/wp-content\/uploads\/2022\/04\/DSC_0158.jpg\" alt=\"\" width=\"765\" height=\"510\" srcset=\"https:\/\/experienciadevida.com.ar\/portalurbano\/wp-content\/uploads\/2022\/04\/DSC_0158.jpg 765w, https:\/\/experienciadevida.com.ar\/portalurbano\/wp-content\/uploads\/2022\/04\/DSC_0158-300x200.jpg 300w\" sizes=\"(max-width: 765px) 100vw, 765px\" \/><\/a><\/p>\n<p><a href=\"https:\/\/experienciadevida.com.ar\/portalurbano\/kicillof-y-berni-encabezaron-el-acto-de-egreso-de-mas-de-900-policias-rurales\/dsc_0164-2\/\" rel=\"attachment wp-att-165126\"><img decoding=\"async\" class=\"alignnone size-full wp-image-165126\" src=\"https:\/\/experienciadevida.com.ar\/portalurbano\/wp-content\/uploads\/2022\/04\/DSC_0164.jpg\" alt=\"\" width=\"765\" height=\"510\" srcset=\"https:\/\/experienciadevida.com.ar\/portalurbano\/wp-content\/uploads\/2022\/04\/DSC_0164.jpg 765w, https:\/\/experienciadevida.com.ar\/portalurbano\/wp-content\/uploads\/2022\/04\/DSC_0164-300x200.jpg 300w\" sizes=\"(max-width: 765px) 100vw, 765px\" \/><\/a><\/p>\n<p><a href=\"https:\/\/experienciadevida.com.ar\/portalurbano\/kicillof-y-berni-encabezaron-el-acto-de-egreso-de-mas-de-900-policias-rurales\/dsc_0166\/\" rel=\"attachment wp-att-165128\"><img decoding=\"async\" class=\"alignnone size-full wp-image-165128\" src=\"https:\/\/experienciadevida.com.ar\/portalurbano\/wp-content\/uploads\/2022\/04\/DSC_0166.jpg\" alt=\"\" width=\"765\" height=\"510\" srcset=\"https:\/\/experienciadevida.com.ar\/portalurbano\/wp-content\/uploads\/2022\/04\/DSC_0166.jpg 765w, https:\/\/experienciadevida.com.ar\/portalurbano\/wp-content\/uploads\/2022\/04\/DSC_0166-300x200.jpg 300w\" sizes=\"(max-width: 765px) 100vw, 765px\" \/><\/a><\/p>\n<p><a href=\"https:\/\/experienciadevida.com.ar\/portalurbano\/kicillof-y-berni-encabezaron-el-acto-de-egreso-de-mas-de-900-policias-rurales\/dsc_0167\/\" rel=\"attachment wp-att-165129\"><img decoding=\"async\" class=\"alignnone size-full wp-image-165129\" src=\"https:\/\/experienciadevida.com.ar\/portalurbano\/wp-content\/uploads\/2022\/04\/DSC_0167.jpg\" alt=\"\" width=\"765\" height=\"510\" srcset=\"https:\/\/experienciadevida.com.ar\/portalurbano\/wp-content\/uploads\/2022\/04\/DSC_0167.jpg 765w, https:\/\/experienciadevida.com.ar\/portalurbano\/wp-content\/uploads\/2022\/04\/DSC_0167-300x200.jpg 300w\" sizes=\"(max-width: 765px) 100vw, 765px\" \/><\/a><\/p>\n<p><a href=\"https:\/\/experienciadevida.com.ar\/portalurbano\/kicillof-y-berni-encabezaron-el-acto-de-egreso-de-mas-de-900-policias-rurales\/dsc_0168-2\/\" rel=\"attachment wp-att-165130\"><img decoding=\"async\" class=\"alignnone size-full wp-image-165130\" src=\"https:\/\/experienciadevida.com.ar\/portalurbano\/wp-content\/uploads\/2022\/04\/DSC_0168.jpg\" alt=\"\" width=\"765\" height=\"510\" srcset=\"https:\/\/experienciadevida.com.ar\/portalurbano\/wp-content\/uploads\/2022\/04\/DSC_0168.jpg 765w, https:\/\/experienciadevida.com.ar\/portalurbano\/wp-content\/uploads\/2022\/04\/DSC_0168-300x200.jpg 300w\" sizes=\"(max-width: 765px) 100vw, 765px\" \/><\/a><\/p>\n<p><a href=\"https:\/\/experienciadevida.com.ar\/portalurbano\/kicillof-y-berni-encabezaron-el-acto-de-egreso-de-mas-de-900-policias-rurales\/dsc_0169-2\/\" rel=\"attachment wp-att-165131\"><img decoding=\"async\" class=\"alignnone size-full wp-image-165131\" src=\"https:\/\/experienciadevida.com.ar\/portalurbano\/wp-content\/uploads\/2022\/04\/DSC_0169.jpg\" alt=\"\" width=\"765\" height=\"510\" srcset=\"https:\/\/experienciadevida.com.ar\/portalurbano\/wp-content\/uploads\/2022\/04\/DSC_0169.jpg 765w, https:\/\/experienciadevida.com.ar\/portalurbano\/wp-content\/uploads\/2022\/04\/DSC_0169-300x200.jpg 300w\" sizes=\"(max-width: 765px) 100vw, 765px\" \/><\/a><\/p>\n<p><a href=\"https:\/\/experienciadevida.com.ar\/portalurbano\/kicillof-y-berni-encabezaron-el-acto-de-egreso-de-mas-de-900-policias-rurales\/dsc_0170\/\" rel=\"attachment wp-att-165132\"><img decoding=\"async\" class=\"alignnone size-full wp-image-165132\" src=\"https:\/\/experienciadevida.com.ar\/portalurbano\/wp-content\/uploads\/2022\/04\/DSC_0170.jpg\" alt=\"\" width=\"765\" height=\"510\" srcset=\"https:\/\/experienciadevida.com.ar\/portalurbano\/wp-content\/uploads\/2022\/04\/DSC_0170.jpg 765w, https:\/\/experienciadevida.com.ar\/portalurbano\/wp-content\/uploads\/2022\/04\/DSC_0170-300x200.jpg 300w\" sizes=\"(max-width: 765px) 100vw, 765px\" \/><\/a><\/p>\n<p><a href=\"https:\/\/experienciadevida.com.ar\/portalurbano\/kicillof-y-berni-encabezaron-el-acto-de-egreso-de-mas-de-900-policias-rurales\/dsc_0174\/\" rel=\"attachment wp-att-165135\"><img decoding=\"async\" class=\"alignnone size-full wp-image-165135\" src=\"https:\/\/experienciadevida.com.ar\/portalurbano\/wp-content\/uploads\/2022\/04\/DSC_0174.jpg\" alt=\"\" width=\"765\" height=\"510\" srcset=\"https:\/\/experienciadevida.com.ar\/portalurbano\/wp-content\/uploads\/2022\/04\/DSC_0174.jpg 765w, https:\/\/experienciadevida.com.ar\/portalurbano\/wp-content\/uploads\/2022\/04\/DSC_0174-300x200.jpg 300w\" sizes=\"(max-width: 765px) 100vw, 765px\" \/><\/a><\/p>\n<p><a href=\"https:\/\/experienciadevida.com.ar\/portalurbano\/kicillof-y-berni-encabezaron-el-acto-de-egreso-de-mas-de-900-policias-rurales\/dsc_0190\/\" rel=\"attachment wp-att-165136\"><img decoding=\"async\" class=\"alignnone size-full wp-image-165136\" src=\"https:\/\/experienciadevida.com.ar\/portalurbano\/wp-content\/uploads\/2022\/04\/DSC_0190.jpg\" alt=\"\" width=\"765\" height=\"510\" srcset=\"https:\/\/experienciadevida.com.ar\/portalurbano\/wp-content\/uploads\/2022\/04\/DSC_0190.jpg 765w, https:\/\/experienciadevida.com.ar\/portalurbano\/wp-content\/uploads\/2022\/04\/DSC_0190-300x200.jpg 300w\" sizes=\"(max-width: 765px) 100vw, 765px\" \/><\/a><\/p>\n<p><a href=\"https:\/\/experienciadevida.com.ar\/portalurbano\/kicillof-y-berni-encabezaron-el-acto-de-egreso-de-mas-de-900-policias-rurales\/dsc_0191-2\/\" rel=\"attachment wp-att-165137\"><img decoding=\"async\" class=\"alignnone size-full wp-image-165137\" src=\"https:\/\/experienciadevida.com.ar\/portalurbano\/wp-content\/uploads\/2022\/04\/DSC_0191.jpg\" alt=\"\" width=\"765\" height=\"510\" srcset=\"https:\/\/experienciadevida.com.ar\/portalurbano\/wp-content\/uploads\/2022\/04\/DSC_0191.jpg 765w, https:\/\/experienciadevida.com.ar\/portalurbano\/wp-content\/uploads\/2022\/04\/DSC_0191-300x200.jpg 300w\" sizes=\"(max-width: 765px) 100vw, 765px\" \/><\/a><\/p>\n<p><a href=\"https:\/\/experienciadevida.com.ar\/portalurbano\/kicillof-y-berni-encabezaron-el-acto-de-egreso-de-mas-de-900-policias-rurales\/dsc_0192-2\/\" rel=\"attachment wp-att-165138\"><img decoding=\"async\" class=\"alignnone size-full wp-image-165138\" src=\"https:\/\/experienciadevida.com.ar\/portalurbano\/wp-content\/uploads\/2022\/04\/DSC_0192.jpg\" alt=\"\" width=\"765\" height=\"510\" srcset=\"https:\/\/experienciadevida.com.ar\/portalurbano\/wp-content\/uploads\/2022\/04\/DSC_0192.jpg 765w, https:\/\/experienciadevida.com.ar\/portalurbano\/wp-content\/uploads\/2022\/04\/DSC_0192-300x200.jpg 300w\" sizes=\"(max-width: 765px) 100vw, 765px\" \/><\/a><\/p>\n<p><a href=\"https:\/\/experienciadevida.com.ar\/portalurbano\/kicillof-y-berni-encabezaron-el-acto-de-egreso-de-mas-de-900-policias-rurales\/dsc_0193-2\/\" rel=\"attachment wp-att-165139\"><img decoding=\"async\" class=\"alignnone size-full wp-image-165139\" src=\"https:\/\/experienciadevida.com.ar\/portalurbano\/wp-content\/uploads\/2022\/04\/DSC_0193.jpg\" alt=\"\" width=\"765\" height=\"510\" srcset=\"https:\/\/experienciadevida.com.ar\/portalurbano\/wp-content\/uploads\/2022\/04\/DSC_0193.jpg 765w, https:\/\/experienciadevida.com.ar\/portalurbano\/wp-content\/uploads\/2022\/04\/DSC_0193-300x200.jpg 300w\" sizes=\"(max-width: 765px) 100vw, 765px\" \/><\/a><\/p>\n<p><a href=\"https:\/\/experienciadevida.com.ar\/portalurbano\/kicillof-y-berni-encabezaron-el-acto-de-egreso-de-mas-de-900-policias-rurales\/dsc_0199-2\/\" rel=\"attachment wp-att-165140\"><img decoding=\"async\" class=\"alignnone size-full wp-image-165140\" src=\"https:\/\/experienciadevida.com.ar\/portalurbano\/wp-content\/uploads\/2022\/04\/DSC_0199.jpg\" alt=\"\" width=\"765\" height=\"510\" srcset=\"https:\/\/experienciadevida.com.ar\/portalurbano\/wp-content\/uploads\/2022\/04\/DSC_0199.jpg 765w, https:\/\/experienciadevida.com.ar\/portalurbano\/wp-content\/uploads\/2022\/04\/DSC_0199-300x200.jpg 300w\" sizes=\"(max-width: 765px) 100vw, 765px\" \/><\/a><\/p>\n<p><a href=\"https:\/\/experienciadevida.com.ar\/portalurbano\/kicillof-y-berni-encabezaron-el-acto-de-egreso-de-mas-de-900-policias-rurales\/dsc_0201-3\/\" rel=\"attachment wp-att-165141\"><img decoding=\"async\" class=\"alignnone size-full wp-image-165141\" src=\"https:\/\/experienciadevida.com.ar\/portalurbano\/wp-content\/uploads\/2022\/04\/DSC_0201.jpg\" alt=\"\" width=\"765\" height=\"510\" srcset=\"https:\/\/experienciadevida.com.ar\/portalurbano\/wp-content\/uploads\/2022\/04\/DSC_0201.jpg 765w, https:\/\/experienciadevida.com.ar\/portalurbano\/wp-content\/uploads\/2022\/04\/DSC_0201-300x200.jpg 300w\" sizes=\"(max-width: 765px) 100vw, 765px\" \/><\/a><\/p>\n<p><a href=\"https:\/\/experienciadevida.com.ar\/portalurbano\/kicillof-y-berni-encabezaron-el-acto-de-egreso-de-mas-de-900-policias-rurales\/dsc_0203-3\/\" rel=\"attachment wp-att-165142\"><img decoding=\"async\" class=\"alignnone size-large wp-image-165142\" src=\"https:\/\/experienciadevida.com.ar\/portalurbano\/wp-content\/uploads\/2022\/04\/DSC_0203-1024x683.jpg\" alt=\"\" width=\"900\" height=\"600\" \/><\/a><\/p>\n","protected":false},"excerpt":{"rendered":"<p>Kicillof y Berni encabezaron el acto de egreso de m\u00e1s de 900 polic\u00edas rurales, fue&#8230;<\/p>\n","protected":false},"author":1,"featured_media":165097,"comment_status":"closed","ping_status":"closed","sticky":false,"template":"","format":"standard","meta":{"content-type":""},"categories":[27,51],"tags":[],"nelio_content":{"isAutoShareEnabled":false,"autoShareEndMode":"default","automationSources":{"useContentSentences":true,"useSocialTemplates":true,"useCustomSentences":false,"customSentences":[]},"followers":[1],"suggestedReferences":[],"includedReferences":["https:\/\/www.instagram.com\/kicillofok\/?hl=es-la","https:\/\/www.instagram.com\/sergioberniarg\/?hl=es-la"],"efiUrl":"","efiAlt":"","highlights":[]},"yoast_head":"<!-- This site is optimized with the Yoast SEO plugin v20.7 - https:\/\/yoast.com\/wordpress\/plugins\/seo\/ -->\n<title>Kicillof y Berni encabezaron el acto de egreso de m\u00e1s de 900 polic\u00edas<\/title>\n<meta name=\"description\" content=\"Kicillof y Berni encabezaron el acto de egreso de m\u00e1s de 900 polic\u00edas rurales, fue en la ma\u00f1ana de este mi\u00e9rcoles en la escuela de polic\u00eda\" \/>\n<meta name=\"robots\" content=\"index, follow, max-snippet:-1, max-image-preview:large, max-video-preview:-1\" \/>\n<link rel=\"canonical\" href=\"https:\/\/experienciadevida.com.ar\/portalurbano\/kicillof-y-berni-encabezaron-el-acto-de-egreso-de-mas-de-900-policias-rurales\/\" \/>\n<meta property=\"og:locale\" content=\"es_ES\" \/>\n<meta property=\"og:type\" content=\"article\" \/>\n<meta property=\"og:title\" content=\"Kicillof y Berni encabezaron el acto de egreso de m\u00e1s de 900 polic\u00edas\" \/>\n<meta property=\"og:description\" content=\"Kicillof y Berni encabezaron el acto de egreso de m\u00e1s de 900 polic\u00edas rurales, fue en la ma\u00f1ana de este mi\u00e9rcoles en la escuela de polic\u00eda\" \/>\n<meta property=\"og:url\" content=\"https:\/\/experienciadevida.com.ar\/portalurbano\/kicillof-y-berni-encabezaron-el-acto-de-egreso-de-mas-de-900-policias-rurales\/\" \/>\n<meta property=\"article:publisher\" content=\"https:\/\/www.facebook.com\/Portal-Urbano-171542830093757\/\" \/>\n<meta property=\"article:published_time\" content=\"2022-04-06T16:45:49+00:00\" \/>\n<meta property=\"article:modified_time\" content=\"2022-04-06T17:58:15+00:00\" \/>\n<meta property=\"og:image\" content=\"https:\/\/experienciadevida.com.ar\/portalurbano\/wp-content\/uploads\/2022\/04\/ACTO.jpg\" \/>\n\t<meta property=\"og:image:width\" content=\"765\" \/>\n\t<meta property=\"og:image:height\" content=\"510\" \/>\n\t<meta property=\"og:image:type\" content=\"image\/jpeg\" \/>\n<meta name=\"author\" content=\"admpu17wp\" \/>\n<meta name=\"twitter:card\" content=\"summary_large_image\" \/>\n<meta name=\"twitter:creator\" content=\"@portalurbanook\" \/>\n<meta name=\"twitter:site\" content=\"@portalurbanook\" \/>\n<meta name=\"twitter:label1\" content=\"Escrito por\" \/>\n\t<meta name=\"twitter:data1\" content=\"admpu17wp\" \/>\n\t<meta name=\"twitter:label2\" content=\"Tiempo de lectura\" \/>\n\t<meta name=\"twitter:data2\" content=\"10 minutos\" \/>\n<script type=\"application\/ld+json\" class=\"yoast-schema-graph\">{\"@context\":\"https:\/\/schema.org\",\"@graph\":[{\"@type\":\"Article\",\"@id\":\"https:\/\/experienciadevida.com.ar\/portalurbano\/kicillof-y-berni-encabezaron-el-acto-de-egreso-de-mas-de-900-policias-rurales\/#article\",\"isPartOf\":{\"@id\":\"https:\/\/experienciadevida.com.ar\/portalurbano\/kicillof-y-berni-encabezaron-el-acto-de-egreso-de-mas-de-900-policias-rurales\/\"},\"author\":{\"name\":\"admpu17wp\",\"@id\":\"https:\/\/experienciadevida.com.ar\/portalurbano\/#\/schema\/person\/02dd326b1c4b056e9cc972486934a3a7\"},\"headline\":\"Kicillof y Berni encabezaron el acto de egreso de m\u00e1s de 900 polic\u00edas rurales\",\"datePublished\":\"2022-04-06T16:45:49+00:00\",\"dateModified\":\"2022-04-06T17:58:15+00:00\",\"mainEntityOfPage\":{\"@id\":\"https:\/\/experienciadevida.com.ar\/portalurbano\/kicillof-y-berni-encabezaron-el-acto-de-egreso-de-mas-de-900-policias-rurales\/\"},\"wordCount\":792,\"publisher\":{\"@id\":\"https:\/\/experienciadevida.com.ar\/portalurbano\/#organization\"},\"articleSection\":[\"Ciudad\",\"Destacadas\"],\"inLanguage\":\"es\"},{\"@type\":\"WebPage\",\"@id\":\"https:\/\/experienciadevida.com.ar\/portalurbano\/kicillof-y-berni-encabezaron-el-acto-de-egreso-de-mas-de-900-policias-rurales\/\",\"url\":\"https:\/\/experienciadevida.com.ar\/portalurbano\/kicillof-y-berni-encabezaron-el-acto-de-egreso-de-mas-de-900-policias-rurales\/\",\"name\":\"Kicillof y Berni encabezaron el acto de egreso de m\u00e1s de 900 polic\u00edas\",\"isPartOf\":{\"@id\":\"https:\/\/experienciadevida.com.ar\/portalurbano\/#website\"},\"datePublished\":\"2022-04-06T16:45:49+00:00\",\"dateModified\":\"2022-04-06T17:58:15+00:00\",\"description\":\"Kicillof y Berni encabezaron el acto de egreso de m\u00e1s de 900 polic\u00edas rurales, fue en la ma\u00f1ana de este mi\u00e9rcoles en la escuela de polic\u00eda\",\"breadcrumb\":{\"@id\":\"https:\/\/experienciadevida.com.ar\/portalurbano\/kicillof-y-berni-encabezaron-el-acto-de-egreso-de-mas-de-900-policias-rurales\/#breadcrumb\"},\"inLanguage\":\"es\",\"potentialAction\":[{\"@type\":\"ReadAction\",\"target\":[\"https:\/\/experienciadevida.com.ar\/portalurbano\/kicillof-y-berni-encabezaron-el-acto-de-egreso-de-mas-de-900-policias-rurales\/\"]}]},{\"@type\":\"BreadcrumbList\",\"@id\":\"https:\/\/experienciadevida.com.ar\/portalurbano\/kicillof-y-berni-encabezaron-el-acto-de-egreso-de-mas-de-900-policias-rurales\/#breadcrumb\",\"itemListElement\":[{\"@type\":\"ListItem\",\"position\":1,\"name\":\"Portada\",\"item\":\"https:\/\/experienciadevida.com.ar\/portalurbano\/\"},{\"@type\":\"ListItem\",\"position\":2,\"name\":\"Kicillof y Berni encabezaron el acto de egreso de m\u00e1s de 900 polic\u00edas rurales\"}]},{\"@type\":\"WebSite\",\"@id\":\"https:\/\/experienciadevida.com.ar\/portalurbano\/#website\",\"url\":\"https:\/\/experienciadevida.com.ar\/portalurbano\/\",\"name\":\"\",\"description\":\"\",\"publisher\":{\"@id\":\"https:\/\/experienciadevida.com.ar\/portalurbano\/#organization\"},\"potentialAction\":[{\"@type\":\"SearchAction\",\"target\":{\"@type\":\"EntryPoint\",\"urlTemplate\":\"https:\/\/experienciadevida.com.ar\/portalurbano\/?s={search_term_string}\"},\"query-input\":\"required name=search_term_string\"}],\"inLanguage\":\"es\"},{\"@type\":\"Organization\",\"@id\":\"https:\/\/experienciadevida.com.ar\/portalurbano\/#organization\",\"name\":\"Portal Urbano\",\"url\":\"https:\/\/experienciadevida.com.ar\/portalurbano\/\",\"logo\":{\"@type\":\"ImageObject\",\"inLanguage\":\"es\",\"@id\":\"https:\/\/experienciadevida.com.ar\/portalurbano\/#\/schema\/logo\/image\/\",\"url\":\"https:\/\/experienciadevida.com.ar\/portalurbano\/wp-content\/uploads\/2019\/09\/Logo-Original.png\",\"contentUrl\":\"https:\/\/experienciadevida.com.ar\/portalurbano\/wp-content\/uploads\/2019\/09\/Logo-Original.png\",\"width\":2236,\"height\":1216,\"caption\":\"Portal Urbano\"},\"image\":{\"@id\":\"https:\/\/experienciadevida.com.ar\/portalurbano\/#\/schema\/logo\/image\/\"},\"sameAs\":[\"https:\/\/www.facebook.com\/Portal-Urbano-171542830093757\/\",\"https:\/\/twitter.com\/portalurbanook\",\"https:\/\/www.instagram.com\/_portalurbano\/\",\"https:\/\/www.youtube.com\/channel\/UCXhagIfszH8KxFiOok79zbA?view_as=subscriber\"]},{\"@type\":\"Person\",\"@id\":\"https:\/\/experienciadevida.com.ar\/portalurbano\/#\/schema\/person\/02dd326b1c4b056e9cc972486934a3a7\",\"name\":\"admpu17wp\",\"image\":{\"@type\":\"ImageObject\",\"inLanguage\":\"es\",\"@id\":\"https:\/\/experienciadevida.com.ar\/portalurbano\/#\/schema\/person\/image\/\",\"url\":\"https:\/\/secure.gravatar.com\/avatar\/830d4c57adaae6630765e449a6908047?s=96&d=mm&r=g\",\"contentUrl\":\"https:\/\/secure.gravatar.com\/avatar\/830d4c57adaae6630765e449a6908047?s=96&d=mm&r=g\",\"caption\":\"admpu17wp\"}}]}<\/script>\n<!-- \/ Yoast SEO plugin. -->","yoast_head_json":{"title":"Kicillof y Berni encabezaron el acto de egreso de m\u00e1s de 900 polic\u00edas","description":"Kicillof y Berni encabezaron el acto de egreso de m\u00e1s de 900 polic\u00edas rurales, fue en la ma\u00f1ana de este mi\u00e9rcoles en la escuela de polic\u00eda","robots":{"index":"index","follow":"follow","max-snippet":"max-snippet:-1","max-image-preview":"max-image-preview:large","max-video-preview":"max-video-preview:-1"},"canonical":"https:\/\/experienciadevida.com.ar\/portalurbano\/kicillof-y-berni-encabezaron-el-acto-de-egreso-de-mas-de-900-policias-rurales\/","og_locale":"es_ES","og_type":"article","og_title":"Kicillof y Berni encabezaron el acto de egreso de m\u00e1s de 900 polic\u00edas","og_description":"Kicillof y Berni encabezaron el acto de egreso de m\u00e1s de 900 polic\u00edas rurales, fue en la ma\u00f1ana de este mi\u00e9rcoles en la escuela de polic\u00eda","og_url":"https:\/\/experienciadevida.com.ar\/portalurbano\/kicillof-y-berni-encabezaron-el-acto-de-egreso-de-mas-de-900-policias-rurales\/","article_publisher":"https:\/\/www.facebook.com\/Portal-Urbano-171542830093757\/","article_published_time":"2022-04-06T16:45:49+00:00","article_modified_time":"2022-04-06T17:58:15+00:00","og_image":[{"width":765,"height":510,"url":"https:\/\/experienciadevida.com.ar\/portalurbano\/wp-content\/uploads\/2022\/04\/ACTO.jpg","type":"image\/jpeg"}],"author":"admpu17wp","twitter_card":"summary_large_image","twitter_creator":"@portalurbanook","twitter_site":"@portalurbanook","twitter_misc":{"Escrito por":"admpu17wp","Tiempo de lectura":"10 minutos"},"schema":{"@context":"https:\/\/schema.org","@graph":[{"@type":"Article","@id":"https:\/\/experienciadevida.com.ar\/portalurbano\/kicillof-y-berni-encabezaron-el-acto-de-egreso-de-mas-de-900-policias-rurales\/#article","isPartOf":{"@id":"https:\/\/experienciadevida.com.ar\/portalurbano\/kicillof-y-berni-encabezaron-el-acto-de-egreso-de-mas-de-900-policias-rurales\/"},"author":{"name":"admpu17wp","@id":"https:\/\/experienciadevida.com.ar\/portalurbano\/#\/schema\/person\/02dd326b1c4b056e9cc972486934a3a7"},"headline":"Kicillof y Berni encabezaron el acto de egreso de m\u00e1s de 900 polic\u00edas rurales","datePublished":"2022-04-06T16:45:49+00:00","dateModified":"2022-04-06T17:58:15+00:00","mainEntityOfPage":{"@id":"https:\/\/experienciadevida.com.ar\/portalurbano\/kicillof-y-berni-encabezaron-el-acto-de-egreso-de-mas-de-900-policias-rurales\/"},"wordCount":792,"publisher":{"@id":"https:\/\/experienciadevida.com.ar\/portalurbano\/#organization"},"articleSection":["Ciudad","Destacadas"],"inLanguage":"es"},{"@type":"WebPage","@id":"https:\/\/experienciadevida.com.ar\/portalurbano\/kicillof-y-berni-encabezaron-el-acto-de-egreso-de-mas-de-900-policias-rurales\/","url":"https:\/\/experienciadevida.com.ar\/portalurbano\/kicillof-y-berni-encabezaron-el-acto-de-egreso-de-mas-de-900-policias-rurales\/","name":"Kicillof y Berni encabezaron el acto de egreso de m\u00e1s de 900 polic\u00edas","isPartOf":{"@id":"https:\/\/experienciadevida.com.ar\/portalurbano\/#website"},"datePublished":"2022-04-06T16:45:49+00:00","dateModified":"2022-04-06T17:58:15+00:00","description":"Kicillof y Berni encabezaron el acto de egreso de m\u00e1s de 900 polic\u00edas rurales, fue en la ma\u00f1ana de este mi\u00e9rcoles en la escuela de polic\u00eda","breadcrumb":{"@id":"https:\/\/experienciadevida.com.ar\/portalurbano\/kicillof-y-berni-encabezaron-el-acto-de-egreso-de-mas-de-900-policias-rurales\/#breadcrumb"},"inLanguage":"es","potentialAction":[{"@type":"ReadAction","target":["https:\/\/experienciadevida.com.ar\/portalurbano\/kicillof-y-berni-encabezaron-el-acto-de-egreso-de-mas-de-900-policias-rurales\/"]}]},{"@type":"BreadcrumbList","@id":"https:\/\/experienciadevida.com.ar\/portalurbano\/kicillof-y-berni-encabezaron-el-acto-de-egreso-de-mas-de-900-policias-rurales\/#breadcrumb","itemListElement":[{"@type":"ListItem","position":1,"name":"Portada","item":"https:\/\/experienciadevida.com.ar\/portalurbano\/"},{"@type":"ListItem","position":2,"name":"Kicillof y Berni encabezaron el acto de egreso de m\u00e1s de 900 polic\u00edas rurales"}]},{"@type":"WebSite","@id":"https:\/\/experienciadevida.com.ar\/portalurbano\/#website","url":"https:\/\/experienciadevida.com.ar\/portalurbano\/","name":"","description":"","publisher":{"@id":"https:\/\/experienciadevida.com.ar\/portalurbano\/#organization"},"potentialAction":[{"@type":"SearchAction","target":{"@type":"EntryPoint","urlTemplate":"https:\/\/experienciadevida.com.ar\/portalurbano\/?s={search_term_string}"},"query-input":"required name=search_term_string"}],"inLanguage":"es"},{"@type":"Organization","@id":"https:\/\/experienciadevida.com.ar\/portalurbano\/#organization","name":"Portal Urbano","url":"https:\/\/experienciadevida.com.ar\/portalurbano\/","logo":{"@type":"ImageObject","inLanguage":"es","@id":"https:\/\/experienciadevida.com.ar\/portalurbano\/#\/schema\/logo\/image\/","url":"https:\/\/experienciadevida.com.ar\/portalurbano\/wp-content\/uploads\/2019\/09\/Logo-Original.png","contentUrl":"https:\/\/experienciadevida.com.ar\/portalurbano\/wp-content\/uploads\/2019\/09\/Logo-Original.png","width":2236,"height":1216,"caption":"Portal Urbano"},"image":{"@id":"https:\/\/experienciadevida.com.ar\/portalurbano\/#\/schema\/logo\/image\/"},"sameAs":["https:\/\/www.facebook.com\/Portal-Urbano-171542830093757\/","https:\/\/twitter.com\/portalurbanook","https:\/\/www.instagram.com\/_portalurbano\/","https:\/\/www.youtube.com\/channel\/UCXhagIfszH8KxFiOok79zbA?view_as=subscriber"]},{"@type":"Person","@id":"https:\/\/experienciadevida.com.ar\/portalurbano\/#\/schema\/person\/02dd326b1c4b056e9cc972486934a3a7","name":"admpu17wp","image":{"@type":"ImageObject","inLanguage":"es","@id":"https:\/\/experienciadevida.com.ar\/portalurbano\/#\/schema\/person\/image\/","url":"https:\/\/secure.gravatar.com\/avatar\/830d4c57adaae6630765e449a6908047?s=96&d=mm&r=g","contentUrl":"https:\/\/secure.gravatar.com\/avatar\/830d4c57adaae6630765e449a6908047?s=96&d=mm&r=g","caption":"admpu17wp"}}]}},"featured_image_urls":{"full":["https:\/\/experienciadevida.com.ar\/portalurbano\/wp-content\/uploads\/2022\/04\/ACTO.jpg",765,510,false],"thumbnail":["https:\/\/experienciadevida.com.ar\/portalurbano\/wp-content\/uploads\/2022\/04\/ACTO-150x150.jpg",150,150,true],"medium":["https:\/\/experienciadevida.com.ar\/portalurbano\/wp-content\/uploads\/2022\/04\/ACTO-300x200.jpg",300,200,true],"medium_large":["https:\/\/experienciadevida.com.ar\/portalurbano\/wp-content\/uploads\/2022\/04\/ACTO.jpg",640,427,false],"large":["https:\/\/experienciadevida.com.ar\/portalurbano\/wp-content\/uploads\/2022\/04\/ACTO.jpg",640,427,false],"ug_big":["https:\/\/experienciadevida.com.ar\/portalurbano\/wp-content\/uploads\/2022\/04\/ACTO.jpg",765,510,false],"1536x1536":["https:\/\/experienciadevida.com.ar\/portalurbano\/wp-content\/uploads\/2022\/04\/ACTO.jpg",765,510,false],"2048x2048":["https:\/\/experienciadevida.com.ar\/portalurbano\/wp-content\/uploads\/2022\/04\/ACTO.jpg",765,510,false],"newsever-slider-full":["https:\/\/experienciadevida.com.ar\/portalurbano\/wp-content\/uploads\/2022\/04\/ACTO.jpg",765,510,false],"newsever-featured":["https:\/\/experienciadevida.com.ar\/portalurbano\/wp-content\/uploads\/2022\/04\/ACTO.jpg",765,510,false],"newsever-medium":["https:\/\/experienciadevida.com.ar\/portalurbano\/wp-content\/uploads\/2022\/04\/ACTO.jpg",713,475,false],"web-stories-poster-portrait":["https:\/\/experienciadevida.com.ar\/portalurbano\/wp-content\/uploads\/2022\/04\/ACTO.jpg",640,427,false],"web-stories-publisher-logo":["https:\/\/experienciadevida.com.ar\/portalurbano\/wp-content\/uploads\/2022\/04\/ACTO.jpg",96,64,false],"web-stories-thumbnail":["https:\/\/experienciadevida.com.ar\/portalurbano\/wp-content\/uploads\/2022\/04\/ACTO.jpg",150,100,false]},"author_info":{"display_name":"admpu17wp","author_link":"https:\/\/experienciadevida.com.ar\/portalurbano\/author\/admpu17wp\/"},"category_info":"<a href=\"https:\/\/experienciadevida.com.ar\/portalurbano\/category\/ciudad\/\" rel=\"category tag\">Ciudad<\/a> <a href=\"https:\/\/experienciadevida.com.ar\/portalurbano\/category\/destacadas\/\" rel=\"category tag\">Destacadas<\/a>","tag_info":"Destacadas","comment_count":"0","amp_enabled":true,"_links":{"self":[{"href":"https:\/\/experienciadevida.com.ar\/portalurbano\/wp-json\/wp\/v2\/posts\/165096"}],"collection":[{"href":"https:\/\/experienciadevida.com.ar\/portalurbano\/wp-json\/wp\/v2\/posts"}],"about":[{"href":"https:\/\/experienciadevida.com.ar\/portalurbano\/wp-json\/wp\/v2\/types\/post"}],"author":[{"embeddable":true,"href":"https:\/\/experienciadevida.com.ar\/portalurbano\/wp-json\/wp\/v2\/users\/1"}],"replies":[{"embeddable":true,"href":"https:\/\/experienciadevida.com.ar\/portalurbano\/wp-json\/wp\/v2\/comments?post=165096"}],"version-history":[{"count":10,"href":"https:\/\/experienciadevida.com.ar\/portalurbano\/wp-json\/wp\/v2\/posts\/165096\/revisions"}],"predecessor-version":[{"id":165143,"href":"https:\/\/experienciadevida.com.ar\/portalurbano\/wp-json\/wp\/v2\/posts\/165096\/revisions\/165143"}],"wp:featuredmedia":[{"embeddable":true,"href":"https:\/\/experienciadevida.com.ar\/portalurbano\/wp-json\/wp\/v2\/media\/165097"}],"wp:attachment":[{"href":"https:\/\/experienciadevida.com.ar\/portalurbano\/wp-json\/wp\/v2\/media?parent=165096"}],"wp:term":[{"taxonomy":"category","embeddable":true,"href":"https:\/\/experienciadevida.com.ar\/portalurbano\/wp-json\/wp\/v2\/categories?post=165096"},{"taxonomy":"post_tag","embeddable":true,"href":"https:\/\/experienciadevida.com.ar\/portalurbano\/wp-json\/wp\/v2\/tags?post=165096"}],"curies":[{"name":"wp","href":"https:\/\/api.w.org\/{rel}","templated":true}]}}