{"id":165089,"date":"2022-04-06T09:29:37","date_gmt":"2022-04-06T12:29:37","guid":{"rendered":"https:\/\/experienciadevida.com.ar\/portalurbano\/?p=165089"},"modified":"2022-04-06T09:30:35","modified_gmt":"2022-04-06T12:30:35","slug":"se-inaugura-la-catedra-unesco-de-patrimonio-arqueologico-en-la-facultad-de-ciencias-sociales-2","status":"publish","type":"post","link":"https:\/\/experienciadevida.com.ar\/portalurbano\/se-inaugura-la-catedra-unesco-de-patrimonio-arqueologico-en-la-facultad-de-ciencias-sociales-2\/","title":{"rendered":"Se inaugura la C\u00e1tedra UNESCO de Patrimonio Arqueol\u00f3gico en la Facultad de Ciencias Sociales"},"content":{"rendered":"<p>Se inaugura la C\u00e1tedra UNESCO de Patrimonio Arqueol\u00f3gico en la Facultad de Ciencias Sociales, la <a href=\"https:\/\/www.facebook.com\/facultadcienciassociales.unicen\">Facultad de Ciencias Sociales<\/a> ser\u00e1 sede del acto inaugural de la C\u00e1tedra UNESCO de Patrimonio Arqueol\u00f3gico de la Universidad Nacional del Centro de la Provincia de Buenos Aires, primera de estas caracter\u00edsticas de la UNICEN. El evento se llevar\u00e1 a cabo el viernes 8 de abril desde las 15 horas en el SUM de Aulas Comunes, y ser\u00e1 transmitido en vivo a trav\u00e9s del canal de YouTube de la FACSO.<\/p>\n<p>La c\u00e1tedra recientemente creada es un proyecto que tiene como entidad ejecutora el Doctorado en Arqueolog\u00eda y como copart\u00edcipe al Instituto de Investigaciones Arqueol\u00f3gicas y Paleontol\u00f3gicas del Cuaternario Pampeano INCUAPA (Unidad Ejecutora del CONICET y UNICEN), en especial la l\u00ednea PATRIMONIA, dedicada a los estudios interdisciplinarios de Patrimonio.<\/p>\n<p>Durante la inauguraci\u00f3n tendr\u00e1 lugar la conferencia \u201cDesaf\u00edos actuales del patrimonio arqueol\u00f3gico: el caso de la catedral de Santa Mar\u00eda y el centro hist\u00f3rico de la ciudad de Vitoria (Pa\u00eds Vasco)\u201d. La misma estar\u00e1 a cargo del profesor invitado Dr. Agust\u00edn Azkarate, Director de la C\u00e1tedra UNESCO en Paisajes Culturales y Patrimonio y del Grupo de Investigaci\u00f3n en Patrimonio Construido (GPAC) de la Universidad del Pa\u00eds Vasco, Espa\u00f1a.<\/p>\n<p>La transmisi\u00f3n se llevar\u00e1 adelante en vivo a trav\u00e9s del canal.<\/p>\n<p>Se inaugura la C\u00e1tedra UNESCO de Patrimonio Arqueol\u00f3gico en la Facultad de Ciencias Sociales, las C\u00e1tedras UNESCO surgen en 1992 a trav\u00e9s del Programa UNITWIN (University Twinning and Networking &#8211; Programa de Hermanamiento e Interconexi\u00f3n de Universidades) y C\u00e1tedras UNESCO, con el fin de desarrollar una red a escala internacional para la promoci\u00f3n de la cooperaci\u00f3n interuniversitaria, la movilidad acad\u00e9mica y la transferencia de conocimiento. Se conforman de un equipo dirigido por una instituci\u00f3n de educaci\u00f3n superior, o de investigaci\u00f3n, que se asocia con la UNESCO en un proyecto para promover conocimientos y pr\u00e1cticas en un \u00e1rea de prioridad com\u00fan a nivel mundial, entre las que se incluyen diversas ramas de la ciencia, la tecnolog\u00eda, las ingenier\u00edas, las ciencias sociales y humanas, la paz, la democracia, los derechos humanos, las ciencias de la educaci\u00f3n, la cultura o la comunicaci\u00f3n. Dicho programa re\u00fane a m\u00e1s de 850 instituciones en 117 pa\u00edses y en la actualidad existen en Argentina 20 c\u00e1tedras UNESCO.<\/p>\n<p>C\u00e1tedra de UNESCO de Patrimonio Arqueol\u00f3gico<\/p>\n<p>La C\u00e1tedra de Patrimonio Arqueol\u00f3gico es la primera de su tipo en la UNICEN y tiene por objetivo promover un sistema integrado de actividades de formaci\u00f3n, investigaci\u00f3n, socializaci\u00f3n y sensibilizaci\u00f3n que contribuya a fortalecer la gesti\u00f3n integral y sustentable del patrimonio arqueol\u00f3gico, a nivel regional y nacional.<\/p>\n<p>Se articula a trav\u00e9s de distintas actividades acad\u00e9micas de la Facultad de Ciencias Sociales de la UNICEN, en especial con la oferta de cursos que ofrece el Doctorado en Arqueolog\u00eda en temas relacionados. Incluye la investigaci\u00f3n interdisciplinaria y la producci\u00f3n cient\u00edfica del Instituto INCUAPA (Unidad Ejecutora del CONICET-UNICEN en la Facultad de Ciencias Sociales), espec\u00edficamente a trav\u00e9s del Programa Interdisciplinario de Estudios del Patrimonio PATRIMONIA. Contempla adem\u00e1s actividades de comunicaci\u00f3n, sensibilizaci\u00f3n e intercambio a trav\u00e9s del Observatorio de Patrimonio Cultural de la FACSO. A trav\u00e9s de este proyecto se busca promover una mirada interdisciplinaria, actualizada y plural del patrimonio cultural arqueol\u00f3gico y contribuir a su gesti\u00f3n integral y sustentable.<\/p>\n<p>El equipo de trabajo de este proyecto est\u00e1 dirigido por la Dra. Mar\u00eda Luz Endere e integrado por el Dr. Gustavo Politis, las Dras. Mar\u00eda Gabriela Chaparro, Mar\u00eda Eugenia Conforti, Mercedes Mariano, Carolina In\u00e9s Mariano, Mar\u00eda Vanesa Giacomasso, Valeria Palavecino y Griselda Lemiez. Como colaboradores participan la Dra. Nahir M. Cantar, las Lic. Roc\u00edo Lencina y Micaela M. Baier y los T\u00e9cnicos Profesionales Marcos R. Rodr\u00edguez y Juan Manuel Capuano.<\/p>\n<p>Cabe destacar que el patrimonio cultural est\u00e1 incluido en las propuestas de la UNESCO en el marco de la Agenda 2030 para el Desarrollo Sostenible. En este sentido, a trav\u00e9s de este proyecto se espera contribuir a la comprensi\u00f3n de los procesos por los cuales el patrimonio cultural es constituido como tal, as\u00ed como a su valoraci\u00f3n social y gesti\u00f3n sustentable. Para ello, el aporte interdisciplinario de las Ciencias Sociales resulta fundamental.<\/p>\n","protected":false},"excerpt":{"rendered":"<p>Se inaugura la C\u00e1tedra UNESCO de Patrimonio Arqueol\u00f3gico en la Facultad de Ciencias Sociales, la&#8230;<\/p>\n","protected":false},"author":1,"featured_media":165090,"comment_status":"closed","ping_status":"closed","sticky":false,"template":"","format":"standard","meta":{"content-type":""},"categories":[31],"tags":[],"nelio_content":{"isAutoShareEnabled":false,"autoShareEndMode":"default","automationSources":{"useContentSentences":true,"useSocialTemplates":true,"useCustomSentences":false,"customSentences":[]},"followers":[1],"suggestedReferences":[],"includedReferences":[],"efiUrl":"","efiAlt":"","highlights":[]},"yoast_head":"<!-- This site is optimized with the Yoast SEO plugin v20.7 - https:\/\/yoast.com\/wordpress\/plugins\/seo\/ -->\n<title>Se inaugura la c\u00e1tedra UNESCO de patrimonio arqueol\u00f3gico<\/title>\n<meta name=\"description\" content=\"Se inaugura la C\u00e1tedra UNESCO de Patrimonio Arqueol\u00f3gico en la Facultad de Ciencias Sociales, ser\u00e1 el viernes 8 de abril desde las 15 horas\" \/>\n<meta name=\"robots\" content=\"index, follow, max-snippet:-1, max-image-preview:large, max-video-preview:-1\" \/>\n<link rel=\"canonical\" href=\"https:\/\/experienciadevida.com.ar\/portalurbano\/se-inaugura-la-catedra-unesco-de-patrimonio-arqueologico-en-la-facultad-de-ciencias-sociales-2\/\" \/>\n<meta property=\"og:locale\" content=\"es_ES\" \/>\n<meta property=\"og:type\" content=\"article\" \/>\n<meta property=\"og:title\" content=\"Se inaugura la c\u00e1tedra UNESCO de patrimonio arqueol\u00f3gico\" \/>\n<meta property=\"og:description\" content=\"Se inaugura la C\u00e1tedra UNESCO de Patrimonio Arqueol\u00f3gico en la Facultad de Ciencias Sociales, ser\u00e1 el viernes 8 de abril desde las 15 horas\" \/>\n<meta property=\"og:url\" content=\"https:\/\/experienciadevida.com.ar\/portalurbano\/se-inaugura-la-catedra-unesco-de-patrimonio-arqueologico-en-la-facultad-de-ciencias-sociales-2\/\" \/>\n<meta property=\"article:publisher\" content=\"https:\/\/www.facebook.com\/Portal-Urbano-171542830093757\/\" \/>\n<meta property=\"article:published_time\" content=\"2022-04-06T12:29:37+00:00\" \/>\n<meta property=\"article:modified_time\" content=\"2022-04-06T12:30:35+00:00\" \/>\n<meta property=\"og:image\" content=\"https:\/\/experienciadevida.com.ar\/portalurbano\/wp-content\/uploads\/2022\/04\/Se-inaugura-la-Catedra-1.jpg\" \/>\n\t<meta property=\"og:image:width\" content=\"1000\" \/>\n\t<meta property=\"og:image:height\" content=\"1001\" \/>\n\t<meta property=\"og:image:type\" content=\"image\/jpeg\" \/>\n<meta name=\"author\" content=\"admpu17wp\" \/>\n<meta name=\"twitter:card\" content=\"summary_large_image\" \/>\n<meta name=\"twitter:creator\" content=\"@portalurbanook\" \/>\n<meta name=\"twitter:site\" content=\"@portalurbanook\" \/>\n<meta name=\"twitter:label1\" content=\"Escrito por\" \/>\n\t<meta name=\"twitter:data1\" content=\"admpu17wp\" \/>\n\t<meta name=\"twitter:label2\" content=\"Tiempo de lectura\" \/>\n\t<meta name=\"twitter:data2\" content=\"4 minutos\" \/>\n<script type=\"application\/ld+json\" class=\"yoast-schema-graph\">{\"@context\":\"https:\/\/schema.org\",\"@graph\":[{\"@type\":\"Article\",\"@id\":\"https:\/\/experienciadevida.com.ar\/portalurbano\/se-inaugura-la-catedra-unesco-de-patrimonio-arqueologico-en-la-facultad-de-ciencias-sociales-2\/#article\",\"isPartOf\":{\"@id\":\"https:\/\/experienciadevida.com.ar\/portalurbano\/se-inaugura-la-catedra-unesco-de-patrimonio-arqueologico-en-la-facultad-de-ciencias-sociales-2\/\"},\"author\":{\"name\":\"admpu17wp\",\"@id\":\"https:\/\/experienciadevida.com.ar\/portalurbano\/#\/schema\/person\/02dd326b1c4b056e9cc972486934a3a7\"},\"headline\":\"Se inaugura la C\u00e1tedra UNESCO de Patrimonio Arqueol\u00f3gico en la Facultad de Ciencias Sociales\",\"datePublished\":\"2022-04-06T12:29:37+00:00\",\"dateModified\":\"2022-04-06T12:30:35+00:00\",\"mainEntityOfPage\":{\"@id\":\"https:\/\/experienciadevida.com.ar\/portalurbano\/se-inaugura-la-catedra-unesco-de-patrimonio-arqueologico-en-la-facultad-de-ciencias-sociales-2\/\"},\"wordCount\":769,\"publisher\":{\"@id\":\"https:\/\/experienciadevida.com.ar\/portalurbano\/#organization\"},\"articleSection\":[\"Educaci\u00f3n\"],\"inLanguage\":\"es\"},{\"@type\":\"WebPage\",\"@id\":\"https:\/\/experienciadevida.com.ar\/portalurbano\/se-inaugura-la-catedra-unesco-de-patrimonio-arqueologico-en-la-facultad-de-ciencias-sociales-2\/\",\"url\":\"https:\/\/experienciadevida.com.ar\/portalurbano\/se-inaugura-la-catedra-unesco-de-patrimonio-arqueologico-en-la-facultad-de-ciencias-sociales-2\/\",\"name\":\"Se inaugura la c\u00e1tedra UNESCO de patrimonio arqueol\u00f3gico\",\"isPartOf\":{\"@id\":\"https:\/\/experienciadevida.com.ar\/portalurbano\/#website\"},\"datePublished\":\"2022-04-06T12:29:37+00:00\",\"dateModified\":\"2022-04-06T12:30:35+00:00\",\"description\":\"Se inaugura la C\u00e1tedra UNESCO de Patrimonio Arqueol\u00f3gico en la Facultad de Ciencias Sociales, ser\u00e1 el viernes 8 de abril desde las 15 horas\",\"breadcrumb\":{\"@id\":\"https:\/\/experienciadevida.com.ar\/portalurbano\/se-inaugura-la-catedra-unesco-de-patrimonio-arqueologico-en-la-facultad-de-ciencias-sociales-2\/#breadcrumb\"},\"inLanguage\":\"es\",\"potentialAction\":[{\"@type\":\"ReadAction\",\"target\":[\"https:\/\/experienciadevida.com.ar\/portalurbano\/se-inaugura-la-catedra-unesco-de-patrimonio-arqueologico-en-la-facultad-de-ciencias-sociales-2\/\"]}]},{\"@type\":\"BreadcrumbList\",\"@id\":\"https:\/\/experienciadevida.com.ar\/portalurbano\/se-inaugura-la-catedra-unesco-de-patrimonio-arqueologico-en-la-facultad-de-ciencias-sociales-2\/#breadcrumb\",\"itemListElement\":[{\"@type\":\"ListItem\",\"position\":1,\"name\":\"Portada\",\"item\":\"https:\/\/experienciadevida.com.ar\/portalurbano\/\"},{\"@type\":\"ListItem\",\"position\":2,\"name\":\"Se inaugura la C\u00e1tedra UNESCO de Patrimonio Arqueol\u00f3gico en la Facultad de Ciencias Sociales\"}]},{\"@type\":\"WebSite\",\"@id\":\"https:\/\/experienciadevida.com.ar\/portalurbano\/#website\",\"url\":\"https:\/\/experienciadevida.com.ar\/portalurbano\/\",\"name\":\"\",\"description\":\"\",\"publisher\":{\"@id\":\"https:\/\/experienciadevida.com.ar\/portalurbano\/#organization\"},\"potentialAction\":[{\"@type\":\"SearchAction\",\"target\":{\"@type\":\"EntryPoint\",\"urlTemplate\":\"https:\/\/experienciadevida.com.ar\/portalurbano\/?s={search_term_string}\"},\"query-input\":\"required name=search_term_string\"}],\"inLanguage\":\"es\"},{\"@type\":\"Organization\",\"@id\":\"https:\/\/experienciadevida.com.ar\/portalurbano\/#organization\",\"name\":\"Portal Urbano\",\"url\":\"https:\/\/experienciadevida.com.ar\/portalurbano\/\",\"logo\":{\"@type\":\"ImageObject\",\"inLanguage\":\"es\",\"@id\":\"https:\/\/experienciadevida.com.ar\/portalurbano\/#\/schema\/logo\/image\/\",\"url\":\"https:\/\/experienciadevida.com.ar\/portalurbano\/wp-content\/uploads\/2019\/09\/Logo-Original.png\",\"contentUrl\":\"https:\/\/experienciadevida.com.ar\/portalurbano\/wp-content\/uploads\/2019\/09\/Logo-Original.png\",\"width\":2236,\"height\":1216,\"caption\":\"Portal Urbano\"},\"image\":{\"@id\":\"https:\/\/experienciadevida.com.ar\/portalurbano\/#\/schema\/logo\/image\/\"},\"sameAs\":[\"https:\/\/www.facebook.com\/Portal-Urbano-171542830093757\/\",\"https:\/\/twitter.com\/portalurbanook\",\"https:\/\/www.instagram.com\/_portalurbano\/\",\"https:\/\/www.youtube.com\/channel\/UCXhagIfszH8KxFiOok79zbA?view_as=subscriber\"]},{\"@type\":\"Person\",\"@id\":\"https:\/\/experienciadevida.com.ar\/portalurbano\/#\/schema\/person\/02dd326b1c4b056e9cc972486934a3a7\",\"name\":\"admpu17wp\",\"image\":{\"@type\":\"ImageObject\",\"inLanguage\":\"es\",\"@id\":\"https:\/\/experienciadevida.com.ar\/portalurbano\/#\/schema\/person\/image\/\",\"url\":\"https:\/\/secure.gravatar.com\/avatar\/830d4c57adaae6630765e449a6908047?s=96&d=mm&r=g\",\"contentUrl\":\"https:\/\/secure.gravatar.com\/avatar\/830d4c57adaae6630765e449a6908047?s=96&d=mm&r=g\",\"caption\":\"admpu17wp\"}}]}<\/script>\n<!-- \/ Yoast SEO plugin. -->","yoast_head_json":{"title":"Se inaugura la c\u00e1tedra UNESCO de patrimonio arqueol\u00f3gico","description":"Se inaugura la C\u00e1tedra UNESCO de Patrimonio Arqueol\u00f3gico en la Facultad de Ciencias Sociales, ser\u00e1 el viernes 8 de abril desde las 15 horas","robots":{"index":"index","follow":"follow","max-snippet":"max-snippet:-1","max-image-preview":"max-image-preview:large","max-video-preview":"max-video-preview:-1"},"canonical":"https:\/\/experienciadevida.com.ar\/portalurbano\/se-inaugura-la-catedra-unesco-de-patrimonio-arqueologico-en-la-facultad-de-ciencias-sociales-2\/","og_locale":"es_ES","og_type":"article","og_title":"Se inaugura la c\u00e1tedra UNESCO de patrimonio arqueol\u00f3gico","og_description":"Se inaugura la C\u00e1tedra UNESCO de Patrimonio Arqueol\u00f3gico en la Facultad de Ciencias Sociales, ser\u00e1 el viernes 8 de abril desde las 15 horas","og_url":"https:\/\/experienciadevida.com.ar\/portalurbano\/se-inaugura-la-catedra-unesco-de-patrimonio-arqueologico-en-la-facultad-de-ciencias-sociales-2\/","article_publisher":"https:\/\/www.facebook.com\/Portal-Urbano-171542830093757\/","article_published_time":"2022-04-06T12:29:37+00:00","article_modified_time":"2022-04-06T12:30:35+00:00","og_image":[{"width":1000,"height":1001,"url":"https:\/\/experienciadevida.com.ar\/portalurbano\/wp-content\/uploads\/2022\/04\/Se-inaugura-la-Catedra-1.jpg","type":"image\/jpeg"}],"author":"admpu17wp","twitter_card":"summary_large_image","twitter_creator":"@portalurbanook","twitter_site":"@portalurbanook","twitter_misc":{"Escrito por":"admpu17wp","Tiempo de lectura":"4 minutos"},"schema":{"@context":"https:\/\/schema.org","@graph":[{"@type":"Article","@id":"https:\/\/experienciadevida.com.ar\/portalurbano\/se-inaugura-la-catedra-unesco-de-patrimonio-arqueologico-en-la-facultad-de-ciencias-sociales-2\/#article","isPartOf":{"@id":"https:\/\/experienciadevida.com.ar\/portalurbano\/se-inaugura-la-catedra-unesco-de-patrimonio-arqueologico-en-la-facultad-de-ciencias-sociales-2\/"},"author":{"name":"admpu17wp","@id":"https:\/\/experienciadevida.com.ar\/portalurbano\/#\/schema\/person\/02dd326b1c4b056e9cc972486934a3a7"},"headline":"Se inaugura la C\u00e1tedra UNESCO de Patrimonio Arqueol\u00f3gico en la Facultad de Ciencias Sociales","datePublished":"2022-04-06T12:29:37+00:00","dateModified":"2022-04-06T12:30:35+00:00","mainEntityOfPage":{"@id":"https:\/\/experienciadevida.com.ar\/portalurbano\/se-inaugura-la-catedra-unesco-de-patrimonio-arqueologico-en-la-facultad-de-ciencias-sociales-2\/"},"wordCount":769,"publisher":{"@id":"https:\/\/experienciadevida.com.ar\/portalurbano\/#organization"},"articleSection":["Educaci\u00f3n"],"inLanguage":"es"},{"@type":"WebPage","@id":"https:\/\/experienciadevida.com.ar\/portalurbano\/se-inaugura-la-catedra-unesco-de-patrimonio-arqueologico-en-la-facultad-de-ciencias-sociales-2\/","url":"https:\/\/experienciadevida.com.ar\/portalurbano\/se-inaugura-la-catedra-unesco-de-patrimonio-arqueologico-en-la-facultad-de-ciencias-sociales-2\/","name":"Se inaugura la c\u00e1tedra UNESCO de patrimonio arqueol\u00f3gico","isPartOf":{"@id":"https:\/\/experienciadevida.com.ar\/portalurbano\/#website"},"datePublished":"2022-04-06T12:29:37+00:00","dateModified":"2022-04-06T12:30:35+00:00","description":"Se inaugura la C\u00e1tedra UNESCO de Patrimonio Arqueol\u00f3gico en la Facultad de Ciencias Sociales, ser\u00e1 el viernes 8 de abril desde las 15 horas","breadcrumb":{"@id":"https:\/\/experienciadevida.com.ar\/portalurbano\/se-inaugura-la-catedra-unesco-de-patrimonio-arqueologico-en-la-facultad-de-ciencias-sociales-2\/#breadcrumb"},"inLanguage":"es","potentialAction":[{"@type":"ReadAction","target":["https:\/\/experienciadevida.com.ar\/portalurbano\/se-inaugura-la-catedra-unesco-de-patrimonio-arqueologico-en-la-facultad-de-ciencias-sociales-2\/"]}]},{"@type":"BreadcrumbList","@id":"https:\/\/experienciadevida.com.ar\/portalurbano\/se-inaugura-la-catedra-unesco-de-patrimonio-arqueologico-en-la-facultad-de-ciencias-sociales-2\/#breadcrumb","itemListElement":[{"@type":"ListItem","position":1,"name":"Portada","item":"https:\/\/experienciadevida.com.ar\/portalurbano\/"},{"@type":"ListItem","position":2,"name":"Se inaugura la C\u00e1tedra UNESCO de Patrimonio Arqueol\u00f3gico en la Facultad de Ciencias Sociales"}]},{"@type":"WebSite","@id":"https:\/\/experienciadevida.com.ar\/portalurbano\/#website","url":"https:\/\/experienciadevida.com.ar\/portalurbano\/","name":"","description":"","publisher":{"@id":"https:\/\/experienciadevida.com.ar\/portalurbano\/#organization"},"potentialAction":[{"@type":"SearchAction","target":{"@type":"EntryPoint","urlTemplate":"https:\/\/experienciadevida.com.ar\/portalurbano\/?s={search_term_string}"},"query-input":"required name=search_term_string"}],"inLanguage":"es"},{"@type":"Organization","@id":"https:\/\/experienciadevida.com.ar\/portalurbano\/#organization","name":"Portal Urbano","url":"https:\/\/experienciadevida.com.ar\/portalurbano\/","logo":{"@type":"ImageObject","inLanguage":"es","@id":"https:\/\/experienciadevida.com.ar\/portalurbano\/#\/schema\/logo\/image\/","url":"https:\/\/experienciadevida.com.ar\/portalurbano\/wp-content\/uploads\/2019\/09\/Logo-Original.png","contentUrl":"https:\/\/experienciadevida.com.ar\/portalurbano\/wp-content\/uploads\/2019\/09\/Logo-Original.png","width":2236,"height":1216,"caption":"Portal Urbano"},"image":{"@id":"https:\/\/experienciadevida.com.ar\/portalurbano\/#\/schema\/logo\/image\/"},"sameAs":["https:\/\/www.facebook.com\/Portal-Urbano-171542830093757\/","https:\/\/twitter.com\/portalurbanook","https:\/\/www.instagram.com\/_portalurbano\/","https:\/\/www.youtube.com\/channel\/UCXhagIfszH8KxFiOok79zbA?view_as=subscriber"]},{"@type":"Person","@id":"https:\/\/experienciadevida.com.ar\/portalurbano\/#\/schema\/person\/02dd326b1c4b056e9cc972486934a3a7","name":"admpu17wp","image":{"@type":"ImageObject","inLanguage":"es","@id":"https:\/\/experienciadevida.com.ar\/portalurbano\/#\/schema\/person\/image\/","url":"https:\/\/secure.gravatar.com\/avatar\/830d4c57adaae6630765e449a6908047?s=96&d=mm&r=g","contentUrl":"https:\/\/secure.gravatar.com\/avatar\/830d4c57adaae6630765e449a6908047?s=96&d=mm&r=g","caption":"admpu17wp"}}]}},"featured_image_urls":{"full":["https:\/\/experienciadevida.com.ar\/portalurbano\/wp-content\/uploads\/2022\/04\/Se-inaugura-la-Catedra-1.jpg",1000,1001,false],"thumbnail":["https:\/\/experienciadevida.com.ar\/portalurbano\/wp-content\/uploads\/2022\/04\/Se-inaugura-la-Catedra-1-150x150.jpg",150,150,true],"medium":["https:\/\/experienciadevida.com.ar\/portalurbano\/wp-content\/uploads\/2022\/04\/Se-inaugura-la-Catedra-1-300x300.jpg",300,300,true],"medium_large":["https:\/\/experienciadevida.com.ar\/portalurbano\/wp-content\/uploads\/2022\/04\/Se-inaugura-la-Catedra-1-768x769.jpg",640,641,true],"large":["https:\/\/experienciadevida.com.ar\/portalurbano\/wp-content\/uploads\/2022\/04\/Se-inaugura-la-Catedra-1.jpg",640,641,false],"ug_big":["https:\/\/experienciadevida.com.ar\/portalurbano\/wp-content\/uploads\/2022\/04\/Se-inaugura-la-Catedra-1-768x768.jpg",768,768,true],"1536x1536":["https:\/\/experienciadevida.com.ar\/portalurbano\/wp-content\/uploads\/2022\/04\/Se-inaugura-la-Catedra-1.jpg",1000,1001,false],"2048x2048":["https:\/\/experienciadevida.com.ar\/portalurbano\/wp-content\/uploads\/2022\/04\/Se-inaugura-la-Catedra-1.jpg",1000,1001,false],"newsever-slider-full":["https:\/\/experienciadevida.com.ar\/portalurbano\/wp-content\/uploads\/2022\/04\/Se-inaugura-la-Catedra-1.jpg",844,845,false],"newsever-featured":["https:\/\/experienciadevida.com.ar\/portalurbano\/wp-content\/uploads\/2022\/04\/Se-inaugura-la-Catedra-1.jpg",1000,1001,false],"newsever-medium":["https:\/\/experienciadevida.com.ar\/portalurbano\/wp-content\/uploads\/2022\/04\/Se-inaugura-la-Catedra-1.jpg",475,475,false],"web-stories-poster-portrait":["https:\/\/experienciadevida.com.ar\/portalurbano\/wp-content\/uploads\/2022\/04\/Se-inaugura-la-Catedra-1.jpg",640,641,false],"web-stories-publisher-logo":["https:\/\/experienciadevida.com.ar\/portalurbano\/wp-content\/uploads\/2022\/04\/Se-inaugura-la-Catedra-1.jpg",96,96,false],"web-stories-thumbnail":["https:\/\/experienciadevida.com.ar\/portalurbano\/wp-content\/uploads\/2022\/04\/Se-inaugura-la-Catedra-1.jpg",150,150,false]},"author_info":{"display_name":"admpu17wp","author_link":"https:\/\/experienciadevida.com.ar\/portalurbano\/author\/admpu17wp\/"},"category_info":"<a href=\"https:\/\/experienciadevida.com.ar\/portalurbano\/category\/ciudad\/educacion\/\" rel=\"category tag\">Educaci\u00f3n<\/a>","tag_info":"Educaci\u00f3n","comment_count":"0","amp_enabled":true,"_links":{"self":[{"href":"https:\/\/experienciadevida.com.ar\/portalurbano\/wp-json\/wp\/v2\/posts\/165089"}],"collection":[{"href":"https:\/\/experienciadevida.com.ar\/portalurbano\/wp-json\/wp\/v2\/posts"}],"about":[{"href":"https:\/\/experienciadevida.com.ar\/portalurbano\/wp-json\/wp\/v2\/types\/post"}],"author":[{"embeddable":true,"href":"https:\/\/experienciadevida.com.ar\/portalurbano\/wp-json\/wp\/v2\/users\/1"}],"replies":[{"embeddable":true,"href":"https:\/\/experienciadevida.com.ar\/portalurbano\/wp-json\/wp\/v2\/comments?post=165089"}],"version-history":[{"count":2,"href":"https:\/\/experienciadevida.com.ar\/portalurbano\/wp-json\/wp\/v2\/posts\/165089\/revisions"}],"predecessor-version":[{"id":165092,"href":"https:\/\/experienciadevida.com.ar\/portalurbano\/wp-json\/wp\/v2\/posts\/165089\/revisions\/165092"}],"wp:featuredmedia":[{"embeddable":true,"href":"https:\/\/experienciadevida.com.ar\/portalurbano\/wp-json\/wp\/v2\/media\/165090"}],"wp:attachment":[{"href":"https:\/\/experienciadevida.com.ar\/portalurbano\/wp-json\/wp\/v2\/media?parent=165089"}],"wp:term":[{"taxonomy":"category","embeddable":true,"href":"https:\/\/experienciadevida.com.ar\/portalurbano\/wp-json\/wp\/v2\/categories?post=165089"},{"taxonomy":"post_tag","embeddable":true,"href":"https:\/\/experienciadevida.com.ar\/portalurbano\/wp-json\/wp\/v2\/tags?post=165089"}],"curies":[{"name":"wp","href":"https:\/\/api.w.org\/{rel}","templated":true}]}}