{"id":165051,"date":"2022-04-05T15:58:42","date_gmt":"2022-04-05T18:58:42","guid":{"rendered":"https:\/\/experienciadevida.com.ar\/portalurbano\/?p=165051"},"modified":"2022-04-05T16:00:48","modified_gmt":"2022-04-05T19:00:48","slug":"ante-el-pronostico-desfavorable-para-el-fin-de-semana-se-reprograma-sabores-del-mundo","status":"publish","type":"post","link":"https:\/\/experienciadevida.com.ar\/portalurbano\/ante-el-pronostico-desfavorable-para-el-fin-de-semana-se-reprograma-sabores-del-mundo\/","title":{"rendered":"Ante el pron\u00f3stico desfavorable para el fin de semana se reprograma &#8220;sabores del mundo&#8221;"},"content":{"rendered":"<p>Ante el pron\u00f3stico desfavorable para el fin de semana se reprograma &#8220;sabores del mundo&#8221;, as\u00ed lo hicieron saber mediante un comunicado.<\/p>\n<p>Durante este fin de semana estaba prevista la realizaci\u00f3n de la feria itinerante \u201cSabores del Mundo\u201d en el Centro Cultural San Jos\u00e9, pero ante el pron\u00f3stico de clima desfavorable que puede observarse se ha decidi\u00f3 reprogramar.<\/p>\n<p>La nueva fecha prevista ser\u00e1 el 6, 7 y 8 de mayo con las mismas propuestas que ya se hab\u00edan anunciado.<\/p>\n<p>Al respecto, el Subsecretario de Cultura y Educaci\u00f3n Bruno Cenizo resalt\u00f3 que: \u201ceste evento demanda una log\u00edstica de armado muy importante tanto para nosotros como para los organizadores, por lo cual el pron\u00f3stico de tiempo y la probabilidad de mal clima, nos obliga a tomar esta decisi\u00f3n con unos d\u00edas de anterioridad\u201d.<\/p>\n<p>\u201cPara nosotros lo fundamental es que la gente pueda disfrutar a pleno de esta feria, los chicos de los juegos y el espacio destinado para ellos y los artistas locales puedan ser parte del mismo; por eso priorizamos reprogramar para otra fecha y no que se vea empa\u00f1ado por el clima\u201d, se\u00f1al\u00f3 <a href=\"https:\/\/www.instagram.com\/brunocenizo\/?hl=es-la\">Bruno Cenizo.<\/a><\/p>\n<p>Recordemos que estaba prevista la llegada de m\u00e1s 30 stands de cocina tradicional, 150 stands de artesanos y juegos infantiles y de recreaci\u00f3n para la familia, artesanos y artistas locales que formar\u00edan parte de la actividad gastron\u00f3mica y cultural.<\/p>\n<p>Sabores del Mundo, es una Feria itinerante de comidas t\u00edpicas del mundo y artesanos, integrada por emprendedores. Esta fiesta tiene por objeto, la difusi\u00f3n cultural a trav\u00e9s de las artesan\u00edas, los productos regionales de nuestro pa\u00eds y la cocina t\u00edpica aut\u00f3ctona y del mundo, a partir de muestras itinerantes de primer nivel.<\/p>\n","protected":false},"excerpt":{"rendered":"<p>Ante el pron\u00f3stico desfavorable para el fin de semana se reprograma &#8220;sabores del mundo&#8221;, as\u00ed&#8230;<\/p>\n","protected":false},"author":1,"featured_media":165052,"comment_status":"closed","ping_status":"closed","sticky":false,"template":"","format":"standard","meta":{"content-type":""},"categories":[27,51],"tags":[],"nelio_content":{"isAutoShareEnabled":false,"autoShareEndMode":"default","automationSources":{"useContentSentences":true,"useSocialTemplates":true,"useCustomSentences":false,"customSentences":[]},"followers":[1],"suggestedReferences":[],"includedReferences":[],"efiUrl":"","efiAlt":"","highlights":[]},"yoast_head":"<!-- This site is optimized with the Yoast SEO plugin v20.7 - https:\/\/yoast.com\/wordpress\/plugins\/seo\/ -->\n<title>Ante el pron\u00f3stico desfavorable se reprograma sabores del mundo<\/title>\n<meta name=\"description\" content=\"Ante el pron\u00f3stico desfavorable para el fin de semana se reprograma &quot;sabores del mundo&quot;, as\u00ed lo hicieron saber en un comunicado\" \/>\n<meta name=\"robots\" content=\"index, follow, max-snippet:-1, max-image-preview:large, max-video-preview:-1\" \/>\n<link rel=\"canonical\" href=\"https:\/\/experienciadevida.com.ar\/portalurbano\/ante-el-pronostico-desfavorable-para-el-fin-de-semana-se-reprograma-sabores-del-mundo\/\" \/>\n<meta property=\"og:locale\" content=\"es_ES\" \/>\n<meta property=\"og:type\" content=\"article\" \/>\n<meta property=\"og:title\" content=\"Ante el pron\u00f3stico desfavorable se reprograma sabores del mundo\" \/>\n<meta property=\"og:description\" content=\"Ante el pron\u00f3stico desfavorable para el fin de semana se reprograma &quot;sabores del mundo&quot;, as\u00ed lo hicieron saber en un comunicado\" \/>\n<meta property=\"og:url\" content=\"https:\/\/experienciadevida.com.ar\/portalurbano\/ante-el-pronostico-desfavorable-para-el-fin-de-semana-se-reprograma-sabores-del-mundo\/\" \/>\n<meta property=\"article:publisher\" content=\"https:\/\/www.facebook.com\/Portal-Urbano-171542830093757\/\" \/>\n<meta property=\"article:published_time\" content=\"2022-04-05T18:58:42+00:00\" \/>\n<meta property=\"article:modified_time\" content=\"2022-04-05T19:00:48+00:00\" \/>\n<meta property=\"og:image\" content=\"https:\/\/experienciadevida.com.ar\/portalurbano\/wp-content\/uploads\/2022\/04\/Ante-el-pronostico-desfavorable.jpg\" \/>\n\t<meta property=\"og:image:width\" content=\"1024\" \/>\n\t<meta property=\"og:image:height\" content=\"683\" \/>\n\t<meta property=\"og:image:type\" content=\"image\/jpeg\" \/>\n<meta name=\"author\" content=\"admpu17wp\" \/>\n<meta name=\"twitter:card\" content=\"summary_large_image\" \/>\n<meta name=\"twitter:creator\" content=\"@portalurbanook\" \/>\n<meta name=\"twitter:site\" content=\"@portalurbanook\" \/>\n<meta name=\"twitter:label1\" content=\"Escrito por\" \/>\n\t<meta name=\"twitter:data1\" content=\"admpu17wp\" \/>\n\t<meta name=\"twitter:label2\" content=\"Tiempo de lectura\" \/>\n\t<meta name=\"twitter:data2\" content=\"2 minutos\" \/>\n<script type=\"application\/ld+json\" class=\"yoast-schema-graph\">{\"@context\":\"https:\/\/schema.org\",\"@graph\":[{\"@type\":\"Article\",\"@id\":\"https:\/\/experienciadevida.com.ar\/portalurbano\/ante-el-pronostico-desfavorable-para-el-fin-de-semana-se-reprograma-sabores-del-mundo\/#article\",\"isPartOf\":{\"@id\":\"https:\/\/experienciadevida.com.ar\/portalurbano\/ante-el-pronostico-desfavorable-para-el-fin-de-semana-se-reprograma-sabores-del-mundo\/\"},\"author\":{\"name\":\"admpu17wp\",\"@id\":\"https:\/\/experienciadevida.com.ar\/portalurbano\/#\/schema\/person\/02dd326b1c4b056e9cc972486934a3a7\"},\"headline\":\"Ante el pron\u00f3stico desfavorable para el fin de semana se reprograma &#8220;sabores del mundo&#8221;\",\"datePublished\":\"2022-04-05T18:58:42+00:00\",\"dateModified\":\"2022-04-05T19:00:48+00:00\",\"mainEntityOfPage\":{\"@id\":\"https:\/\/experienciadevida.com.ar\/portalurbano\/ante-el-pronostico-desfavorable-para-el-fin-de-semana-se-reprograma-sabores-del-mundo\/\"},\"wordCount\":307,\"publisher\":{\"@id\":\"https:\/\/experienciadevida.com.ar\/portalurbano\/#organization\"},\"articleSection\":[\"Ciudad\",\"Destacadas\"],\"inLanguage\":\"es\"},{\"@type\":\"WebPage\",\"@id\":\"https:\/\/experienciadevida.com.ar\/portalurbano\/ante-el-pronostico-desfavorable-para-el-fin-de-semana-se-reprograma-sabores-del-mundo\/\",\"url\":\"https:\/\/experienciadevida.com.ar\/portalurbano\/ante-el-pronostico-desfavorable-para-el-fin-de-semana-se-reprograma-sabores-del-mundo\/\",\"name\":\"Ante el pron\u00f3stico desfavorable se reprograma sabores del mundo\",\"isPartOf\":{\"@id\":\"https:\/\/experienciadevida.com.ar\/portalurbano\/#website\"},\"datePublished\":\"2022-04-05T18:58:42+00:00\",\"dateModified\":\"2022-04-05T19:00:48+00:00\",\"description\":\"Ante el pron\u00f3stico desfavorable para el fin de semana se reprograma \\\"sabores del mundo\\\", as\u00ed lo hicieron saber en un comunicado\",\"breadcrumb\":{\"@id\":\"https:\/\/experienciadevida.com.ar\/portalurbano\/ante-el-pronostico-desfavorable-para-el-fin-de-semana-se-reprograma-sabores-del-mundo\/#breadcrumb\"},\"inLanguage\":\"es\",\"potentialAction\":[{\"@type\":\"ReadAction\",\"target\":[\"https:\/\/experienciadevida.com.ar\/portalurbano\/ante-el-pronostico-desfavorable-para-el-fin-de-semana-se-reprograma-sabores-del-mundo\/\"]}]},{\"@type\":\"BreadcrumbList\",\"@id\":\"https:\/\/experienciadevida.com.ar\/portalurbano\/ante-el-pronostico-desfavorable-para-el-fin-de-semana-se-reprograma-sabores-del-mundo\/#breadcrumb\",\"itemListElement\":[{\"@type\":\"ListItem\",\"position\":1,\"name\":\"Portada\",\"item\":\"https:\/\/experienciadevida.com.ar\/portalurbano\/\"},{\"@type\":\"ListItem\",\"position\":2,\"name\":\"Ante el pron\u00f3stico desfavorable para el fin de semana se reprograma \u00absabores del mundo\u00bb\"}]},{\"@type\":\"WebSite\",\"@id\":\"https:\/\/experienciadevida.com.ar\/portalurbano\/#website\",\"url\":\"https:\/\/experienciadevida.com.ar\/portalurbano\/\",\"name\":\"\",\"description\":\"\",\"publisher\":{\"@id\":\"https:\/\/experienciadevida.com.ar\/portalurbano\/#organization\"},\"potentialAction\":[{\"@type\":\"SearchAction\",\"target\":{\"@type\":\"EntryPoint\",\"urlTemplate\":\"https:\/\/experienciadevida.com.ar\/portalurbano\/?s={search_term_string}\"},\"query-input\":\"required name=search_term_string\"}],\"inLanguage\":\"es\"},{\"@type\":\"Organization\",\"@id\":\"https:\/\/experienciadevida.com.ar\/portalurbano\/#organization\",\"name\":\"Portal Urbano\",\"url\":\"https:\/\/experienciadevida.com.ar\/portalurbano\/\",\"logo\":{\"@type\":\"ImageObject\",\"inLanguage\":\"es\",\"@id\":\"https:\/\/experienciadevida.com.ar\/portalurbano\/#\/schema\/logo\/image\/\",\"url\":\"https:\/\/experienciadevida.com.ar\/portalurbano\/wp-content\/uploads\/2019\/09\/Logo-Original.png\",\"contentUrl\":\"https:\/\/experienciadevida.com.ar\/portalurbano\/wp-content\/uploads\/2019\/09\/Logo-Original.png\",\"width\":2236,\"height\":1216,\"caption\":\"Portal Urbano\"},\"image\":{\"@id\":\"https:\/\/experienciadevida.com.ar\/portalurbano\/#\/schema\/logo\/image\/\"},\"sameAs\":[\"https:\/\/www.facebook.com\/Portal-Urbano-171542830093757\/\",\"https:\/\/twitter.com\/portalurbanook\",\"https:\/\/www.instagram.com\/_portalurbano\/\",\"https:\/\/www.youtube.com\/channel\/UCXhagIfszH8KxFiOok79zbA?view_as=subscriber\"]},{\"@type\":\"Person\",\"@id\":\"https:\/\/experienciadevida.com.ar\/portalurbano\/#\/schema\/person\/02dd326b1c4b056e9cc972486934a3a7\",\"name\":\"admpu17wp\",\"image\":{\"@type\":\"ImageObject\",\"inLanguage\":\"es\",\"@id\":\"https:\/\/experienciadevida.com.ar\/portalurbano\/#\/schema\/person\/image\/\",\"url\":\"https:\/\/secure.gravatar.com\/avatar\/830d4c57adaae6630765e449a6908047?s=96&d=mm&r=g\",\"contentUrl\":\"https:\/\/secure.gravatar.com\/avatar\/830d4c57adaae6630765e449a6908047?s=96&d=mm&r=g\",\"caption\":\"admpu17wp\"}}]}<\/script>\n<!-- \/ Yoast SEO plugin. -->","yoast_head_json":{"title":"Ante el pron\u00f3stico desfavorable se reprograma sabores del mundo","description":"Ante el pron\u00f3stico desfavorable para el fin de semana se reprograma \"sabores del mundo\", as\u00ed lo hicieron saber en un comunicado","robots":{"index":"index","follow":"follow","max-snippet":"max-snippet:-1","max-image-preview":"max-image-preview:large","max-video-preview":"max-video-preview:-1"},"canonical":"https:\/\/experienciadevida.com.ar\/portalurbano\/ante-el-pronostico-desfavorable-para-el-fin-de-semana-se-reprograma-sabores-del-mundo\/","og_locale":"es_ES","og_type":"article","og_title":"Ante el pron\u00f3stico desfavorable se reprograma sabores del mundo","og_description":"Ante el pron\u00f3stico desfavorable para el fin de semana se reprograma \"sabores del mundo\", as\u00ed lo hicieron saber en un comunicado","og_url":"https:\/\/experienciadevida.com.ar\/portalurbano\/ante-el-pronostico-desfavorable-para-el-fin-de-semana-se-reprograma-sabores-del-mundo\/","article_publisher":"https:\/\/www.facebook.com\/Portal-Urbano-171542830093757\/","article_published_time":"2022-04-05T18:58:42+00:00","article_modified_time":"2022-04-05T19:00:48+00:00","og_image":[{"width":1024,"height":683,"url":"https:\/\/experienciadevida.com.ar\/portalurbano\/wp-content\/uploads\/2022\/04\/Ante-el-pronostico-desfavorable.jpg","type":"image\/jpeg"}],"author":"admpu17wp","twitter_card":"summary_large_image","twitter_creator":"@portalurbanook","twitter_site":"@portalurbanook","twitter_misc":{"Escrito por":"admpu17wp","Tiempo de lectura":"2 minutos"},"schema":{"@context":"https:\/\/schema.org","@graph":[{"@type":"Article","@id":"https:\/\/experienciadevida.com.ar\/portalurbano\/ante-el-pronostico-desfavorable-para-el-fin-de-semana-se-reprograma-sabores-del-mundo\/#article","isPartOf":{"@id":"https:\/\/experienciadevida.com.ar\/portalurbano\/ante-el-pronostico-desfavorable-para-el-fin-de-semana-se-reprograma-sabores-del-mundo\/"},"author":{"name":"admpu17wp","@id":"https:\/\/experienciadevida.com.ar\/portalurbano\/#\/schema\/person\/02dd326b1c4b056e9cc972486934a3a7"},"headline":"Ante el pron\u00f3stico desfavorable para el fin de semana se reprograma &#8220;sabores del mundo&#8221;","datePublished":"2022-04-05T18:58:42+00:00","dateModified":"2022-04-05T19:00:48+00:00","mainEntityOfPage":{"@id":"https:\/\/experienciadevida.com.ar\/portalurbano\/ante-el-pronostico-desfavorable-para-el-fin-de-semana-se-reprograma-sabores-del-mundo\/"},"wordCount":307,"publisher":{"@id":"https:\/\/experienciadevida.com.ar\/portalurbano\/#organization"},"articleSection":["Ciudad","Destacadas"],"inLanguage":"es"},{"@type":"WebPage","@id":"https:\/\/experienciadevida.com.ar\/portalurbano\/ante-el-pronostico-desfavorable-para-el-fin-de-semana-se-reprograma-sabores-del-mundo\/","url":"https:\/\/experienciadevida.com.ar\/portalurbano\/ante-el-pronostico-desfavorable-para-el-fin-de-semana-se-reprograma-sabores-del-mundo\/","name":"Ante el pron\u00f3stico desfavorable se reprograma sabores del mundo","isPartOf":{"@id":"https:\/\/experienciadevida.com.ar\/portalurbano\/#website"},"datePublished":"2022-04-05T18:58:42+00:00","dateModified":"2022-04-05T19:00:48+00:00","description":"Ante el pron\u00f3stico desfavorable para el fin de semana se reprograma \"sabores del mundo\", as\u00ed lo hicieron saber en un comunicado","breadcrumb":{"@id":"https:\/\/experienciadevida.com.ar\/portalurbano\/ante-el-pronostico-desfavorable-para-el-fin-de-semana-se-reprograma-sabores-del-mundo\/#breadcrumb"},"inLanguage":"es","potentialAction":[{"@type":"ReadAction","target":["https:\/\/experienciadevida.com.ar\/portalurbano\/ante-el-pronostico-desfavorable-para-el-fin-de-semana-se-reprograma-sabores-del-mundo\/"]}]},{"@type":"BreadcrumbList","@id":"https:\/\/experienciadevida.com.ar\/portalurbano\/ante-el-pronostico-desfavorable-para-el-fin-de-semana-se-reprograma-sabores-del-mundo\/#breadcrumb","itemListElement":[{"@type":"ListItem","position":1,"name":"Portada","item":"https:\/\/experienciadevida.com.ar\/portalurbano\/"},{"@type":"ListItem","position":2,"name":"Ante el pron\u00f3stico desfavorable para el fin de semana se reprograma \u00absabores del mundo\u00bb"}]},{"@type":"WebSite","@id":"https:\/\/experienciadevida.com.ar\/portalurbano\/#website","url":"https:\/\/experienciadevida.com.ar\/portalurbano\/","name":"","description":"","publisher":{"@id":"https:\/\/experienciadevida.com.ar\/portalurbano\/#organization"},"potentialAction":[{"@type":"SearchAction","target":{"@type":"EntryPoint","urlTemplate":"https:\/\/experienciadevida.com.ar\/portalurbano\/?s={search_term_string}"},"query-input":"required name=search_term_string"}],"inLanguage":"es"},{"@type":"Organization","@id":"https:\/\/experienciadevida.com.ar\/portalurbano\/#organization","name":"Portal Urbano","url":"https:\/\/experienciadevida.com.ar\/portalurbano\/","logo":{"@type":"ImageObject","inLanguage":"es","@id":"https:\/\/experienciadevida.com.ar\/portalurbano\/#\/schema\/logo\/image\/","url":"https:\/\/experienciadevida.com.ar\/portalurbano\/wp-content\/uploads\/2019\/09\/Logo-Original.png","contentUrl":"https:\/\/experienciadevida.com.ar\/portalurbano\/wp-content\/uploads\/2019\/09\/Logo-Original.png","width":2236,"height":1216,"caption":"Portal Urbano"},"image":{"@id":"https:\/\/experienciadevida.com.ar\/portalurbano\/#\/schema\/logo\/image\/"},"sameAs":["https:\/\/www.facebook.com\/Portal-Urbano-171542830093757\/","https:\/\/twitter.com\/portalurbanook","https:\/\/www.instagram.com\/_portalurbano\/","https:\/\/www.youtube.com\/channel\/UCXhagIfszH8KxFiOok79zbA?view_as=subscriber"]},{"@type":"Person","@id":"https:\/\/experienciadevida.com.ar\/portalurbano\/#\/schema\/person\/02dd326b1c4b056e9cc972486934a3a7","name":"admpu17wp","image":{"@type":"ImageObject","inLanguage":"es","@id":"https:\/\/experienciadevida.com.ar\/portalurbano\/#\/schema\/person\/image\/","url":"https:\/\/secure.gravatar.com\/avatar\/830d4c57adaae6630765e449a6908047?s=96&d=mm&r=g","contentUrl":"https:\/\/secure.gravatar.com\/avatar\/830d4c57adaae6630765e449a6908047?s=96&d=mm&r=g","caption":"admpu17wp"}}]}},"featured_image_urls":{"full":["https:\/\/experienciadevida.com.ar\/portalurbano\/wp-content\/uploads\/2022\/04\/Ante-el-pronostico-desfavorable.jpg",1024,683,false],"thumbnail":["https:\/\/experienciadevida.com.ar\/portalurbano\/wp-content\/uploads\/2022\/04\/Ante-el-pronostico-desfavorable-150x150.jpg",150,150,true],"medium":["https:\/\/experienciadevida.com.ar\/portalurbano\/wp-content\/uploads\/2022\/04\/Ante-el-pronostico-desfavorable-300x200.jpg",300,200,true],"medium_large":["https:\/\/experienciadevida.com.ar\/portalurbano\/wp-content\/uploads\/2022\/04\/Ante-el-pronostico-desfavorable-768x512.jpg",640,427,true],"large":["https:\/\/experienciadevida.com.ar\/portalurbano\/wp-content\/uploads\/2022\/04\/Ante-el-pronostico-desfavorable.jpg",640,427,false],"ug_big":["https:\/\/experienciadevida.com.ar\/portalurbano\/wp-content\/uploads\/2022\/04\/Ante-el-pronostico-desfavorable-768x512.jpg",768,512,true],"1536x1536":["https:\/\/experienciadevida.com.ar\/portalurbano\/wp-content\/uploads\/2022\/04\/Ante-el-pronostico-desfavorable.jpg",1024,683,false],"2048x2048":["https:\/\/experienciadevida.com.ar\/portalurbano\/wp-content\/uploads\/2022\/04\/Ante-el-pronostico-desfavorable.jpg",1024,683,false],"newsever-slider-full":["https:\/\/experienciadevida.com.ar\/portalurbano\/wp-content\/uploads\/2022\/04\/Ante-el-pronostico-desfavorable.jpg",1024,683,false],"newsever-featured":["https:\/\/experienciadevida.com.ar\/portalurbano\/wp-content\/uploads\/2022\/04\/Ante-el-pronostico-desfavorable.jpg",1024,683,false],"newsever-medium":["https:\/\/experienciadevida.com.ar\/portalurbano\/wp-content\/uploads\/2022\/04\/Ante-el-pronostico-desfavorable.jpg",712,475,false],"web-stories-poster-portrait":["https:\/\/experienciadevida.com.ar\/portalurbano\/wp-content\/uploads\/2022\/04\/Ante-el-pronostico-desfavorable.jpg",640,427,false],"web-stories-publisher-logo":["https:\/\/experienciadevida.com.ar\/portalurbano\/wp-content\/uploads\/2022\/04\/Ante-el-pronostico-desfavorable.jpg",96,64,false],"web-stories-thumbnail":["https:\/\/experienciadevida.com.ar\/portalurbano\/wp-content\/uploads\/2022\/04\/Ante-el-pronostico-desfavorable.jpg",150,100,false]},"author_info":{"display_name":"admpu17wp","author_link":"https:\/\/experienciadevida.com.ar\/portalurbano\/author\/admpu17wp\/"},"category_info":"<a href=\"https:\/\/experienciadevida.com.ar\/portalurbano\/category\/ciudad\/\" rel=\"category tag\">Ciudad<\/a> <a href=\"https:\/\/experienciadevida.com.ar\/portalurbano\/category\/destacadas\/\" rel=\"category tag\">Destacadas<\/a>","tag_info":"Destacadas","comment_count":"0","amp_enabled":true,"_links":{"self":[{"href":"https:\/\/experienciadevida.com.ar\/portalurbano\/wp-json\/wp\/v2\/posts\/165051"}],"collection":[{"href":"https:\/\/experienciadevida.com.ar\/portalurbano\/wp-json\/wp\/v2\/posts"}],"about":[{"href":"https:\/\/experienciadevida.com.ar\/portalurbano\/wp-json\/wp\/v2\/types\/post"}],"author":[{"embeddable":true,"href":"https:\/\/experienciadevida.com.ar\/portalurbano\/wp-json\/wp\/v2\/users\/1"}],"replies":[{"embeddable":true,"href":"https:\/\/experienciadevida.com.ar\/portalurbano\/wp-json\/wp\/v2\/comments?post=165051"}],"version-history":[{"count":2,"href":"https:\/\/experienciadevida.com.ar\/portalurbano\/wp-json\/wp\/v2\/posts\/165051\/revisions"}],"predecessor-version":[{"id":165054,"href":"https:\/\/experienciadevida.com.ar\/portalurbano\/wp-json\/wp\/v2\/posts\/165051\/revisions\/165054"}],"wp:featuredmedia":[{"embeddable":true,"href":"https:\/\/experienciadevida.com.ar\/portalurbano\/wp-json\/wp\/v2\/media\/165052"}],"wp:attachment":[{"href":"https:\/\/experienciadevida.com.ar\/portalurbano\/wp-json\/wp\/v2\/media?parent=165051"}],"wp:term":[{"taxonomy":"category","embeddable":true,"href":"https:\/\/experienciadevida.com.ar\/portalurbano\/wp-json\/wp\/v2\/categories?post=165051"},{"taxonomy":"post_tag","embeddable":true,"href":"https:\/\/experienciadevida.com.ar\/portalurbano\/wp-json\/wp\/v2\/tags?post=165051"}],"curies":[{"name":"wp","href":"https:\/\/api.w.org\/{rel}","templated":true}]}}