{"id":165048,"date":"2022-04-05T16:02:15","date_gmt":"2022-04-05T19:02:15","guid":{"rendered":"https:\/\/experienciadevida.com.ar\/portalurbano\/?p=165048"},"modified":"2022-04-05T16:11:17","modified_gmt":"2022-04-05T19:11:17","slug":"el-comienzo-de-una-obra-dos-anuncios","status":"publish","type":"post","link":"https:\/\/experienciadevida.com.ar\/portalurbano\/el-comienzo-de-una-obra-dos-anuncios\/","title":{"rendered":"El comienzo de una obra, dos anuncios"},"content":{"rendered":"<p>El comienzo de una obra, dos anuncios, se trata de la construcci\u00f3n de la bicisenda \u201cDiego Wagner Clar\u201d, Ezequiel <a href=\"https:\/\/www.facebook.com\/galliezequiel\">Galli<\/a> por su parte visit\u00f3 esta ma\u00f1ana el lugar y lo hizo p\u00fablico, lo mismo ocurri\u00f3 con Federico Aguilera quien anunci\u00f3 el comienzo de la misma a ra\u00edz de un pedido por familiares de Diego Wagner.<\/p>\n<p>En el lugar, durante la recorrida el Intendente estuvo acompa\u00f1ado por los secretarios de Gobierno Hilario Galli y de Mantenimiento y Obras P\u00fablicas Julio Ferraro, junto al director de Pavimentaci\u00f3n Walter Cabri.<\/p>\n<p>Las tareas se iniciaron en la jornada del lunes, en el Parque Mitre de la localidad, en inmediaciones del Museo Municipal de Hinojo y la Biblioteca Popular Sarmiento.<\/p>\n<p>La bicisenda recorrer\u00e1 todo el parque, hasta llegar al Paseo de los 44 \u00c1rboles, donde enfrente se emplaza el Monumento en Homenaje a los Tripulantes del ARA San Juan, que cuenta con una r\u00e9plica montada en el anfiteatro.<\/p>\n<p>All\u00ed tambi\u00e9n se coloc\u00f3 un ancla, que fue donada por la Armada Argentina y tra\u00edda desde la Basa Naval de Punta Alta, con 44 eslabones, que simboliza un anclaje a la memoria colectiva para que nunca sean olvidados.<\/p>\n<p>La obra de infraestructura en s\u00ed comprende la construcci\u00f3n de 2.400 m2 de vereda, de hormig\u00f3n armado, de 10 cm de espesor por 2,00 m de ancho, con una base de tosca compactada.<\/p>\n<p>\u201cRealizamos la licitaci\u00f3n y ahora se est\u00e1 llevando a cabo una obra que representa mucho para la historia de nuestro Partido porque lleva el nombre de un h\u00e9roe de la Patria como Diego Wagner Clar\u201d, sostuvo el intendente Ezequiel Galli.<\/p>\n<p>La concreci\u00f3n de esta obra ratifica el compromiso asumido por la gesti\u00f3n municipal ante la familia de Diego Wagner Clar, el grupo de vecinos que impulsaron esta iniciativa y la comunidad hinojense, que rinde homenaje a uno de los 44 h\u00e9roes, que dejaron su vida en el cumplimiento del deber y el compromiso con la patria.<\/p>\n<p>Por otro lado, <a href=\"https:\/\/www.facebook.com\/FedericoAguile5\">Aguilera<\/a> dijo &#8220;comenzaron as obras de bicisenda \u201cDiego Wagner Clar\u201d, una solicitud que como ya anunciamos tiempo atr\u00e1s fue pedida por familiares de Wagner y vecinos de la localidad y que gestionamos ante obras P\u00fablicas de Naci\u00f3n&#8221;.<\/p>\n<p>&#8220;Recorrer\u00e1 la Avenida Libertad desde el Paseo de los 44 \u00c1rboles, lugar donde se emplaza el monumento en homenaje a los Tripulantes del ARA San Juan, frente a la r\u00e9plica montada en el anfiteatro, pasando por el Museo Municipal de Hinojo&#8221;.<\/p>\n","protected":false},"excerpt":{"rendered":"<p>El comienzo de una obra, dos anuncios, se trata de la construcci\u00f3n de la bicisenda&#8230;<\/p>\n","protected":false},"author":1,"featured_media":165049,"comment_status":"closed","ping_status":"closed","sticky":false,"template":"","format":"standard","meta":{"content-type":""},"categories":[27,64],"tags":[],"nelio_content":{"isAutoShareEnabled":false,"autoShareEndMode":"default","automationSources":{"useContentSentences":true,"useSocialTemplates":true,"useCustomSentences":false,"customSentences":[]},"followers":[1],"suggestedReferences":[],"includedReferences":[],"efiUrl":"","efiAlt":"","highlights":[]},"yoast_head":"<!-- This site is optimized with the Yoast SEO plugin v20.7 - https:\/\/yoast.com\/wordpress\/plugins\/seo\/ -->\n<title>El comienzo de una obra, dos anuncios<\/title>\n<meta name=\"description\" content=\"El comienzo de una obra, dos anuncios, se trata de la construcci\u00f3n de la bicisenda \u201cDiego Wagner Clar\u201d, Galli la recorri\u00f3 y Aguilera anuncio\" \/>\n<meta name=\"robots\" content=\"index, follow, max-snippet:-1, max-image-preview:large, max-video-preview:-1\" \/>\n<link rel=\"canonical\" href=\"https:\/\/experienciadevida.com.ar\/portalurbano\/el-comienzo-de-una-obra-dos-anuncios\/\" \/>\n<meta property=\"og:locale\" content=\"es_ES\" \/>\n<meta property=\"og:type\" content=\"article\" \/>\n<meta property=\"og:title\" content=\"El comienzo de una obra, dos anuncios\" \/>\n<meta property=\"og:description\" content=\"El comienzo de una obra, dos anuncios, se trata de la construcci\u00f3n de la bicisenda \u201cDiego Wagner Clar\u201d, Galli la recorri\u00f3 y Aguilera anuncio\" \/>\n<meta property=\"og:url\" content=\"https:\/\/experienciadevida.com.ar\/portalurbano\/el-comienzo-de-una-obra-dos-anuncios\/\" \/>\n<meta property=\"article:publisher\" content=\"https:\/\/www.facebook.com\/Portal-Urbano-171542830093757\/\" \/>\n<meta property=\"article:published_time\" content=\"2022-04-05T19:02:15+00:00\" \/>\n<meta property=\"article:modified_time\" content=\"2022-04-05T19:11:17+00:00\" \/>\n<meta property=\"og:image\" content=\"https:\/\/experienciadevida.com.ar\/portalurbano\/wp-content\/uploads\/2022\/04\/El-comienzo-de-una.jpg\" \/>\n\t<meta property=\"og:image:width\" content=\"2560\" \/>\n\t<meta property=\"og:image:height\" content=\"1711\" \/>\n\t<meta property=\"og:image:type\" content=\"image\/jpeg\" \/>\n<meta name=\"author\" content=\"admpu17wp\" \/>\n<meta name=\"twitter:card\" content=\"summary_large_image\" \/>\n<meta name=\"twitter:creator\" content=\"@portalurbanook\" \/>\n<meta name=\"twitter:site\" content=\"@portalurbanook\" \/>\n<meta name=\"twitter:label1\" content=\"Escrito por\" \/>\n\t<meta name=\"twitter:data1\" content=\"admpu17wp\" \/>\n\t<meta name=\"twitter:label2\" content=\"Tiempo de lectura\" \/>\n\t<meta name=\"twitter:data2\" content=\"2 minutos\" \/>\n<script type=\"application\/ld+json\" class=\"yoast-schema-graph\">{\"@context\":\"https:\/\/schema.org\",\"@graph\":[{\"@type\":\"Article\",\"@id\":\"https:\/\/experienciadevida.com.ar\/portalurbano\/el-comienzo-de-una-obra-dos-anuncios\/#article\",\"isPartOf\":{\"@id\":\"https:\/\/experienciadevida.com.ar\/portalurbano\/el-comienzo-de-una-obra-dos-anuncios\/\"},\"author\":{\"name\":\"admpu17wp\",\"@id\":\"https:\/\/experienciadevida.com.ar\/portalurbano\/#\/schema\/person\/02dd326b1c4b056e9cc972486934a3a7\"},\"headline\":\"El comienzo de una obra, dos anuncios\",\"datePublished\":\"2022-04-05T19:02:15+00:00\",\"dateModified\":\"2022-04-05T19:11:17+00:00\",\"mainEntityOfPage\":{\"@id\":\"https:\/\/experienciadevida.com.ar\/portalurbano\/el-comienzo-de-una-obra-dos-anuncios\/\"},\"wordCount\":422,\"publisher\":{\"@id\":\"https:\/\/experienciadevida.com.ar\/portalurbano\/#organization\"},\"articleSection\":[\"Ciudad\",\"Destacadas 2\"],\"inLanguage\":\"es\"},{\"@type\":\"WebPage\",\"@id\":\"https:\/\/experienciadevida.com.ar\/portalurbano\/el-comienzo-de-una-obra-dos-anuncios\/\",\"url\":\"https:\/\/experienciadevida.com.ar\/portalurbano\/el-comienzo-de-una-obra-dos-anuncios\/\",\"name\":\"El comienzo de una obra, dos anuncios\",\"isPartOf\":{\"@id\":\"https:\/\/experienciadevida.com.ar\/portalurbano\/#website\"},\"datePublished\":\"2022-04-05T19:02:15+00:00\",\"dateModified\":\"2022-04-05T19:11:17+00:00\",\"description\":\"El comienzo de una obra, dos anuncios, se trata de la construcci\u00f3n de la bicisenda \u201cDiego Wagner Clar\u201d, Galli la recorri\u00f3 y Aguilera anuncio\",\"breadcrumb\":{\"@id\":\"https:\/\/experienciadevida.com.ar\/portalurbano\/el-comienzo-de-una-obra-dos-anuncios\/#breadcrumb\"},\"inLanguage\":\"es\",\"potentialAction\":[{\"@type\":\"ReadAction\",\"target\":[\"https:\/\/experienciadevida.com.ar\/portalurbano\/el-comienzo-de-una-obra-dos-anuncios\/\"]}]},{\"@type\":\"BreadcrumbList\",\"@id\":\"https:\/\/experienciadevida.com.ar\/portalurbano\/el-comienzo-de-una-obra-dos-anuncios\/#breadcrumb\",\"itemListElement\":[{\"@type\":\"ListItem\",\"position\":1,\"name\":\"Portada\",\"item\":\"https:\/\/experienciadevida.com.ar\/portalurbano\/\"},{\"@type\":\"ListItem\",\"position\":2,\"name\":\"El comienzo de una obra, dos anuncios\"}]},{\"@type\":\"WebSite\",\"@id\":\"https:\/\/experienciadevida.com.ar\/portalurbano\/#website\",\"url\":\"https:\/\/experienciadevida.com.ar\/portalurbano\/\",\"name\":\"\",\"description\":\"\",\"publisher\":{\"@id\":\"https:\/\/experienciadevida.com.ar\/portalurbano\/#organization\"},\"potentialAction\":[{\"@type\":\"SearchAction\",\"target\":{\"@type\":\"EntryPoint\",\"urlTemplate\":\"https:\/\/experienciadevida.com.ar\/portalurbano\/?s={search_term_string}\"},\"query-input\":\"required name=search_term_string\"}],\"inLanguage\":\"es\"},{\"@type\":\"Organization\",\"@id\":\"https:\/\/experienciadevida.com.ar\/portalurbano\/#organization\",\"name\":\"Portal Urbano\",\"url\":\"https:\/\/experienciadevida.com.ar\/portalurbano\/\",\"logo\":{\"@type\":\"ImageObject\",\"inLanguage\":\"es\",\"@id\":\"https:\/\/experienciadevida.com.ar\/portalurbano\/#\/schema\/logo\/image\/\",\"url\":\"https:\/\/experienciadevida.com.ar\/portalurbano\/wp-content\/uploads\/2019\/09\/Logo-Original.png\",\"contentUrl\":\"https:\/\/experienciadevida.com.ar\/portalurbano\/wp-content\/uploads\/2019\/09\/Logo-Original.png\",\"width\":2236,\"height\":1216,\"caption\":\"Portal Urbano\"},\"image\":{\"@id\":\"https:\/\/experienciadevida.com.ar\/portalurbano\/#\/schema\/logo\/image\/\"},\"sameAs\":[\"https:\/\/www.facebook.com\/Portal-Urbano-171542830093757\/\",\"https:\/\/twitter.com\/portalurbanook\",\"https:\/\/www.instagram.com\/_portalurbano\/\",\"https:\/\/www.youtube.com\/channel\/UCXhagIfszH8KxFiOok79zbA?view_as=subscriber\"]},{\"@type\":\"Person\",\"@id\":\"https:\/\/experienciadevida.com.ar\/portalurbano\/#\/schema\/person\/02dd326b1c4b056e9cc972486934a3a7\",\"name\":\"admpu17wp\",\"image\":{\"@type\":\"ImageObject\",\"inLanguage\":\"es\",\"@id\":\"https:\/\/experienciadevida.com.ar\/portalurbano\/#\/schema\/person\/image\/\",\"url\":\"https:\/\/secure.gravatar.com\/avatar\/830d4c57adaae6630765e449a6908047?s=96&d=mm&r=g\",\"contentUrl\":\"https:\/\/secure.gravatar.com\/avatar\/830d4c57adaae6630765e449a6908047?s=96&d=mm&r=g\",\"caption\":\"admpu17wp\"}}]}<\/script>\n<!-- \/ Yoast SEO plugin. -->","yoast_head_json":{"title":"El comienzo de una obra, dos anuncios","description":"El comienzo de una obra, dos anuncios, se trata de la construcci\u00f3n de la bicisenda \u201cDiego Wagner Clar\u201d, Galli la recorri\u00f3 y Aguilera anuncio","robots":{"index":"index","follow":"follow","max-snippet":"max-snippet:-1","max-image-preview":"max-image-preview:large","max-video-preview":"max-video-preview:-1"},"canonical":"https:\/\/experienciadevida.com.ar\/portalurbano\/el-comienzo-de-una-obra-dos-anuncios\/","og_locale":"es_ES","og_type":"article","og_title":"El comienzo de una obra, dos anuncios","og_description":"El comienzo de una obra, dos anuncios, se trata de la construcci\u00f3n de la bicisenda \u201cDiego Wagner Clar\u201d, Galli la recorri\u00f3 y Aguilera anuncio","og_url":"https:\/\/experienciadevida.com.ar\/portalurbano\/el-comienzo-de-una-obra-dos-anuncios\/","article_publisher":"https:\/\/www.facebook.com\/Portal-Urbano-171542830093757\/","article_published_time":"2022-04-05T19:02:15+00:00","article_modified_time":"2022-04-05T19:11:17+00:00","og_image":[{"width":2560,"height":1711,"url":"https:\/\/experienciadevida.com.ar\/portalurbano\/wp-content\/uploads\/2022\/04\/El-comienzo-de-una.jpg","type":"image\/jpeg"}],"author":"admpu17wp","twitter_card":"summary_large_image","twitter_creator":"@portalurbanook","twitter_site":"@portalurbanook","twitter_misc":{"Escrito por":"admpu17wp","Tiempo de lectura":"2 minutos"},"schema":{"@context":"https:\/\/schema.org","@graph":[{"@type":"Article","@id":"https:\/\/experienciadevida.com.ar\/portalurbano\/el-comienzo-de-una-obra-dos-anuncios\/#article","isPartOf":{"@id":"https:\/\/experienciadevida.com.ar\/portalurbano\/el-comienzo-de-una-obra-dos-anuncios\/"},"author":{"name":"admpu17wp","@id":"https:\/\/experienciadevida.com.ar\/portalurbano\/#\/schema\/person\/02dd326b1c4b056e9cc972486934a3a7"},"headline":"El comienzo de una obra, dos anuncios","datePublished":"2022-04-05T19:02:15+00:00","dateModified":"2022-04-05T19:11:17+00:00","mainEntityOfPage":{"@id":"https:\/\/experienciadevida.com.ar\/portalurbano\/el-comienzo-de-una-obra-dos-anuncios\/"},"wordCount":422,"publisher":{"@id":"https:\/\/experienciadevida.com.ar\/portalurbano\/#organization"},"articleSection":["Ciudad","Destacadas 2"],"inLanguage":"es"},{"@type":"WebPage","@id":"https:\/\/experienciadevida.com.ar\/portalurbano\/el-comienzo-de-una-obra-dos-anuncios\/","url":"https:\/\/experienciadevida.com.ar\/portalurbano\/el-comienzo-de-una-obra-dos-anuncios\/","name":"El comienzo de una obra, dos anuncios","isPartOf":{"@id":"https:\/\/experienciadevida.com.ar\/portalurbano\/#website"},"datePublished":"2022-04-05T19:02:15+00:00","dateModified":"2022-04-05T19:11:17+00:00","description":"El comienzo de una obra, dos anuncios, se trata de la construcci\u00f3n de la bicisenda \u201cDiego Wagner Clar\u201d, Galli la recorri\u00f3 y Aguilera anuncio","breadcrumb":{"@id":"https:\/\/experienciadevida.com.ar\/portalurbano\/el-comienzo-de-una-obra-dos-anuncios\/#breadcrumb"},"inLanguage":"es","potentialAction":[{"@type":"ReadAction","target":["https:\/\/experienciadevida.com.ar\/portalurbano\/el-comienzo-de-una-obra-dos-anuncios\/"]}]},{"@type":"BreadcrumbList","@id":"https:\/\/experienciadevida.com.ar\/portalurbano\/el-comienzo-de-una-obra-dos-anuncios\/#breadcrumb","itemListElement":[{"@type":"ListItem","position":1,"name":"Portada","item":"https:\/\/experienciadevida.com.ar\/portalurbano\/"},{"@type":"ListItem","position":2,"name":"El comienzo de una obra, dos anuncios"}]},{"@type":"WebSite","@id":"https:\/\/experienciadevida.com.ar\/portalurbano\/#website","url":"https:\/\/experienciadevida.com.ar\/portalurbano\/","name":"","description":"","publisher":{"@id":"https:\/\/experienciadevida.com.ar\/portalurbano\/#organization"},"potentialAction":[{"@type":"SearchAction","target":{"@type":"EntryPoint","urlTemplate":"https:\/\/experienciadevida.com.ar\/portalurbano\/?s={search_term_string}"},"query-input":"required name=search_term_string"}],"inLanguage":"es"},{"@type":"Organization","@id":"https:\/\/experienciadevida.com.ar\/portalurbano\/#organization","name":"Portal Urbano","url":"https:\/\/experienciadevida.com.ar\/portalurbano\/","logo":{"@type":"ImageObject","inLanguage":"es","@id":"https:\/\/experienciadevida.com.ar\/portalurbano\/#\/schema\/logo\/image\/","url":"https:\/\/experienciadevida.com.ar\/portalurbano\/wp-content\/uploads\/2019\/09\/Logo-Original.png","contentUrl":"https:\/\/experienciadevida.com.ar\/portalurbano\/wp-content\/uploads\/2019\/09\/Logo-Original.png","width":2236,"height":1216,"caption":"Portal Urbano"},"image":{"@id":"https:\/\/experienciadevida.com.ar\/portalurbano\/#\/schema\/logo\/image\/"},"sameAs":["https:\/\/www.facebook.com\/Portal-Urbano-171542830093757\/","https:\/\/twitter.com\/portalurbanook","https:\/\/www.instagram.com\/_portalurbano\/","https:\/\/www.youtube.com\/channel\/UCXhagIfszH8KxFiOok79zbA?view_as=subscriber"]},{"@type":"Person","@id":"https:\/\/experienciadevida.com.ar\/portalurbano\/#\/schema\/person\/02dd326b1c4b056e9cc972486934a3a7","name":"admpu17wp","image":{"@type":"ImageObject","inLanguage":"es","@id":"https:\/\/experienciadevida.com.ar\/portalurbano\/#\/schema\/person\/image\/","url":"https:\/\/secure.gravatar.com\/avatar\/830d4c57adaae6630765e449a6908047?s=96&d=mm&r=g","contentUrl":"https:\/\/secure.gravatar.com\/avatar\/830d4c57adaae6630765e449a6908047?s=96&d=mm&r=g","caption":"admpu17wp"}}]}},"featured_image_urls":{"full":["https:\/\/experienciadevida.com.ar\/portalurbano\/wp-content\/uploads\/2022\/04\/El-comienzo-de-una.jpg",2560,1711,false],"thumbnail":["https:\/\/experienciadevida.com.ar\/portalurbano\/wp-content\/uploads\/2022\/04\/El-comienzo-de-una-150x150.jpg",150,150,true],"medium":["https:\/\/experienciadevida.com.ar\/portalurbano\/wp-content\/uploads\/2022\/04\/El-comienzo-de-una-300x201.jpg",300,201,true],"medium_large":["https:\/\/experienciadevida.com.ar\/portalurbano\/wp-content\/uploads\/2022\/04\/El-comienzo-de-una-768x513.jpg",640,428,true],"large":["https:\/\/experienciadevida.com.ar\/portalurbano\/wp-content\/uploads\/2022\/04\/El-comienzo-de-una-1024x684.jpg",640,428,true],"ug_big":["https:\/\/experienciadevida.com.ar\/portalurbano\/wp-content\/uploads\/2022\/04\/El-comienzo-de-una-768x513.jpg",768,513,true],"1536x1536":["https:\/\/experienciadevida.com.ar\/portalurbano\/wp-content\/uploads\/2022\/04\/El-comienzo-de-una-1536x1027.jpg",1536,1027,true],"2048x2048":["https:\/\/experienciadevida.com.ar\/portalurbano\/wp-content\/uploads\/2022\/04\/El-comienzo-de-una-2048x1369.jpg",2048,1369,true],"newsever-slider-full":["https:\/\/experienciadevida.com.ar\/portalurbano\/wp-content\/uploads\/2022\/04\/El-comienzo-de-una.jpg",1264,845,false],"newsever-featured":["https:\/\/experienciadevida.com.ar\/portalurbano\/wp-content\/uploads\/2022\/04\/El-comienzo-de-una.jpg",1024,684,false],"newsever-medium":["https:\/\/experienciadevida.com.ar\/portalurbano\/wp-content\/uploads\/2022\/04\/El-comienzo-de-una.jpg",711,475,false],"web-stories-poster-portrait":["https:\/\/experienciadevida.com.ar\/portalurbano\/wp-content\/uploads\/2022\/04\/El-comienzo-de-una.jpg",640,428,false],"web-stories-publisher-logo":["https:\/\/experienciadevida.com.ar\/portalurbano\/wp-content\/uploads\/2022\/04\/El-comienzo-de-una.jpg",96,64,false],"web-stories-thumbnail":["https:\/\/experienciadevida.com.ar\/portalurbano\/wp-content\/uploads\/2022\/04\/El-comienzo-de-una.jpg",150,100,false]},"author_info":{"display_name":"admpu17wp","author_link":"https:\/\/experienciadevida.com.ar\/portalurbano\/author\/admpu17wp\/"},"category_info":"<a href=\"https:\/\/experienciadevida.com.ar\/portalurbano\/category\/ciudad\/\" rel=\"category tag\">Ciudad<\/a> <a href=\"https:\/\/experienciadevida.com.ar\/portalurbano\/category\/destacadas-2\/\" rel=\"category tag\">Destacadas 2<\/a>","tag_info":"Destacadas 2","comment_count":"0","amp_enabled":true,"_links":{"self":[{"href":"https:\/\/experienciadevida.com.ar\/portalurbano\/wp-json\/wp\/v2\/posts\/165048"}],"collection":[{"href":"https:\/\/experienciadevida.com.ar\/portalurbano\/wp-json\/wp\/v2\/posts"}],"about":[{"href":"https:\/\/experienciadevida.com.ar\/portalurbano\/wp-json\/wp\/v2\/types\/post"}],"author":[{"embeddable":true,"href":"https:\/\/experienciadevida.com.ar\/portalurbano\/wp-json\/wp\/v2\/users\/1"}],"replies":[{"embeddable":true,"href":"https:\/\/experienciadevida.com.ar\/portalurbano\/wp-json\/wp\/v2\/comments?post=165048"}],"version-history":[{"count":2,"href":"https:\/\/experienciadevida.com.ar\/portalurbano\/wp-json\/wp\/v2\/posts\/165048\/revisions"}],"predecessor-version":[{"id":165056,"href":"https:\/\/experienciadevida.com.ar\/portalurbano\/wp-json\/wp\/v2\/posts\/165048\/revisions\/165056"}],"wp:featuredmedia":[{"embeddable":true,"href":"https:\/\/experienciadevida.com.ar\/portalurbano\/wp-json\/wp\/v2\/media\/165049"}],"wp:attachment":[{"href":"https:\/\/experienciadevida.com.ar\/portalurbano\/wp-json\/wp\/v2\/media?parent=165048"}],"wp:term":[{"taxonomy":"category","embeddable":true,"href":"https:\/\/experienciadevida.com.ar\/portalurbano\/wp-json\/wp\/v2\/categories?post=165048"},{"taxonomy":"post_tag","embeddable":true,"href":"https:\/\/experienciadevida.com.ar\/portalurbano\/wp-json\/wp\/v2\/tags?post=165048"}],"curies":[{"name":"wp","href":"https:\/\/api.w.org\/{rel}","templated":true}]}}