{"id":165046,"date":"2022-04-05T12:27:37","date_gmt":"2022-04-05T15:27:37","guid":{"rendered":"https:\/\/experienciadevida.com.ar\/portalurbano\/?p=165046"},"modified":"2022-04-05T12:28:08","modified_gmt":"2022-04-05T15:28:08","slug":"nueva-catedra-abierta-de-proyectar-sobre-urbanizacion-y-expansion-de-las-ciudades","status":"publish","type":"post","link":"https:\/\/experienciadevida.com.ar\/portalurbano\/nueva-catedra-abierta-de-proyectar-sobre-urbanizacion-y-expansion-de-las-ciudades\/","title":{"rendered":"Nueva C\u00e1tedra Abierta de ProyectAR sobre \u201cUrbanizaci\u00f3n y expansi\u00f3n de las ciudades\u201d"},"content":{"rendered":"<p>Nueva C\u00e1tedra Abierta de ProyectAR sobre \u201cUrbanizaci\u00f3n y expansi\u00f3n de las ciudades\u201d, la c\u00e1tedra abierta, perteneciente al ciclo \u201cMegatendencias Globales\u201d, ya se encuentra disponible de manera online.<\/p>\n<p>Eduardo Rodr\u00edguez, coordinador local de la Escuela que a nivel nacional conduce Sergio Massa, inform\u00f3 que ya se encuentra disponible en YouTube la c\u00e1tedra abierta sobre \u201cUrbanizaci\u00f3n y expansi\u00f3n de las ciudades\u201d. Se podr\u00e1<br \/>\nacceder a trav\u00e9s del siguiente enlace: https:\/\/www.youtube.com\/watch?v=ukK_bBwwFPQ&amp;t=5s<\/p>\n<p>En esta clase, Carlos Lazzarini, director del Instituto de Capacitaci\u00f3n Parlamentaria (ICaP) de la Honorable C\u00e1mara de Diputados, conversa con la soci\u00f3loga Mariela Iglesias quien, desde Barcelona, acerca su mirada y experiencia en la tem\u00e1tica.<\/p>\n<p>La clase pone el foco en la Participaci\u00f3n Ciudadana en el proceso de Gobernanza Metropolitana tomando como caso de estudio el trabajo realizado por Iglesias en los distritos aleda\u00f1os al R\u00edo Bes\u00f2s (Barcelona &#8211; Espa\u00f1a).<\/p>\n<p>Propuestas y proyectos para el Partido de Olavarr\u00eda:<\/p>\n<p>El coordinador local de ProyectAR, Eduardo <a href=\"https:\/\/www.instagram.com\/rodriguezolav\/?hl=es-la\">Rodr\u00edguez<\/a>, se\u00f1al\u00f3 que a la actividad virtual realizada en el 2021 y las previstas para el corriente a\u00f1o se sumar\u00e1n encuentros presenciales de formaci\u00f3n y, como novedad, la conformaci\u00f3n de un equipo coordinador para el estudio y realizaci\u00f3n de propuestas de pol\u00edticas p\u00fablicas y de proyectos para el Partido de Olavarr\u00eda.<\/p>\n<p>Al respecto, Eduardo Rodr\u00edguez afirm\u00f3 que \u201cdesde ProyectAR Olavarr\u00eda estamos constituyendo un equipo multidisciplinar comprometido con el estudio y la generaci\u00f3n de propuestas y proyectos de pol\u00edtica p\u00fablica<br \/>\nMunicipal desde la perspectiva de \u2018El Derecho a la ciudad\u2019\u201d. En este sentido, Eduardo Rodr\u00edguez viene realizando reuniones con profesionales, empresarios, comerciantes y j\u00f3venes, de manera personal. Al mismo tiempo<br \/>\nhizo una invitaci\u00f3n p\u00fablica a vecinas y vecinos que deseen sumarse a la propuesta de trabajo para proyectar la Olavarr\u00eda que queremos.<\/p>\n<p>La Escuela de Gobierno ProyectAr tuvo su relanzamiento en octubre del 2020. Es presidida por Sergio Massa, l\u00edder del Frente Renovador, y su directora es M\u00f3nica Litza. Sus objetivos apuntan a la formaci\u00f3n de equipos t\u00e9cnicos y de gesti\u00f3n basados en el conocimiento, con solidez y visi\u00f3n de largo plazo, para poder abordar los desaf\u00edos que afrontan nuestras democracias en el siglo XXI. Otro objetivo es combinar el conocimiento de acad\u00e9micos\/as y<br \/>\nespecialistas, con la experiencia de gesti\u00f3n p\u00fablica, pol\u00edtica y social de los\/as dirigentes del FR.<\/p>\n<p>Nueva C\u00e1tedra Abierta de ProyectAR sobre \u201cUrbanizaci\u00f3n y expansi\u00f3n de las ciudades\u201d, para mayor informaci\u00f3n, los interesados pueden ingresar al sitio web https:\/\/foroolavarria.org\/proyectar-escuela-de-gobierno-y-politicas-publicas, dirigirse personalmente a la Casa \u201cEduardo Chino Correa\u201d, Belgrano 3222, de 9 a 13 hs, sede de ProyectAR Olavarr\u00eda, o bien comunicarse v\u00eda correo electr\u00f3nico a foroolavarria@gmail.com<\/p>\n","protected":false},"excerpt":{"rendered":"<p>Nueva C\u00e1tedra Abierta de ProyectAR sobre \u201cUrbanizaci\u00f3n y expansi\u00f3n de las ciudades\u201d, la c\u00e1tedra abierta,&#8230;<\/p>\n","protected":false},"author":1,"featured_media":164445,"comment_status":"closed","ping_status":"closed","sticky":false,"template":"","format":"standard","meta":{"content-type":""},"categories":[27],"tags":[],"nelio_content":{"isAutoShareEnabled":false,"autoShareEndMode":"default","automationSources":{"useContentSentences":true,"useSocialTemplates":true,"useCustomSentences":false,"customSentences":[]},"followers":[1],"suggestedReferences":[],"includedReferences":["https:\/\/www.instagram.com\/rodriguezolav\/?hl=es-la"],"efiUrl":"","efiAlt":"","highlights":[]},"yoast_head":"<!-- This site is optimized with the Yoast SEO plugin v20.7 - https:\/\/yoast.com\/wordpress\/plugins\/seo\/ -->\n<title>Nueva c\u00e1tedra abierta de ProyectAR sobre urbanizaci\u00f3n y expansi\u00f3n<\/title>\n<meta name=\"description\" content=\"Nueva C\u00e1tedra Abierta de ProyectAR sobre \u201cUrbanizaci\u00f3n y expansi\u00f3n de las ciudades\u201d, la c\u00e1tedra abierta que pertenece al ciclo\" \/>\n<meta name=\"robots\" content=\"index, follow, max-snippet:-1, max-image-preview:large, max-video-preview:-1\" \/>\n<link rel=\"canonical\" href=\"https:\/\/experienciadevida.com.ar\/portalurbano\/nueva-catedra-abierta-de-proyectar-sobre-urbanizacion-y-expansion-de-las-ciudades\/\" \/>\n<meta property=\"og:locale\" content=\"es_ES\" \/>\n<meta property=\"og:type\" content=\"article\" \/>\n<meta property=\"og:title\" content=\"Nueva c\u00e1tedra abierta de ProyectAR sobre urbanizaci\u00f3n y expansi\u00f3n\" \/>\n<meta property=\"og:description\" content=\"Nueva C\u00e1tedra Abierta de ProyectAR sobre \u201cUrbanizaci\u00f3n y expansi\u00f3n de las ciudades\u201d, la c\u00e1tedra abierta que pertenece al ciclo\" \/>\n<meta property=\"og:url\" content=\"https:\/\/experienciadevida.com.ar\/portalurbano\/nueva-catedra-abierta-de-proyectar-sobre-urbanizacion-y-expansion-de-las-ciudades\/\" \/>\n<meta property=\"article:publisher\" content=\"https:\/\/www.facebook.com\/Portal-Urbano-171542830093757\/\" \/>\n<meta property=\"article:published_time\" content=\"2022-04-05T15:27:37+00:00\" \/>\n<meta property=\"article:modified_time\" content=\"2022-04-05T15:28:08+00:00\" \/>\n<meta property=\"og:image\" content=\"https:\/\/experienciadevida.com.ar\/portalurbano\/wp-content\/uploads\/2022\/03\/Dieron-inicio-las-actividades.jpeg\" \/>\n\t<meta property=\"og:image:width\" content=\"1024\" \/>\n\t<meta property=\"og:image:height\" content=\"658\" \/>\n\t<meta property=\"og:image:type\" content=\"image\/jpeg\" \/>\n<meta name=\"author\" content=\"admpu17wp\" \/>\n<meta name=\"twitter:card\" content=\"summary_large_image\" \/>\n<meta name=\"twitter:creator\" content=\"@portalurbanook\" \/>\n<meta name=\"twitter:site\" content=\"@portalurbanook\" \/>\n<meta name=\"twitter:label1\" content=\"Escrito por\" \/>\n\t<meta name=\"twitter:data1\" content=\"admpu17wp\" \/>\n\t<meta name=\"twitter:label2\" content=\"Tiempo de lectura\" \/>\n\t<meta name=\"twitter:data2\" content=\"2 minutos\" \/>\n<script type=\"application\/ld+json\" class=\"yoast-schema-graph\">{\"@context\":\"https:\/\/schema.org\",\"@graph\":[{\"@type\":\"Article\",\"@id\":\"https:\/\/experienciadevida.com.ar\/portalurbano\/nueva-catedra-abierta-de-proyectar-sobre-urbanizacion-y-expansion-de-las-ciudades\/#article\",\"isPartOf\":{\"@id\":\"https:\/\/experienciadevida.com.ar\/portalurbano\/nueva-catedra-abierta-de-proyectar-sobre-urbanizacion-y-expansion-de-las-ciudades\/\"},\"author\":{\"name\":\"admpu17wp\",\"@id\":\"https:\/\/experienciadevida.com.ar\/portalurbano\/#\/schema\/person\/02dd326b1c4b056e9cc972486934a3a7\"},\"headline\":\"Nueva C\u00e1tedra Abierta de ProyectAR sobre \u201cUrbanizaci\u00f3n y expansi\u00f3n de las ciudades\u201d\",\"datePublished\":\"2022-04-05T15:27:37+00:00\",\"dateModified\":\"2022-04-05T15:28:08+00:00\",\"mainEntityOfPage\":{\"@id\":\"https:\/\/experienciadevida.com.ar\/portalurbano\/nueva-catedra-abierta-de-proyectar-sobre-urbanizacion-y-expansion-de-las-ciudades\/\"},\"wordCount\":504,\"publisher\":{\"@id\":\"https:\/\/experienciadevida.com.ar\/portalurbano\/#organization\"},\"articleSection\":[\"Ciudad\"],\"inLanguage\":\"es\"},{\"@type\":\"WebPage\",\"@id\":\"https:\/\/experienciadevida.com.ar\/portalurbano\/nueva-catedra-abierta-de-proyectar-sobre-urbanizacion-y-expansion-de-las-ciudades\/\",\"url\":\"https:\/\/experienciadevida.com.ar\/portalurbano\/nueva-catedra-abierta-de-proyectar-sobre-urbanizacion-y-expansion-de-las-ciudades\/\",\"name\":\"Nueva c\u00e1tedra abierta de ProyectAR sobre urbanizaci\u00f3n y expansi\u00f3n\",\"isPartOf\":{\"@id\":\"https:\/\/experienciadevida.com.ar\/portalurbano\/#website\"},\"datePublished\":\"2022-04-05T15:27:37+00:00\",\"dateModified\":\"2022-04-05T15:28:08+00:00\",\"description\":\"Nueva C\u00e1tedra Abierta de ProyectAR sobre \u201cUrbanizaci\u00f3n y expansi\u00f3n de las ciudades\u201d, la c\u00e1tedra abierta que pertenece al ciclo\",\"breadcrumb\":{\"@id\":\"https:\/\/experienciadevida.com.ar\/portalurbano\/nueva-catedra-abierta-de-proyectar-sobre-urbanizacion-y-expansion-de-las-ciudades\/#breadcrumb\"},\"inLanguage\":\"es\",\"potentialAction\":[{\"@type\":\"ReadAction\",\"target\":[\"https:\/\/experienciadevida.com.ar\/portalurbano\/nueva-catedra-abierta-de-proyectar-sobre-urbanizacion-y-expansion-de-las-ciudades\/\"]}]},{\"@type\":\"BreadcrumbList\",\"@id\":\"https:\/\/experienciadevida.com.ar\/portalurbano\/nueva-catedra-abierta-de-proyectar-sobre-urbanizacion-y-expansion-de-las-ciudades\/#breadcrumb\",\"itemListElement\":[{\"@type\":\"ListItem\",\"position\":1,\"name\":\"Portada\",\"item\":\"https:\/\/experienciadevida.com.ar\/portalurbano\/\"},{\"@type\":\"ListItem\",\"position\":2,\"name\":\"Nueva C\u00e1tedra Abierta de ProyectAR sobre \u201cUrbanizaci\u00f3n y expansi\u00f3n de las ciudades\u201d\"}]},{\"@type\":\"WebSite\",\"@id\":\"https:\/\/experienciadevida.com.ar\/portalurbano\/#website\",\"url\":\"https:\/\/experienciadevida.com.ar\/portalurbano\/\",\"name\":\"\",\"description\":\"\",\"publisher\":{\"@id\":\"https:\/\/experienciadevida.com.ar\/portalurbano\/#organization\"},\"potentialAction\":[{\"@type\":\"SearchAction\",\"target\":{\"@type\":\"EntryPoint\",\"urlTemplate\":\"https:\/\/experienciadevida.com.ar\/portalurbano\/?s={search_term_string}\"},\"query-input\":\"required name=search_term_string\"}],\"inLanguage\":\"es\"},{\"@type\":\"Organization\",\"@id\":\"https:\/\/experienciadevida.com.ar\/portalurbano\/#organization\",\"name\":\"Portal Urbano\",\"url\":\"https:\/\/experienciadevida.com.ar\/portalurbano\/\",\"logo\":{\"@type\":\"ImageObject\",\"inLanguage\":\"es\",\"@id\":\"https:\/\/experienciadevida.com.ar\/portalurbano\/#\/schema\/logo\/image\/\",\"url\":\"https:\/\/experienciadevida.com.ar\/portalurbano\/wp-content\/uploads\/2019\/09\/Logo-Original.png\",\"contentUrl\":\"https:\/\/experienciadevida.com.ar\/portalurbano\/wp-content\/uploads\/2019\/09\/Logo-Original.png\",\"width\":2236,\"height\":1216,\"caption\":\"Portal Urbano\"},\"image\":{\"@id\":\"https:\/\/experienciadevida.com.ar\/portalurbano\/#\/schema\/logo\/image\/\"},\"sameAs\":[\"https:\/\/www.facebook.com\/Portal-Urbano-171542830093757\/\",\"https:\/\/twitter.com\/portalurbanook\",\"https:\/\/www.instagram.com\/_portalurbano\/\",\"https:\/\/www.youtube.com\/channel\/UCXhagIfszH8KxFiOok79zbA?view_as=subscriber\"]},{\"@type\":\"Person\",\"@id\":\"https:\/\/experienciadevida.com.ar\/portalurbano\/#\/schema\/person\/02dd326b1c4b056e9cc972486934a3a7\",\"name\":\"admpu17wp\",\"image\":{\"@type\":\"ImageObject\",\"inLanguage\":\"es\",\"@id\":\"https:\/\/experienciadevida.com.ar\/portalurbano\/#\/schema\/person\/image\/\",\"url\":\"https:\/\/secure.gravatar.com\/avatar\/830d4c57adaae6630765e449a6908047?s=96&d=mm&r=g\",\"contentUrl\":\"https:\/\/secure.gravatar.com\/avatar\/830d4c57adaae6630765e449a6908047?s=96&d=mm&r=g\",\"caption\":\"admpu17wp\"}}]}<\/script>\n<!-- \/ Yoast SEO plugin. -->","yoast_head_json":{"title":"Nueva c\u00e1tedra abierta de ProyectAR sobre urbanizaci\u00f3n y expansi\u00f3n","description":"Nueva C\u00e1tedra Abierta de ProyectAR sobre \u201cUrbanizaci\u00f3n y expansi\u00f3n de las ciudades\u201d, la c\u00e1tedra abierta que pertenece al ciclo","robots":{"index":"index","follow":"follow","max-snippet":"max-snippet:-1","max-image-preview":"max-image-preview:large","max-video-preview":"max-video-preview:-1"},"canonical":"https:\/\/experienciadevida.com.ar\/portalurbano\/nueva-catedra-abierta-de-proyectar-sobre-urbanizacion-y-expansion-de-las-ciudades\/","og_locale":"es_ES","og_type":"article","og_title":"Nueva c\u00e1tedra abierta de ProyectAR sobre urbanizaci\u00f3n y expansi\u00f3n","og_description":"Nueva C\u00e1tedra Abierta de ProyectAR sobre \u201cUrbanizaci\u00f3n y expansi\u00f3n de las ciudades\u201d, la c\u00e1tedra abierta que pertenece al ciclo","og_url":"https:\/\/experienciadevida.com.ar\/portalurbano\/nueva-catedra-abierta-de-proyectar-sobre-urbanizacion-y-expansion-de-las-ciudades\/","article_publisher":"https:\/\/www.facebook.com\/Portal-Urbano-171542830093757\/","article_published_time":"2022-04-05T15:27:37+00:00","article_modified_time":"2022-04-05T15:28:08+00:00","og_image":[{"width":1024,"height":658,"url":"https:\/\/experienciadevida.com.ar\/portalurbano\/wp-content\/uploads\/2022\/03\/Dieron-inicio-las-actividades.jpeg","type":"image\/jpeg"}],"author":"admpu17wp","twitter_card":"summary_large_image","twitter_creator":"@portalurbanook","twitter_site":"@portalurbanook","twitter_misc":{"Escrito por":"admpu17wp","Tiempo de lectura":"2 minutos"},"schema":{"@context":"https:\/\/schema.org","@graph":[{"@type":"Article","@id":"https:\/\/experienciadevida.com.ar\/portalurbano\/nueva-catedra-abierta-de-proyectar-sobre-urbanizacion-y-expansion-de-las-ciudades\/#article","isPartOf":{"@id":"https:\/\/experienciadevida.com.ar\/portalurbano\/nueva-catedra-abierta-de-proyectar-sobre-urbanizacion-y-expansion-de-las-ciudades\/"},"author":{"name":"admpu17wp","@id":"https:\/\/experienciadevida.com.ar\/portalurbano\/#\/schema\/person\/02dd326b1c4b056e9cc972486934a3a7"},"headline":"Nueva C\u00e1tedra Abierta de ProyectAR sobre \u201cUrbanizaci\u00f3n y expansi\u00f3n de las ciudades\u201d","datePublished":"2022-04-05T15:27:37+00:00","dateModified":"2022-04-05T15:28:08+00:00","mainEntityOfPage":{"@id":"https:\/\/experienciadevida.com.ar\/portalurbano\/nueva-catedra-abierta-de-proyectar-sobre-urbanizacion-y-expansion-de-las-ciudades\/"},"wordCount":504,"publisher":{"@id":"https:\/\/experienciadevida.com.ar\/portalurbano\/#organization"},"articleSection":["Ciudad"],"inLanguage":"es"},{"@type":"WebPage","@id":"https:\/\/experienciadevida.com.ar\/portalurbano\/nueva-catedra-abierta-de-proyectar-sobre-urbanizacion-y-expansion-de-las-ciudades\/","url":"https:\/\/experienciadevida.com.ar\/portalurbano\/nueva-catedra-abierta-de-proyectar-sobre-urbanizacion-y-expansion-de-las-ciudades\/","name":"Nueva c\u00e1tedra abierta de ProyectAR sobre urbanizaci\u00f3n y expansi\u00f3n","isPartOf":{"@id":"https:\/\/experienciadevida.com.ar\/portalurbano\/#website"},"datePublished":"2022-04-05T15:27:37+00:00","dateModified":"2022-04-05T15:28:08+00:00","description":"Nueva C\u00e1tedra Abierta de ProyectAR sobre \u201cUrbanizaci\u00f3n y expansi\u00f3n de las ciudades\u201d, la c\u00e1tedra abierta que pertenece al ciclo","breadcrumb":{"@id":"https:\/\/experienciadevida.com.ar\/portalurbano\/nueva-catedra-abierta-de-proyectar-sobre-urbanizacion-y-expansion-de-las-ciudades\/#breadcrumb"},"inLanguage":"es","potentialAction":[{"@type":"ReadAction","target":["https:\/\/experienciadevida.com.ar\/portalurbano\/nueva-catedra-abierta-de-proyectar-sobre-urbanizacion-y-expansion-de-las-ciudades\/"]}]},{"@type":"BreadcrumbList","@id":"https:\/\/experienciadevida.com.ar\/portalurbano\/nueva-catedra-abierta-de-proyectar-sobre-urbanizacion-y-expansion-de-las-ciudades\/#breadcrumb","itemListElement":[{"@type":"ListItem","position":1,"name":"Portada","item":"https:\/\/experienciadevida.com.ar\/portalurbano\/"},{"@type":"ListItem","position":2,"name":"Nueva C\u00e1tedra Abierta de ProyectAR sobre \u201cUrbanizaci\u00f3n y expansi\u00f3n de las ciudades\u201d"}]},{"@type":"WebSite","@id":"https:\/\/experienciadevida.com.ar\/portalurbano\/#website","url":"https:\/\/experienciadevida.com.ar\/portalurbano\/","name":"","description":"","publisher":{"@id":"https:\/\/experienciadevida.com.ar\/portalurbano\/#organization"},"potentialAction":[{"@type":"SearchAction","target":{"@type":"EntryPoint","urlTemplate":"https:\/\/experienciadevida.com.ar\/portalurbano\/?s={search_term_string}"},"query-input":"required name=search_term_string"}],"inLanguage":"es"},{"@type":"Organization","@id":"https:\/\/experienciadevida.com.ar\/portalurbano\/#organization","name":"Portal Urbano","url":"https:\/\/experienciadevida.com.ar\/portalurbano\/","logo":{"@type":"ImageObject","inLanguage":"es","@id":"https:\/\/experienciadevida.com.ar\/portalurbano\/#\/schema\/logo\/image\/","url":"https:\/\/experienciadevida.com.ar\/portalurbano\/wp-content\/uploads\/2019\/09\/Logo-Original.png","contentUrl":"https:\/\/experienciadevida.com.ar\/portalurbano\/wp-content\/uploads\/2019\/09\/Logo-Original.png","width":2236,"height":1216,"caption":"Portal Urbano"},"image":{"@id":"https:\/\/experienciadevida.com.ar\/portalurbano\/#\/schema\/logo\/image\/"},"sameAs":["https:\/\/www.facebook.com\/Portal-Urbano-171542830093757\/","https:\/\/twitter.com\/portalurbanook","https:\/\/www.instagram.com\/_portalurbano\/","https:\/\/www.youtube.com\/channel\/UCXhagIfszH8KxFiOok79zbA?view_as=subscriber"]},{"@type":"Person","@id":"https:\/\/experienciadevida.com.ar\/portalurbano\/#\/schema\/person\/02dd326b1c4b056e9cc972486934a3a7","name":"admpu17wp","image":{"@type":"ImageObject","inLanguage":"es","@id":"https:\/\/experienciadevida.com.ar\/portalurbano\/#\/schema\/person\/image\/","url":"https:\/\/secure.gravatar.com\/avatar\/830d4c57adaae6630765e449a6908047?s=96&d=mm&r=g","contentUrl":"https:\/\/secure.gravatar.com\/avatar\/830d4c57adaae6630765e449a6908047?s=96&d=mm&r=g","caption":"admpu17wp"}}]}},"featured_image_urls":{"full":["https:\/\/experienciadevida.com.ar\/portalurbano\/wp-content\/uploads\/2022\/03\/Dieron-inicio-las-actividades.jpeg",1024,658,false],"thumbnail":["https:\/\/experienciadevida.com.ar\/portalurbano\/wp-content\/uploads\/2022\/03\/Dieron-inicio-las-actividades-150x150.jpeg",150,150,true],"medium":["https:\/\/experienciadevida.com.ar\/portalurbano\/wp-content\/uploads\/2022\/03\/Dieron-inicio-las-actividades-300x193.jpeg",300,193,true],"medium_large":["https:\/\/experienciadevida.com.ar\/portalurbano\/wp-content\/uploads\/2022\/03\/Dieron-inicio-las-actividades-768x494.jpeg",640,412,true],"large":["https:\/\/experienciadevida.com.ar\/portalurbano\/wp-content\/uploads\/2022\/03\/Dieron-inicio-las-actividades.jpeg",640,411,false],"ug_big":["https:\/\/experienciadevida.com.ar\/portalurbano\/wp-content\/uploads\/2022\/03\/Dieron-inicio-las-actividades-768x494.jpeg",768,494,true],"1536x1536":["https:\/\/experienciadevida.com.ar\/portalurbano\/wp-content\/uploads\/2022\/03\/Dieron-inicio-las-actividades.jpeg",1024,658,false],"2048x2048":["https:\/\/experienciadevida.com.ar\/portalurbano\/wp-content\/uploads\/2022\/03\/Dieron-inicio-las-actividades.jpeg",1024,658,false],"newsever-slider-full":["https:\/\/experienciadevida.com.ar\/portalurbano\/wp-content\/uploads\/2022\/03\/Dieron-inicio-las-actividades.jpeg",1024,658,false],"newsever-featured":["https:\/\/experienciadevida.com.ar\/portalurbano\/wp-content\/uploads\/2022\/03\/Dieron-inicio-las-actividades.jpeg",1024,658,false],"newsever-medium":["https:\/\/experienciadevida.com.ar\/portalurbano\/wp-content\/uploads\/2022\/03\/Dieron-inicio-las-actividades.jpeg",720,463,false],"web-stories-poster-portrait":["https:\/\/experienciadevida.com.ar\/portalurbano\/wp-content\/uploads\/2022\/03\/Dieron-inicio-las-actividades.jpeg",640,411,false],"web-stories-publisher-logo":["https:\/\/experienciadevida.com.ar\/portalurbano\/wp-content\/uploads\/2022\/03\/Dieron-inicio-las-actividades.jpeg",96,62,false],"web-stories-thumbnail":["https:\/\/experienciadevida.com.ar\/portalurbano\/wp-content\/uploads\/2022\/03\/Dieron-inicio-las-actividades.jpeg",150,96,false]},"author_info":{"display_name":"admpu17wp","author_link":"https:\/\/experienciadevida.com.ar\/portalurbano\/author\/admpu17wp\/"},"category_info":"<a href=\"https:\/\/experienciadevida.com.ar\/portalurbano\/category\/ciudad\/\" rel=\"category tag\">Ciudad<\/a>","tag_info":"Ciudad","comment_count":"0","amp_enabled":true,"_links":{"self":[{"href":"https:\/\/experienciadevida.com.ar\/portalurbano\/wp-json\/wp\/v2\/posts\/165046"}],"collection":[{"href":"https:\/\/experienciadevida.com.ar\/portalurbano\/wp-json\/wp\/v2\/posts"}],"about":[{"href":"https:\/\/experienciadevida.com.ar\/portalurbano\/wp-json\/wp\/v2\/types\/post"}],"author":[{"embeddable":true,"href":"https:\/\/experienciadevida.com.ar\/portalurbano\/wp-json\/wp\/v2\/users\/1"}],"replies":[{"embeddable":true,"href":"https:\/\/experienciadevida.com.ar\/portalurbano\/wp-json\/wp\/v2\/comments?post=165046"}],"version-history":[{"count":1,"href":"https:\/\/experienciadevida.com.ar\/portalurbano\/wp-json\/wp\/v2\/posts\/165046\/revisions"}],"predecessor-version":[{"id":165047,"href":"https:\/\/experienciadevida.com.ar\/portalurbano\/wp-json\/wp\/v2\/posts\/165046\/revisions\/165047"}],"wp:featuredmedia":[{"embeddable":true,"href":"https:\/\/experienciadevida.com.ar\/portalurbano\/wp-json\/wp\/v2\/media\/164445"}],"wp:attachment":[{"href":"https:\/\/experienciadevida.com.ar\/portalurbano\/wp-json\/wp\/v2\/media?parent=165046"}],"wp:term":[{"taxonomy":"category","embeddable":true,"href":"https:\/\/experienciadevida.com.ar\/portalurbano\/wp-json\/wp\/v2\/categories?post=165046"},{"taxonomy":"post_tag","embeddable":true,"href":"https:\/\/experienciadevida.com.ar\/portalurbano\/wp-json\/wp\/v2\/tags?post=165046"}],"curies":[{"name":"wp","href":"https:\/\/api.w.org\/{rel}","templated":true}]}}