{"id":165041,"date":"2022-04-05T12:15:40","date_gmt":"2022-04-05T15:15:40","guid":{"rendered":"https:\/\/experienciadevida.com.ar\/portalurbano\/?p=165041"},"modified":"2022-04-05T12:16:42","modified_gmt":"2022-04-05T15:16:42","slug":"trabajo-en-red-entre-municipio-e-instituciones-vinculadas-a-diversidad-y-genero","status":"publish","type":"post","link":"https:\/\/experienciadevida.com.ar\/portalurbano\/trabajo-en-red-entre-municipio-e-instituciones-vinculadas-a-diversidad-y-genero\/","title":{"rendered":"Trabajo en red entre Municipio e instituciones vinculadas a diversidad y g\u00e9nero"},"content":{"rendered":"<div class=\"page-title\">\n<p>Trabajo en red entre Municipio e instituciones vinculadas a diversidad y g\u00e9nero, d\u00edas atr\u00e1s se realiz\u00f3 una folleteada en el Paseo \u201cJes\u00fas Mend\u00eda\u201d, organizada en manera conjunta entre el <a href=\"https:\/\/www.facebook.com\/municipiodeolavarria\">Municipio<\/a>, a trav\u00e9s del Programa de Salud Sexual y Reproductiva, y organizaciones e instituciones vinculadas al trabajo en materia de diversidad y g\u00e9nero.<\/p>\n<p>En esta ocasi\u00f3n particip\u00f3 el equipo del Consultorio Inclusivo, el espacio de Diversidad Sexual y Disidencias del STMO, el Centro de Violencia Familiar y G\u00e9neros STMO, Criar con Alas (mam\u00e1s en acompa\u00f1amiento para infancias trans), Noah Yael Coda (Compa\u00f1erx militante por los derechos no binarixs), CIC (empoderarte), Emanuel Donad\u00edo (Militante por los derechos LGBTTTQI+), el Observatorio de Educaci\u00f3n Pol\u00edticas Publicas y Derechos y C\u00e1tedra Libre (FACSO), con el objetivo de concientizar y visibilizar el trabajo en red que se lleva adelante con las instituciones antes nombradas.<\/p>\n<p>La actividad comenz\u00f3 pasadas las 16 horas. Los distintos referentes se dividieron en grupos y repartieron folletos e informaron sobre las distintas actividades que llevan a cabo; luego compartieron un momento de reflexi\u00f3n.<\/p>\n<p>El Consultorio Inclusivo es un espacio nacido en el marco de un trabajo sostenido de diferentes \u00e1reas municipales. Es un espacio para informaci\u00f3n, escucha y prevenci\u00f3n de las necesidades del Colectivo LGBTIQ, con programas de fertilidad y hormonizaci\u00f3n, entrega de MAC y consejer\u00edas, como as\u00ed tambi\u00e9n el asesoramiento para grupos vulnerables, padres, madres y docentes.<\/p>\n<p><a href=\"https:\/\/experienciadevida.com.ar\/portalurbano\/trabajo-en-red-entre-municipio-e-instituciones-vinculadas-a-diversidad-y-genero\/trabajo-en-red\/\" rel=\"attachment wp-att-165043\"><img decoding=\"async\" class=\"alignnone size-large wp-image-165043\" src=\"https:\/\/experienciadevida.com.ar\/portalurbano\/wp-content\/uploads\/2022\/04\/Trabajo-en-red-1024x682.jpg\" alt=\"Trabajo en red \" width=\"900\" height=\"599\" srcset=\"https:\/\/experienciadevida.com.ar\/portalurbano\/wp-content\/uploads\/2022\/04\/Trabajo-en-red-1024x682.jpg 1024w, https:\/\/experienciadevida.com.ar\/portalurbano\/wp-content\/uploads\/2022\/04\/Trabajo-en-red-300x200.jpg 300w, https:\/\/experienciadevida.com.ar\/portalurbano\/wp-content\/uploads\/2022\/04\/Trabajo-en-red-768x512.jpg 768w, https:\/\/experienciadevida.com.ar\/portalurbano\/wp-content\/uploads\/2022\/04\/Trabajo-en-red-1536x1024.jpg 1536w, https:\/\/experienciadevida.com.ar\/portalurbano\/wp-content\/uploads\/2022\/04\/Trabajo-en-red.jpg 1772w\" sizes=\"(max-width: 900px) 100vw, 900px\" \/><\/a><\/p>\n<\/div>\n<div class=\"breadcrumbs\"><\/div>\n","protected":false},"excerpt":{"rendered":"<p>Trabajo en red entre Municipio e instituciones vinculadas a diversidad y g\u00e9nero, d\u00edas atr\u00e1s se&#8230;<\/p>\n","protected":false},"author":1,"featured_media":165042,"comment_status":"closed","ping_status":"closed","sticky":false,"template":"","format":"standard","meta":{"content-type":""},"categories":[27],"tags":[],"nelio_content":{"isAutoShareEnabled":false,"autoShareEndMode":"default","automationSources":{"useContentSentences":true,"useSocialTemplates":true,"useCustomSentences":false,"customSentences":[]},"followers":[1],"suggestedReferences":[],"includedReferences":[],"efiUrl":"","efiAlt":"","highlights":[]},"yoast_head":"<!-- This site is optimized with the Yoast SEO plugin v20.7 - https:\/\/yoast.com\/wordpress\/plugins\/seo\/ -->\n<title>Trabajo en red entre Municipio e instituciones vinculadas a g\u00e9nero<\/title>\n<meta name=\"description\" content=\"Trabajo en red entre Municipio e instituciones vinculadas a diversidad y g\u00e9nero, d\u00edas atr\u00e1s se realiz\u00f3 una folleteada en el Paseo\" \/>\n<meta name=\"robots\" content=\"index, follow, max-snippet:-1, max-image-preview:large, max-video-preview:-1\" \/>\n<link rel=\"canonical\" href=\"https:\/\/experienciadevida.com.ar\/portalurbano\/trabajo-en-red-entre-municipio-e-instituciones-vinculadas-a-diversidad-y-genero\/\" \/>\n<meta property=\"og:locale\" content=\"es_ES\" \/>\n<meta property=\"og:type\" content=\"article\" \/>\n<meta property=\"og:title\" content=\"Trabajo en red entre Municipio e instituciones vinculadas a g\u00e9nero\" \/>\n<meta property=\"og:description\" content=\"Trabajo en red entre Municipio e instituciones vinculadas a diversidad y g\u00e9nero, d\u00edas atr\u00e1s se realiz\u00f3 una folleteada en el Paseo\" \/>\n<meta property=\"og:url\" content=\"https:\/\/experienciadevida.com.ar\/portalurbano\/trabajo-en-red-entre-municipio-e-instituciones-vinculadas-a-diversidad-y-genero\/\" \/>\n<meta property=\"article:publisher\" content=\"https:\/\/www.facebook.com\/Portal-Urbano-171542830093757\/\" \/>\n<meta property=\"article:published_time\" content=\"2022-04-05T15:15:40+00:00\" \/>\n<meta property=\"article:modified_time\" content=\"2022-04-05T15:16:42+00:00\" \/>\n<meta property=\"og:image\" content=\"https:\/\/experienciadevida.com.ar\/portalurbano\/wp-content\/uploads\/2022\/04\/Trabajo-en-red-entre.jpg\" \/>\n\t<meta property=\"og:image:width\" content=\"1772\" \/>\n\t<meta property=\"og:image:height\" content=\"1181\" \/>\n\t<meta property=\"og:image:type\" content=\"image\/jpeg\" \/>\n<meta name=\"author\" content=\"admpu17wp\" \/>\n<meta name=\"twitter:card\" content=\"summary_large_image\" \/>\n<meta name=\"twitter:creator\" content=\"@portalurbanook\" \/>\n<meta name=\"twitter:site\" content=\"@portalurbanook\" \/>\n<meta name=\"twitter:label1\" content=\"Escrito por\" \/>\n\t<meta name=\"twitter:data1\" content=\"admpu17wp\" \/>\n\t<meta name=\"twitter:label2\" content=\"Tiempo de lectura\" \/>\n\t<meta name=\"twitter:data2\" content=\"1 minuto\" \/>\n<script type=\"application\/ld+json\" class=\"yoast-schema-graph\">{\"@context\":\"https:\/\/schema.org\",\"@graph\":[{\"@type\":\"Article\",\"@id\":\"https:\/\/experienciadevida.com.ar\/portalurbano\/trabajo-en-red-entre-municipio-e-instituciones-vinculadas-a-diversidad-y-genero\/#article\",\"isPartOf\":{\"@id\":\"https:\/\/experienciadevida.com.ar\/portalurbano\/trabajo-en-red-entre-municipio-e-instituciones-vinculadas-a-diversidad-y-genero\/\"},\"author\":{\"name\":\"admpu17wp\",\"@id\":\"https:\/\/experienciadevida.com.ar\/portalurbano\/#\/schema\/person\/02dd326b1c4b056e9cc972486934a3a7\"},\"headline\":\"Trabajo en red entre Municipio e instituciones vinculadas a diversidad y g\u00e9nero\",\"datePublished\":\"2022-04-05T15:15:40+00:00\",\"dateModified\":\"2022-04-05T15:16:42+00:00\",\"mainEntityOfPage\":{\"@id\":\"https:\/\/experienciadevida.com.ar\/portalurbano\/trabajo-en-red-entre-municipio-e-instituciones-vinculadas-a-diversidad-y-genero\/\"},\"wordCount\":260,\"publisher\":{\"@id\":\"https:\/\/experienciadevida.com.ar\/portalurbano\/#organization\"},\"articleSection\":[\"Ciudad\"],\"inLanguage\":\"es\"},{\"@type\":\"WebPage\",\"@id\":\"https:\/\/experienciadevida.com.ar\/portalurbano\/trabajo-en-red-entre-municipio-e-instituciones-vinculadas-a-diversidad-y-genero\/\",\"url\":\"https:\/\/experienciadevida.com.ar\/portalurbano\/trabajo-en-red-entre-municipio-e-instituciones-vinculadas-a-diversidad-y-genero\/\",\"name\":\"Trabajo en red entre Municipio e instituciones vinculadas a g\u00e9nero\",\"isPartOf\":{\"@id\":\"https:\/\/experienciadevida.com.ar\/portalurbano\/#website\"},\"datePublished\":\"2022-04-05T15:15:40+00:00\",\"dateModified\":\"2022-04-05T15:16:42+00:00\",\"description\":\"Trabajo en red entre Municipio e instituciones vinculadas a diversidad y g\u00e9nero, d\u00edas atr\u00e1s se realiz\u00f3 una folleteada en el Paseo\",\"breadcrumb\":{\"@id\":\"https:\/\/experienciadevida.com.ar\/portalurbano\/trabajo-en-red-entre-municipio-e-instituciones-vinculadas-a-diversidad-y-genero\/#breadcrumb\"},\"inLanguage\":\"es\",\"potentialAction\":[{\"@type\":\"ReadAction\",\"target\":[\"https:\/\/experienciadevida.com.ar\/portalurbano\/trabajo-en-red-entre-municipio-e-instituciones-vinculadas-a-diversidad-y-genero\/\"]}]},{\"@type\":\"BreadcrumbList\",\"@id\":\"https:\/\/experienciadevida.com.ar\/portalurbano\/trabajo-en-red-entre-municipio-e-instituciones-vinculadas-a-diversidad-y-genero\/#breadcrumb\",\"itemListElement\":[{\"@type\":\"ListItem\",\"position\":1,\"name\":\"Portada\",\"item\":\"https:\/\/experienciadevida.com.ar\/portalurbano\/\"},{\"@type\":\"ListItem\",\"position\":2,\"name\":\"Trabajo en red entre Municipio e instituciones vinculadas a diversidad y g\u00e9nero\"}]},{\"@type\":\"WebSite\",\"@id\":\"https:\/\/experienciadevida.com.ar\/portalurbano\/#website\",\"url\":\"https:\/\/experienciadevida.com.ar\/portalurbano\/\",\"name\":\"\",\"description\":\"\",\"publisher\":{\"@id\":\"https:\/\/experienciadevida.com.ar\/portalurbano\/#organization\"},\"potentialAction\":[{\"@type\":\"SearchAction\",\"target\":{\"@type\":\"EntryPoint\",\"urlTemplate\":\"https:\/\/experienciadevida.com.ar\/portalurbano\/?s={search_term_string}\"},\"query-input\":\"required name=search_term_string\"}],\"inLanguage\":\"es\"},{\"@type\":\"Organization\",\"@id\":\"https:\/\/experienciadevida.com.ar\/portalurbano\/#organization\",\"name\":\"Portal Urbano\",\"url\":\"https:\/\/experienciadevida.com.ar\/portalurbano\/\",\"logo\":{\"@type\":\"ImageObject\",\"inLanguage\":\"es\",\"@id\":\"https:\/\/experienciadevida.com.ar\/portalurbano\/#\/schema\/logo\/image\/\",\"url\":\"https:\/\/experienciadevida.com.ar\/portalurbano\/wp-content\/uploads\/2019\/09\/Logo-Original.png\",\"contentUrl\":\"https:\/\/experienciadevida.com.ar\/portalurbano\/wp-content\/uploads\/2019\/09\/Logo-Original.png\",\"width\":2236,\"height\":1216,\"caption\":\"Portal Urbano\"},\"image\":{\"@id\":\"https:\/\/experienciadevida.com.ar\/portalurbano\/#\/schema\/logo\/image\/\"},\"sameAs\":[\"https:\/\/www.facebook.com\/Portal-Urbano-171542830093757\/\",\"https:\/\/twitter.com\/portalurbanook\",\"https:\/\/www.instagram.com\/_portalurbano\/\",\"https:\/\/www.youtube.com\/channel\/UCXhagIfszH8KxFiOok79zbA?view_as=subscriber\"]},{\"@type\":\"Person\",\"@id\":\"https:\/\/experienciadevida.com.ar\/portalurbano\/#\/schema\/person\/02dd326b1c4b056e9cc972486934a3a7\",\"name\":\"admpu17wp\",\"image\":{\"@type\":\"ImageObject\",\"inLanguage\":\"es\",\"@id\":\"https:\/\/experienciadevida.com.ar\/portalurbano\/#\/schema\/person\/image\/\",\"url\":\"https:\/\/secure.gravatar.com\/avatar\/830d4c57adaae6630765e449a6908047?s=96&d=mm&r=g\",\"contentUrl\":\"https:\/\/secure.gravatar.com\/avatar\/830d4c57adaae6630765e449a6908047?s=96&d=mm&r=g\",\"caption\":\"admpu17wp\"}}]}<\/script>\n<!-- \/ Yoast SEO plugin. -->","yoast_head_json":{"title":"Trabajo en red entre Municipio e instituciones vinculadas a g\u00e9nero","description":"Trabajo en red entre Municipio e instituciones vinculadas a diversidad y g\u00e9nero, d\u00edas atr\u00e1s se realiz\u00f3 una folleteada en el Paseo","robots":{"index":"index","follow":"follow","max-snippet":"max-snippet:-1","max-image-preview":"max-image-preview:large","max-video-preview":"max-video-preview:-1"},"canonical":"https:\/\/experienciadevida.com.ar\/portalurbano\/trabajo-en-red-entre-municipio-e-instituciones-vinculadas-a-diversidad-y-genero\/","og_locale":"es_ES","og_type":"article","og_title":"Trabajo en red entre Municipio e instituciones vinculadas a g\u00e9nero","og_description":"Trabajo en red entre Municipio e instituciones vinculadas a diversidad y g\u00e9nero, d\u00edas atr\u00e1s se realiz\u00f3 una folleteada en el Paseo","og_url":"https:\/\/experienciadevida.com.ar\/portalurbano\/trabajo-en-red-entre-municipio-e-instituciones-vinculadas-a-diversidad-y-genero\/","article_publisher":"https:\/\/www.facebook.com\/Portal-Urbano-171542830093757\/","article_published_time":"2022-04-05T15:15:40+00:00","article_modified_time":"2022-04-05T15:16:42+00:00","og_image":[{"width":1772,"height":1181,"url":"https:\/\/experienciadevida.com.ar\/portalurbano\/wp-content\/uploads\/2022\/04\/Trabajo-en-red-entre.jpg","type":"image\/jpeg"}],"author":"admpu17wp","twitter_card":"summary_large_image","twitter_creator":"@portalurbanook","twitter_site":"@portalurbanook","twitter_misc":{"Escrito por":"admpu17wp","Tiempo de lectura":"1 minuto"},"schema":{"@context":"https:\/\/schema.org","@graph":[{"@type":"Article","@id":"https:\/\/experienciadevida.com.ar\/portalurbano\/trabajo-en-red-entre-municipio-e-instituciones-vinculadas-a-diversidad-y-genero\/#article","isPartOf":{"@id":"https:\/\/experienciadevida.com.ar\/portalurbano\/trabajo-en-red-entre-municipio-e-instituciones-vinculadas-a-diversidad-y-genero\/"},"author":{"name":"admpu17wp","@id":"https:\/\/experienciadevida.com.ar\/portalurbano\/#\/schema\/person\/02dd326b1c4b056e9cc972486934a3a7"},"headline":"Trabajo en red entre Municipio e instituciones vinculadas a diversidad y g\u00e9nero","datePublished":"2022-04-05T15:15:40+00:00","dateModified":"2022-04-05T15:16:42+00:00","mainEntityOfPage":{"@id":"https:\/\/experienciadevida.com.ar\/portalurbano\/trabajo-en-red-entre-municipio-e-instituciones-vinculadas-a-diversidad-y-genero\/"},"wordCount":260,"publisher":{"@id":"https:\/\/experienciadevida.com.ar\/portalurbano\/#organization"},"articleSection":["Ciudad"],"inLanguage":"es"},{"@type":"WebPage","@id":"https:\/\/experienciadevida.com.ar\/portalurbano\/trabajo-en-red-entre-municipio-e-instituciones-vinculadas-a-diversidad-y-genero\/","url":"https:\/\/experienciadevida.com.ar\/portalurbano\/trabajo-en-red-entre-municipio-e-instituciones-vinculadas-a-diversidad-y-genero\/","name":"Trabajo en red entre Municipio e instituciones vinculadas a g\u00e9nero","isPartOf":{"@id":"https:\/\/experienciadevida.com.ar\/portalurbano\/#website"},"datePublished":"2022-04-05T15:15:40+00:00","dateModified":"2022-04-05T15:16:42+00:00","description":"Trabajo en red entre Municipio e instituciones vinculadas a diversidad y g\u00e9nero, d\u00edas atr\u00e1s se realiz\u00f3 una folleteada en el Paseo","breadcrumb":{"@id":"https:\/\/experienciadevida.com.ar\/portalurbano\/trabajo-en-red-entre-municipio-e-instituciones-vinculadas-a-diversidad-y-genero\/#breadcrumb"},"inLanguage":"es","potentialAction":[{"@type":"ReadAction","target":["https:\/\/experienciadevida.com.ar\/portalurbano\/trabajo-en-red-entre-municipio-e-instituciones-vinculadas-a-diversidad-y-genero\/"]}]},{"@type":"BreadcrumbList","@id":"https:\/\/experienciadevida.com.ar\/portalurbano\/trabajo-en-red-entre-municipio-e-instituciones-vinculadas-a-diversidad-y-genero\/#breadcrumb","itemListElement":[{"@type":"ListItem","position":1,"name":"Portada","item":"https:\/\/experienciadevida.com.ar\/portalurbano\/"},{"@type":"ListItem","position":2,"name":"Trabajo en red entre Municipio e instituciones vinculadas a diversidad y g\u00e9nero"}]},{"@type":"WebSite","@id":"https:\/\/experienciadevida.com.ar\/portalurbano\/#website","url":"https:\/\/experienciadevida.com.ar\/portalurbano\/","name":"","description":"","publisher":{"@id":"https:\/\/experienciadevida.com.ar\/portalurbano\/#organization"},"potentialAction":[{"@type":"SearchAction","target":{"@type":"EntryPoint","urlTemplate":"https:\/\/experienciadevida.com.ar\/portalurbano\/?s={search_term_string}"},"query-input":"required name=search_term_string"}],"inLanguage":"es"},{"@type":"Organization","@id":"https:\/\/experienciadevida.com.ar\/portalurbano\/#organization","name":"Portal Urbano","url":"https:\/\/experienciadevida.com.ar\/portalurbano\/","logo":{"@type":"ImageObject","inLanguage":"es","@id":"https:\/\/experienciadevida.com.ar\/portalurbano\/#\/schema\/logo\/image\/","url":"https:\/\/experienciadevida.com.ar\/portalurbano\/wp-content\/uploads\/2019\/09\/Logo-Original.png","contentUrl":"https:\/\/experienciadevida.com.ar\/portalurbano\/wp-content\/uploads\/2019\/09\/Logo-Original.png","width":2236,"height":1216,"caption":"Portal Urbano"},"image":{"@id":"https:\/\/experienciadevida.com.ar\/portalurbano\/#\/schema\/logo\/image\/"},"sameAs":["https:\/\/www.facebook.com\/Portal-Urbano-171542830093757\/","https:\/\/twitter.com\/portalurbanook","https:\/\/www.instagram.com\/_portalurbano\/","https:\/\/www.youtube.com\/channel\/UCXhagIfszH8KxFiOok79zbA?view_as=subscriber"]},{"@type":"Person","@id":"https:\/\/experienciadevida.com.ar\/portalurbano\/#\/schema\/person\/02dd326b1c4b056e9cc972486934a3a7","name":"admpu17wp","image":{"@type":"ImageObject","inLanguage":"es","@id":"https:\/\/experienciadevida.com.ar\/portalurbano\/#\/schema\/person\/image\/","url":"https:\/\/secure.gravatar.com\/avatar\/830d4c57adaae6630765e449a6908047?s=96&d=mm&r=g","contentUrl":"https:\/\/secure.gravatar.com\/avatar\/830d4c57adaae6630765e449a6908047?s=96&d=mm&r=g","caption":"admpu17wp"}}]}},"featured_image_urls":{"full":["https:\/\/experienciadevida.com.ar\/portalurbano\/wp-content\/uploads\/2022\/04\/Trabajo-en-red-entre.jpg",1772,1181,false],"thumbnail":["https:\/\/experienciadevida.com.ar\/portalurbano\/wp-content\/uploads\/2022\/04\/Trabajo-en-red-entre-150x150.jpg",150,150,true],"medium":["https:\/\/experienciadevida.com.ar\/portalurbano\/wp-content\/uploads\/2022\/04\/Trabajo-en-red-entre-300x200.jpg",300,200,true],"medium_large":["https:\/\/experienciadevida.com.ar\/portalurbano\/wp-content\/uploads\/2022\/04\/Trabajo-en-red-entre-768x512.jpg",640,427,true],"large":["https:\/\/experienciadevida.com.ar\/portalurbano\/wp-content\/uploads\/2022\/04\/Trabajo-en-red-entre-1024x682.jpg",640,426,true],"ug_big":["https:\/\/experienciadevida.com.ar\/portalurbano\/wp-content\/uploads\/2022\/04\/Trabajo-en-red-entre-768x512.jpg",768,512,true],"1536x1536":["https:\/\/experienciadevida.com.ar\/portalurbano\/wp-content\/uploads\/2022\/04\/Trabajo-en-red-entre-1536x1024.jpg",1536,1024,true],"2048x2048":["https:\/\/experienciadevida.com.ar\/portalurbano\/wp-content\/uploads\/2022\/04\/Trabajo-en-red-entre.jpg",1772,1181,false],"newsever-slider-full":["https:\/\/experienciadevida.com.ar\/portalurbano\/wp-content\/uploads\/2022\/04\/Trabajo-en-red-entre.jpg",1268,845,false],"newsever-featured":["https:\/\/experienciadevida.com.ar\/portalurbano\/wp-content\/uploads\/2022\/04\/Trabajo-en-red-entre.jpg",1024,682,false],"newsever-medium":["https:\/\/experienciadevida.com.ar\/portalurbano\/wp-content\/uploads\/2022\/04\/Trabajo-en-red-entre.jpg",713,475,false],"web-stories-poster-portrait":["https:\/\/experienciadevida.com.ar\/portalurbano\/wp-content\/uploads\/2022\/04\/Trabajo-en-red-entre.jpg",640,427,false],"web-stories-publisher-logo":["https:\/\/experienciadevida.com.ar\/portalurbano\/wp-content\/uploads\/2022\/04\/Trabajo-en-red-entre.jpg",96,64,false],"web-stories-thumbnail":["https:\/\/experienciadevida.com.ar\/portalurbano\/wp-content\/uploads\/2022\/04\/Trabajo-en-red-entre.jpg",150,100,false]},"author_info":{"display_name":"admpu17wp","author_link":"https:\/\/experienciadevida.com.ar\/portalurbano\/author\/admpu17wp\/"},"category_info":"<a href=\"https:\/\/experienciadevida.com.ar\/portalurbano\/category\/ciudad\/\" rel=\"category tag\">Ciudad<\/a>","tag_info":"Ciudad","comment_count":"0","amp_enabled":true,"_links":{"self":[{"href":"https:\/\/experienciadevida.com.ar\/portalurbano\/wp-json\/wp\/v2\/posts\/165041"}],"collection":[{"href":"https:\/\/experienciadevida.com.ar\/portalurbano\/wp-json\/wp\/v2\/posts"}],"about":[{"href":"https:\/\/experienciadevida.com.ar\/portalurbano\/wp-json\/wp\/v2\/types\/post"}],"author":[{"embeddable":true,"href":"https:\/\/experienciadevida.com.ar\/portalurbano\/wp-json\/wp\/v2\/users\/1"}],"replies":[{"embeddable":true,"href":"https:\/\/experienciadevida.com.ar\/portalurbano\/wp-json\/wp\/v2\/comments?post=165041"}],"version-history":[{"count":2,"href":"https:\/\/experienciadevida.com.ar\/portalurbano\/wp-json\/wp\/v2\/posts\/165041\/revisions"}],"predecessor-version":[{"id":165045,"href":"https:\/\/experienciadevida.com.ar\/portalurbano\/wp-json\/wp\/v2\/posts\/165041\/revisions\/165045"}],"wp:featuredmedia":[{"embeddable":true,"href":"https:\/\/experienciadevida.com.ar\/portalurbano\/wp-json\/wp\/v2\/media\/165042"}],"wp:attachment":[{"href":"https:\/\/experienciadevida.com.ar\/portalurbano\/wp-json\/wp\/v2\/media?parent=165041"}],"wp:term":[{"taxonomy":"category","embeddable":true,"href":"https:\/\/experienciadevida.com.ar\/portalurbano\/wp-json\/wp\/v2\/categories?post=165041"},{"taxonomy":"post_tag","embeddable":true,"href":"https:\/\/experienciadevida.com.ar\/portalurbano\/wp-json\/wp\/v2\/tags?post=165041"}],"curies":[{"name":"wp","href":"https:\/\/api.w.org\/{rel}","templated":true}]}}