{"id":165022,"date":"2022-04-05T09:28:08","date_gmt":"2022-04-05T12:28:08","guid":{"rendered":"https:\/\/experienciadevida.com.ar\/portalurbano\/?p=165022"},"modified":"2022-04-05T09:50:14","modified_gmt":"2022-04-05T12:50:14","slug":"regularizacion-dominial-comenzo-el-cronograma-de-atencion-en-los-barrios","status":"publish","type":"post","link":"https:\/\/experienciadevida.com.ar\/portalurbano\/regularizacion-dominial-comenzo-el-cronograma-de-atencion-en-los-barrios\/","title":{"rendered":"Regularizaci\u00f3n Dominial: comenz\u00f3 el cronograma de atenci\u00f3n en los barrios"},"content":{"rendered":"<p>Regularizaci\u00f3n Dominial: comenz\u00f3 el cronograma de atenci\u00f3n en los barrios, en el d\u00eda de ayer en la sede del Servicio Territorial N\u00ba 2 (Alberdi y Coronel Su\u00e1rez)- se inici\u00f3 el cronograma mensual de atenci\u00f3n y asesoramiento personalizado, que brinda el equipo de Regularizaci\u00f3n Dominial, en distintos barrios de la ciudad.<\/p>\n<p>Dicho programa tiene como objetivo brindar un mejor asesoramiento, con la finalidad de resolver diferentes tr\u00e1mites y cuestiones, en materia de regularizaci\u00f3n dominial.<\/p>\n<p>Al respecto, la titular del \u00e1rea Dra. Mar\u00eda Jos\u00e9 Gonz\u00e1lez destac\u00f3 que \u201cen esta primera jornada estamos muy satisfechos con el resultado y la repuesta por parte de la comunidad del barrio, que tuvo una fluida concurrencia\u201d.<\/p>\n<p>Gonz\u00e1lez se\u00f1al\u00f3 que \u201catendimos alrededor de 15 personas, por distintas consultas, inscripciones en el Registro de Demanda Habitacional, estado de tr\u00e1mites y tambi\u00e9n consultas particulares, donde se realiza una averiguaci\u00f3n del estado de situaci\u00f3n y se indican los pasos a seguir\u201d.<\/p>\n<p>En este sentido, la funcionaria municipal agreg\u00f3 que en la oportunidad \u201cse trajeron las tenencias que estaban para renovar, para que los vecinos puedan firmarlas en el lugar, sin necesidad de tener que trasladarse hasta el Municipio\u201d y valor\u00f3 que esta medida \u201ctuvo muy buena recepci\u00f3n de los vecinos\u201d.<\/p>\n<p>Dicha iniciativa comprende un cronograma a desarrollar la primera semana de cada mes, en las sedes de los Servicios Territoriales N\u00ba 1, N\u00ba 2 y N\u00ba 4 y los NIDO de Villa Magdalena y de barrio El Progreso.<\/p>\n<p>En todos los casos, la atenci\u00f3n se lleva a cabo en el horario de 9 a 12 horas, y contin\u00faa de la siguiente manera:<\/p>\n<p>Martes 5 de abril<br \/>\nNIDO Villa Magdalena (Necochea y C\u00f3rdoba)<\/p>\n<p>Mi\u00e9rcoles 6 de abril<br \/>\nServicio Territorial N\u00ba 1 (Av. Alberdi y Fassina)<\/p>\n<p>Jueves 7 de abril<br \/>\nServicio Territorial N\u00ba 4 (Rufino Fal y Beruti)<\/p>\n<p>Viernes 8 de abril<br \/>\nNIDO El Progreso (Mitre y Calle 7)<\/p>\n<p>En el marco de este programa, se pueden realizar tr\u00e1mites como la inscripci\u00f3n al Registro de Demanda Habitacional, para lo cual se debe concurrir con DNI del grupo familiar.<\/p>\n<p>Tambi\u00e9n se brinda asesoramiento en relaci\u00f3n a la Ley N\u00ba 24.374 (Afectaci\u00f3n Bien de Familia), sobre impresi\u00f3n de boletas y consultas en general sobre el Instituto de la Vivienda de la provincia de Buenos Aires, como as\u00ed tambi\u00e9n sobre distintos tipos de tr\u00e1mites administrativos.<\/p>\n<p>Como parte de las acciones que contempla este programa, se entregan folletos informativos, con material \u00fatil para cada vecino con datos de contacto y preguntas frecuentes de los tr\u00e1mites, requisitos y documentaci\u00f3n a presentar.<\/p>\n","protected":false},"excerpt":{"rendered":"<p>Regularizaci\u00f3n Dominial: comenz\u00f3 el cronograma de atenci\u00f3n en los barrios, en el d\u00eda de ayer&#8230;<\/p>\n","protected":false},"author":1,"featured_media":165023,"comment_status":"closed","ping_status":"closed","sticky":false,"template":"","format":"standard","meta":{"content-type":""},"categories":[27,64],"tags":[],"nelio_content":{"isAutoShareEnabled":false,"autoShareEndMode":"default","automationSources":{"useContentSentences":true,"useSocialTemplates":true,"useCustomSentences":false,"customSentences":[]},"followers":[1],"suggestedReferences":[],"includedReferences":[],"efiUrl":"","efiAlt":"","highlights":[]},"yoast_head":"<!-- This site is optimized with the Yoast SEO plugin v20.7 - https:\/\/yoast.com\/wordpress\/plugins\/seo\/ -->\n<title>Regularizaci\u00f3n dominial: comenz\u00f3 el cronograma de atenci\u00f3n<\/title>\n<meta name=\"description\" content=\"Regularizaci\u00f3n Dominial: comenz\u00f3 el cronograma de atenci\u00f3n en los barrios, en el d\u00eda de ayer en la sede del Servicio Territorial N\u00ba 2\" \/>\n<meta name=\"robots\" content=\"index, follow, max-snippet:-1, max-image-preview:large, max-video-preview:-1\" \/>\n<link rel=\"canonical\" href=\"https:\/\/experienciadevida.com.ar\/portalurbano\/regularizacion-dominial-comenzo-el-cronograma-de-atencion-en-los-barrios\/\" \/>\n<meta property=\"og:locale\" content=\"es_ES\" \/>\n<meta property=\"og:type\" content=\"article\" \/>\n<meta property=\"og:title\" content=\"Regularizaci\u00f3n dominial: comenz\u00f3 el cronograma de atenci\u00f3n\" \/>\n<meta property=\"og:description\" content=\"Regularizaci\u00f3n Dominial: comenz\u00f3 el cronograma de atenci\u00f3n en los barrios, en el d\u00eda de ayer en la sede del Servicio Territorial N\u00ba 2\" \/>\n<meta property=\"og:url\" content=\"https:\/\/experienciadevida.com.ar\/portalurbano\/regularizacion-dominial-comenzo-el-cronograma-de-atencion-en-los-barrios\/\" \/>\n<meta property=\"article:publisher\" content=\"https:\/\/www.facebook.com\/Portal-Urbano-171542830093757\/\" \/>\n<meta property=\"article:published_time\" content=\"2022-04-05T12:28:08+00:00\" \/>\n<meta property=\"article:modified_time\" content=\"2022-04-05T12:50:14+00:00\" \/>\n<meta property=\"og:image\" content=\"https:\/\/experienciadevida.com.ar\/portalurbano\/wp-content\/uploads\/2022\/04\/Regularizacion-Dominial.jpeg\" \/>\n\t<meta property=\"og:image:width\" content=\"1024\" \/>\n\t<meta property=\"og:image:height\" content=\"682\" \/>\n\t<meta property=\"og:image:type\" content=\"image\/jpeg\" \/>\n<meta name=\"author\" content=\"admpu17wp\" \/>\n<meta name=\"twitter:card\" content=\"summary_large_image\" \/>\n<meta name=\"twitter:creator\" content=\"@portalurbanook\" \/>\n<meta name=\"twitter:site\" content=\"@portalurbanook\" \/>\n<meta name=\"twitter:label1\" content=\"Escrito por\" \/>\n\t<meta name=\"twitter:data1\" content=\"admpu17wp\" \/>\n\t<meta name=\"twitter:label2\" content=\"Tiempo de lectura\" \/>\n\t<meta name=\"twitter:data2\" content=\"2 minutos\" \/>\n<script type=\"application\/ld+json\" class=\"yoast-schema-graph\">{\"@context\":\"https:\/\/schema.org\",\"@graph\":[{\"@type\":\"Article\",\"@id\":\"https:\/\/experienciadevida.com.ar\/portalurbano\/regularizacion-dominial-comenzo-el-cronograma-de-atencion-en-los-barrios\/#article\",\"isPartOf\":{\"@id\":\"https:\/\/experienciadevida.com.ar\/portalurbano\/regularizacion-dominial-comenzo-el-cronograma-de-atencion-en-los-barrios\/\"},\"author\":{\"name\":\"admpu17wp\",\"@id\":\"https:\/\/experienciadevida.com.ar\/portalurbano\/#\/schema\/person\/02dd326b1c4b056e9cc972486934a3a7\"},\"headline\":\"Regularizaci\u00f3n Dominial: comenz\u00f3 el cronograma de atenci\u00f3n en los barrios\",\"datePublished\":\"2022-04-05T12:28:08+00:00\",\"dateModified\":\"2022-04-05T12:50:14+00:00\",\"mainEntityOfPage\":{\"@id\":\"https:\/\/experienciadevida.com.ar\/portalurbano\/regularizacion-dominial-comenzo-el-cronograma-de-atencion-en-los-barrios\/\"},\"wordCount\":443,\"publisher\":{\"@id\":\"https:\/\/experienciadevida.com.ar\/portalurbano\/#organization\"},\"articleSection\":[\"Ciudad\",\"Destacadas 2\"],\"inLanguage\":\"es\"},{\"@type\":\"WebPage\",\"@id\":\"https:\/\/experienciadevida.com.ar\/portalurbano\/regularizacion-dominial-comenzo-el-cronograma-de-atencion-en-los-barrios\/\",\"url\":\"https:\/\/experienciadevida.com.ar\/portalurbano\/regularizacion-dominial-comenzo-el-cronograma-de-atencion-en-los-barrios\/\",\"name\":\"Regularizaci\u00f3n dominial: comenz\u00f3 el cronograma de atenci\u00f3n\",\"isPartOf\":{\"@id\":\"https:\/\/experienciadevida.com.ar\/portalurbano\/#website\"},\"datePublished\":\"2022-04-05T12:28:08+00:00\",\"dateModified\":\"2022-04-05T12:50:14+00:00\",\"description\":\"Regularizaci\u00f3n Dominial: comenz\u00f3 el cronograma de atenci\u00f3n en los barrios, en el d\u00eda de ayer en la sede del Servicio Territorial N\u00ba 2\",\"breadcrumb\":{\"@id\":\"https:\/\/experienciadevida.com.ar\/portalurbano\/regularizacion-dominial-comenzo-el-cronograma-de-atencion-en-los-barrios\/#breadcrumb\"},\"inLanguage\":\"es\",\"potentialAction\":[{\"@type\":\"ReadAction\",\"target\":[\"https:\/\/experienciadevida.com.ar\/portalurbano\/regularizacion-dominial-comenzo-el-cronograma-de-atencion-en-los-barrios\/\"]}]},{\"@type\":\"BreadcrumbList\",\"@id\":\"https:\/\/experienciadevida.com.ar\/portalurbano\/regularizacion-dominial-comenzo-el-cronograma-de-atencion-en-los-barrios\/#breadcrumb\",\"itemListElement\":[{\"@type\":\"ListItem\",\"position\":1,\"name\":\"Portada\",\"item\":\"https:\/\/experienciadevida.com.ar\/portalurbano\/\"},{\"@type\":\"ListItem\",\"position\":2,\"name\":\"Regularizaci\u00f3n Dominial: comenz\u00f3 el cronograma de atenci\u00f3n en los barrios\"}]},{\"@type\":\"WebSite\",\"@id\":\"https:\/\/experienciadevida.com.ar\/portalurbano\/#website\",\"url\":\"https:\/\/experienciadevida.com.ar\/portalurbano\/\",\"name\":\"\",\"description\":\"\",\"publisher\":{\"@id\":\"https:\/\/experienciadevida.com.ar\/portalurbano\/#organization\"},\"potentialAction\":[{\"@type\":\"SearchAction\",\"target\":{\"@type\":\"EntryPoint\",\"urlTemplate\":\"https:\/\/experienciadevida.com.ar\/portalurbano\/?s={search_term_string}\"},\"query-input\":\"required name=search_term_string\"}],\"inLanguage\":\"es\"},{\"@type\":\"Organization\",\"@id\":\"https:\/\/experienciadevida.com.ar\/portalurbano\/#organization\",\"name\":\"Portal Urbano\",\"url\":\"https:\/\/experienciadevida.com.ar\/portalurbano\/\",\"logo\":{\"@type\":\"ImageObject\",\"inLanguage\":\"es\",\"@id\":\"https:\/\/experienciadevida.com.ar\/portalurbano\/#\/schema\/logo\/image\/\",\"url\":\"https:\/\/experienciadevida.com.ar\/portalurbano\/wp-content\/uploads\/2019\/09\/Logo-Original.png\",\"contentUrl\":\"https:\/\/experienciadevida.com.ar\/portalurbano\/wp-content\/uploads\/2019\/09\/Logo-Original.png\",\"width\":2236,\"height\":1216,\"caption\":\"Portal Urbano\"},\"image\":{\"@id\":\"https:\/\/experienciadevida.com.ar\/portalurbano\/#\/schema\/logo\/image\/\"},\"sameAs\":[\"https:\/\/www.facebook.com\/Portal-Urbano-171542830093757\/\",\"https:\/\/twitter.com\/portalurbanook\",\"https:\/\/www.instagram.com\/_portalurbano\/\",\"https:\/\/www.youtube.com\/channel\/UCXhagIfszH8KxFiOok79zbA?view_as=subscriber\"]},{\"@type\":\"Person\",\"@id\":\"https:\/\/experienciadevida.com.ar\/portalurbano\/#\/schema\/person\/02dd326b1c4b056e9cc972486934a3a7\",\"name\":\"admpu17wp\",\"image\":{\"@type\":\"ImageObject\",\"inLanguage\":\"es\",\"@id\":\"https:\/\/experienciadevida.com.ar\/portalurbano\/#\/schema\/person\/image\/\",\"url\":\"https:\/\/secure.gravatar.com\/avatar\/830d4c57adaae6630765e449a6908047?s=96&d=mm&r=g\",\"contentUrl\":\"https:\/\/secure.gravatar.com\/avatar\/830d4c57adaae6630765e449a6908047?s=96&d=mm&r=g\",\"caption\":\"admpu17wp\"}}]}<\/script>\n<!-- \/ Yoast SEO plugin. -->","yoast_head_json":{"title":"Regularizaci\u00f3n dominial: comenz\u00f3 el cronograma de atenci\u00f3n","description":"Regularizaci\u00f3n Dominial: comenz\u00f3 el cronograma de atenci\u00f3n en los barrios, en el d\u00eda de ayer en la sede del Servicio Territorial N\u00ba 2","robots":{"index":"index","follow":"follow","max-snippet":"max-snippet:-1","max-image-preview":"max-image-preview:large","max-video-preview":"max-video-preview:-1"},"canonical":"https:\/\/experienciadevida.com.ar\/portalurbano\/regularizacion-dominial-comenzo-el-cronograma-de-atencion-en-los-barrios\/","og_locale":"es_ES","og_type":"article","og_title":"Regularizaci\u00f3n dominial: comenz\u00f3 el cronograma de atenci\u00f3n","og_description":"Regularizaci\u00f3n Dominial: comenz\u00f3 el cronograma de atenci\u00f3n en los barrios, en el d\u00eda de ayer en la sede del Servicio Territorial N\u00ba 2","og_url":"https:\/\/experienciadevida.com.ar\/portalurbano\/regularizacion-dominial-comenzo-el-cronograma-de-atencion-en-los-barrios\/","article_publisher":"https:\/\/www.facebook.com\/Portal-Urbano-171542830093757\/","article_published_time":"2022-04-05T12:28:08+00:00","article_modified_time":"2022-04-05T12:50:14+00:00","og_image":[{"width":1024,"height":682,"url":"https:\/\/experienciadevida.com.ar\/portalurbano\/wp-content\/uploads\/2022\/04\/Regularizacion-Dominial.jpeg","type":"image\/jpeg"}],"author":"admpu17wp","twitter_card":"summary_large_image","twitter_creator":"@portalurbanook","twitter_site":"@portalurbanook","twitter_misc":{"Escrito por":"admpu17wp","Tiempo de lectura":"2 minutos"},"schema":{"@context":"https:\/\/schema.org","@graph":[{"@type":"Article","@id":"https:\/\/experienciadevida.com.ar\/portalurbano\/regularizacion-dominial-comenzo-el-cronograma-de-atencion-en-los-barrios\/#article","isPartOf":{"@id":"https:\/\/experienciadevida.com.ar\/portalurbano\/regularizacion-dominial-comenzo-el-cronograma-de-atencion-en-los-barrios\/"},"author":{"name":"admpu17wp","@id":"https:\/\/experienciadevida.com.ar\/portalurbano\/#\/schema\/person\/02dd326b1c4b056e9cc972486934a3a7"},"headline":"Regularizaci\u00f3n Dominial: comenz\u00f3 el cronograma de atenci\u00f3n en los barrios","datePublished":"2022-04-05T12:28:08+00:00","dateModified":"2022-04-05T12:50:14+00:00","mainEntityOfPage":{"@id":"https:\/\/experienciadevida.com.ar\/portalurbano\/regularizacion-dominial-comenzo-el-cronograma-de-atencion-en-los-barrios\/"},"wordCount":443,"publisher":{"@id":"https:\/\/experienciadevida.com.ar\/portalurbano\/#organization"},"articleSection":["Ciudad","Destacadas 2"],"inLanguage":"es"},{"@type":"WebPage","@id":"https:\/\/experienciadevida.com.ar\/portalurbano\/regularizacion-dominial-comenzo-el-cronograma-de-atencion-en-los-barrios\/","url":"https:\/\/experienciadevida.com.ar\/portalurbano\/regularizacion-dominial-comenzo-el-cronograma-de-atencion-en-los-barrios\/","name":"Regularizaci\u00f3n dominial: comenz\u00f3 el cronograma de atenci\u00f3n","isPartOf":{"@id":"https:\/\/experienciadevida.com.ar\/portalurbano\/#website"},"datePublished":"2022-04-05T12:28:08+00:00","dateModified":"2022-04-05T12:50:14+00:00","description":"Regularizaci\u00f3n Dominial: comenz\u00f3 el cronograma de atenci\u00f3n en los barrios, en el d\u00eda de ayer en la sede del Servicio Territorial N\u00ba 2","breadcrumb":{"@id":"https:\/\/experienciadevida.com.ar\/portalurbano\/regularizacion-dominial-comenzo-el-cronograma-de-atencion-en-los-barrios\/#breadcrumb"},"inLanguage":"es","potentialAction":[{"@type":"ReadAction","target":["https:\/\/experienciadevida.com.ar\/portalurbano\/regularizacion-dominial-comenzo-el-cronograma-de-atencion-en-los-barrios\/"]}]},{"@type":"BreadcrumbList","@id":"https:\/\/experienciadevida.com.ar\/portalurbano\/regularizacion-dominial-comenzo-el-cronograma-de-atencion-en-los-barrios\/#breadcrumb","itemListElement":[{"@type":"ListItem","position":1,"name":"Portada","item":"https:\/\/experienciadevida.com.ar\/portalurbano\/"},{"@type":"ListItem","position":2,"name":"Regularizaci\u00f3n Dominial: comenz\u00f3 el cronograma de atenci\u00f3n en los barrios"}]},{"@type":"WebSite","@id":"https:\/\/experienciadevida.com.ar\/portalurbano\/#website","url":"https:\/\/experienciadevida.com.ar\/portalurbano\/","name":"","description":"","publisher":{"@id":"https:\/\/experienciadevida.com.ar\/portalurbano\/#organization"},"potentialAction":[{"@type":"SearchAction","target":{"@type":"EntryPoint","urlTemplate":"https:\/\/experienciadevida.com.ar\/portalurbano\/?s={search_term_string}"},"query-input":"required name=search_term_string"}],"inLanguage":"es"},{"@type":"Organization","@id":"https:\/\/experienciadevida.com.ar\/portalurbano\/#organization","name":"Portal Urbano","url":"https:\/\/experienciadevida.com.ar\/portalurbano\/","logo":{"@type":"ImageObject","inLanguage":"es","@id":"https:\/\/experienciadevida.com.ar\/portalurbano\/#\/schema\/logo\/image\/","url":"https:\/\/experienciadevida.com.ar\/portalurbano\/wp-content\/uploads\/2019\/09\/Logo-Original.png","contentUrl":"https:\/\/experienciadevida.com.ar\/portalurbano\/wp-content\/uploads\/2019\/09\/Logo-Original.png","width":2236,"height":1216,"caption":"Portal Urbano"},"image":{"@id":"https:\/\/experienciadevida.com.ar\/portalurbano\/#\/schema\/logo\/image\/"},"sameAs":["https:\/\/www.facebook.com\/Portal-Urbano-171542830093757\/","https:\/\/twitter.com\/portalurbanook","https:\/\/www.instagram.com\/_portalurbano\/","https:\/\/www.youtube.com\/channel\/UCXhagIfszH8KxFiOok79zbA?view_as=subscriber"]},{"@type":"Person","@id":"https:\/\/experienciadevida.com.ar\/portalurbano\/#\/schema\/person\/02dd326b1c4b056e9cc972486934a3a7","name":"admpu17wp","image":{"@type":"ImageObject","inLanguage":"es","@id":"https:\/\/experienciadevida.com.ar\/portalurbano\/#\/schema\/person\/image\/","url":"https:\/\/secure.gravatar.com\/avatar\/830d4c57adaae6630765e449a6908047?s=96&d=mm&r=g","contentUrl":"https:\/\/secure.gravatar.com\/avatar\/830d4c57adaae6630765e449a6908047?s=96&d=mm&r=g","caption":"admpu17wp"}}]}},"featured_image_urls":{"full":["https:\/\/experienciadevida.com.ar\/portalurbano\/wp-content\/uploads\/2022\/04\/Regularizacion-Dominial.jpeg",1024,682,false],"thumbnail":["https:\/\/experienciadevida.com.ar\/portalurbano\/wp-content\/uploads\/2022\/04\/Regularizacion-Dominial-150x150.jpeg",150,150,true],"medium":["https:\/\/experienciadevida.com.ar\/portalurbano\/wp-content\/uploads\/2022\/04\/Regularizacion-Dominial-300x200.jpeg",300,200,true],"medium_large":["https:\/\/experienciadevida.com.ar\/portalurbano\/wp-content\/uploads\/2022\/04\/Regularizacion-Dominial-768x512.jpeg",640,427,true],"large":["https:\/\/experienciadevida.com.ar\/portalurbano\/wp-content\/uploads\/2022\/04\/Regularizacion-Dominial.jpeg",640,426,false],"ug_big":["https:\/\/experienciadevida.com.ar\/portalurbano\/wp-content\/uploads\/2022\/04\/Regularizacion-Dominial-768x512.jpeg",768,512,true],"1536x1536":["https:\/\/experienciadevida.com.ar\/portalurbano\/wp-content\/uploads\/2022\/04\/Regularizacion-Dominial.jpeg",1024,682,false],"2048x2048":["https:\/\/experienciadevida.com.ar\/portalurbano\/wp-content\/uploads\/2022\/04\/Regularizacion-Dominial.jpeg",1024,682,false],"newsever-slider-full":["https:\/\/experienciadevida.com.ar\/portalurbano\/wp-content\/uploads\/2022\/04\/Regularizacion-Dominial.jpeg",1024,682,false],"newsever-featured":["https:\/\/experienciadevida.com.ar\/portalurbano\/wp-content\/uploads\/2022\/04\/Regularizacion-Dominial.jpeg",1024,682,false],"newsever-medium":["https:\/\/experienciadevida.com.ar\/portalurbano\/wp-content\/uploads\/2022\/04\/Regularizacion-Dominial.jpeg",713,475,false],"web-stories-poster-portrait":["https:\/\/experienciadevida.com.ar\/portalurbano\/wp-content\/uploads\/2022\/04\/Regularizacion-Dominial.jpeg",640,426,false],"web-stories-publisher-logo":["https:\/\/experienciadevida.com.ar\/portalurbano\/wp-content\/uploads\/2022\/04\/Regularizacion-Dominial.jpeg",96,64,false],"web-stories-thumbnail":["https:\/\/experienciadevida.com.ar\/portalurbano\/wp-content\/uploads\/2022\/04\/Regularizacion-Dominial.jpeg",150,100,false]},"author_info":{"display_name":"admpu17wp","author_link":"https:\/\/experienciadevida.com.ar\/portalurbano\/author\/admpu17wp\/"},"category_info":"<a href=\"https:\/\/experienciadevida.com.ar\/portalurbano\/category\/ciudad\/\" rel=\"category tag\">Ciudad<\/a> <a href=\"https:\/\/experienciadevida.com.ar\/portalurbano\/category\/destacadas-2\/\" rel=\"category tag\">Destacadas 2<\/a>","tag_info":"Destacadas 2","comment_count":"0","amp_enabled":true,"_links":{"self":[{"href":"https:\/\/experienciadevida.com.ar\/portalurbano\/wp-json\/wp\/v2\/posts\/165022"}],"collection":[{"href":"https:\/\/experienciadevida.com.ar\/portalurbano\/wp-json\/wp\/v2\/posts"}],"about":[{"href":"https:\/\/experienciadevida.com.ar\/portalurbano\/wp-json\/wp\/v2\/types\/post"}],"author":[{"embeddable":true,"href":"https:\/\/experienciadevida.com.ar\/portalurbano\/wp-json\/wp\/v2\/users\/1"}],"replies":[{"embeddable":true,"href":"https:\/\/experienciadevida.com.ar\/portalurbano\/wp-json\/wp\/v2\/comments?post=165022"}],"version-history":[{"count":1,"href":"https:\/\/experienciadevida.com.ar\/portalurbano\/wp-json\/wp\/v2\/posts\/165022\/revisions"}],"predecessor-version":[{"id":165024,"href":"https:\/\/experienciadevida.com.ar\/portalurbano\/wp-json\/wp\/v2\/posts\/165022\/revisions\/165024"}],"wp:featuredmedia":[{"embeddable":true,"href":"https:\/\/experienciadevida.com.ar\/portalurbano\/wp-json\/wp\/v2\/media\/165023"}],"wp:attachment":[{"href":"https:\/\/experienciadevida.com.ar\/portalurbano\/wp-json\/wp\/v2\/media?parent=165022"}],"wp:term":[{"taxonomy":"category","embeddable":true,"href":"https:\/\/experienciadevida.com.ar\/portalurbano\/wp-json\/wp\/v2\/categories?post=165022"},{"taxonomy":"post_tag","embeddable":true,"href":"https:\/\/experienciadevida.com.ar\/portalurbano\/wp-json\/wp\/v2\/tags?post=165022"}],"curies":[{"name":"wp","href":"https:\/\/api.w.org\/{rel}","templated":true}]}}