{"id":164984,"date":"2022-04-04T17:23:11","date_gmt":"2022-04-04T20:23:11","guid":{"rendered":"https:\/\/experienciadevida.com.ar\/portalurbano\/?p=164984"},"modified":"2022-04-04T17:24:58","modified_gmt":"2022-04-04T20:24:58","slug":"variada-actividad-en-el-jardin-arco-iris","status":"publish","type":"post","link":"https:\/\/experienciadevida.com.ar\/portalurbano\/variada-actividad-en-el-jardin-arco-iris\/","title":{"rendered":"Variada actividad en el Jard\u00edn Arco Iris"},"content":{"rendered":"<p>Variada actividad en el Jard\u00edn Arco Iris, desde el jard\u00edn, situado en el Servicio Territorial Municipal N\u00b0 4 de Berutti y Rufino Fal, se detallaron las tareas realizadas durante la pasada semana.<\/p>\n<p>Fue as\u00ed que se dio cuento que en la sala de lactantes se realiz\u00f3 exploraci\u00f3n sonora de juguetes e instrumentos musicales, ofreciendo a los y las beb\u00e9s materiales para que el grupo pueda explorar espont\u00e1neamente.<\/p>\n<p>A la par, en las salas de \u201cdeambuladores\u201d tambi\u00e9n se ofrecieron juguetes sonoros. Adem\u00e1s, se comenz\u00f3 a trabajar con la \u00abCesta del Tesoro\u201d, donde las acciones de exploraci\u00f3n e indagaci\u00f3n que los ni\u00f1os y las ni\u00f1as realizan con los objetos ofrecidos incidir\u00e1n favorablemente en su desarrollo y formaci\u00f3n, ampliando sus conocimientos y estructurando su pensamiento. Por otro lado, tambi\u00e9n se presentaron juegos con pelotas y se ha iniciado a los ni\u00f1os y ni\u00f1as en el juego simb\u00f3lico \u00abhacer como si\u00bb.<\/p>\n<p><a href=\"https:\/\/experienciadevida.com.ar\/portalurbano\/variada-actividad-en-el-jardin-arco-iris\/variada\/\" rel=\"attachment wp-att-164986\"><img decoding=\"async\" class=\"alignnone size-large wp-image-164986\" src=\"https:\/\/experienciadevida.com.ar\/portalurbano\/wp-content\/uploads\/2022\/04\/Variada-1024x682.jpg\" alt=\"Variada \" width=\"900\" height=\"599\" srcset=\"https:\/\/experienciadevida.com.ar\/portalurbano\/wp-content\/uploads\/2022\/04\/Variada-1024x682.jpg 1024w, https:\/\/experienciadevida.com.ar\/portalurbano\/wp-content\/uploads\/2022\/04\/Variada-300x200.jpg 300w, https:\/\/experienciadevida.com.ar\/portalurbano\/wp-content\/uploads\/2022\/04\/Variada-768x512.jpg 768w, https:\/\/experienciadevida.com.ar\/portalurbano\/wp-content\/uploads\/2022\/04\/Variada-1536x1024.jpg 1536w, https:\/\/experienciadevida.com.ar\/portalurbano\/wp-content\/uploads\/2022\/04\/Variada.jpg 1772w\" sizes=\"(max-width: 900px) 100vw, 900px\" \/><\/a><\/p>\n<p>Por \u00faltimo, se detall\u00f3 que en las salas de 2 a\u00f1os se contin\u00faan representando situaciones cotidianas a trav\u00e9s del juego dram\u00e1tico, en este caso \u00abLa cocina\u00bb y \u00abLos animales de la granja\u00bb. Por otra parte, se present\u00f3 una secuencia did\u00e1ctica para iniciar a los ni\u00f1os y a las ni\u00f1as en la representaci\u00f3n pl\u00e1stica a trav\u00e9s del uso de diferentes materiales y herramientas para dibujar y pintar.<\/p>\n<p>Olavarr\u00eda cuenta con 12 Jardines Maternales Municipales, que tienen como misi\u00f3n fortalecer el v\u00ednculo integral de los ni\u00f1os y las ni\u00f1as con su familia, desde el amor, cuidado y acompa\u00f1amiento, a partir de los 45 d\u00edas hasta los 3 a\u00f1os de edad.<\/p>\n<p>Los Jardines Maternales Municipales se encuentran bajo la \u00f3rbita de la Subsecretar\u00eda de Desarrollo Social, dependiente de la Secretar\u00eda de Desarrollo Humano y Calidad de Vida de la Municipalidad del Partido de Olavarr\u00eda. Constituyen para los ni\u00f1os la primera experiencia de socializaci\u00f3n fuera del n\u00facleo familiar. En esta primera etapa de su vida, el Jard\u00edn les ofrece una oportunidad para el encuentro con otros, en un \u00e1mbito totalmente preparado para recibirlos y estar a disposici\u00f3n de sus m\u00faltiples requerimientos.<\/p>\n<p><a href=\"https:\/\/experienciadevida.com.ar\/portalurbano\/variada-actividad-en-el-jardin-arco-iris\/actividad\/\" rel=\"attachment wp-att-164989\"><img decoding=\"async\" class=\"alignnone size-large wp-image-164989\" src=\"https:\/\/experienciadevida.com.ar\/portalurbano\/wp-content\/uploads\/2022\/04\/actividad-1024x682.jpg\" alt=\"actividad \" width=\"900\" height=\"599\" srcset=\"https:\/\/experienciadevida.com.ar\/portalurbano\/wp-content\/uploads\/2022\/04\/actividad-1024x682.jpg 1024w, https:\/\/experienciadevida.com.ar\/portalurbano\/wp-content\/uploads\/2022\/04\/actividad-300x200.jpg 300w, https:\/\/experienciadevida.com.ar\/portalurbano\/wp-content\/uploads\/2022\/04\/actividad-768x512.jpg 768w, https:\/\/experienciadevida.com.ar\/portalurbano\/wp-content\/uploads\/2022\/04\/actividad-1536x1024.jpg 1536w, https:\/\/experienciadevida.com.ar\/portalurbano\/wp-content\/uploads\/2022\/04\/actividad.jpg 1772w\" sizes=\"(max-width: 900px) 100vw, 900px\" \/><\/a><\/p>\n<p><a href=\"https:\/\/experienciadevida.com.ar\/portalurbano\/variada-actividad-en-el-jardin-arco-iris\/en-8\/\" rel=\"attachment wp-att-164990\"><img decoding=\"async\" class=\"alignnone size-large wp-image-164990\" src=\"https:\/\/experienciadevida.com.ar\/portalurbano\/wp-content\/uploads\/2022\/04\/en-1-1024x682.jpg\" alt=\"en\" width=\"900\" height=\"599\" srcset=\"https:\/\/experienciadevida.com.ar\/portalurbano\/wp-content\/uploads\/2022\/04\/en-1-1024x682.jpg 1024w, https:\/\/experienciadevida.com.ar\/portalurbano\/wp-content\/uploads\/2022\/04\/en-1-300x200.jpg 300w, https:\/\/experienciadevida.com.ar\/portalurbano\/wp-content\/uploads\/2022\/04\/en-1-768x512.jpg 768w, https:\/\/experienciadevida.com.ar\/portalurbano\/wp-content\/uploads\/2022\/04\/en-1-1536x1024.jpg 1536w, https:\/\/experienciadevida.com.ar\/portalurbano\/wp-content\/uploads\/2022\/04\/en-1.jpg 1772w\" sizes=\"(max-width: 900px) 100vw, 900px\" \/><\/a><\/p>\n","protected":false},"excerpt":{"rendered":"<p>Variada actividad en el Jard\u00edn Arco Iris, desde el jard\u00edn, situado en el Servicio Territorial&#8230;<\/p>\n","protected":false},"author":1,"featured_media":164985,"comment_status":"closed","ping_status":"closed","sticky":false,"template":"","format":"standard","meta":{"content-type":""},"categories":[27],"tags":[],"nelio_content":{"isAutoShareEnabled":false,"autoShareEndMode":"default","automationSources":{"useContentSentences":true,"useSocialTemplates":true,"useCustomSentences":false,"customSentences":[]},"followers":[1],"suggestedReferences":[],"includedReferences":[],"efiUrl":"","efiAlt":"","highlights":[]},"yoast_head":"<!-- This site is optimized with the Yoast SEO plugin v20.7 - https:\/\/yoast.com\/wordpress\/plugins\/seo\/ -->\n<title>Variada actividad en el Jard\u00edn Arco Iris<\/title>\n<meta name=\"description\" content=\"Variada actividad en el Jard\u00edn Arco Iris, desde el jard\u00edn, situado en el Servicio Territorial Municipal N\u00b0 4 de Berutti y Rufino Fal\" \/>\n<meta name=\"robots\" content=\"index, follow, max-snippet:-1, max-image-preview:large, max-video-preview:-1\" \/>\n<link rel=\"canonical\" href=\"https:\/\/experienciadevida.com.ar\/portalurbano\/variada-actividad-en-el-jardin-arco-iris\/\" \/>\n<meta property=\"og:locale\" content=\"es_ES\" \/>\n<meta property=\"og:type\" content=\"article\" \/>\n<meta property=\"og:title\" content=\"Variada actividad en el Jard\u00edn Arco Iris\" \/>\n<meta property=\"og:description\" content=\"Variada actividad en el Jard\u00edn Arco Iris, desde el jard\u00edn, situado en el Servicio Territorial Municipal N\u00b0 4 de Berutti y Rufino Fal\" \/>\n<meta property=\"og:url\" content=\"https:\/\/experienciadevida.com.ar\/portalurbano\/variada-actividad-en-el-jardin-arco-iris\/\" \/>\n<meta property=\"article:publisher\" content=\"https:\/\/www.facebook.com\/Portal-Urbano-171542830093757\/\" \/>\n<meta property=\"article:published_time\" content=\"2022-04-04T20:23:11+00:00\" \/>\n<meta property=\"article:modified_time\" content=\"2022-04-04T20:24:58+00:00\" \/>\n<meta property=\"og:image\" content=\"https:\/\/experienciadevida.com.ar\/portalurbano\/wp-content\/uploads\/2022\/04\/Variada-actividad-en-el.jpg\" \/>\n\t<meta property=\"og:image:width\" content=\"1772\" \/>\n\t<meta property=\"og:image:height\" content=\"1181\" \/>\n\t<meta property=\"og:image:type\" content=\"image\/jpeg\" \/>\n<meta name=\"author\" content=\"admpu17wp\" \/>\n<meta name=\"twitter:card\" content=\"summary_large_image\" \/>\n<meta name=\"twitter:creator\" content=\"@portalurbanook\" \/>\n<meta name=\"twitter:site\" content=\"@portalurbanook\" \/>\n<meta name=\"twitter:label1\" content=\"Escrito por\" \/>\n\t<meta name=\"twitter:data1\" content=\"admpu17wp\" \/>\n\t<meta name=\"twitter:label2\" content=\"Tiempo de lectura\" \/>\n\t<meta name=\"twitter:data2\" content=\"2 minutos\" \/>\n<script type=\"application\/ld+json\" class=\"yoast-schema-graph\">{\"@context\":\"https:\/\/schema.org\",\"@graph\":[{\"@type\":\"Article\",\"@id\":\"https:\/\/experienciadevida.com.ar\/portalurbano\/variada-actividad-en-el-jardin-arco-iris\/#article\",\"isPartOf\":{\"@id\":\"https:\/\/experienciadevida.com.ar\/portalurbano\/variada-actividad-en-el-jardin-arco-iris\/\"},\"author\":{\"name\":\"admpu17wp\",\"@id\":\"https:\/\/experienciadevida.com.ar\/portalurbano\/#\/schema\/person\/02dd326b1c4b056e9cc972486934a3a7\"},\"headline\":\"Variada actividad en el Jard\u00edn Arco Iris\",\"datePublished\":\"2022-04-04T20:23:11+00:00\",\"dateModified\":\"2022-04-04T20:24:58+00:00\",\"mainEntityOfPage\":{\"@id\":\"https:\/\/experienciadevida.com.ar\/portalurbano\/variada-actividad-en-el-jardin-arco-iris\/\"},\"wordCount\":381,\"publisher\":{\"@id\":\"https:\/\/experienciadevida.com.ar\/portalurbano\/#organization\"},\"articleSection\":[\"Ciudad\"],\"inLanguage\":\"es\"},{\"@type\":\"WebPage\",\"@id\":\"https:\/\/experienciadevida.com.ar\/portalurbano\/variada-actividad-en-el-jardin-arco-iris\/\",\"url\":\"https:\/\/experienciadevida.com.ar\/portalurbano\/variada-actividad-en-el-jardin-arco-iris\/\",\"name\":\"Variada actividad en el Jard\u00edn Arco Iris\",\"isPartOf\":{\"@id\":\"https:\/\/experienciadevida.com.ar\/portalurbano\/#website\"},\"datePublished\":\"2022-04-04T20:23:11+00:00\",\"dateModified\":\"2022-04-04T20:24:58+00:00\",\"description\":\"Variada actividad en el Jard\u00edn Arco Iris, desde el jard\u00edn, situado en el Servicio Territorial Municipal N\u00b0 4 de Berutti y Rufino Fal\",\"breadcrumb\":{\"@id\":\"https:\/\/experienciadevida.com.ar\/portalurbano\/variada-actividad-en-el-jardin-arco-iris\/#breadcrumb\"},\"inLanguage\":\"es\",\"potentialAction\":[{\"@type\":\"ReadAction\",\"target\":[\"https:\/\/experienciadevida.com.ar\/portalurbano\/variada-actividad-en-el-jardin-arco-iris\/\"]}]},{\"@type\":\"BreadcrumbList\",\"@id\":\"https:\/\/experienciadevida.com.ar\/portalurbano\/variada-actividad-en-el-jardin-arco-iris\/#breadcrumb\",\"itemListElement\":[{\"@type\":\"ListItem\",\"position\":1,\"name\":\"Portada\",\"item\":\"https:\/\/experienciadevida.com.ar\/portalurbano\/\"},{\"@type\":\"ListItem\",\"position\":2,\"name\":\"Variada actividad en el Jard\u00edn Arco Iris\"}]},{\"@type\":\"WebSite\",\"@id\":\"https:\/\/experienciadevida.com.ar\/portalurbano\/#website\",\"url\":\"https:\/\/experienciadevida.com.ar\/portalurbano\/\",\"name\":\"\",\"description\":\"\",\"publisher\":{\"@id\":\"https:\/\/experienciadevida.com.ar\/portalurbano\/#organization\"},\"potentialAction\":[{\"@type\":\"SearchAction\",\"target\":{\"@type\":\"EntryPoint\",\"urlTemplate\":\"https:\/\/experienciadevida.com.ar\/portalurbano\/?s={search_term_string}\"},\"query-input\":\"required name=search_term_string\"}],\"inLanguage\":\"es\"},{\"@type\":\"Organization\",\"@id\":\"https:\/\/experienciadevida.com.ar\/portalurbano\/#organization\",\"name\":\"Portal Urbano\",\"url\":\"https:\/\/experienciadevida.com.ar\/portalurbano\/\",\"logo\":{\"@type\":\"ImageObject\",\"inLanguage\":\"es\",\"@id\":\"https:\/\/experienciadevida.com.ar\/portalurbano\/#\/schema\/logo\/image\/\",\"url\":\"https:\/\/experienciadevida.com.ar\/portalurbano\/wp-content\/uploads\/2019\/09\/Logo-Original.png\",\"contentUrl\":\"https:\/\/experienciadevida.com.ar\/portalurbano\/wp-content\/uploads\/2019\/09\/Logo-Original.png\",\"width\":2236,\"height\":1216,\"caption\":\"Portal Urbano\"},\"image\":{\"@id\":\"https:\/\/experienciadevida.com.ar\/portalurbano\/#\/schema\/logo\/image\/\"},\"sameAs\":[\"https:\/\/www.facebook.com\/Portal-Urbano-171542830093757\/\",\"https:\/\/twitter.com\/portalurbanook\",\"https:\/\/www.instagram.com\/_portalurbano\/\",\"https:\/\/www.youtube.com\/channel\/UCXhagIfszH8KxFiOok79zbA?view_as=subscriber\"]},{\"@type\":\"Person\",\"@id\":\"https:\/\/experienciadevida.com.ar\/portalurbano\/#\/schema\/person\/02dd326b1c4b056e9cc972486934a3a7\",\"name\":\"admpu17wp\",\"image\":{\"@type\":\"ImageObject\",\"inLanguage\":\"es\",\"@id\":\"https:\/\/experienciadevida.com.ar\/portalurbano\/#\/schema\/person\/image\/\",\"url\":\"https:\/\/secure.gravatar.com\/avatar\/830d4c57adaae6630765e449a6908047?s=96&d=mm&r=g\",\"contentUrl\":\"https:\/\/secure.gravatar.com\/avatar\/830d4c57adaae6630765e449a6908047?s=96&d=mm&r=g\",\"caption\":\"admpu17wp\"}}]}<\/script>\n<!-- \/ Yoast SEO plugin. -->","yoast_head_json":{"title":"Variada actividad en el Jard\u00edn Arco Iris","description":"Variada actividad en el Jard\u00edn Arco Iris, desde el jard\u00edn, situado en el Servicio Territorial Municipal N\u00b0 4 de Berutti y Rufino Fal","robots":{"index":"index","follow":"follow","max-snippet":"max-snippet:-1","max-image-preview":"max-image-preview:large","max-video-preview":"max-video-preview:-1"},"canonical":"https:\/\/experienciadevida.com.ar\/portalurbano\/variada-actividad-en-el-jardin-arco-iris\/","og_locale":"es_ES","og_type":"article","og_title":"Variada actividad en el Jard\u00edn Arco Iris","og_description":"Variada actividad en el Jard\u00edn Arco Iris, desde el jard\u00edn, situado en el Servicio Territorial Municipal N\u00b0 4 de Berutti y Rufino Fal","og_url":"https:\/\/experienciadevida.com.ar\/portalurbano\/variada-actividad-en-el-jardin-arco-iris\/","article_publisher":"https:\/\/www.facebook.com\/Portal-Urbano-171542830093757\/","article_published_time":"2022-04-04T20:23:11+00:00","article_modified_time":"2022-04-04T20:24:58+00:00","og_image":[{"width":1772,"height":1181,"url":"https:\/\/experienciadevida.com.ar\/portalurbano\/wp-content\/uploads\/2022\/04\/Variada-actividad-en-el.jpg","type":"image\/jpeg"}],"author":"admpu17wp","twitter_card":"summary_large_image","twitter_creator":"@portalurbanook","twitter_site":"@portalurbanook","twitter_misc":{"Escrito por":"admpu17wp","Tiempo de lectura":"2 minutos"},"schema":{"@context":"https:\/\/schema.org","@graph":[{"@type":"Article","@id":"https:\/\/experienciadevida.com.ar\/portalurbano\/variada-actividad-en-el-jardin-arco-iris\/#article","isPartOf":{"@id":"https:\/\/experienciadevida.com.ar\/portalurbano\/variada-actividad-en-el-jardin-arco-iris\/"},"author":{"name":"admpu17wp","@id":"https:\/\/experienciadevida.com.ar\/portalurbano\/#\/schema\/person\/02dd326b1c4b056e9cc972486934a3a7"},"headline":"Variada actividad en el Jard\u00edn Arco Iris","datePublished":"2022-04-04T20:23:11+00:00","dateModified":"2022-04-04T20:24:58+00:00","mainEntityOfPage":{"@id":"https:\/\/experienciadevida.com.ar\/portalurbano\/variada-actividad-en-el-jardin-arco-iris\/"},"wordCount":381,"publisher":{"@id":"https:\/\/experienciadevida.com.ar\/portalurbano\/#organization"},"articleSection":["Ciudad"],"inLanguage":"es"},{"@type":"WebPage","@id":"https:\/\/experienciadevida.com.ar\/portalurbano\/variada-actividad-en-el-jardin-arco-iris\/","url":"https:\/\/experienciadevida.com.ar\/portalurbano\/variada-actividad-en-el-jardin-arco-iris\/","name":"Variada actividad en el Jard\u00edn Arco Iris","isPartOf":{"@id":"https:\/\/experienciadevida.com.ar\/portalurbano\/#website"},"datePublished":"2022-04-04T20:23:11+00:00","dateModified":"2022-04-04T20:24:58+00:00","description":"Variada actividad en el Jard\u00edn Arco Iris, desde el jard\u00edn, situado en el Servicio Territorial Municipal N\u00b0 4 de Berutti y Rufino Fal","breadcrumb":{"@id":"https:\/\/experienciadevida.com.ar\/portalurbano\/variada-actividad-en-el-jardin-arco-iris\/#breadcrumb"},"inLanguage":"es","potentialAction":[{"@type":"ReadAction","target":["https:\/\/experienciadevida.com.ar\/portalurbano\/variada-actividad-en-el-jardin-arco-iris\/"]}]},{"@type":"BreadcrumbList","@id":"https:\/\/experienciadevida.com.ar\/portalurbano\/variada-actividad-en-el-jardin-arco-iris\/#breadcrumb","itemListElement":[{"@type":"ListItem","position":1,"name":"Portada","item":"https:\/\/experienciadevida.com.ar\/portalurbano\/"},{"@type":"ListItem","position":2,"name":"Variada actividad en el Jard\u00edn Arco Iris"}]},{"@type":"WebSite","@id":"https:\/\/experienciadevida.com.ar\/portalurbano\/#website","url":"https:\/\/experienciadevida.com.ar\/portalurbano\/","name":"","description":"","publisher":{"@id":"https:\/\/experienciadevida.com.ar\/portalurbano\/#organization"},"potentialAction":[{"@type":"SearchAction","target":{"@type":"EntryPoint","urlTemplate":"https:\/\/experienciadevida.com.ar\/portalurbano\/?s={search_term_string}"},"query-input":"required name=search_term_string"}],"inLanguage":"es"},{"@type":"Organization","@id":"https:\/\/experienciadevida.com.ar\/portalurbano\/#organization","name":"Portal Urbano","url":"https:\/\/experienciadevida.com.ar\/portalurbano\/","logo":{"@type":"ImageObject","inLanguage":"es","@id":"https:\/\/experienciadevida.com.ar\/portalurbano\/#\/schema\/logo\/image\/","url":"https:\/\/experienciadevida.com.ar\/portalurbano\/wp-content\/uploads\/2019\/09\/Logo-Original.png","contentUrl":"https:\/\/experienciadevida.com.ar\/portalurbano\/wp-content\/uploads\/2019\/09\/Logo-Original.png","width":2236,"height":1216,"caption":"Portal Urbano"},"image":{"@id":"https:\/\/experienciadevida.com.ar\/portalurbano\/#\/schema\/logo\/image\/"},"sameAs":["https:\/\/www.facebook.com\/Portal-Urbano-171542830093757\/","https:\/\/twitter.com\/portalurbanook","https:\/\/www.instagram.com\/_portalurbano\/","https:\/\/www.youtube.com\/channel\/UCXhagIfszH8KxFiOok79zbA?view_as=subscriber"]},{"@type":"Person","@id":"https:\/\/experienciadevida.com.ar\/portalurbano\/#\/schema\/person\/02dd326b1c4b056e9cc972486934a3a7","name":"admpu17wp","image":{"@type":"ImageObject","inLanguage":"es","@id":"https:\/\/experienciadevida.com.ar\/portalurbano\/#\/schema\/person\/image\/","url":"https:\/\/secure.gravatar.com\/avatar\/830d4c57adaae6630765e449a6908047?s=96&d=mm&r=g","contentUrl":"https:\/\/secure.gravatar.com\/avatar\/830d4c57adaae6630765e449a6908047?s=96&d=mm&r=g","caption":"admpu17wp"}}]}},"featured_image_urls":{"full":["https:\/\/experienciadevida.com.ar\/portalurbano\/wp-content\/uploads\/2022\/04\/Variada-actividad-en-el.jpg",1772,1181,false],"thumbnail":["https:\/\/experienciadevida.com.ar\/portalurbano\/wp-content\/uploads\/2022\/04\/Variada-actividad-en-el-150x150.jpg",150,150,true],"medium":["https:\/\/experienciadevida.com.ar\/portalurbano\/wp-content\/uploads\/2022\/04\/Variada-actividad-en-el-300x200.jpg",300,200,true],"medium_large":["https:\/\/experienciadevida.com.ar\/portalurbano\/wp-content\/uploads\/2022\/04\/Variada-actividad-en-el-768x512.jpg",640,427,true],"large":["https:\/\/experienciadevida.com.ar\/portalurbano\/wp-content\/uploads\/2022\/04\/Variada-actividad-en-el-1024x682.jpg",640,426,true],"ug_big":["https:\/\/experienciadevida.com.ar\/portalurbano\/wp-content\/uploads\/2022\/04\/Variada-actividad-en-el-768x512.jpg",768,512,true],"1536x1536":["https:\/\/experienciadevida.com.ar\/portalurbano\/wp-content\/uploads\/2022\/04\/Variada-actividad-en-el-1536x1024.jpg",1536,1024,true],"2048x2048":["https:\/\/experienciadevida.com.ar\/portalurbano\/wp-content\/uploads\/2022\/04\/Variada-actividad-en-el.jpg",1772,1181,false],"newsever-slider-full":["https:\/\/experienciadevida.com.ar\/portalurbano\/wp-content\/uploads\/2022\/04\/Variada-actividad-en-el.jpg",1268,845,false],"newsever-featured":["https:\/\/experienciadevida.com.ar\/portalurbano\/wp-content\/uploads\/2022\/04\/Variada-actividad-en-el.jpg",1024,682,false],"newsever-medium":["https:\/\/experienciadevida.com.ar\/portalurbano\/wp-content\/uploads\/2022\/04\/Variada-actividad-en-el.jpg",713,475,false],"web-stories-poster-portrait":["https:\/\/experienciadevida.com.ar\/portalurbano\/wp-content\/uploads\/2022\/04\/Variada-actividad-en-el.jpg",640,427,false],"web-stories-publisher-logo":["https:\/\/experienciadevida.com.ar\/portalurbano\/wp-content\/uploads\/2022\/04\/Variada-actividad-en-el.jpg",96,64,false],"web-stories-thumbnail":["https:\/\/experienciadevida.com.ar\/portalurbano\/wp-content\/uploads\/2022\/04\/Variada-actividad-en-el.jpg",150,100,false]},"author_info":{"display_name":"admpu17wp","author_link":"https:\/\/experienciadevida.com.ar\/portalurbano\/author\/admpu17wp\/"},"category_info":"<a href=\"https:\/\/experienciadevida.com.ar\/portalurbano\/category\/ciudad\/\" rel=\"category tag\">Ciudad<\/a>","tag_info":"Ciudad","comment_count":"0","amp_enabled":true,"_links":{"self":[{"href":"https:\/\/experienciadevida.com.ar\/portalurbano\/wp-json\/wp\/v2\/posts\/164984"}],"collection":[{"href":"https:\/\/experienciadevida.com.ar\/portalurbano\/wp-json\/wp\/v2\/posts"}],"about":[{"href":"https:\/\/experienciadevida.com.ar\/portalurbano\/wp-json\/wp\/v2\/types\/post"}],"author":[{"embeddable":true,"href":"https:\/\/experienciadevida.com.ar\/portalurbano\/wp-json\/wp\/v2\/users\/1"}],"replies":[{"embeddable":true,"href":"https:\/\/experienciadevida.com.ar\/portalurbano\/wp-json\/wp\/v2\/comments?post=164984"}],"version-history":[{"count":3,"href":"https:\/\/experienciadevida.com.ar\/portalurbano\/wp-json\/wp\/v2\/posts\/164984\/revisions"}],"predecessor-version":[{"id":164991,"href":"https:\/\/experienciadevida.com.ar\/portalurbano\/wp-json\/wp\/v2\/posts\/164984\/revisions\/164991"}],"wp:featuredmedia":[{"embeddable":true,"href":"https:\/\/experienciadevida.com.ar\/portalurbano\/wp-json\/wp\/v2\/media\/164985"}],"wp:attachment":[{"href":"https:\/\/experienciadevida.com.ar\/portalurbano\/wp-json\/wp\/v2\/media?parent=164984"}],"wp:term":[{"taxonomy":"category","embeddable":true,"href":"https:\/\/experienciadevida.com.ar\/portalurbano\/wp-json\/wp\/v2\/categories?post=164984"},{"taxonomy":"post_tag","embeddable":true,"href":"https:\/\/experienciadevida.com.ar\/portalurbano\/wp-json\/wp\/v2\/tags?post=164984"}],"curies":[{"name":"wp","href":"https:\/\/api.w.org\/{rel}","templated":true}]}}