{"id":164960,"date":"2022-04-04T14:29:41","date_gmt":"2022-04-04T17:29:41","guid":{"rendered":"https:\/\/experienciadevida.com.ar\/portalurbano\/?p=164960"},"modified":"2022-04-04T14:32:15","modified_gmt":"2022-04-04T17:32:15","slug":"importante-reunion-de-la-direccion-de-relaciones-con-la-comunidad-con-referentes-barriales-y-fomentistas","status":"publish","type":"post","link":"https:\/\/experienciadevida.com.ar\/portalurbano\/importante-reunion-de-la-direccion-de-relaciones-con-la-comunidad-con-referentes-barriales-y-fomentistas\/","title":{"rendered":"Importante reuni\u00f3n de la Direcci\u00f3n de Relaciones con la Comunidad con referentes barriales y fomentistas"},"content":{"rendered":"<p>Importante reuni\u00f3n de la Direcci\u00f3n de Relaciones con la Comunidad con referentes barriales y fomentistas, en la tarde del viernes pasado la Sociedad de Fomento General San Mart\u00edn del barrio CECO fue sede de una reuni\u00f3n encabezada por la directora de Relaciones con la Comunidad de la Municipalidad de Olavarr\u00eda, <a href=\"https:\/\/www.instagram.com\/laurasequeira_\/?hl=es-la\">Laura Sequeira<\/a>, y de la que tomaron parte l\u00edderes de Sociedades de Fomentos y Juntas Vecinales.<\/p>\n<p>El objetivo fue la creaci\u00f3n de un espacio de car\u00e1cter multiactoral, de mutuo respeto e interacci\u00f3n para elaborar y abordar proyectos de pol\u00edticas p\u00fablicas de \u00edndole social, para contribuir con el desarrollo del bienestar local de cada barrio del Partido de Olavarr\u00eda.<\/p>\n<p>Laura Sequeira expres\u00f3 que \u201cen nuestros 6 a\u00f1os de gesti\u00f3n entendemos que fomentar el esp\u00edritu saludable entre cada l\u00edder es muy importante para el crecimiento y la transformaci\u00f3n de cada barrio, porque son quienes concilian con los vecinos y el \u00f3rgano municipal. Est\u00e1n en el d\u00eda a d\u00eda involucradas\/os gestionando las urgencias, prioridades y necesidades\u201d.<\/p>\n<p>En se sentido agreg\u00f3 que \u201ces por ello que tener este tipo de reuniones es un gran desaf\u00edo para nutrir nuestras relaciones, intercambiar experiencias e ideas y concretarlas en acci\u00f3n desde el valor que cada una y uno puede dar\u201d.<\/p>\n<p>Importante reuni\u00f3n de la Direcci\u00f3n de Relaciones con la Comunidad con referentes barriales y fomentistas, por \u00faltimo, se explic\u00f3 que \u201clas reuniones ser\u00e1n establecidas una vez al mes, en las diferentes Sociedades de Fomento y Juntas vecinales, con un orden del d\u00eda que ser\u00e1 pautado con antelaci\u00f3n por los integrantes e interesados\u201d.<\/p>\n","protected":false},"excerpt":{"rendered":"<p>Importante reuni\u00f3n de la Direcci\u00f3n de Relaciones con la Comunidad con referentes barriales y fomentistas,&#8230;<\/p>\n","protected":false},"author":1,"featured_media":164961,"comment_status":"closed","ping_status":"closed","sticky":false,"template":"","format":"standard","meta":{"content-type":""},"categories":[27,51],"tags":[],"nelio_content":{"isAutoShareEnabled":false,"autoShareEndMode":"default","automationSources":{"useContentSentences":true,"useSocialTemplates":true,"useCustomSentences":false,"customSentences":[]},"followers":[1],"suggestedReferences":[],"includedReferences":[],"efiUrl":"","efiAlt":"","highlights":[]},"yoast_head":"<!-- This site is optimized with the Yoast SEO plugin v20.7 - https:\/\/yoast.com\/wordpress\/plugins\/seo\/ -->\n<title>Importante reuni\u00f3n de la Direcci\u00f3n de relaciones con la comunidad<\/title>\n<meta name=\"description\" content=\"Importante reuni\u00f3n de la Direcci\u00f3n de Relaciones con la Comunidad con referentes barriales y fomentistas, en la tarde del viernes pasado\" \/>\n<meta name=\"robots\" content=\"index, follow, max-snippet:-1, max-image-preview:large, max-video-preview:-1\" \/>\n<link rel=\"canonical\" href=\"https:\/\/experienciadevida.com.ar\/portalurbano\/importante-reunion-de-la-direccion-de-relaciones-con-la-comunidad-con-referentes-barriales-y-fomentistas\/\" \/>\n<meta property=\"og:locale\" content=\"es_ES\" \/>\n<meta property=\"og:type\" content=\"article\" \/>\n<meta property=\"og:title\" content=\"Importante reuni\u00f3n de la Direcci\u00f3n de relaciones con la comunidad\" \/>\n<meta property=\"og:description\" content=\"Importante reuni\u00f3n de la Direcci\u00f3n de Relaciones con la Comunidad con referentes barriales y fomentistas, en la tarde del viernes pasado\" \/>\n<meta property=\"og:url\" content=\"https:\/\/experienciadevida.com.ar\/portalurbano\/importante-reunion-de-la-direccion-de-relaciones-con-la-comunidad-con-referentes-barriales-y-fomentistas\/\" \/>\n<meta property=\"article:publisher\" content=\"https:\/\/www.facebook.com\/Portal-Urbano-171542830093757\/\" \/>\n<meta property=\"article:published_time\" content=\"2022-04-04T17:29:41+00:00\" \/>\n<meta property=\"article:modified_time\" content=\"2022-04-04T17:32:15+00:00\" \/>\n<meta property=\"og:image\" content=\"https:\/\/experienciadevida.com.ar\/portalurbano\/wp-content\/uploads\/2022\/04\/Importante-reunion-de-la.jpg\" \/>\n\t<meta property=\"og:image:width\" content=\"1024\" \/>\n\t<meta property=\"og:image:height\" content=\"682\" \/>\n\t<meta property=\"og:image:type\" content=\"image\/jpeg\" \/>\n<meta name=\"author\" content=\"admpu17wp\" \/>\n<meta name=\"twitter:card\" content=\"summary_large_image\" \/>\n<meta name=\"twitter:creator\" content=\"@portalurbanook\" \/>\n<meta name=\"twitter:site\" content=\"@portalurbanook\" \/>\n<meta name=\"twitter:label1\" content=\"Escrito por\" \/>\n\t<meta name=\"twitter:data1\" content=\"admpu17wp\" \/>\n\t<meta name=\"twitter:label2\" content=\"Tiempo de lectura\" \/>\n\t<meta name=\"twitter:data2\" content=\"2 minutos\" \/>\n<script type=\"application\/ld+json\" class=\"yoast-schema-graph\">{\"@context\":\"https:\/\/schema.org\",\"@graph\":[{\"@type\":\"Article\",\"@id\":\"https:\/\/experienciadevida.com.ar\/portalurbano\/importante-reunion-de-la-direccion-de-relaciones-con-la-comunidad-con-referentes-barriales-y-fomentistas\/#article\",\"isPartOf\":{\"@id\":\"https:\/\/experienciadevida.com.ar\/portalurbano\/importante-reunion-de-la-direccion-de-relaciones-con-la-comunidad-con-referentes-barriales-y-fomentistas\/\"},\"author\":{\"name\":\"admpu17wp\",\"@id\":\"https:\/\/experienciadevida.com.ar\/portalurbano\/#\/schema\/person\/02dd326b1c4b056e9cc972486934a3a7\"},\"headline\":\"Importante reuni\u00f3n de la Direcci\u00f3n de Relaciones con la Comunidad con referentes barriales y fomentistas\",\"datePublished\":\"2022-04-04T17:29:41+00:00\",\"dateModified\":\"2022-04-04T17:32:15+00:00\",\"mainEntityOfPage\":{\"@id\":\"https:\/\/experienciadevida.com.ar\/portalurbano\/importante-reunion-de-la-direccion-de-relaciones-con-la-comunidad-con-referentes-barriales-y-fomentistas\/\"},\"wordCount\":299,\"publisher\":{\"@id\":\"https:\/\/experienciadevida.com.ar\/portalurbano\/#organization\"},\"articleSection\":[\"Ciudad\",\"Destacadas\"],\"inLanguage\":\"es\"},{\"@type\":\"WebPage\",\"@id\":\"https:\/\/experienciadevida.com.ar\/portalurbano\/importante-reunion-de-la-direccion-de-relaciones-con-la-comunidad-con-referentes-barriales-y-fomentistas\/\",\"url\":\"https:\/\/experienciadevida.com.ar\/portalurbano\/importante-reunion-de-la-direccion-de-relaciones-con-la-comunidad-con-referentes-barriales-y-fomentistas\/\",\"name\":\"Importante reuni\u00f3n de la Direcci\u00f3n de relaciones con la comunidad\",\"isPartOf\":{\"@id\":\"https:\/\/experienciadevida.com.ar\/portalurbano\/#website\"},\"datePublished\":\"2022-04-04T17:29:41+00:00\",\"dateModified\":\"2022-04-04T17:32:15+00:00\",\"description\":\"Importante reuni\u00f3n de la Direcci\u00f3n de Relaciones con la Comunidad con referentes barriales y fomentistas, en la tarde del viernes pasado\",\"breadcrumb\":{\"@id\":\"https:\/\/experienciadevida.com.ar\/portalurbano\/importante-reunion-de-la-direccion-de-relaciones-con-la-comunidad-con-referentes-barriales-y-fomentistas\/#breadcrumb\"},\"inLanguage\":\"es\",\"potentialAction\":[{\"@type\":\"ReadAction\",\"target\":[\"https:\/\/experienciadevida.com.ar\/portalurbano\/importante-reunion-de-la-direccion-de-relaciones-con-la-comunidad-con-referentes-barriales-y-fomentistas\/\"]}]},{\"@type\":\"BreadcrumbList\",\"@id\":\"https:\/\/experienciadevida.com.ar\/portalurbano\/importante-reunion-de-la-direccion-de-relaciones-con-la-comunidad-con-referentes-barriales-y-fomentistas\/#breadcrumb\",\"itemListElement\":[{\"@type\":\"ListItem\",\"position\":1,\"name\":\"Portada\",\"item\":\"https:\/\/experienciadevida.com.ar\/portalurbano\/\"},{\"@type\":\"ListItem\",\"position\":2,\"name\":\"Importante reuni\u00f3n de la Direcci\u00f3n de Relaciones con la Comunidad con referentes barriales y fomentistas\"}]},{\"@type\":\"WebSite\",\"@id\":\"https:\/\/experienciadevida.com.ar\/portalurbano\/#website\",\"url\":\"https:\/\/experienciadevida.com.ar\/portalurbano\/\",\"name\":\"\",\"description\":\"\",\"publisher\":{\"@id\":\"https:\/\/experienciadevida.com.ar\/portalurbano\/#organization\"},\"potentialAction\":[{\"@type\":\"SearchAction\",\"target\":{\"@type\":\"EntryPoint\",\"urlTemplate\":\"https:\/\/experienciadevida.com.ar\/portalurbano\/?s={search_term_string}\"},\"query-input\":\"required name=search_term_string\"}],\"inLanguage\":\"es\"},{\"@type\":\"Organization\",\"@id\":\"https:\/\/experienciadevida.com.ar\/portalurbano\/#organization\",\"name\":\"Portal Urbano\",\"url\":\"https:\/\/experienciadevida.com.ar\/portalurbano\/\",\"logo\":{\"@type\":\"ImageObject\",\"inLanguage\":\"es\",\"@id\":\"https:\/\/experienciadevida.com.ar\/portalurbano\/#\/schema\/logo\/image\/\",\"url\":\"https:\/\/experienciadevida.com.ar\/portalurbano\/wp-content\/uploads\/2019\/09\/Logo-Original.png\",\"contentUrl\":\"https:\/\/experienciadevida.com.ar\/portalurbano\/wp-content\/uploads\/2019\/09\/Logo-Original.png\",\"width\":2236,\"height\":1216,\"caption\":\"Portal Urbano\"},\"image\":{\"@id\":\"https:\/\/experienciadevida.com.ar\/portalurbano\/#\/schema\/logo\/image\/\"},\"sameAs\":[\"https:\/\/www.facebook.com\/Portal-Urbano-171542830093757\/\",\"https:\/\/twitter.com\/portalurbanook\",\"https:\/\/www.instagram.com\/_portalurbano\/\",\"https:\/\/www.youtube.com\/channel\/UCXhagIfszH8KxFiOok79zbA?view_as=subscriber\"]},{\"@type\":\"Person\",\"@id\":\"https:\/\/experienciadevida.com.ar\/portalurbano\/#\/schema\/person\/02dd326b1c4b056e9cc972486934a3a7\",\"name\":\"admpu17wp\",\"image\":{\"@type\":\"ImageObject\",\"inLanguage\":\"es\",\"@id\":\"https:\/\/experienciadevida.com.ar\/portalurbano\/#\/schema\/person\/image\/\",\"url\":\"https:\/\/secure.gravatar.com\/avatar\/830d4c57adaae6630765e449a6908047?s=96&d=mm&r=g\",\"contentUrl\":\"https:\/\/secure.gravatar.com\/avatar\/830d4c57adaae6630765e449a6908047?s=96&d=mm&r=g\",\"caption\":\"admpu17wp\"}}]}<\/script>\n<!-- \/ Yoast SEO plugin. -->","yoast_head_json":{"title":"Importante reuni\u00f3n de la Direcci\u00f3n de relaciones con la comunidad","description":"Importante reuni\u00f3n de la Direcci\u00f3n de Relaciones con la Comunidad con referentes barriales y fomentistas, en la tarde del viernes pasado","robots":{"index":"index","follow":"follow","max-snippet":"max-snippet:-1","max-image-preview":"max-image-preview:large","max-video-preview":"max-video-preview:-1"},"canonical":"https:\/\/experienciadevida.com.ar\/portalurbano\/importante-reunion-de-la-direccion-de-relaciones-con-la-comunidad-con-referentes-barriales-y-fomentistas\/","og_locale":"es_ES","og_type":"article","og_title":"Importante reuni\u00f3n de la Direcci\u00f3n de relaciones con la comunidad","og_description":"Importante reuni\u00f3n de la Direcci\u00f3n de Relaciones con la Comunidad con referentes barriales y fomentistas, en la tarde del viernes pasado","og_url":"https:\/\/experienciadevida.com.ar\/portalurbano\/importante-reunion-de-la-direccion-de-relaciones-con-la-comunidad-con-referentes-barriales-y-fomentistas\/","article_publisher":"https:\/\/www.facebook.com\/Portal-Urbano-171542830093757\/","article_published_time":"2022-04-04T17:29:41+00:00","article_modified_time":"2022-04-04T17:32:15+00:00","og_image":[{"width":1024,"height":682,"url":"https:\/\/experienciadevida.com.ar\/portalurbano\/wp-content\/uploads\/2022\/04\/Importante-reunion-de-la.jpg","type":"image\/jpeg"}],"author":"admpu17wp","twitter_card":"summary_large_image","twitter_creator":"@portalurbanook","twitter_site":"@portalurbanook","twitter_misc":{"Escrito por":"admpu17wp","Tiempo de lectura":"2 minutos"},"schema":{"@context":"https:\/\/schema.org","@graph":[{"@type":"Article","@id":"https:\/\/experienciadevida.com.ar\/portalurbano\/importante-reunion-de-la-direccion-de-relaciones-con-la-comunidad-con-referentes-barriales-y-fomentistas\/#article","isPartOf":{"@id":"https:\/\/experienciadevida.com.ar\/portalurbano\/importante-reunion-de-la-direccion-de-relaciones-con-la-comunidad-con-referentes-barriales-y-fomentistas\/"},"author":{"name":"admpu17wp","@id":"https:\/\/experienciadevida.com.ar\/portalurbano\/#\/schema\/person\/02dd326b1c4b056e9cc972486934a3a7"},"headline":"Importante reuni\u00f3n de la Direcci\u00f3n de Relaciones con la Comunidad con referentes barriales y fomentistas","datePublished":"2022-04-04T17:29:41+00:00","dateModified":"2022-04-04T17:32:15+00:00","mainEntityOfPage":{"@id":"https:\/\/experienciadevida.com.ar\/portalurbano\/importante-reunion-de-la-direccion-de-relaciones-con-la-comunidad-con-referentes-barriales-y-fomentistas\/"},"wordCount":299,"publisher":{"@id":"https:\/\/experienciadevida.com.ar\/portalurbano\/#organization"},"articleSection":["Ciudad","Destacadas"],"inLanguage":"es"},{"@type":"WebPage","@id":"https:\/\/experienciadevida.com.ar\/portalurbano\/importante-reunion-de-la-direccion-de-relaciones-con-la-comunidad-con-referentes-barriales-y-fomentistas\/","url":"https:\/\/experienciadevida.com.ar\/portalurbano\/importante-reunion-de-la-direccion-de-relaciones-con-la-comunidad-con-referentes-barriales-y-fomentistas\/","name":"Importante reuni\u00f3n de la Direcci\u00f3n de relaciones con la comunidad","isPartOf":{"@id":"https:\/\/experienciadevida.com.ar\/portalurbano\/#website"},"datePublished":"2022-04-04T17:29:41+00:00","dateModified":"2022-04-04T17:32:15+00:00","description":"Importante reuni\u00f3n de la Direcci\u00f3n de Relaciones con la Comunidad con referentes barriales y fomentistas, en la tarde del viernes pasado","breadcrumb":{"@id":"https:\/\/experienciadevida.com.ar\/portalurbano\/importante-reunion-de-la-direccion-de-relaciones-con-la-comunidad-con-referentes-barriales-y-fomentistas\/#breadcrumb"},"inLanguage":"es","potentialAction":[{"@type":"ReadAction","target":["https:\/\/experienciadevida.com.ar\/portalurbano\/importante-reunion-de-la-direccion-de-relaciones-con-la-comunidad-con-referentes-barriales-y-fomentistas\/"]}]},{"@type":"BreadcrumbList","@id":"https:\/\/experienciadevida.com.ar\/portalurbano\/importante-reunion-de-la-direccion-de-relaciones-con-la-comunidad-con-referentes-barriales-y-fomentistas\/#breadcrumb","itemListElement":[{"@type":"ListItem","position":1,"name":"Portada","item":"https:\/\/experienciadevida.com.ar\/portalurbano\/"},{"@type":"ListItem","position":2,"name":"Importante reuni\u00f3n de la Direcci\u00f3n de Relaciones con la Comunidad con referentes barriales y fomentistas"}]},{"@type":"WebSite","@id":"https:\/\/experienciadevida.com.ar\/portalurbano\/#website","url":"https:\/\/experienciadevida.com.ar\/portalurbano\/","name":"","description":"","publisher":{"@id":"https:\/\/experienciadevida.com.ar\/portalurbano\/#organization"},"potentialAction":[{"@type":"SearchAction","target":{"@type":"EntryPoint","urlTemplate":"https:\/\/experienciadevida.com.ar\/portalurbano\/?s={search_term_string}"},"query-input":"required name=search_term_string"}],"inLanguage":"es"},{"@type":"Organization","@id":"https:\/\/experienciadevida.com.ar\/portalurbano\/#organization","name":"Portal Urbano","url":"https:\/\/experienciadevida.com.ar\/portalurbano\/","logo":{"@type":"ImageObject","inLanguage":"es","@id":"https:\/\/experienciadevida.com.ar\/portalurbano\/#\/schema\/logo\/image\/","url":"https:\/\/experienciadevida.com.ar\/portalurbano\/wp-content\/uploads\/2019\/09\/Logo-Original.png","contentUrl":"https:\/\/experienciadevida.com.ar\/portalurbano\/wp-content\/uploads\/2019\/09\/Logo-Original.png","width":2236,"height":1216,"caption":"Portal Urbano"},"image":{"@id":"https:\/\/experienciadevida.com.ar\/portalurbano\/#\/schema\/logo\/image\/"},"sameAs":["https:\/\/www.facebook.com\/Portal-Urbano-171542830093757\/","https:\/\/twitter.com\/portalurbanook","https:\/\/www.instagram.com\/_portalurbano\/","https:\/\/www.youtube.com\/channel\/UCXhagIfszH8KxFiOok79zbA?view_as=subscriber"]},{"@type":"Person","@id":"https:\/\/experienciadevida.com.ar\/portalurbano\/#\/schema\/person\/02dd326b1c4b056e9cc972486934a3a7","name":"admpu17wp","image":{"@type":"ImageObject","inLanguage":"es","@id":"https:\/\/experienciadevida.com.ar\/portalurbano\/#\/schema\/person\/image\/","url":"https:\/\/secure.gravatar.com\/avatar\/830d4c57adaae6630765e449a6908047?s=96&d=mm&r=g","contentUrl":"https:\/\/secure.gravatar.com\/avatar\/830d4c57adaae6630765e449a6908047?s=96&d=mm&r=g","caption":"admpu17wp"}}]}},"featured_image_urls":{"full":["https:\/\/experienciadevida.com.ar\/portalurbano\/wp-content\/uploads\/2022\/04\/Importante-reunion-de-la.jpg",1024,682,false],"thumbnail":["https:\/\/experienciadevida.com.ar\/portalurbano\/wp-content\/uploads\/2022\/04\/Importante-reunion-de-la-150x150.jpg",150,150,true],"medium":["https:\/\/experienciadevida.com.ar\/portalurbano\/wp-content\/uploads\/2022\/04\/Importante-reunion-de-la-300x200.jpg",300,200,true],"medium_large":["https:\/\/experienciadevida.com.ar\/portalurbano\/wp-content\/uploads\/2022\/04\/Importante-reunion-de-la-768x512.jpg",640,427,true],"large":["https:\/\/experienciadevida.com.ar\/portalurbano\/wp-content\/uploads\/2022\/04\/Importante-reunion-de-la.jpg",640,426,false],"ug_big":["https:\/\/experienciadevida.com.ar\/portalurbano\/wp-content\/uploads\/2022\/04\/Importante-reunion-de-la-768x512.jpg",768,512,true],"1536x1536":["https:\/\/experienciadevida.com.ar\/portalurbano\/wp-content\/uploads\/2022\/04\/Importante-reunion-de-la.jpg",1024,682,false],"2048x2048":["https:\/\/experienciadevida.com.ar\/portalurbano\/wp-content\/uploads\/2022\/04\/Importante-reunion-de-la.jpg",1024,682,false],"newsever-slider-full":["https:\/\/experienciadevida.com.ar\/portalurbano\/wp-content\/uploads\/2022\/04\/Importante-reunion-de-la.jpg",1024,682,false],"newsever-featured":["https:\/\/experienciadevida.com.ar\/portalurbano\/wp-content\/uploads\/2022\/04\/Importante-reunion-de-la.jpg",1024,682,false],"newsever-medium":["https:\/\/experienciadevida.com.ar\/portalurbano\/wp-content\/uploads\/2022\/04\/Importante-reunion-de-la.jpg",713,475,false],"web-stories-poster-portrait":["https:\/\/experienciadevida.com.ar\/portalurbano\/wp-content\/uploads\/2022\/04\/Importante-reunion-de-la.jpg",640,426,false],"web-stories-publisher-logo":["https:\/\/experienciadevida.com.ar\/portalurbano\/wp-content\/uploads\/2022\/04\/Importante-reunion-de-la.jpg",96,64,false],"web-stories-thumbnail":["https:\/\/experienciadevida.com.ar\/portalurbano\/wp-content\/uploads\/2022\/04\/Importante-reunion-de-la.jpg",150,100,false]},"author_info":{"display_name":"admpu17wp","author_link":"https:\/\/experienciadevida.com.ar\/portalurbano\/author\/admpu17wp\/"},"category_info":"<a href=\"https:\/\/experienciadevida.com.ar\/portalurbano\/category\/ciudad\/\" rel=\"category tag\">Ciudad<\/a> <a href=\"https:\/\/experienciadevida.com.ar\/portalurbano\/category\/destacadas\/\" rel=\"category tag\">Destacadas<\/a>","tag_info":"Destacadas","comment_count":"0","amp_enabled":true,"_links":{"self":[{"href":"https:\/\/experienciadevida.com.ar\/portalurbano\/wp-json\/wp\/v2\/posts\/164960"}],"collection":[{"href":"https:\/\/experienciadevida.com.ar\/portalurbano\/wp-json\/wp\/v2\/posts"}],"about":[{"href":"https:\/\/experienciadevida.com.ar\/portalurbano\/wp-json\/wp\/v2\/types\/post"}],"author":[{"embeddable":true,"href":"https:\/\/experienciadevida.com.ar\/portalurbano\/wp-json\/wp\/v2\/users\/1"}],"replies":[{"embeddable":true,"href":"https:\/\/experienciadevida.com.ar\/portalurbano\/wp-json\/wp\/v2\/comments?post=164960"}],"version-history":[{"count":2,"href":"https:\/\/experienciadevida.com.ar\/portalurbano\/wp-json\/wp\/v2\/posts\/164960\/revisions"}],"predecessor-version":[{"id":164964,"href":"https:\/\/experienciadevida.com.ar\/portalurbano\/wp-json\/wp\/v2\/posts\/164960\/revisions\/164964"}],"wp:featuredmedia":[{"embeddable":true,"href":"https:\/\/experienciadevida.com.ar\/portalurbano\/wp-json\/wp\/v2\/media\/164961"}],"wp:attachment":[{"href":"https:\/\/experienciadevida.com.ar\/portalurbano\/wp-json\/wp\/v2\/media?parent=164960"}],"wp:term":[{"taxonomy":"category","embeddable":true,"href":"https:\/\/experienciadevida.com.ar\/portalurbano\/wp-json\/wp\/v2\/categories?post=164960"},{"taxonomy":"post_tag","embeddable":true,"href":"https:\/\/experienciadevida.com.ar\/portalurbano\/wp-json\/wp\/v2\/tags?post=164960"}],"curies":[{"name":"wp","href":"https:\/\/api.w.org\/{rel}","templated":true}]}}