{"id":164942,"date":"2022-04-04T10:49:42","date_gmt":"2022-04-04T13:49:42","guid":{"rendered":"https:\/\/experienciadevida.com.ar\/portalurbano\/?p=164942"},"modified":"2022-04-04T10:55:27","modified_gmt":"2022-04-04T13:55:27","slug":"el-balance-de-un-ano-de-giro-compromiso-ambiental","status":"publish","type":"post","link":"https:\/\/experienciadevida.com.ar\/portalurbano\/el-balance-de-un-ano-de-giro-compromiso-ambiental\/","title":{"rendered":"El balance de un a\u00f1o de GIRO compromiso ambiental"},"content":{"rendered":"<p>El balance de un a\u00f1o de GIRO compromiso ambiental, el intendente Ezequiel <a href=\"https:\/\/www.facebook.com\/galliezequiel\">Galli<\/a> encabez\u00f3 un encuentro de seguimiento del Programa <a href=\"https:\/\/www.facebook.com\/giro.olavarria\">GIRO<\/a> (Gesti\u00f3n Integral de Residuos Olavarr\u00eda), que tuvo lugar en la Sala de Reuniones del Palacio San Mart\u00edn, en el marco del primer a\u00f1o de su implementaci\u00f3n.<\/p>\n<p>De la reuni\u00f3n participaron, en representaci\u00f3n del Municipio el secretario de Desarrollo Econ\u00f3mico Julio Valetutto y la subsecretaria de Empresas e Inversiones Emilia D\u00edaz, junto a integrantes del equipo GIRO.<\/p>\n<p>Se encontraban presentes adem\u00e1s como invitados, Wendy Takeguchi (asesora en jefe de ejecuci\u00f3n de proyectos \u2013 AEPW), Carlos Trubacz (director de Marketing y Sustentabilidad \u2013 Amcor) y Mart\u00edn Darmandrail (director Comercial de Specialty Containers \u2013 Amcor).<\/p>\n<p>En la misma se dialog\u00f3 sobre los nuevos desaf\u00edos, las obras proyectadas y las actividades en territorio, en los barrios donde funciona la prueba piloto de programa.<\/p>\n<p>AEPW y Amcor, dos importantes socios de Delterra en Argentina, participan activamente en el financiamiento y seguimiento del programa GIRO que est\u00e1 fuertemente ligado a sus objetivos de sustentabilidad. Las dos organizaciones tienen equipos dedicados al seguimiento de GIRO y coincidieron en una visita a Olavarr\u00eda para ver de primera mano la evoluci\u00f3n del programa, conocer a los actores, familiarizarse con los desaf\u00edos, y entender mejor el contexto en el que se desarrolla el programa, para poder potenciar el trabajo en conjunto y lograr la exitosa implementaci\u00f3n de GIRO en toda la ciudad y su sustentabilidad a largo plazo.<\/p>\n<p>En el marco de su visita aprovecharon la ocasi\u00f3n para agradecer al Municipio por todo el esfuerzo realizado para el desarrollo del programa. En este sentido, se mostraron muy contentos con el resultado de la prueba piloto y todas las acciones que se realizan para que el programa sea exitoso, en el largo plazo a medida que se extienda por la ciudad.<\/p>\n<p>The Alliance to End Plastic Waste, una organizaci\u00f3n internacional sin fines de lucro, que colabora con gobiernos, ONG de desarrollo econ\u00f3mico y medioambiental y comunidades de todo el mundo para afrontar el reto de acabar con los residuos de pl\u00e1stico en el medio ambiente. A trav\u00e9s de programas y asociaciones, la Alianza se centra en soluciones en cuatro \u00e1reas estrat\u00e9gicas: infraestructura, innovaci\u00f3n, educaci\u00f3n y compromiso, y limpieza. A partir de enero de 2021, la Alianza cuenta con m\u00e1s de 50 empresas miembros y colaboradores que representan a empresas y organizaciones mundiales de toda la cadena de valor del pl\u00e1stico. Para m\u00e1s informaci\u00f3n, visite: www.endplasticwaste.org.<\/p>\n<p>Amcor es un l\u00edder mundial en el desarrollo y la producci\u00f3n de envases responsables para alimentos, bebidas, productos farmac\u00e9uticos, m\u00e9dicos, del hogar y del cuidado personal, y otros productos. Amcor trabaja con empresas l\u00edderes de todo el mundo para proteger sus productos y a las personas que conf\u00edan en ellos, diferenciar las marcas y mejorar las cadenas de suministro mediante una gama de envases flexibles y r\u00edgidos, cartones especiales, cierres y servicios. La empresa se centra en la fabricaci\u00f3n de envases cada vez m\u00e1s ligeros, reciclables y reutilizables, y fabricados con una cantidad cada vez mayor de contenido reciclado. Alrededor de 46.000 personas de Amcor generan 13.000 millones de d\u00f3lares en ventas anuales desde operaciones que abarcan unas 225 ubicaciones en m\u00e1s de 40 pa\u00edses.<\/p>\n<p><a href=\"https:\/\/experienciadevida.com.ar\/portalurbano\/el-balance-de-un-ano-de-giro-compromiso-ambiental\/el-balance\/\" rel=\"attachment wp-att-164946\"><img decoding=\"async\" class=\"alignnone size-large wp-image-164946\" src=\"https:\/\/experienciadevida.com.ar\/portalurbano\/wp-content\/uploads\/2022\/04\/El-balance-1024x684.jpg\" alt=\"El balance \" width=\"900\" height=\"601\" srcset=\"https:\/\/experienciadevida.com.ar\/portalurbano\/wp-content\/uploads\/2022\/04\/El-balance-1024x684.jpg 1024w, https:\/\/experienciadevida.com.ar\/portalurbano\/wp-content\/uploads\/2022\/04\/El-balance-300x201.jpg 300w, https:\/\/experienciadevida.com.ar\/portalurbano\/wp-content\/uploads\/2022\/04\/El-balance-768x513.jpg 768w, https:\/\/experienciadevida.com.ar\/portalurbano\/wp-content\/uploads\/2022\/04\/El-balance-1536x1027.jpg 1536w, https:\/\/experienciadevida.com.ar\/portalurbano\/wp-content\/uploads\/2022\/04\/El-balance-2048x1369.jpg 2048w\" sizes=\"(max-width: 900px) 100vw, 900px\" \/><\/a><\/p>\n","protected":false},"excerpt":{"rendered":"<p>El balance de un a\u00f1o de GIRO compromiso ambiental, el intendente Ezequiel Galli encabez\u00f3 un&#8230;<\/p>\n","protected":false},"author":1,"featured_media":164943,"comment_status":"closed","ping_status":"closed","sticky":false,"template":"","format":"standard","meta":{"content-type":""},"categories":[27,51],"tags":[],"nelio_content":{"isAutoShareEnabled":false,"autoShareEndMode":"default","automationSources":{"useContentSentences":true,"useSocialTemplates":true,"useCustomSentences":false,"customSentences":[]},"followers":[1],"suggestedReferences":[],"includedReferences":[],"efiUrl":"","efiAlt":"","highlights":[]},"yoast_head":"<!-- This site is optimized with the Yoast SEO plugin v20.7 - https:\/\/yoast.com\/wordpress\/plugins\/seo\/ -->\n<title>El balance de un a\u00f1o de GIRO compromiso ambiental<\/title>\n<meta name=\"description\" content=\"El balance de un a\u00f1o de GIRO compromiso ambiental, el intendente Ezequiel Galli encabez\u00f3 un encuentro de seguimiento\" \/>\n<meta name=\"robots\" content=\"index, follow, max-snippet:-1, max-image-preview:large, max-video-preview:-1\" \/>\n<link rel=\"canonical\" href=\"https:\/\/experienciadevida.com.ar\/portalurbano\/el-balance-de-un-ano-de-giro-compromiso-ambiental\/\" \/>\n<meta property=\"og:locale\" content=\"es_ES\" \/>\n<meta property=\"og:type\" content=\"article\" \/>\n<meta property=\"og:title\" content=\"El balance de un a\u00f1o de GIRO compromiso ambiental\" \/>\n<meta property=\"og:description\" content=\"El balance de un a\u00f1o de GIRO compromiso ambiental, el intendente Ezequiel Galli encabez\u00f3 un encuentro de seguimiento\" \/>\n<meta property=\"og:url\" content=\"https:\/\/experienciadevida.com.ar\/portalurbano\/el-balance-de-un-ano-de-giro-compromiso-ambiental\/\" \/>\n<meta property=\"article:publisher\" content=\"https:\/\/www.facebook.com\/Portal-Urbano-171542830093757\/\" \/>\n<meta property=\"article:published_time\" content=\"2022-04-04T13:49:42+00:00\" \/>\n<meta property=\"article:modified_time\" content=\"2022-04-04T13:55:27+00:00\" \/>\n<meta property=\"og:image\" content=\"https:\/\/experienciadevida.com.ar\/portalurbano\/wp-content\/uploads\/2022\/04\/El-balance-de-un-e1649080169552.jpg\" \/>\n\t<meta property=\"og:image:width\" content=\"765\" \/>\n\t<meta property=\"og:image:height\" content=\"511\" \/>\n\t<meta property=\"og:image:type\" content=\"image\/jpeg\" \/>\n<meta name=\"author\" content=\"admpu17wp\" \/>\n<meta name=\"twitter:card\" content=\"summary_large_image\" \/>\n<meta name=\"twitter:creator\" content=\"@portalurbanook\" \/>\n<meta name=\"twitter:site\" content=\"@portalurbanook\" \/>\n<meta name=\"twitter:label1\" content=\"Escrito por\" \/>\n\t<meta name=\"twitter:data1\" content=\"admpu17wp\" \/>\n\t<meta name=\"twitter:label2\" content=\"Tiempo de lectura\" \/>\n\t<meta name=\"twitter:data2\" content=\"3 minutos\" \/>\n<script type=\"application\/ld+json\" class=\"yoast-schema-graph\">{\"@context\":\"https:\/\/schema.org\",\"@graph\":[{\"@type\":\"Article\",\"@id\":\"https:\/\/experienciadevida.com.ar\/portalurbano\/el-balance-de-un-ano-de-giro-compromiso-ambiental\/#article\",\"isPartOf\":{\"@id\":\"https:\/\/experienciadevida.com.ar\/portalurbano\/el-balance-de-un-ano-de-giro-compromiso-ambiental\/\"},\"author\":{\"name\":\"admpu17wp\",\"@id\":\"https:\/\/experienciadevida.com.ar\/portalurbano\/#\/schema\/person\/02dd326b1c4b056e9cc972486934a3a7\"},\"headline\":\"El balance de un a\u00f1o de GIRO compromiso ambiental\",\"datePublished\":\"2022-04-04T13:49:42+00:00\",\"dateModified\":\"2022-04-04T13:55:27+00:00\",\"mainEntityOfPage\":{\"@id\":\"https:\/\/experienciadevida.com.ar\/portalurbano\/el-balance-de-un-ano-de-giro-compromiso-ambiental\/\"},\"wordCount\":575,\"publisher\":{\"@id\":\"https:\/\/experienciadevida.com.ar\/portalurbano\/#organization\"},\"articleSection\":[\"Ciudad\",\"Destacadas\"],\"inLanguage\":\"es\"},{\"@type\":\"WebPage\",\"@id\":\"https:\/\/experienciadevida.com.ar\/portalurbano\/el-balance-de-un-ano-de-giro-compromiso-ambiental\/\",\"url\":\"https:\/\/experienciadevida.com.ar\/portalurbano\/el-balance-de-un-ano-de-giro-compromiso-ambiental\/\",\"name\":\"El balance de un a\u00f1o de GIRO compromiso ambiental\",\"isPartOf\":{\"@id\":\"https:\/\/experienciadevida.com.ar\/portalurbano\/#website\"},\"datePublished\":\"2022-04-04T13:49:42+00:00\",\"dateModified\":\"2022-04-04T13:55:27+00:00\",\"description\":\"El balance de un a\u00f1o de GIRO compromiso ambiental, el intendente Ezequiel Galli encabez\u00f3 un encuentro de seguimiento\",\"breadcrumb\":{\"@id\":\"https:\/\/experienciadevida.com.ar\/portalurbano\/el-balance-de-un-ano-de-giro-compromiso-ambiental\/#breadcrumb\"},\"inLanguage\":\"es\",\"potentialAction\":[{\"@type\":\"ReadAction\",\"target\":[\"https:\/\/experienciadevida.com.ar\/portalurbano\/el-balance-de-un-ano-de-giro-compromiso-ambiental\/\"]}]},{\"@type\":\"BreadcrumbList\",\"@id\":\"https:\/\/experienciadevida.com.ar\/portalurbano\/el-balance-de-un-ano-de-giro-compromiso-ambiental\/#breadcrumb\",\"itemListElement\":[{\"@type\":\"ListItem\",\"position\":1,\"name\":\"Portada\",\"item\":\"https:\/\/experienciadevida.com.ar\/portalurbano\/\"},{\"@type\":\"ListItem\",\"position\":2,\"name\":\"El balance de un a\u00f1o de GIRO compromiso ambiental\"}]},{\"@type\":\"WebSite\",\"@id\":\"https:\/\/experienciadevida.com.ar\/portalurbano\/#website\",\"url\":\"https:\/\/experienciadevida.com.ar\/portalurbano\/\",\"name\":\"\",\"description\":\"\",\"publisher\":{\"@id\":\"https:\/\/experienciadevida.com.ar\/portalurbano\/#organization\"},\"potentialAction\":[{\"@type\":\"SearchAction\",\"target\":{\"@type\":\"EntryPoint\",\"urlTemplate\":\"https:\/\/experienciadevida.com.ar\/portalurbano\/?s={search_term_string}\"},\"query-input\":\"required name=search_term_string\"}],\"inLanguage\":\"es\"},{\"@type\":\"Organization\",\"@id\":\"https:\/\/experienciadevida.com.ar\/portalurbano\/#organization\",\"name\":\"Portal Urbano\",\"url\":\"https:\/\/experienciadevida.com.ar\/portalurbano\/\",\"logo\":{\"@type\":\"ImageObject\",\"inLanguage\":\"es\",\"@id\":\"https:\/\/experienciadevida.com.ar\/portalurbano\/#\/schema\/logo\/image\/\",\"url\":\"https:\/\/experienciadevida.com.ar\/portalurbano\/wp-content\/uploads\/2019\/09\/Logo-Original.png\",\"contentUrl\":\"https:\/\/experienciadevida.com.ar\/portalurbano\/wp-content\/uploads\/2019\/09\/Logo-Original.png\",\"width\":2236,\"height\":1216,\"caption\":\"Portal Urbano\"},\"image\":{\"@id\":\"https:\/\/experienciadevida.com.ar\/portalurbano\/#\/schema\/logo\/image\/\"},\"sameAs\":[\"https:\/\/www.facebook.com\/Portal-Urbano-171542830093757\/\",\"https:\/\/twitter.com\/portalurbanook\",\"https:\/\/www.instagram.com\/_portalurbano\/\",\"https:\/\/www.youtube.com\/channel\/UCXhagIfszH8KxFiOok79zbA?view_as=subscriber\"]},{\"@type\":\"Person\",\"@id\":\"https:\/\/experienciadevida.com.ar\/portalurbano\/#\/schema\/person\/02dd326b1c4b056e9cc972486934a3a7\",\"name\":\"admpu17wp\",\"image\":{\"@type\":\"ImageObject\",\"inLanguage\":\"es\",\"@id\":\"https:\/\/experienciadevida.com.ar\/portalurbano\/#\/schema\/person\/image\/\",\"url\":\"https:\/\/secure.gravatar.com\/avatar\/830d4c57adaae6630765e449a6908047?s=96&d=mm&r=g\",\"contentUrl\":\"https:\/\/secure.gravatar.com\/avatar\/830d4c57adaae6630765e449a6908047?s=96&d=mm&r=g\",\"caption\":\"admpu17wp\"}}]}<\/script>\n<!-- \/ Yoast SEO plugin. -->","yoast_head_json":{"title":"El balance de un a\u00f1o de GIRO compromiso ambiental","description":"El balance de un a\u00f1o de GIRO compromiso ambiental, el intendente Ezequiel Galli encabez\u00f3 un encuentro de seguimiento","robots":{"index":"index","follow":"follow","max-snippet":"max-snippet:-1","max-image-preview":"max-image-preview:large","max-video-preview":"max-video-preview:-1"},"canonical":"https:\/\/experienciadevida.com.ar\/portalurbano\/el-balance-de-un-ano-de-giro-compromiso-ambiental\/","og_locale":"es_ES","og_type":"article","og_title":"El balance de un a\u00f1o de GIRO compromiso ambiental","og_description":"El balance de un a\u00f1o de GIRO compromiso ambiental, el intendente Ezequiel Galli encabez\u00f3 un encuentro de seguimiento","og_url":"https:\/\/experienciadevida.com.ar\/portalurbano\/el-balance-de-un-ano-de-giro-compromiso-ambiental\/","article_publisher":"https:\/\/www.facebook.com\/Portal-Urbano-171542830093757\/","article_published_time":"2022-04-04T13:49:42+00:00","article_modified_time":"2022-04-04T13:55:27+00:00","og_image":[{"width":765,"height":511,"url":"https:\/\/experienciadevida.com.ar\/portalurbano\/wp-content\/uploads\/2022\/04\/El-balance-de-un-e1649080169552.jpg","type":"image\/jpeg"}],"author":"admpu17wp","twitter_card":"summary_large_image","twitter_creator":"@portalurbanook","twitter_site":"@portalurbanook","twitter_misc":{"Escrito por":"admpu17wp","Tiempo de lectura":"3 minutos"},"schema":{"@context":"https:\/\/schema.org","@graph":[{"@type":"Article","@id":"https:\/\/experienciadevida.com.ar\/portalurbano\/el-balance-de-un-ano-de-giro-compromiso-ambiental\/#article","isPartOf":{"@id":"https:\/\/experienciadevida.com.ar\/portalurbano\/el-balance-de-un-ano-de-giro-compromiso-ambiental\/"},"author":{"name":"admpu17wp","@id":"https:\/\/experienciadevida.com.ar\/portalurbano\/#\/schema\/person\/02dd326b1c4b056e9cc972486934a3a7"},"headline":"El balance de un a\u00f1o de GIRO compromiso ambiental","datePublished":"2022-04-04T13:49:42+00:00","dateModified":"2022-04-04T13:55:27+00:00","mainEntityOfPage":{"@id":"https:\/\/experienciadevida.com.ar\/portalurbano\/el-balance-de-un-ano-de-giro-compromiso-ambiental\/"},"wordCount":575,"publisher":{"@id":"https:\/\/experienciadevida.com.ar\/portalurbano\/#organization"},"articleSection":["Ciudad","Destacadas"],"inLanguage":"es"},{"@type":"WebPage","@id":"https:\/\/experienciadevida.com.ar\/portalurbano\/el-balance-de-un-ano-de-giro-compromiso-ambiental\/","url":"https:\/\/experienciadevida.com.ar\/portalurbano\/el-balance-de-un-ano-de-giro-compromiso-ambiental\/","name":"El balance de un a\u00f1o de GIRO compromiso ambiental","isPartOf":{"@id":"https:\/\/experienciadevida.com.ar\/portalurbano\/#website"},"datePublished":"2022-04-04T13:49:42+00:00","dateModified":"2022-04-04T13:55:27+00:00","description":"El balance de un a\u00f1o de GIRO compromiso ambiental, el intendente Ezequiel Galli encabez\u00f3 un encuentro de seguimiento","breadcrumb":{"@id":"https:\/\/experienciadevida.com.ar\/portalurbano\/el-balance-de-un-ano-de-giro-compromiso-ambiental\/#breadcrumb"},"inLanguage":"es","potentialAction":[{"@type":"ReadAction","target":["https:\/\/experienciadevida.com.ar\/portalurbano\/el-balance-de-un-ano-de-giro-compromiso-ambiental\/"]}]},{"@type":"BreadcrumbList","@id":"https:\/\/experienciadevida.com.ar\/portalurbano\/el-balance-de-un-ano-de-giro-compromiso-ambiental\/#breadcrumb","itemListElement":[{"@type":"ListItem","position":1,"name":"Portada","item":"https:\/\/experienciadevida.com.ar\/portalurbano\/"},{"@type":"ListItem","position":2,"name":"El balance de un a\u00f1o de GIRO compromiso ambiental"}]},{"@type":"WebSite","@id":"https:\/\/experienciadevida.com.ar\/portalurbano\/#website","url":"https:\/\/experienciadevida.com.ar\/portalurbano\/","name":"","description":"","publisher":{"@id":"https:\/\/experienciadevida.com.ar\/portalurbano\/#organization"},"potentialAction":[{"@type":"SearchAction","target":{"@type":"EntryPoint","urlTemplate":"https:\/\/experienciadevida.com.ar\/portalurbano\/?s={search_term_string}"},"query-input":"required name=search_term_string"}],"inLanguage":"es"},{"@type":"Organization","@id":"https:\/\/experienciadevida.com.ar\/portalurbano\/#organization","name":"Portal Urbano","url":"https:\/\/experienciadevida.com.ar\/portalurbano\/","logo":{"@type":"ImageObject","inLanguage":"es","@id":"https:\/\/experienciadevida.com.ar\/portalurbano\/#\/schema\/logo\/image\/","url":"https:\/\/experienciadevida.com.ar\/portalurbano\/wp-content\/uploads\/2019\/09\/Logo-Original.png","contentUrl":"https:\/\/experienciadevida.com.ar\/portalurbano\/wp-content\/uploads\/2019\/09\/Logo-Original.png","width":2236,"height":1216,"caption":"Portal Urbano"},"image":{"@id":"https:\/\/experienciadevida.com.ar\/portalurbano\/#\/schema\/logo\/image\/"},"sameAs":["https:\/\/www.facebook.com\/Portal-Urbano-171542830093757\/","https:\/\/twitter.com\/portalurbanook","https:\/\/www.instagram.com\/_portalurbano\/","https:\/\/www.youtube.com\/channel\/UCXhagIfszH8KxFiOok79zbA?view_as=subscriber"]},{"@type":"Person","@id":"https:\/\/experienciadevida.com.ar\/portalurbano\/#\/schema\/person\/02dd326b1c4b056e9cc972486934a3a7","name":"admpu17wp","image":{"@type":"ImageObject","inLanguage":"es","@id":"https:\/\/experienciadevida.com.ar\/portalurbano\/#\/schema\/person\/image\/","url":"https:\/\/secure.gravatar.com\/avatar\/830d4c57adaae6630765e449a6908047?s=96&d=mm&r=g","contentUrl":"https:\/\/secure.gravatar.com\/avatar\/830d4c57adaae6630765e449a6908047?s=96&d=mm&r=g","caption":"admpu17wp"}}]}},"featured_image_urls":{"full":["https:\/\/experienciadevida.com.ar\/portalurbano\/wp-content\/uploads\/2022\/04\/El-balance-de-un-e1649080169552.jpg",765,511,false],"thumbnail":["https:\/\/experienciadevida.com.ar\/portalurbano\/wp-content\/uploads\/2022\/04\/El-balance-de-un-150x150.jpg",150,150,true],"medium":["https:\/\/experienciadevida.com.ar\/portalurbano\/wp-content\/uploads\/2022\/04\/El-balance-de-un-300x201.jpg",300,201,true],"medium_large":["https:\/\/experienciadevida.com.ar\/portalurbano\/wp-content\/uploads\/2022\/04\/El-balance-de-un-768x513.jpg",640,428,true],"large":["https:\/\/experienciadevida.com.ar\/portalurbano\/wp-content\/uploads\/2022\/04\/El-balance-de-un-1024x684.jpg",640,428,true],"ug_big":["https:\/\/experienciadevida.com.ar\/portalurbano\/wp-content\/uploads\/2022\/04\/El-balance-de-un-768x513.jpg",768,513,true],"1536x1536":["https:\/\/experienciadevida.com.ar\/portalurbano\/wp-content\/uploads\/2022\/04\/El-balance-de-un-1536x1027.jpg",1536,1027,true],"2048x2048":["https:\/\/experienciadevida.com.ar\/portalurbano\/wp-content\/uploads\/2022\/04\/El-balance-de-un-2048x1369.jpg",2048,1369,true],"newsever-slider-full":["https:\/\/experienciadevida.com.ar\/portalurbano\/wp-content\/uploads\/2022\/04\/El-balance-de-un-e1649080169552.jpg",765,511,false],"newsever-featured":["https:\/\/experienciadevida.com.ar\/portalurbano\/wp-content\/uploads\/2022\/04\/El-balance-de-un-e1649080169552.jpg",765,511,false],"newsever-medium":["https:\/\/experienciadevida.com.ar\/portalurbano\/wp-content\/uploads\/2022\/04\/El-balance-de-un-e1649080169552.jpg",711,475,false],"web-stories-poster-portrait":["https:\/\/experienciadevida.com.ar\/portalurbano\/wp-content\/uploads\/2022\/04\/El-balance-de-un-e1649080169552.jpg",640,428,false],"web-stories-publisher-logo":["https:\/\/experienciadevida.com.ar\/portalurbano\/wp-content\/uploads\/2022\/04\/El-balance-de-un-e1649080169552.jpg",96,64,false],"web-stories-thumbnail":["https:\/\/experienciadevida.com.ar\/portalurbano\/wp-content\/uploads\/2022\/04\/El-balance-de-un-e1649080169552.jpg",150,100,false]},"author_info":{"display_name":"admpu17wp","author_link":"https:\/\/experienciadevida.com.ar\/portalurbano\/author\/admpu17wp\/"},"category_info":"<a href=\"https:\/\/experienciadevida.com.ar\/portalurbano\/category\/ciudad\/\" rel=\"category tag\">Ciudad<\/a> <a href=\"https:\/\/experienciadevida.com.ar\/portalurbano\/category\/destacadas\/\" rel=\"category tag\">Destacadas<\/a>","tag_info":"Destacadas","comment_count":"0","amp_enabled":true,"_links":{"self":[{"href":"https:\/\/experienciadevida.com.ar\/portalurbano\/wp-json\/wp\/v2\/posts\/164942"}],"collection":[{"href":"https:\/\/experienciadevida.com.ar\/portalurbano\/wp-json\/wp\/v2\/posts"}],"about":[{"href":"https:\/\/experienciadevida.com.ar\/portalurbano\/wp-json\/wp\/v2\/types\/post"}],"author":[{"embeddable":true,"href":"https:\/\/experienciadevida.com.ar\/portalurbano\/wp-json\/wp\/v2\/users\/1"}],"replies":[{"embeddable":true,"href":"https:\/\/experienciadevida.com.ar\/portalurbano\/wp-json\/wp\/v2\/comments?post=164942"}],"version-history":[{"count":3,"href":"https:\/\/experienciadevida.com.ar\/portalurbano\/wp-json\/wp\/v2\/posts\/164942\/revisions"}],"predecessor-version":[{"id":164948,"href":"https:\/\/experienciadevida.com.ar\/portalurbano\/wp-json\/wp\/v2\/posts\/164942\/revisions\/164948"}],"wp:featuredmedia":[{"embeddable":true,"href":"https:\/\/experienciadevida.com.ar\/portalurbano\/wp-json\/wp\/v2\/media\/164943"}],"wp:attachment":[{"href":"https:\/\/experienciadevida.com.ar\/portalurbano\/wp-json\/wp\/v2\/media?parent=164942"}],"wp:term":[{"taxonomy":"category","embeddable":true,"href":"https:\/\/experienciadevida.com.ar\/portalurbano\/wp-json\/wp\/v2\/categories?post=164942"},{"taxonomy":"post_tag","embeddable":true,"href":"https:\/\/experienciadevida.com.ar\/portalurbano\/wp-json\/wp\/v2\/tags?post=164942"}],"curies":[{"name":"wp","href":"https:\/\/api.w.org\/{rel}","templated":true}]}}