{"id":164931,"date":"2022-04-04T10:41:37","date_gmt":"2022-04-04T13:41:37","guid":{"rendered":"https:\/\/experienciadevida.com.ar\/portalurbano\/?p=164931"},"modified":"2022-04-04T10:43:45","modified_gmt":"2022-04-04T13:43:45","slug":"callejeadas-sierras-bayas-realizo-numerosas-actividades-en-marzo","status":"publish","type":"post","link":"https:\/\/experienciadevida.com.ar\/portalurbano\/callejeadas-sierras-bayas-realizo-numerosas-actividades-en-marzo\/","title":{"rendered":"Callejeadas Sierras Bayas realiz\u00f3 numerosas actividades en marzo"},"content":{"rendered":"<p>Callejeadas Sierras Bayas realiz\u00f3 numerosas actividades en marzo, desde el programa Municipal Callejeadas con sede en Sierras Bayas se llevaron a cabo durante el pasado mes de marzo numerosas actividades.<\/p>\n<p><a href=\"https:\/\/experienciadevida.com.ar\/portalurbano\/callejeadas-sierras-bayas-realizo-numerosas-actividades-en-marzo\/callejeadas\/\" rel=\"attachment wp-att-164939\"><img decoding=\"async\" class=\"alignnone size-large wp-image-164939\" src=\"https:\/\/experienciadevida.com.ar\/portalurbano\/wp-content\/uploads\/2022\/04\/Callejeadas-1024x682.jpg\" alt=\"Callejeadas\" width=\"900\" height=\"599\" srcset=\"https:\/\/experienciadevida.com.ar\/portalurbano\/wp-content\/uploads\/2022\/04\/Callejeadas-1024x682.jpg 1024w, https:\/\/experienciadevida.com.ar\/portalurbano\/wp-content\/uploads\/2022\/04\/Callejeadas-300x200.jpg 300w, https:\/\/experienciadevida.com.ar\/portalurbano\/wp-content\/uploads\/2022\/04\/Callejeadas-768x512.jpg 768w, https:\/\/experienciadevida.com.ar\/portalurbano\/wp-content\/uploads\/2022\/04\/Callejeadas-1536x1024.jpg 1536w, https:\/\/experienciadevida.com.ar\/portalurbano\/wp-content\/uploads\/2022\/04\/Callejeadas.jpg 1772w\" sizes=\"(max-width: 900px) 100vw, 900px\" \/><\/a><\/p>\n<p>Entre las labores realizadas se destac\u00f3, por ejemplo, las actividades especiales en conmemoraci\u00f3n de los 40 a\u00f1os de la Guerra de Malvinas, a partir de la realizaci\u00f3n de una \u201ctizeada\u201d en el patio del predio.<\/p>\n<p>A la par, tambi\u00e9n se llevaron adelante actividades vinculadas con el 8M, el D\u00eda Internacional de la Mujer Trabajadora, que fue abordado desde el taller de arte interviniendo diferentes siluetas. Por \u00faltimo, vale dar cuenta que adem\u00e1s se realizaron actividades de percusi\u00f3n y deportes fusionadas.<\/p>\n<p>El Programa Callejeada se implementa en Olavarr\u00eda desde hace dieciocho a\u00f1os. Brinda un espacio socioeducativo en el que, a partir de una propuesta did\u00e1ctica, se propone prioritariamente la contenci\u00f3n social de ni\u00f1os, ni\u00f1as y adolescentes del Partido. En este marco, se ofrece un programa de talleres que incluyen diversas disciplinas, tales como arte, deporte, percusi\u00f3n, cocina, danza, manualidades, zumba.<\/p>\n<p><a href=\"https:\/\/experienciadevida.com.ar\/portalurbano\/callejeadas-sierras-bayas-realizo-numerosas-actividades-en-marzo\/sierras-2\/\" rel=\"attachment wp-att-164940\"><img decoding=\"async\" class=\"alignnone size-large wp-image-164940\" src=\"https:\/\/experienciadevida.com.ar\/portalurbano\/wp-content\/uploads\/2022\/04\/Sierras-1024x682.jpg\" alt=\"Sierras\" width=\"900\" height=\"599\" srcset=\"https:\/\/experienciadevida.com.ar\/portalurbano\/wp-content\/uploads\/2022\/04\/Sierras-1024x682.jpg 1024w, https:\/\/experienciadevida.com.ar\/portalurbano\/wp-content\/uploads\/2022\/04\/Sierras-300x200.jpg 300w, https:\/\/experienciadevida.com.ar\/portalurbano\/wp-content\/uploads\/2022\/04\/Sierras-768x512.jpg 768w, https:\/\/experienciadevida.com.ar\/portalurbano\/wp-content\/uploads\/2022\/04\/Sierras-1536x1024.jpg 1536w, https:\/\/experienciadevida.com.ar\/portalurbano\/wp-content\/uploads\/2022\/04\/Sierras.jpg 1772w\" sizes=\"(max-width: 900px) 100vw, 900px\" \/><\/a><\/p>\n","protected":false},"excerpt":{"rendered":"<p>Callejeadas Sierras Bayas realiz\u00f3 numerosas actividades en marzo, desde el programa Municipal Callejeadas con sede&#8230;<\/p>\n","protected":false},"author":1,"featured_media":164934,"comment_status":"closed","ping_status":"closed","sticky":false,"template":"","format":"standard","meta":{"content-type":""},"categories":[27],"tags":[],"nelio_content":{"isAutoShareEnabled":false,"autoShareEndMode":"default","automationSources":{"useContentSentences":true,"useSocialTemplates":true,"useCustomSentences":false,"customSentences":[]},"followers":[1],"suggestedReferences":[],"includedReferences":[],"efiUrl":"","efiAlt":"","highlights":[]},"yoast_head":"<!-- This site is optimized with the Yoast SEO plugin v20.7 - https:\/\/yoast.com\/wordpress\/plugins\/seo\/ -->\n<title>Callejeadas Sierras Bayas realiz\u00f3 numerosas actividades en marzo<\/title>\n<meta name=\"description\" content=\"Callejeadas Sierras Bayas realiz\u00f3 numerosas actividades en marzo, en Sierras Bayas se llevaron a cabo durante el pasado mes de marzo\" \/>\n<meta name=\"robots\" content=\"index, follow, max-snippet:-1, max-image-preview:large, max-video-preview:-1\" \/>\n<link rel=\"canonical\" href=\"https:\/\/experienciadevida.com.ar\/portalurbano\/callejeadas-sierras-bayas-realizo-numerosas-actividades-en-marzo\/\" \/>\n<meta property=\"og:locale\" content=\"es_ES\" \/>\n<meta property=\"og:type\" content=\"article\" \/>\n<meta property=\"og:title\" content=\"Callejeadas Sierras Bayas realiz\u00f3 numerosas actividades en marzo\" \/>\n<meta property=\"og:description\" content=\"Callejeadas Sierras Bayas realiz\u00f3 numerosas actividades en marzo, en Sierras Bayas se llevaron a cabo durante el pasado mes de marzo\" \/>\n<meta property=\"og:url\" content=\"https:\/\/experienciadevida.com.ar\/portalurbano\/callejeadas-sierras-bayas-realizo-numerosas-actividades-en-marzo\/\" \/>\n<meta property=\"article:publisher\" content=\"https:\/\/www.facebook.com\/Portal-Urbano-171542830093757\/\" \/>\n<meta property=\"article:published_time\" content=\"2022-04-04T13:41:37+00:00\" \/>\n<meta property=\"article:modified_time\" content=\"2022-04-04T13:43:45+00:00\" \/>\n<meta property=\"og:image\" content=\"https:\/\/experienciadevida.com.ar\/portalurbano\/wp-content\/uploads\/2022\/04\/Callejeadas-Sierras-Bayas-realizo.jpg\" \/>\n\t<meta property=\"og:image:width\" content=\"1772\" \/>\n\t<meta property=\"og:image:height\" content=\"1181\" \/>\n\t<meta property=\"og:image:type\" content=\"image\/jpeg\" \/>\n<meta name=\"author\" content=\"admpu17wp\" \/>\n<meta name=\"twitter:card\" content=\"summary_large_image\" \/>\n<meta name=\"twitter:creator\" content=\"@portalurbanook\" \/>\n<meta name=\"twitter:site\" content=\"@portalurbanook\" \/>\n<meta name=\"twitter:label1\" content=\"Escrito por\" \/>\n\t<meta name=\"twitter:data1\" content=\"admpu17wp\" \/>\n\t<meta name=\"twitter:label2\" content=\"Tiempo de lectura\" \/>\n\t<meta name=\"twitter:data2\" content=\"2 minutos\" \/>\n<script type=\"application\/ld+json\" class=\"yoast-schema-graph\">{\"@context\":\"https:\/\/schema.org\",\"@graph\":[{\"@type\":\"Article\",\"@id\":\"https:\/\/experienciadevida.com.ar\/portalurbano\/callejeadas-sierras-bayas-realizo-numerosas-actividades-en-marzo\/#article\",\"isPartOf\":{\"@id\":\"https:\/\/experienciadevida.com.ar\/portalurbano\/callejeadas-sierras-bayas-realizo-numerosas-actividades-en-marzo\/\"},\"author\":{\"name\":\"admpu17wp\",\"@id\":\"https:\/\/experienciadevida.com.ar\/portalurbano\/#\/schema\/person\/02dd326b1c4b056e9cc972486934a3a7\"},\"headline\":\"Callejeadas Sierras Bayas realiz\u00f3 numerosas actividades en marzo\",\"datePublished\":\"2022-04-04T13:41:37+00:00\",\"dateModified\":\"2022-04-04T13:43:45+00:00\",\"mainEntityOfPage\":{\"@id\":\"https:\/\/experienciadevida.com.ar\/portalurbano\/callejeadas-sierras-bayas-realizo-numerosas-actividades-en-marzo\/\"},\"wordCount\":190,\"publisher\":{\"@id\":\"https:\/\/experienciadevida.com.ar\/portalurbano\/#organization\"},\"articleSection\":[\"Ciudad\"],\"inLanguage\":\"es\"},{\"@type\":\"WebPage\",\"@id\":\"https:\/\/experienciadevida.com.ar\/portalurbano\/callejeadas-sierras-bayas-realizo-numerosas-actividades-en-marzo\/\",\"url\":\"https:\/\/experienciadevida.com.ar\/portalurbano\/callejeadas-sierras-bayas-realizo-numerosas-actividades-en-marzo\/\",\"name\":\"Callejeadas Sierras Bayas realiz\u00f3 numerosas actividades en marzo\",\"isPartOf\":{\"@id\":\"https:\/\/experienciadevida.com.ar\/portalurbano\/#website\"},\"datePublished\":\"2022-04-04T13:41:37+00:00\",\"dateModified\":\"2022-04-04T13:43:45+00:00\",\"description\":\"Callejeadas Sierras Bayas realiz\u00f3 numerosas actividades en marzo, en Sierras Bayas se llevaron a cabo durante el pasado mes de marzo\",\"breadcrumb\":{\"@id\":\"https:\/\/experienciadevida.com.ar\/portalurbano\/callejeadas-sierras-bayas-realizo-numerosas-actividades-en-marzo\/#breadcrumb\"},\"inLanguage\":\"es\",\"potentialAction\":[{\"@type\":\"ReadAction\",\"target\":[\"https:\/\/experienciadevida.com.ar\/portalurbano\/callejeadas-sierras-bayas-realizo-numerosas-actividades-en-marzo\/\"]}]},{\"@type\":\"BreadcrumbList\",\"@id\":\"https:\/\/experienciadevida.com.ar\/portalurbano\/callejeadas-sierras-bayas-realizo-numerosas-actividades-en-marzo\/#breadcrumb\",\"itemListElement\":[{\"@type\":\"ListItem\",\"position\":1,\"name\":\"Portada\",\"item\":\"https:\/\/experienciadevida.com.ar\/portalurbano\/\"},{\"@type\":\"ListItem\",\"position\":2,\"name\":\"Callejeadas Sierras Bayas realiz\u00f3 numerosas actividades en marzo\"}]},{\"@type\":\"WebSite\",\"@id\":\"https:\/\/experienciadevida.com.ar\/portalurbano\/#website\",\"url\":\"https:\/\/experienciadevida.com.ar\/portalurbano\/\",\"name\":\"\",\"description\":\"\",\"publisher\":{\"@id\":\"https:\/\/experienciadevida.com.ar\/portalurbano\/#organization\"},\"potentialAction\":[{\"@type\":\"SearchAction\",\"target\":{\"@type\":\"EntryPoint\",\"urlTemplate\":\"https:\/\/experienciadevida.com.ar\/portalurbano\/?s={search_term_string}\"},\"query-input\":\"required name=search_term_string\"}],\"inLanguage\":\"es\"},{\"@type\":\"Organization\",\"@id\":\"https:\/\/experienciadevida.com.ar\/portalurbano\/#organization\",\"name\":\"Portal Urbano\",\"url\":\"https:\/\/experienciadevida.com.ar\/portalurbano\/\",\"logo\":{\"@type\":\"ImageObject\",\"inLanguage\":\"es\",\"@id\":\"https:\/\/experienciadevida.com.ar\/portalurbano\/#\/schema\/logo\/image\/\",\"url\":\"https:\/\/experienciadevida.com.ar\/portalurbano\/wp-content\/uploads\/2019\/09\/Logo-Original.png\",\"contentUrl\":\"https:\/\/experienciadevida.com.ar\/portalurbano\/wp-content\/uploads\/2019\/09\/Logo-Original.png\",\"width\":2236,\"height\":1216,\"caption\":\"Portal Urbano\"},\"image\":{\"@id\":\"https:\/\/experienciadevida.com.ar\/portalurbano\/#\/schema\/logo\/image\/\"},\"sameAs\":[\"https:\/\/www.facebook.com\/Portal-Urbano-171542830093757\/\",\"https:\/\/twitter.com\/portalurbanook\",\"https:\/\/www.instagram.com\/_portalurbano\/\",\"https:\/\/www.youtube.com\/channel\/UCXhagIfszH8KxFiOok79zbA?view_as=subscriber\"]},{\"@type\":\"Person\",\"@id\":\"https:\/\/experienciadevida.com.ar\/portalurbano\/#\/schema\/person\/02dd326b1c4b056e9cc972486934a3a7\",\"name\":\"admpu17wp\",\"image\":{\"@type\":\"ImageObject\",\"inLanguage\":\"es\",\"@id\":\"https:\/\/experienciadevida.com.ar\/portalurbano\/#\/schema\/person\/image\/\",\"url\":\"https:\/\/secure.gravatar.com\/avatar\/830d4c57adaae6630765e449a6908047?s=96&d=mm&r=g\",\"contentUrl\":\"https:\/\/secure.gravatar.com\/avatar\/830d4c57adaae6630765e449a6908047?s=96&d=mm&r=g\",\"caption\":\"admpu17wp\"}}]}<\/script>\n<!-- \/ Yoast SEO plugin. -->","yoast_head_json":{"title":"Callejeadas Sierras Bayas realiz\u00f3 numerosas actividades en marzo","description":"Callejeadas Sierras Bayas realiz\u00f3 numerosas actividades en marzo, en Sierras Bayas se llevaron a cabo durante el pasado mes de marzo","robots":{"index":"index","follow":"follow","max-snippet":"max-snippet:-1","max-image-preview":"max-image-preview:large","max-video-preview":"max-video-preview:-1"},"canonical":"https:\/\/experienciadevida.com.ar\/portalurbano\/callejeadas-sierras-bayas-realizo-numerosas-actividades-en-marzo\/","og_locale":"es_ES","og_type":"article","og_title":"Callejeadas Sierras Bayas realiz\u00f3 numerosas actividades en marzo","og_description":"Callejeadas Sierras Bayas realiz\u00f3 numerosas actividades en marzo, en Sierras Bayas se llevaron a cabo durante el pasado mes de marzo","og_url":"https:\/\/experienciadevida.com.ar\/portalurbano\/callejeadas-sierras-bayas-realizo-numerosas-actividades-en-marzo\/","article_publisher":"https:\/\/www.facebook.com\/Portal-Urbano-171542830093757\/","article_published_time":"2022-04-04T13:41:37+00:00","article_modified_time":"2022-04-04T13:43:45+00:00","og_image":[{"width":1772,"height":1181,"url":"https:\/\/experienciadevida.com.ar\/portalurbano\/wp-content\/uploads\/2022\/04\/Callejeadas-Sierras-Bayas-realizo.jpg","type":"image\/jpeg"}],"author":"admpu17wp","twitter_card":"summary_large_image","twitter_creator":"@portalurbanook","twitter_site":"@portalurbanook","twitter_misc":{"Escrito por":"admpu17wp","Tiempo de lectura":"2 minutos"},"schema":{"@context":"https:\/\/schema.org","@graph":[{"@type":"Article","@id":"https:\/\/experienciadevida.com.ar\/portalurbano\/callejeadas-sierras-bayas-realizo-numerosas-actividades-en-marzo\/#article","isPartOf":{"@id":"https:\/\/experienciadevida.com.ar\/portalurbano\/callejeadas-sierras-bayas-realizo-numerosas-actividades-en-marzo\/"},"author":{"name":"admpu17wp","@id":"https:\/\/experienciadevida.com.ar\/portalurbano\/#\/schema\/person\/02dd326b1c4b056e9cc972486934a3a7"},"headline":"Callejeadas Sierras Bayas realiz\u00f3 numerosas actividades en marzo","datePublished":"2022-04-04T13:41:37+00:00","dateModified":"2022-04-04T13:43:45+00:00","mainEntityOfPage":{"@id":"https:\/\/experienciadevida.com.ar\/portalurbano\/callejeadas-sierras-bayas-realizo-numerosas-actividades-en-marzo\/"},"wordCount":190,"publisher":{"@id":"https:\/\/experienciadevida.com.ar\/portalurbano\/#organization"},"articleSection":["Ciudad"],"inLanguage":"es"},{"@type":"WebPage","@id":"https:\/\/experienciadevida.com.ar\/portalurbano\/callejeadas-sierras-bayas-realizo-numerosas-actividades-en-marzo\/","url":"https:\/\/experienciadevida.com.ar\/portalurbano\/callejeadas-sierras-bayas-realizo-numerosas-actividades-en-marzo\/","name":"Callejeadas Sierras Bayas realiz\u00f3 numerosas actividades en marzo","isPartOf":{"@id":"https:\/\/experienciadevida.com.ar\/portalurbano\/#website"},"datePublished":"2022-04-04T13:41:37+00:00","dateModified":"2022-04-04T13:43:45+00:00","description":"Callejeadas Sierras Bayas realiz\u00f3 numerosas actividades en marzo, en Sierras Bayas se llevaron a cabo durante el pasado mes de marzo","breadcrumb":{"@id":"https:\/\/experienciadevida.com.ar\/portalurbano\/callejeadas-sierras-bayas-realizo-numerosas-actividades-en-marzo\/#breadcrumb"},"inLanguage":"es","potentialAction":[{"@type":"ReadAction","target":["https:\/\/experienciadevida.com.ar\/portalurbano\/callejeadas-sierras-bayas-realizo-numerosas-actividades-en-marzo\/"]}]},{"@type":"BreadcrumbList","@id":"https:\/\/experienciadevida.com.ar\/portalurbano\/callejeadas-sierras-bayas-realizo-numerosas-actividades-en-marzo\/#breadcrumb","itemListElement":[{"@type":"ListItem","position":1,"name":"Portada","item":"https:\/\/experienciadevida.com.ar\/portalurbano\/"},{"@type":"ListItem","position":2,"name":"Callejeadas Sierras Bayas realiz\u00f3 numerosas actividades en marzo"}]},{"@type":"WebSite","@id":"https:\/\/experienciadevida.com.ar\/portalurbano\/#website","url":"https:\/\/experienciadevida.com.ar\/portalurbano\/","name":"","description":"","publisher":{"@id":"https:\/\/experienciadevida.com.ar\/portalurbano\/#organization"},"potentialAction":[{"@type":"SearchAction","target":{"@type":"EntryPoint","urlTemplate":"https:\/\/experienciadevida.com.ar\/portalurbano\/?s={search_term_string}"},"query-input":"required name=search_term_string"}],"inLanguage":"es"},{"@type":"Organization","@id":"https:\/\/experienciadevida.com.ar\/portalurbano\/#organization","name":"Portal Urbano","url":"https:\/\/experienciadevida.com.ar\/portalurbano\/","logo":{"@type":"ImageObject","inLanguage":"es","@id":"https:\/\/experienciadevida.com.ar\/portalurbano\/#\/schema\/logo\/image\/","url":"https:\/\/experienciadevida.com.ar\/portalurbano\/wp-content\/uploads\/2019\/09\/Logo-Original.png","contentUrl":"https:\/\/experienciadevida.com.ar\/portalurbano\/wp-content\/uploads\/2019\/09\/Logo-Original.png","width":2236,"height":1216,"caption":"Portal Urbano"},"image":{"@id":"https:\/\/experienciadevida.com.ar\/portalurbano\/#\/schema\/logo\/image\/"},"sameAs":["https:\/\/www.facebook.com\/Portal-Urbano-171542830093757\/","https:\/\/twitter.com\/portalurbanook","https:\/\/www.instagram.com\/_portalurbano\/","https:\/\/www.youtube.com\/channel\/UCXhagIfszH8KxFiOok79zbA?view_as=subscriber"]},{"@type":"Person","@id":"https:\/\/experienciadevida.com.ar\/portalurbano\/#\/schema\/person\/02dd326b1c4b056e9cc972486934a3a7","name":"admpu17wp","image":{"@type":"ImageObject","inLanguage":"es","@id":"https:\/\/experienciadevida.com.ar\/portalurbano\/#\/schema\/person\/image\/","url":"https:\/\/secure.gravatar.com\/avatar\/830d4c57adaae6630765e449a6908047?s=96&d=mm&r=g","contentUrl":"https:\/\/secure.gravatar.com\/avatar\/830d4c57adaae6630765e449a6908047?s=96&d=mm&r=g","caption":"admpu17wp"}}]}},"featured_image_urls":{"full":["https:\/\/experienciadevida.com.ar\/portalurbano\/wp-content\/uploads\/2022\/04\/Callejeadas-Sierras-Bayas-realizo.jpg",1772,1181,false],"thumbnail":["https:\/\/experienciadevida.com.ar\/portalurbano\/wp-content\/uploads\/2022\/04\/Callejeadas-Sierras-Bayas-realizo-150x150.jpg",150,150,true],"medium":["https:\/\/experienciadevida.com.ar\/portalurbano\/wp-content\/uploads\/2022\/04\/Callejeadas-Sierras-Bayas-realizo-300x200.jpg",300,200,true],"medium_large":["https:\/\/experienciadevida.com.ar\/portalurbano\/wp-content\/uploads\/2022\/04\/Callejeadas-Sierras-Bayas-realizo-768x512.jpg",640,427,true],"large":["https:\/\/experienciadevida.com.ar\/portalurbano\/wp-content\/uploads\/2022\/04\/Callejeadas-Sierras-Bayas-realizo-1024x682.jpg",640,426,true],"ug_big":["https:\/\/experienciadevida.com.ar\/portalurbano\/wp-content\/uploads\/2022\/04\/Callejeadas-Sierras-Bayas-realizo-768x512.jpg",768,512,true],"1536x1536":["https:\/\/experienciadevida.com.ar\/portalurbano\/wp-content\/uploads\/2022\/04\/Callejeadas-Sierras-Bayas-realizo-1536x1024.jpg",1536,1024,true],"2048x2048":["https:\/\/experienciadevida.com.ar\/portalurbano\/wp-content\/uploads\/2022\/04\/Callejeadas-Sierras-Bayas-realizo.jpg",1772,1181,false],"newsever-slider-full":["https:\/\/experienciadevida.com.ar\/portalurbano\/wp-content\/uploads\/2022\/04\/Callejeadas-Sierras-Bayas-realizo.jpg",1268,845,false],"newsever-featured":["https:\/\/experienciadevida.com.ar\/portalurbano\/wp-content\/uploads\/2022\/04\/Callejeadas-Sierras-Bayas-realizo.jpg",1024,682,false],"newsever-medium":["https:\/\/experienciadevida.com.ar\/portalurbano\/wp-content\/uploads\/2022\/04\/Callejeadas-Sierras-Bayas-realizo.jpg",713,475,false],"web-stories-poster-portrait":["https:\/\/experienciadevida.com.ar\/portalurbano\/wp-content\/uploads\/2022\/04\/Callejeadas-Sierras-Bayas-realizo.jpg",640,427,false],"web-stories-publisher-logo":["https:\/\/experienciadevida.com.ar\/portalurbano\/wp-content\/uploads\/2022\/04\/Callejeadas-Sierras-Bayas-realizo.jpg",96,64,false],"web-stories-thumbnail":["https:\/\/experienciadevida.com.ar\/portalurbano\/wp-content\/uploads\/2022\/04\/Callejeadas-Sierras-Bayas-realizo.jpg",150,100,false]},"author_info":{"display_name":"admpu17wp","author_link":"https:\/\/experienciadevida.com.ar\/portalurbano\/author\/admpu17wp\/"},"category_info":"<a href=\"https:\/\/experienciadevida.com.ar\/portalurbano\/category\/ciudad\/\" rel=\"category tag\">Ciudad<\/a>","tag_info":"Ciudad","comment_count":"0","amp_enabled":true,"_links":{"self":[{"href":"https:\/\/experienciadevida.com.ar\/portalurbano\/wp-json\/wp\/v2\/posts\/164931"}],"collection":[{"href":"https:\/\/experienciadevida.com.ar\/portalurbano\/wp-json\/wp\/v2\/posts"}],"about":[{"href":"https:\/\/experienciadevida.com.ar\/portalurbano\/wp-json\/wp\/v2\/types\/post"}],"author":[{"embeddable":true,"href":"https:\/\/experienciadevida.com.ar\/portalurbano\/wp-json\/wp\/v2\/users\/1"}],"replies":[{"embeddable":true,"href":"https:\/\/experienciadevida.com.ar\/portalurbano\/wp-json\/wp\/v2\/comments?post=164931"}],"version-history":[{"count":3,"href":"https:\/\/experienciadevida.com.ar\/portalurbano\/wp-json\/wp\/v2\/posts\/164931\/revisions"}],"predecessor-version":[{"id":164937,"href":"https:\/\/experienciadevida.com.ar\/portalurbano\/wp-json\/wp\/v2\/posts\/164931\/revisions\/164937"}],"wp:featuredmedia":[{"embeddable":true,"href":"https:\/\/experienciadevida.com.ar\/portalurbano\/wp-json\/wp\/v2\/media\/164934"}],"wp:attachment":[{"href":"https:\/\/experienciadevida.com.ar\/portalurbano\/wp-json\/wp\/v2\/media?parent=164931"}],"wp:term":[{"taxonomy":"category","embeddable":true,"href":"https:\/\/experienciadevida.com.ar\/portalurbano\/wp-json\/wp\/v2\/categories?post=164931"},{"taxonomy":"post_tag","embeddable":true,"href":"https:\/\/experienciadevida.com.ar\/portalurbano\/wp-json\/wp\/v2\/tags?post=164931"}],"curies":[{"name":"wp","href":"https:\/\/api.w.org\/{rel}","templated":true}]}}