{"id":164911,"date":"2022-04-04T08:20:55","date_gmt":"2022-04-04T11:20:55","guid":{"rendered":"https:\/\/experienciadevida.com.ar\/portalurbano\/?p=164911"},"modified":"2022-04-04T08:30:45","modified_gmt":"2022-04-04T11:30:45","slug":"a-partir-de-este-lunes-los-bancos-atienden-desde-las-10-de-la-manana","status":"publish","type":"post","link":"https:\/\/experienciadevida.com.ar\/portalurbano\/a-partir-de-este-lunes-los-bancos-atienden-desde-las-10-de-la-manana\/","title":{"rendered":"A partir de este lunes los Bancos atienden desde las 10 de la ma\u00f1ana"},"content":{"rendered":"<p>A partir de este lunes los Bancos atienden desde las 10 de la ma\u00f1ana, y cerrar\u00e1 a las 15hs.<\/p>\n<p>Es importante mencionar por otro lado, que a\u00fan convive el sistema mixto de atenci\u00f3n, ya que se emiten turnos pero tambi\u00e9n se puede concurrir sin turno, es decir, a demanda.<\/p>\n<p>Entre noviembre y marzo, los bancos ubicados en gran parte del interior provincial abrieron sus puertas en un horario especial de verano que iba de 8 a 13.<\/p>\n<p>Tras el fin del horario de verano que arranc\u00f3 en noviembre \u00faltimo, las entidades financieras abrir\u00e1n desde el lunes 4 de abril en el horario habitual de 10 a 15 en todo el territorio provincial. De esta manera, Banco Provincia unifica la atenci\u00f3n en sus 420 sucursales.<\/p>\n<p>El cambio de horario no generar\u00e1 modificaci\u00f3n en los turnos asignados, ya que los pedidos de abril en adelante fueron otorgados de acuerdo con la franja de 10 a 15.<\/p>\n<p>El horario de verano se estableci\u00f3 el 17 de noviembre \u00faltimo a trav\u00e9s de un decreto del Poder Ejecutivo bonaerense, que dispuso la apertura de los bancos entre las 8 y las 13 en m\u00e1s de 106 distritos del interior de la Provincia hasta el 3 de abril.<\/p>\n<p>La medida fue de aplicaci\u00f3n exclusiva en los distritos que se adhirieron a esta resoluci\u00f3n oficial del gobierno provincial, ideada para cuidar a las personas de la exposici\u00f3n a las altas temperaturas veraniegas.<\/p>\n<p>Con y sin turnos:<\/p>\n<p>Si bien desde noviembre de 2021 las sucursales incorporaron la modalidad de atenci\u00f3n mixta, que permite a las personas acudir en forma presencial con o sin turnos, Banco Provincia siempre recomienda optar por una cita previa para ahorrar tiempo en las operaciones.<\/p>\n<p>Asimismo, siempre se mantienen vigentes los 6 canales digitales para operar sin ir al banco, como Cuenta DNI, Banca Internet Provincia BIP y muchas m\u00e1s.<\/p>\n<p>Foto: p\u00e1gina web del Banco Provincia<\/p>\n","protected":false},"excerpt":{"rendered":"<p>A partir de este lunes los Bancos atienden desde las 10 de la ma\u00f1ana, y&#8230;<\/p>\n","protected":false},"author":1,"featured_media":164912,"comment_status":"closed","ping_status":"closed","sticky":false,"template":"","format":"standard","meta":{"content-type":""},"categories":[27,51],"tags":[],"nelio_content":{"isAutoShareEnabled":false,"autoShareEndMode":"default","automationSources":{"useContentSentences":true,"useSocialTemplates":true,"useCustomSentences":false,"customSentences":[]},"followers":[1],"suggestedReferences":[],"includedReferences":[],"efiUrl":"","efiAlt":"","highlights":[]},"yoast_head":"<!-- This site is optimized with the Yoast SEO plugin v20.7 - https:\/\/yoast.com\/wordpress\/plugins\/seo\/ -->\n<title>A partir de este lunes los bancos atienden desde las 10 de la ma\u00f1ana<\/title>\n<meta name=\"description\" content=\"A partir de este lunes los Bancos atienden desde las 10 de la ma\u00f1ana, y cerrar\u00e1 a las 15hs,a\u00fan convive el sistema mixto de atenci\u00f3n\" \/>\n<meta name=\"robots\" content=\"index, follow, max-snippet:-1, max-image-preview:large, max-video-preview:-1\" \/>\n<link rel=\"canonical\" href=\"https:\/\/experienciadevida.com.ar\/portalurbano\/a-partir-de-este-lunes-los-bancos-atienden-desde-las-10-de-la-manana\/\" \/>\n<meta property=\"og:locale\" content=\"es_ES\" \/>\n<meta property=\"og:type\" content=\"article\" \/>\n<meta property=\"og:title\" content=\"A partir de este lunes los bancos atienden desde las 10 de la ma\u00f1ana\" \/>\n<meta property=\"og:description\" content=\"A partir de este lunes los Bancos atienden desde las 10 de la ma\u00f1ana, y cerrar\u00e1 a las 15hs,a\u00fan convive el sistema mixto de atenci\u00f3n\" \/>\n<meta property=\"og:url\" content=\"https:\/\/experienciadevida.com.ar\/portalurbano\/a-partir-de-este-lunes-los-bancos-atienden-desde-las-10-de-la-manana\/\" \/>\n<meta property=\"article:publisher\" content=\"https:\/\/www.facebook.com\/Portal-Urbano-171542830093757\/\" \/>\n<meta property=\"article:published_time\" content=\"2022-04-04T11:20:55+00:00\" \/>\n<meta property=\"article:modified_time\" content=\"2022-04-04T11:30:45+00:00\" \/>\n<meta property=\"og:image\" content=\"https:\/\/experienciadevida.com.ar\/portalurbano\/wp-content\/uploads\/2022\/04\/A-partir-de-este-.png\" \/>\n\t<meta property=\"og:image:width\" content=\"1126\" \/>\n\t<meta property=\"og:image:height\" content=\"493\" \/>\n\t<meta property=\"og:image:type\" content=\"image\/png\" \/>\n<meta name=\"author\" content=\"admpu17wp\" \/>\n<meta name=\"twitter:card\" content=\"summary_large_image\" \/>\n<meta name=\"twitter:creator\" content=\"@portalurbanook\" \/>\n<meta name=\"twitter:site\" content=\"@portalurbanook\" \/>\n<meta name=\"twitter:label1\" content=\"Escrito por\" \/>\n\t<meta name=\"twitter:data1\" content=\"admpu17wp\" \/>\n\t<meta name=\"twitter:label2\" content=\"Tiempo de lectura\" \/>\n\t<meta name=\"twitter:data2\" content=\"2 minutos\" \/>\n<script type=\"application\/ld+json\" class=\"yoast-schema-graph\">{\"@context\":\"https:\/\/schema.org\",\"@graph\":[{\"@type\":\"Article\",\"@id\":\"https:\/\/experienciadevida.com.ar\/portalurbano\/a-partir-de-este-lunes-los-bancos-atienden-desde-las-10-de-la-manana\/#article\",\"isPartOf\":{\"@id\":\"https:\/\/experienciadevida.com.ar\/portalurbano\/a-partir-de-este-lunes-los-bancos-atienden-desde-las-10-de-la-manana\/\"},\"author\":{\"name\":\"admpu17wp\",\"@id\":\"https:\/\/experienciadevida.com.ar\/portalurbano\/#\/schema\/person\/02dd326b1c4b056e9cc972486934a3a7\"},\"headline\":\"A partir de este lunes los Bancos atienden desde las 10 de la ma\u00f1ana\",\"datePublished\":\"2022-04-04T11:20:55+00:00\",\"dateModified\":\"2022-04-04T11:30:45+00:00\",\"mainEntityOfPage\":{\"@id\":\"https:\/\/experienciadevida.com.ar\/portalurbano\/a-partir-de-este-lunes-los-bancos-atienden-desde-las-10-de-la-manana\/\"},\"wordCount\":325,\"publisher\":{\"@id\":\"https:\/\/experienciadevida.com.ar\/portalurbano\/#organization\"},\"articleSection\":[\"Ciudad\",\"Destacadas\"],\"inLanguage\":\"es\"},{\"@type\":\"WebPage\",\"@id\":\"https:\/\/experienciadevida.com.ar\/portalurbano\/a-partir-de-este-lunes-los-bancos-atienden-desde-las-10-de-la-manana\/\",\"url\":\"https:\/\/experienciadevida.com.ar\/portalurbano\/a-partir-de-este-lunes-los-bancos-atienden-desde-las-10-de-la-manana\/\",\"name\":\"A partir de este lunes los bancos atienden desde las 10 de la ma\u00f1ana\",\"isPartOf\":{\"@id\":\"https:\/\/experienciadevida.com.ar\/portalurbano\/#website\"},\"datePublished\":\"2022-04-04T11:20:55+00:00\",\"dateModified\":\"2022-04-04T11:30:45+00:00\",\"description\":\"A partir de este lunes los Bancos atienden desde las 10 de la ma\u00f1ana, y cerrar\u00e1 a las 15hs,a\u00fan convive el sistema mixto de atenci\u00f3n\",\"breadcrumb\":{\"@id\":\"https:\/\/experienciadevida.com.ar\/portalurbano\/a-partir-de-este-lunes-los-bancos-atienden-desde-las-10-de-la-manana\/#breadcrumb\"},\"inLanguage\":\"es\",\"potentialAction\":[{\"@type\":\"ReadAction\",\"target\":[\"https:\/\/experienciadevida.com.ar\/portalurbano\/a-partir-de-este-lunes-los-bancos-atienden-desde-las-10-de-la-manana\/\"]}]},{\"@type\":\"BreadcrumbList\",\"@id\":\"https:\/\/experienciadevida.com.ar\/portalurbano\/a-partir-de-este-lunes-los-bancos-atienden-desde-las-10-de-la-manana\/#breadcrumb\",\"itemListElement\":[{\"@type\":\"ListItem\",\"position\":1,\"name\":\"Portada\",\"item\":\"https:\/\/experienciadevida.com.ar\/portalurbano\/\"},{\"@type\":\"ListItem\",\"position\":2,\"name\":\"A partir de este lunes los Bancos atienden desde las 10 de la ma\u00f1ana\"}]},{\"@type\":\"WebSite\",\"@id\":\"https:\/\/experienciadevida.com.ar\/portalurbano\/#website\",\"url\":\"https:\/\/experienciadevida.com.ar\/portalurbano\/\",\"name\":\"\",\"description\":\"\",\"publisher\":{\"@id\":\"https:\/\/experienciadevida.com.ar\/portalurbano\/#organization\"},\"potentialAction\":[{\"@type\":\"SearchAction\",\"target\":{\"@type\":\"EntryPoint\",\"urlTemplate\":\"https:\/\/experienciadevida.com.ar\/portalurbano\/?s={search_term_string}\"},\"query-input\":\"required name=search_term_string\"}],\"inLanguage\":\"es\"},{\"@type\":\"Organization\",\"@id\":\"https:\/\/experienciadevida.com.ar\/portalurbano\/#organization\",\"name\":\"Portal Urbano\",\"url\":\"https:\/\/experienciadevida.com.ar\/portalurbano\/\",\"logo\":{\"@type\":\"ImageObject\",\"inLanguage\":\"es\",\"@id\":\"https:\/\/experienciadevida.com.ar\/portalurbano\/#\/schema\/logo\/image\/\",\"url\":\"https:\/\/experienciadevida.com.ar\/portalurbano\/wp-content\/uploads\/2019\/09\/Logo-Original.png\",\"contentUrl\":\"https:\/\/experienciadevida.com.ar\/portalurbano\/wp-content\/uploads\/2019\/09\/Logo-Original.png\",\"width\":2236,\"height\":1216,\"caption\":\"Portal Urbano\"},\"image\":{\"@id\":\"https:\/\/experienciadevida.com.ar\/portalurbano\/#\/schema\/logo\/image\/\"},\"sameAs\":[\"https:\/\/www.facebook.com\/Portal-Urbano-171542830093757\/\",\"https:\/\/twitter.com\/portalurbanook\",\"https:\/\/www.instagram.com\/_portalurbano\/\",\"https:\/\/www.youtube.com\/channel\/UCXhagIfszH8KxFiOok79zbA?view_as=subscriber\"]},{\"@type\":\"Person\",\"@id\":\"https:\/\/experienciadevida.com.ar\/portalurbano\/#\/schema\/person\/02dd326b1c4b056e9cc972486934a3a7\",\"name\":\"admpu17wp\",\"image\":{\"@type\":\"ImageObject\",\"inLanguage\":\"es\",\"@id\":\"https:\/\/experienciadevida.com.ar\/portalurbano\/#\/schema\/person\/image\/\",\"url\":\"https:\/\/secure.gravatar.com\/avatar\/830d4c57adaae6630765e449a6908047?s=96&d=mm&r=g\",\"contentUrl\":\"https:\/\/secure.gravatar.com\/avatar\/830d4c57adaae6630765e449a6908047?s=96&d=mm&r=g\",\"caption\":\"admpu17wp\"}}]}<\/script>\n<!-- \/ Yoast SEO plugin. -->","yoast_head_json":{"title":"A partir de este lunes los bancos atienden desde las 10 de la ma\u00f1ana","description":"A partir de este lunes los Bancos atienden desde las 10 de la ma\u00f1ana, y cerrar\u00e1 a las 15hs,a\u00fan convive el sistema mixto de atenci\u00f3n","robots":{"index":"index","follow":"follow","max-snippet":"max-snippet:-1","max-image-preview":"max-image-preview:large","max-video-preview":"max-video-preview:-1"},"canonical":"https:\/\/experienciadevida.com.ar\/portalurbano\/a-partir-de-este-lunes-los-bancos-atienden-desde-las-10-de-la-manana\/","og_locale":"es_ES","og_type":"article","og_title":"A partir de este lunes los bancos atienden desde las 10 de la ma\u00f1ana","og_description":"A partir de este lunes los Bancos atienden desde las 10 de la ma\u00f1ana, y cerrar\u00e1 a las 15hs,a\u00fan convive el sistema mixto de atenci\u00f3n","og_url":"https:\/\/experienciadevida.com.ar\/portalurbano\/a-partir-de-este-lunes-los-bancos-atienden-desde-las-10-de-la-manana\/","article_publisher":"https:\/\/www.facebook.com\/Portal-Urbano-171542830093757\/","article_published_time":"2022-04-04T11:20:55+00:00","article_modified_time":"2022-04-04T11:30:45+00:00","og_image":[{"width":1126,"height":493,"url":"https:\/\/experienciadevida.com.ar\/portalurbano\/wp-content\/uploads\/2022\/04\/A-partir-de-este-.png","type":"image\/png"}],"author":"admpu17wp","twitter_card":"summary_large_image","twitter_creator":"@portalurbanook","twitter_site":"@portalurbanook","twitter_misc":{"Escrito por":"admpu17wp","Tiempo de lectura":"2 minutos"},"schema":{"@context":"https:\/\/schema.org","@graph":[{"@type":"Article","@id":"https:\/\/experienciadevida.com.ar\/portalurbano\/a-partir-de-este-lunes-los-bancos-atienden-desde-las-10-de-la-manana\/#article","isPartOf":{"@id":"https:\/\/experienciadevida.com.ar\/portalurbano\/a-partir-de-este-lunes-los-bancos-atienden-desde-las-10-de-la-manana\/"},"author":{"name":"admpu17wp","@id":"https:\/\/experienciadevida.com.ar\/portalurbano\/#\/schema\/person\/02dd326b1c4b056e9cc972486934a3a7"},"headline":"A partir de este lunes los Bancos atienden desde las 10 de la ma\u00f1ana","datePublished":"2022-04-04T11:20:55+00:00","dateModified":"2022-04-04T11:30:45+00:00","mainEntityOfPage":{"@id":"https:\/\/experienciadevida.com.ar\/portalurbano\/a-partir-de-este-lunes-los-bancos-atienden-desde-las-10-de-la-manana\/"},"wordCount":325,"publisher":{"@id":"https:\/\/experienciadevida.com.ar\/portalurbano\/#organization"},"articleSection":["Ciudad","Destacadas"],"inLanguage":"es"},{"@type":"WebPage","@id":"https:\/\/experienciadevida.com.ar\/portalurbano\/a-partir-de-este-lunes-los-bancos-atienden-desde-las-10-de-la-manana\/","url":"https:\/\/experienciadevida.com.ar\/portalurbano\/a-partir-de-este-lunes-los-bancos-atienden-desde-las-10-de-la-manana\/","name":"A partir de este lunes los bancos atienden desde las 10 de la ma\u00f1ana","isPartOf":{"@id":"https:\/\/experienciadevida.com.ar\/portalurbano\/#website"},"datePublished":"2022-04-04T11:20:55+00:00","dateModified":"2022-04-04T11:30:45+00:00","description":"A partir de este lunes los Bancos atienden desde las 10 de la ma\u00f1ana, y cerrar\u00e1 a las 15hs,a\u00fan convive el sistema mixto de atenci\u00f3n","breadcrumb":{"@id":"https:\/\/experienciadevida.com.ar\/portalurbano\/a-partir-de-este-lunes-los-bancos-atienden-desde-las-10-de-la-manana\/#breadcrumb"},"inLanguage":"es","potentialAction":[{"@type":"ReadAction","target":["https:\/\/experienciadevida.com.ar\/portalurbano\/a-partir-de-este-lunes-los-bancos-atienden-desde-las-10-de-la-manana\/"]}]},{"@type":"BreadcrumbList","@id":"https:\/\/experienciadevida.com.ar\/portalurbano\/a-partir-de-este-lunes-los-bancos-atienden-desde-las-10-de-la-manana\/#breadcrumb","itemListElement":[{"@type":"ListItem","position":1,"name":"Portada","item":"https:\/\/experienciadevida.com.ar\/portalurbano\/"},{"@type":"ListItem","position":2,"name":"A partir de este lunes los Bancos atienden desde las 10 de la ma\u00f1ana"}]},{"@type":"WebSite","@id":"https:\/\/experienciadevida.com.ar\/portalurbano\/#website","url":"https:\/\/experienciadevida.com.ar\/portalurbano\/","name":"","description":"","publisher":{"@id":"https:\/\/experienciadevida.com.ar\/portalurbano\/#organization"},"potentialAction":[{"@type":"SearchAction","target":{"@type":"EntryPoint","urlTemplate":"https:\/\/experienciadevida.com.ar\/portalurbano\/?s={search_term_string}"},"query-input":"required name=search_term_string"}],"inLanguage":"es"},{"@type":"Organization","@id":"https:\/\/experienciadevida.com.ar\/portalurbano\/#organization","name":"Portal Urbano","url":"https:\/\/experienciadevida.com.ar\/portalurbano\/","logo":{"@type":"ImageObject","inLanguage":"es","@id":"https:\/\/experienciadevida.com.ar\/portalurbano\/#\/schema\/logo\/image\/","url":"https:\/\/experienciadevida.com.ar\/portalurbano\/wp-content\/uploads\/2019\/09\/Logo-Original.png","contentUrl":"https:\/\/experienciadevida.com.ar\/portalurbano\/wp-content\/uploads\/2019\/09\/Logo-Original.png","width":2236,"height":1216,"caption":"Portal Urbano"},"image":{"@id":"https:\/\/experienciadevida.com.ar\/portalurbano\/#\/schema\/logo\/image\/"},"sameAs":["https:\/\/www.facebook.com\/Portal-Urbano-171542830093757\/","https:\/\/twitter.com\/portalurbanook","https:\/\/www.instagram.com\/_portalurbano\/","https:\/\/www.youtube.com\/channel\/UCXhagIfszH8KxFiOok79zbA?view_as=subscriber"]},{"@type":"Person","@id":"https:\/\/experienciadevida.com.ar\/portalurbano\/#\/schema\/person\/02dd326b1c4b056e9cc972486934a3a7","name":"admpu17wp","image":{"@type":"ImageObject","inLanguage":"es","@id":"https:\/\/experienciadevida.com.ar\/portalurbano\/#\/schema\/person\/image\/","url":"https:\/\/secure.gravatar.com\/avatar\/830d4c57adaae6630765e449a6908047?s=96&d=mm&r=g","contentUrl":"https:\/\/secure.gravatar.com\/avatar\/830d4c57adaae6630765e449a6908047?s=96&d=mm&r=g","caption":"admpu17wp"}}]}},"featured_image_urls":{"full":["https:\/\/experienciadevida.com.ar\/portalurbano\/wp-content\/uploads\/2022\/04\/A-partir-de-este-.png",1126,493,false],"thumbnail":["https:\/\/experienciadevida.com.ar\/portalurbano\/wp-content\/uploads\/2022\/04\/A-partir-de-este--150x150.png",150,150,true],"medium":["https:\/\/experienciadevida.com.ar\/portalurbano\/wp-content\/uploads\/2022\/04\/A-partir-de-este--300x131.png",300,131,true],"medium_large":["https:\/\/experienciadevida.com.ar\/portalurbano\/wp-content\/uploads\/2022\/04\/A-partir-de-este--768x336.png",640,280,true],"large":["https:\/\/experienciadevida.com.ar\/portalurbano\/wp-content\/uploads\/2022\/04\/A-partir-de-este--1024x448.png",640,280,true],"ug_big":["https:\/\/experienciadevida.com.ar\/portalurbano\/wp-content\/uploads\/2022\/04\/A-partir-de-este--768x336.png",768,336,true],"1536x1536":["https:\/\/experienciadevida.com.ar\/portalurbano\/wp-content\/uploads\/2022\/04\/A-partir-de-este-.png",1126,493,false],"2048x2048":["https:\/\/experienciadevida.com.ar\/portalurbano\/wp-content\/uploads\/2022\/04\/A-partir-de-este-.png",1126,493,false],"newsever-slider-full":["https:\/\/experienciadevida.com.ar\/portalurbano\/wp-content\/uploads\/2022\/04\/A-partir-de-este-.png",1126,493,false],"newsever-featured":["https:\/\/experienciadevida.com.ar\/portalurbano\/wp-content\/uploads\/2022\/04\/A-partir-de-este-.png",1024,448,false],"newsever-medium":["https:\/\/experienciadevida.com.ar\/portalurbano\/wp-content\/uploads\/2022\/04\/A-partir-de-este-.png",720,315,false],"web-stories-poster-portrait":["https:\/\/experienciadevida.com.ar\/portalurbano\/wp-content\/uploads\/2022\/04\/A-partir-de-este-.png",640,280,false],"web-stories-publisher-logo":["https:\/\/experienciadevida.com.ar\/portalurbano\/wp-content\/uploads\/2022\/04\/A-partir-de-este-.png",96,42,false],"web-stories-thumbnail":["https:\/\/experienciadevida.com.ar\/portalurbano\/wp-content\/uploads\/2022\/04\/A-partir-de-este-.png",150,66,false]},"author_info":{"display_name":"admpu17wp","author_link":"https:\/\/experienciadevida.com.ar\/portalurbano\/author\/admpu17wp\/"},"category_info":"<a href=\"https:\/\/experienciadevida.com.ar\/portalurbano\/category\/ciudad\/\" rel=\"category tag\">Ciudad<\/a> <a href=\"https:\/\/experienciadevida.com.ar\/portalurbano\/category\/destacadas\/\" rel=\"category tag\">Destacadas<\/a>","tag_info":"Destacadas","comment_count":"0","amp_enabled":true,"_links":{"self":[{"href":"https:\/\/experienciadevida.com.ar\/portalurbano\/wp-json\/wp\/v2\/posts\/164911"}],"collection":[{"href":"https:\/\/experienciadevida.com.ar\/portalurbano\/wp-json\/wp\/v2\/posts"}],"about":[{"href":"https:\/\/experienciadevida.com.ar\/portalurbano\/wp-json\/wp\/v2\/types\/post"}],"author":[{"embeddable":true,"href":"https:\/\/experienciadevida.com.ar\/portalurbano\/wp-json\/wp\/v2\/users\/1"}],"replies":[{"embeddable":true,"href":"https:\/\/experienciadevida.com.ar\/portalurbano\/wp-json\/wp\/v2\/comments?post=164911"}],"version-history":[{"count":1,"href":"https:\/\/experienciadevida.com.ar\/portalurbano\/wp-json\/wp\/v2\/posts\/164911\/revisions"}],"predecessor-version":[{"id":164913,"href":"https:\/\/experienciadevida.com.ar\/portalurbano\/wp-json\/wp\/v2\/posts\/164911\/revisions\/164913"}],"wp:featuredmedia":[{"embeddable":true,"href":"https:\/\/experienciadevida.com.ar\/portalurbano\/wp-json\/wp\/v2\/media\/164912"}],"wp:attachment":[{"href":"https:\/\/experienciadevida.com.ar\/portalurbano\/wp-json\/wp\/v2\/media?parent=164911"}],"wp:term":[{"taxonomy":"category","embeddable":true,"href":"https:\/\/experienciadevida.com.ar\/portalurbano\/wp-json\/wp\/v2\/categories?post=164911"},{"taxonomy":"post_tag","embeddable":true,"href":"https:\/\/experienciadevida.com.ar\/portalurbano\/wp-json\/wp\/v2\/tags?post=164911"}],"curies":[{"name":"wp","href":"https:\/\/api.w.org\/{rel}","templated":true}]}}