{"id":164888,"date":"2022-04-03T19:43:17","date_gmt":"2022-04-03T22:43:17","guid":{"rendered":"https:\/\/experienciadevida.com.ar\/portalurbano\/?p=164888"},"modified":"2022-04-03T19:46:04","modified_gmt":"2022-04-03T22:46:04","slug":"venta-irregular-de-terrenos-el-municipio-se-presento-como-particular-damnificado","status":"publish","type":"post","link":"https:\/\/experienciadevida.com.ar\/portalurbano\/venta-irregular-de-terrenos-el-municipio-se-presento-como-particular-damnificado\/","title":{"rendered":"Venta irregular de terrenos: el Municipio se present\u00f3 como particular damnificado"},"content":{"rendered":"<p>Venta irregular de terrenos: el <a href=\"https:\/\/www.facebook.com\/municipiodeolavarria\">Municipio <\/a>se present\u00f3 como particular damnificado, ante los hechos de p\u00fablico conocimiento en la causa de la estafa reiterada por la venta irregular de terrenos, el intendente Ezequiel Galli decidi\u00f3 la suspensi\u00f3n, desde este lunes y hasta que la Justicia esclarezca los hechos, del asesor municipal Mariano Ciancio.<\/p>\n<p>En este sentido, el jefe comunal expres\u00f3: \u00absiempre dije que si un funcionario municipal estaba involucrado en la causa iba a ser separado del cargo hasta que la Justicia determine y es lo que estamos haciendo\u00bb.<\/p>\n<p>Adem\u00e1s, el Municipio de Olavarr\u00eda se present\u00f3 este martes 29 de marzo en el Juzgado de Garant\u00edas N\u00ba 1 como particular damnificado en la causa de la estafa reiterada por la venta irregular de terrenos.<\/p>\n<p>Marcelo Fabbi, el apoderado legal del Municipio, indic\u00f3 que el pasado 22 de marzo de 2022, diligenci\u00f3 un oficio por parte de la UFI N\u00b04 a cargo de la Dra. Paula Serrano, donde se solicit\u00f3 informaci\u00f3n sobre 23 inmuebles sobre los que presuntamente se habr\u00edan efectuado estafas denunciadas en la presente.<\/p>\n<p>De la compulsa de los datos indicado por la UFI se desprende que dos de los inmuebles identificados en el oficio pertenecen al erario Municipal, cuya titularidad se acredit\u00f3 mediante la presentaci\u00f3n de certificados de dominio.<\/p>\n<p>Asimismo, el propio Fabbi indic\u00f3 que ambos inmuebles se encuentran afectados al r\u00e9gimen de tenencias municipales llevados adelante por la Direcci\u00f3n de Regularizaci\u00f3n Dominial.<\/p>\n<p>\u201cComo dijo el intendente Ezequiel Galli, el Municipio estuvo, est\u00e1 y va a estar a disposici\u00f3n de la Justicia en una causa que ha perjudicado a vecinos del Partido de Olavarr\u00eda\u201d, expres\u00f3 el Subsecretario de Legal y T\u00e9cnica.<\/p>\n<p>\u201cConfiamos en el trabajo que est\u00e1 llevando a cabo la Fiscal\u00eda y el Juzgado de Garant\u00edas y es importante respetar la divisi\u00f3n de poderes para poder esclarecer cuanto antes los il\u00edcitos cometidos\u201d, finaliz\u00f3 Fabbi.<\/p>\n","protected":false},"excerpt":{"rendered":"<p>Venta irregular de terrenos: el Municipio se present\u00f3 como particular damnificado, ante los hechos de&#8230;<\/p>\n","protected":false},"author":1,"featured_media":92505,"comment_status":"closed","ping_status":"closed","sticky":false,"template":"","format":"standard","meta":{"content-type":""},"categories":[27,51],"tags":[],"nelio_content":{"isAutoShareEnabled":false,"autoShareEndMode":"default","automationSources":{"useContentSentences":true,"useSocialTemplates":true,"useCustomSentences":false,"customSentences":[]},"followers":[1],"suggestedReferences":[],"includedReferences":[],"efiUrl":"","efiAlt":"","highlights":[]},"yoast_head":"<!-- This site is optimized with the Yoast SEO plugin v20.7 - https:\/\/yoast.com\/wordpress\/plugins\/seo\/ -->\n<title>Venta irregular de terrenos: el Municipio se present\u00f3 como damnificado<\/title>\n<meta name=\"description\" content=\"Venta irregular de terrenos: el Municipio se present\u00f3 como particular damnificado, ante los hechos de p\u00fablico conocimiento\" \/>\n<meta name=\"robots\" content=\"index, follow, max-snippet:-1, max-image-preview:large, max-video-preview:-1\" \/>\n<link rel=\"canonical\" href=\"https:\/\/experienciadevida.com.ar\/portalurbano\/venta-irregular-de-terrenos-el-municipio-se-presento-como-particular-damnificado\/\" \/>\n<meta property=\"og:locale\" content=\"es_ES\" \/>\n<meta property=\"og:type\" content=\"article\" \/>\n<meta property=\"og:title\" content=\"Venta irregular de terrenos: el Municipio se present\u00f3 como damnificado\" \/>\n<meta property=\"og:description\" content=\"Venta irregular de terrenos: el Municipio se present\u00f3 como particular damnificado, ante los hechos de p\u00fablico conocimiento\" \/>\n<meta property=\"og:url\" content=\"https:\/\/experienciadevida.com.ar\/portalurbano\/venta-irregular-de-terrenos-el-municipio-se-presento-como-particular-damnificado\/\" \/>\n<meta property=\"article:publisher\" content=\"https:\/\/www.facebook.com\/Portal-Urbano-171542830093757\/\" \/>\n<meta property=\"article:published_time\" content=\"2022-04-03T22:43:17+00:00\" \/>\n<meta property=\"article:modified_time\" content=\"2022-04-03T22:46:04+00:00\" \/>\n<meta property=\"og:image\" content=\"https:\/\/experienciadevida.com.ar\/portalurbano\/wp-content\/uploads\/2019\/11\/Fachada-Municipalidad-1-1024x682-e1573085296277.jpg\" \/>\n\t<meta property=\"og:image:width\" content=\"750\" \/>\n\t<meta property=\"og:image:height\" content=\"500\" \/>\n\t<meta property=\"og:image:type\" content=\"image\/jpeg\" \/>\n<meta name=\"author\" content=\"admpu17wp\" \/>\n<meta name=\"twitter:card\" content=\"summary_large_image\" \/>\n<meta name=\"twitter:creator\" content=\"@portalurbanook\" \/>\n<meta name=\"twitter:site\" content=\"@portalurbanook\" \/>\n<meta name=\"twitter:label1\" content=\"Escrito por\" \/>\n\t<meta name=\"twitter:data1\" content=\"admpu17wp\" \/>\n\t<meta name=\"twitter:label2\" content=\"Tiempo de lectura\" \/>\n\t<meta name=\"twitter:data2\" content=\"2 minutos\" \/>\n<script type=\"application\/ld+json\" class=\"yoast-schema-graph\">{\"@context\":\"https:\/\/schema.org\",\"@graph\":[{\"@type\":\"Article\",\"@id\":\"https:\/\/experienciadevida.com.ar\/portalurbano\/venta-irregular-de-terrenos-el-municipio-se-presento-como-particular-damnificado\/#article\",\"isPartOf\":{\"@id\":\"https:\/\/experienciadevida.com.ar\/portalurbano\/venta-irregular-de-terrenos-el-municipio-se-presento-como-particular-damnificado\/\"},\"author\":{\"name\":\"admpu17wp\",\"@id\":\"https:\/\/experienciadevida.com.ar\/portalurbano\/#\/schema\/person\/02dd326b1c4b056e9cc972486934a3a7\"},\"headline\":\"Venta irregular de terrenos: el Municipio se present\u00f3 como particular damnificado\",\"datePublished\":\"2022-04-03T22:43:17+00:00\",\"dateModified\":\"2022-04-03T22:46:04+00:00\",\"mainEntityOfPage\":{\"@id\":\"https:\/\/experienciadevida.com.ar\/portalurbano\/venta-irregular-de-terrenos-el-municipio-se-presento-como-particular-damnificado\/\"},\"wordCount\":331,\"publisher\":{\"@id\":\"https:\/\/experienciadevida.com.ar\/portalurbano\/#organization\"},\"articleSection\":[\"Ciudad\",\"Destacadas\"],\"inLanguage\":\"es\"},{\"@type\":\"WebPage\",\"@id\":\"https:\/\/experienciadevida.com.ar\/portalurbano\/venta-irregular-de-terrenos-el-municipio-se-presento-como-particular-damnificado\/\",\"url\":\"https:\/\/experienciadevida.com.ar\/portalurbano\/venta-irregular-de-terrenos-el-municipio-se-presento-como-particular-damnificado\/\",\"name\":\"Venta irregular de terrenos: el Municipio se present\u00f3 como damnificado\",\"isPartOf\":{\"@id\":\"https:\/\/experienciadevida.com.ar\/portalurbano\/#website\"},\"datePublished\":\"2022-04-03T22:43:17+00:00\",\"dateModified\":\"2022-04-03T22:46:04+00:00\",\"description\":\"Venta irregular de terrenos: el Municipio se present\u00f3 como particular damnificado, ante los hechos de p\u00fablico conocimiento\",\"breadcrumb\":{\"@id\":\"https:\/\/experienciadevida.com.ar\/portalurbano\/venta-irregular-de-terrenos-el-municipio-se-presento-como-particular-damnificado\/#breadcrumb\"},\"inLanguage\":\"es\",\"potentialAction\":[{\"@type\":\"ReadAction\",\"target\":[\"https:\/\/experienciadevida.com.ar\/portalurbano\/venta-irregular-de-terrenos-el-municipio-se-presento-como-particular-damnificado\/\"]}]},{\"@type\":\"BreadcrumbList\",\"@id\":\"https:\/\/experienciadevida.com.ar\/portalurbano\/venta-irregular-de-terrenos-el-municipio-se-presento-como-particular-damnificado\/#breadcrumb\",\"itemListElement\":[{\"@type\":\"ListItem\",\"position\":1,\"name\":\"Portada\",\"item\":\"https:\/\/experienciadevida.com.ar\/portalurbano\/\"},{\"@type\":\"ListItem\",\"position\":2,\"name\":\"Venta irregular de terrenos: el Municipio se present\u00f3 como particular damnificado\"}]},{\"@type\":\"WebSite\",\"@id\":\"https:\/\/experienciadevida.com.ar\/portalurbano\/#website\",\"url\":\"https:\/\/experienciadevida.com.ar\/portalurbano\/\",\"name\":\"\",\"description\":\"\",\"publisher\":{\"@id\":\"https:\/\/experienciadevida.com.ar\/portalurbano\/#organization\"},\"potentialAction\":[{\"@type\":\"SearchAction\",\"target\":{\"@type\":\"EntryPoint\",\"urlTemplate\":\"https:\/\/experienciadevida.com.ar\/portalurbano\/?s={search_term_string}\"},\"query-input\":\"required name=search_term_string\"}],\"inLanguage\":\"es\"},{\"@type\":\"Organization\",\"@id\":\"https:\/\/experienciadevida.com.ar\/portalurbano\/#organization\",\"name\":\"Portal Urbano\",\"url\":\"https:\/\/experienciadevida.com.ar\/portalurbano\/\",\"logo\":{\"@type\":\"ImageObject\",\"inLanguage\":\"es\",\"@id\":\"https:\/\/experienciadevida.com.ar\/portalurbano\/#\/schema\/logo\/image\/\",\"url\":\"https:\/\/experienciadevida.com.ar\/portalurbano\/wp-content\/uploads\/2019\/09\/Logo-Original.png\",\"contentUrl\":\"https:\/\/experienciadevida.com.ar\/portalurbano\/wp-content\/uploads\/2019\/09\/Logo-Original.png\",\"width\":2236,\"height\":1216,\"caption\":\"Portal Urbano\"},\"image\":{\"@id\":\"https:\/\/experienciadevida.com.ar\/portalurbano\/#\/schema\/logo\/image\/\"},\"sameAs\":[\"https:\/\/www.facebook.com\/Portal-Urbano-171542830093757\/\",\"https:\/\/twitter.com\/portalurbanook\",\"https:\/\/www.instagram.com\/_portalurbano\/\",\"https:\/\/www.youtube.com\/channel\/UCXhagIfszH8KxFiOok79zbA?view_as=subscriber\"]},{\"@type\":\"Person\",\"@id\":\"https:\/\/experienciadevida.com.ar\/portalurbano\/#\/schema\/person\/02dd326b1c4b056e9cc972486934a3a7\",\"name\":\"admpu17wp\",\"image\":{\"@type\":\"ImageObject\",\"inLanguage\":\"es\",\"@id\":\"https:\/\/experienciadevida.com.ar\/portalurbano\/#\/schema\/person\/image\/\",\"url\":\"https:\/\/secure.gravatar.com\/avatar\/830d4c57adaae6630765e449a6908047?s=96&d=mm&r=g\",\"contentUrl\":\"https:\/\/secure.gravatar.com\/avatar\/830d4c57adaae6630765e449a6908047?s=96&d=mm&r=g\",\"caption\":\"admpu17wp\"}}]}<\/script>\n<!-- \/ Yoast SEO plugin. -->","yoast_head_json":{"title":"Venta irregular de terrenos: el Municipio se present\u00f3 como damnificado","description":"Venta irregular de terrenos: el Municipio se present\u00f3 como particular damnificado, ante los hechos de p\u00fablico conocimiento","robots":{"index":"index","follow":"follow","max-snippet":"max-snippet:-1","max-image-preview":"max-image-preview:large","max-video-preview":"max-video-preview:-1"},"canonical":"https:\/\/experienciadevida.com.ar\/portalurbano\/venta-irregular-de-terrenos-el-municipio-se-presento-como-particular-damnificado\/","og_locale":"es_ES","og_type":"article","og_title":"Venta irregular de terrenos: el Municipio se present\u00f3 como damnificado","og_description":"Venta irregular de terrenos: el Municipio se present\u00f3 como particular damnificado, ante los hechos de p\u00fablico conocimiento","og_url":"https:\/\/experienciadevida.com.ar\/portalurbano\/venta-irregular-de-terrenos-el-municipio-se-presento-como-particular-damnificado\/","article_publisher":"https:\/\/www.facebook.com\/Portal-Urbano-171542830093757\/","article_published_time":"2022-04-03T22:43:17+00:00","article_modified_time":"2022-04-03T22:46:04+00:00","og_image":[{"width":750,"height":500,"url":"https:\/\/experienciadevida.com.ar\/portalurbano\/wp-content\/uploads\/2019\/11\/Fachada-Municipalidad-1-1024x682-e1573085296277.jpg","type":"image\/jpeg"}],"author":"admpu17wp","twitter_card":"summary_large_image","twitter_creator":"@portalurbanook","twitter_site":"@portalurbanook","twitter_misc":{"Escrito por":"admpu17wp","Tiempo de lectura":"2 minutos"},"schema":{"@context":"https:\/\/schema.org","@graph":[{"@type":"Article","@id":"https:\/\/experienciadevida.com.ar\/portalurbano\/venta-irregular-de-terrenos-el-municipio-se-presento-como-particular-damnificado\/#article","isPartOf":{"@id":"https:\/\/experienciadevida.com.ar\/portalurbano\/venta-irregular-de-terrenos-el-municipio-se-presento-como-particular-damnificado\/"},"author":{"name":"admpu17wp","@id":"https:\/\/experienciadevida.com.ar\/portalurbano\/#\/schema\/person\/02dd326b1c4b056e9cc972486934a3a7"},"headline":"Venta irregular de terrenos: el Municipio se present\u00f3 como particular damnificado","datePublished":"2022-04-03T22:43:17+00:00","dateModified":"2022-04-03T22:46:04+00:00","mainEntityOfPage":{"@id":"https:\/\/experienciadevida.com.ar\/portalurbano\/venta-irregular-de-terrenos-el-municipio-se-presento-como-particular-damnificado\/"},"wordCount":331,"publisher":{"@id":"https:\/\/experienciadevida.com.ar\/portalurbano\/#organization"},"articleSection":["Ciudad","Destacadas"],"inLanguage":"es"},{"@type":"WebPage","@id":"https:\/\/experienciadevida.com.ar\/portalurbano\/venta-irregular-de-terrenos-el-municipio-se-presento-como-particular-damnificado\/","url":"https:\/\/experienciadevida.com.ar\/portalurbano\/venta-irregular-de-terrenos-el-municipio-se-presento-como-particular-damnificado\/","name":"Venta irregular de terrenos: el Municipio se present\u00f3 como damnificado","isPartOf":{"@id":"https:\/\/experienciadevida.com.ar\/portalurbano\/#website"},"datePublished":"2022-04-03T22:43:17+00:00","dateModified":"2022-04-03T22:46:04+00:00","description":"Venta irregular de terrenos: el Municipio se present\u00f3 como particular damnificado, ante los hechos de p\u00fablico conocimiento","breadcrumb":{"@id":"https:\/\/experienciadevida.com.ar\/portalurbano\/venta-irregular-de-terrenos-el-municipio-se-presento-como-particular-damnificado\/#breadcrumb"},"inLanguage":"es","potentialAction":[{"@type":"ReadAction","target":["https:\/\/experienciadevida.com.ar\/portalurbano\/venta-irregular-de-terrenos-el-municipio-se-presento-como-particular-damnificado\/"]}]},{"@type":"BreadcrumbList","@id":"https:\/\/experienciadevida.com.ar\/portalurbano\/venta-irregular-de-terrenos-el-municipio-se-presento-como-particular-damnificado\/#breadcrumb","itemListElement":[{"@type":"ListItem","position":1,"name":"Portada","item":"https:\/\/experienciadevida.com.ar\/portalurbano\/"},{"@type":"ListItem","position":2,"name":"Venta irregular de terrenos: el Municipio se present\u00f3 como particular damnificado"}]},{"@type":"WebSite","@id":"https:\/\/experienciadevida.com.ar\/portalurbano\/#website","url":"https:\/\/experienciadevida.com.ar\/portalurbano\/","name":"","description":"","publisher":{"@id":"https:\/\/experienciadevida.com.ar\/portalurbano\/#organization"},"potentialAction":[{"@type":"SearchAction","target":{"@type":"EntryPoint","urlTemplate":"https:\/\/experienciadevida.com.ar\/portalurbano\/?s={search_term_string}"},"query-input":"required name=search_term_string"}],"inLanguage":"es"},{"@type":"Organization","@id":"https:\/\/experienciadevida.com.ar\/portalurbano\/#organization","name":"Portal Urbano","url":"https:\/\/experienciadevida.com.ar\/portalurbano\/","logo":{"@type":"ImageObject","inLanguage":"es","@id":"https:\/\/experienciadevida.com.ar\/portalurbano\/#\/schema\/logo\/image\/","url":"https:\/\/experienciadevida.com.ar\/portalurbano\/wp-content\/uploads\/2019\/09\/Logo-Original.png","contentUrl":"https:\/\/experienciadevida.com.ar\/portalurbano\/wp-content\/uploads\/2019\/09\/Logo-Original.png","width":2236,"height":1216,"caption":"Portal Urbano"},"image":{"@id":"https:\/\/experienciadevida.com.ar\/portalurbano\/#\/schema\/logo\/image\/"},"sameAs":["https:\/\/www.facebook.com\/Portal-Urbano-171542830093757\/","https:\/\/twitter.com\/portalurbanook","https:\/\/www.instagram.com\/_portalurbano\/","https:\/\/www.youtube.com\/channel\/UCXhagIfszH8KxFiOok79zbA?view_as=subscriber"]},{"@type":"Person","@id":"https:\/\/experienciadevida.com.ar\/portalurbano\/#\/schema\/person\/02dd326b1c4b056e9cc972486934a3a7","name":"admpu17wp","image":{"@type":"ImageObject","inLanguage":"es","@id":"https:\/\/experienciadevida.com.ar\/portalurbano\/#\/schema\/person\/image\/","url":"https:\/\/secure.gravatar.com\/avatar\/830d4c57adaae6630765e449a6908047?s=96&d=mm&r=g","contentUrl":"https:\/\/secure.gravatar.com\/avatar\/830d4c57adaae6630765e449a6908047?s=96&d=mm&r=g","caption":"admpu17wp"}}]}},"featured_image_urls":{"full":["https:\/\/experienciadevida.com.ar\/portalurbano\/wp-content\/uploads\/2019\/11\/Fachada-Municipalidad-1-1024x682-e1573085296277.jpg",750,500,false],"thumbnail":["https:\/\/experienciadevida.com.ar\/portalurbano\/wp-content\/uploads\/2019\/11\/Fachada-Municipalidad-1-1024x682-150x150.jpg",150,150,true],"medium":["https:\/\/experienciadevida.com.ar\/portalurbano\/wp-content\/uploads\/2019\/11\/Fachada-Municipalidad-1-1024x682-300x200.jpg",300,200,true],"medium_large":["https:\/\/experienciadevida.com.ar\/portalurbano\/wp-content\/uploads\/2019\/11\/Fachada-Municipalidad-1-1024x682-768x512.jpg",640,427,true],"large":["https:\/\/experienciadevida.com.ar\/portalurbano\/wp-content\/uploads\/2019\/11\/Fachada-Municipalidad-1-1024x682-1024x682.jpg",640,426,true],"ug_big":["https:\/\/experienciadevida.com.ar\/portalurbano\/wp-content\/uploads\/2019\/11\/Fachada-Municipalidad-1-1024x682-768x512.jpg",768,512,true],"1536x1536":["https:\/\/experienciadevida.com.ar\/portalurbano\/wp-content\/uploads\/2019\/11\/Fachada-Municipalidad-1-1024x682-e1573085296277.jpg",750,500,false],"2048x2048":["https:\/\/experienciadevida.com.ar\/portalurbano\/wp-content\/uploads\/2019\/11\/Fachada-Municipalidad-1-1024x682-e1573085296277.jpg",750,500,false],"newsever-slider-full":["https:\/\/experienciadevida.com.ar\/portalurbano\/wp-content\/uploads\/2019\/11\/Fachada-Municipalidad-1-1024x682-e1573085296277.jpg",750,500,false],"newsever-featured":["https:\/\/experienciadevida.com.ar\/portalurbano\/wp-content\/uploads\/2019\/11\/Fachada-Municipalidad-1-1024x682-e1573085296277.jpg",750,500,false],"newsever-medium":["https:\/\/experienciadevida.com.ar\/portalurbano\/wp-content\/uploads\/2019\/11\/Fachada-Municipalidad-1-1024x682-e1573085296277.jpg",713,475,false],"web-stories-poster-portrait":["https:\/\/experienciadevida.com.ar\/portalurbano\/wp-content\/uploads\/2019\/11\/Fachada-Municipalidad-1-1024x682-e1573085296277.jpg",640,427,false],"web-stories-publisher-logo":["https:\/\/experienciadevida.com.ar\/portalurbano\/wp-content\/uploads\/2019\/11\/Fachada-Municipalidad-1-1024x682-e1573085296277.jpg",96,64,false],"web-stories-thumbnail":["https:\/\/experienciadevida.com.ar\/portalurbano\/wp-content\/uploads\/2019\/11\/Fachada-Municipalidad-1-1024x682-e1573085296277.jpg",150,100,false]},"author_info":{"display_name":"admpu17wp","author_link":"https:\/\/experienciadevida.com.ar\/portalurbano\/author\/admpu17wp\/"},"category_info":"<a href=\"https:\/\/experienciadevida.com.ar\/portalurbano\/category\/ciudad\/\" rel=\"category tag\">Ciudad<\/a> <a href=\"https:\/\/experienciadevida.com.ar\/portalurbano\/category\/destacadas\/\" rel=\"category tag\">Destacadas<\/a>","tag_info":"Destacadas","comment_count":"0","amp_enabled":true,"_links":{"self":[{"href":"https:\/\/experienciadevida.com.ar\/portalurbano\/wp-json\/wp\/v2\/posts\/164888"}],"collection":[{"href":"https:\/\/experienciadevida.com.ar\/portalurbano\/wp-json\/wp\/v2\/posts"}],"about":[{"href":"https:\/\/experienciadevida.com.ar\/portalurbano\/wp-json\/wp\/v2\/types\/post"}],"author":[{"embeddable":true,"href":"https:\/\/experienciadevida.com.ar\/portalurbano\/wp-json\/wp\/v2\/users\/1"}],"replies":[{"embeddable":true,"href":"https:\/\/experienciadevida.com.ar\/portalurbano\/wp-json\/wp\/v2\/comments?post=164888"}],"version-history":[{"count":3,"href":"https:\/\/experienciadevida.com.ar\/portalurbano\/wp-json\/wp\/v2\/posts\/164888\/revisions"}],"predecessor-version":[{"id":164891,"href":"https:\/\/experienciadevida.com.ar\/portalurbano\/wp-json\/wp\/v2\/posts\/164888\/revisions\/164891"}],"wp:featuredmedia":[{"embeddable":true,"href":"https:\/\/experienciadevida.com.ar\/portalurbano\/wp-json\/wp\/v2\/media\/92505"}],"wp:attachment":[{"href":"https:\/\/experienciadevida.com.ar\/portalurbano\/wp-json\/wp\/v2\/media?parent=164888"}],"wp:term":[{"taxonomy":"category","embeddable":true,"href":"https:\/\/experienciadevida.com.ar\/portalurbano\/wp-json\/wp\/v2\/categories?post=164888"},{"taxonomy":"post_tag","embeddable":true,"href":"https:\/\/experienciadevida.com.ar\/portalurbano\/wp-json\/wp\/v2\/tags?post=164888"}],"curies":[{"name":"wp","href":"https:\/\/api.w.org\/{rel}","templated":true}]}}