{"id":164825,"date":"2022-04-02T20:25:37","date_gmt":"2022-04-02T23:25:37","guid":{"rendered":"https:\/\/experienciadevida.com.ar\/portalurbano\/?p=164825"},"modified":"2022-04-02T20:30:49","modified_gmt":"2022-04-02T23:30:49","slug":"los-combatientes-de-malvinas-pusieron-su-bandera-y-su-pais-justo-al-lado-de-su-corazon","status":"publish","type":"post","link":"https:\/\/experienciadevida.com.ar\/portalurbano\/los-combatientes-de-malvinas-pusieron-su-bandera-y-su-pais-justo-al-lado-de-su-corazon\/","title":{"rendered":"\u201cLos combatientes de Malvinas pusieron su bandera y su pa\u00eds justo al lado de su coraz\u00f3n\u201d"},"content":{"rendered":"<p>\u201cLos combatientes de Malvinas pusieron su bandera y su pa\u00eds justo al lado de su coraz\u00f3n\u201d, en la tarde de este s\u00e1bado , en el Monumento \u201cMalvinas, h\u00e9roes y veteranos de la Guerra\u201d en Loma Negra, el intendente Ezequiel <a href=\"https:\/\/www.facebook.com\/galliezequiel\">Galli<\/a> encabez\u00f3 el acto por el D\u00eda del veterano y de los ca\u00eddos en la guerra de Malvinas.<\/p>\n<p><a href=\"https:\/\/experienciadevida.com.ar\/portalurbano\/los-combatientes-de-malvinas-pusieron-su-bandera-y-su-pais-justo-al-lado-de-su-corazon\/los-6\/\" rel=\"attachment wp-att-164830\"><img decoding=\"async\" class=\"alignnone size-large wp-image-164830\" src=\"https:\/\/experienciadevida.com.ar\/portalurbano\/wp-content\/uploads\/2022\/04\/Los-1024x684.jpg\" alt=\"Los\" width=\"900\" height=\"601\" srcset=\"https:\/\/experienciadevida.com.ar\/portalurbano\/wp-content\/uploads\/2022\/04\/Los-1024x684.jpg 1024w, https:\/\/experienciadevida.com.ar\/portalurbano\/wp-content\/uploads\/2022\/04\/Los-300x201.jpg 300w, https:\/\/experienciadevida.com.ar\/portalurbano\/wp-content\/uploads\/2022\/04\/Los-768x513.jpg 768w, https:\/\/experienciadevida.com.ar\/portalurbano\/wp-content\/uploads\/2022\/04\/Los-1536x1027.jpg 1536w, https:\/\/experienciadevida.com.ar\/portalurbano\/wp-content\/uploads\/2022\/04\/Los-2048x1369.jpg 2048w\" sizes=\"(max-width: 900px) 100vw, 900px\" \/><\/a><\/p>\n<p>Estuvo acompa\u00f1ado por la presidente del HCD Cecilia Krivochen, el jefe del Regimiento de Caballer\u00eda de Tanques II Tc. Cristian Castellanos, el jefe del Escuadr\u00f3n de Ingenieros Blindado I My. Fernando Etcheverry, Agrupaci\u00f3n Veteranos de Guerra \u201c2 de abril\u201d, Generaci\u00f3n Malvinas, Hijos de los Veteranos de Guerra de la ciudad de Olavarr\u00eda y Uni\u00f3n de Soldados Continentales.<\/p>\n<p>Tambi\u00e9n estuvieron presentes autoridades municipales, Bomberos Voluntarios, Polic\u00eda, Defensa Civil, Sra. Ana Mar\u00eda Piras (madrina de la Agrupaci\u00f3n \u201c2 de abril\u201d), Familia Wagner Clar, Inspectores de Educaci\u00f3n, Concejales, Consejeros Escolares, Banderas, Docentes y Alumnos de instituciones educativas, colectividades, instituciones intermedias y p\u00fablico en general.<\/p>\n<p>El acto comenz\u00f3 con la entonaci\u00f3n de las estrofas del Himno Nacional Argentino, interpretado por la Banda \u201cCombate de Perdriel\u201d y luego el monse\u00f1or obispo C\u00e9sar Sarlinga y el Pastor Oscar Gonz\u00e1lez realizaron una invocaci\u00f3n religiosa y una oraci\u00f3n, respectivamente.<\/p>\n<p><a href=\"https:\/\/experienciadevida.com.ar\/portalurbano\/los-combatientes-de-malvinas-pusieron-su-bandera-y-su-pais-justo-al-lado-de-su-corazon\/combatientes\/\" rel=\"attachment wp-att-164831\"><img decoding=\"async\" class=\"alignnone size-large wp-image-164831\" src=\"https:\/\/experienciadevida.com.ar\/portalurbano\/wp-content\/uploads\/2022\/04\/combatientes-1024x684.jpg\" alt=\"combatientes\" width=\"900\" height=\"601\" srcset=\"https:\/\/experienciadevida.com.ar\/portalurbano\/wp-content\/uploads\/2022\/04\/combatientes-1024x684.jpg 1024w, https:\/\/experienciadevida.com.ar\/portalurbano\/wp-content\/uploads\/2022\/04\/combatientes-300x201.jpg 300w, https:\/\/experienciadevida.com.ar\/portalurbano\/wp-content\/uploads\/2022\/04\/combatientes-768x513.jpg 768w, https:\/\/experienciadevida.com.ar\/portalurbano\/wp-content\/uploads\/2022\/04\/combatientes-1536x1027.jpg 1536w, https:\/\/experienciadevida.com.ar\/portalurbano\/wp-content\/uploads\/2022\/04\/combatientes-2048x1369.jpg 2048w\" sizes=\"(max-width: 900px) 100vw, 900px\" \/><\/a><\/p>\n<p>El intendente Ezequiel Galli acompa\u00f1ado por el presidente de la Agrupaci\u00f3n de Veteranos \u201c2 de abril\u201d colocaron una palma -en representaci\u00f3n de la comunidad del Partido de Olavarr\u00eda\u2013 al pie del Monumento \u201cMalvinas, H\u00e9roes y Veteranos de la Guerra\u201d.<\/p>\n<p>Adem\u00e1s, fueron colocadas las palmas en representaci\u00f3n de Guarnici\u00f3n Ej\u00e9rcito Olavarr\u00eda, Honorable Concejo Deliberante, Agrupaci\u00f3n Veteranos de Guerra \u201c2 de Abril\u201d, Generaci\u00f3n Malvinas, Asociaci\u00f3n Cultural Sanmartiniana y Uni\u00f3n Nacional de Soldados Continentales.<\/p>\n<p>Luego de un minuto de silencio, la madrina de la Agrupaci\u00f3n \u201c2 de abril\u201d Ana Mar\u00eda Piras, se refiri\u00f3 a la fecha con un emotivo discurso. Seguidamente Pablo Ceballos y Ra\u00fal Fernandez descubrieron una placa que conmemora los 40 a\u00f1os de la Gesta.<\/p>\n<p>Tras ello, Haroldo Duhau se dirigi\u00f3 con sus palabras a los presentes, para que luego la presidente del HCD Cecilia Krivochen, la concejal Bel\u00e9n Vergel, Jos\u00e9 Trinch\u00edn y Ra\u00fal Torrecilla descubrieran otra placa en el monumento. Finalmente, integrantes de Generaci\u00f3n Malvinas tomaron la palabra en el homenaje.<\/p>\n<p>\u201cGracias a los Veteranos y ex Combatientes por permitirme este espacio en un d\u00eda que es verdaderamente suyo. 40 a\u00f1os\u2026 40 a\u00f1os pasaron de aquel doloroso 2 de abril. 40 a\u00f1os se cumplen desde el momento en que 649 soldados argentinos quedaron en las Islas y en el Mar Argentino\u201d, manifest\u00f3 el intendente Ezequiel Galli en su discurso.<\/p>\n<p>Adem\u00e1s remarc\u00f3: \u201cuna guerra que fue injusta, una guerra que no debi\u00f3 haber sucedido. Porque cuando se responde con violencia, se propone el peor de los caminos. Hoy 2 de abril se cumplen 40 a\u00f1os de la Guerra de las Malvinas, uno de los hechos m\u00e1s trascendentales en la historia de nuestra rep\u00fablica\u201d.<\/p>\n<p>\u201cY las causas del conflicto no deben ser olvidadas, los argumentos jur\u00eddicos, geogr\u00e1ficos e hist\u00f3ricos que demuestran, avalan y confirman por qu\u00e9 las Malvinas son argentinas deben ser conocidas por cada uno de los argentinos. Y tambi\u00e9n es un deber nacional, y un orgullo, rendir homenaje a quienes lucharon para defender esa soberan\u00eda\u201d, agreg\u00f3.<\/p>\n<p>Por \u00faltimo sostuvo: \u201ca cada uno de los veteranos y combatientes, en nombre de Olavarr\u00eda, les digo Gracias. Su deber fue, es y ser\u00e1 un orgullo para cada una de las generaciones que pisan y pisar\u00e1n el suelo nacional. Las Islas Malvinas fueron, son y ser\u00e1n argentinas. Por esto, hoy y siempre, \u00a1viva la Patria!\u201d.<\/p>\n<p>El homenaje culmin\u00f3 con la entonaci\u00f3n de la Marcha de Malvinas y el desfile.<\/p>\n<p>&nbsp;<\/p>\n","protected":false},"excerpt":{"rendered":"<p>\u201cLos combatientes de Malvinas pusieron su bandera y su pa\u00eds justo al lado de su&#8230;<\/p>\n","protected":false},"author":1,"featured_media":164827,"comment_status":"closed","ping_status":"closed","sticky":false,"template":"","format":"standard","meta":{"content-type":""},"categories":[27,51],"tags":[],"nelio_content":{"isAutoShareEnabled":false,"autoShareEndMode":"default","automationSources":{"useContentSentences":true,"useSocialTemplates":true,"useCustomSentences":false,"customSentences":[]},"followers":[1],"suggestedReferences":[],"includedReferences":[],"efiUrl":"","efiAlt":"","highlights":[]},"yoast_head":"<!-- This site is optimized with the Yoast SEO plugin v20.7 - https:\/\/yoast.com\/wordpress\/plugins\/seo\/ -->\n<title>&quot;Los combatientes de Malvinas pusieron su bandera y su pa\u00eds&quot;<\/title>\n<meta name=\"description\" content=\"\u201cLos combatientes de Malvinas pusieron su bandera y su pa\u00eds justo al lado de su coraz\u00f3n\u201d, en la tarde de este s\u00e1bado\" \/>\n<meta name=\"robots\" content=\"index, follow, max-snippet:-1, max-image-preview:large, max-video-preview:-1\" \/>\n<link rel=\"canonical\" href=\"https:\/\/experienciadevida.com.ar\/portalurbano\/los-combatientes-de-malvinas-pusieron-su-bandera-y-su-pais-justo-al-lado-de-su-corazon\/\" \/>\n<meta property=\"og:locale\" content=\"es_ES\" \/>\n<meta property=\"og:type\" content=\"article\" \/>\n<meta property=\"og:title\" content=\"&quot;Los combatientes de Malvinas pusieron su bandera y su pa\u00eds&quot;\" \/>\n<meta property=\"og:description\" content=\"\u201cLos combatientes de Malvinas pusieron su bandera y su pa\u00eds justo al lado de su coraz\u00f3n\u201d, en la tarde de este s\u00e1bado\" \/>\n<meta property=\"og:url\" content=\"https:\/\/experienciadevida.com.ar\/portalurbano\/los-combatientes-de-malvinas-pusieron-su-bandera-y-su-pais-justo-al-lado-de-su-corazon\/\" \/>\n<meta property=\"article:publisher\" content=\"https:\/\/www.facebook.com\/Portal-Urbano-171542830093757\/\" \/>\n<meta property=\"article:published_time\" content=\"2022-04-02T23:25:37+00:00\" \/>\n<meta property=\"article:modified_time\" content=\"2022-04-02T23:30:49+00:00\" \/>\n<meta property=\"og:image\" content=\"https:\/\/experienciadevida.com.ar\/portalurbano\/wp-content\/uploads\/2022\/04\/Los-combatientes-de-Malvinas.jpg\" \/>\n\t<meta property=\"og:image:width\" content=\"2560\" \/>\n\t<meta property=\"og:image:height\" content=\"1711\" \/>\n\t<meta property=\"og:image:type\" content=\"image\/jpeg\" \/>\n<meta name=\"author\" content=\"admpu17wp\" \/>\n<meta name=\"twitter:card\" content=\"summary_large_image\" \/>\n<meta name=\"twitter:creator\" content=\"@portalurbanook\" \/>\n<meta name=\"twitter:site\" content=\"@portalurbanook\" \/>\n<meta name=\"twitter:label1\" content=\"Escrito por\" \/>\n\t<meta name=\"twitter:data1\" content=\"admpu17wp\" \/>\n\t<meta name=\"twitter:label2\" content=\"Tiempo de lectura\" \/>\n\t<meta name=\"twitter:data2\" content=\"4 minutos\" \/>\n<script type=\"application\/ld+json\" class=\"yoast-schema-graph\">{\"@context\":\"https:\/\/schema.org\",\"@graph\":[{\"@type\":\"Article\",\"@id\":\"https:\/\/experienciadevida.com.ar\/portalurbano\/los-combatientes-de-malvinas-pusieron-su-bandera-y-su-pais-justo-al-lado-de-su-corazon\/#article\",\"isPartOf\":{\"@id\":\"https:\/\/experienciadevida.com.ar\/portalurbano\/los-combatientes-de-malvinas-pusieron-su-bandera-y-su-pais-justo-al-lado-de-su-corazon\/\"},\"author\":{\"name\":\"admpu17wp\",\"@id\":\"https:\/\/experienciadevida.com.ar\/portalurbano\/#\/schema\/person\/02dd326b1c4b056e9cc972486934a3a7\"},\"headline\":\"\u201cLos combatientes de Malvinas pusieron su bandera y su pa\u00eds justo al lado de su coraz\u00f3n\u201d\",\"datePublished\":\"2022-04-02T23:25:37+00:00\",\"dateModified\":\"2022-04-02T23:30:49+00:00\",\"mainEntityOfPage\":{\"@id\":\"https:\/\/experienciadevida.com.ar\/portalurbano\/los-combatientes-de-malvinas-pusieron-su-bandera-y-su-pais-justo-al-lado-de-su-corazon\/\"},\"wordCount\":662,\"publisher\":{\"@id\":\"https:\/\/experienciadevida.com.ar\/portalurbano\/#organization\"},\"articleSection\":[\"Ciudad\",\"Destacadas\"],\"inLanguage\":\"es\"},{\"@type\":\"WebPage\",\"@id\":\"https:\/\/experienciadevida.com.ar\/portalurbano\/los-combatientes-de-malvinas-pusieron-su-bandera-y-su-pais-justo-al-lado-de-su-corazon\/\",\"url\":\"https:\/\/experienciadevida.com.ar\/portalurbano\/los-combatientes-de-malvinas-pusieron-su-bandera-y-su-pais-justo-al-lado-de-su-corazon\/\",\"name\":\"\\\"Los combatientes de Malvinas pusieron su bandera y su pa\u00eds\\\"\",\"isPartOf\":{\"@id\":\"https:\/\/experienciadevida.com.ar\/portalurbano\/#website\"},\"datePublished\":\"2022-04-02T23:25:37+00:00\",\"dateModified\":\"2022-04-02T23:30:49+00:00\",\"description\":\"\u201cLos combatientes de Malvinas pusieron su bandera y su pa\u00eds justo al lado de su coraz\u00f3n\u201d, en la tarde de este s\u00e1bado\",\"breadcrumb\":{\"@id\":\"https:\/\/experienciadevida.com.ar\/portalurbano\/los-combatientes-de-malvinas-pusieron-su-bandera-y-su-pais-justo-al-lado-de-su-corazon\/#breadcrumb\"},\"inLanguage\":\"es\",\"potentialAction\":[{\"@type\":\"ReadAction\",\"target\":[\"https:\/\/experienciadevida.com.ar\/portalurbano\/los-combatientes-de-malvinas-pusieron-su-bandera-y-su-pais-justo-al-lado-de-su-corazon\/\"]}]},{\"@type\":\"BreadcrumbList\",\"@id\":\"https:\/\/experienciadevida.com.ar\/portalurbano\/los-combatientes-de-malvinas-pusieron-su-bandera-y-su-pais-justo-al-lado-de-su-corazon\/#breadcrumb\",\"itemListElement\":[{\"@type\":\"ListItem\",\"position\":1,\"name\":\"Portada\",\"item\":\"https:\/\/experienciadevida.com.ar\/portalurbano\/\"},{\"@type\":\"ListItem\",\"position\":2,\"name\":\"\u201cLos combatientes de Malvinas pusieron su bandera y su pa\u00eds justo al lado de su coraz\u00f3n\u201d\"}]},{\"@type\":\"WebSite\",\"@id\":\"https:\/\/experienciadevida.com.ar\/portalurbano\/#website\",\"url\":\"https:\/\/experienciadevida.com.ar\/portalurbano\/\",\"name\":\"\",\"description\":\"\",\"publisher\":{\"@id\":\"https:\/\/experienciadevida.com.ar\/portalurbano\/#organization\"},\"potentialAction\":[{\"@type\":\"SearchAction\",\"target\":{\"@type\":\"EntryPoint\",\"urlTemplate\":\"https:\/\/experienciadevida.com.ar\/portalurbano\/?s={search_term_string}\"},\"query-input\":\"required name=search_term_string\"}],\"inLanguage\":\"es\"},{\"@type\":\"Organization\",\"@id\":\"https:\/\/experienciadevida.com.ar\/portalurbano\/#organization\",\"name\":\"Portal Urbano\",\"url\":\"https:\/\/experienciadevida.com.ar\/portalurbano\/\",\"logo\":{\"@type\":\"ImageObject\",\"inLanguage\":\"es\",\"@id\":\"https:\/\/experienciadevida.com.ar\/portalurbano\/#\/schema\/logo\/image\/\",\"url\":\"https:\/\/experienciadevida.com.ar\/portalurbano\/wp-content\/uploads\/2019\/09\/Logo-Original.png\",\"contentUrl\":\"https:\/\/experienciadevida.com.ar\/portalurbano\/wp-content\/uploads\/2019\/09\/Logo-Original.png\",\"width\":2236,\"height\":1216,\"caption\":\"Portal Urbano\"},\"image\":{\"@id\":\"https:\/\/experienciadevida.com.ar\/portalurbano\/#\/schema\/logo\/image\/\"},\"sameAs\":[\"https:\/\/www.facebook.com\/Portal-Urbano-171542830093757\/\",\"https:\/\/twitter.com\/portalurbanook\",\"https:\/\/www.instagram.com\/_portalurbano\/\",\"https:\/\/www.youtube.com\/channel\/UCXhagIfszH8KxFiOok79zbA?view_as=subscriber\"]},{\"@type\":\"Person\",\"@id\":\"https:\/\/experienciadevida.com.ar\/portalurbano\/#\/schema\/person\/02dd326b1c4b056e9cc972486934a3a7\",\"name\":\"admpu17wp\",\"image\":{\"@type\":\"ImageObject\",\"inLanguage\":\"es\",\"@id\":\"https:\/\/experienciadevida.com.ar\/portalurbano\/#\/schema\/person\/image\/\",\"url\":\"https:\/\/secure.gravatar.com\/avatar\/830d4c57adaae6630765e449a6908047?s=96&d=mm&r=g\",\"contentUrl\":\"https:\/\/secure.gravatar.com\/avatar\/830d4c57adaae6630765e449a6908047?s=96&d=mm&r=g\",\"caption\":\"admpu17wp\"}}]}<\/script>\n<!-- \/ Yoast SEO plugin. -->","yoast_head_json":{"title":"\"Los combatientes de Malvinas pusieron su bandera y su pa\u00eds\"","description":"\u201cLos combatientes de Malvinas pusieron su bandera y su pa\u00eds justo al lado de su coraz\u00f3n\u201d, en la tarde de este s\u00e1bado","robots":{"index":"index","follow":"follow","max-snippet":"max-snippet:-1","max-image-preview":"max-image-preview:large","max-video-preview":"max-video-preview:-1"},"canonical":"https:\/\/experienciadevida.com.ar\/portalurbano\/los-combatientes-de-malvinas-pusieron-su-bandera-y-su-pais-justo-al-lado-de-su-corazon\/","og_locale":"es_ES","og_type":"article","og_title":"\"Los combatientes de Malvinas pusieron su bandera y su pa\u00eds\"","og_description":"\u201cLos combatientes de Malvinas pusieron su bandera y su pa\u00eds justo al lado de su coraz\u00f3n\u201d, en la tarde de este s\u00e1bado","og_url":"https:\/\/experienciadevida.com.ar\/portalurbano\/los-combatientes-de-malvinas-pusieron-su-bandera-y-su-pais-justo-al-lado-de-su-corazon\/","article_publisher":"https:\/\/www.facebook.com\/Portal-Urbano-171542830093757\/","article_published_time":"2022-04-02T23:25:37+00:00","article_modified_time":"2022-04-02T23:30:49+00:00","og_image":[{"width":2560,"height":1711,"url":"https:\/\/experienciadevida.com.ar\/portalurbano\/wp-content\/uploads\/2022\/04\/Los-combatientes-de-Malvinas.jpg","type":"image\/jpeg"}],"author":"admpu17wp","twitter_card":"summary_large_image","twitter_creator":"@portalurbanook","twitter_site":"@portalurbanook","twitter_misc":{"Escrito por":"admpu17wp","Tiempo de lectura":"4 minutos"},"schema":{"@context":"https:\/\/schema.org","@graph":[{"@type":"Article","@id":"https:\/\/experienciadevida.com.ar\/portalurbano\/los-combatientes-de-malvinas-pusieron-su-bandera-y-su-pais-justo-al-lado-de-su-corazon\/#article","isPartOf":{"@id":"https:\/\/experienciadevida.com.ar\/portalurbano\/los-combatientes-de-malvinas-pusieron-su-bandera-y-su-pais-justo-al-lado-de-su-corazon\/"},"author":{"name":"admpu17wp","@id":"https:\/\/experienciadevida.com.ar\/portalurbano\/#\/schema\/person\/02dd326b1c4b056e9cc972486934a3a7"},"headline":"\u201cLos combatientes de Malvinas pusieron su bandera y su pa\u00eds justo al lado de su coraz\u00f3n\u201d","datePublished":"2022-04-02T23:25:37+00:00","dateModified":"2022-04-02T23:30:49+00:00","mainEntityOfPage":{"@id":"https:\/\/experienciadevida.com.ar\/portalurbano\/los-combatientes-de-malvinas-pusieron-su-bandera-y-su-pais-justo-al-lado-de-su-corazon\/"},"wordCount":662,"publisher":{"@id":"https:\/\/experienciadevida.com.ar\/portalurbano\/#organization"},"articleSection":["Ciudad","Destacadas"],"inLanguage":"es"},{"@type":"WebPage","@id":"https:\/\/experienciadevida.com.ar\/portalurbano\/los-combatientes-de-malvinas-pusieron-su-bandera-y-su-pais-justo-al-lado-de-su-corazon\/","url":"https:\/\/experienciadevida.com.ar\/portalurbano\/los-combatientes-de-malvinas-pusieron-su-bandera-y-su-pais-justo-al-lado-de-su-corazon\/","name":"\"Los combatientes de Malvinas pusieron su bandera y su pa\u00eds\"","isPartOf":{"@id":"https:\/\/experienciadevida.com.ar\/portalurbano\/#website"},"datePublished":"2022-04-02T23:25:37+00:00","dateModified":"2022-04-02T23:30:49+00:00","description":"\u201cLos combatientes de Malvinas pusieron su bandera y su pa\u00eds justo al lado de su coraz\u00f3n\u201d, en la tarde de este s\u00e1bado","breadcrumb":{"@id":"https:\/\/experienciadevida.com.ar\/portalurbano\/los-combatientes-de-malvinas-pusieron-su-bandera-y-su-pais-justo-al-lado-de-su-corazon\/#breadcrumb"},"inLanguage":"es","potentialAction":[{"@type":"ReadAction","target":["https:\/\/experienciadevida.com.ar\/portalurbano\/los-combatientes-de-malvinas-pusieron-su-bandera-y-su-pais-justo-al-lado-de-su-corazon\/"]}]},{"@type":"BreadcrumbList","@id":"https:\/\/experienciadevida.com.ar\/portalurbano\/los-combatientes-de-malvinas-pusieron-su-bandera-y-su-pais-justo-al-lado-de-su-corazon\/#breadcrumb","itemListElement":[{"@type":"ListItem","position":1,"name":"Portada","item":"https:\/\/experienciadevida.com.ar\/portalurbano\/"},{"@type":"ListItem","position":2,"name":"\u201cLos combatientes de Malvinas pusieron su bandera y su pa\u00eds justo al lado de su coraz\u00f3n\u201d"}]},{"@type":"WebSite","@id":"https:\/\/experienciadevida.com.ar\/portalurbano\/#website","url":"https:\/\/experienciadevida.com.ar\/portalurbano\/","name":"","description":"","publisher":{"@id":"https:\/\/experienciadevida.com.ar\/portalurbano\/#organization"},"potentialAction":[{"@type":"SearchAction","target":{"@type":"EntryPoint","urlTemplate":"https:\/\/experienciadevida.com.ar\/portalurbano\/?s={search_term_string}"},"query-input":"required name=search_term_string"}],"inLanguage":"es"},{"@type":"Organization","@id":"https:\/\/experienciadevida.com.ar\/portalurbano\/#organization","name":"Portal Urbano","url":"https:\/\/experienciadevida.com.ar\/portalurbano\/","logo":{"@type":"ImageObject","inLanguage":"es","@id":"https:\/\/experienciadevida.com.ar\/portalurbano\/#\/schema\/logo\/image\/","url":"https:\/\/experienciadevida.com.ar\/portalurbano\/wp-content\/uploads\/2019\/09\/Logo-Original.png","contentUrl":"https:\/\/experienciadevida.com.ar\/portalurbano\/wp-content\/uploads\/2019\/09\/Logo-Original.png","width":2236,"height":1216,"caption":"Portal Urbano"},"image":{"@id":"https:\/\/experienciadevida.com.ar\/portalurbano\/#\/schema\/logo\/image\/"},"sameAs":["https:\/\/www.facebook.com\/Portal-Urbano-171542830093757\/","https:\/\/twitter.com\/portalurbanook","https:\/\/www.instagram.com\/_portalurbano\/","https:\/\/www.youtube.com\/channel\/UCXhagIfszH8KxFiOok79zbA?view_as=subscriber"]},{"@type":"Person","@id":"https:\/\/experienciadevida.com.ar\/portalurbano\/#\/schema\/person\/02dd326b1c4b056e9cc972486934a3a7","name":"admpu17wp","image":{"@type":"ImageObject","inLanguage":"es","@id":"https:\/\/experienciadevida.com.ar\/portalurbano\/#\/schema\/person\/image\/","url":"https:\/\/secure.gravatar.com\/avatar\/830d4c57adaae6630765e449a6908047?s=96&d=mm&r=g","contentUrl":"https:\/\/secure.gravatar.com\/avatar\/830d4c57adaae6630765e449a6908047?s=96&d=mm&r=g","caption":"admpu17wp"}}]}},"featured_image_urls":{"full":["https:\/\/experienciadevida.com.ar\/portalurbano\/wp-content\/uploads\/2022\/04\/Los-combatientes-de-Malvinas.jpg",2560,1711,false],"thumbnail":["https:\/\/experienciadevida.com.ar\/portalurbano\/wp-content\/uploads\/2022\/04\/Los-combatientes-de-Malvinas-150x150.jpg",150,150,true],"medium":["https:\/\/experienciadevida.com.ar\/portalurbano\/wp-content\/uploads\/2022\/04\/Los-combatientes-de-Malvinas-300x201.jpg",300,201,true],"medium_large":["https:\/\/experienciadevida.com.ar\/portalurbano\/wp-content\/uploads\/2022\/04\/Los-combatientes-de-Malvinas-768x513.jpg",640,428,true],"large":["https:\/\/experienciadevida.com.ar\/portalurbano\/wp-content\/uploads\/2022\/04\/Los-combatientes-de-Malvinas-1024x684.jpg",640,428,true],"ug_big":["https:\/\/experienciadevida.com.ar\/portalurbano\/wp-content\/uploads\/2022\/04\/Los-combatientes-de-Malvinas-768x513.jpg",768,513,true],"1536x1536":["https:\/\/experienciadevida.com.ar\/portalurbano\/wp-content\/uploads\/2022\/04\/Los-combatientes-de-Malvinas-1536x1027.jpg",1536,1027,true],"2048x2048":["https:\/\/experienciadevida.com.ar\/portalurbano\/wp-content\/uploads\/2022\/04\/Los-combatientes-de-Malvinas-2048x1369.jpg",2048,1369,true],"newsever-slider-full":["https:\/\/experienciadevida.com.ar\/portalurbano\/wp-content\/uploads\/2022\/04\/Los-combatientes-de-Malvinas.jpg",1264,845,false],"newsever-featured":["https:\/\/experienciadevida.com.ar\/portalurbano\/wp-content\/uploads\/2022\/04\/Los-combatientes-de-Malvinas.jpg",1024,684,false],"newsever-medium":["https:\/\/experienciadevida.com.ar\/portalurbano\/wp-content\/uploads\/2022\/04\/Los-combatientes-de-Malvinas.jpg",711,475,false],"web-stories-poster-portrait":["https:\/\/experienciadevida.com.ar\/portalurbano\/wp-content\/uploads\/2022\/04\/Los-combatientes-de-Malvinas.jpg",640,428,false],"web-stories-publisher-logo":["https:\/\/experienciadevida.com.ar\/portalurbano\/wp-content\/uploads\/2022\/04\/Los-combatientes-de-Malvinas.jpg",96,64,false],"web-stories-thumbnail":["https:\/\/experienciadevida.com.ar\/portalurbano\/wp-content\/uploads\/2022\/04\/Los-combatientes-de-Malvinas.jpg",150,100,false]},"author_info":{"display_name":"admpu17wp","author_link":"https:\/\/experienciadevida.com.ar\/portalurbano\/author\/admpu17wp\/"},"category_info":"<a href=\"https:\/\/experienciadevida.com.ar\/portalurbano\/category\/ciudad\/\" rel=\"category tag\">Ciudad<\/a> <a href=\"https:\/\/experienciadevida.com.ar\/portalurbano\/category\/destacadas\/\" rel=\"category tag\">Destacadas<\/a>","tag_info":"Destacadas","comment_count":"0","amp_enabled":true,"_links":{"self":[{"href":"https:\/\/experienciadevida.com.ar\/portalurbano\/wp-json\/wp\/v2\/posts\/164825"}],"collection":[{"href":"https:\/\/experienciadevida.com.ar\/portalurbano\/wp-json\/wp\/v2\/posts"}],"about":[{"href":"https:\/\/experienciadevida.com.ar\/portalurbano\/wp-json\/wp\/v2\/types\/post"}],"author":[{"embeddable":true,"href":"https:\/\/experienciadevida.com.ar\/portalurbano\/wp-json\/wp\/v2\/users\/1"}],"replies":[{"embeddable":true,"href":"https:\/\/experienciadevida.com.ar\/portalurbano\/wp-json\/wp\/v2\/comments?post=164825"}],"version-history":[{"count":4,"href":"https:\/\/experienciadevida.com.ar\/portalurbano\/wp-json\/wp\/v2\/posts\/164825\/revisions"}],"predecessor-version":[{"id":164834,"href":"https:\/\/experienciadevida.com.ar\/portalurbano\/wp-json\/wp\/v2\/posts\/164825\/revisions\/164834"}],"wp:featuredmedia":[{"embeddable":true,"href":"https:\/\/experienciadevida.com.ar\/portalurbano\/wp-json\/wp\/v2\/media\/164827"}],"wp:attachment":[{"href":"https:\/\/experienciadevida.com.ar\/portalurbano\/wp-json\/wp\/v2\/media?parent=164825"}],"wp:term":[{"taxonomy":"category","embeddable":true,"href":"https:\/\/experienciadevida.com.ar\/portalurbano\/wp-json\/wp\/v2\/categories?post=164825"},{"taxonomy":"post_tag","embeddable":true,"href":"https:\/\/experienciadevida.com.ar\/portalurbano\/wp-json\/wp\/v2\/tags?post=164825"}],"curies":[{"name":"wp","href":"https:\/\/api.w.org\/{rel}","templated":true}]}}