{"id":164809,"date":"2022-04-02T11:08:59","date_gmt":"2022-04-02T14:08:59","guid":{"rendered":"https:\/\/experienciadevida.com.ar\/portalurbano\/?p=164809"},"modified":"2022-04-02T11:59:13","modified_gmt":"2022-04-02T14:59:13","slug":"el-quirofano-movil-llega-al-barrio-provincias-unidas","status":"publish","type":"post","link":"https:\/\/experienciadevida.com.ar\/portalurbano\/el-quirofano-movil-llega-al-barrio-provincias-unidas\/","title":{"rendered":"El Quir\u00f3fano M\u00f3vil llega al barrio Provincias Unidas"},"content":{"rendered":"<p>El Quir\u00f3fano M\u00f3vil llega al barrio Provincias Unidas, desde la Direcci\u00f3n de Bromatolog\u00eda se informa que desde el lunes 4 y hasta el viernes 8 de abril, el Quir\u00f3fano M\u00f3vil Veterinario estar\u00e1 en el barrio Provincias Unidas, para realizar esterilizaciones quir\u00fargicas caninas y felinas.<\/p>\n<p>Las tareas se desarrollar\u00e1n en las instalaciones de la Sociedad de Fomento Provincias Unidas, ubicada en Santa Cruz y Azopardo, en el horario de 08:30 a 12:00 horas.<\/p>\n<p>Cabe recordar que todas las intervenciones quir\u00fargicas son con turnos previamente acordados, exclusivos para los vecinos de ese barrio. Por lo tanto, quienes vivan en ese sector, podr\u00e1n hacerlo por mensaje de texto, v\u00eda Whatsapp al 15229029 (L\u00ednea Interactiva).<\/p>\n<p>&nbsp;<\/p>\n<p>Cronograma para el mes de abril<\/p>\n<p>A continuaci\u00f3n, se detalla c\u00f3mo continuar\u00e1 el cronograma del mes de abril:<\/p>\n<p>Del 11 al 13 de abril<br \/>\nVilla Mi Serran\u00eda<\/p>\n<p>Club Social y Deportivo Defensores.<\/p>\n<p>Del 18 al 22 y del 25 al 29 de abril<br \/>\nLoma Negra<\/p>\n<p>Club Social y Deportivo Loma Negra.<\/p>\n","protected":false},"excerpt":{"rendered":"<p>El Quir\u00f3fano M\u00f3vil llega al barrio Provincias Unidas, desde la Direcci\u00f3n de Bromatolog\u00eda se informa&#8230;<\/p>\n","protected":false},"author":1,"featured_media":102662,"comment_status":"closed","ping_status":"closed","sticky":false,"template":"","format":"standard","meta":{"content-type":""},"categories":[27,51],"tags":[],"nelio_content":{"isAutoShareEnabled":false,"autoShareEndMode":"default","automationSources":{"useContentSentences":true,"useSocialTemplates":true,"useCustomSentences":false,"customSentences":[]},"followers":[1],"suggestedReferences":[],"includedReferences":[],"efiUrl":"","efiAlt":"","highlights":[]},"yoast_head":"<!-- This site is optimized with the Yoast SEO plugin v20.7 - https:\/\/yoast.com\/wordpress\/plugins\/seo\/ -->\n<title>El Quir\u00f3fano m\u00f3vil llega al barrio Provincias Unidas<\/title>\n<meta name=\"description\" content=\"El Quir\u00f3fano M\u00f3vil llega al barrio Provincias Unidas, para realizar esterilizaciones quir\u00fargicas caninas y felinas.\" \/>\n<meta name=\"robots\" content=\"index, follow, max-snippet:-1, max-image-preview:large, max-video-preview:-1\" \/>\n<link rel=\"canonical\" href=\"https:\/\/experienciadevida.com.ar\/portalurbano\/el-quirofano-movil-llega-al-barrio-provincias-unidas\/\" \/>\n<meta property=\"og:locale\" content=\"es_ES\" \/>\n<meta property=\"og:type\" content=\"article\" \/>\n<meta property=\"og:title\" content=\"El Quir\u00f3fano m\u00f3vil llega al barrio Provincias Unidas\" \/>\n<meta property=\"og:description\" content=\"El Quir\u00f3fano M\u00f3vil llega al barrio Provincias Unidas, para realizar esterilizaciones quir\u00fargicas caninas y felinas.\" \/>\n<meta property=\"og:url\" content=\"https:\/\/experienciadevida.com.ar\/portalurbano\/el-quirofano-movil-llega-al-barrio-provincias-unidas\/\" \/>\n<meta property=\"article:publisher\" content=\"https:\/\/www.facebook.com\/Portal-Urbano-171542830093757\/\" \/>\n<meta property=\"article:published_time\" content=\"2022-04-02T14:08:59+00:00\" \/>\n<meta property=\"article:modified_time\" content=\"2022-04-02T14:59:13+00:00\" \/>\n<meta property=\"og:image\" content=\"https:\/\/experienciadevida.com.ar\/portalurbano\/wp-content\/uploads\/2020\/02\/Quirofano-Movil-1024x678-1-e1582903724888.jpg\" \/>\n\t<meta property=\"og:image:width\" content=\"800\" \/>\n\t<meta property=\"og:image:height\" content=\"530\" \/>\n\t<meta property=\"og:image:type\" content=\"image\/jpeg\" \/>\n<meta name=\"author\" content=\"admpu17wp\" \/>\n<meta name=\"twitter:card\" content=\"summary_large_image\" \/>\n<meta name=\"twitter:creator\" content=\"@portalurbanook\" \/>\n<meta name=\"twitter:site\" content=\"@portalurbanook\" \/>\n<meta name=\"twitter:label1\" content=\"Escrito por\" \/>\n\t<meta name=\"twitter:data1\" content=\"admpu17wp\" \/>\n\t<meta name=\"twitter:label2\" content=\"Tiempo de lectura\" \/>\n\t<meta name=\"twitter:data2\" content=\"1 minuto\" \/>\n<script type=\"application\/ld+json\" class=\"yoast-schema-graph\">{\"@context\":\"https:\/\/schema.org\",\"@graph\":[{\"@type\":\"Article\",\"@id\":\"https:\/\/experienciadevida.com.ar\/portalurbano\/el-quirofano-movil-llega-al-barrio-provincias-unidas\/#article\",\"isPartOf\":{\"@id\":\"https:\/\/experienciadevida.com.ar\/portalurbano\/el-quirofano-movil-llega-al-barrio-provincias-unidas\/\"},\"author\":{\"name\":\"admpu17wp\",\"@id\":\"https:\/\/experienciadevida.com.ar\/portalurbano\/#\/schema\/person\/02dd326b1c4b056e9cc972486934a3a7\"},\"headline\":\"El Quir\u00f3fano M\u00f3vil llega al barrio Provincias Unidas\",\"datePublished\":\"2022-04-02T14:08:59+00:00\",\"dateModified\":\"2022-04-02T14:59:13+00:00\",\"mainEntityOfPage\":{\"@id\":\"https:\/\/experienciadevida.com.ar\/portalurbano\/el-quirofano-movil-llega-al-barrio-provincias-unidas\/\"},\"wordCount\":177,\"publisher\":{\"@id\":\"https:\/\/experienciadevida.com.ar\/portalurbano\/#organization\"},\"articleSection\":[\"Ciudad\",\"Destacadas\"],\"inLanguage\":\"es\"},{\"@type\":\"WebPage\",\"@id\":\"https:\/\/experienciadevida.com.ar\/portalurbano\/el-quirofano-movil-llega-al-barrio-provincias-unidas\/\",\"url\":\"https:\/\/experienciadevida.com.ar\/portalurbano\/el-quirofano-movil-llega-al-barrio-provincias-unidas\/\",\"name\":\"El Quir\u00f3fano m\u00f3vil llega al barrio Provincias Unidas\",\"isPartOf\":{\"@id\":\"https:\/\/experienciadevida.com.ar\/portalurbano\/#website\"},\"datePublished\":\"2022-04-02T14:08:59+00:00\",\"dateModified\":\"2022-04-02T14:59:13+00:00\",\"description\":\"El Quir\u00f3fano M\u00f3vil llega al barrio Provincias Unidas, para realizar esterilizaciones quir\u00fargicas caninas y felinas.\",\"breadcrumb\":{\"@id\":\"https:\/\/experienciadevida.com.ar\/portalurbano\/el-quirofano-movil-llega-al-barrio-provincias-unidas\/#breadcrumb\"},\"inLanguage\":\"es\",\"potentialAction\":[{\"@type\":\"ReadAction\",\"target\":[\"https:\/\/experienciadevida.com.ar\/portalurbano\/el-quirofano-movil-llega-al-barrio-provincias-unidas\/\"]}]},{\"@type\":\"BreadcrumbList\",\"@id\":\"https:\/\/experienciadevida.com.ar\/portalurbano\/el-quirofano-movil-llega-al-barrio-provincias-unidas\/#breadcrumb\",\"itemListElement\":[{\"@type\":\"ListItem\",\"position\":1,\"name\":\"Portada\",\"item\":\"https:\/\/experienciadevida.com.ar\/portalurbano\/\"},{\"@type\":\"ListItem\",\"position\":2,\"name\":\"El Quir\u00f3fano M\u00f3vil llega al barrio Provincias Unidas\"}]},{\"@type\":\"WebSite\",\"@id\":\"https:\/\/experienciadevida.com.ar\/portalurbano\/#website\",\"url\":\"https:\/\/experienciadevida.com.ar\/portalurbano\/\",\"name\":\"\",\"description\":\"\",\"publisher\":{\"@id\":\"https:\/\/experienciadevida.com.ar\/portalurbano\/#organization\"},\"potentialAction\":[{\"@type\":\"SearchAction\",\"target\":{\"@type\":\"EntryPoint\",\"urlTemplate\":\"https:\/\/experienciadevida.com.ar\/portalurbano\/?s={search_term_string}\"},\"query-input\":\"required name=search_term_string\"}],\"inLanguage\":\"es\"},{\"@type\":\"Organization\",\"@id\":\"https:\/\/experienciadevida.com.ar\/portalurbano\/#organization\",\"name\":\"Portal Urbano\",\"url\":\"https:\/\/experienciadevida.com.ar\/portalurbano\/\",\"logo\":{\"@type\":\"ImageObject\",\"inLanguage\":\"es\",\"@id\":\"https:\/\/experienciadevida.com.ar\/portalurbano\/#\/schema\/logo\/image\/\",\"url\":\"https:\/\/experienciadevida.com.ar\/portalurbano\/wp-content\/uploads\/2019\/09\/Logo-Original.png\",\"contentUrl\":\"https:\/\/experienciadevida.com.ar\/portalurbano\/wp-content\/uploads\/2019\/09\/Logo-Original.png\",\"width\":2236,\"height\":1216,\"caption\":\"Portal Urbano\"},\"image\":{\"@id\":\"https:\/\/experienciadevida.com.ar\/portalurbano\/#\/schema\/logo\/image\/\"},\"sameAs\":[\"https:\/\/www.facebook.com\/Portal-Urbano-171542830093757\/\",\"https:\/\/twitter.com\/portalurbanook\",\"https:\/\/www.instagram.com\/_portalurbano\/\",\"https:\/\/www.youtube.com\/channel\/UCXhagIfszH8KxFiOok79zbA?view_as=subscriber\"]},{\"@type\":\"Person\",\"@id\":\"https:\/\/experienciadevida.com.ar\/portalurbano\/#\/schema\/person\/02dd326b1c4b056e9cc972486934a3a7\",\"name\":\"admpu17wp\",\"image\":{\"@type\":\"ImageObject\",\"inLanguage\":\"es\",\"@id\":\"https:\/\/experienciadevida.com.ar\/portalurbano\/#\/schema\/person\/image\/\",\"url\":\"https:\/\/secure.gravatar.com\/avatar\/830d4c57adaae6630765e449a6908047?s=96&d=mm&r=g\",\"contentUrl\":\"https:\/\/secure.gravatar.com\/avatar\/830d4c57adaae6630765e449a6908047?s=96&d=mm&r=g\",\"caption\":\"admpu17wp\"}}]}<\/script>\n<!-- \/ Yoast SEO plugin. -->","yoast_head_json":{"title":"El Quir\u00f3fano m\u00f3vil llega al barrio Provincias Unidas","description":"El Quir\u00f3fano M\u00f3vil llega al barrio Provincias Unidas, para realizar esterilizaciones quir\u00fargicas caninas y felinas.","robots":{"index":"index","follow":"follow","max-snippet":"max-snippet:-1","max-image-preview":"max-image-preview:large","max-video-preview":"max-video-preview:-1"},"canonical":"https:\/\/experienciadevida.com.ar\/portalurbano\/el-quirofano-movil-llega-al-barrio-provincias-unidas\/","og_locale":"es_ES","og_type":"article","og_title":"El Quir\u00f3fano m\u00f3vil llega al barrio Provincias Unidas","og_description":"El Quir\u00f3fano M\u00f3vil llega al barrio Provincias Unidas, para realizar esterilizaciones quir\u00fargicas caninas y felinas.","og_url":"https:\/\/experienciadevida.com.ar\/portalurbano\/el-quirofano-movil-llega-al-barrio-provincias-unidas\/","article_publisher":"https:\/\/www.facebook.com\/Portal-Urbano-171542830093757\/","article_published_time":"2022-04-02T14:08:59+00:00","article_modified_time":"2022-04-02T14:59:13+00:00","og_image":[{"width":800,"height":530,"url":"https:\/\/experienciadevida.com.ar\/portalurbano\/wp-content\/uploads\/2020\/02\/Quirofano-Movil-1024x678-1-e1582903724888.jpg","type":"image\/jpeg"}],"author":"admpu17wp","twitter_card":"summary_large_image","twitter_creator":"@portalurbanook","twitter_site":"@portalurbanook","twitter_misc":{"Escrito por":"admpu17wp","Tiempo de lectura":"1 minuto"},"schema":{"@context":"https:\/\/schema.org","@graph":[{"@type":"Article","@id":"https:\/\/experienciadevida.com.ar\/portalurbano\/el-quirofano-movil-llega-al-barrio-provincias-unidas\/#article","isPartOf":{"@id":"https:\/\/experienciadevida.com.ar\/portalurbano\/el-quirofano-movil-llega-al-barrio-provincias-unidas\/"},"author":{"name":"admpu17wp","@id":"https:\/\/experienciadevida.com.ar\/portalurbano\/#\/schema\/person\/02dd326b1c4b056e9cc972486934a3a7"},"headline":"El Quir\u00f3fano M\u00f3vil llega al barrio Provincias Unidas","datePublished":"2022-04-02T14:08:59+00:00","dateModified":"2022-04-02T14:59:13+00:00","mainEntityOfPage":{"@id":"https:\/\/experienciadevida.com.ar\/portalurbano\/el-quirofano-movil-llega-al-barrio-provincias-unidas\/"},"wordCount":177,"publisher":{"@id":"https:\/\/experienciadevida.com.ar\/portalurbano\/#organization"},"articleSection":["Ciudad","Destacadas"],"inLanguage":"es"},{"@type":"WebPage","@id":"https:\/\/experienciadevida.com.ar\/portalurbano\/el-quirofano-movil-llega-al-barrio-provincias-unidas\/","url":"https:\/\/experienciadevida.com.ar\/portalurbano\/el-quirofano-movil-llega-al-barrio-provincias-unidas\/","name":"El Quir\u00f3fano m\u00f3vil llega al barrio Provincias Unidas","isPartOf":{"@id":"https:\/\/experienciadevida.com.ar\/portalurbano\/#website"},"datePublished":"2022-04-02T14:08:59+00:00","dateModified":"2022-04-02T14:59:13+00:00","description":"El Quir\u00f3fano M\u00f3vil llega al barrio Provincias Unidas, para realizar esterilizaciones quir\u00fargicas caninas y felinas.","breadcrumb":{"@id":"https:\/\/experienciadevida.com.ar\/portalurbano\/el-quirofano-movil-llega-al-barrio-provincias-unidas\/#breadcrumb"},"inLanguage":"es","potentialAction":[{"@type":"ReadAction","target":["https:\/\/experienciadevida.com.ar\/portalurbano\/el-quirofano-movil-llega-al-barrio-provincias-unidas\/"]}]},{"@type":"BreadcrumbList","@id":"https:\/\/experienciadevida.com.ar\/portalurbano\/el-quirofano-movil-llega-al-barrio-provincias-unidas\/#breadcrumb","itemListElement":[{"@type":"ListItem","position":1,"name":"Portada","item":"https:\/\/experienciadevida.com.ar\/portalurbano\/"},{"@type":"ListItem","position":2,"name":"El Quir\u00f3fano M\u00f3vil llega al barrio Provincias Unidas"}]},{"@type":"WebSite","@id":"https:\/\/experienciadevida.com.ar\/portalurbano\/#website","url":"https:\/\/experienciadevida.com.ar\/portalurbano\/","name":"","description":"","publisher":{"@id":"https:\/\/experienciadevida.com.ar\/portalurbano\/#organization"},"potentialAction":[{"@type":"SearchAction","target":{"@type":"EntryPoint","urlTemplate":"https:\/\/experienciadevida.com.ar\/portalurbano\/?s={search_term_string}"},"query-input":"required name=search_term_string"}],"inLanguage":"es"},{"@type":"Organization","@id":"https:\/\/experienciadevida.com.ar\/portalurbano\/#organization","name":"Portal Urbano","url":"https:\/\/experienciadevida.com.ar\/portalurbano\/","logo":{"@type":"ImageObject","inLanguage":"es","@id":"https:\/\/experienciadevida.com.ar\/portalurbano\/#\/schema\/logo\/image\/","url":"https:\/\/experienciadevida.com.ar\/portalurbano\/wp-content\/uploads\/2019\/09\/Logo-Original.png","contentUrl":"https:\/\/experienciadevida.com.ar\/portalurbano\/wp-content\/uploads\/2019\/09\/Logo-Original.png","width":2236,"height":1216,"caption":"Portal Urbano"},"image":{"@id":"https:\/\/experienciadevida.com.ar\/portalurbano\/#\/schema\/logo\/image\/"},"sameAs":["https:\/\/www.facebook.com\/Portal-Urbano-171542830093757\/","https:\/\/twitter.com\/portalurbanook","https:\/\/www.instagram.com\/_portalurbano\/","https:\/\/www.youtube.com\/channel\/UCXhagIfszH8KxFiOok79zbA?view_as=subscriber"]},{"@type":"Person","@id":"https:\/\/experienciadevida.com.ar\/portalurbano\/#\/schema\/person\/02dd326b1c4b056e9cc972486934a3a7","name":"admpu17wp","image":{"@type":"ImageObject","inLanguage":"es","@id":"https:\/\/experienciadevida.com.ar\/portalurbano\/#\/schema\/person\/image\/","url":"https:\/\/secure.gravatar.com\/avatar\/830d4c57adaae6630765e449a6908047?s=96&d=mm&r=g","contentUrl":"https:\/\/secure.gravatar.com\/avatar\/830d4c57adaae6630765e449a6908047?s=96&d=mm&r=g","caption":"admpu17wp"}}]}},"featured_image_urls":{"full":["https:\/\/experienciadevida.com.ar\/portalurbano\/wp-content\/uploads\/2020\/02\/Quirofano-Movil-1024x678-1-e1582903724888.jpg",800,530,false],"thumbnail":["https:\/\/experienciadevida.com.ar\/portalurbano\/wp-content\/uploads\/2020\/02\/Quirofano-Movil-1024x678-1-150x150.jpg",150,150,true],"medium":["https:\/\/experienciadevida.com.ar\/portalurbano\/wp-content\/uploads\/2020\/02\/Quirofano-Movil-1024x678-1-300x199.jpg",300,199,true],"medium_large":["https:\/\/experienciadevida.com.ar\/portalurbano\/wp-content\/uploads\/2020\/02\/Quirofano-Movil-1024x678-1-768x509.jpg",640,424,true],"large":["https:\/\/experienciadevida.com.ar\/portalurbano\/wp-content\/uploads\/2020\/02\/Quirofano-Movil-1024x678-1-e1582903724888.jpg",640,424,false],"ug_big":["https:\/\/experienciadevida.com.ar\/portalurbano\/wp-content\/uploads\/2020\/02\/Quirofano-Movil-1024x678-1-768x509.jpg",768,509,true],"1536x1536":["https:\/\/experienciadevida.com.ar\/portalurbano\/wp-content\/uploads\/2020\/02\/Quirofano-Movil-1024x678-1-e1582903724888.jpg",800,530,false],"2048x2048":["https:\/\/experienciadevida.com.ar\/portalurbano\/wp-content\/uploads\/2020\/02\/Quirofano-Movil-1024x678-1-e1582903724888.jpg",800,530,false],"newsever-slider-full":["https:\/\/experienciadevida.com.ar\/portalurbano\/wp-content\/uploads\/2020\/02\/Quirofano-Movil-1024x678-1-e1582903724888.jpg",800,530,false],"newsever-featured":["https:\/\/experienciadevida.com.ar\/portalurbano\/wp-content\/uploads\/2020\/02\/Quirofano-Movil-1024x678-1-e1582903724888.jpg",800,530,false],"newsever-medium":["https:\/\/experienciadevida.com.ar\/portalurbano\/wp-content\/uploads\/2020\/02\/Quirofano-Movil-1024x678-1-e1582903724888.jpg",717,475,false],"web-stories-poster-portrait":["https:\/\/experienciadevida.com.ar\/portalurbano\/wp-content\/uploads\/2020\/02\/Quirofano-Movil-1024x678-1-e1582903724888.jpg",640,424,false],"web-stories-publisher-logo":["https:\/\/experienciadevida.com.ar\/portalurbano\/wp-content\/uploads\/2020\/02\/Quirofano-Movil-1024x678-1-e1582903724888.jpg",96,64,false],"web-stories-thumbnail":["https:\/\/experienciadevida.com.ar\/portalurbano\/wp-content\/uploads\/2020\/02\/Quirofano-Movil-1024x678-1-e1582903724888.jpg",150,99,false]},"author_info":{"display_name":"admpu17wp","author_link":"https:\/\/experienciadevida.com.ar\/portalurbano\/author\/admpu17wp\/"},"category_info":"<a href=\"https:\/\/experienciadevida.com.ar\/portalurbano\/category\/ciudad\/\" rel=\"category tag\">Ciudad<\/a> <a href=\"https:\/\/experienciadevida.com.ar\/portalurbano\/category\/destacadas\/\" rel=\"category tag\">Destacadas<\/a>","tag_info":"Destacadas","comment_count":"0","amp_enabled":true,"_links":{"self":[{"href":"https:\/\/experienciadevida.com.ar\/portalurbano\/wp-json\/wp\/v2\/posts\/164809"}],"collection":[{"href":"https:\/\/experienciadevida.com.ar\/portalurbano\/wp-json\/wp\/v2\/posts"}],"about":[{"href":"https:\/\/experienciadevida.com.ar\/portalurbano\/wp-json\/wp\/v2\/types\/post"}],"author":[{"embeddable":true,"href":"https:\/\/experienciadevida.com.ar\/portalurbano\/wp-json\/wp\/v2\/users\/1"}],"replies":[{"embeddable":true,"href":"https:\/\/experienciadevida.com.ar\/portalurbano\/wp-json\/wp\/v2\/comments?post=164809"}],"version-history":[{"count":1,"href":"https:\/\/experienciadevida.com.ar\/portalurbano\/wp-json\/wp\/v2\/posts\/164809\/revisions"}],"predecessor-version":[{"id":164810,"href":"https:\/\/experienciadevida.com.ar\/portalurbano\/wp-json\/wp\/v2\/posts\/164809\/revisions\/164810"}],"wp:featuredmedia":[{"embeddable":true,"href":"https:\/\/experienciadevida.com.ar\/portalurbano\/wp-json\/wp\/v2\/media\/102662"}],"wp:attachment":[{"href":"https:\/\/experienciadevida.com.ar\/portalurbano\/wp-json\/wp\/v2\/media?parent=164809"}],"wp:term":[{"taxonomy":"category","embeddable":true,"href":"https:\/\/experienciadevida.com.ar\/portalurbano\/wp-json\/wp\/v2\/categories?post=164809"},{"taxonomy":"post_tag","embeddable":true,"href":"https:\/\/experienciadevida.com.ar\/portalurbano\/wp-json\/wp\/v2\/tags?post=164809"}],"curies":[{"name":"wp","href":"https:\/\/api.w.org\/{rel}","templated":true}]}}