{"id":164794,"date":"2022-04-01T19:46:10","date_gmt":"2022-04-01T22:46:10","guid":{"rendered":"https:\/\/experienciadevida.com.ar\/portalurbano\/?p=164794"},"modified":"2022-04-01T19:47:28","modified_gmt":"2022-04-01T22:47:28","slug":"graduado-de-la-facso-participo-en-el-acto-de-reparacion-de-legajos-de-ocho-miembros-del-conicet","status":"publish","type":"post","link":"https:\/\/experienciadevida.com.ar\/portalurbano\/graduado-de-la-facso-participo-en-el-acto-de-reparacion-de-legajos-de-ocho-miembros-del-conicet\/","title":{"rendered":"Graduado de la FACSO particip\u00f3 en el acto de reparaci\u00f3n de legajos de ocho miembros del CONICET"},"content":{"rendered":"<p>Graduado de la FACSO particip\u00f3 en el acto de reparaci\u00f3n de legajos de ocho miembros del CONICET, el Lic. Leandro Lora Fari\u00f1a, graduado de la Facultad de Ciencias Sociales y becario doctoral, integra la Comisi\u00f3n de la Memoria del Consejo Nacional de Investigaciones Cient\u00edficas y T\u00e9cnicas. En el marco del D\u00eda de la Memoria por la Verdad y la Justicia este organismo entreg\u00f3 los legajos reconstruidos a familiares de ocho integrantes del CONICET que fueron v\u00edctimas del terrorismo de Estado.<\/p>\n<p>En un acto realizado en el Centro Cultural de la Ciencia en la Ciudad Aut\u00f3noma de Buenos Aires, el pasado 24 de marzo el CONICET entreg\u00f3 los legajos reparados y\/o reconstruidos a los familiares y allegados\/as de ocho miembros de la comunidad del Consejo que fueron detenidos\/as-desaparecidos\/as y\/o asesinados\/as como v\u00edctimas del terrorismo de Estado. En el mismo participaron el presidente de la Naci\u00f3n, Dr. Alberto Fern\u00e1ndez; el ministro de Ciencia, Tecnolog\u00eda e Innovaci\u00f3n, Daniel Filmus; Taty Almeida, madre de Plaza de Mayo L\u00ednea Fundadora, y Lita Boitano, presidenta de Familiares de Desaparecidos y Detenidos por Razones Pol\u00edticas.<\/p>\n<p>Este homenaje y reparaci\u00f3n a las v\u00edctimas de la dictadura pertenecientes al CONICET es posible a partir del trabajo realizado por la Comisi\u00f3n de la Memoria del Consejo, creada hace un a\u00f1o especialmente para este fin por resoluci\u00f3n de la presidenta del organismo Ana Franchi.<\/p>\n<p>En dicho acto, que constituy\u00f3 un evento de importancia para el organismo, particip\u00f3 el Lic. Leandro Lora Fari\u00f1a, graduado de la Licenciatura en Antropolog\u00eda Social de Facultad de Ciencias Sociales quien integra la Comisi\u00f3n de la Memoria del CONICET en el marco de una beca doctoral vinculada a los procesos de Memoria, Verdad y Justicia.<br \/>\n\u201cA partir de este momento dejamos expuesta una nueva identidad como comunidad cient\u00edfica argentina, y creo que la identidad que construimos es motivo de orgullo. Es empezar a decirnos la verdad. Hoy la ciencia argentina tiene un nuevo rostro y un nuevo desaf\u00edo, a partir de hoy renovamos nuestro compromiso con la historia, la memoria y la justicia\u201d, fueron algunas de las expresiones del Lic. Lora en el marco del acto de reparaci\u00f3n para integrantes del CONICET.<\/p>\n<p>\u201cLa dictadura instituy\u00f3 una marca burocr\u00e1tica que tergivers\u00f3 la verdad al punto de que en la propia burocracia administrativa del CONICET quedaron sesgos en la documentaci\u00f3n. Tal es as\u00ed que hay personas que figuran como cesanteadas porque no se presentaron a sus lugares de trabajo, porque no respondieron ante los pedidos de presencialidad en tiempo y en forma, o se les terminaban las becas y ten\u00edan que dar aviso de continuidad, y les dieron de baja por la falta de respuesta. Pero hay un mont\u00f3n de documentaci\u00f3n que prueba que los familiares de estas personas o allegados, amigos, daban a conocer al CONICET que no es que la persona no se present\u00f3 a trabajar porque no ten\u00eda ganas de ir, sino porque hab\u00eda sido v\u00edctima de la dictadura, lo hab\u00edan secuestrado o estaba exiliado\u201d, explic\u00f3 sobre la importancia del trabajo que desde hace un a\u00f1o lleva adelante la Comisi\u00f3n de la Memoria del Consejo, de la que forma parte.<\/p>\n<p><a href=\"https:\/\/experienciadevida.com.ar\/portalurbano\/graduado-de-la-facso-participo-en-el-acto-de-reparacion-de-legajos-de-ocho-miembros-del-conicet\/graduado\/\" rel=\"attachment wp-att-164796\"><img decoding=\"async\" class=\"alignnone size-full wp-image-164796\" src=\"https:\/\/experienciadevida.com.ar\/portalurbano\/wp-content\/uploads\/2022\/04\/Graduado.jpg\" alt=\"Graduado \" width=\"1000\" height=\"548\" srcset=\"https:\/\/experienciadevida.com.ar\/portalurbano\/wp-content\/uploads\/2022\/04\/Graduado.jpg 1000w, https:\/\/experienciadevida.com.ar\/portalurbano\/wp-content\/uploads\/2022\/04\/Graduado-300x164.jpg 300w, https:\/\/experienciadevida.com.ar\/portalurbano\/wp-content\/uploads\/2022\/04\/Graduado-768x421.jpg 768w\" sizes=\"(max-width: 1000px) 100vw, 1000px\" \/><\/a><\/p>\n<p>A partir de la detallada investigaci\u00f3n de esta Comisi\u00f3n se comenzaron a reconstruir historias y, para el \u00faltimo 24 de marzo, se lograron reparar los legajos de ocho integrantes del CONICET, que fueron entregados a sus familiares. \u201cHay muchos casos m\u00e1s sobre los que se est\u00e1 trabajando, pero el rastreo es muy detallado, hay muchos legajos y documentaciones para investigar, para corroborar y que el dato sea certero. Se sabe que hay muchos casos, desde cient\u00edficos, trabajadores del \u00e1mbito administrativo o que integraban la planta de trabajo del organismo, hasta becarios y becarias; que en mi caso particular son los casos m\u00e1s impactantes porque uno se siente identificado por una cuesti\u00f3n generacional y de empat\u00eda con el cargo. Uno como becario est\u00e1 iniciando un camino, y esos caminos fueron cortados directamente, porque se tuvieron que exiliar o terminaron con sus vidas\u201d, reflexion\u00f3 el Lic. Lora.<\/p>\n<p>El becario del CONICET, quien desarrolla su trabajo dentro del Grupo de Estudios Socioculturales del Conflicto (GESC) de la Facultad de Ciencias Sociales (UNICEN), resalt\u00f3 que \u201cla marca burocr\u00e1tica que instal\u00f3 la dictadura perdur\u00f3 m\u00e1s de 40 a\u00f1os en el registro administrativo de un organismo que se dedica a la investigaci\u00f3n. Por eso para m\u00ed es muy potente que el organismo cient\u00edfico nacional por excelencia, puedan observarse a s\u00ed mismo, investigarse a s\u00ed mismo, y reparar aquello que constituye una marca burocr\u00e1tica de la dictadura y transformarlo en una marca burocr\u00e1tica pero de la democracia. Si la ciencia es capaz de hacer esa reflexi\u00f3n consigo misma, es un horizonte para hacer una reflexi\u00f3n mucho m\u00e1s profunda sobre aquellas otras deudas que hay que reparar en el pa\u00eds\u201d.<\/p>\n<p><strong>Comisi\u00f3n de la Memoria<\/strong><\/p>\n<p>La Comisi\u00f3n de la Memoria del CONICET se propone no solo recordar a quienes sufrieron la desaparici\u00f3n f\u00edsica, sino tambi\u00e9n a quienes el gobierno militar les impidi\u00f3 continuar con sus investigaciones; quienes se vieron en la obligaci\u00f3n de refugiarse en el exilio, tanto externo como interno; y a quienes no tuvieron el reconocimiento por sus a\u00f1os de trabajo o vieron impedida su situaci\u00f3n previsional. Es decir: para todas las v\u00edctimas en el sentido amplio de la palabra.<\/p>\n<p>El Lic. Lora forma parte de la misma desde su creaci\u00f3n, un a\u00f1o atr\u00e1s, y fue convocado por el Dr. Santiago Gara\u00f1o, investigador que le dirige la beca doctoral, adem\u00e1s de ser el impulsor y coordinador de dicha Comisi\u00f3n en el Consejo.<\/p>\n<p>El graduado de la Facultad de Ciencias Sociales present\u00f3 su tesis de Licenciatura en abril del a\u00f1o 2020, vinculada a la investigaci\u00f3n de los procesos de Memoria, Verdad y Justicia en el \u00e1mbito olavarriense en el marco del juicio Monte Pelloni I. Actualmente se encuentra en la instancia doctoral en la Facultad de Filosof\u00eda y Letras de la UBA.<\/p>\n<p><strong>Ocho historias reconstruidas<\/strong><\/p>\n<p>Los legajos reconstruidos y reparados por la Comisi\u00f3n de la Memoria del CONICET son los de Dante Guede, integrante de la Carrera de Personal de Apoyo (CPA) en el Instituto Argentino de Radioastronom\u00eda (IAR); Alicia Cardoso, CPA del Instituto de Astronom\u00eda y F\u00edsica del Espacio (IAFE); Liliana Galletti, becaria en la Facultad de Humanidades de la Universidad Nacional de La Plata (UNLP); Mario Oreste Galuppo, becario en la Universidad Tecnol\u00f3gica Nacional (UTN) Rosario; Federico Gerardo Ludden, becario de la Facultad de Ciencias Exactas de la UNLP; Mart\u00edn Toursarkissian, investigador en el Museo Argentino de Ciencias Naturales &#8220;Bernardino Rivadavia&#8221; (MACN); Manuel Ram\u00f3n Saavedra, bibliotecario en el MACN; y Roberto Luis L\u00f3pez Avramo, CPA en el Instituto de Oncolog\u00eda \u201c\u00c1ngel H. Roffo\u201d.<\/p>\n<p><a href=\"https:\/\/experienciadevida.com.ar\/portalurbano\/graduado-de-la-facso-participo-en-el-acto-de-reparacion-de-legajos-de-ocho-miembros-del-conicet\/de-la-facso\/\" rel=\"attachment wp-att-164797\"><img decoding=\"async\" class=\"alignnone size-full wp-image-164797\" src=\"https:\/\/experienciadevida.com.ar\/portalurbano\/wp-content\/uploads\/2022\/04\/de-la-FACSO.jpg\" alt=\"de la FACSO\" width=\"995\" height=\"560\" srcset=\"https:\/\/experienciadevida.com.ar\/portalurbano\/wp-content\/uploads\/2022\/04\/de-la-FACSO.jpg 995w, https:\/\/experienciadevida.com.ar\/portalurbano\/wp-content\/uploads\/2022\/04\/de-la-FACSO-300x169.jpg 300w, https:\/\/experienciadevida.com.ar\/portalurbano\/wp-content\/uploads\/2022\/04\/de-la-FACSO-768x432.jpg 768w\" sizes=\"(max-width: 995px) 100vw, 995px\" \/><\/a><\/p>\n<p>Durante el homenaje realizado el pasado jueves 24 de marzo, Ana Frachi, presidenta del CONICET, remarc\u00f3 el rol del Consejo durante la dictadura como organismo del Estado y sostuvo: \u201cPor acci\u00f3n u omisi\u00f3n el CONICET institucionalmente ha sido c\u00f3mplice de las violaciones sistem\u00e1ticas de los derechos humanos, los derechos de su propia comunidad\u201d.<\/p>\n<p>\u201cEl CONICET asume su responsabilidad hist\u00f3rica por lo ocurrido y se compromete a luchar para que nunca m\u00e1s se repita la violencia y la persecuci\u00f3n. Es nuestro sentimiento m\u00e1s profundo, es nuestra postura \u00e9tica por la verdad y la justicia, es nuestro compromiso pol\u00edtico por seguir construyendo un organismo democr\u00e1tico que, a trav\u00e9s de la investigaci\u00f3n cient\u00edfica y tecnol\u00f3gica, aporte a los derechos humanos de todas y de todos. Ahora, y siempre\u201d, agreg\u00f3.<\/p>\n","protected":false},"excerpt":{"rendered":"<p>Graduado de la FACSO particip\u00f3 en el acto de reparaci\u00f3n de legajos de ocho miembros&#8230;<\/p>\n","protected":false},"author":1,"featured_media":164795,"comment_status":"closed","ping_status":"closed","sticky":false,"template":"","format":"standard","meta":{"content-type":""},"categories":[31],"tags":[],"nelio_content":{"isAutoShareEnabled":false,"autoShareEndMode":"default","automationSources":{"useContentSentences":true,"useSocialTemplates":true,"useCustomSentences":false,"customSentences":[]},"followers":[1],"suggestedReferences":[],"includedReferences":[],"efiUrl":"","efiAlt":"","highlights":[]},"yoast_head":"<!-- This site is optimized with the Yoast SEO plugin v20.7 - https:\/\/yoast.com\/wordpress\/plugins\/seo\/ -->\n<title>Graduado de la FACSO particip\u00f3 en el acto de reparaci\u00f3n de legajos<\/title>\n<meta name=\"description\" content=\"Graduado de la FACSO particip\u00f3 en el acto de reparaci\u00f3n de legajos de ocho miembros del CONICET, el Lic. Leandro Lora Fari\u00f1a\" \/>\n<meta name=\"robots\" content=\"index, follow, max-snippet:-1, max-image-preview:large, max-video-preview:-1\" \/>\n<link rel=\"canonical\" href=\"https:\/\/experienciadevida.com.ar\/portalurbano\/graduado-de-la-facso-participo-en-el-acto-de-reparacion-de-legajos-de-ocho-miembros-del-conicet\/\" \/>\n<meta property=\"og:locale\" content=\"es_ES\" \/>\n<meta property=\"og:type\" content=\"article\" \/>\n<meta property=\"og:title\" content=\"Graduado de la FACSO particip\u00f3 en el acto de reparaci\u00f3n de legajos\" \/>\n<meta property=\"og:description\" content=\"Graduado de la FACSO particip\u00f3 en el acto de reparaci\u00f3n de legajos de ocho miembros del CONICET, el Lic. Leandro Lora Fari\u00f1a\" \/>\n<meta property=\"og:url\" content=\"https:\/\/experienciadevida.com.ar\/portalurbano\/graduado-de-la-facso-participo-en-el-acto-de-reparacion-de-legajos-de-ocho-miembros-del-conicet\/\" \/>\n<meta property=\"article:publisher\" content=\"https:\/\/www.facebook.com\/Portal-Urbano-171542830093757\/\" \/>\n<meta property=\"article:published_time\" content=\"2022-04-01T22:46:10+00:00\" \/>\n<meta property=\"article:modified_time\" content=\"2022-04-01T22:47:28+00:00\" \/>\n<meta property=\"og:image\" content=\"https:\/\/experienciadevida.com.ar\/portalurbano\/wp-content\/uploads\/2022\/04\/Graduado-de-la-FACSO.jpg\" \/>\n\t<meta property=\"og:image:width\" content=\"1000\" \/>\n\t<meta property=\"og:image:height\" content=\"542\" \/>\n\t<meta property=\"og:image:type\" content=\"image\/jpeg\" \/>\n<meta name=\"author\" content=\"admpu17wp\" \/>\n<meta name=\"twitter:card\" content=\"summary_large_image\" \/>\n<meta name=\"twitter:creator\" content=\"@portalurbanook\" \/>\n<meta name=\"twitter:site\" content=\"@portalurbanook\" \/>\n<meta name=\"twitter:label1\" content=\"Escrito por\" \/>\n\t<meta name=\"twitter:data1\" content=\"admpu17wp\" \/>\n\t<meta name=\"twitter:label2\" content=\"Tiempo de lectura\" \/>\n\t<meta name=\"twitter:data2\" content=\"7 minutos\" \/>\n<script type=\"application\/ld+json\" class=\"yoast-schema-graph\">{\"@context\":\"https:\/\/schema.org\",\"@graph\":[{\"@type\":\"Article\",\"@id\":\"https:\/\/experienciadevida.com.ar\/portalurbano\/graduado-de-la-facso-participo-en-el-acto-de-reparacion-de-legajos-de-ocho-miembros-del-conicet\/#article\",\"isPartOf\":{\"@id\":\"https:\/\/experienciadevida.com.ar\/portalurbano\/graduado-de-la-facso-participo-en-el-acto-de-reparacion-de-legajos-de-ocho-miembros-del-conicet\/\"},\"author\":{\"name\":\"admpu17wp\",\"@id\":\"https:\/\/experienciadevida.com.ar\/portalurbano\/#\/schema\/person\/02dd326b1c4b056e9cc972486934a3a7\"},\"headline\":\"Graduado de la FACSO particip\u00f3 en el acto de reparaci\u00f3n de legajos de ocho miembros del CONICET\",\"datePublished\":\"2022-04-01T22:46:10+00:00\",\"dateModified\":\"2022-04-01T22:47:28+00:00\",\"mainEntityOfPage\":{\"@id\":\"https:\/\/experienciadevida.com.ar\/portalurbano\/graduado-de-la-facso-participo-en-el-acto-de-reparacion-de-legajos-de-ocho-miembros-del-conicet\/\"},\"wordCount\":1332,\"publisher\":{\"@id\":\"https:\/\/experienciadevida.com.ar\/portalurbano\/#organization\"},\"articleSection\":[\"Educaci\u00f3n\"],\"inLanguage\":\"es\"},{\"@type\":\"WebPage\",\"@id\":\"https:\/\/experienciadevida.com.ar\/portalurbano\/graduado-de-la-facso-participo-en-el-acto-de-reparacion-de-legajos-de-ocho-miembros-del-conicet\/\",\"url\":\"https:\/\/experienciadevida.com.ar\/portalurbano\/graduado-de-la-facso-participo-en-el-acto-de-reparacion-de-legajos-de-ocho-miembros-del-conicet\/\",\"name\":\"Graduado de la FACSO particip\u00f3 en el acto de reparaci\u00f3n de legajos\",\"isPartOf\":{\"@id\":\"https:\/\/experienciadevida.com.ar\/portalurbano\/#website\"},\"datePublished\":\"2022-04-01T22:46:10+00:00\",\"dateModified\":\"2022-04-01T22:47:28+00:00\",\"description\":\"Graduado de la FACSO particip\u00f3 en el acto de reparaci\u00f3n de legajos de ocho miembros del CONICET, el Lic. Leandro Lora Fari\u00f1a\",\"breadcrumb\":{\"@id\":\"https:\/\/experienciadevida.com.ar\/portalurbano\/graduado-de-la-facso-participo-en-el-acto-de-reparacion-de-legajos-de-ocho-miembros-del-conicet\/#breadcrumb\"},\"inLanguage\":\"es\",\"potentialAction\":[{\"@type\":\"ReadAction\",\"target\":[\"https:\/\/experienciadevida.com.ar\/portalurbano\/graduado-de-la-facso-participo-en-el-acto-de-reparacion-de-legajos-de-ocho-miembros-del-conicet\/\"]}]},{\"@type\":\"BreadcrumbList\",\"@id\":\"https:\/\/experienciadevida.com.ar\/portalurbano\/graduado-de-la-facso-participo-en-el-acto-de-reparacion-de-legajos-de-ocho-miembros-del-conicet\/#breadcrumb\",\"itemListElement\":[{\"@type\":\"ListItem\",\"position\":1,\"name\":\"Portada\",\"item\":\"https:\/\/experienciadevida.com.ar\/portalurbano\/\"},{\"@type\":\"ListItem\",\"position\":2,\"name\":\"Graduado de la FACSO particip\u00f3 en el acto de reparaci\u00f3n de legajos de ocho miembros del CONICET\"}]},{\"@type\":\"WebSite\",\"@id\":\"https:\/\/experienciadevida.com.ar\/portalurbano\/#website\",\"url\":\"https:\/\/experienciadevida.com.ar\/portalurbano\/\",\"name\":\"\",\"description\":\"\",\"publisher\":{\"@id\":\"https:\/\/experienciadevida.com.ar\/portalurbano\/#organization\"},\"potentialAction\":[{\"@type\":\"SearchAction\",\"target\":{\"@type\":\"EntryPoint\",\"urlTemplate\":\"https:\/\/experienciadevida.com.ar\/portalurbano\/?s={search_term_string}\"},\"query-input\":\"required name=search_term_string\"}],\"inLanguage\":\"es\"},{\"@type\":\"Organization\",\"@id\":\"https:\/\/experienciadevida.com.ar\/portalurbano\/#organization\",\"name\":\"Portal Urbano\",\"url\":\"https:\/\/experienciadevida.com.ar\/portalurbano\/\",\"logo\":{\"@type\":\"ImageObject\",\"inLanguage\":\"es\",\"@id\":\"https:\/\/experienciadevida.com.ar\/portalurbano\/#\/schema\/logo\/image\/\",\"url\":\"https:\/\/experienciadevida.com.ar\/portalurbano\/wp-content\/uploads\/2019\/09\/Logo-Original.png\",\"contentUrl\":\"https:\/\/experienciadevida.com.ar\/portalurbano\/wp-content\/uploads\/2019\/09\/Logo-Original.png\",\"width\":2236,\"height\":1216,\"caption\":\"Portal Urbano\"},\"image\":{\"@id\":\"https:\/\/experienciadevida.com.ar\/portalurbano\/#\/schema\/logo\/image\/\"},\"sameAs\":[\"https:\/\/www.facebook.com\/Portal-Urbano-171542830093757\/\",\"https:\/\/twitter.com\/portalurbanook\",\"https:\/\/www.instagram.com\/_portalurbano\/\",\"https:\/\/www.youtube.com\/channel\/UCXhagIfszH8KxFiOok79zbA?view_as=subscriber\"]},{\"@type\":\"Person\",\"@id\":\"https:\/\/experienciadevida.com.ar\/portalurbano\/#\/schema\/person\/02dd326b1c4b056e9cc972486934a3a7\",\"name\":\"admpu17wp\",\"image\":{\"@type\":\"ImageObject\",\"inLanguage\":\"es\",\"@id\":\"https:\/\/experienciadevida.com.ar\/portalurbano\/#\/schema\/person\/image\/\",\"url\":\"https:\/\/secure.gravatar.com\/avatar\/830d4c57adaae6630765e449a6908047?s=96&d=mm&r=g\",\"contentUrl\":\"https:\/\/secure.gravatar.com\/avatar\/830d4c57adaae6630765e449a6908047?s=96&d=mm&r=g\",\"caption\":\"admpu17wp\"}}]}<\/script>\n<!-- \/ Yoast SEO plugin. -->","yoast_head_json":{"title":"Graduado de la FACSO particip\u00f3 en el acto de reparaci\u00f3n de legajos","description":"Graduado de la FACSO particip\u00f3 en el acto de reparaci\u00f3n de legajos de ocho miembros del CONICET, el Lic. Leandro Lora Fari\u00f1a","robots":{"index":"index","follow":"follow","max-snippet":"max-snippet:-1","max-image-preview":"max-image-preview:large","max-video-preview":"max-video-preview:-1"},"canonical":"https:\/\/experienciadevida.com.ar\/portalurbano\/graduado-de-la-facso-participo-en-el-acto-de-reparacion-de-legajos-de-ocho-miembros-del-conicet\/","og_locale":"es_ES","og_type":"article","og_title":"Graduado de la FACSO particip\u00f3 en el acto de reparaci\u00f3n de legajos","og_description":"Graduado de la FACSO particip\u00f3 en el acto de reparaci\u00f3n de legajos de ocho miembros del CONICET, el Lic. Leandro Lora Fari\u00f1a","og_url":"https:\/\/experienciadevida.com.ar\/portalurbano\/graduado-de-la-facso-participo-en-el-acto-de-reparacion-de-legajos-de-ocho-miembros-del-conicet\/","article_publisher":"https:\/\/www.facebook.com\/Portal-Urbano-171542830093757\/","article_published_time":"2022-04-01T22:46:10+00:00","article_modified_time":"2022-04-01T22:47:28+00:00","og_image":[{"width":1000,"height":542,"url":"https:\/\/experienciadevida.com.ar\/portalurbano\/wp-content\/uploads\/2022\/04\/Graduado-de-la-FACSO.jpg","type":"image\/jpeg"}],"author":"admpu17wp","twitter_card":"summary_large_image","twitter_creator":"@portalurbanook","twitter_site":"@portalurbanook","twitter_misc":{"Escrito por":"admpu17wp","Tiempo de lectura":"7 minutos"},"schema":{"@context":"https:\/\/schema.org","@graph":[{"@type":"Article","@id":"https:\/\/experienciadevida.com.ar\/portalurbano\/graduado-de-la-facso-participo-en-el-acto-de-reparacion-de-legajos-de-ocho-miembros-del-conicet\/#article","isPartOf":{"@id":"https:\/\/experienciadevida.com.ar\/portalurbano\/graduado-de-la-facso-participo-en-el-acto-de-reparacion-de-legajos-de-ocho-miembros-del-conicet\/"},"author":{"name":"admpu17wp","@id":"https:\/\/experienciadevida.com.ar\/portalurbano\/#\/schema\/person\/02dd326b1c4b056e9cc972486934a3a7"},"headline":"Graduado de la FACSO particip\u00f3 en el acto de reparaci\u00f3n de legajos de ocho miembros del CONICET","datePublished":"2022-04-01T22:46:10+00:00","dateModified":"2022-04-01T22:47:28+00:00","mainEntityOfPage":{"@id":"https:\/\/experienciadevida.com.ar\/portalurbano\/graduado-de-la-facso-participo-en-el-acto-de-reparacion-de-legajos-de-ocho-miembros-del-conicet\/"},"wordCount":1332,"publisher":{"@id":"https:\/\/experienciadevida.com.ar\/portalurbano\/#organization"},"articleSection":["Educaci\u00f3n"],"inLanguage":"es"},{"@type":"WebPage","@id":"https:\/\/experienciadevida.com.ar\/portalurbano\/graduado-de-la-facso-participo-en-el-acto-de-reparacion-de-legajos-de-ocho-miembros-del-conicet\/","url":"https:\/\/experienciadevida.com.ar\/portalurbano\/graduado-de-la-facso-participo-en-el-acto-de-reparacion-de-legajos-de-ocho-miembros-del-conicet\/","name":"Graduado de la FACSO particip\u00f3 en el acto de reparaci\u00f3n de legajos","isPartOf":{"@id":"https:\/\/experienciadevida.com.ar\/portalurbano\/#website"},"datePublished":"2022-04-01T22:46:10+00:00","dateModified":"2022-04-01T22:47:28+00:00","description":"Graduado de la FACSO particip\u00f3 en el acto de reparaci\u00f3n de legajos de ocho miembros del CONICET, el Lic. Leandro Lora Fari\u00f1a","breadcrumb":{"@id":"https:\/\/experienciadevida.com.ar\/portalurbano\/graduado-de-la-facso-participo-en-el-acto-de-reparacion-de-legajos-de-ocho-miembros-del-conicet\/#breadcrumb"},"inLanguage":"es","potentialAction":[{"@type":"ReadAction","target":["https:\/\/experienciadevida.com.ar\/portalurbano\/graduado-de-la-facso-participo-en-el-acto-de-reparacion-de-legajos-de-ocho-miembros-del-conicet\/"]}]},{"@type":"BreadcrumbList","@id":"https:\/\/experienciadevida.com.ar\/portalurbano\/graduado-de-la-facso-participo-en-el-acto-de-reparacion-de-legajos-de-ocho-miembros-del-conicet\/#breadcrumb","itemListElement":[{"@type":"ListItem","position":1,"name":"Portada","item":"https:\/\/experienciadevida.com.ar\/portalurbano\/"},{"@type":"ListItem","position":2,"name":"Graduado de la FACSO particip\u00f3 en el acto de reparaci\u00f3n de legajos de ocho miembros del CONICET"}]},{"@type":"WebSite","@id":"https:\/\/experienciadevida.com.ar\/portalurbano\/#website","url":"https:\/\/experienciadevida.com.ar\/portalurbano\/","name":"","description":"","publisher":{"@id":"https:\/\/experienciadevida.com.ar\/portalurbano\/#organization"},"potentialAction":[{"@type":"SearchAction","target":{"@type":"EntryPoint","urlTemplate":"https:\/\/experienciadevida.com.ar\/portalurbano\/?s={search_term_string}"},"query-input":"required name=search_term_string"}],"inLanguage":"es"},{"@type":"Organization","@id":"https:\/\/experienciadevida.com.ar\/portalurbano\/#organization","name":"Portal Urbano","url":"https:\/\/experienciadevida.com.ar\/portalurbano\/","logo":{"@type":"ImageObject","inLanguage":"es","@id":"https:\/\/experienciadevida.com.ar\/portalurbano\/#\/schema\/logo\/image\/","url":"https:\/\/experienciadevida.com.ar\/portalurbano\/wp-content\/uploads\/2019\/09\/Logo-Original.png","contentUrl":"https:\/\/experienciadevida.com.ar\/portalurbano\/wp-content\/uploads\/2019\/09\/Logo-Original.png","width":2236,"height":1216,"caption":"Portal Urbano"},"image":{"@id":"https:\/\/experienciadevida.com.ar\/portalurbano\/#\/schema\/logo\/image\/"},"sameAs":["https:\/\/www.facebook.com\/Portal-Urbano-171542830093757\/","https:\/\/twitter.com\/portalurbanook","https:\/\/www.instagram.com\/_portalurbano\/","https:\/\/www.youtube.com\/channel\/UCXhagIfszH8KxFiOok79zbA?view_as=subscriber"]},{"@type":"Person","@id":"https:\/\/experienciadevida.com.ar\/portalurbano\/#\/schema\/person\/02dd326b1c4b056e9cc972486934a3a7","name":"admpu17wp","image":{"@type":"ImageObject","inLanguage":"es","@id":"https:\/\/experienciadevida.com.ar\/portalurbano\/#\/schema\/person\/image\/","url":"https:\/\/secure.gravatar.com\/avatar\/830d4c57adaae6630765e449a6908047?s=96&d=mm&r=g","contentUrl":"https:\/\/secure.gravatar.com\/avatar\/830d4c57adaae6630765e449a6908047?s=96&d=mm&r=g","caption":"admpu17wp"}}]}},"featured_image_urls":{"full":["https:\/\/experienciadevida.com.ar\/portalurbano\/wp-content\/uploads\/2022\/04\/Graduado-de-la-FACSO.jpg",1000,542,false],"thumbnail":["https:\/\/experienciadevida.com.ar\/portalurbano\/wp-content\/uploads\/2022\/04\/Graduado-de-la-FACSO-150x150.jpg",150,150,true],"medium":["https:\/\/experienciadevida.com.ar\/portalurbano\/wp-content\/uploads\/2022\/04\/Graduado-de-la-FACSO-300x163.jpg",300,163,true],"medium_large":["https:\/\/experienciadevida.com.ar\/portalurbano\/wp-content\/uploads\/2022\/04\/Graduado-de-la-FACSO-768x416.jpg",640,347,true],"large":["https:\/\/experienciadevida.com.ar\/portalurbano\/wp-content\/uploads\/2022\/04\/Graduado-de-la-FACSO.jpg",640,347,false],"ug_big":["https:\/\/experienciadevida.com.ar\/portalurbano\/wp-content\/uploads\/2022\/04\/Graduado-de-la-FACSO-768x416.jpg",768,416,true],"1536x1536":["https:\/\/experienciadevida.com.ar\/portalurbano\/wp-content\/uploads\/2022\/04\/Graduado-de-la-FACSO.jpg",1000,542,false],"2048x2048":["https:\/\/experienciadevida.com.ar\/portalurbano\/wp-content\/uploads\/2022\/04\/Graduado-de-la-FACSO.jpg",1000,542,false],"newsever-slider-full":["https:\/\/experienciadevida.com.ar\/portalurbano\/wp-content\/uploads\/2022\/04\/Graduado-de-la-FACSO.jpg",1000,542,false],"newsever-featured":["https:\/\/experienciadevida.com.ar\/portalurbano\/wp-content\/uploads\/2022\/04\/Graduado-de-la-FACSO.jpg",1000,542,false],"newsever-medium":["https:\/\/experienciadevida.com.ar\/portalurbano\/wp-content\/uploads\/2022\/04\/Graduado-de-la-FACSO.jpg",720,390,false],"web-stories-poster-portrait":["https:\/\/experienciadevida.com.ar\/portalurbano\/wp-content\/uploads\/2022\/04\/Graduado-de-la-FACSO.jpg",640,347,false],"web-stories-publisher-logo":["https:\/\/experienciadevida.com.ar\/portalurbano\/wp-content\/uploads\/2022\/04\/Graduado-de-la-FACSO.jpg",96,52,false],"web-stories-thumbnail":["https:\/\/experienciadevida.com.ar\/portalurbano\/wp-content\/uploads\/2022\/04\/Graduado-de-la-FACSO.jpg",150,81,false]},"author_info":{"display_name":"admpu17wp","author_link":"https:\/\/experienciadevida.com.ar\/portalurbano\/author\/admpu17wp\/"},"category_info":"<a href=\"https:\/\/experienciadevida.com.ar\/portalurbano\/category\/ciudad\/educacion\/\" rel=\"category tag\">Educaci\u00f3n<\/a>","tag_info":"Educaci\u00f3n","comment_count":"0","amp_enabled":true,"_links":{"self":[{"href":"https:\/\/experienciadevida.com.ar\/portalurbano\/wp-json\/wp\/v2\/posts\/164794"}],"collection":[{"href":"https:\/\/experienciadevida.com.ar\/portalurbano\/wp-json\/wp\/v2\/posts"}],"about":[{"href":"https:\/\/experienciadevida.com.ar\/portalurbano\/wp-json\/wp\/v2\/types\/post"}],"author":[{"embeddable":true,"href":"https:\/\/experienciadevida.com.ar\/portalurbano\/wp-json\/wp\/v2\/users\/1"}],"replies":[{"embeddable":true,"href":"https:\/\/experienciadevida.com.ar\/portalurbano\/wp-json\/wp\/v2\/comments?post=164794"}],"version-history":[{"count":3,"href":"https:\/\/experienciadevida.com.ar\/portalurbano\/wp-json\/wp\/v2\/posts\/164794\/revisions"}],"predecessor-version":[{"id":164800,"href":"https:\/\/experienciadevida.com.ar\/portalurbano\/wp-json\/wp\/v2\/posts\/164794\/revisions\/164800"}],"wp:featuredmedia":[{"embeddable":true,"href":"https:\/\/experienciadevida.com.ar\/portalurbano\/wp-json\/wp\/v2\/media\/164795"}],"wp:attachment":[{"href":"https:\/\/experienciadevida.com.ar\/portalurbano\/wp-json\/wp\/v2\/media?parent=164794"}],"wp:term":[{"taxonomy":"category","embeddable":true,"href":"https:\/\/experienciadevida.com.ar\/portalurbano\/wp-json\/wp\/v2\/categories?post=164794"},{"taxonomy":"post_tag","embeddable":true,"href":"https:\/\/experienciadevida.com.ar\/portalurbano\/wp-json\/wp\/v2\/tags?post=164794"}],"curies":[{"name":"wp","href":"https:\/\/api.w.org\/{rel}","templated":true}]}}