{"id":164790,"date":"2022-04-01T19:37:14","date_gmt":"2022-04-01T22:37:14","guid":{"rendered":"https:\/\/experienciadevida.com.ar\/portalurbano\/?p=164790"},"modified":"2022-04-01T19:37:50","modified_gmt":"2022-04-01T22:37:50","slug":"convocatoria-a-estudiantes-para-participar-en-propuestas-de-practicas-socioeducativas","status":"publish","type":"post","link":"https:\/\/experienciadevida.com.ar\/portalurbano\/convocatoria-a-estudiantes-para-participar-en-propuestas-de-practicas-socioeducativas\/","title":{"rendered":"Convocatoria a estudiantes para participar en propuestas de Pr\u00e1cticas Socioeducativas"},"content":{"rendered":"<p>Convocatoria a estudiantes para participar en propuestas de Pr\u00e1cticas Socioeducativas, la Secretar\u00eda de Extensi\u00f3n, Bienestar y Transferencia y la Secretar\u00eda Acad\u00e9mica, informan a estudiantes de las distintas carreras de la <a href=\"https:\/\/www.facebook.com\/facultadcienciassociales.unicen\">FACSO<\/a> sobre los proyectos de Pr\u00e1cticas Socieducativas que se desarrollar\u00e1n durante el primer cuatrimestre y en los cuales podr\u00e1n participar para su acreditaci\u00f3n.<\/p>\n<p>-Proyecto de Voluntariado Universitario Sociales en tu escuela. Sigamos Estudiando Sociales en tu Escuela FACSO: la propuesta se enmarca en el programa de articulaci\u00f3n Secundario \u2013 Universidad y propone el desarrollo de acciones orientadas al fortalecimiento de las trayectorias educativas, promoci\u00f3n de la continuidad, sostenimiento de estudios superiores y proyectos de vida profesional de los\/as estudiantes secundarios\/as. Podr\u00e1n participar estudiantes de todas las carreras de la UNICEN con ingreso 2020\/2021. Inscripci\u00f3n: pse.facso.unicen@gmail.com<\/p>\n<p>Proyecto de Pr\u00e1cticas Socioeducativas en Derechos Humanos. Centro Provincia de Buenos Aires UNICEN: se trata de una propuesta de pr\u00e1cticas socioeducativas vinculadas al Juicio por delitos de lesa humanidad en el Centro de la Provincia de Buenos Aires que se desarrolla actualmente en el Tribunal Oral Federal de Mar del Plata. Tiene el objetivo de que los\/as estudiantes puedan aprender sobre derechos humanos, desarrollar experiencias te\u00f3ricas y pr\u00e1cticas. Es una pr\u00e1ctica abierta a estudiantes de todas las unidades acad\u00e9micas de la UNICEN, de cualquier a\u00f1o y carrera. Inicia 18 de abril.<\/p>\n<p>-C\u00e1tedra de Cooperativismo y Econom\u00eda Social y Solidaria UNICEN: se trata de una propuesta que tendr\u00e1 como centro la experiencia de los procesos colectivos y la generaci\u00f3n de proyectos grupales de investigaci\u00f3n-extensi\u00f3n. En este marco, propone el acercamiento de los\/as estudiantes a experiencias locales, regionales y nacionales vinculadas a la econom\u00eda social y solidaria (organizaciones, cooperativas, cooperativas tecnol\u00f3gicas, emprendimientos asociativos, instituciones, pol\u00edticas p\u00fablicas, etc.). Es una pr\u00e1ctica abierta a estudiantes de todas las unidades acad\u00e9micas de la UNICEN. Inicia la semana del 18 de abril. Inscripci\u00f3n: pse.facso.unicen@gmail.com<\/p>\n<p>Asimismo, seis c\u00e1tedras de las distintas carreras que brinda la Facultad de Ciencias Sociales, se suman este a\u00f1o al Sistema de Pr\u00e1cticas Socieducativas, a partir de lo cual, aquellos\/as estudiantes que cursen las siguientes materias podr\u00e1n acreditarlas en el marco del desarrollo de las mismas:<\/p>\n<p>-C\u00e1tedra Psicolog\u00eda Evolutiva y del Aprendizaje, a cargo de las docentes Dra. Ana Visca\u00edno y Lic. Valeria Di Giano. En este caso podr\u00e1n inscribirse, adem\u00e1s, estudiantes de las carreras de Profesorado de Antropolog\u00eda y Profesorado de Comunicaci\u00f3n con ingresos 2020\/2021\/2022, inclu\u00eddos aquellos\/as que ya han cursado la materia y tengan que acreditar pr\u00e1cticas socioeducativas. Por consultas e inscripci\u00f3n escribir a pse.facso.unicen@gmail.com<\/p>\n<p>-C\u00e1tedra Prehistoria, a cargo de las docentes Dra. Pamela Steffan y Dra. Ana Paula Alcaraz.<\/p>\n<p>-C\u00e1tedra Taller II \u2013 Metodolog\u00eda de la Investigaci\u00f3n en Comunicaci\u00f3n, a cargo de la docente Lic. Paula Belmes y el Lic. Exequiel Alonso.<\/p>\n<p>-C\u00e1tedra Taller de Lenguajes II y III (Comunicaci\u00f3n Radial), a cargo de los docentes Mag. Diego Ibarra y Lic. Jorge Arabito.<\/p>\n<p>-C\u00e1tedra Introducci\u00f3n a las Problem\u00e1ticas Educativas, a cargo de las docentes Dra. Anal\u00eda Umpierrez y Dra. Rosana Sosa.<\/p>\n<p>-C\u00e1tedra Comunicaci\u00f3n en instituciones y organizaciones \/ Comunicaci\u00f3n Institucional, a cargo de las docentes Dra. Anal\u00eda Umpierrez y Dra. Mar\u00eda Eugenia Conforti.<\/p>\n<p>Las Pr\u00e1cticas Socieducativas constituyen un requisito de graduaci\u00f3n para los\/as estudiantes pertenecientes a todas las carreras de pre-grado y grado de la FACSO por Resoluci\u00f3n de la UNICEN N\u00ba 7381\/18 y Resoluci\u00f3n del Consejo Acad\u00e9mico N\u00ba 235\/19. Este trayecto formativo se inicia en el ingreso y contin\u00faa hasta la culminaci\u00f3n de la carrera con el cumplimiento de 50 horas, aplic\u00e1ndose a partir de quienes ingresaron en el a\u00f1o 2020.<\/p>\n<p>Por consultas pueden escribir a: pse.facso.unicen@gmail.com<\/p>\n","protected":false},"excerpt":{"rendered":"<p>Convocatoria a estudiantes para participar en propuestas de Pr\u00e1cticas Socioeducativas, la Secretar\u00eda de Extensi\u00f3n, Bienestar&#8230;<\/p>\n","protected":false},"author":1,"featured_media":164791,"comment_status":"closed","ping_status":"closed","sticky":false,"template":"","format":"standard","meta":{"content-type":""},"categories":[31],"tags":[],"nelio_content":{"isAutoShareEnabled":false,"autoShareEndMode":"default","automationSources":{"useContentSentences":true,"useSocialTemplates":true,"useCustomSentences":false,"customSentences":[]},"followers":[1],"suggestedReferences":[],"includedReferences":[],"efiUrl":"","efiAlt":"","highlights":[]},"yoast_head":"<!-- This site is optimized with the Yoast SEO plugin v20.7 - https:\/\/yoast.com\/wordpress\/plugins\/seo\/ -->\n<title>Convocatoria a Estudiantes para participar en propuestas de pr\u00e1cticas<\/title>\n<meta name=\"description\" content=\"Convocatoria a estudiantes para participar en propuestas de Pr\u00e1cticas Socioeducativas, la Secretar\u00eda de Extensi\u00f3n, Bienestar y Transferencia\" \/>\n<meta name=\"robots\" content=\"index, follow, max-snippet:-1, max-image-preview:large, max-video-preview:-1\" \/>\n<link rel=\"canonical\" href=\"https:\/\/experienciadevida.com.ar\/portalurbano\/convocatoria-a-estudiantes-para-participar-en-propuestas-de-practicas-socioeducativas\/\" \/>\n<meta property=\"og:locale\" content=\"es_ES\" \/>\n<meta property=\"og:type\" content=\"article\" \/>\n<meta property=\"og:title\" content=\"Convocatoria a Estudiantes para participar en propuestas de pr\u00e1cticas\" \/>\n<meta property=\"og:description\" content=\"Convocatoria a estudiantes para participar en propuestas de Pr\u00e1cticas Socioeducativas, la Secretar\u00eda de Extensi\u00f3n, Bienestar y Transferencia\" \/>\n<meta property=\"og:url\" content=\"https:\/\/experienciadevida.com.ar\/portalurbano\/convocatoria-a-estudiantes-para-participar-en-propuestas-de-practicas-socioeducativas\/\" \/>\n<meta property=\"article:publisher\" content=\"https:\/\/www.facebook.com\/Portal-Urbano-171542830093757\/\" \/>\n<meta property=\"article:published_time\" content=\"2022-04-01T22:37:14+00:00\" \/>\n<meta property=\"article:modified_time\" content=\"2022-04-01T22:37:50+00:00\" \/>\n<meta property=\"og:image\" content=\"https:\/\/experienciadevida.com.ar\/portalurbano\/wp-content\/uploads\/2022\/04\/Convocatoria-a-estudiantes-para.jpg\" \/>\n\t<meta property=\"og:image:width\" content=\"1000\" \/>\n\t<meta property=\"og:image:height\" content=\"778\" \/>\n\t<meta property=\"og:image:type\" content=\"image\/jpeg\" \/>\n<meta name=\"author\" content=\"admpu17wp\" \/>\n<meta name=\"twitter:card\" content=\"summary_large_image\" \/>\n<meta name=\"twitter:creator\" content=\"@portalurbanook\" \/>\n<meta name=\"twitter:site\" content=\"@portalurbanook\" \/>\n<meta name=\"twitter:label1\" content=\"Escrito por\" \/>\n\t<meta name=\"twitter:data1\" content=\"admpu17wp\" \/>\n\t<meta name=\"twitter:label2\" content=\"Tiempo de lectura\" \/>\n\t<meta name=\"twitter:data2\" content=\"3 minutos\" \/>\n<script type=\"application\/ld+json\" class=\"yoast-schema-graph\">{\"@context\":\"https:\/\/schema.org\",\"@graph\":[{\"@type\":\"Article\",\"@id\":\"https:\/\/experienciadevida.com.ar\/portalurbano\/convocatoria-a-estudiantes-para-participar-en-propuestas-de-practicas-socioeducativas\/#article\",\"isPartOf\":{\"@id\":\"https:\/\/experienciadevida.com.ar\/portalurbano\/convocatoria-a-estudiantes-para-participar-en-propuestas-de-practicas-socioeducativas\/\"},\"author\":{\"name\":\"admpu17wp\",\"@id\":\"https:\/\/experienciadevida.com.ar\/portalurbano\/#\/schema\/person\/02dd326b1c4b056e9cc972486934a3a7\"},\"headline\":\"Convocatoria a estudiantes para participar en propuestas de Pr\u00e1cticas Socioeducativas\",\"datePublished\":\"2022-04-01T22:37:14+00:00\",\"dateModified\":\"2022-04-01T22:37:50+00:00\",\"mainEntityOfPage\":{\"@id\":\"https:\/\/experienciadevida.com.ar\/portalurbano\/convocatoria-a-estudiantes-para-participar-en-propuestas-de-practicas-socioeducativas\/\"},\"wordCount\":677,\"publisher\":{\"@id\":\"https:\/\/experienciadevida.com.ar\/portalurbano\/#organization\"},\"articleSection\":[\"Educaci\u00f3n\"],\"inLanguage\":\"es\"},{\"@type\":\"WebPage\",\"@id\":\"https:\/\/experienciadevida.com.ar\/portalurbano\/convocatoria-a-estudiantes-para-participar-en-propuestas-de-practicas-socioeducativas\/\",\"url\":\"https:\/\/experienciadevida.com.ar\/portalurbano\/convocatoria-a-estudiantes-para-participar-en-propuestas-de-practicas-socioeducativas\/\",\"name\":\"Convocatoria a Estudiantes para participar en propuestas de pr\u00e1cticas\",\"isPartOf\":{\"@id\":\"https:\/\/experienciadevida.com.ar\/portalurbano\/#website\"},\"datePublished\":\"2022-04-01T22:37:14+00:00\",\"dateModified\":\"2022-04-01T22:37:50+00:00\",\"description\":\"Convocatoria a estudiantes para participar en propuestas de Pr\u00e1cticas Socioeducativas, la Secretar\u00eda de Extensi\u00f3n, Bienestar y Transferencia\",\"breadcrumb\":{\"@id\":\"https:\/\/experienciadevida.com.ar\/portalurbano\/convocatoria-a-estudiantes-para-participar-en-propuestas-de-practicas-socioeducativas\/#breadcrumb\"},\"inLanguage\":\"es\",\"potentialAction\":[{\"@type\":\"ReadAction\",\"target\":[\"https:\/\/experienciadevida.com.ar\/portalurbano\/convocatoria-a-estudiantes-para-participar-en-propuestas-de-practicas-socioeducativas\/\"]}]},{\"@type\":\"BreadcrumbList\",\"@id\":\"https:\/\/experienciadevida.com.ar\/portalurbano\/convocatoria-a-estudiantes-para-participar-en-propuestas-de-practicas-socioeducativas\/#breadcrumb\",\"itemListElement\":[{\"@type\":\"ListItem\",\"position\":1,\"name\":\"Portada\",\"item\":\"https:\/\/experienciadevida.com.ar\/portalurbano\/\"},{\"@type\":\"ListItem\",\"position\":2,\"name\":\"Convocatoria a estudiantes para participar en propuestas de Pr\u00e1cticas Socioeducativas\"}]},{\"@type\":\"WebSite\",\"@id\":\"https:\/\/experienciadevida.com.ar\/portalurbano\/#website\",\"url\":\"https:\/\/experienciadevida.com.ar\/portalurbano\/\",\"name\":\"\",\"description\":\"\",\"publisher\":{\"@id\":\"https:\/\/experienciadevida.com.ar\/portalurbano\/#organization\"},\"potentialAction\":[{\"@type\":\"SearchAction\",\"target\":{\"@type\":\"EntryPoint\",\"urlTemplate\":\"https:\/\/experienciadevida.com.ar\/portalurbano\/?s={search_term_string}\"},\"query-input\":\"required name=search_term_string\"}],\"inLanguage\":\"es\"},{\"@type\":\"Organization\",\"@id\":\"https:\/\/experienciadevida.com.ar\/portalurbano\/#organization\",\"name\":\"Portal Urbano\",\"url\":\"https:\/\/experienciadevida.com.ar\/portalurbano\/\",\"logo\":{\"@type\":\"ImageObject\",\"inLanguage\":\"es\",\"@id\":\"https:\/\/experienciadevida.com.ar\/portalurbano\/#\/schema\/logo\/image\/\",\"url\":\"https:\/\/experienciadevida.com.ar\/portalurbano\/wp-content\/uploads\/2019\/09\/Logo-Original.png\",\"contentUrl\":\"https:\/\/experienciadevida.com.ar\/portalurbano\/wp-content\/uploads\/2019\/09\/Logo-Original.png\",\"width\":2236,\"height\":1216,\"caption\":\"Portal Urbano\"},\"image\":{\"@id\":\"https:\/\/experienciadevida.com.ar\/portalurbano\/#\/schema\/logo\/image\/\"},\"sameAs\":[\"https:\/\/www.facebook.com\/Portal-Urbano-171542830093757\/\",\"https:\/\/twitter.com\/portalurbanook\",\"https:\/\/www.instagram.com\/_portalurbano\/\",\"https:\/\/www.youtube.com\/channel\/UCXhagIfszH8KxFiOok79zbA?view_as=subscriber\"]},{\"@type\":\"Person\",\"@id\":\"https:\/\/experienciadevida.com.ar\/portalurbano\/#\/schema\/person\/02dd326b1c4b056e9cc972486934a3a7\",\"name\":\"admpu17wp\",\"image\":{\"@type\":\"ImageObject\",\"inLanguage\":\"es\",\"@id\":\"https:\/\/experienciadevida.com.ar\/portalurbano\/#\/schema\/person\/image\/\",\"url\":\"https:\/\/secure.gravatar.com\/avatar\/830d4c57adaae6630765e449a6908047?s=96&d=mm&r=g\",\"contentUrl\":\"https:\/\/secure.gravatar.com\/avatar\/830d4c57adaae6630765e449a6908047?s=96&d=mm&r=g\",\"caption\":\"admpu17wp\"}}]}<\/script>\n<!-- \/ Yoast SEO plugin. -->","yoast_head_json":{"title":"Convocatoria a Estudiantes para participar en propuestas de pr\u00e1cticas","description":"Convocatoria a estudiantes para participar en propuestas de Pr\u00e1cticas Socioeducativas, la Secretar\u00eda de Extensi\u00f3n, Bienestar y Transferencia","robots":{"index":"index","follow":"follow","max-snippet":"max-snippet:-1","max-image-preview":"max-image-preview:large","max-video-preview":"max-video-preview:-1"},"canonical":"https:\/\/experienciadevida.com.ar\/portalurbano\/convocatoria-a-estudiantes-para-participar-en-propuestas-de-practicas-socioeducativas\/","og_locale":"es_ES","og_type":"article","og_title":"Convocatoria a Estudiantes para participar en propuestas de pr\u00e1cticas","og_description":"Convocatoria a estudiantes para participar en propuestas de Pr\u00e1cticas Socioeducativas, la Secretar\u00eda de Extensi\u00f3n, Bienestar y Transferencia","og_url":"https:\/\/experienciadevida.com.ar\/portalurbano\/convocatoria-a-estudiantes-para-participar-en-propuestas-de-practicas-socioeducativas\/","article_publisher":"https:\/\/www.facebook.com\/Portal-Urbano-171542830093757\/","article_published_time":"2022-04-01T22:37:14+00:00","article_modified_time":"2022-04-01T22:37:50+00:00","og_image":[{"width":1000,"height":778,"url":"https:\/\/experienciadevida.com.ar\/portalurbano\/wp-content\/uploads\/2022\/04\/Convocatoria-a-estudiantes-para.jpg","type":"image\/jpeg"}],"author":"admpu17wp","twitter_card":"summary_large_image","twitter_creator":"@portalurbanook","twitter_site":"@portalurbanook","twitter_misc":{"Escrito por":"admpu17wp","Tiempo de lectura":"3 minutos"},"schema":{"@context":"https:\/\/schema.org","@graph":[{"@type":"Article","@id":"https:\/\/experienciadevida.com.ar\/portalurbano\/convocatoria-a-estudiantes-para-participar-en-propuestas-de-practicas-socioeducativas\/#article","isPartOf":{"@id":"https:\/\/experienciadevida.com.ar\/portalurbano\/convocatoria-a-estudiantes-para-participar-en-propuestas-de-practicas-socioeducativas\/"},"author":{"name":"admpu17wp","@id":"https:\/\/experienciadevida.com.ar\/portalurbano\/#\/schema\/person\/02dd326b1c4b056e9cc972486934a3a7"},"headline":"Convocatoria a estudiantes para participar en propuestas de Pr\u00e1cticas Socioeducativas","datePublished":"2022-04-01T22:37:14+00:00","dateModified":"2022-04-01T22:37:50+00:00","mainEntityOfPage":{"@id":"https:\/\/experienciadevida.com.ar\/portalurbano\/convocatoria-a-estudiantes-para-participar-en-propuestas-de-practicas-socioeducativas\/"},"wordCount":677,"publisher":{"@id":"https:\/\/experienciadevida.com.ar\/portalurbano\/#organization"},"articleSection":["Educaci\u00f3n"],"inLanguage":"es"},{"@type":"WebPage","@id":"https:\/\/experienciadevida.com.ar\/portalurbano\/convocatoria-a-estudiantes-para-participar-en-propuestas-de-practicas-socioeducativas\/","url":"https:\/\/experienciadevida.com.ar\/portalurbano\/convocatoria-a-estudiantes-para-participar-en-propuestas-de-practicas-socioeducativas\/","name":"Convocatoria a Estudiantes para participar en propuestas de pr\u00e1cticas","isPartOf":{"@id":"https:\/\/experienciadevida.com.ar\/portalurbano\/#website"},"datePublished":"2022-04-01T22:37:14+00:00","dateModified":"2022-04-01T22:37:50+00:00","description":"Convocatoria a estudiantes para participar en propuestas de Pr\u00e1cticas Socioeducativas, la Secretar\u00eda de Extensi\u00f3n, Bienestar y Transferencia","breadcrumb":{"@id":"https:\/\/experienciadevida.com.ar\/portalurbano\/convocatoria-a-estudiantes-para-participar-en-propuestas-de-practicas-socioeducativas\/#breadcrumb"},"inLanguage":"es","potentialAction":[{"@type":"ReadAction","target":["https:\/\/experienciadevida.com.ar\/portalurbano\/convocatoria-a-estudiantes-para-participar-en-propuestas-de-practicas-socioeducativas\/"]}]},{"@type":"BreadcrumbList","@id":"https:\/\/experienciadevida.com.ar\/portalurbano\/convocatoria-a-estudiantes-para-participar-en-propuestas-de-practicas-socioeducativas\/#breadcrumb","itemListElement":[{"@type":"ListItem","position":1,"name":"Portada","item":"https:\/\/experienciadevida.com.ar\/portalurbano\/"},{"@type":"ListItem","position":2,"name":"Convocatoria a estudiantes para participar en propuestas de Pr\u00e1cticas Socioeducativas"}]},{"@type":"WebSite","@id":"https:\/\/experienciadevida.com.ar\/portalurbano\/#website","url":"https:\/\/experienciadevida.com.ar\/portalurbano\/","name":"","description":"","publisher":{"@id":"https:\/\/experienciadevida.com.ar\/portalurbano\/#organization"},"potentialAction":[{"@type":"SearchAction","target":{"@type":"EntryPoint","urlTemplate":"https:\/\/experienciadevida.com.ar\/portalurbano\/?s={search_term_string}"},"query-input":"required name=search_term_string"}],"inLanguage":"es"},{"@type":"Organization","@id":"https:\/\/experienciadevida.com.ar\/portalurbano\/#organization","name":"Portal Urbano","url":"https:\/\/experienciadevida.com.ar\/portalurbano\/","logo":{"@type":"ImageObject","inLanguage":"es","@id":"https:\/\/experienciadevida.com.ar\/portalurbano\/#\/schema\/logo\/image\/","url":"https:\/\/experienciadevida.com.ar\/portalurbano\/wp-content\/uploads\/2019\/09\/Logo-Original.png","contentUrl":"https:\/\/experienciadevida.com.ar\/portalurbano\/wp-content\/uploads\/2019\/09\/Logo-Original.png","width":2236,"height":1216,"caption":"Portal Urbano"},"image":{"@id":"https:\/\/experienciadevida.com.ar\/portalurbano\/#\/schema\/logo\/image\/"},"sameAs":["https:\/\/www.facebook.com\/Portal-Urbano-171542830093757\/","https:\/\/twitter.com\/portalurbanook","https:\/\/www.instagram.com\/_portalurbano\/","https:\/\/www.youtube.com\/channel\/UCXhagIfszH8KxFiOok79zbA?view_as=subscriber"]},{"@type":"Person","@id":"https:\/\/experienciadevida.com.ar\/portalurbano\/#\/schema\/person\/02dd326b1c4b056e9cc972486934a3a7","name":"admpu17wp","image":{"@type":"ImageObject","inLanguage":"es","@id":"https:\/\/experienciadevida.com.ar\/portalurbano\/#\/schema\/person\/image\/","url":"https:\/\/secure.gravatar.com\/avatar\/830d4c57adaae6630765e449a6908047?s=96&d=mm&r=g","contentUrl":"https:\/\/secure.gravatar.com\/avatar\/830d4c57adaae6630765e449a6908047?s=96&d=mm&r=g","caption":"admpu17wp"}}]}},"featured_image_urls":{"full":["https:\/\/experienciadevida.com.ar\/portalurbano\/wp-content\/uploads\/2022\/04\/Convocatoria-a-estudiantes-para.jpg",1000,778,false],"thumbnail":["https:\/\/experienciadevida.com.ar\/portalurbano\/wp-content\/uploads\/2022\/04\/Convocatoria-a-estudiantes-para-150x150.jpg",150,150,true],"medium":["https:\/\/experienciadevida.com.ar\/portalurbano\/wp-content\/uploads\/2022\/04\/Convocatoria-a-estudiantes-para-300x233.jpg",300,233,true],"medium_large":["https:\/\/experienciadevida.com.ar\/portalurbano\/wp-content\/uploads\/2022\/04\/Convocatoria-a-estudiantes-para-768x598.jpg",640,498,true],"large":["https:\/\/experienciadevida.com.ar\/portalurbano\/wp-content\/uploads\/2022\/04\/Convocatoria-a-estudiantes-para.jpg",640,498,false],"ug_big":["https:\/\/experienciadevida.com.ar\/portalurbano\/wp-content\/uploads\/2022\/04\/Convocatoria-a-estudiantes-para-768x598.jpg",768,598,true],"1536x1536":["https:\/\/experienciadevida.com.ar\/portalurbano\/wp-content\/uploads\/2022\/04\/Convocatoria-a-estudiantes-para.jpg",1000,778,false],"2048x2048":["https:\/\/experienciadevida.com.ar\/portalurbano\/wp-content\/uploads\/2022\/04\/Convocatoria-a-estudiantes-para.jpg",1000,778,false],"newsever-slider-full":["https:\/\/experienciadevida.com.ar\/portalurbano\/wp-content\/uploads\/2022\/04\/Convocatoria-a-estudiantes-para.jpg",1000,778,false],"newsever-featured":["https:\/\/experienciadevida.com.ar\/portalurbano\/wp-content\/uploads\/2022\/04\/Convocatoria-a-estudiantes-para.jpg",1000,778,false],"newsever-medium":["https:\/\/experienciadevida.com.ar\/portalurbano\/wp-content\/uploads\/2022\/04\/Convocatoria-a-estudiantes-para.jpg",611,475,false],"web-stories-poster-portrait":["https:\/\/experienciadevida.com.ar\/portalurbano\/wp-content\/uploads\/2022\/04\/Convocatoria-a-estudiantes-para.jpg",640,498,false],"web-stories-publisher-logo":["https:\/\/experienciadevida.com.ar\/portalurbano\/wp-content\/uploads\/2022\/04\/Convocatoria-a-estudiantes-para.jpg",96,75,false],"web-stories-thumbnail":["https:\/\/experienciadevida.com.ar\/portalurbano\/wp-content\/uploads\/2022\/04\/Convocatoria-a-estudiantes-para.jpg",150,117,false]},"author_info":{"display_name":"admpu17wp","author_link":"https:\/\/experienciadevida.com.ar\/portalurbano\/author\/admpu17wp\/"},"category_info":"<a href=\"https:\/\/experienciadevida.com.ar\/portalurbano\/category\/ciudad\/educacion\/\" rel=\"category tag\">Educaci\u00f3n<\/a>","tag_info":"Educaci\u00f3n","comment_count":"0","amp_enabled":true,"_links":{"self":[{"href":"https:\/\/experienciadevida.com.ar\/portalurbano\/wp-json\/wp\/v2\/posts\/164790"}],"collection":[{"href":"https:\/\/experienciadevida.com.ar\/portalurbano\/wp-json\/wp\/v2\/posts"}],"about":[{"href":"https:\/\/experienciadevida.com.ar\/portalurbano\/wp-json\/wp\/v2\/types\/post"}],"author":[{"embeddable":true,"href":"https:\/\/experienciadevida.com.ar\/portalurbano\/wp-json\/wp\/v2\/users\/1"}],"replies":[{"embeddable":true,"href":"https:\/\/experienciadevida.com.ar\/portalurbano\/wp-json\/wp\/v2\/comments?post=164790"}],"version-history":[{"count":1,"href":"https:\/\/experienciadevida.com.ar\/portalurbano\/wp-json\/wp\/v2\/posts\/164790\/revisions"}],"predecessor-version":[{"id":164792,"href":"https:\/\/experienciadevida.com.ar\/portalurbano\/wp-json\/wp\/v2\/posts\/164790\/revisions\/164792"}],"wp:featuredmedia":[{"embeddable":true,"href":"https:\/\/experienciadevida.com.ar\/portalurbano\/wp-json\/wp\/v2\/media\/164791"}],"wp:attachment":[{"href":"https:\/\/experienciadevida.com.ar\/portalurbano\/wp-json\/wp\/v2\/media?parent=164790"}],"wp:term":[{"taxonomy":"category","embeddable":true,"href":"https:\/\/experienciadevida.com.ar\/portalurbano\/wp-json\/wp\/v2\/categories?post=164790"},{"taxonomy":"post_tag","embeddable":true,"href":"https:\/\/experienciadevida.com.ar\/portalurbano\/wp-json\/wp\/v2\/tags?post=164790"}],"curies":[{"name":"wp","href":"https:\/\/api.w.org\/{rel}","templated":true}]}}