{"id":164782,"date":"2022-04-01T19:15:31","date_gmt":"2022-04-01T22:15:31","guid":{"rendered":"https:\/\/experienciadevida.com.ar\/portalurbano\/?p=164782"},"modified":"2022-04-01T19:17:24","modified_gmt":"2022-04-01T22:17:24","slug":"este-sabado-no-habra-atencion-al-publico-en-licencias-de-conducir","status":"publish","type":"post","link":"https:\/\/experienciadevida.com.ar\/portalurbano\/este-sabado-no-habra-atencion-al-publico-en-licencias-de-conducir\/","title":{"rendered":"Este s\u00e1bado no habr\u00e1 atenci\u00f3n al p\u00fablico en Licencias de Conducir"},"content":{"rendered":"<p>Este s\u00e1bado no habr\u00e1 atenci\u00f3n al p\u00fablico en Licencias de Conducir, debido al feriado conmemorativo por el D\u00eda del Veterano y de los Ca\u00eddos en la Guerra de Malvinas; no se brindar\u00e1 atenci\u00f3n al p\u00fablico. El s\u00e1bado 9 de abril se retomar\u00e1 el horario sabatino habitual.<\/p>\n<p>Se recuerda que la dependencia ampli\u00f3 su atenci\u00f3n desde el 26 de marzo: personal del \u00e1rea comenz\u00f3 a atender los d\u00edas s\u00e1bados, de 8 a 13 horas en el Sal\u00f3n Rivadavia del palacio San Mart\u00edn, para quien requiera realizar el tr\u00e1mite de renovaci\u00f3n de las licencias con vencimiento en 2022.<\/p>\n<p>Charla sobre examen te\u00f3rico para obtenci\u00f3n de licencias<\/p>\n<p>Desde la Direcci\u00f3n de Licencias de Conducir se informa que el jueves14 de abril ser\u00e1 la pr\u00f3xima charla te\u00f3rica, para quienes crean necesario el apoyo te\u00f3rico al momento de renovar u obtener la Licencia por primera vez.<\/p>\n<p>Dicha charla, dictada por Carlos Sotuyo, tendr\u00e1 lugar desde las 19 horas en el Sal\u00f3n Rivadavia (sede de Licencias de Conducir). Se trata de una nueva edici\u00f3n de un ciclo de charlas que se desarrolla desde el mes de febrero.<\/p>\n<p>La charla de este jueves ser\u00e1 con cupo limitado y est\u00e1 pensada para mayores de 71 a\u00f1os, aunque no es excluyente para quienes (en cualquier grupo etario) deseen presentarse.<\/p>\n","protected":false},"excerpt":{"rendered":"<p>Este s\u00e1bado no habr\u00e1 atenci\u00f3n al p\u00fablico en Licencias de Conducir, debido al feriado conmemorativo&#8230;<\/p>\n","protected":false},"author":1,"featured_media":164783,"comment_status":"closed","ping_status":"closed","sticky":false,"template":"","format":"standard","meta":{"content-type":""},"categories":[27,64],"tags":[],"nelio_content":{"isAutoShareEnabled":false,"autoShareEndMode":"default","automationSources":{"useContentSentences":true,"useSocialTemplates":true,"useCustomSentences":false,"customSentences":[]},"followers":[1],"suggestedReferences":[],"includedReferences":[],"efiUrl":"","efiAlt":"","highlights":[]},"yoast_head":"<!-- This site is optimized with the Yoast SEO plugin v20.7 - https:\/\/yoast.com\/wordpress\/plugins\/seo\/ -->\n<title>Este s\u00e1bado no habr\u00e1 atenci\u00f3n al p\u00fablico en Licencias de Conducir<\/title>\n<meta name=\"description\" content=\"Este s\u00e1bado no habr\u00e1 atenci\u00f3n al p\u00fablico en Licencias de Conducir, debido al feriado conmemorativo por el D\u00eda del Veterano y de los Ca\u00eddos\" \/>\n<meta name=\"robots\" content=\"index, follow, max-snippet:-1, max-image-preview:large, max-video-preview:-1\" \/>\n<link rel=\"canonical\" href=\"https:\/\/experienciadevida.com.ar\/portalurbano\/este-sabado-no-habra-atencion-al-publico-en-licencias-de-conducir\/\" \/>\n<meta property=\"og:locale\" content=\"es_ES\" \/>\n<meta property=\"og:type\" content=\"article\" \/>\n<meta property=\"og:title\" content=\"Este s\u00e1bado no habr\u00e1 atenci\u00f3n al p\u00fablico en Licencias de Conducir\" \/>\n<meta property=\"og:description\" content=\"Este s\u00e1bado no habr\u00e1 atenci\u00f3n al p\u00fablico en Licencias de Conducir, debido al feriado conmemorativo por el D\u00eda del Veterano y de los Ca\u00eddos\" \/>\n<meta property=\"og:url\" content=\"https:\/\/experienciadevida.com.ar\/portalurbano\/este-sabado-no-habra-atencion-al-publico-en-licencias-de-conducir\/\" \/>\n<meta property=\"article:publisher\" content=\"https:\/\/www.facebook.com\/Portal-Urbano-171542830093757\/\" \/>\n<meta property=\"article:published_time\" content=\"2022-04-01T22:15:31+00:00\" \/>\n<meta property=\"article:modified_time\" content=\"2022-04-01T22:17:24+00:00\" \/>\n<meta property=\"og:image\" content=\"https:\/\/experienciadevida.com.ar\/portalurbano\/wp-content\/uploads\/2022\/04\/Este-sabado-no-habra.jpeg\" \/>\n\t<meta property=\"og:image:width\" content=\"1024\" \/>\n\t<meta property=\"og:image:height\" content=\"512\" \/>\n\t<meta property=\"og:image:type\" content=\"image\/jpeg\" \/>\n<meta name=\"author\" content=\"admpu17wp\" \/>\n<meta name=\"twitter:card\" content=\"summary_large_image\" \/>\n<meta name=\"twitter:creator\" content=\"@portalurbanook\" \/>\n<meta name=\"twitter:site\" content=\"@portalurbanook\" \/>\n<meta name=\"twitter:label1\" content=\"Escrito por\" \/>\n\t<meta name=\"twitter:data1\" content=\"admpu17wp\" \/>\n\t<meta name=\"twitter:label2\" content=\"Tiempo de lectura\" \/>\n\t<meta name=\"twitter:data2\" content=\"1 minuto\" \/>\n<script type=\"application\/ld+json\" class=\"yoast-schema-graph\">{\"@context\":\"https:\/\/schema.org\",\"@graph\":[{\"@type\":\"Article\",\"@id\":\"https:\/\/experienciadevida.com.ar\/portalurbano\/este-sabado-no-habra-atencion-al-publico-en-licencias-de-conducir\/#article\",\"isPartOf\":{\"@id\":\"https:\/\/experienciadevida.com.ar\/portalurbano\/este-sabado-no-habra-atencion-al-publico-en-licencias-de-conducir\/\"},\"author\":{\"name\":\"admpu17wp\",\"@id\":\"https:\/\/experienciadevida.com.ar\/portalurbano\/#\/schema\/person\/02dd326b1c4b056e9cc972486934a3a7\"},\"headline\":\"Este s\u00e1bado no habr\u00e1 atenci\u00f3n al p\u00fablico en Licencias de Conducir\",\"datePublished\":\"2022-04-01T22:15:31+00:00\",\"dateModified\":\"2022-04-01T22:17:24+00:00\",\"mainEntityOfPage\":{\"@id\":\"https:\/\/experienciadevida.com.ar\/portalurbano\/este-sabado-no-habra-atencion-al-publico-en-licencias-de-conducir\/\"},\"wordCount\":241,\"publisher\":{\"@id\":\"https:\/\/experienciadevida.com.ar\/portalurbano\/#organization\"},\"articleSection\":[\"Ciudad\",\"Destacadas 2\"],\"inLanguage\":\"es\"},{\"@type\":\"WebPage\",\"@id\":\"https:\/\/experienciadevida.com.ar\/portalurbano\/este-sabado-no-habra-atencion-al-publico-en-licencias-de-conducir\/\",\"url\":\"https:\/\/experienciadevida.com.ar\/portalurbano\/este-sabado-no-habra-atencion-al-publico-en-licencias-de-conducir\/\",\"name\":\"Este s\u00e1bado no habr\u00e1 atenci\u00f3n al p\u00fablico en Licencias de Conducir\",\"isPartOf\":{\"@id\":\"https:\/\/experienciadevida.com.ar\/portalurbano\/#website\"},\"datePublished\":\"2022-04-01T22:15:31+00:00\",\"dateModified\":\"2022-04-01T22:17:24+00:00\",\"description\":\"Este s\u00e1bado no habr\u00e1 atenci\u00f3n al p\u00fablico en Licencias de Conducir, debido al feriado conmemorativo por el D\u00eda del Veterano y de los Ca\u00eddos\",\"breadcrumb\":{\"@id\":\"https:\/\/experienciadevida.com.ar\/portalurbano\/este-sabado-no-habra-atencion-al-publico-en-licencias-de-conducir\/#breadcrumb\"},\"inLanguage\":\"es\",\"potentialAction\":[{\"@type\":\"ReadAction\",\"target\":[\"https:\/\/experienciadevida.com.ar\/portalurbano\/este-sabado-no-habra-atencion-al-publico-en-licencias-de-conducir\/\"]}]},{\"@type\":\"BreadcrumbList\",\"@id\":\"https:\/\/experienciadevida.com.ar\/portalurbano\/este-sabado-no-habra-atencion-al-publico-en-licencias-de-conducir\/#breadcrumb\",\"itemListElement\":[{\"@type\":\"ListItem\",\"position\":1,\"name\":\"Portada\",\"item\":\"https:\/\/experienciadevida.com.ar\/portalurbano\/\"},{\"@type\":\"ListItem\",\"position\":2,\"name\":\"Este s\u00e1bado no habr\u00e1 atenci\u00f3n al p\u00fablico en Licencias de Conducir\"}]},{\"@type\":\"WebSite\",\"@id\":\"https:\/\/experienciadevida.com.ar\/portalurbano\/#website\",\"url\":\"https:\/\/experienciadevida.com.ar\/portalurbano\/\",\"name\":\"\",\"description\":\"\",\"publisher\":{\"@id\":\"https:\/\/experienciadevida.com.ar\/portalurbano\/#organization\"},\"potentialAction\":[{\"@type\":\"SearchAction\",\"target\":{\"@type\":\"EntryPoint\",\"urlTemplate\":\"https:\/\/experienciadevida.com.ar\/portalurbano\/?s={search_term_string}\"},\"query-input\":\"required name=search_term_string\"}],\"inLanguage\":\"es\"},{\"@type\":\"Organization\",\"@id\":\"https:\/\/experienciadevida.com.ar\/portalurbano\/#organization\",\"name\":\"Portal Urbano\",\"url\":\"https:\/\/experienciadevida.com.ar\/portalurbano\/\",\"logo\":{\"@type\":\"ImageObject\",\"inLanguage\":\"es\",\"@id\":\"https:\/\/experienciadevida.com.ar\/portalurbano\/#\/schema\/logo\/image\/\",\"url\":\"https:\/\/experienciadevida.com.ar\/portalurbano\/wp-content\/uploads\/2019\/09\/Logo-Original.png\",\"contentUrl\":\"https:\/\/experienciadevida.com.ar\/portalurbano\/wp-content\/uploads\/2019\/09\/Logo-Original.png\",\"width\":2236,\"height\":1216,\"caption\":\"Portal Urbano\"},\"image\":{\"@id\":\"https:\/\/experienciadevida.com.ar\/portalurbano\/#\/schema\/logo\/image\/\"},\"sameAs\":[\"https:\/\/www.facebook.com\/Portal-Urbano-171542830093757\/\",\"https:\/\/twitter.com\/portalurbanook\",\"https:\/\/www.instagram.com\/_portalurbano\/\",\"https:\/\/www.youtube.com\/channel\/UCXhagIfszH8KxFiOok79zbA?view_as=subscriber\"]},{\"@type\":\"Person\",\"@id\":\"https:\/\/experienciadevida.com.ar\/portalurbano\/#\/schema\/person\/02dd326b1c4b056e9cc972486934a3a7\",\"name\":\"admpu17wp\",\"image\":{\"@type\":\"ImageObject\",\"inLanguage\":\"es\",\"@id\":\"https:\/\/experienciadevida.com.ar\/portalurbano\/#\/schema\/person\/image\/\",\"url\":\"https:\/\/secure.gravatar.com\/avatar\/830d4c57adaae6630765e449a6908047?s=96&d=mm&r=g\",\"contentUrl\":\"https:\/\/secure.gravatar.com\/avatar\/830d4c57adaae6630765e449a6908047?s=96&d=mm&r=g\",\"caption\":\"admpu17wp\"}}]}<\/script>\n<!-- \/ Yoast SEO plugin. -->","yoast_head_json":{"title":"Este s\u00e1bado no habr\u00e1 atenci\u00f3n al p\u00fablico en Licencias de Conducir","description":"Este s\u00e1bado no habr\u00e1 atenci\u00f3n al p\u00fablico en Licencias de Conducir, debido al feriado conmemorativo por el D\u00eda del Veterano y de los Ca\u00eddos","robots":{"index":"index","follow":"follow","max-snippet":"max-snippet:-1","max-image-preview":"max-image-preview:large","max-video-preview":"max-video-preview:-1"},"canonical":"https:\/\/experienciadevida.com.ar\/portalurbano\/este-sabado-no-habra-atencion-al-publico-en-licencias-de-conducir\/","og_locale":"es_ES","og_type":"article","og_title":"Este s\u00e1bado no habr\u00e1 atenci\u00f3n al p\u00fablico en Licencias de Conducir","og_description":"Este s\u00e1bado no habr\u00e1 atenci\u00f3n al p\u00fablico en Licencias de Conducir, debido al feriado conmemorativo por el D\u00eda del Veterano y de los Ca\u00eddos","og_url":"https:\/\/experienciadevida.com.ar\/portalurbano\/este-sabado-no-habra-atencion-al-publico-en-licencias-de-conducir\/","article_publisher":"https:\/\/www.facebook.com\/Portal-Urbano-171542830093757\/","article_published_time":"2022-04-01T22:15:31+00:00","article_modified_time":"2022-04-01T22:17:24+00:00","og_image":[{"width":1024,"height":512,"url":"https:\/\/experienciadevida.com.ar\/portalurbano\/wp-content\/uploads\/2022\/04\/Este-sabado-no-habra.jpeg","type":"image\/jpeg"}],"author":"admpu17wp","twitter_card":"summary_large_image","twitter_creator":"@portalurbanook","twitter_site":"@portalurbanook","twitter_misc":{"Escrito por":"admpu17wp","Tiempo de lectura":"1 minuto"},"schema":{"@context":"https:\/\/schema.org","@graph":[{"@type":"Article","@id":"https:\/\/experienciadevida.com.ar\/portalurbano\/este-sabado-no-habra-atencion-al-publico-en-licencias-de-conducir\/#article","isPartOf":{"@id":"https:\/\/experienciadevida.com.ar\/portalurbano\/este-sabado-no-habra-atencion-al-publico-en-licencias-de-conducir\/"},"author":{"name":"admpu17wp","@id":"https:\/\/experienciadevida.com.ar\/portalurbano\/#\/schema\/person\/02dd326b1c4b056e9cc972486934a3a7"},"headline":"Este s\u00e1bado no habr\u00e1 atenci\u00f3n al p\u00fablico en Licencias de Conducir","datePublished":"2022-04-01T22:15:31+00:00","dateModified":"2022-04-01T22:17:24+00:00","mainEntityOfPage":{"@id":"https:\/\/experienciadevida.com.ar\/portalurbano\/este-sabado-no-habra-atencion-al-publico-en-licencias-de-conducir\/"},"wordCount":241,"publisher":{"@id":"https:\/\/experienciadevida.com.ar\/portalurbano\/#organization"},"articleSection":["Ciudad","Destacadas 2"],"inLanguage":"es"},{"@type":"WebPage","@id":"https:\/\/experienciadevida.com.ar\/portalurbano\/este-sabado-no-habra-atencion-al-publico-en-licencias-de-conducir\/","url":"https:\/\/experienciadevida.com.ar\/portalurbano\/este-sabado-no-habra-atencion-al-publico-en-licencias-de-conducir\/","name":"Este s\u00e1bado no habr\u00e1 atenci\u00f3n al p\u00fablico en Licencias de Conducir","isPartOf":{"@id":"https:\/\/experienciadevida.com.ar\/portalurbano\/#website"},"datePublished":"2022-04-01T22:15:31+00:00","dateModified":"2022-04-01T22:17:24+00:00","description":"Este s\u00e1bado no habr\u00e1 atenci\u00f3n al p\u00fablico en Licencias de Conducir, debido al feriado conmemorativo por el D\u00eda del Veterano y de los Ca\u00eddos","breadcrumb":{"@id":"https:\/\/experienciadevida.com.ar\/portalurbano\/este-sabado-no-habra-atencion-al-publico-en-licencias-de-conducir\/#breadcrumb"},"inLanguage":"es","potentialAction":[{"@type":"ReadAction","target":["https:\/\/experienciadevida.com.ar\/portalurbano\/este-sabado-no-habra-atencion-al-publico-en-licencias-de-conducir\/"]}]},{"@type":"BreadcrumbList","@id":"https:\/\/experienciadevida.com.ar\/portalurbano\/este-sabado-no-habra-atencion-al-publico-en-licencias-de-conducir\/#breadcrumb","itemListElement":[{"@type":"ListItem","position":1,"name":"Portada","item":"https:\/\/experienciadevida.com.ar\/portalurbano\/"},{"@type":"ListItem","position":2,"name":"Este s\u00e1bado no habr\u00e1 atenci\u00f3n al p\u00fablico en Licencias de Conducir"}]},{"@type":"WebSite","@id":"https:\/\/experienciadevida.com.ar\/portalurbano\/#website","url":"https:\/\/experienciadevida.com.ar\/portalurbano\/","name":"","description":"","publisher":{"@id":"https:\/\/experienciadevida.com.ar\/portalurbano\/#organization"},"potentialAction":[{"@type":"SearchAction","target":{"@type":"EntryPoint","urlTemplate":"https:\/\/experienciadevida.com.ar\/portalurbano\/?s={search_term_string}"},"query-input":"required name=search_term_string"}],"inLanguage":"es"},{"@type":"Organization","@id":"https:\/\/experienciadevida.com.ar\/portalurbano\/#organization","name":"Portal Urbano","url":"https:\/\/experienciadevida.com.ar\/portalurbano\/","logo":{"@type":"ImageObject","inLanguage":"es","@id":"https:\/\/experienciadevida.com.ar\/portalurbano\/#\/schema\/logo\/image\/","url":"https:\/\/experienciadevida.com.ar\/portalurbano\/wp-content\/uploads\/2019\/09\/Logo-Original.png","contentUrl":"https:\/\/experienciadevida.com.ar\/portalurbano\/wp-content\/uploads\/2019\/09\/Logo-Original.png","width":2236,"height":1216,"caption":"Portal Urbano"},"image":{"@id":"https:\/\/experienciadevida.com.ar\/portalurbano\/#\/schema\/logo\/image\/"},"sameAs":["https:\/\/www.facebook.com\/Portal-Urbano-171542830093757\/","https:\/\/twitter.com\/portalurbanook","https:\/\/www.instagram.com\/_portalurbano\/","https:\/\/www.youtube.com\/channel\/UCXhagIfszH8KxFiOok79zbA?view_as=subscriber"]},{"@type":"Person","@id":"https:\/\/experienciadevida.com.ar\/portalurbano\/#\/schema\/person\/02dd326b1c4b056e9cc972486934a3a7","name":"admpu17wp","image":{"@type":"ImageObject","inLanguage":"es","@id":"https:\/\/experienciadevida.com.ar\/portalurbano\/#\/schema\/person\/image\/","url":"https:\/\/secure.gravatar.com\/avatar\/830d4c57adaae6630765e449a6908047?s=96&d=mm&r=g","contentUrl":"https:\/\/secure.gravatar.com\/avatar\/830d4c57adaae6630765e449a6908047?s=96&d=mm&r=g","caption":"admpu17wp"}}]}},"featured_image_urls":{"full":["https:\/\/experienciadevida.com.ar\/portalurbano\/wp-content\/uploads\/2022\/04\/Este-sabado-no-habra.jpeg",1024,512,false],"thumbnail":["https:\/\/experienciadevida.com.ar\/portalurbano\/wp-content\/uploads\/2022\/04\/Este-sabado-no-habra-150x150.jpeg",150,150,true],"medium":["https:\/\/experienciadevida.com.ar\/portalurbano\/wp-content\/uploads\/2022\/04\/Este-sabado-no-habra-300x150.jpeg",300,150,true],"medium_large":["https:\/\/experienciadevida.com.ar\/portalurbano\/wp-content\/uploads\/2022\/04\/Este-sabado-no-habra-768x384.jpeg",640,320,true],"large":["https:\/\/experienciadevida.com.ar\/portalurbano\/wp-content\/uploads\/2022\/04\/Este-sabado-no-habra.jpeg",640,320,false],"ug_big":["https:\/\/experienciadevida.com.ar\/portalurbano\/wp-content\/uploads\/2022\/04\/Este-sabado-no-habra-768x384.jpeg",768,384,true],"1536x1536":["https:\/\/experienciadevida.com.ar\/portalurbano\/wp-content\/uploads\/2022\/04\/Este-sabado-no-habra.jpeg",1024,512,false],"2048x2048":["https:\/\/experienciadevida.com.ar\/portalurbano\/wp-content\/uploads\/2022\/04\/Este-sabado-no-habra.jpeg",1024,512,false],"newsever-slider-full":["https:\/\/experienciadevida.com.ar\/portalurbano\/wp-content\/uploads\/2022\/04\/Este-sabado-no-habra.jpeg",1024,512,false],"newsever-featured":["https:\/\/experienciadevida.com.ar\/portalurbano\/wp-content\/uploads\/2022\/04\/Este-sabado-no-habra.jpeg",1024,512,false],"newsever-medium":["https:\/\/experienciadevida.com.ar\/portalurbano\/wp-content\/uploads\/2022\/04\/Este-sabado-no-habra.jpeg",720,360,false],"web-stories-poster-portrait":["https:\/\/experienciadevida.com.ar\/portalurbano\/wp-content\/uploads\/2022\/04\/Este-sabado-no-habra.jpeg",640,320,false],"web-stories-publisher-logo":["https:\/\/experienciadevida.com.ar\/portalurbano\/wp-content\/uploads\/2022\/04\/Este-sabado-no-habra.jpeg",96,48,false],"web-stories-thumbnail":["https:\/\/experienciadevida.com.ar\/portalurbano\/wp-content\/uploads\/2022\/04\/Este-sabado-no-habra.jpeg",150,75,false]},"author_info":{"display_name":"admpu17wp","author_link":"https:\/\/experienciadevida.com.ar\/portalurbano\/author\/admpu17wp\/"},"category_info":"<a href=\"https:\/\/experienciadevida.com.ar\/portalurbano\/category\/ciudad\/\" rel=\"category tag\">Ciudad<\/a> <a href=\"https:\/\/experienciadevida.com.ar\/portalurbano\/category\/destacadas-2\/\" rel=\"category tag\">Destacadas 2<\/a>","tag_info":"Destacadas 2","comment_count":"0","amp_enabled":true,"_links":{"self":[{"href":"https:\/\/experienciadevida.com.ar\/portalurbano\/wp-json\/wp\/v2\/posts\/164782"}],"collection":[{"href":"https:\/\/experienciadevida.com.ar\/portalurbano\/wp-json\/wp\/v2\/posts"}],"about":[{"href":"https:\/\/experienciadevida.com.ar\/portalurbano\/wp-json\/wp\/v2\/types\/post"}],"author":[{"embeddable":true,"href":"https:\/\/experienciadevida.com.ar\/portalurbano\/wp-json\/wp\/v2\/users\/1"}],"replies":[{"embeddable":true,"href":"https:\/\/experienciadevida.com.ar\/portalurbano\/wp-json\/wp\/v2\/comments?post=164782"}],"version-history":[{"count":1,"href":"https:\/\/experienciadevida.com.ar\/portalurbano\/wp-json\/wp\/v2\/posts\/164782\/revisions"}],"predecessor-version":[{"id":164784,"href":"https:\/\/experienciadevida.com.ar\/portalurbano\/wp-json\/wp\/v2\/posts\/164782\/revisions\/164784"}],"wp:featuredmedia":[{"embeddable":true,"href":"https:\/\/experienciadevida.com.ar\/portalurbano\/wp-json\/wp\/v2\/media\/164783"}],"wp:attachment":[{"href":"https:\/\/experienciadevida.com.ar\/portalurbano\/wp-json\/wp\/v2\/media?parent=164782"}],"wp:term":[{"taxonomy":"category","embeddable":true,"href":"https:\/\/experienciadevida.com.ar\/portalurbano\/wp-json\/wp\/v2\/categories?post=164782"},{"taxonomy":"post_tag","embeddable":true,"href":"https:\/\/experienciadevida.com.ar\/portalurbano\/wp-json\/wp\/v2\/tags?post=164782"}],"curies":[{"name":"wp","href":"https:\/\/api.w.org\/{rel}","templated":true}]}}