{"id":164743,"date":"2022-04-01T17:06:07","date_gmt":"2022-04-01T20:06:07","guid":{"rendered":"https:\/\/experienciadevida.com.ar\/portalurbano\/?p=164743"},"modified":"2022-04-01T17:14:18","modified_gmt":"2022-04-01T20:14:18","slug":"ediles-del-frente-de-todos-se-reunieron-con-vecinos-de-san-vicente-por-los-reclamos-al-programa-giro","status":"publish","type":"post","link":"https:\/\/experienciadevida.com.ar\/portalurbano\/ediles-del-frente-de-todos-se-reunieron-con-vecinos-de-san-vicente-por-los-reclamos-al-programa-giro\/","title":{"rendered":"Ediles del Frente de Todos se reunieron con vecinos de San Vicente por los reclamos al Programa GIRO"},"content":{"rendered":"<p>Ediles del Frente de Todos se reunieron con vecinos de San Vicente por los reclamos al Programa GIRO, la reuni\u00f3n se concret\u00f3 en la casa de una familia del barrio para conversar sobre las problem\u00e1ticas con respecto al Programa municipal de gesti\u00f3n de residuos.<\/p>\n<p>Luego de varios encuentros con vecinos del barrio San Vicente, en el interbloque de Todos y en el hogar de unos de ellos, se coordin\u00f3 y estableci\u00f3 generar un Pedido de Informes, donde se consensuaron los planteos recabados entre los perjudicados por los cambios realizados por el Gobierno Municipal con respecto a la recolecci\u00f3n de los residuos s\u00f3lidos urbanos por el Programa Giro.<\/p>\n<p>Los ediles del Frente de Todos se\u00f1alaron que este pedido tiene por objetivo brindar un acompa\u00f1amiento y reforzar la solicitud presentada por los vecinos de San Vicente en el Concejo Deliberante, entre las diferentes demandas solicitan que el Municipio restablezca la frecuencia de recolecci\u00f3n hist\u00f3rica del barrio y que refuercen la comunicaci\u00f3n ante posibles cambios y sobre c\u00f3mo se deben separar los residuos. Del encuentro participaron las concejalas Mercedes Landivar y Telma Cazot y los concejales Gast\u00f3n Sarachu y Ubaldo Garc\u00eda.<\/p>\n<p>El pedido de informes que se presentar\u00e1 en el Honorable Concejo Deliberante, llevar\u00e1 la firma de todos los concejales del Frente de Todos y de aprobarse deber\u00e1 ser contestado por el Gobierno Municipal para dar respuesta a las familias del barrio.<\/p>\n","protected":false},"excerpt":{"rendered":"<p>Ediles del Frente de Todos se reunieron con vecinos de San Vicente por los reclamos&#8230;<\/p>\n","protected":false},"author":1,"featured_media":164745,"comment_status":"closed","ping_status":"closed","sticky":false,"template":"","format":"standard","meta":{"content-type":""},"categories":[27,64],"tags":[],"nelio_content":{"isAutoShareEnabled":false,"autoShareEndMode":"default","automationSources":{"useContentSentences":true,"useSocialTemplates":true,"useCustomSentences":false,"customSentences":[]},"followers":[1],"suggestedReferences":[],"includedReferences":[],"efiUrl":"","efiAlt":"","highlights":[]},"yoast_head":"<!-- This site is optimized with the Yoast SEO plugin v20.7 - https:\/\/yoast.com\/wordpress\/plugins\/seo\/ -->\n<title>Ediles del Frente de Todos se reunieron con vecinos por reclamos<\/title>\n<meta name=\"description\" content=\"Ediles del Frente de Todos se reunieron con vecinos de San Vicente por los reclamos al Programa GIRO, la reuni\u00f3n fue en la casa de un vecino\" \/>\n<meta name=\"robots\" content=\"index, follow, max-snippet:-1, max-image-preview:large, max-video-preview:-1\" \/>\n<link rel=\"canonical\" href=\"https:\/\/experienciadevida.com.ar\/portalurbano\/ediles-del-frente-de-todos-se-reunieron-con-vecinos-de-san-vicente-por-los-reclamos-al-programa-giro\/\" \/>\n<meta property=\"og:locale\" content=\"es_ES\" \/>\n<meta property=\"og:type\" content=\"article\" \/>\n<meta property=\"og:title\" content=\"Ediles del Frente de Todos se reunieron con vecinos por reclamos\" \/>\n<meta property=\"og:description\" content=\"Ediles del Frente de Todos se reunieron con vecinos de San Vicente por los reclamos al Programa GIRO, la reuni\u00f3n fue en la casa de un vecino\" \/>\n<meta property=\"og:url\" content=\"https:\/\/experienciadevida.com.ar\/portalurbano\/ediles-del-frente-de-todos-se-reunieron-con-vecinos-de-san-vicente-por-los-reclamos-al-programa-giro\/\" \/>\n<meta property=\"article:publisher\" content=\"https:\/\/www.facebook.com\/Portal-Urbano-171542830093757\/\" \/>\n<meta property=\"article:published_time\" content=\"2022-04-01T20:06:07+00:00\" \/>\n<meta property=\"article:modified_time\" content=\"2022-04-01T20:14:18+00:00\" \/>\n<meta property=\"og:image\" content=\"https:\/\/experienciadevida.com.ar\/portalurbano\/wp-content\/uploads\/2022\/04\/Ediles-del-Frente-de.jpg\" \/>\n\t<meta property=\"og:image:width\" content=\"1600\" \/>\n\t<meta property=\"og:image:height\" content=\"720\" \/>\n\t<meta property=\"og:image:type\" content=\"image\/jpeg\" \/>\n<meta name=\"author\" content=\"admpu17wp\" \/>\n<meta name=\"twitter:card\" content=\"summary_large_image\" \/>\n<meta name=\"twitter:creator\" content=\"@portalurbanook\" \/>\n<meta name=\"twitter:site\" content=\"@portalurbanook\" \/>\n<meta name=\"twitter:label1\" content=\"Escrito por\" \/>\n\t<meta name=\"twitter:data1\" content=\"admpu17wp\" \/>\n\t<meta name=\"twitter:label2\" content=\"Tiempo de lectura\" \/>\n\t<meta name=\"twitter:data2\" content=\"2 minutos\" \/>\n<script type=\"application\/ld+json\" class=\"yoast-schema-graph\">{\"@context\":\"https:\/\/schema.org\",\"@graph\":[{\"@type\":\"Article\",\"@id\":\"https:\/\/experienciadevida.com.ar\/portalurbano\/ediles-del-frente-de-todos-se-reunieron-con-vecinos-de-san-vicente-por-los-reclamos-al-programa-giro\/#article\",\"isPartOf\":{\"@id\":\"https:\/\/experienciadevida.com.ar\/portalurbano\/ediles-del-frente-de-todos-se-reunieron-con-vecinos-de-san-vicente-por-los-reclamos-al-programa-giro\/\"},\"author\":{\"name\":\"admpu17wp\",\"@id\":\"https:\/\/experienciadevida.com.ar\/portalurbano\/#\/schema\/person\/02dd326b1c4b056e9cc972486934a3a7\"},\"headline\":\"Ediles del Frente de Todos se reunieron con vecinos de San Vicente por los reclamos al Programa GIRO\",\"datePublished\":\"2022-04-01T20:06:07+00:00\",\"dateModified\":\"2022-04-01T20:14:18+00:00\",\"mainEntityOfPage\":{\"@id\":\"https:\/\/experienciadevida.com.ar\/portalurbano\/ediles-del-frente-de-todos-se-reunieron-con-vecinos-de-san-vicente-por-los-reclamos-al-programa-giro\/\"},\"wordCount\":260,\"publisher\":{\"@id\":\"https:\/\/experienciadevida.com.ar\/portalurbano\/#organization\"},\"articleSection\":[\"Ciudad\",\"Destacadas 2\"],\"inLanguage\":\"es\"},{\"@type\":\"WebPage\",\"@id\":\"https:\/\/experienciadevida.com.ar\/portalurbano\/ediles-del-frente-de-todos-se-reunieron-con-vecinos-de-san-vicente-por-los-reclamos-al-programa-giro\/\",\"url\":\"https:\/\/experienciadevida.com.ar\/portalurbano\/ediles-del-frente-de-todos-se-reunieron-con-vecinos-de-san-vicente-por-los-reclamos-al-programa-giro\/\",\"name\":\"Ediles del Frente de Todos se reunieron con vecinos por reclamos\",\"isPartOf\":{\"@id\":\"https:\/\/experienciadevida.com.ar\/portalurbano\/#website\"},\"datePublished\":\"2022-04-01T20:06:07+00:00\",\"dateModified\":\"2022-04-01T20:14:18+00:00\",\"description\":\"Ediles del Frente de Todos se reunieron con vecinos de San Vicente por los reclamos al Programa GIRO, la reuni\u00f3n fue en la casa de un vecino\",\"breadcrumb\":{\"@id\":\"https:\/\/experienciadevida.com.ar\/portalurbano\/ediles-del-frente-de-todos-se-reunieron-con-vecinos-de-san-vicente-por-los-reclamos-al-programa-giro\/#breadcrumb\"},\"inLanguage\":\"es\",\"potentialAction\":[{\"@type\":\"ReadAction\",\"target\":[\"https:\/\/experienciadevida.com.ar\/portalurbano\/ediles-del-frente-de-todos-se-reunieron-con-vecinos-de-san-vicente-por-los-reclamos-al-programa-giro\/\"]}]},{\"@type\":\"BreadcrumbList\",\"@id\":\"https:\/\/experienciadevida.com.ar\/portalurbano\/ediles-del-frente-de-todos-se-reunieron-con-vecinos-de-san-vicente-por-los-reclamos-al-programa-giro\/#breadcrumb\",\"itemListElement\":[{\"@type\":\"ListItem\",\"position\":1,\"name\":\"Portada\",\"item\":\"https:\/\/experienciadevida.com.ar\/portalurbano\/\"},{\"@type\":\"ListItem\",\"position\":2,\"name\":\"Ediles del Frente de Todos se reunieron con vecinos de San Vicente por los reclamos al Programa GIRO\"}]},{\"@type\":\"WebSite\",\"@id\":\"https:\/\/experienciadevida.com.ar\/portalurbano\/#website\",\"url\":\"https:\/\/experienciadevida.com.ar\/portalurbano\/\",\"name\":\"\",\"description\":\"\",\"publisher\":{\"@id\":\"https:\/\/experienciadevida.com.ar\/portalurbano\/#organization\"},\"potentialAction\":[{\"@type\":\"SearchAction\",\"target\":{\"@type\":\"EntryPoint\",\"urlTemplate\":\"https:\/\/experienciadevida.com.ar\/portalurbano\/?s={search_term_string}\"},\"query-input\":\"required name=search_term_string\"}],\"inLanguage\":\"es\"},{\"@type\":\"Organization\",\"@id\":\"https:\/\/experienciadevida.com.ar\/portalurbano\/#organization\",\"name\":\"Portal Urbano\",\"url\":\"https:\/\/experienciadevida.com.ar\/portalurbano\/\",\"logo\":{\"@type\":\"ImageObject\",\"inLanguage\":\"es\",\"@id\":\"https:\/\/experienciadevida.com.ar\/portalurbano\/#\/schema\/logo\/image\/\",\"url\":\"https:\/\/experienciadevida.com.ar\/portalurbano\/wp-content\/uploads\/2019\/09\/Logo-Original.png\",\"contentUrl\":\"https:\/\/experienciadevida.com.ar\/portalurbano\/wp-content\/uploads\/2019\/09\/Logo-Original.png\",\"width\":2236,\"height\":1216,\"caption\":\"Portal Urbano\"},\"image\":{\"@id\":\"https:\/\/experienciadevida.com.ar\/portalurbano\/#\/schema\/logo\/image\/\"},\"sameAs\":[\"https:\/\/www.facebook.com\/Portal-Urbano-171542830093757\/\",\"https:\/\/twitter.com\/portalurbanook\",\"https:\/\/www.instagram.com\/_portalurbano\/\",\"https:\/\/www.youtube.com\/channel\/UCXhagIfszH8KxFiOok79zbA?view_as=subscriber\"]},{\"@type\":\"Person\",\"@id\":\"https:\/\/experienciadevida.com.ar\/portalurbano\/#\/schema\/person\/02dd326b1c4b056e9cc972486934a3a7\",\"name\":\"admpu17wp\",\"image\":{\"@type\":\"ImageObject\",\"inLanguage\":\"es\",\"@id\":\"https:\/\/experienciadevida.com.ar\/portalurbano\/#\/schema\/person\/image\/\",\"url\":\"https:\/\/secure.gravatar.com\/avatar\/830d4c57adaae6630765e449a6908047?s=96&d=mm&r=g\",\"contentUrl\":\"https:\/\/secure.gravatar.com\/avatar\/830d4c57adaae6630765e449a6908047?s=96&d=mm&r=g\",\"caption\":\"admpu17wp\"}}]}<\/script>\n<!-- \/ Yoast SEO plugin. -->","yoast_head_json":{"title":"Ediles del Frente de Todos se reunieron con vecinos por reclamos","description":"Ediles del Frente de Todos se reunieron con vecinos de San Vicente por los reclamos al Programa GIRO, la reuni\u00f3n fue en la casa de un vecino","robots":{"index":"index","follow":"follow","max-snippet":"max-snippet:-1","max-image-preview":"max-image-preview:large","max-video-preview":"max-video-preview:-1"},"canonical":"https:\/\/experienciadevida.com.ar\/portalurbano\/ediles-del-frente-de-todos-se-reunieron-con-vecinos-de-san-vicente-por-los-reclamos-al-programa-giro\/","og_locale":"es_ES","og_type":"article","og_title":"Ediles del Frente de Todos se reunieron con vecinos por reclamos","og_description":"Ediles del Frente de Todos se reunieron con vecinos de San Vicente por los reclamos al Programa GIRO, la reuni\u00f3n fue en la casa de un vecino","og_url":"https:\/\/experienciadevida.com.ar\/portalurbano\/ediles-del-frente-de-todos-se-reunieron-con-vecinos-de-san-vicente-por-los-reclamos-al-programa-giro\/","article_publisher":"https:\/\/www.facebook.com\/Portal-Urbano-171542830093757\/","article_published_time":"2022-04-01T20:06:07+00:00","article_modified_time":"2022-04-01T20:14:18+00:00","og_image":[{"width":1600,"height":720,"url":"https:\/\/experienciadevida.com.ar\/portalurbano\/wp-content\/uploads\/2022\/04\/Ediles-del-Frente-de.jpg","type":"image\/jpeg"}],"author":"admpu17wp","twitter_card":"summary_large_image","twitter_creator":"@portalurbanook","twitter_site":"@portalurbanook","twitter_misc":{"Escrito por":"admpu17wp","Tiempo de lectura":"2 minutos"},"schema":{"@context":"https:\/\/schema.org","@graph":[{"@type":"Article","@id":"https:\/\/experienciadevida.com.ar\/portalurbano\/ediles-del-frente-de-todos-se-reunieron-con-vecinos-de-san-vicente-por-los-reclamos-al-programa-giro\/#article","isPartOf":{"@id":"https:\/\/experienciadevida.com.ar\/portalurbano\/ediles-del-frente-de-todos-se-reunieron-con-vecinos-de-san-vicente-por-los-reclamos-al-programa-giro\/"},"author":{"name":"admpu17wp","@id":"https:\/\/experienciadevida.com.ar\/portalurbano\/#\/schema\/person\/02dd326b1c4b056e9cc972486934a3a7"},"headline":"Ediles del Frente de Todos se reunieron con vecinos de San Vicente por los reclamos al Programa GIRO","datePublished":"2022-04-01T20:06:07+00:00","dateModified":"2022-04-01T20:14:18+00:00","mainEntityOfPage":{"@id":"https:\/\/experienciadevida.com.ar\/portalurbano\/ediles-del-frente-de-todos-se-reunieron-con-vecinos-de-san-vicente-por-los-reclamos-al-programa-giro\/"},"wordCount":260,"publisher":{"@id":"https:\/\/experienciadevida.com.ar\/portalurbano\/#organization"},"articleSection":["Ciudad","Destacadas 2"],"inLanguage":"es"},{"@type":"WebPage","@id":"https:\/\/experienciadevida.com.ar\/portalurbano\/ediles-del-frente-de-todos-se-reunieron-con-vecinos-de-san-vicente-por-los-reclamos-al-programa-giro\/","url":"https:\/\/experienciadevida.com.ar\/portalurbano\/ediles-del-frente-de-todos-se-reunieron-con-vecinos-de-san-vicente-por-los-reclamos-al-programa-giro\/","name":"Ediles del Frente de Todos se reunieron con vecinos por reclamos","isPartOf":{"@id":"https:\/\/experienciadevida.com.ar\/portalurbano\/#website"},"datePublished":"2022-04-01T20:06:07+00:00","dateModified":"2022-04-01T20:14:18+00:00","description":"Ediles del Frente de Todos se reunieron con vecinos de San Vicente por los reclamos al Programa GIRO, la reuni\u00f3n fue en la casa de un vecino","breadcrumb":{"@id":"https:\/\/experienciadevida.com.ar\/portalurbano\/ediles-del-frente-de-todos-se-reunieron-con-vecinos-de-san-vicente-por-los-reclamos-al-programa-giro\/#breadcrumb"},"inLanguage":"es","potentialAction":[{"@type":"ReadAction","target":["https:\/\/experienciadevida.com.ar\/portalurbano\/ediles-del-frente-de-todos-se-reunieron-con-vecinos-de-san-vicente-por-los-reclamos-al-programa-giro\/"]}]},{"@type":"BreadcrumbList","@id":"https:\/\/experienciadevida.com.ar\/portalurbano\/ediles-del-frente-de-todos-se-reunieron-con-vecinos-de-san-vicente-por-los-reclamos-al-programa-giro\/#breadcrumb","itemListElement":[{"@type":"ListItem","position":1,"name":"Portada","item":"https:\/\/experienciadevida.com.ar\/portalurbano\/"},{"@type":"ListItem","position":2,"name":"Ediles del Frente de Todos se reunieron con vecinos de San Vicente por los reclamos al Programa GIRO"}]},{"@type":"WebSite","@id":"https:\/\/experienciadevida.com.ar\/portalurbano\/#website","url":"https:\/\/experienciadevida.com.ar\/portalurbano\/","name":"","description":"","publisher":{"@id":"https:\/\/experienciadevida.com.ar\/portalurbano\/#organization"},"potentialAction":[{"@type":"SearchAction","target":{"@type":"EntryPoint","urlTemplate":"https:\/\/experienciadevida.com.ar\/portalurbano\/?s={search_term_string}"},"query-input":"required name=search_term_string"}],"inLanguage":"es"},{"@type":"Organization","@id":"https:\/\/experienciadevida.com.ar\/portalurbano\/#organization","name":"Portal Urbano","url":"https:\/\/experienciadevida.com.ar\/portalurbano\/","logo":{"@type":"ImageObject","inLanguage":"es","@id":"https:\/\/experienciadevida.com.ar\/portalurbano\/#\/schema\/logo\/image\/","url":"https:\/\/experienciadevida.com.ar\/portalurbano\/wp-content\/uploads\/2019\/09\/Logo-Original.png","contentUrl":"https:\/\/experienciadevida.com.ar\/portalurbano\/wp-content\/uploads\/2019\/09\/Logo-Original.png","width":2236,"height":1216,"caption":"Portal Urbano"},"image":{"@id":"https:\/\/experienciadevida.com.ar\/portalurbano\/#\/schema\/logo\/image\/"},"sameAs":["https:\/\/www.facebook.com\/Portal-Urbano-171542830093757\/","https:\/\/twitter.com\/portalurbanook","https:\/\/www.instagram.com\/_portalurbano\/","https:\/\/www.youtube.com\/channel\/UCXhagIfszH8KxFiOok79zbA?view_as=subscriber"]},{"@type":"Person","@id":"https:\/\/experienciadevida.com.ar\/portalurbano\/#\/schema\/person\/02dd326b1c4b056e9cc972486934a3a7","name":"admpu17wp","image":{"@type":"ImageObject","inLanguage":"es","@id":"https:\/\/experienciadevida.com.ar\/portalurbano\/#\/schema\/person\/image\/","url":"https:\/\/secure.gravatar.com\/avatar\/830d4c57adaae6630765e449a6908047?s=96&d=mm&r=g","contentUrl":"https:\/\/secure.gravatar.com\/avatar\/830d4c57adaae6630765e449a6908047?s=96&d=mm&r=g","caption":"admpu17wp"}}]}},"featured_image_urls":{"full":["https:\/\/experienciadevida.com.ar\/portalurbano\/wp-content\/uploads\/2022\/04\/Ediles-del-Frente-de.jpg",1600,720,false],"thumbnail":["https:\/\/experienciadevida.com.ar\/portalurbano\/wp-content\/uploads\/2022\/04\/Ediles-del-Frente-de-150x150.jpg",150,150,true],"medium":["https:\/\/experienciadevida.com.ar\/portalurbano\/wp-content\/uploads\/2022\/04\/Ediles-del-Frente-de-300x135.jpg",300,135,true],"medium_large":["https:\/\/experienciadevida.com.ar\/portalurbano\/wp-content\/uploads\/2022\/04\/Ediles-del-Frente-de-768x346.jpg",640,288,true],"large":["https:\/\/experienciadevida.com.ar\/portalurbano\/wp-content\/uploads\/2022\/04\/Ediles-del-Frente-de-1024x461.jpg",640,288,true],"ug_big":["https:\/\/experienciadevida.com.ar\/portalurbano\/wp-content\/uploads\/2022\/04\/Ediles-del-Frente-de-768x346.jpg",768,346,true],"1536x1536":["https:\/\/experienciadevida.com.ar\/portalurbano\/wp-content\/uploads\/2022\/04\/Ediles-del-Frente-de-1536x691.jpg",1536,691,true],"2048x2048":["https:\/\/experienciadevida.com.ar\/portalurbano\/wp-content\/uploads\/2022\/04\/Ediles-del-Frente-de.jpg",1600,720,false],"newsever-slider-full":["https:\/\/experienciadevida.com.ar\/portalurbano\/wp-content\/uploads\/2022\/04\/Ediles-del-Frente-de.jpg",1280,576,false],"newsever-featured":["https:\/\/experienciadevida.com.ar\/portalurbano\/wp-content\/uploads\/2022\/04\/Ediles-del-Frente-de.jpg",1024,461,false],"newsever-medium":["https:\/\/experienciadevida.com.ar\/portalurbano\/wp-content\/uploads\/2022\/04\/Ediles-del-Frente-de.jpg",720,324,false],"web-stories-poster-portrait":["https:\/\/experienciadevida.com.ar\/portalurbano\/wp-content\/uploads\/2022\/04\/Ediles-del-Frente-de.jpg",640,288,false],"web-stories-publisher-logo":["https:\/\/experienciadevida.com.ar\/portalurbano\/wp-content\/uploads\/2022\/04\/Ediles-del-Frente-de.jpg",96,43,false],"web-stories-thumbnail":["https:\/\/experienciadevida.com.ar\/portalurbano\/wp-content\/uploads\/2022\/04\/Ediles-del-Frente-de.jpg",150,68,false]},"author_info":{"display_name":"admpu17wp","author_link":"https:\/\/experienciadevida.com.ar\/portalurbano\/author\/admpu17wp\/"},"category_info":"<a href=\"https:\/\/experienciadevida.com.ar\/portalurbano\/category\/ciudad\/\" rel=\"category tag\">Ciudad<\/a> <a href=\"https:\/\/experienciadevida.com.ar\/portalurbano\/category\/destacadas-2\/\" rel=\"category tag\">Destacadas 2<\/a>","tag_info":"Destacadas 2","comment_count":"0","amp_enabled":true,"_links":{"self":[{"href":"https:\/\/experienciadevida.com.ar\/portalurbano\/wp-json\/wp\/v2\/posts\/164743"}],"collection":[{"href":"https:\/\/experienciadevida.com.ar\/portalurbano\/wp-json\/wp\/v2\/posts"}],"about":[{"href":"https:\/\/experienciadevida.com.ar\/portalurbano\/wp-json\/wp\/v2\/types\/post"}],"author":[{"embeddable":true,"href":"https:\/\/experienciadevida.com.ar\/portalurbano\/wp-json\/wp\/v2\/users\/1"}],"replies":[{"embeddable":true,"href":"https:\/\/experienciadevida.com.ar\/portalurbano\/wp-json\/wp\/v2\/comments?post=164743"}],"version-history":[{"count":2,"href":"https:\/\/experienciadevida.com.ar\/portalurbano\/wp-json\/wp\/v2\/posts\/164743\/revisions"}],"predecessor-version":[{"id":164746,"href":"https:\/\/experienciadevida.com.ar\/portalurbano\/wp-json\/wp\/v2\/posts\/164743\/revisions\/164746"}],"wp:featuredmedia":[{"embeddable":true,"href":"https:\/\/experienciadevida.com.ar\/portalurbano\/wp-json\/wp\/v2\/media\/164745"}],"wp:attachment":[{"href":"https:\/\/experienciadevida.com.ar\/portalurbano\/wp-json\/wp\/v2\/media?parent=164743"}],"wp:term":[{"taxonomy":"category","embeddable":true,"href":"https:\/\/experienciadevida.com.ar\/portalurbano\/wp-json\/wp\/v2\/categories?post=164743"},{"taxonomy":"post_tag","embeddable":true,"href":"https:\/\/experienciadevida.com.ar\/portalurbano\/wp-json\/wp\/v2\/tags?post=164743"}],"curies":[{"name":"wp","href":"https:\/\/api.w.org\/{rel}","templated":true}]}}