{"id":164736,"date":"2022-04-01T12:26:56","date_gmt":"2022-04-01T15:26:56","guid":{"rendered":"https:\/\/experienciadevida.com.ar\/portalurbano\/?p=164736"},"modified":"2022-04-01T12:34:32","modified_gmt":"2022-04-01T15:34:32","slug":"el-ano-en-el-que-olavarria-le-dio-un-giro-a-los-residuos","status":"publish","type":"post","link":"https:\/\/experienciadevida.com.ar\/portalurbano\/el-ano-en-el-que-olavarria-le-dio-un-giro-a-los-residuos\/","title":{"rendered":"El a\u00f1o en el que Olavarr\u00eda le dio un GIRO a los residuos"},"content":{"rendered":"<p>El a\u00f1o en el que Olavarr\u00eda le dio un GIRO a los residuos, en marzo, el programa de Gesti\u00f3n Integral de Residuos Olavarr\u00eda (GIRO) cumpli\u00f3 su primer a\u00f1o de trabajo. Fue en el mismo mes, pero de 2021, cuando se lanz\u00f3 la primera prueba piloto en el barrio \u201cLos Robles\u201d.<\/p>\n<p>\u201cPara todos los que formamos parte del proyecto este ha sido un a\u00f1o de planificaci\u00f3n, aprendizaje y crecimiento. Nos esmeramos para lograr una ciudad con una gesti\u00f3n de residuos basada en la econom\u00eda circular que recicla sus materiales desechables\u201d, destacaron desde el equipo de GIRO.<\/p>\n<p>Adem\u00e1s de celebrar el primer a\u00f1o de GIRO y todo lo alcanzado hasta el momento, entre las novedades m\u00e1s destacadas de este \u00faltimo tiempo est\u00e1 el anuncio y apertura de sobres de la licitaci\u00f3n para la expansi\u00f3n de la actual Planta de Clasificaci\u00f3n en el Relleno Sanitario.<\/p>\n<p>Es una obra de gran envergadura que ampl\u00eda el espacio actual e implica la adecuaci\u00f3n de las instalaciones para la recepci\u00f3n de todo el equipamiento industrial que se necesita para el procesamiento de residuos, sean reciclables o compostables. Es una obra que permitir\u00e1 incrementar la capacidad de procesamiento a cinco toneladas por hora.<\/p>\n<p>Por eso marzo fue tambi\u00e9n el mes en el que se empez\u00f3 a preparar la expansi\u00f3n del proyecto a toda la ciudad. Se organizaron charlas sobre residuos en espacios p\u00fablicos, empez\u00f3 el programa para escuelas y hubo participaci\u00f3n en eventos de la comunidad para fortalecer el lazo con todos los olavarrienses, vivan o no en la zona piloto.<\/p>\n<p>\u201cPlanificar y comunicar c\u00f3mo ser\u00e1 GIRO cuando estemos presentes en todos los barrios y localidades de la ciudad se convirti\u00f3 en una prioridad para el programa\u201d, agregaron.<\/p>\n<p>Tambi\u00e9n contin\u00faan las actividades en territorio en los barrios donde funciona el piloto GIRO. El equipo realiza el monitoreo de bolsas para evaluar la cantidad y calidad de los residuos separados que se est\u00e1n sacando para la recolecci\u00f3n, e intervenciones en los canastos de residuos para reforzar las corrientes y el calendario de recolecci\u00f3n.<\/p>\n<p>De esta forma se obtiene informaci\u00f3n sobre la participaci\u00f3n, el compromiso y los desaf\u00edos que experimentan los\/as residentes para cumplir con el programa. Tambi\u00e9n de manera peri\u00f3dica se llevan adelante visitas puerta a puerta con vecinos. La finalidad de esta actividad es obtener informaci\u00f3n que nos permita tomar decisiones y modificar estrategias que puedan dar respuestas favorables a los hogares en esta etapa de cambio de h\u00e1bitos.<\/p>\n<p>Este a\u00f1o es un per\u00edodo de consolidaci\u00f3n y expansi\u00f3n del programa y hay mucho trabajo por delante.<\/p>\n","protected":false},"excerpt":{"rendered":"<p>El a\u00f1o en el que Olavarr\u00eda le dio un GIRO a los residuos, en marzo,&#8230;<\/p>\n","protected":false},"author":1,"featured_media":164737,"comment_status":"closed","ping_status":"closed","sticky":false,"template":"","format":"standard","meta":{"content-type":""},"categories":[27,51],"tags":[],"nelio_content":{"isAutoShareEnabled":false,"autoShareEndMode":"default","automationSources":{"useContentSentences":true,"useSocialTemplates":true,"useCustomSentences":false,"customSentences":[]},"followers":[1],"suggestedReferences":[],"includedReferences":[],"efiUrl":"","efiAlt":"","highlights":[]},"yoast_head":"<!-- This site is optimized with the Yoast SEO plugin v20.7 - https:\/\/yoast.com\/wordpress\/plugins\/seo\/ -->\n<title>El a\u00f1o en el que Olavarr\u00eda le dio un GIRO a los residuos<\/title>\n<meta name=\"description\" content=\"El a\u00f1o en el que Olavarr\u00eda le dio un GIRO a los residuos, en marzo, el programa de gesti\u00f3n de residuos cumpli\u00f3 un a\u00f1o.\" \/>\n<meta name=\"robots\" content=\"index, follow, max-snippet:-1, max-image-preview:large, max-video-preview:-1\" \/>\n<link rel=\"canonical\" href=\"https:\/\/experienciadevida.com.ar\/portalurbano\/el-ano-en-el-que-olavarria-le-dio-un-giro-a-los-residuos\/\" \/>\n<meta property=\"og:locale\" content=\"es_ES\" \/>\n<meta property=\"og:type\" content=\"article\" \/>\n<meta property=\"og:title\" content=\"El a\u00f1o en el que Olavarr\u00eda le dio un GIRO a los residuos\" \/>\n<meta property=\"og:description\" content=\"El a\u00f1o en el que Olavarr\u00eda le dio un GIRO a los residuos, en marzo, el programa de gesti\u00f3n de residuos cumpli\u00f3 un a\u00f1o.\" \/>\n<meta property=\"og:url\" content=\"https:\/\/experienciadevida.com.ar\/portalurbano\/el-ano-en-el-que-olavarria-le-dio-un-giro-a-los-residuos\/\" \/>\n<meta property=\"article:publisher\" content=\"https:\/\/www.facebook.com\/Portal-Urbano-171542830093757\/\" \/>\n<meta property=\"article:published_time\" content=\"2022-04-01T15:26:56+00:00\" \/>\n<meta property=\"article:modified_time\" content=\"2022-04-01T15:34:32+00:00\" \/>\n<meta property=\"og:image\" content=\"https:\/\/experienciadevida.com.ar\/portalurbano\/wp-content\/uploads\/2022\/04\/El-ano-en-el.jpg\" \/>\n\t<meta property=\"og:image:width\" content=\"1024\" \/>\n\t<meta property=\"og:image:height\" content=\"683\" \/>\n\t<meta property=\"og:image:type\" content=\"image\/jpeg\" \/>\n<meta name=\"author\" content=\"admpu17wp\" \/>\n<meta name=\"twitter:card\" content=\"summary_large_image\" \/>\n<meta name=\"twitter:creator\" content=\"@portalurbanook\" \/>\n<meta name=\"twitter:site\" content=\"@portalurbanook\" \/>\n<meta name=\"twitter:label1\" content=\"Escrito por\" \/>\n\t<meta name=\"twitter:data1\" content=\"admpu17wp\" \/>\n\t<meta name=\"twitter:label2\" content=\"Tiempo de lectura\" \/>\n\t<meta name=\"twitter:data2\" content=\"2 minutos\" \/>\n<script type=\"application\/ld+json\" class=\"yoast-schema-graph\">{\"@context\":\"https:\/\/schema.org\",\"@graph\":[{\"@type\":\"Article\",\"@id\":\"https:\/\/experienciadevida.com.ar\/portalurbano\/el-ano-en-el-que-olavarria-le-dio-un-giro-a-los-residuos\/#article\",\"isPartOf\":{\"@id\":\"https:\/\/experienciadevida.com.ar\/portalurbano\/el-ano-en-el-que-olavarria-le-dio-un-giro-a-los-residuos\/\"},\"author\":{\"name\":\"admpu17wp\",\"@id\":\"https:\/\/experienciadevida.com.ar\/portalurbano\/#\/schema\/person\/02dd326b1c4b056e9cc972486934a3a7\"},\"headline\":\"El a\u00f1o en el que Olavarr\u00eda le dio un GIRO a los residuos\",\"datePublished\":\"2022-04-01T15:26:56+00:00\",\"dateModified\":\"2022-04-01T15:34:32+00:00\",\"mainEntityOfPage\":{\"@id\":\"https:\/\/experienciadevida.com.ar\/portalurbano\/el-ano-en-el-que-olavarria-le-dio-un-giro-a-los-residuos\/\"},\"wordCount\":472,\"publisher\":{\"@id\":\"https:\/\/experienciadevida.com.ar\/portalurbano\/#organization\"},\"articleSection\":[\"Ciudad\",\"Destacadas\"],\"inLanguage\":\"es\"},{\"@type\":\"WebPage\",\"@id\":\"https:\/\/experienciadevida.com.ar\/portalurbano\/el-ano-en-el-que-olavarria-le-dio-un-giro-a-los-residuos\/\",\"url\":\"https:\/\/experienciadevida.com.ar\/portalurbano\/el-ano-en-el-que-olavarria-le-dio-un-giro-a-los-residuos\/\",\"name\":\"El a\u00f1o en el que Olavarr\u00eda le dio un GIRO a los residuos\",\"isPartOf\":{\"@id\":\"https:\/\/experienciadevida.com.ar\/portalurbano\/#website\"},\"datePublished\":\"2022-04-01T15:26:56+00:00\",\"dateModified\":\"2022-04-01T15:34:32+00:00\",\"description\":\"El a\u00f1o en el que Olavarr\u00eda le dio un GIRO a los residuos, en marzo, el programa de gesti\u00f3n de residuos cumpli\u00f3 un a\u00f1o.\",\"breadcrumb\":{\"@id\":\"https:\/\/experienciadevida.com.ar\/portalurbano\/el-ano-en-el-que-olavarria-le-dio-un-giro-a-los-residuos\/#breadcrumb\"},\"inLanguage\":\"es\",\"potentialAction\":[{\"@type\":\"ReadAction\",\"target\":[\"https:\/\/experienciadevida.com.ar\/portalurbano\/el-ano-en-el-que-olavarria-le-dio-un-giro-a-los-residuos\/\"]}]},{\"@type\":\"BreadcrumbList\",\"@id\":\"https:\/\/experienciadevida.com.ar\/portalurbano\/el-ano-en-el-que-olavarria-le-dio-un-giro-a-los-residuos\/#breadcrumb\",\"itemListElement\":[{\"@type\":\"ListItem\",\"position\":1,\"name\":\"Portada\",\"item\":\"https:\/\/experienciadevida.com.ar\/portalurbano\/\"},{\"@type\":\"ListItem\",\"position\":2,\"name\":\"El a\u00f1o en el que Olavarr\u00eda le dio un GIRO a los residuos\"}]},{\"@type\":\"WebSite\",\"@id\":\"https:\/\/experienciadevida.com.ar\/portalurbano\/#website\",\"url\":\"https:\/\/experienciadevida.com.ar\/portalurbano\/\",\"name\":\"\",\"description\":\"\",\"publisher\":{\"@id\":\"https:\/\/experienciadevida.com.ar\/portalurbano\/#organization\"},\"potentialAction\":[{\"@type\":\"SearchAction\",\"target\":{\"@type\":\"EntryPoint\",\"urlTemplate\":\"https:\/\/experienciadevida.com.ar\/portalurbano\/?s={search_term_string}\"},\"query-input\":\"required name=search_term_string\"}],\"inLanguage\":\"es\"},{\"@type\":\"Organization\",\"@id\":\"https:\/\/experienciadevida.com.ar\/portalurbano\/#organization\",\"name\":\"Portal Urbano\",\"url\":\"https:\/\/experienciadevida.com.ar\/portalurbano\/\",\"logo\":{\"@type\":\"ImageObject\",\"inLanguage\":\"es\",\"@id\":\"https:\/\/experienciadevida.com.ar\/portalurbano\/#\/schema\/logo\/image\/\",\"url\":\"https:\/\/experienciadevida.com.ar\/portalurbano\/wp-content\/uploads\/2019\/09\/Logo-Original.png\",\"contentUrl\":\"https:\/\/experienciadevida.com.ar\/portalurbano\/wp-content\/uploads\/2019\/09\/Logo-Original.png\",\"width\":2236,\"height\":1216,\"caption\":\"Portal Urbano\"},\"image\":{\"@id\":\"https:\/\/experienciadevida.com.ar\/portalurbano\/#\/schema\/logo\/image\/\"},\"sameAs\":[\"https:\/\/www.facebook.com\/Portal-Urbano-171542830093757\/\",\"https:\/\/twitter.com\/portalurbanook\",\"https:\/\/www.instagram.com\/_portalurbano\/\",\"https:\/\/www.youtube.com\/channel\/UCXhagIfszH8KxFiOok79zbA?view_as=subscriber\"]},{\"@type\":\"Person\",\"@id\":\"https:\/\/experienciadevida.com.ar\/portalurbano\/#\/schema\/person\/02dd326b1c4b056e9cc972486934a3a7\",\"name\":\"admpu17wp\",\"image\":{\"@type\":\"ImageObject\",\"inLanguage\":\"es\",\"@id\":\"https:\/\/experienciadevida.com.ar\/portalurbano\/#\/schema\/person\/image\/\",\"url\":\"https:\/\/secure.gravatar.com\/avatar\/830d4c57adaae6630765e449a6908047?s=96&d=mm&r=g\",\"contentUrl\":\"https:\/\/secure.gravatar.com\/avatar\/830d4c57adaae6630765e449a6908047?s=96&d=mm&r=g\",\"caption\":\"admpu17wp\"}}]}<\/script>\n<!-- \/ Yoast SEO plugin. -->","yoast_head_json":{"title":"El a\u00f1o en el que Olavarr\u00eda le dio un GIRO a los residuos","description":"El a\u00f1o en el que Olavarr\u00eda le dio un GIRO a los residuos, en marzo, el programa de gesti\u00f3n de residuos cumpli\u00f3 un a\u00f1o.","robots":{"index":"index","follow":"follow","max-snippet":"max-snippet:-1","max-image-preview":"max-image-preview:large","max-video-preview":"max-video-preview:-1"},"canonical":"https:\/\/experienciadevida.com.ar\/portalurbano\/el-ano-en-el-que-olavarria-le-dio-un-giro-a-los-residuos\/","og_locale":"es_ES","og_type":"article","og_title":"El a\u00f1o en el que Olavarr\u00eda le dio un GIRO a los residuos","og_description":"El a\u00f1o en el que Olavarr\u00eda le dio un GIRO a los residuos, en marzo, el programa de gesti\u00f3n de residuos cumpli\u00f3 un a\u00f1o.","og_url":"https:\/\/experienciadevida.com.ar\/portalurbano\/el-ano-en-el-que-olavarria-le-dio-un-giro-a-los-residuos\/","article_publisher":"https:\/\/www.facebook.com\/Portal-Urbano-171542830093757\/","article_published_time":"2022-04-01T15:26:56+00:00","article_modified_time":"2022-04-01T15:34:32+00:00","og_image":[{"width":1024,"height":683,"url":"https:\/\/experienciadevida.com.ar\/portalurbano\/wp-content\/uploads\/2022\/04\/El-ano-en-el.jpg","type":"image\/jpeg"}],"author":"admpu17wp","twitter_card":"summary_large_image","twitter_creator":"@portalurbanook","twitter_site":"@portalurbanook","twitter_misc":{"Escrito por":"admpu17wp","Tiempo de lectura":"2 minutos"},"schema":{"@context":"https:\/\/schema.org","@graph":[{"@type":"Article","@id":"https:\/\/experienciadevida.com.ar\/portalurbano\/el-ano-en-el-que-olavarria-le-dio-un-giro-a-los-residuos\/#article","isPartOf":{"@id":"https:\/\/experienciadevida.com.ar\/portalurbano\/el-ano-en-el-que-olavarria-le-dio-un-giro-a-los-residuos\/"},"author":{"name":"admpu17wp","@id":"https:\/\/experienciadevida.com.ar\/portalurbano\/#\/schema\/person\/02dd326b1c4b056e9cc972486934a3a7"},"headline":"El a\u00f1o en el que Olavarr\u00eda le dio un GIRO a los residuos","datePublished":"2022-04-01T15:26:56+00:00","dateModified":"2022-04-01T15:34:32+00:00","mainEntityOfPage":{"@id":"https:\/\/experienciadevida.com.ar\/portalurbano\/el-ano-en-el-que-olavarria-le-dio-un-giro-a-los-residuos\/"},"wordCount":472,"publisher":{"@id":"https:\/\/experienciadevida.com.ar\/portalurbano\/#organization"},"articleSection":["Ciudad","Destacadas"],"inLanguage":"es"},{"@type":"WebPage","@id":"https:\/\/experienciadevida.com.ar\/portalurbano\/el-ano-en-el-que-olavarria-le-dio-un-giro-a-los-residuos\/","url":"https:\/\/experienciadevida.com.ar\/portalurbano\/el-ano-en-el-que-olavarria-le-dio-un-giro-a-los-residuos\/","name":"El a\u00f1o en el que Olavarr\u00eda le dio un GIRO a los residuos","isPartOf":{"@id":"https:\/\/experienciadevida.com.ar\/portalurbano\/#website"},"datePublished":"2022-04-01T15:26:56+00:00","dateModified":"2022-04-01T15:34:32+00:00","description":"El a\u00f1o en el que Olavarr\u00eda le dio un GIRO a los residuos, en marzo, el programa de gesti\u00f3n de residuos cumpli\u00f3 un a\u00f1o.","breadcrumb":{"@id":"https:\/\/experienciadevida.com.ar\/portalurbano\/el-ano-en-el-que-olavarria-le-dio-un-giro-a-los-residuos\/#breadcrumb"},"inLanguage":"es","potentialAction":[{"@type":"ReadAction","target":["https:\/\/experienciadevida.com.ar\/portalurbano\/el-ano-en-el-que-olavarria-le-dio-un-giro-a-los-residuos\/"]}]},{"@type":"BreadcrumbList","@id":"https:\/\/experienciadevida.com.ar\/portalurbano\/el-ano-en-el-que-olavarria-le-dio-un-giro-a-los-residuos\/#breadcrumb","itemListElement":[{"@type":"ListItem","position":1,"name":"Portada","item":"https:\/\/experienciadevida.com.ar\/portalurbano\/"},{"@type":"ListItem","position":2,"name":"El a\u00f1o en el que Olavarr\u00eda le dio un GIRO a los residuos"}]},{"@type":"WebSite","@id":"https:\/\/experienciadevida.com.ar\/portalurbano\/#website","url":"https:\/\/experienciadevida.com.ar\/portalurbano\/","name":"","description":"","publisher":{"@id":"https:\/\/experienciadevida.com.ar\/portalurbano\/#organization"},"potentialAction":[{"@type":"SearchAction","target":{"@type":"EntryPoint","urlTemplate":"https:\/\/experienciadevida.com.ar\/portalurbano\/?s={search_term_string}"},"query-input":"required name=search_term_string"}],"inLanguage":"es"},{"@type":"Organization","@id":"https:\/\/experienciadevida.com.ar\/portalurbano\/#organization","name":"Portal Urbano","url":"https:\/\/experienciadevida.com.ar\/portalurbano\/","logo":{"@type":"ImageObject","inLanguage":"es","@id":"https:\/\/experienciadevida.com.ar\/portalurbano\/#\/schema\/logo\/image\/","url":"https:\/\/experienciadevida.com.ar\/portalurbano\/wp-content\/uploads\/2019\/09\/Logo-Original.png","contentUrl":"https:\/\/experienciadevida.com.ar\/portalurbano\/wp-content\/uploads\/2019\/09\/Logo-Original.png","width":2236,"height":1216,"caption":"Portal Urbano"},"image":{"@id":"https:\/\/experienciadevida.com.ar\/portalurbano\/#\/schema\/logo\/image\/"},"sameAs":["https:\/\/www.facebook.com\/Portal-Urbano-171542830093757\/","https:\/\/twitter.com\/portalurbanook","https:\/\/www.instagram.com\/_portalurbano\/","https:\/\/www.youtube.com\/channel\/UCXhagIfszH8KxFiOok79zbA?view_as=subscriber"]},{"@type":"Person","@id":"https:\/\/experienciadevida.com.ar\/portalurbano\/#\/schema\/person\/02dd326b1c4b056e9cc972486934a3a7","name":"admpu17wp","image":{"@type":"ImageObject","inLanguage":"es","@id":"https:\/\/experienciadevida.com.ar\/portalurbano\/#\/schema\/person\/image\/","url":"https:\/\/secure.gravatar.com\/avatar\/830d4c57adaae6630765e449a6908047?s=96&d=mm&r=g","contentUrl":"https:\/\/secure.gravatar.com\/avatar\/830d4c57adaae6630765e449a6908047?s=96&d=mm&r=g","caption":"admpu17wp"}}]}},"featured_image_urls":{"full":["https:\/\/experienciadevida.com.ar\/portalurbano\/wp-content\/uploads\/2022\/04\/El-ano-en-el.jpg",1024,683,false],"thumbnail":["https:\/\/experienciadevida.com.ar\/portalurbano\/wp-content\/uploads\/2022\/04\/El-ano-en-el-150x150.jpg",150,150,true],"medium":["https:\/\/experienciadevida.com.ar\/portalurbano\/wp-content\/uploads\/2022\/04\/El-ano-en-el-300x200.jpg",300,200,true],"medium_large":["https:\/\/experienciadevida.com.ar\/portalurbano\/wp-content\/uploads\/2022\/04\/El-ano-en-el-768x512.jpg",640,427,true],"large":["https:\/\/experienciadevida.com.ar\/portalurbano\/wp-content\/uploads\/2022\/04\/El-ano-en-el.jpg",640,427,false],"ug_big":["https:\/\/experienciadevida.com.ar\/portalurbano\/wp-content\/uploads\/2022\/04\/El-ano-en-el-768x512.jpg",768,512,true],"1536x1536":["https:\/\/experienciadevida.com.ar\/portalurbano\/wp-content\/uploads\/2022\/04\/El-ano-en-el.jpg",1024,683,false],"2048x2048":["https:\/\/experienciadevida.com.ar\/portalurbano\/wp-content\/uploads\/2022\/04\/El-ano-en-el.jpg",1024,683,false],"newsever-slider-full":["https:\/\/experienciadevida.com.ar\/portalurbano\/wp-content\/uploads\/2022\/04\/El-ano-en-el.jpg",1024,683,false],"newsever-featured":["https:\/\/experienciadevida.com.ar\/portalurbano\/wp-content\/uploads\/2022\/04\/El-ano-en-el.jpg",1024,683,false],"newsever-medium":["https:\/\/experienciadevida.com.ar\/portalurbano\/wp-content\/uploads\/2022\/04\/El-ano-en-el.jpg",712,475,false],"web-stories-poster-portrait":["https:\/\/experienciadevida.com.ar\/portalurbano\/wp-content\/uploads\/2022\/04\/El-ano-en-el.jpg",640,427,false],"web-stories-publisher-logo":["https:\/\/experienciadevida.com.ar\/portalurbano\/wp-content\/uploads\/2022\/04\/El-ano-en-el.jpg",96,64,false],"web-stories-thumbnail":["https:\/\/experienciadevida.com.ar\/portalurbano\/wp-content\/uploads\/2022\/04\/El-ano-en-el.jpg",150,100,false]},"author_info":{"display_name":"admpu17wp","author_link":"https:\/\/experienciadevida.com.ar\/portalurbano\/author\/admpu17wp\/"},"category_info":"<a href=\"https:\/\/experienciadevida.com.ar\/portalurbano\/category\/ciudad\/\" rel=\"category tag\">Ciudad<\/a> <a href=\"https:\/\/experienciadevida.com.ar\/portalurbano\/category\/destacadas\/\" rel=\"category tag\">Destacadas<\/a>","tag_info":"Destacadas","comment_count":"0","amp_enabled":true,"_links":{"self":[{"href":"https:\/\/experienciadevida.com.ar\/portalurbano\/wp-json\/wp\/v2\/posts\/164736"}],"collection":[{"href":"https:\/\/experienciadevida.com.ar\/portalurbano\/wp-json\/wp\/v2\/posts"}],"about":[{"href":"https:\/\/experienciadevida.com.ar\/portalurbano\/wp-json\/wp\/v2\/types\/post"}],"author":[{"embeddable":true,"href":"https:\/\/experienciadevida.com.ar\/portalurbano\/wp-json\/wp\/v2\/users\/1"}],"replies":[{"embeddable":true,"href":"https:\/\/experienciadevida.com.ar\/portalurbano\/wp-json\/wp\/v2\/comments?post=164736"}],"version-history":[{"count":1,"href":"https:\/\/experienciadevida.com.ar\/portalurbano\/wp-json\/wp\/v2\/posts\/164736\/revisions"}],"predecessor-version":[{"id":164738,"href":"https:\/\/experienciadevida.com.ar\/portalurbano\/wp-json\/wp\/v2\/posts\/164736\/revisions\/164738"}],"wp:featuredmedia":[{"embeddable":true,"href":"https:\/\/experienciadevida.com.ar\/portalurbano\/wp-json\/wp\/v2\/media\/164737"}],"wp:attachment":[{"href":"https:\/\/experienciadevida.com.ar\/portalurbano\/wp-json\/wp\/v2\/media?parent=164736"}],"wp:term":[{"taxonomy":"category","embeddable":true,"href":"https:\/\/experienciadevida.com.ar\/portalurbano\/wp-json\/wp\/v2\/categories?post=164736"},{"taxonomy":"post_tag","embeddable":true,"href":"https:\/\/experienciadevida.com.ar\/portalurbano\/wp-json\/wp\/v2\/tags?post=164736"}],"curies":[{"name":"wp","href":"https:\/\/api.w.org\/{rel}","templated":true}]}}