{"id":164708,"date":"2022-04-01T09:48:18","date_gmt":"2022-04-01T12:48:18","guid":{"rendered":"https:\/\/experienciadevida.com.ar\/portalurbano\/?p=164708"},"modified":"2022-04-01T09:51:44","modified_gmt":"2022-04-01T12:51:44","slug":"avanza-la-obra-de-ampliacion-de-conductos-pluviales-en-barrio-ceco","status":"publish","type":"post","link":"https:\/\/experienciadevida.com.ar\/portalurbano\/avanza-la-obra-de-ampliacion-de-conductos-pluviales-en-barrio-ceco\/","title":{"rendered":"Avanza la obra de ampliaci\u00f3n de conductos pluviales en barrio CECO"},"content":{"rendered":"<p>Avanza la obra de ampliaci\u00f3n de conductos pluviales en barrio CECO, desde la Secretar\u00eda de Mantenimiento y Obras P\u00fablicas de la <a href=\"https:\/\/www.facebook.com\/municipiodeolavarria\">Municipalidad <\/a>se informa que avanzan los trabajos de ampliaci\u00f3n de la red de conductos pluviales en barrio CECO.<\/p>\n<p><a href=\"https:\/\/experienciadevida.com.ar\/portalurbano\/avanza-la-obra-de-ampliacion-de-conductos-pluviales-en-barrio-ceco\/avanza-5\/\" rel=\"attachment wp-att-164711\"><img decoding=\"async\" class=\"alignnone size-large wp-image-164711\" src=\"https:\/\/experienciadevida.com.ar\/portalurbano\/wp-content\/uploads\/2022\/04\/Avanza-1024x682.jpg\" alt=\"Avanza \" width=\"900\" height=\"599\" srcset=\"https:\/\/experienciadevida.com.ar\/portalurbano\/wp-content\/uploads\/2022\/04\/Avanza-1024x682.jpg 1024w, https:\/\/experienciadevida.com.ar\/portalurbano\/wp-content\/uploads\/2022\/04\/Avanza-300x200.jpg 300w, https:\/\/experienciadevida.com.ar\/portalurbano\/wp-content\/uploads\/2022\/04\/Avanza-768x512.jpg 768w, https:\/\/experienciadevida.com.ar\/portalurbano\/wp-content\/uploads\/2022\/04\/Avanza-1536x1024.jpg 1536w, https:\/\/experienciadevida.com.ar\/portalurbano\/wp-content\/uploads\/2022\/04\/Avanza.jpg 1772w\" sizes=\"(max-width: 900px) 100vw, 900px\" \/><\/a><\/p>\n<p>La obra permitir\u00e1 mejorar la evacuaci\u00f3n del caudal de agua, que proviene de un importante sector del barrio, beneficiando de esta manera a un gran n\u00famero de vecinos.<\/p>\n<p>Consiste en la construcci\u00f3n de un nuevo conducto pluvial de 450 metros, 12 sumideros y 6 c\u00e1maras de inspecci\u00f3n, que comprende las calles P\u00e9rez Esquivel y Manuel Leal.<\/p>\n<p>Dicha ampliaci\u00f3n posibilitar\u00e1 una mejor evacuaci\u00f3n de aguas pluviales, que quedan sin salida en la esquina de las Av. Pellegrini y Av. Pte. Per\u00f3n, como as\u00ed tambi\u00e9n en la esquina de las calles Leal y Esquivel.<\/p>\n<p>El paquete de obras, incluye la construcci\u00f3n de una cuneta de hormig\u00f3n simple, en la intersecci\u00f3n de Av. Pte. Per\u00f3n y Av. Pellegrini, donde se realizar\u00e1 una pasante de 6 metros de ancho.<\/p>\n<p>Cabe aclarar que la obra fue licitada el d\u00eda 27 de enero, con la participaci\u00f3n de tres empresas, resultando adjudicataria de la obra la firma local de N\u00e9stor Bugart por una suma de $11.997.000. La obra se inici\u00f3 en el mes de marzo y presenta un avance del 25%.<\/p>\n","protected":false},"excerpt":{"rendered":"<p>Avanza la obra de ampliaci\u00f3n de conductos pluviales en barrio CECO, desde la Secretar\u00eda de&#8230;<\/p>\n","protected":false},"author":1,"featured_media":164709,"comment_status":"closed","ping_status":"closed","sticky":false,"template":"","format":"standard","meta":{"content-type":""},"categories":[27,64],"tags":[],"nelio_content":{"isAutoShareEnabled":false,"autoShareEndMode":"default","automationSources":{"useContentSentences":true,"useSocialTemplates":true,"useCustomSentences":false,"customSentences":[]},"followers":[1],"suggestedReferences":[],"includedReferences":[],"efiUrl":"","efiAlt":"","highlights":[]},"yoast_head":"<!-- This site is optimized with the Yoast SEO plugin v20.7 - https:\/\/yoast.com\/wordpress\/plugins\/seo\/ -->\n<title>Avanza la obra de ampliaci\u00f3n de conductos pluviales en Barrio CECO<\/title>\n<meta name=\"description\" content=\"Avanza la obra de ampliaci\u00f3n de conductos pluviales en barrio CECO, as\u00ed lo informaron desde Mantenimiento y Obras P\u00fablicas de la Municipalidad\" \/>\n<meta name=\"robots\" content=\"index, follow, max-snippet:-1, max-image-preview:large, max-video-preview:-1\" \/>\n<link rel=\"canonical\" href=\"https:\/\/experienciadevida.com.ar\/portalurbano\/avanza-la-obra-de-ampliacion-de-conductos-pluviales-en-barrio-ceco\/\" \/>\n<meta property=\"og:locale\" content=\"es_ES\" \/>\n<meta property=\"og:type\" content=\"article\" \/>\n<meta property=\"og:title\" content=\"Avanza la obra de ampliaci\u00f3n de conductos pluviales en Barrio CECO\" \/>\n<meta property=\"og:description\" content=\"Avanza la obra de ampliaci\u00f3n de conductos pluviales en barrio CECO, as\u00ed lo informaron desde Mantenimiento y Obras P\u00fablicas de la Municipalidad\" \/>\n<meta property=\"og:url\" content=\"https:\/\/experienciadevida.com.ar\/portalurbano\/avanza-la-obra-de-ampliacion-de-conductos-pluviales-en-barrio-ceco\/\" \/>\n<meta property=\"article:publisher\" content=\"https:\/\/www.facebook.com\/Portal-Urbano-171542830093757\/\" \/>\n<meta property=\"article:published_time\" content=\"2022-04-01T12:48:18+00:00\" \/>\n<meta property=\"article:modified_time\" content=\"2022-04-01T12:51:44+00:00\" \/>\n<meta property=\"og:image\" content=\"https:\/\/experienciadevida.com.ar\/portalurbano\/wp-content\/uploads\/2022\/04\/Avanza-la-obra-de.jpg\" \/>\n\t<meta property=\"og:image:width\" content=\"1772\" \/>\n\t<meta property=\"og:image:height\" content=\"1181\" \/>\n\t<meta property=\"og:image:type\" content=\"image\/jpeg\" \/>\n<meta name=\"author\" content=\"admpu17wp\" \/>\n<meta name=\"twitter:card\" content=\"summary_large_image\" \/>\n<meta name=\"twitter:creator\" content=\"@portalurbanook\" \/>\n<meta name=\"twitter:site\" content=\"@portalurbanook\" \/>\n<meta name=\"twitter:label1\" content=\"Escrito por\" \/>\n\t<meta name=\"twitter:data1\" content=\"admpu17wp\" \/>\n\t<meta name=\"twitter:label2\" content=\"Tiempo de lectura\" \/>\n\t<meta name=\"twitter:data2\" content=\"2 minutos\" \/>\n<script type=\"application\/ld+json\" class=\"yoast-schema-graph\">{\"@context\":\"https:\/\/schema.org\",\"@graph\":[{\"@type\":\"Article\",\"@id\":\"https:\/\/experienciadevida.com.ar\/portalurbano\/avanza-la-obra-de-ampliacion-de-conductos-pluviales-en-barrio-ceco\/#article\",\"isPartOf\":{\"@id\":\"https:\/\/experienciadevida.com.ar\/portalurbano\/avanza-la-obra-de-ampliacion-de-conductos-pluviales-en-barrio-ceco\/\"},\"author\":{\"name\":\"admpu17wp\",\"@id\":\"https:\/\/experienciadevida.com.ar\/portalurbano\/#\/schema\/person\/02dd326b1c4b056e9cc972486934a3a7\"},\"headline\":\"Avanza la obra de ampliaci\u00f3n de conductos pluviales en barrio CECO\",\"datePublished\":\"2022-04-01T12:48:18+00:00\",\"dateModified\":\"2022-04-01T12:51:44+00:00\",\"mainEntityOfPage\":{\"@id\":\"https:\/\/experienciadevida.com.ar\/portalurbano\/avanza-la-obra-de-ampliacion-de-conductos-pluviales-en-barrio-ceco\/\"},\"wordCount\":239,\"publisher\":{\"@id\":\"https:\/\/experienciadevida.com.ar\/portalurbano\/#organization\"},\"articleSection\":[\"Ciudad\",\"Destacadas 2\"],\"inLanguage\":\"es\"},{\"@type\":\"WebPage\",\"@id\":\"https:\/\/experienciadevida.com.ar\/portalurbano\/avanza-la-obra-de-ampliacion-de-conductos-pluviales-en-barrio-ceco\/\",\"url\":\"https:\/\/experienciadevida.com.ar\/portalurbano\/avanza-la-obra-de-ampliacion-de-conductos-pluviales-en-barrio-ceco\/\",\"name\":\"Avanza la obra de ampliaci\u00f3n de conductos pluviales en Barrio CECO\",\"isPartOf\":{\"@id\":\"https:\/\/experienciadevida.com.ar\/portalurbano\/#website\"},\"datePublished\":\"2022-04-01T12:48:18+00:00\",\"dateModified\":\"2022-04-01T12:51:44+00:00\",\"description\":\"Avanza la obra de ampliaci\u00f3n de conductos pluviales en barrio CECO, as\u00ed lo informaron desde Mantenimiento y Obras P\u00fablicas de la Municipalidad\",\"breadcrumb\":{\"@id\":\"https:\/\/experienciadevida.com.ar\/portalurbano\/avanza-la-obra-de-ampliacion-de-conductos-pluviales-en-barrio-ceco\/#breadcrumb\"},\"inLanguage\":\"es\",\"potentialAction\":[{\"@type\":\"ReadAction\",\"target\":[\"https:\/\/experienciadevida.com.ar\/portalurbano\/avanza-la-obra-de-ampliacion-de-conductos-pluviales-en-barrio-ceco\/\"]}]},{\"@type\":\"BreadcrumbList\",\"@id\":\"https:\/\/experienciadevida.com.ar\/portalurbano\/avanza-la-obra-de-ampliacion-de-conductos-pluviales-en-barrio-ceco\/#breadcrumb\",\"itemListElement\":[{\"@type\":\"ListItem\",\"position\":1,\"name\":\"Portada\",\"item\":\"https:\/\/experienciadevida.com.ar\/portalurbano\/\"},{\"@type\":\"ListItem\",\"position\":2,\"name\":\"Avanza la obra de ampliaci\u00f3n de conductos pluviales en barrio CECO\"}]},{\"@type\":\"WebSite\",\"@id\":\"https:\/\/experienciadevida.com.ar\/portalurbano\/#website\",\"url\":\"https:\/\/experienciadevida.com.ar\/portalurbano\/\",\"name\":\"\",\"description\":\"\",\"publisher\":{\"@id\":\"https:\/\/experienciadevida.com.ar\/portalurbano\/#organization\"},\"potentialAction\":[{\"@type\":\"SearchAction\",\"target\":{\"@type\":\"EntryPoint\",\"urlTemplate\":\"https:\/\/experienciadevida.com.ar\/portalurbano\/?s={search_term_string}\"},\"query-input\":\"required name=search_term_string\"}],\"inLanguage\":\"es\"},{\"@type\":\"Organization\",\"@id\":\"https:\/\/experienciadevida.com.ar\/portalurbano\/#organization\",\"name\":\"Portal Urbano\",\"url\":\"https:\/\/experienciadevida.com.ar\/portalurbano\/\",\"logo\":{\"@type\":\"ImageObject\",\"inLanguage\":\"es\",\"@id\":\"https:\/\/experienciadevida.com.ar\/portalurbano\/#\/schema\/logo\/image\/\",\"url\":\"https:\/\/experienciadevida.com.ar\/portalurbano\/wp-content\/uploads\/2019\/09\/Logo-Original.png\",\"contentUrl\":\"https:\/\/experienciadevida.com.ar\/portalurbano\/wp-content\/uploads\/2019\/09\/Logo-Original.png\",\"width\":2236,\"height\":1216,\"caption\":\"Portal Urbano\"},\"image\":{\"@id\":\"https:\/\/experienciadevida.com.ar\/portalurbano\/#\/schema\/logo\/image\/\"},\"sameAs\":[\"https:\/\/www.facebook.com\/Portal-Urbano-171542830093757\/\",\"https:\/\/twitter.com\/portalurbanook\",\"https:\/\/www.instagram.com\/_portalurbano\/\",\"https:\/\/www.youtube.com\/channel\/UCXhagIfszH8KxFiOok79zbA?view_as=subscriber\"]},{\"@type\":\"Person\",\"@id\":\"https:\/\/experienciadevida.com.ar\/portalurbano\/#\/schema\/person\/02dd326b1c4b056e9cc972486934a3a7\",\"name\":\"admpu17wp\",\"image\":{\"@type\":\"ImageObject\",\"inLanguage\":\"es\",\"@id\":\"https:\/\/experienciadevida.com.ar\/portalurbano\/#\/schema\/person\/image\/\",\"url\":\"https:\/\/secure.gravatar.com\/avatar\/830d4c57adaae6630765e449a6908047?s=96&d=mm&r=g\",\"contentUrl\":\"https:\/\/secure.gravatar.com\/avatar\/830d4c57adaae6630765e449a6908047?s=96&d=mm&r=g\",\"caption\":\"admpu17wp\"}}]}<\/script>\n<!-- \/ Yoast SEO plugin. -->","yoast_head_json":{"title":"Avanza la obra de ampliaci\u00f3n de conductos pluviales en Barrio CECO","description":"Avanza la obra de ampliaci\u00f3n de conductos pluviales en barrio CECO, as\u00ed lo informaron desde Mantenimiento y Obras P\u00fablicas de la Municipalidad","robots":{"index":"index","follow":"follow","max-snippet":"max-snippet:-1","max-image-preview":"max-image-preview:large","max-video-preview":"max-video-preview:-1"},"canonical":"https:\/\/experienciadevida.com.ar\/portalurbano\/avanza-la-obra-de-ampliacion-de-conductos-pluviales-en-barrio-ceco\/","og_locale":"es_ES","og_type":"article","og_title":"Avanza la obra de ampliaci\u00f3n de conductos pluviales en Barrio CECO","og_description":"Avanza la obra de ampliaci\u00f3n de conductos pluviales en barrio CECO, as\u00ed lo informaron desde Mantenimiento y Obras P\u00fablicas de la Municipalidad","og_url":"https:\/\/experienciadevida.com.ar\/portalurbano\/avanza-la-obra-de-ampliacion-de-conductos-pluviales-en-barrio-ceco\/","article_publisher":"https:\/\/www.facebook.com\/Portal-Urbano-171542830093757\/","article_published_time":"2022-04-01T12:48:18+00:00","article_modified_time":"2022-04-01T12:51:44+00:00","og_image":[{"width":1772,"height":1181,"url":"https:\/\/experienciadevida.com.ar\/portalurbano\/wp-content\/uploads\/2022\/04\/Avanza-la-obra-de.jpg","type":"image\/jpeg"}],"author":"admpu17wp","twitter_card":"summary_large_image","twitter_creator":"@portalurbanook","twitter_site":"@portalurbanook","twitter_misc":{"Escrito por":"admpu17wp","Tiempo de lectura":"2 minutos"},"schema":{"@context":"https:\/\/schema.org","@graph":[{"@type":"Article","@id":"https:\/\/experienciadevida.com.ar\/portalurbano\/avanza-la-obra-de-ampliacion-de-conductos-pluviales-en-barrio-ceco\/#article","isPartOf":{"@id":"https:\/\/experienciadevida.com.ar\/portalurbano\/avanza-la-obra-de-ampliacion-de-conductos-pluviales-en-barrio-ceco\/"},"author":{"name":"admpu17wp","@id":"https:\/\/experienciadevida.com.ar\/portalurbano\/#\/schema\/person\/02dd326b1c4b056e9cc972486934a3a7"},"headline":"Avanza la obra de ampliaci\u00f3n de conductos pluviales en barrio CECO","datePublished":"2022-04-01T12:48:18+00:00","dateModified":"2022-04-01T12:51:44+00:00","mainEntityOfPage":{"@id":"https:\/\/experienciadevida.com.ar\/portalurbano\/avanza-la-obra-de-ampliacion-de-conductos-pluviales-en-barrio-ceco\/"},"wordCount":239,"publisher":{"@id":"https:\/\/experienciadevida.com.ar\/portalurbano\/#organization"},"articleSection":["Ciudad","Destacadas 2"],"inLanguage":"es"},{"@type":"WebPage","@id":"https:\/\/experienciadevida.com.ar\/portalurbano\/avanza-la-obra-de-ampliacion-de-conductos-pluviales-en-barrio-ceco\/","url":"https:\/\/experienciadevida.com.ar\/portalurbano\/avanza-la-obra-de-ampliacion-de-conductos-pluviales-en-barrio-ceco\/","name":"Avanza la obra de ampliaci\u00f3n de conductos pluviales en Barrio CECO","isPartOf":{"@id":"https:\/\/experienciadevida.com.ar\/portalurbano\/#website"},"datePublished":"2022-04-01T12:48:18+00:00","dateModified":"2022-04-01T12:51:44+00:00","description":"Avanza la obra de ampliaci\u00f3n de conductos pluviales en barrio CECO, as\u00ed lo informaron desde Mantenimiento y Obras P\u00fablicas de la Municipalidad","breadcrumb":{"@id":"https:\/\/experienciadevida.com.ar\/portalurbano\/avanza-la-obra-de-ampliacion-de-conductos-pluviales-en-barrio-ceco\/#breadcrumb"},"inLanguage":"es","potentialAction":[{"@type":"ReadAction","target":["https:\/\/experienciadevida.com.ar\/portalurbano\/avanza-la-obra-de-ampliacion-de-conductos-pluviales-en-barrio-ceco\/"]}]},{"@type":"BreadcrumbList","@id":"https:\/\/experienciadevida.com.ar\/portalurbano\/avanza-la-obra-de-ampliacion-de-conductos-pluviales-en-barrio-ceco\/#breadcrumb","itemListElement":[{"@type":"ListItem","position":1,"name":"Portada","item":"https:\/\/experienciadevida.com.ar\/portalurbano\/"},{"@type":"ListItem","position":2,"name":"Avanza la obra de ampliaci\u00f3n de conductos pluviales en barrio CECO"}]},{"@type":"WebSite","@id":"https:\/\/experienciadevida.com.ar\/portalurbano\/#website","url":"https:\/\/experienciadevida.com.ar\/portalurbano\/","name":"","description":"","publisher":{"@id":"https:\/\/experienciadevida.com.ar\/portalurbano\/#organization"},"potentialAction":[{"@type":"SearchAction","target":{"@type":"EntryPoint","urlTemplate":"https:\/\/experienciadevida.com.ar\/portalurbano\/?s={search_term_string}"},"query-input":"required name=search_term_string"}],"inLanguage":"es"},{"@type":"Organization","@id":"https:\/\/experienciadevida.com.ar\/portalurbano\/#organization","name":"Portal Urbano","url":"https:\/\/experienciadevida.com.ar\/portalurbano\/","logo":{"@type":"ImageObject","inLanguage":"es","@id":"https:\/\/experienciadevida.com.ar\/portalurbano\/#\/schema\/logo\/image\/","url":"https:\/\/experienciadevida.com.ar\/portalurbano\/wp-content\/uploads\/2019\/09\/Logo-Original.png","contentUrl":"https:\/\/experienciadevida.com.ar\/portalurbano\/wp-content\/uploads\/2019\/09\/Logo-Original.png","width":2236,"height":1216,"caption":"Portal Urbano"},"image":{"@id":"https:\/\/experienciadevida.com.ar\/portalurbano\/#\/schema\/logo\/image\/"},"sameAs":["https:\/\/www.facebook.com\/Portal-Urbano-171542830093757\/","https:\/\/twitter.com\/portalurbanook","https:\/\/www.instagram.com\/_portalurbano\/","https:\/\/www.youtube.com\/channel\/UCXhagIfszH8KxFiOok79zbA?view_as=subscriber"]},{"@type":"Person","@id":"https:\/\/experienciadevida.com.ar\/portalurbano\/#\/schema\/person\/02dd326b1c4b056e9cc972486934a3a7","name":"admpu17wp","image":{"@type":"ImageObject","inLanguage":"es","@id":"https:\/\/experienciadevida.com.ar\/portalurbano\/#\/schema\/person\/image\/","url":"https:\/\/secure.gravatar.com\/avatar\/830d4c57adaae6630765e449a6908047?s=96&d=mm&r=g","contentUrl":"https:\/\/secure.gravatar.com\/avatar\/830d4c57adaae6630765e449a6908047?s=96&d=mm&r=g","caption":"admpu17wp"}}]}},"featured_image_urls":{"full":["https:\/\/experienciadevida.com.ar\/portalurbano\/wp-content\/uploads\/2022\/04\/Avanza-la-obra-de.jpg",1772,1181,false],"thumbnail":["https:\/\/experienciadevida.com.ar\/portalurbano\/wp-content\/uploads\/2022\/04\/Avanza-la-obra-de-150x150.jpg",150,150,true],"medium":["https:\/\/experienciadevida.com.ar\/portalurbano\/wp-content\/uploads\/2022\/04\/Avanza-la-obra-de-300x200.jpg",300,200,true],"medium_large":["https:\/\/experienciadevida.com.ar\/portalurbano\/wp-content\/uploads\/2022\/04\/Avanza-la-obra-de-768x512.jpg",640,427,true],"large":["https:\/\/experienciadevida.com.ar\/portalurbano\/wp-content\/uploads\/2022\/04\/Avanza-la-obra-de-1024x682.jpg",640,426,true],"ug_big":["https:\/\/experienciadevida.com.ar\/portalurbano\/wp-content\/uploads\/2022\/04\/Avanza-la-obra-de-768x512.jpg",768,512,true],"1536x1536":["https:\/\/experienciadevida.com.ar\/portalurbano\/wp-content\/uploads\/2022\/04\/Avanza-la-obra-de-1536x1024.jpg",1536,1024,true],"2048x2048":["https:\/\/experienciadevida.com.ar\/portalurbano\/wp-content\/uploads\/2022\/04\/Avanza-la-obra-de.jpg",1772,1181,false],"newsever-slider-full":["https:\/\/experienciadevida.com.ar\/portalurbano\/wp-content\/uploads\/2022\/04\/Avanza-la-obra-de.jpg",1268,845,false],"newsever-featured":["https:\/\/experienciadevida.com.ar\/portalurbano\/wp-content\/uploads\/2022\/04\/Avanza-la-obra-de.jpg",1024,682,false],"newsever-medium":["https:\/\/experienciadevida.com.ar\/portalurbano\/wp-content\/uploads\/2022\/04\/Avanza-la-obra-de.jpg",713,475,false],"web-stories-poster-portrait":["https:\/\/experienciadevida.com.ar\/portalurbano\/wp-content\/uploads\/2022\/04\/Avanza-la-obra-de.jpg",640,427,false],"web-stories-publisher-logo":["https:\/\/experienciadevida.com.ar\/portalurbano\/wp-content\/uploads\/2022\/04\/Avanza-la-obra-de.jpg",96,64,false],"web-stories-thumbnail":["https:\/\/experienciadevida.com.ar\/portalurbano\/wp-content\/uploads\/2022\/04\/Avanza-la-obra-de.jpg",150,100,false]},"author_info":{"display_name":"admpu17wp","author_link":"https:\/\/experienciadevida.com.ar\/portalurbano\/author\/admpu17wp\/"},"category_info":"<a href=\"https:\/\/experienciadevida.com.ar\/portalurbano\/category\/ciudad\/\" rel=\"category tag\">Ciudad<\/a> <a href=\"https:\/\/experienciadevida.com.ar\/portalurbano\/category\/destacadas-2\/\" rel=\"category tag\">Destacadas 2<\/a>","tag_info":"Destacadas 2","comment_count":"0","amp_enabled":true,"_links":{"self":[{"href":"https:\/\/experienciadevida.com.ar\/portalurbano\/wp-json\/wp\/v2\/posts\/164708"}],"collection":[{"href":"https:\/\/experienciadevida.com.ar\/portalurbano\/wp-json\/wp\/v2\/posts"}],"about":[{"href":"https:\/\/experienciadevida.com.ar\/portalurbano\/wp-json\/wp\/v2\/types\/post"}],"author":[{"embeddable":true,"href":"https:\/\/experienciadevida.com.ar\/portalurbano\/wp-json\/wp\/v2\/users\/1"}],"replies":[{"embeddable":true,"href":"https:\/\/experienciadevida.com.ar\/portalurbano\/wp-json\/wp\/v2\/comments?post=164708"}],"version-history":[{"count":2,"href":"https:\/\/experienciadevida.com.ar\/portalurbano\/wp-json\/wp\/v2\/posts\/164708\/revisions"}],"predecessor-version":[{"id":164712,"href":"https:\/\/experienciadevida.com.ar\/portalurbano\/wp-json\/wp\/v2\/posts\/164708\/revisions\/164712"}],"wp:featuredmedia":[{"embeddable":true,"href":"https:\/\/experienciadevida.com.ar\/portalurbano\/wp-json\/wp\/v2\/media\/164709"}],"wp:attachment":[{"href":"https:\/\/experienciadevida.com.ar\/portalurbano\/wp-json\/wp\/v2\/media?parent=164708"}],"wp:term":[{"taxonomy":"category","embeddable":true,"href":"https:\/\/experienciadevida.com.ar\/portalurbano\/wp-json\/wp\/v2\/categories?post=164708"},{"taxonomy":"post_tag","embeddable":true,"href":"https:\/\/experienciadevida.com.ar\/portalurbano\/wp-json\/wp\/v2\/tags?post=164708"}],"curies":[{"name":"wp","href":"https:\/\/api.w.org\/{rel}","templated":true}]}}