{"id":164702,"date":"2022-03-31T20:37:03","date_gmt":"2022-03-31T23:37:03","guid":{"rendered":"https:\/\/experienciadevida.com.ar\/portalurbano\/?p=164702"},"modified":"2022-03-31T20:37:30","modified_gmt":"2022-03-31T23:37:30","slug":"ines-creimer-expuso-en-el-parlamento-de-las-mujeres-y-diversidades-en-la-camara-de-diputados-provincial","status":"publish","type":"post","link":"https:\/\/experienciadevida.com.ar\/portalurbano\/ines-creimer-expuso-en-el-parlamento-de-las-mujeres-y-diversidades-en-la-camara-de-diputados-provincial\/","title":{"rendered":"In\u00e9s Creimer expuso en el Parlamento de las Mujeres y Diversidades en la C\u00e1mara de Diputados provincial"},"content":{"rendered":"<p>In\u00e9s Creimer expuso en el Parlamento de las Mujeres y Diversidades en la C\u00e1mara de Diputados provincial, la concejal del bloque Foro Olavarr\u00eda &#8211; Frente Renovador en el Frente de Todos y presidenta de la Comisi\u00f3n de<br \/>\nG\u00e9nero y Diversidad del Concejo Deliberante fue una de las voces protagonistas de la jornada, impulsada por las Diputadas del Bloque Frente de Todos bonaerense.<\/p>\n<p>En la tarde de este jueves, la concejala In\u00e9s Creimer, presidenta del Bloque del Foro Olavarr\u00eda &#8211; Frente Renovador en el interbloque Frente de Todos, realiz\u00f3 una exposici\u00f3n en el \u201cParlamento de las Mujeres y Diversidades: Nuestras voces en la agenda p\u00fablica\u201d, desarrollada en la C\u00e1mara de Diputados de la Provincia de Buenos Aires e impulsada por las Diputadas del Bloque Frente de Todos bonaerense. De la jornada tambi\u00e9n participaron ministras y funcionarias provinciales del Frente de Todos.<\/p>\n<p>La exposici\u00f3n de la concejala In\u00e9s Creimer puede verse a trav\u00e9s del siguiente enlace: https:\/\/www.youtube.com\/watch?v=lXN9MI_mMTc<\/p>\n<p>En este sentido, la concejala explic\u00f3 que \u201cen ciudades como Olavarr\u00eda es el municipio quien toma la responsabilidad de traer esta soluci\u00f3n mediante la creaci\u00f3n de jardines maternales municipales\u201d, pero que \u201cen la ruralidad y las localidades, muchas veces el Estado no llega\u201d.<\/p>\n<p>Para cerrar, In\u00e9s Creimer dej\u00f3 asentada la consigna de que \u201cla agenda de cuidado debe involucrarse fuertemente en la agenda de g\u00e9nero, dando la posibilidad a todas las mujeres de contar con espacios adecuados para el cuidado de sus hijos, espacios de atenci\u00f3n de la primer infancia, que incluya a todos los ni\u00f1os y ni\u00f1as de 45 d\u00edas a 4 a\u00f1os de edad, y que hoy en d\u00eda no tienen la atenci\u00f3n garantizada\u201d.<\/p>\n<p>El \u201cParlamento de las Mujeres y Diversidades\u201d, transmitido de manera online por el canal de YouTube de la Legislatura bonaerense, se desarroll\u00f3 en el marco del Mes de la Mujer Trabajadora con el objetivo de \u201cdar lugar a las<br \/>\nvoces de participantes de los espacios comunitarios y territorios en torno a temas y problem\u00e1ticas vinculadas a las mujeres y diversidades en la sociedad\u201d.<\/p>\n<p>La agenda del \u201cParlamento de las Mujeres y Diversidades\u201d se construy\u00f3 en funci\u00f3n de las demandas del Movimiento de Mujeres y Diversidades, que puede resumirse en los ejes de trabajo propuestos. Estos fueron:<\/p>\n<p>Eje Institucional: Reforma judicial Feminista; Pol\u00edticas P\u00fablicas y Presupuesto con Perspectiva de G\u00e9nero.<\/p>\n<p>Eje Militancia feminista: Violencia por razones de g\u00e9nero y femicidios; Diversidad de los cuerpos; Adultas mayores.<\/p>\n<p>Eje Salud: Acceso a la salud integral, IVE, ESI; Violencia obst\u00e9trica y lactancia.<\/p>\n<p>Eje Trabajo y tareas de cuidado: Deudores alimentarios; Patriarcado y violencia hacia las ni\u00f1eces.<\/p>\n","protected":false},"excerpt":{"rendered":"<p>In\u00e9s Creimer expuso en el Parlamento de las Mujeres y Diversidades en la C\u00e1mara de&#8230;<\/p>\n","protected":false},"author":1,"featured_media":164703,"comment_status":"closed","ping_status":"closed","sticky":false,"template":"","format":"standard","meta":{"content-type":""},"categories":[27,64],"tags":[],"nelio_content":{"isAutoShareEnabled":false,"autoShareEndMode":"default","automationSources":{"useContentSentences":true,"useSocialTemplates":true,"useCustomSentences":false,"customSentences":[]},"followers":[1],"suggestedReferences":[],"includedReferences":[],"efiUrl":"","efiAlt":"","highlights":[]},"yoast_head":"<!-- This site is optimized with the Yoast SEO plugin v20.7 - https:\/\/yoast.com\/wordpress\/plugins\/seo\/ -->\n<title>In\u00e9s Creimer expuso en el Parlamento de las Mujeres y Diversidades en la C\u00e1mara de Diputados provincial -<\/title>\n<meta name=\"robots\" content=\"index, follow, max-snippet:-1, max-image-preview:large, max-video-preview:-1\" \/>\n<link rel=\"canonical\" href=\"https:\/\/experienciadevida.com.ar\/portalurbano\/ines-creimer-expuso-en-el-parlamento-de-las-mujeres-y-diversidades-en-la-camara-de-diputados-provincial\/\" \/>\n<meta property=\"og:locale\" content=\"es_ES\" \/>\n<meta property=\"og:type\" content=\"article\" \/>\n<meta property=\"og:title\" content=\"In\u00e9s Creimer expuso en el Parlamento de las Mujeres y Diversidades en la C\u00e1mara de Diputados provincial -\" \/>\n<meta property=\"og:description\" content=\"In\u00e9s Creimer expuso en el Parlamento de las Mujeres y Diversidades en la C\u00e1mara de...\" \/>\n<meta property=\"og:url\" content=\"https:\/\/experienciadevida.com.ar\/portalurbano\/ines-creimer-expuso-en-el-parlamento-de-las-mujeres-y-diversidades-en-la-camara-de-diputados-provincial\/\" \/>\n<meta property=\"article:publisher\" content=\"https:\/\/www.facebook.com\/Portal-Urbano-171542830093757\/\" \/>\n<meta property=\"article:published_time\" content=\"2022-03-31T23:37:03+00:00\" \/>\n<meta property=\"article:modified_time\" content=\"2022-03-31T23:37:30+00:00\" \/>\n<meta property=\"og:image\" content=\"https:\/\/experienciadevida.com.ar\/portalurbano\/wp-content\/uploads\/2022\/03\/Ines-Creimer-expuso-en.jpeg\" \/>\n\t<meta property=\"og:image:width\" content=\"1143\" \/>\n\t<meta property=\"og:image:height\" content=\"699\" \/>\n\t<meta property=\"og:image:type\" content=\"image\/jpeg\" \/>\n<meta name=\"author\" content=\"admpu17wp\" \/>\n<meta name=\"twitter:card\" content=\"summary_large_image\" \/>\n<meta name=\"twitter:creator\" content=\"@portalurbanook\" \/>\n<meta name=\"twitter:site\" content=\"@portalurbanook\" \/>\n<meta name=\"twitter:label1\" content=\"Escrito por\" \/>\n\t<meta name=\"twitter:data1\" content=\"admpu17wp\" \/>\n\t<meta name=\"twitter:label2\" content=\"Tiempo de lectura\" \/>\n\t<meta name=\"twitter:data2\" content=\"2 minutos\" \/>\n<script type=\"application\/ld+json\" class=\"yoast-schema-graph\">{\"@context\":\"https:\/\/schema.org\",\"@graph\":[{\"@type\":\"Article\",\"@id\":\"https:\/\/experienciadevida.com.ar\/portalurbano\/ines-creimer-expuso-en-el-parlamento-de-las-mujeres-y-diversidades-en-la-camara-de-diputados-provincial\/#article\",\"isPartOf\":{\"@id\":\"https:\/\/experienciadevida.com.ar\/portalurbano\/ines-creimer-expuso-en-el-parlamento-de-las-mujeres-y-diversidades-en-la-camara-de-diputados-provincial\/\"},\"author\":{\"name\":\"admpu17wp\",\"@id\":\"https:\/\/experienciadevida.com.ar\/portalurbano\/#\/schema\/person\/02dd326b1c4b056e9cc972486934a3a7\"},\"headline\":\"In\u00e9s Creimer expuso en el Parlamento de las Mujeres y Diversidades en la C\u00e1mara de Diputados provincial\",\"datePublished\":\"2022-03-31T23:37:03+00:00\",\"dateModified\":\"2022-03-31T23:37:30+00:00\",\"mainEntityOfPage\":{\"@id\":\"https:\/\/experienciadevida.com.ar\/portalurbano\/ines-creimer-expuso-en-el-parlamento-de-las-mujeres-y-diversidades-en-la-camara-de-diputados-provincial\/\"},\"wordCount\":482,\"publisher\":{\"@id\":\"https:\/\/experienciadevida.com.ar\/portalurbano\/#organization\"},\"articleSection\":[\"Ciudad\",\"Destacadas 2\"],\"inLanguage\":\"es\"},{\"@type\":\"WebPage\",\"@id\":\"https:\/\/experienciadevida.com.ar\/portalurbano\/ines-creimer-expuso-en-el-parlamento-de-las-mujeres-y-diversidades-en-la-camara-de-diputados-provincial\/\",\"url\":\"https:\/\/experienciadevida.com.ar\/portalurbano\/ines-creimer-expuso-en-el-parlamento-de-las-mujeres-y-diversidades-en-la-camara-de-diputados-provincial\/\",\"name\":\"In\u00e9s Creimer expuso en el Parlamento de las Mujeres y Diversidades en la C\u00e1mara de Diputados provincial -\",\"isPartOf\":{\"@id\":\"https:\/\/experienciadevida.com.ar\/portalurbano\/#website\"},\"datePublished\":\"2022-03-31T23:37:03+00:00\",\"dateModified\":\"2022-03-31T23:37:30+00:00\",\"breadcrumb\":{\"@id\":\"https:\/\/experienciadevida.com.ar\/portalurbano\/ines-creimer-expuso-en-el-parlamento-de-las-mujeres-y-diversidades-en-la-camara-de-diputados-provincial\/#breadcrumb\"},\"inLanguage\":\"es\",\"potentialAction\":[{\"@type\":\"ReadAction\",\"target\":[\"https:\/\/experienciadevida.com.ar\/portalurbano\/ines-creimer-expuso-en-el-parlamento-de-las-mujeres-y-diversidades-en-la-camara-de-diputados-provincial\/\"]}]},{\"@type\":\"BreadcrumbList\",\"@id\":\"https:\/\/experienciadevida.com.ar\/portalurbano\/ines-creimer-expuso-en-el-parlamento-de-las-mujeres-y-diversidades-en-la-camara-de-diputados-provincial\/#breadcrumb\",\"itemListElement\":[{\"@type\":\"ListItem\",\"position\":1,\"name\":\"Portada\",\"item\":\"https:\/\/experienciadevida.com.ar\/portalurbano\/\"},{\"@type\":\"ListItem\",\"position\":2,\"name\":\"In\u00e9s Creimer expuso en el Parlamento de las Mujeres y Diversidades en la C\u00e1mara de Diputados provincial\"}]},{\"@type\":\"WebSite\",\"@id\":\"https:\/\/experienciadevida.com.ar\/portalurbano\/#website\",\"url\":\"https:\/\/experienciadevida.com.ar\/portalurbano\/\",\"name\":\"\",\"description\":\"\",\"publisher\":{\"@id\":\"https:\/\/experienciadevida.com.ar\/portalurbano\/#organization\"},\"potentialAction\":[{\"@type\":\"SearchAction\",\"target\":{\"@type\":\"EntryPoint\",\"urlTemplate\":\"https:\/\/experienciadevida.com.ar\/portalurbano\/?s={search_term_string}\"},\"query-input\":\"required name=search_term_string\"}],\"inLanguage\":\"es\"},{\"@type\":\"Organization\",\"@id\":\"https:\/\/experienciadevida.com.ar\/portalurbano\/#organization\",\"name\":\"Portal Urbano\",\"url\":\"https:\/\/experienciadevida.com.ar\/portalurbano\/\",\"logo\":{\"@type\":\"ImageObject\",\"inLanguage\":\"es\",\"@id\":\"https:\/\/experienciadevida.com.ar\/portalurbano\/#\/schema\/logo\/image\/\",\"url\":\"https:\/\/experienciadevida.com.ar\/portalurbano\/wp-content\/uploads\/2019\/09\/Logo-Original.png\",\"contentUrl\":\"https:\/\/experienciadevida.com.ar\/portalurbano\/wp-content\/uploads\/2019\/09\/Logo-Original.png\",\"width\":2236,\"height\":1216,\"caption\":\"Portal Urbano\"},\"image\":{\"@id\":\"https:\/\/experienciadevida.com.ar\/portalurbano\/#\/schema\/logo\/image\/\"},\"sameAs\":[\"https:\/\/www.facebook.com\/Portal-Urbano-171542830093757\/\",\"https:\/\/twitter.com\/portalurbanook\",\"https:\/\/www.instagram.com\/_portalurbano\/\",\"https:\/\/www.youtube.com\/channel\/UCXhagIfszH8KxFiOok79zbA?view_as=subscriber\"]},{\"@type\":\"Person\",\"@id\":\"https:\/\/experienciadevida.com.ar\/portalurbano\/#\/schema\/person\/02dd326b1c4b056e9cc972486934a3a7\",\"name\":\"admpu17wp\",\"image\":{\"@type\":\"ImageObject\",\"inLanguage\":\"es\",\"@id\":\"https:\/\/experienciadevida.com.ar\/portalurbano\/#\/schema\/person\/image\/\",\"url\":\"https:\/\/secure.gravatar.com\/avatar\/830d4c57adaae6630765e449a6908047?s=96&d=mm&r=g\",\"contentUrl\":\"https:\/\/secure.gravatar.com\/avatar\/830d4c57adaae6630765e449a6908047?s=96&d=mm&r=g\",\"caption\":\"admpu17wp\"}}]}<\/script>\n<!-- \/ Yoast SEO plugin. -->","yoast_head_json":{"title":"In\u00e9s Creimer expuso en el Parlamento de las Mujeres y Diversidades en la C\u00e1mara de Diputados provincial -","robots":{"index":"index","follow":"follow","max-snippet":"max-snippet:-1","max-image-preview":"max-image-preview:large","max-video-preview":"max-video-preview:-1"},"canonical":"https:\/\/experienciadevida.com.ar\/portalurbano\/ines-creimer-expuso-en-el-parlamento-de-las-mujeres-y-diversidades-en-la-camara-de-diputados-provincial\/","og_locale":"es_ES","og_type":"article","og_title":"In\u00e9s Creimer expuso en el Parlamento de las Mujeres y Diversidades en la C\u00e1mara de Diputados provincial -","og_description":"In\u00e9s Creimer expuso en el Parlamento de las Mujeres y Diversidades en la C\u00e1mara de...","og_url":"https:\/\/experienciadevida.com.ar\/portalurbano\/ines-creimer-expuso-en-el-parlamento-de-las-mujeres-y-diversidades-en-la-camara-de-diputados-provincial\/","article_publisher":"https:\/\/www.facebook.com\/Portal-Urbano-171542830093757\/","article_published_time":"2022-03-31T23:37:03+00:00","article_modified_time":"2022-03-31T23:37:30+00:00","og_image":[{"width":1143,"height":699,"url":"https:\/\/experienciadevida.com.ar\/portalurbano\/wp-content\/uploads\/2022\/03\/Ines-Creimer-expuso-en.jpeg","type":"image\/jpeg"}],"author":"admpu17wp","twitter_card":"summary_large_image","twitter_creator":"@portalurbanook","twitter_site":"@portalurbanook","twitter_misc":{"Escrito por":"admpu17wp","Tiempo de lectura":"2 minutos"},"schema":{"@context":"https:\/\/schema.org","@graph":[{"@type":"Article","@id":"https:\/\/experienciadevida.com.ar\/portalurbano\/ines-creimer-expuso-en-el-parlamento-de-las-mujeres-y-diversidades-en-la-camara-de-diputados-provincial\/#article","isPartOf":{"@id":"https:\/\/experienciadevida.com.ar\/portalurbano\/ines-creimer-expuso-en-el-parlamento-de-las-mujeres-y-diversidades-en-la-camara-de-diputados-provincial\/"},"author":{"name":"admpu17wp","@id":"https:\/\/experienciadevida.com.ar\/portalurbano\/#\/schema\/person\/02dd326b1c4b056e9cc972486934a3a7"},"headline":"In\u00e9s Creimer expuso en el Parlamento de las Mujeres y Diversidades en la C\u00e1mara de Diputados provincial","datePublished":"2022-03-31T23:37:03+00:00","dateModified":"2022-03-31T23:37:30+00:00","mainEntityOfPage":{"@id":"https:\/\/experienciadevida.com.ar\/portalurbano\/ines-creimer-expuso-en-el-parlamento-de-las-mujeres-y-diversidades-en-la-camara-de-diputados-provincial\/"},"wordCount":482,"publisher":{"@id":"https:\/\/experienciadevida.com.ar\/portalurbano\/#organization"},"articleSection":["Ciudad","Destacadas 2"],"inLanguage":"es"},{"@type":"WebPage","@id":"https:\/\/experienciadevida.com.ar\/portalurbano\/ines-creimer-expuso-en-el-parlamento-de-las-mujeres-y-diversidades-en-la-camara-de-diputados-provincial\/","url":"https:\/\/experienciadevida.com.ar\/portalurbano\/ines-creimer-expuso-en-el-parlamento-de-las-mujeres-y-diversidades-en-la-camara-de-diputados-provincial\/","name":"In\u00e9s Creimer expuso en el Parlamento de las Mujeres y Diversidades en la C\u00e1mara de Diputados provincial -","isPartOf":{"@id":"https:\/\/experienciadevida.com.ar\/portalurbano\/#website"},"datePublished":"2022-03-31T23:37:03+00:00","dateModified":"2022-03-31T23:37:30+00:00","breadcrumb":{"@id":"https:\/\/experienciadevida.com.ar\/portalurbano\/ines-creimer-expuso-en-el-parlamento-de-las-mujeres-y-diversidades-en-la-camara-de-diputados-provincial\/#breadcrumb"},"inLanguage":"es","potentialAction":[{"@type":"ReadAction","target":["https:\/\/experienciadevida.com.ar\/portalurbano\/ines-creimer-expuso-en-el-parlamento-de-las-mujeres-y-diversidades-en-la-camara-de-diputados-provincial\/"]}]},{"@type":"BreadcrumbList","@id":"https:\/\/experienciadevida.com.ar\/portalurbano\/ines-creimer-expuso-en-el-parlamento-de-las-mujeres-y-diversidades-en-la-camara-de-diputados-provincial\/#breadcrumb","itemListElement":[{"@type":"ListItem","position":1,"name":"Portada","item":"https:\/\/experienciadevida.com.ar\/portalurbano\/"},{"@type":"ListItem","position":2,"name":"In\u00e9s Creimer expuso en el Parlamento de las Mujeres y Diversidades en la C\u00e1mara de Diputados provincial"}]},{"@type":"WebSite","@id":"https:\/\/experienciadevida.com.ar\/portalurbano\/#website","url":"https:\/\/experienciadevida.com.ar\/portalurbano\/","name":"","description":"","publisher":{"@id":"https:\/\/experienciadevida.com.ar\/portalurbano\/#organization"},"potentialAction":[{"@type":"SearchAction","target":{"@type":"EntryPoint","urlTemplate":"https:\/\/experienciadevida.com.ar\/portalurbano\/?s={search_term_string}"},"query-input":"required name=search_term_string"}],"inLanguage":"es"},{"@type":"Organization","@id":"https:\/\/experienciadevida.com.ar\/portalurbano\/#organization","name":"Portal Urbano","url":"https:\/\/experienciadevida.com.ar\/portalurbano\/","logo":{"@type":"ImageObject","inLanguage":"es","@id":"https:\/\/experienciadevida.com.ar\/portalurbano\/#\/schema\/logo\/image\/","url":"https:\/\/experienciadevida.com.ar\/portalurbano\/wp-content\/uploads\/2019\/09\/Logo-Original.png","contentUrl":"https:\/\/experienciadevida.com.ar\/portalurbano\/wp-content\/uploads\/2019\/09\/Logo-Original.png","width":2236,"height":1216,"caption":"Portal Urbano"},"image":{"@id":"https:\/\/experienciadevida.com.ar\/portalurbano\/#\/schema\/logo\/image\/"},"sameAs":["https:\/\/www.facebook.com\/Portal-Urbano-171542830093757\/","https:\/\/twitter.com\/portalurbanook","https:\/\/www.instagram.com\/_portalurbano\/","https:\/\/www.youtube.com\/channel\/UCXhagIfszH8KxFiOok79zbA?view_as=subscriber"]},{"@type":"Person","@id":"https:\/\/experienciadevida.com.ar\/portalurbano\/#\/schema\/person\/02dd326b1c4b056e9cc972486934a3a7","name":"admpu17wp","image":{"@type":"ImageObject","inLanguage":"es","@id":"https:\/\/experienciadevida.com.ar\/portalurbano\/#\/schema\/person\/image\/","url":"https:\/\/secure.gravatar.com\/avatar\/830d4c57adaae6630765e449a6908047?s=96&d=mm&r=g","contentUrl":"https:\/\/secure.gravatar.com\/avatar\/830d4c57adaae6630765e449a6908047?s=96&d=mm&r=g","caption":"admpu17wp"}}]}},"featured_image_urls":{"full":["https:\/\/experienciadevida.com.ar\/portalurbano\/wp-content\/uploads\/2022\/03\/Ines-Creimer-expuso-en.jpeg",1143,699,false],"thumbnail":["https:\/\/experienciadevida.com.ar\/portalurbano\/wp-content\/uploads\/2022\/03\/Ines-Creimer-expuso-en-150x150.jpeg",150,150,true],"medium":["https:\/\/experienciadevida.com.ar\/portalurbano\/wp-content\/uploads\/2022\/03\/Ines-Creimer-expuso-en-300x183.jpeg",300,183,true],"medium_large":["https:\/\/experienciadevida.com.ar\/portalurbano\/wp-content\/uploads\/2022\/03\/Ines-Creimer-expuso-en-768x470.jpeg",640,392,true],"large":["https:\/\/experienciadevida.com.ar\/portalurbano\/wp-content\/uploads\/2022\/03\/Ines-Creimer-expuso-en-1024x626.jpeg",640,391,true],"ug_big":["https:\/\/experienciadevida.com.ar\/portalurbano\/wp-content\/uploads\/2022\/03\/Ines-Creimer-expuso-en-768x470.jpeg",768,470,true],"1536x1536":["https:\/\/experienciadevida.com.ar\/portalurbano\/wp-content\/uploads\/2022\/03\/Ines-Creimer-expuso-en.jpeg",1143,699,false],"2048x2048":["https:\/\/experienciadevida.com.ar\/portalurbano\/wp-content\/uploads\/2022\/03\/Ines-Creimer-expuso-en.jpeg",1143,699,false],"newsever-slider-full":["https:\/\/experienciadevida.com.ar\/portalurbano\/wp-content\/uploads\/2022\/03\/Ines-Creimer-expuso-en.jpeg",1143,699,false],"newsever-featured":["https:\/\/experienciadevida.com.ar\/portalurbano\/wp-content\/uploads\/2022\/03\/Ines-Creimer-expuso-en.jpeg",1024,626,false],"newsever-medium":["https:\/\/experienciadevida.com.ar\/portalurbano\/wp-content\/uploads\/2022\/03\/Ines-Creimer-expuso-en.jpeg",720,440,false],"web-stories-poster-portrait":["https:\/\/experienciadevida.com.ar\/portalurbano\/wp-content\/uploads\/2022\/03\/Ines-Creimer-expuso-en.jpeg",640,391,false],"web-stories-publisher-logo":["https:\/\/experienciadevida.com.ar\/portalurbano\/wp-content\/uploads\/2022\/03\/Ines-Creimer-expuso-en.jpeg",96,59,false],"web-stories-thumbnail":["https:\/\/experienciadevida.com.ar\/portalurbano\/wp-content\/uploads\/2022\/03\/Ines-Creimer-expuso-en.jpeg",150,92,false]},"author_info":{"display_name":"admpu17wp","author_link":"https:\/\/experienciadevida.com.ar\/portalurbano\/author\/admpu17wp\/"},"category_info":"<a href=\"https:\/\/experienciadevida.com.ar\/portalurbano\/category\/ciudad\/\" rel=\"category tag\">Ciudad<\/a> <a href=\"https:\/\/experienciadevida.com.ar\/portalurbano\/category\/destacadas-2\/\" rel=\"category tag\">Destacadas 2<\/a>","tag_info":"Destacadas 2","comment_count":"0","amp_enabled":true,"_links":{"self":[{"href":"https:\/\/experienciadevida.com.ar\/portalurbano\/wp-json\/wp\/v2\/posts\/164702"}],"collection":[{"href":"https:\/\/experienciadevida.com.ar\/portalurbano\/wp-json\/wp\/v2\/posts"}],"about":[{"href":"https:\/\/experienciadevida.com.ar\/portalurbano\/wp-json\/wp\/v2\/types\/post"}],"author":[{"embeddable":true,"href":"https:\/\/experienciadevida.com.ar\/portalurbano\/wp-json\/wp\/v2\/users\/1"}],"replies":[{"embeddable":true,"href":"https:\/\/experienciadevida.com.ar\/portalurbano\/wp-json\/wp\/v2\/comments?post=164702"}],"version-history":[{"count":1,"href":"https:\/\/experienciadevida.com.ar\/portalurbano\/wp-json\/wp\/v2\/posts\/164702\/revisions"}],"predecessor-version":[{"id":164704,"href":"https:\/\/experienciadevida.com.ar\/portalurbano\/wp-json\/wp\/v2\/posts\/164702\/revisions\/164704"}],"wp:featuredmedia":[{"embeddable":true,"href":"https:\/\/experienciadevida.com.ar\/portalurbano\/wp-json\/wp\/v2\/media\/164703"}],"wp:attachment":[{"href":"https:\/\/experienciadevida.com.ar\/portalurbano\/wp-json\/wp\/v2\/media?parent=164702"}],"wp:term":[{"taxonomy":"category","embeddable":true,"href":"https:\/\/experienciadevida.com.ar\/portalurbano\/wp-json\/wp\/v2\/categories?post=164702"},{"taxonomy":"post_tag","embeddable":true,"href":"https:\/\/experienciadevida.com.ar\/portalurbano\/wp-json\/wp\/v2\/tags?post=164702"}],"curies":[{"name":"wp","href":"https:\/\/api.w.org\/{rel}","templated":true}]}}