{"id":164699,"date":"2022-03-31T19:44:54","date_gmt":"2022-03-31T22:44:54","guid":{"rendered":"https:\/\/experienciadevida.com.ar\/portalurbano\/?p=164699"},"modified":"2022-03-31T19:46:29","modified_gmt":"2022-03-31T22:46:29","slug":"coscia-la-interna-del-gobierno-nos-esta-dejando-sin-obras-a-los-olavarrienses","status":"publish","type":"post","link":"https:\/\/experienciadevida.com.ar\/portalurbano\/coscia-la-interna-del-gobierno-nos-esta-dejando-sin-obras-a-los-olavarrienses\/","title":{"rendered":"Coscia: \u201cLa interna del Gobierno nos est\u00e1 dejando sin obras a los olavarrienses\u201d"},"content":{"rendered":"<p>Coscia: \u201cLa interna del Gobierno nos est\u00e1 dejando sin obras a los olavarrienses\u201d, el concejal de Juntos record\u00f3 que a\u00fan no se inici\u00f3 la anunciada obra de la rotonda en Hinojo.<\/p>\n<p>El concejal de Juntos Carlos Coscia se refiri\u00f3 al no inicio de la obra de la rotonda en la localidad de Hinojo que anunci\u00f3 en julio del a\u00f1o pasado el Subsecretario de Miner\u00eda Federico Aguilera junto al ministro de Obras<br \/>\nP\u00fablicas de la Naci\u00f3n Gabriel Katopodis.<\/p>\n<p>\u201cParece que la interna del gobierno nacional entre el albertismo y La C\u00e1mpora nos est\u00e1 dejando sin obras a los vecinos del Partido de Olavarr\u00eda\u201d, expres\u00f3 el edil que responde al intendente Ezequiel Galli.<\/p>\n<p>En este sentido, el edil explic\u00f3: \u201cesperemos que la interna feroz de la que se ocupa \u00faltimamente el oficialismo nacional y provincial no sea un impedimento para gestionar en favor de los olavarrienses\u201d.<\/p>\n<p>\u201cEn julio del a\u00f1o pasado anunciaron con bombos y platillos una obra que iba a comenzar en septiembre y ten\u00eda fecha de finalizaci\u00f3n en diciembre, pero hasta ahora no hemos visto nada\u201d, agreg\u00f3.<\/p>\n<p>Asimismo, el propio Coscia dijo que \u201clamentablemente nos estamos acostumbrando a anuncios que no se concretan de parte del Subsecretario de Miner\u00eda. T\u00edtulos rimbombantes y una danza de millones que quedan en la<br \/>\nnada\u201d.<\/p>\n<p>Adem\u00e1s, el presidente de la comisi\u00f3n de las Localidades en el HCD record\u00f3 que \u201cel gobierno nacional tampoco ha podido cumplir con la obra de la Facultad de Ciencias de la Salud y por la generosidad del intendente Galli<br \/>\nlos alumnos pueden cursar en el Centro de Convenciones\u201d.<\/p>\n","protected":false},"excerpt":{"rendered":"<p>Coscia: \u201cLa interna del Gobierno nos est\u00e1 dejando sin obras a los olavarrienses\u201d, el concejal&#8230;<\/p>\n","protected":false},"author":1,"featured_media":164700,"comment_status":"closed","ping_status":"closed","sticky":false,"template":"","format":"standard","meta":{"content-type":""},"categories":[27,51],"tags":[],"nelio_content":{"isAutoShareEnabled":false,"autoShareEndMode":"default","automationSources":{"useContentSentences":true,"useSocialTemplates":true,"useCustomSentences":false,"customSentences":[]},"followers":[1],"suggestedReferences":[],"includedReferences":[],"efiUrl":"","efiAlt":"","highlights":[]},"yoast_head":"<!-- This site is optimized with the Yoast SEO plugin v20.7 - https:\/\/yoast.com\/wordpress\/plugins\/seo\/ -->\n<title>Coscia: &quot;La interna del Gobierno nos est\u00e1 dejando sin obras&quot;<\/title>\n<meta name=\"description\" content=\"Coscia: \u201cLa interna del Gobierno nos est\u00e1 dejando sin obras a los olavarrienses\u201d, el concejal record\u00f3 que a\u00fan no se inici\u00f3 la obra de rotonda\" \/>\n<meta name=\"robots\" content=\"index, follow, max-snippet:-1, max-image-preview:large, max-video-preview:-1\" \/>\n<link rel=\"canonical\" href=\"https:\/\/experienciadevida.com.ar\/portalurbano\/coscia-la-interna-del-gobierno-nos-esta-dejando-sin-obras-a-los-olavarrienses\/\" \/>\n<meta property=\"og:locale\" content=\"es_ES\" \/>\n<meta property=\"og:type\" content=\"article\" \/>\n<meta property=\"og:title\" content=\"Coscia: &quot;La interna del Gobierno nos est\u00e1 dejando sin obras&quot;\" \/>\n<meta property=\"og:description\" content=\"Coscia: \u201cLa interna del Gobierno nos est\u00e1 dejando sin obras a los olavarrienses\u201d, el concejal record\u00f3 que a\u00fan no se inici\u00f3 la obra de rotonda\" \/>\n<meta property=\"og:url\" content=\"https:\/\/experienciadevida.com.ar\/portalurbano\/coscia-la-interna-del-gobierno-nos-esta-dejando-sin-obras-a-los-olavarrienses\/\" \/>\n<meta property=\"article:publisher\" content=\"https:\/\/www.facebook.com\/Portal-Urbano-171542830093757\/\" \/>\n<meta property=\"article:published_time\" content=\"2022-03-31T22:44:54+00:00\" \/>\n<meta property=\"article:modified_time\" content=\"2022-03-31T22:46:29+00:00\" \/>\n<meta property=\"og:image\" content=\"https:\/\/experienciadevida.com.ar\/portalurbano\/wp-content\/uploads\/2022\/03\/Coscia.jpg\" \/>\n\t<meta property=\"og:image:width\" content=\"1200\" \/>\n\t<meta property=\"og:image:height\" content=\"802\" \/>\n\t<meta property=\"og:image:type\" content=\"image\/jpeg\" \/>\n<meta name=\"author\" content=\"admpu17wp\" \/>\n<meta name=\"twitter:card\" content=\"summary_large_image\" \/>\n<meta name=\"twitter:creator\" content=\"@portalurbanook\" \/>\n<meta name=\"twitter:site\" content=\"@portalurbanook\" \/>\n<meta name=\"twitter:label1\" content=\"Escrito por\" \/>\n\t<meta name=\"twitter:data1\" content=\"admpu17wp\" \/>\n\t<meta name=\"twitter:label2\" content=\"Tiempo de lectura\" \/>\n\t<meta name=\"twitter:data2\" content=\"2 minutos\" \/>\n<script type=\"application\/ld+json\" class=\"yoast-schema-graph\">{\"@context\":\"https:\/\/schema.org\",\"@graph\":[{\"@type\":\"Article\",\"@id\":\"https:\/\/experienciadevida.com.ar\/portalurbano\/coscia-la-interna-del-gobierno-nos-esta-dejando-sin-obras-a-los-olavarrienses\/#article\",\"isPartOf\":{\"@id\":\"https:\/\/experienciadevida.com.ar\/portalurbano\/coscia-la-interna-del-gobierno-nos-esta-dejando-sin-obras-a-los-olavarrienses\/\"},\"author\":{\"name\":\"admpu17wp\",\"@id\":\"https:\/\/experienciadevida.com.ar\/portalurbano\/#\/schema\/person\/02dd326b1c4b056e9cc972486934a3a7\"},\"headline\":\"Coscia: \u201cLa interna del Gobierno nos est\u00e1 dejando sin obras a los olavarrienses\u201d\",\"datePublished\":\"2022-03-31T22:44:54+00:00\",\"dateModified\":\"2022-03-31T22:46:29+00:00\",\"mainEntityOfPage\":{\"@id\":\"https:\/\/experienciadevida.com.ar\/portalurbano\/coscia-la-interna-del-gobierno-nos-esta-dejando-sin-obras-a-los-olavarrienses\/\"},\"wordCount\":286,\"publisher\":{\"@id\":\"https:\/\/experienciadevida.com.ar\/portalurbano\/#organization\"},\"articleSection\":[\"Ciudad\",\"Destacadas\"],\"inLanguage\":\"es\"},{\"@type\":\"WebPage\",\"@id\":\"https:\/\/experienciadevida.com.ar\/portalurbano\/coscia-la-interna-del-gobierno-nos-esta-dejando-sin-obras-a-los-olavarrienses\/\",\"url\":\"https:\/\/experienciadevida.com.ar\/portalurbano\/coscia-la-interna-del-gobierno-nos-esta-dejando-sin-obras-a-los-olavarrienses\/\",\"name\":\"Coscia: \\\"La interna del Gobierno nos est\u00e1 dejando sin obras\\\"\",\"isPartOf\":{\"@id\":\"https:\/\/experienciadevida.com.ar\/portalurbano\/#website\"},\"datePublished\":\"2022-03-31T22:44:54+00:00\",\"dateModified\":\"2022-03-31T22:46:29+00:00\",\"description\":\"Coscia: \u201cLa interna del Gobierno nos est\u00e1 dejando sin obras a los olavarrienses\u201d, el concejal record\u00f3 que a\u00fan no se inici\u00f3 la obra de rotonda\",\"breadcrumb\":{\"@id\":\"https:\/\/experienciadevida.com.ar\/portalurbano\/coscia-la-interna-del-gobierno-nos-esta-dejando-sin-obras-a-los-olavarrienses\/#breadcrumb\"},\"inLanguage\":\"es\",\"potentialAction\":[{\"@type\":\"ReadAction\",\"target\":[\"https:\/\/experienciadevida.com.ar\/portalurbano\/coscia-la-interna-del-gobierno-nos-esta-dejando-sin-obras-a-los-olavarrienses\/\"]}]},{\"@type\":\"BreadcrumbList\",\"@id\":\"https:\/\/experienciadevida.com.ar\/portalurbano\/coscia-la-interna-del-gobierno-nos-esta-dejando-sin-obras-a-los-olavarrienses\/#breadcrumb\",\"itemListElement\":[{\"@type\":\"ListItem\",\"position\":1,\"name\":\"Portada\",\"item\":\"https:\/\/experienciadevida.com.ar\/portalurbano\/\"},{\"@type\":\"ListItem\",\"position\":2,\"name\":\"Coscia: \u201cLa interna del Gobierno nos est\u00e1 dejando sin obras a los olavarrienses\u201d\"}]},{\"@type\":\"WebSite\",\"@id\":\"https:\/\/experienciadevida.com.ar\/portalurbano\/#website\",\"url\":\"https:\/\/experienciadevida.com.ar\/portalurbano\/\",\"name\":\"\",\"description\":\"\",\"publisher\":{\"@id\":\"https:\/\/experienciadevida.com.ar\/portalurbano\/#organization\"},\"potentialAction\":[{\"@type\":\"SearchAction\",\"target\":{\"@type\":\"EntryPoint\",\"urlTemplate\":\"https:\/\/experienciadevida.com.ar\/portalurbano\/?s={search_term_string}\"},\"query-input\":\"required name=search_term_string\"}],\"inLanguage\":\"es\"},{\"@type\":\"Organization\",\"@id\":\"https:\/\/experienciadevida.com.ar\/portalurbano\/#organization\",\"name\":\"Portal Urbano\",\"url\":\"https:\/\/experienciadevida.com.ar\/portalurbano\/\",\"logo\":{\"@type\":\"ImageObject\",\"inLanguage\":\"es\",\"@id\":\"https:\/\/experienciadevida.com.ar\/portalurbano\/#\/schema\/logo\/image\/\",\"url\":\"https:\/\/experienciadevida.com.ar\/portalurbano\/wp-content\/uploads\/2019\/09\/Logo-Original.png\",\"contentUrl\":\"https:\/\/experienciadevida.com.ar\/portalurbano\/wp-content\/uploads\/2019\/09\/Logo-Original.png\",\"width\":2236,\"height\":1216,\"caption\":\"Portal Urbano\"},\"image\":{\"@id\":\"https:\/\/experienciadevida.com.ar\/portalurbano\/#\/schema\/logo\/image\/\"},\"sameAs\":[\"https:\/\/www.facebook.com\/Portal-Urbano-171542830093757\/\",\"https:\/\/twitter.com\/portalurbanook\",\"https:\/\/www.instagram.com\/_portalurbano\/\",\"https:\/\/www.youtube.com\/channel\/UCXhagIfszH8KxFiOok79zbA?view_as=subscriber\"]},{\"@type\":\"Person\",\"@id\":\"https:\/\/experienciadevida.com.ar\/portalurbano\/#\/schema\/person\/02dd326b1c4b056e9cc972486934a3a7\",\"name\":\"admpu17wp\",\"image\":{\"@type\":\"ImageObject\",\"inLanguage\":\"es\",\"@id\":\"https:\/\/experienciadevida.com.ar\/portalurbano\/#\/schema\/person\/image\/\",\"url\":\"https:\/\/secure.gravatar.com\/avatar\/830d4c57adaae6630765e449a6908047?s=96&d=mm&r=g\",\"contentUrl\":\"https:\/\/secure.gravatar.com\/avatar\/830d4c57adaae6630765e449a6908047?s=96&d=mm&r=g\",\"caption\":\"admpu17wp\"}}]}<\/script>\n<!-- \/ Yoast SEO plugin. -->","yoast_head_json":{"title":"Coscia: \"La interna del Gobierno nos est\u00e1 dejando sin obras\"","description":"Coscia: \u201cLa interna del Gobierno nos est\u00e1 dejando sin obras a los olavarrienses\u201d, el concejal record\u00f3 que a\u00fan no se inici\u00f3 la obra de rotonda","robots":{"index":"index","follow":"follow","max-snippet":"max-snippet:-1","max-image-preview":"max-image-preview:large","max-video-preview":"max-video-preview:-1"},"canonical":"https:\/\/experienciadevida.com.ar\/portalurbano\/coscia-la-interna-del-gobierno-nos-esta-dejando-sin-obras-a-los-olavarrienses\/","og_locale":"es_ES","og_type":"article","og_title":"Coscia: \"La interna del Gobierno nos est\u00e1 dejando sin obras\"","og_description":"Coscia: \u201cLa interna del Gobierno nos est\u00e1 dejando sin obras a los olavarrienses\u201d, el concejal record\u00f3 que a\u00fan no se inici\u00f3 la obra de rotonda","og_url":"https:\/\/experienciadevida.com.ar\/portalurbano\/coscia-la-interna-del-gobierno-nos-esta-dejando-sin-obras-a-los-olavarrienses\/","article_publisher":"https:\/\/www.facebook.com\/Portal-Urbano-171542830093757\/","article_published_time":"2022-03-31T22:44:54+00:00","article_modified_time":"2022-03-31T22:46:29+00:00","og_image":[{"width":1200,"height":802,"url":"https:\/\/experienciadevida.com.ar\/portalurbano\/wp-content\/uploads\/2022\/03\/Coscia.jpg","type":"image\/jpeg"}],"author":"admpu17wp","twitter_card":"summary_large_image","twitter_creator":"@portalurbanook","twitter_site":"@portalurbanook","twitter_misc":{"Escrito por":"admpu17wp","Tiempo de lectura":"2 minutos"},"schema":{"@context":"https:\/\/schema.org","@graph":[{"@type":"Article","@id":"https:\/\/experienciadevida.com.ar\/portalurbano\/coscia-la-interna-del-gobierno-nos-esta-dejando-sin-obras-a-los-olavarrienses\/#article","isPartOf":{"@id":"https:\/\/experienciadevida.com.ar\/portalurbano\/coscia-la-interna-del-gobierno-nos-esta-dejando-sin-obras-a-los-olavarrienses\/"},"author":{"name":"admpu17wp","@id":"https:\/\/experienciadevida.com.ar\/portalurbano\/#\/schema\/person\/02dd326b1c4b056e9cc972486934a3a7"},"headline":"Coscia: \u201cLa interna del Gobierno nos est\u00e1 dejando sin obras a los olavarrienses\u201d","datePublished":"2022-03-31T22:44:54+00:00","dateModified":"2022-03-31T22:46:29+00:00","mainEntityOfPage":{"@id":"https:\/\/experienciadevida.com.ar\/portalurbano\/coscia-la-interna-del-gobierno-nos-esta-dejando-sin-obras-a-los-olavarrienses\/"},"wordCount":286,"publisher":{"@id":"https:\/\/experienciadevida.com.ar\/portalurbano\/#organization"},"articleSection":["Ciudad","Destacadas"],"inLanguage":"es"},{"@type":"WebPage","@id":"https:\/\/experienciadevida.com.ar\/portalurbano\/coscia-la-interna-del-gobierno-nos-esta-dejando-sin-obras-a-los-olavarrienses\/","url":"https:\/\/experienciadevida.com.ar\/portalurbano\/coscia-la-interna-del-gobierno-nos-esta-dejando-sin-obras-a-los-olavarrienses\/","name":"Coscia: \"La interna del Gobierno nos est\u00e1 dejando sin obras\"","isPartOf":{"@id":"https:\/\/experienciadevida.com.ar\/portalurbano\/#website"},"datePublished":"2022-03-31T22:44:54+00:00","dateModified":"2022-03-31T22:46:29+00:00","description":"Coscia: \u201cLa interna del Gobierno nos est\u00e1 dejando sin obras a los olavarrienses\u201d, el concejal record\u00f3 que a\u00fan no se inici\u00f3 la obra de rotonda","breadcrumb":{"@id":"https:\/\/experienciadevida.com.ar\/portalurbano\/coscia-la-interna-del-gobierno-nos-esta-dejando-sin-obras-a-los-olavarrienses\/#breadcrumb"},"inLanguage":"es","potentialAction":[{"@type":"ReadAction","target":["https:\/\/experienciadevida.com.ar\/portalurbano\/coscia-la-interna-del-gobierno-nos-esta-dejando-sin-obras-a-los-olavarrienses\/"]}]},{"@type":"BreadcrumbList","@id":"https:\/\/experienciadevida.com.ar\/portalurbano\/coscia-la-interna-del-gobierno-nos-esta-dejando-sin-obras-a-los-olavarrienses\/#breadcrumb","itemListElement":[{"@type":"ListItem","position":1,"name":"Portada","item":"https:\/\/experienciadevida.com.ar\/portalurbano\/"},{"@type":"ListItem","position":2,"name":"Coscia: \u201cLa interna del Gobierno nos est\u00e1 dejando sin obras a los olavarrienses\u201d"}]},{"@type":"WebSite","@id":"https:\/\/experienciadevida.com.ar\/portalurbano\/#website","url":"https:\/\/experienciadevida.com.ar\/portalurbano\/","name":"","description":"","publisher":{"@id":"https:\/\/experienciadevida.com.ar\/portalurbano\/#organization"},"potentialAction":[{"@type":"SearchAction","target":{"@type":"EntryPoint","urlTemplate":"https:\/\/experienciadevida.com.ar\/portalurbano\/?s={search_term_string}"},"query-input":"required name=search_term_string"}],"inLanguage":"es"},{"@type":"Organization","@id":"https:\/\/experienciadevida.com.ar\/portalurbano\/#organization","name":"Portal Urbano","url":"https:\/\/experienciadevida.com.ar\/portalurbano\/","logo":{"@type":"ImageObject","inLanguage":"es","@id":"https:\/\/experienciadevida.com.ar\/portalurbano\/#\/schema\/logo\/image\/","url":"https:\/\/experienciadevida.com.ar\/portalurbano\/wp-content\/uploads\/2019\/09\/Logo-Original.png","contentUrl":"https:\/\/experienciadevida.com.ar\/portalurbano\/wp-content\/uploads\/2019\/09\/Logo-Original.png","width":2236,"height":1216,"caption":"Portal Urbano"},"image":{"@id":"https:\/\/experienciadevida.com.ar\/portalurbano\/#\/schema\/logo\/image\/"},"sameAs":["https:\/\/www.facebook.com\/Portal-Urbano-171542830093757\/","https:\/\/twitter.com\/portalurbanook","https:\/\/www.instagram.com\/_portalurbano\/","https:\/\/www.youtube.com\/channel\/UCXhagIfszH8KxFiOok79zbA?view_as=subscriber"]},{"@type":"Person","@id":"https:\/\/experienciadevida.com.ar\/portalurbano\/#\/schema\/person\/02dd326b1c4b056e9cc972486934a3a7","name":"admpu17wp","image":{"@type":"ImageObject","inLanguage":"es","@id":"https:\/\/experienciadevida.com.ar\/portalurbano\/#\/schema\/person\/image\/","url":"https:\/\/secure.gravatar.com\/avatar\/830d4c57adaae6630765e449a6908047?s=96&d=mm&r=g","contentUrl":"https:\/\/secure.gravatar.com\/avatar\/830d4c57adaae6630765e449a6908047?s=96&d=mm&r=g","caption":"admpu17wp"}}]}},"featured_image_urls":{"full":["https:\/\/experienciadevida.com.ar\/portalurbano\/wp-content\/uploads\/2022\/03\/Coscia.jpg",1200,802,false],"thumbnail":["https:\/\/experienciadevida.com.ar\/portalurbano\/wp-content\/uploads\/2022\/03\/Coscia-150x150.jpg",150,150,true],"medium":["https:\/\/experienciadevida.com.ar\/portalurbano\/wp-content\/uploads\/2022\/03\/Coscia-300x201.jpg",300,201,true],"medium_large":["https:\/\/experienciadevida.com.ar\/portalurbano\/wp-content\/uploads\/2022\/03\/Coscia-768x513.jpg",640,428,true],"large":["https:\/\/experienciadevida.com.ar\/portalurbano\/wp-content\/uploads\/2022\/03\/Coscia-1024x684.jpg",640,428,true],"ug_big":["https:\/\/experienciadevida.com.ar\/portalurbano\/wp-content\/uploads\/2022\/03\/Coscia-768x513.jpg",768,513,true],"1536x1536":["https:\/\/experienciadevida.com.ar\/portalurbano\/wp-content\/uploads\/2022\/03\/Coscia.jpg",1200,802,false],"2048x2048":["https:\/\/experienciadevida.com.ar\/portalurbano\/wp-content\/uploads\/2022\/03\/Coscia.jpg",1200,802,false],"newsever-slider-full":["https:\/\/experienciadevida.com.ar\/portalurbano\/wp-content\/uploads\/2022\/03\/Coscia.jpg",1200,802,false],"newsever-featured":["https:\/\/experienciadevida.com.ar\/portalurbano\/wp-content\/uploads\/2022\/03\/Coscia.jpg",1024,684,false],"newsever-medium":["https:\/\/experienciadevida.com.ar\/portalurbano\/wp-content\/uploads\/2022\/03\/Coscia.jpg",711,475,false],"web-stories-poster-portrait":["https:\/\/experienciadevida.com.ar\/portalurbano\/wp-content\/uploads\/2022\/03\/Coscia.jpg",640,428,false],"web-stories-publisher-logo":["https:\/\/experienciadevida.com.ar\/portalurbano\/wp-content\/uploads\/2022\/03\/Coscia.jpg",96,64,false],"web-stories-thumbnail":["https:\/\/experienciadevida.com.ar\/portalurbano\/wp-content\/uploads\/2022\/03\/Coscia.jpg",150,100,false]},"author_info":{"display_name":"admpu17wp","author_link":"https:\/\/experienciadevida.com.ar\/portalurbano\/author\/admpu17wp\/"},"category_info":"<a href=\"https:\/\/experienciadevida.com.ar\/portalurbano\/category\/ciudad\/\" rel=\"category tag\">Ciudad<\/a> <a href=\"https:\/\/experienciadevida.com.ar\/portalurbano\/category\/destacadas\/\" rel=\"category tag\">Destacadas<\/a>","tag_info":"Destacadas","comment_count":"0","amp_enabled":true,"_links":{"self":[{"href":"https:\/\/experienciadevida.com.ar\/portalurbano\/wp-json\/wp\/v2\/posts\/164699"}],"collection":[{"href":"https:\/\/experienciadevida.com.ar\/portalurbano\/wp-json\/wp\/v2\/posts"}],"about":[{"href":"https:\/\/experienciadevida.com.ar\/portalurbano\/wp-json\/wp\/v2\/types\/post"}],"author":[{"embeddable":true,"href":"https:\/\/experienciadevida.com.ar\/portalurbano\/wp-json\/wp\/v2\/users\/1"}],"replies":[{"embeddable":true,"href":"https:\/\/experienciadevida.com.ar\/portalurbano\/wp-json\/wp\/v2\/comments?post=164699"}],"version-history":[{"count":1,"href":"https:\/\/experienciadevida.com.ar\/portalurbano\/wp-json\/wp\/v2\/posts\/164699\/revisions"}],"predecessor-version":[{"id":164701,"href":"https:\/\/experienciadevida.com.ar\/portalurbano\/wp-json\/wp\/v2\/posts\/164699\/revisions\/164701"}],"wp:featuredmedia":[{"embeddable":true,"href":"https:\/\/experienciadevida.com.ar\/portalurbano\/wp-json\/wp\/v2\/media\/164700"}],"wp:attachment":[{"href":"https:\/\/experienciadevida.com.ar\/portalurbano\/wp-json\/wp\/v2\/media?parent=164699"}],"wp:term":[{"taxonomy":"category","embeddable":true,"href":"https:\/\/experienciadevida.com.ar\/portalurbano\/wp-json\/wp\/v2\/categories?post=164699"},{"taxonomy":"post_tag","embeddable":true,"href":"https:\/\/experienciadevida.com.ar\/portalurbano\/wp-json\/wp\/v2\/tags?post=164699"}],"curies":[{"name":"wp","href":"https:\/\/api.w.org\/{rel}","templated":true}]}}