{"id":164693,"date":"2022-03-31T16:58:41","date_gmt":"2022-03-31T19:58:41","guid":{"rendered":"https:\/\/experienciadevida.com.ar\/portalurbano\/?p=164693"},"modified":"2022-03-31T16:59:02","modified_gmt":"2022-03-31T19:59:02","slug":"el-foro-olavarria-fr-pide-informes-al-ejecutivo-por-tierras-en-colonia-san-miguel","status":"publish","type":"post","link":"https:\/\/experienciadevida.com.ar\/portalurbano\/el-foro-olavarria-fr-pide-informes-al-ejecutivo-por-tierras-en-colonia-san-miguel\/","title":{"rendered":"El Foro Olavarr\u00eda-FR pide informes al Ejecutivo por tierras en Colonia San Miguel"},"content":{"rendered":"<p>El Foro Olavarr\u00eda-FR pide informes al Ejecutivo por tierras en Colonia San Miguel, la iniciativa del bloque conformado por la concejala In\u00e9s Creimer y el concejal Gast\u00f3n Sarachu ser\u00e1 tratada por el Concejo Deliberante en la<br \/>\npr\u00f3xima sesi\u00f3n ordinaria.<\/p>\n<p>El bloque Foro Olavarr\u00eda &#8211; Frente Renovador, que forma parte del interbloque Frente de Todos, impulsa un pedido de informes sobre un lote determinado en Colonia San Miguel, ubicado en calle Luis Servet casi Santa Rosa. El proyecto fue elevado esta semana y se tratar\u00e1 en la pr\u00f3xima sesi\u00f3n ordinaria del Concejo Deliberante, a realizarse el d\u00eda mi\u00e9rcoles 13 de abril.<\/p>\n<p>Desde el bloque que conforman la concejala In\u00e9s Creimer y el concejal Gast\u00f3n Sarachu se\u00f1alaron que \u201cde acuerdo con los reclamos vecinales de Colonia San Miguel, se solicita la informaci\u00f3n dominial de este macizo de tierras ya que es facultad del Honorable Concejo Deliberante el efectivo contralor de los terrenos fiscales del dominio municipal\u201d.<\/p>\n<p>En detalle, se solicita informaci\u00f3n sobre el lote ubicado catastralmente como Circunscripci\u00f3n: 2 Secci\u00f3n: L Chacra: 1055 Fracci\u00f3n: 1 Parcela: 1B; correspondiente a la Partida: 46320. En este caso, de tratarse de un dominio municipal, se pide informaci\u00f3n sobre su destino.<\/p>\n","protected":false},"excerpt":{"rendered":"<p>El Foro Olavarr\u00eda-FR pide informes al Ejecutivo por tierras en Colonia San Miguel, la iniciativa&#8230;<\/p>\n","protected":false},"author":1,"featured_media":164694,"comment_status":"closed","ping_status":"closed","sticky":false,"template":"","format":"standard","meta":{"content-type":""},"categories":[27],"tags":[],"nelio_content":{"isAutoShareEnabled":false,"autoShareEndMode":"default","automationSources":{"useContentSentences":true,"useSocialTemplates":true,"useCustomSentences":false,"customSentences":[]},"followers":[1],"suggestedReferences":[],"includedReferences":[],"efiUrl":"","efiAlt":"","highlights":[]},"yoast_head":"<!-- This site is optimized with the Yoast SEO plugin v20.7 - https:\/\/yoast.com\/wordpress\/plugins\/seo\/ -->\n<title>El Foro Olavarria- FR pide informes por tierras en Colonia San Miguel<\/title>\n<meta name=\"description\" content=\"El Foro Olavarr\u00eda-FR pide informes al Ejecutivo por tierras en Colonia San Miguel, la iniciativa ser\u00e1 tratada en la pr\u00f3xima sesi\u00f3n\" \/>\n<meta name=\"robots\" content=\"index, follow, max-snippet:-1, max-image-preview:large, max-video-preview:-1\" \/>\n<link rel=\"canonical\" href=\"https:\/\/experienciadevida.com.ar\/portalurbano\/el-foro-olavarria-fr-pide-informes-al-ejecutivo-por-tierras-en-colonia-san-miguel\/\" \/>\n<meta property=\"og:locale\" content=\"es_ES\" \/>\n<meta property=\"og:type\" content=\"article\" \/>\n<meta property=\"og:title\" content=\"El Foro Olavarria- FR pide informes por tierras en Colonia San Miguel\" \/>\n<meta property=\"og:description\" content=\"El Foro Olavarr\u00eda-FR pide informes al Ejecutivo por tierras en Colonia San Miguel, la iniciativa ser\u00e1 tratada en la pr\u00f3xima sesi\u00f3n\" \/>\n<meta property=\"og:url\" content=\"https:\/\/experienciadevida.com.ar\/portalurbano\/el-foro-olavarria-fr-pide-informes-al-ejecutivo-por-tierras-en-colonia-san-miguel\/\" \/>\n<meta property=\"article:publisher\" content=\"https:\/\/www.facebook.com\/Portal-Urbano-171542830093757\/\" \/>\n<meta property=\"article:published_time\" content=\"2022-03-31T19:58:41+00:00\" \/>\n<meta property=\"article:modified_time\" content=\"2022-03-31T19:59:02+00:00\" \/>\n<meta property=\"og:image\" content=\"https:\/\/experienciadevida.com.ar\/portalurbano\/wp-content\/uploads\/2022\/03\/El-Foro-Olavarria-1.jpeg\" \/>\n\t<meta property=\"og:image:width\" content=\"1024\" \/>\n\t<meta property=\"og:image:height\" content=\"684\" \/>\n\t<meta property=\"og:image:type\" content=\"image\/jpeg\" \/>\n<meta name=\"author\" content=\"admpu17wp\" \/>\n<meta name=\"twitter:card\" content=\"summary_large_image\" \/>\n<meta name=\"twitter:creator\" content=\"@portalurbanook\" \/>\n<meta name=\"twitter:site\" content=\"@portalurbanook\" \/>\n<meta name=\"twitter:label1\" content=\"Escrito por\" \/>\n\t<meta name=\"twitter:data1\" content=\"admpu17wp\" \/>\n\t<meta name=\"twitter:label2\" content=\"Tiempo de lectura\" \/>\n\t<meta name=\"twitter:data2\" content=\"1 minuto\" \/>\n<script type=\"application\/ld+json\" class=\"yoast-schema-graph\">{\"@context\":\"https:\/\/schema.org\",\"@graph\":[{\"@type\":\"Article\",\"@id\":\"https:\/\/experienciadevida.com.ar\/portalurbano\/el-foro-olavarria-fr-pide-informes-al-ejecutivo-por-tierras-en-colonia-san-miguel\/#article\",\"isPartOf\":{\"@id\":\"https:\/\/experienciadevida.com.ar\/portalurbano\/el-foro-olavarria-fr-pide-informes-al-ejecutivo-por-tierras-en-colonia-san-miguel\/\"},\"author\":{\"name\":\"admpu17wp\",\"@id\":\"https:\/\/experienciadevida.com.ar\/portalurbano\/#\/schema\/person\/02dd326b1c4b056e9cc972486934a3a7\"},\"headline\":\"El Foro Olavarr\u00eda-FR pide informes al Ejecutivo por tierras en Colonia San Miguel\",\"datePublished\":\"2022-03-31T19:58:41+00:00\",\"dateModified\":\"2022-03-31T19:59:02+00:00\",\"mainEntityOfPage\":{\"@id\":\"https:\/\/experienciadevida.com.ar\/portalurbano\/el-foro-olavarria-fr-pide-informes-al-ejecutivo-por-tierras-en-colonia-san-miguel\/\"},\"wordCount\":223,\"publisher\":{\"@id\":\"https:\/\/experienciadevida.com.ar\/portalurbano\/#organization\"},\"articleSection\":[\"Ciudad\"],\"inLanguage\":\"es\"},{\"@type\":\"WebPage\",\"@id\":\"https:\/\/experienciadevida.com.ar\/portalurbano\/el-foro-olavarria-fr-pide-informes-al-ejecutivo-por-tierras-en-colonia-san-miguel\/\",\"url\":\"https:\/\/experienciadevida.com.ar\/portalurbano\/el-foro-olavarria-fr-pide-informes-al-ejecutivo-por-tierras-en-colonia-san-miguel\/\",\"name\":\"El Foro Olavarria- FR pide informes por tierras en Colonia San Miguel\",\"isPartOf\":{\"@id\":\"https:\/\/experienciadevida.com.ar\/portalurbano\/#website\"},\"datePublished\":\"2022-03-31T19:58:41+00:00\",\"dateModified\":\"2022-03-31T19:59:02+00:00\",\"description\":\"El Foro Olavarr\u00eda-FR pide informes al Ejecutivo por tierras en Colonia San Miguel, la iniciativa ser\u00e1 tratada en la pr\u00f3xima sesi\u00f3n\",\"breadcrumb\":{\"@id\":\"https:\/\/experienciadevida.com.ar\/portalurbano\/el-foro-olavarria-fr-pide-informes-al-ejecutivo-por-tierras-en-colonia-san-miguel\/#breadcrumb\"},\"inLanguage\":\"es\",\"potentialAction\":[{\"@type\":\"ReadAction\",\"target\":[\"https:\/\/experienciadevida.com.ar\/portalurbano\/el-foro-olavarria-fr-pide-informes-al-ejecutivo-por-tierras-en-colonia-san-miguel\/\"]}]},{\"@type\":\"BreadcrumbList\",\"@id\":\"https:\/\/experienciadevida.com.ar\/portalurbano\/el-foro-olavarria-fr-pide-informes-al-ejecutivo-por-tierras-en-colonia-san-miguel\/#breadcrumb\",\"itemListElement\":[{\"@type\":\"ListItem\",\"position\":1,\"name\":\"Portada\",\"item\":\"https:\/\/experienciadevida.com.ar\/portalurbano\/\"},{\"@type\":\"ListItem\",\"position\":2,\"name\":\"El Foro Olavarr\u00eda-FR pide informes al Ejecutivo por tierras en Colonia San Miguel\"}]},{\"@type\":\"WebSite\",\"@id\":\"https:\/\/experienciadevida.com.ar\/portalurbano\/#website\",\"url\":\"https:\/\/experienciadevida.com.ar\/portalurbano\/\",\"name\":\"\",\"description\":\"\",\"publisher\":{\"@id\":\"https:\/\/experienciadevida.com.ar\/portalurbano\/#organization\"},\"potentialAction\":[{\"@type\":\"SearchAction\",\"target\":{\"@type\":\"EntryPoint\",\"urlTemplate\":\"https:\/\/experienciadevida.com.ar\/portalurbano\/?s={search_term_string}\"},\"query-input\":\"required name=search_term_string\"}],\"inLanguage\":\"es\"},{\"@type\":\"Organization\",\"@id\":\"https:\/\/experienciadevida.com.ar\/portalurbano\/#organization\",\"name\":\"Portal Urbano\",\"url\":\"https:\/\/experienciadevida.com.ar\/portalurbano\/\",\"logo\":{\"@type\":\"ImageObject\",\"inLanguage\":\"es\",\"@id\":\"https:\/\/experienciadevida.com.ar\/portalurbano\/#\/schema\/logo\/image\/\",\"url\":\"https:\/\/experienciadevida.com.ar\/portalurbano\/wp-content\/uploads\/2019\/09\/Logo-Original.png\",\"contentUrl\":\"https:\/\/experienciadevida.com.ar\/portalurbano\/wp-content\/uploads\/2019\/09\/Logo-Original.png\",\"width\":2236,\"height\":1216,\"caption\":\"Portal Urbano\"},\"image\":{\"@id\":\"https:\/\/experienciadevida.com.ar\/portalurbano\/#\/schema\/logo\/image\/\"},\"sameAs\":[\"https:\/\/www.facebook.com\/Portal-Urbano-171542830093757\/\",\"https:\/\/twitter.com\/portalurbanook\",\"https:\/\/www.instagram.com\/_portalurbano\/\",\"https:\/\/www.youtube.com\/channel\/UCXhagIfszH8KxFiOok79zbA?view_as=subscriber\"]},{\"@type\":\"Person\",\"@id\":\"https:\/\/experienciadevida.com.ar\/portalurbano\/#\/schema\/person\/02dd326b1c4b056e9cc972486934a3a7\",\"name\":\"admpu17wp\",\"image\":{\"@type\":\"ImageObject\",\"inLanguage\":\"es\",\"@id\":\"https:\/\/experienciadevida.com.ar\/portalurbano\/#\/schema\/person\/image\/\",\"url\":\"https:\/\/secure.gravatar.com\/avatar\/830d4c57adaae6630765e449a6908047?s=96&d=mm&r=g\",\"contentUrl\":\"https:\/\/secure.gravatar.com\/avatar\/830d4c57adaae6630765e449a6908047?s=96&d=mm&r=g\",\"caption\":\"admpu17wp\"}}]}<\/script>\n<!-- \/ Yoast SEO plugin. -->","yoast_head_json":{"title":"El Foro Olavarria- FR pide informes por tierras en Colonia San Miguel","description":"El Foro Olavarr\u00eda-FR pide informes al Ejecutivo por tierras en Colonia San Miguel, la iniciativa ser\u00e1 tratada en la pr\u00f3xima sesi\u00f3n","robots":{"index":"index","follow":"follow","max-snippet":"max-snippet:-1","max-image-preview":"max-image-preview:large","max-video-preview":"max-video-preview:-1"},"canonical":"https:\/\/experienciadevida.com.ar\/portalurbano\/el-foro-olavarria-fr-pide-informes-al-ejecutivo-por-tierras-en-colonia-san-miguel\/","og_locale":"es_ES","og_type":"article","og_title":"El Foro Olavarria- FR pide informes por tierras en Colonia San Miguel","og_description":"El Foro Olavarr\u00eda-FR pide informes al Ejecutivo por tierras en Colonia San Miguel, la iniciativa ser\u00e1 tratada en la pr\u00f3xima sesi\u00f3n","og_url":"https:\/\/experienciadevida.com.ar\/portalurbano\/el-foro-olavarria-fr-pide-informes-al-ejecutivo-por-tierras-en-colonia-san-miguel\/","article_publisher":"https:\/\/www.facebook.com\/Portal-Urbano-171542830093757\/","article_published_time":"2022-03-31T19:58:41+00:00","article_modified_time":"2022-03-31T19:59:02+00:00","og_image":[{"width":1024,"height":684,"url":"https:\/\/experienciadevida.com.ar\/portalurbano\/wp-content\/uploads\/2022\/03\/El-Foro-Olavarria-1.jpeg","type":"image\/jpeg"}],"author":"admpu17wp","twitter_card":"summary_large_image","twitter_creator":"@portalurbanook","twitter_site":"@portalurbanook","twitter_misc":{"Escrito por":"admpu17wp","Tiempo de lectura":"1 minuto"},"schema":{"@context":"https:\/\/schema.org","@graph":[{"@type":"Article","@id":"https:\/\/experienciadevida.com.ar\/portalurbano\/el-foro-olavarria-fr-pide-informes-al-ejecutivo-por-tierras-en-colonia-san-miguel\/#article","isPartOf":{"@id":"https:\/\/experienciadevida.com.ar\/portalurbano\/el-foro-olavarria-fr-pide-informes-al-ejecutivo-por-tierras-en-colonia-san-miguel\/"},"author":{"name":"admpu17wp","@id":"https:\/\/experienciadevida.com.ar\/portalurbano\/#\/schema\/person\/02dd326b1c4b056e9cc972486934a3a7"},"headline":"El Foro Olavarr\u00eda-FR pide informes al Ejecutivo por tierras en Colonia San Miguel","datePublished":"2022-03-31T19:58:41+00:00","dateModified":"2022-03-31T19:59:02+00:00","mainEntityOfPage":{"@id":"https:\/\/experienciadevida.com.ar\/portalurbano\/el-foro-olavarria-fr-pide-informes-al-ejecutivo-por-tierras-en-colonia-san-miguel\/"},"wordCount":223,"publisher":{"@id":"https:\/\/experienciadevida.com.ar\/portalurbano\/#organization"},"articleSection":["Ciudad"],"inLanguage":"es"},{"@type":"WebPage","@id":"https:\/\/experienciadevida.com.ar\/portalurbano\/el-foro-olavarria-fr-pide-informes-al-ejecutivo-por-tierras-en-colonia-san-miguel\/","url":"https:\/\/experienciadevida.com.ar\/portalurbano\/el-foro-olavarria-fr-pide-informes-al-ejecutivo-por-tierras-en-colonia-san-miguel\/","name":"El Foro Olavarria- FR pide informes por tierras en Colonia San Miguel","isPartOf":{"@id":"https:\/\/experienciadevida.com.ar\/portalurbano\/#website"},"datePublished":"2022-03-31T19:58:41+00:00","dateModified":"2022-03-31T19:59:02+00:00","description":"El Foro Olavarr\u00eda-FR pide informes al Ejecutivo por tierras en Colonia San Miguel, la iniciativa ser\u00e1 tratada en la pr\u00f3xima sesi\u00f3n","breadcrumb":{"@id":"https:\/\/experienciadevida.com.ar\/portalurbano\/el-foro-olavarria-fr-pide-informes-al-ejecutivo-por-tierras-en-colonia-san-miguel\/#breadcrumb"},"inLanguage":"es","potentialAction":[{"@type":"ReadAction","target":["https:\/\/experienciadevida.com.ar\/portalurbano\/el-foro-olavarria-fr-pide-informes-al-ejecutivo-por-tierras-en-colonia-san-miguel\/"]}]},{"@type":"BreadcrumbList","@id":"https:\/\/experienciadevida.com.ar\/portalurbano\/el-foro-olavarria-fr-pide-informes-al-ejecutivo-por-tierras-en-colonia-san-miguel\/#breadcrumb","itemListElement":[{"@type":"ListItem","position":1,"name":"Portada","item":"https:\/\/experienciadevida.com.ar\/portalurbano\/"},{"@type":"ListItem","position":2,"name":"El Foro Olavarr\u00eda-FR pide informes al Ejecutivo por tierras en Colonia San Miguel"}]},{"@type":"WebSite","@id":"https:\/\/experienciadevida.com.ar\/portalurbano\/#website","url":"https:\/\/experienciadevida.com.ar\/portalurbano\/","name":"","description":"","publisher":{"@id":"https:\/\/experienciadevida.com.ar\/portalurbano\/#organization"},"potentialAction":[{"@type":"SearchAction","target":{"@type":"EntryPoint","urlTemplate":"https:\/\/experienciadevida.com.ar\/portalurbano\/?s={search_term_string}"},"query-input":"required name=search_term_string"}],"inLanguage":"es"},{"@type":"Organization","@id":"https:\/\/experienciadevida.com.ar\/portalurbano\/#organization","name":"Portal Urbano","url":"https:\/\/experienciadevida.com.ar\/portalurbano\/","logo":{"@type":"ImageObject","inLanguage":"es","@id":"https:\/\/experienciadevida.com.ar\/portalurbano\/#\/schema\/logo\/image\/","url":"https:\/\/experienciadevida.com.ar\/portalurbano\/wp-content\/uploads\/2019\/09\/Logo-Original.png","contentUrl":"https:\/\/experienciadevida.com.ar\/portalurbano\/wp-content\/uploads\/2019\/09\/Logo-Original.png","width":2236,"height":1216,"caption":"Portal Urbano"},"image":{"@id":"https:\/\/experienciadevida.com.ar\/portalurbano\/#\/schema\/logo\/image\/"},"sameAs":["https:\/\/www.facebook.com\/Portal-Urbano-171542830093757\/","https:\/\/twitter.com\/portalurbanook","https:\/\/www.instagram.com\/_portalurbano\/","https:\/\/www.youtube.com\/channel\/UCXhagIfszH8KxFiOok79zbA?view_as=subscriber"]},{"@type":"Person","@id":"https:\/\/experienciadevida.com.ar\/portalurbano\/#\/schema\/person\/02dd326b1c4b056e9cc972486934a3a7","name":"admpu17wp","image":{"@type":"ImageObject","inLanguage":"es","@id":"https:\/\/experienciadevida.com.ar\/portalurbano\/#\/schema\/person\/image\/","url":"https:\/\/secure.gravatar.com\/avatar\/830d4c57adaae6630765e449a6908047?s=96&d=mm&r=g","contentUrl":"https:\/\/secure.gravatar.com\/avatar\/830d4c57adaae6630765e449a6908047?s=96&d=mm&r=g","caption":"admpu17wp"}}]}},"featured_image_urls":{"full":["https:\/\/experienciadevida.com.ar\/portalurbano\/wp-content\/uploads\/2022\/03\/El-Foro-Olavarria-1.jpeg",1024,684,false],"thumbnail":["https:\/\/experienciadevida.com.ar\/portalurbano\/wp-content\/uploads\/2022\/03\/El-Foro-Olavarria-1-150x150.jpeg",150,150,true],"medium":["https:\/\/experienciadevida.com.ar\/portalurbano\/wp-content\/uploads\/2022\/03\/El-Foro-Olavarria-1-300x200.jpeg",300,200,true],"medium_large":["https:\/\/experienciadevida.com.ar\/portalurbano\/wp-content\/uploads\/2022\/03\/El-Foro-Olavarria-1-768x513.jpeg",640,428,true],"large":["https:\/\/experienciadevida.com.ar\/portalurbano\/wp-content\/uploads\/2022\/03\/El-Foro-Olavarria-1.jpeg",640,428,false],"ug_big":["https:\/\/experienciadevida.com.ar\/portalurbano\/wp-content\/uploads\/2022\/03\/El-Foro-Olavarria-1-768x513.jpeg",768,513,true],"1536x1536":["https:\/\/experienciadevida.com.ar\/portalurbano\/wp-content\/uploads\/2022\/03\/El-Foro-Olavarria-1.jpeg",1024,684,false],"2048x2048":["https:\/\/experienciadevida.com.ar\/portalurbano\/wp-content\/uploads\/2022\/03\/El-Foro-Olavarria-1.jpeg",1024,684,false],"newsever-slider-full":["https:\/\/experienciadevida.com.ar\/portalurbano\/wp-content\/uploads\/2022\/03\/El-Foro-Olavarria-1.jpeg",1024,684,false],"newsever-featured":["https:\/\/experienciadevida.com.ar\/portalurbano\/wp-content\/uploads\/2022\/03\/El-Foro-Olavarria-1.jpeg",1024,684,false],"newsever-medium":["https:\/\/experienciadevida.com.ar\/portalurbano\/wp-content\/uploads\/2022\/03\/El-Foro-Olavarria-1.jpeg",711,475,false],"web-stories-poster-portrait":["https:\/\/experienciadevida.com.ar\/portalurbano\/wp-content\/uploads\/2022\/03\/El-Foro-Olavarria-1.jpeg",640,428,false],"web-stories-publisher-logo":["https:\/\/experienciadevida.com.ar\/portalurbano\/wp-content\/uploads\/2022\/03\/El-Foro-Olavarria-1.jpeg",96,64,false],"web-stories-thumbnail":["https:\/\/experienciadevida.com.ar\/portalurbano\/wp-content\/uploads\/2022\/03\/El-Foro-Olavarria-1.jpeg",150,100,false]},"author_info":{"display_name":"admpu17wp","author_link":"https:\/\/experienciadevida.com.ar\/portalurbano\/author\/admpu17wp\/"},"category_info":"<a href=\"https:\/\/experienciadevida.com.ar\/portalurbano\/category\/ciudad\/\" rel=\"category tag\">Ciudad<\/a>","tag_info":"Ciudad","comment_count":"0","amp_enabled":true,"_links":{"self":[{"href":"https:\/\/experienciadevida.com.ar\/portalurbano\/wp-json\/wp\/v2\/posts\/164693"}],"collection":[{"href":"https:\/\/experienciadevida.com.ar\/portalurbano\/wp-json\/wp\/v2\/posts"}],"about":[{"href":"https:\/\/experienciadevida.com.ar\/portalurbano\/wp-json\/wp\/v2\/types\/post"}],"author":[{"embeddable":true,"href":"https:\/\/experienciadevida.com.ar\/portalurbano\/wp-json\/wp\/v2\/users\/1"}],"replies":[{"embeddable":true,"href":"https:\/\/experienciadevida.com.ar\/portalurbano\/wp-json\/wp\/v2\/comments?post=164693"}],"version-history":[{"count":1,"href":"https:\/\/experienciadevida.com.ar\/portalurbano\/wp-json\/wp\/v2\/posts\/164693\/revisions"}],"predecessor-version":[{"id":164695,"href":"https:\/\/experienciadevida.com.ar\/portalurbano\/wp-json\/wp\/v2\/posts\/164693\/revisions\/164695"}],"wp:featuredmedia":[{"embeddable":true,"href":"https:\/\/experienciadevida.com.ar\/portalurbano\/wp-json\/wp\/v2\/media\/164694"}],"wp:attachment":[{"href":"https:\/\/experienciadevida.com.ar\/portalurbano\/wp-json\/wp\/v2\/media?parent=164693"}],"wp:term":[{"taxonomy":"category","embeddable":true,"href":"https:\/\/experienciadevida.com.ar\/portalurbano\/wp-json\/wp\/v2\/categories?post=164693"},{"taxonomy":"post_tag","embeddable":true,"href":"https:\/\/experienciadevida.com.ar\/portalurbano\/wp-json\/wp\/v2\/tags?post=164693"}],"curies":[{"name":"wp","href":"https:\/\/api.w.org\/{rel}","templated":true}]}}