{"id":164622,"date":"2022-03-30T18:35:58","date_gmt":"2022-03-30T21:35:58","guid":{"rendered":"https:\/\/experienciadevida.com.ar\/portalurbano\/?p=164622"},"modified":"2022-03-30T18:36:32","modified_gmt":"2022-03-30T21:36:32","slug":"un-compromiso-ineludible-con-la-educacion-por-la-inclusion-galli-visito-la-casa-de-helen","status":"publish","type":"post","link":"https:\/\/experienciadevida.com.ar\/portalurbano\/un-compromiso-ineludible-con-la-educacion-por-la-inclusion-galli-visito-la-casa-de-helen\/","title":{"rendered":"Un compromiso ineludible con la educaci\u00f3n por la inclusi\u00f3n: Galli visit\u00f3 la Casa de Helen"},"content":{"rendered":"<p>Un compromiso ineludible con la educaci\u00f3n por la inclusi\u00f3n: <a href=\"https:\/\/www.facebook.com\/galliezequiel\">Galli<\/a> visit\u00f3 la Casa de Helen, que funciona en Aguilar 1847.<\/p>\n<p><a href=\"https:\/\/experienciadevida.com.ar\/portalurbano\/un-compromiso-ineludible-con-la-educacion-por-la-inclusion-galli-visito-la-casa-de-helen\/un-2\/\" rel=\"attachment wp-att-164624\"><img decoding=\"async\" class=\"alignnone size-large wp-image-164624\" src=\"https:\/\/experienciadevida.com.ar\/portalurbano\/wp-content\/uploads\/2022\/03\/Un-1-1024x684.jpg\" alt=\"Un \" width=\"900\" height=\"601\" srcset=\"https:\/\/experienciadevida.com.ar\/portalurbano\/wp-content\/uploads\/2022\/03\/Un-1-1024x684.jpg 1024w, https:\/\/experienciadevida.com.ar\/portalurbano\/wp-content\/uploads\/2022\/03\/Un-1-300x201.jpg 300w, https:\/\/experienciadevida.com.ar\/portalurbano\/wp-content\/uploads\/2022\/03\/Un-1-768x513.jpg 768w, https:\/\/experienciadevida.com.ar\/portalurbano\/wp-content\/uploads\/2022\/03\/Un-1-1536x1027.jpg 1536w, https:\/\/experienciadevida.com.ar\/portalurbano\/wp-content\/uploads\/2022\/03\/Un-1-2048x1369.jpg 2048w\" sizes=\"(max-width: 900px) 100vw, 900px\" \/><\/a><\/p>\n<p>Durante la recorrida por los talleres que all\u00ed se llevan a cabo, Galli estuvo acompa\u00f1ado por los secretarios de Desarrollo Humano y Calidad de Vida Diego Robbiani y de Mantenimiento y Obras P\u00fablicas Julio Ferraro.<\/p>\n<p>All\u00ed fueron recibidos por la directora del establecimiento, Julieta Schwab y dem\u00e1s integrantes del equipo de trabajo, que a diario desempe\u00f1a una importante labor en materia de inclusi\u00f3n de personas con discapacidad y acompa\u00f1amiento para con las familias.<\/p>\n<p>En este sentido, el intendente Galli ratific\u00f3 su compromiso de continuar ayudando y brindar su respaldo desde la gesti\u00f3n para este tipo de instituciones que tanto trabajan por el bien de la comunidad.<\/p>\n<p>En Casa de Helen se desarrollan diferentes talleres de formaci\u00f3n, tales como Auxiliar de Cocina, Producci\u00f3n de Artesan\u00edas en Cer\u00e1mica y Dise\u00f1o y Estampado.<\/p>\n<p>Asimismo, los estudiantes participan de espacios pedag\u00f3gicos, de educaci\u00f3n f\u00edsica y otras actividades, en diferentes instituciones de la ciudad, pr\u00e1cticas formativas en ambientes reales de trabajo y pasant\u00edas.<\/p>\n<p>Desde 2011 el espacio funciona de forma totalmente independiente, con el objetivo de garantizar la continuidad escolar de los estudiantes que finalizan la educaci\u00f3n primaria en Helen Keller.<\/p>\n<p>En la actualidad las instituciones funcionan como una unidad acad\u00e9mica, brindando en el Instituto Helen Keller la escolaridad primaria de Educaci\u00f3n Especial, y en el Centro de Formaci\u00f3n Integral la escolaridad secundaria de la modalidad.<\/p>\n<p>Como aporte, el Municipio destin\u00f3 los fondos para realizar la obra de divisi\u00f3n de aulas en el Sal\u00f3n de Usos M\u00faltiples del establecimiento para generar espacios independientes.<\/p>\n<p>La construcci\u00f3n se realiz\u00f3 con tabiques de placas tipo durlock y estructura de perfiles de chapa galvanizada y adem\u00e1s incluy\u00f3 la provisi\u00f3n y colocaci\u00f3n de puerta de paso.<\/p>\n<p>Con esta intervenci\u00f3n se ampli\u00f3 la capacidad de los espacios dedicados a la ense\u00f1anza (salones) y para el equipo t\u00e9cnico, que desde el a\u00f1o 2008 no contaba con un gabinete adecuado.<\/p>\n<p><a href=\"https:\/\/experienciadevida.com.ar\/portalurbano\/un-compromiso-ineludible-con-la-educacion-por-la-inclusion-galli-visito-la-casa-de-helen\/compromiso\/\" rel=\"attachment wp-att-164625\"><img decoding=\"async\" class=\"alignnone size-large wp-image-164625\" src=\"https:\/\/experienciadevida.com.ar\/portalurbano\/wp-content\/uploads\/2022\/03\/compromiso-1024x684.jpg\" alt=\"compromiso \" width=\"900\" height=\"601\" srcset=\"https:\/\/experienciadevida.com.ar\/portalurbano\/wp-content\/uploads\/2022\/03\/compromiso-1024x684.jpg 1024w, https:\/\/experienciadevida.com.ar\/portalurbano\/wp-content\/uploads\/2022\/03\/compromiso-300x201.jpg 300w, https:\/\/experienciadevida.com.ar\/portalurbano\/wp-content\/uploads\/2022\/03\/compromiso-768x513.jpg 768w, https:\/\/experienciadevida.com.ar\/portalurbano\/wp-content\/uploads\/2022\/03\/compromiso-1536x1027.jpg 1536w, https:\/\/experienciadevida.com.ar\/portalurbano\/wp-content\/uploads\/2022\/03\/compromiso-2048x1369.jpg 2048w\" sizes=\"(max-width: 900px) 100vw, 900px\" \/><\/a><\/p>\n","protected":false},"excerpt":{"rendered":"<p>Un compromiso ineludible con la educaci\u00f3n por la inclusi\u00f3n: Galli visit\u00f3 la Casa de Helen,&#8230;<\/p>\n","protected":false},"author":1,"featured_media":164623,"comment_status":"closed","ping_status":"closed","sticky":false,"template":"","format":"standard","meta":{"content-type":""},"categories":[27],"tags":[],"nelio_content":{"isAutoShareEnabled":false,"autoShareEndMode":"default","automationSources":{"useContentSentences":true,"useSocialTemplates":true,"useCustomSentences":false,"customSentences":[]},"followers":[1],"suggestedReferences":[],"includedReferences":[],"efiUrl":"","efiAlt":"","highlights":[]},"yoast_head":"<!-- This site is optimized with the Yoast SEO plugin v20.7 - https:\/\/yoast.com\/wordpress\/plugins\/seo\/ -->\n<title>Un compromiso ineludible con la educaci\u00f3n por la inclusi\u00f3n<\/title>\n<meta name=\"description\" content=\"Un compromiso ineludible con la educaci\u00f3n por la inclusi\u00f3n: Galli visit\u00f3 la Casa de Helen, que funciona en Aguilar 1847.\" \/>\n<meta name=\"robots\" content=\"index, follow, max-snippet:-1, max-image-preview:large, max-video-preview:-1\" \/>\n<link rel=\"canonical\" href=\"https:\/\/experienciadevida.com.ar\/portalurbano\/un-compromiso-ineludible-con-la-educacion-por-la-inclusion-galli-visito-la-casa-de-helen\/\" \/>\n<meta property=\"og:locale\" content=\"es_ES\" \/>\n<meta property=\"og:type\" content=\"article\" \/>\n<meta property=\"og:title\" content=\"Un compromiso ineludible con la educaci\u00f3n por la inclusi\u00f3n\" \/>\n<meta property=\"og:description\" content=\"Un compromiso ineludible con la educaci\u00f3n por la inclusi\u00f3n: Galli visit\u00f3 la Casa de Helen, que funciona en Aguilar 1847.\" \/>\n<meta property=\"og:url\" content=\"https:\/\/experienciadevida.com.ar\/portalurbano\/un-compromiso-ineludible-con-la-educacion-por-la-inclusion-galli-visito-la-casa-de-helen\/\" \/>\n<meta property=\"article:publisher\" content=\"https:\/\/www.facebook.com\/Portal-Urbano-171542830093757\/\" \/>\n<meta property=\"article:published_time\" content=\"2022-03-30T21:35:58+00:00\" \/>\n<meta property=\"article:modified_time\" content=\"2022-03-30T21:36:32+00:00\" \/>\n<meta property=\"og:image\" content=\"https:\/\/experienciadevida.com.ar\/portalurbano\/wp-content\/uploads\/2022\/03\/Un-compromiso-ineludible-con-e1648676046550.jpg\" \/>\n\t<meta property=\"og:image:width\" content=\"765\" \/>\n\t<meta property=\"og:image:height\" content=\"511\" \/>\n\t<meta property=\"og:image:type\" content=\"image\/jpeg\" \/>\n<meta name=\"author\" content=\"admpu17wp\" \/>\n<meta name=\"twitter:card\" content=\"summary_large_image\" \/>\n<meta name=\"twitter:creator\" content=\"@portalurbanook\" \/>\n<meta name=\"twitter:site\" content=\"@portalurbanook\" \/>\n<meta name=\"twitter:label1\" content=\"Escrito por\" \/>\n\t<meta name=\"twitter:data1\" content=\"admpu17wp\" \/>\n\t<meta name=\"twitter:label2\" content=\"Tiempo de lectura\" \/>\n\t<meta name=\"twitter:data2\" content=\"2 minutos\" \/>\n<script type=\"application\/ld+json\" class=\"yoast-schema-graph\">{\"@context\":\"https:\/\/schema.org\",\"@graph\":[{\"@type\":\"Article\",\"@id\":\"https:\/\/experienciadevida.com.ar\/portalurbano\/un-compromiso-ineludible-con-la-educacion-por-la-inclusion-galli-visito-la-casa-de-helen\/#article\",\"isPartOf\":{\"@id\":\"https:\/\/experienciadevida.com.ar\/portalurbano\/un-compromiso-ineludible-con-la-educacion-por-la-inclusion-galli-visito-la-casa-de-helen\/\"},\"author\":{\"name\":\"admpu17wp\",\"@id\":\"https:\/\/experienciadevida.com.ar\/portalurbano\/#\/schema\/person\/02dd326b1c4b056e9cc972486934a3a7\"},\"headline\":\"Un compromiso ineludible con la educaci\u00f3n por la inclusi\u00f3n: Galli visit\u00f3 la Casa de Helen\",\"datePublished\":\"2022-03-30T21:35:58+00:00\",\"dateModified\":\"2022-03-30T21:36:32+00:00\",\"mainEntityOfPage\":{\"@id\":\"https:\/\/experienciadevida.com.ar\/portalurbano\/un-compromiso-ineludible-con-la-educacion-por-la-inclusion-galli-visito-la-casa-de-helen\/\"},\"wordCount\":375,\"publisher\":{\"@id\":\"https:\/\/experienciadevida.com.ar\/portalurbano\/#organization\"},\"articleSection\":[\"Ciudad\"],\"inLanguage\":\"es\"},{\"@type\":\"WebPage\",\"@id\":\"https:\/\/experienciadevida.com.ar\/portalurbano\/un-compromiso-ineludible-con-la-educacion-por-la-inclusion-galli-visito-la-casa-de-helen\/\",\"url\":\"https:\/\/experienciadevida.com.ar\/portalurbano\/un-compromiso-ineludible-con-la-educacion-por-la-inclusion-galli-visito-la-casa-de-helen\/\",\"name\":\"Un compromiso ineludible con la educaci\u00f3n por la inclusi\u00f3n\",\"isPartOf\":{\"@id\":\"https:\/\/experienciadevida.com.ar\/portalurbano\/#website\"},\"datePublished\":\"2022-03-30T21:35:58+00:00\",\"dateModified\":\"2022-03-30T21:36:32+00:00\",\"description\":\"Un compromiso ineludible con la educaci\u00f3n por la inclusi\u00f3n: Galli visit\u00f3 la Casa de Helen, que funciona en Aguilar 1847.\",\"breadcrumb\":{\"@id\":\"https:\/\/experienciadevida.com.ar\/portalurbano\/un-compromiso-ineludible-con-la-educacion-por-la-inclusion-galli-visito-la-casa-de-helen\/#breadcrumb\"},\"inLanguage\":\"es\",\"potentialAction\":[{\"@type\":\"ReadAction\",\"target\":[\"https:\/\/experienciadevida.com.ar\/portalurbano\/un-compromiso-ineludible-con-la-educacion-por-la-inclusion-galli-visito-la-casa-de-helen\/\"]}]},{\"@type\":\"BreadcrumbList\",\"@id\":\"https:\/\/experienciadevida.com.ar\/portalurbano\/un-compromiso-ineludible-con-la-educacion-por-la-inclusion-galli-visito-la-casa-de-helen\/#breadcrumb\",\"itemListElement\":[{\"@type\":\"ListItem\",\"position\":1,\"name\":\"Portada\",\"item\":\"https:\/\/experienciadevida.com.ar\/portalurbano\/\"},{\"@type\":\"ListItem\",\"position\":2,\"name\":\"Un compromiso ineludible con la educaci\u00f3n por la inclusi\u00f3n: Galli visit\u00f3 la Casa de Helen\"}]},{\"@type\":\"WebSite\",\"@id\":\"https:\/\/experienciadevida.com.ar\/portalurbano\/#website\",\"url\":\"https:\/\/experienciadevida.com.ar\/portalurbano\/\",\"name\":\"\",\"description\":\"\",\"publisher\":{\"@id\":\"https:\/\/experienciadevida.com.ar\/portalurbano\/#organization\"},\"potentialAction\":[{\"@type\":\"SearchAction\",\"target\":{\"@type\":\"EntryPoint\",\"urlTemplate\":\"https:\/\/experienciadevida.com.ar\/portalurbano\/?s={search_term_string}\"},\"query-input\":\"required name=search_term_string\"}],\"inLanguage\":\"es\"},{\"@type\":\"Organization\",\"@id\":\"https:\/\/experienciadevida.com.ar\/portalurbano\/#organization\",\"name\":\"Portal Urbano\",\"url\":\"https:\/\/experienciadevida.com.ar\/portalurbano\/\",\"logo\":{\"@type\":\"ImageObject\",\"inLanguage\":\"es\",\"@id\":\"https:\/\/experienciadevida.com.ar\/portalurbano\/#\/schema\/logo\/image\/\",\"url\":\"https:\/\/experienciadevida.com.ar\/portalurbano\/wp-content\/uploads\/2019\/09\/Logo-Original.png\",\"contentUrl\":\"https:\/\/experienciadevida.com.ar\/portalurbano\/wp-content\/uploads\/2019\/09\/Logo-Original.png\",\"width\":2236,\"height\":1216,\"caption\":\"Portal Urbano\"},\"image\":{\"@id\":\"https:\/\/experienciadevida.com.ar\/portalurbano\/#\/schema\/logo\/image\/\"},\"sameAs\":[\"https:\/\/www.facebook.com\/Portal-Urbano-171542830093757\/\",\"https:\/\/twitter.com\/portalurbanook\",\"https:\/\/www.instagram.com\/_portalurbano\/\",\"https:\/\/www.youtube.com\/channel\/UCXhagIfszH8KxFiOok79zbA?view_as=subscriber\"]},{\"@type\":\"Person\",\"@id\":\"https:\/\/experienciadevida.com.ar\/portalurbano\/#\/schema\/person\/02dd326b1c4b056e9cc972486934a3a7\",\"name\":\"admpu17wp\",\"image\":{\"@type\":\"ImageObject\",\"inLanguage\":\"es\",\"@id\":\"https:\/\/experienciadevida.com.ar\/portalurbano\/#\/schema\/person\/image\/\",\"url\":\"https:\/\/secure.gravatar.com\/avatar\/830d4c57adaae6630765e449a6908047?s=96&d=mm&r=g\",\"contentUrl\":\"https:\/\/secure.gravatar.com\/avatar\/830d4c57adaae6630765e449a6908047?s=96&d=mm&r=g\",\"caption\":\"admpu17wp\"}}]}<\/script>\n<!-- \/ Yoast SEO plugin. -->","yoast_head_json":{"title":"Un compromiso ineludible con la educaci\u00f3n por la inclusi\u00f3n","description":"Un compromiso ineludible con la educaci\u00f3n por la inclusi\u00f3n: Galli visit\u00f3 la Casa de Helen, que funciona en Aguilar 1847.","robots":{"index":"index","follow":"follow","max-snippet":"max-snippet:-1","max-image-preview":"max-image-preview:large","max-video-preview":"max-video-preview:-1"},"canonical":"https:\/\/experienciadevida.com.ar\/portalurbano\/un-compromiso-ineludible-con-la-educacion-por-la-inclusion-galli-visito-la-casa-de-helen\/","og_locale":"es_ES","og_type":"article","og_title":"Un compromiso ineludible con la educaci\u00f3n por la inclusi\u00f3n","og_description":"Un compromiso ineludible con la educaci\u00f3n por la inclusi\u00f3n: Galli visit\u00f3 la Casa de Helen, que funciona en Aguilar 1847.","og_url":"https:\/\/experienciadevida.com.ar\/portalurbano\/un-compromiso-ineludible-con-la-educacion-por-la-inclusion-galli-visito-la-casa-de-helen\/","article_publisher":"https:\/\/www.facebook.com\/Portal-Urbano-171542830093757\/","article_published_time":"2022-03-30T21:35:58+00:00","article_modified_time":"2022-03-30T21:36:32+00:00","og_image":[{"width":765,"height":511,"url":"https:\/\/experienciadevida.com.ar\/portalurbano\/wp-content\/uploads\/2022\/03\/Un-compromiso-ineludible-con-e1648676046550.jpg","type":"image\/jpeg"}],"author":"admpu17wp","twitter_card":"summary_large_image","twitter_creator":"@portalurbanook","twitter_site":"@portalurbanook","twitter_misc":{"Escrito por":"admpu17wp","Tiempo de lectura":"2 minutos"},"schema":{"@context":"https:\/\/schema.org","@graph":[{"@type":"Article","@id":"https:\/\/experienciadevida.com.ar\/portalurbano\/un-compromiso-ineludible-con-la-educacion-por-la-inclusion-galli-visito-la-casa-de-helen\/#article","isPartOf":{"@id":"https:\/\/experienciadevida.com.ar\/portalurbano\/un-compromiso-ineludible-con-la-educacion-por-la-inclusion-galli-visito-la-casa-de-helen\/"},"author":{"name":"admpu17wp","@id":"https:\/\/experienciadevida.com.ar\/portalurbano\/#\/schema\/person\/02dd326b1c4b056e9cc972486934a3a7"},"headline":"Un compromiso ineludible con la educaci\u00f3n por la inclusi\u00f3n: Galli visit\u00f3 la Casa de Helen","datePublished":"2022-03-30T21:35:58+00:00","dateModified":"2022-03-30T21:36:32+00:00","mainEntityOfPage":{"@id":"https:\/\/experienciadevida.com.ar\/portalurbano\/un-compromiso-ineludible-con-la-educacion-por-la-inclusion-galli-visito-la-casa-de-helen\/"},"wordCount":375,"publisher":{"@id":"https:\/\/experienciadevida.com.ar\/portalurbano\/#organization"},"articleSection":["Ciudad"],"inLanguage":"es"},{"@type":"WebPage","@id":"https:\/\/experienciadevida.com.ar\/portalurbano\/un-compromiso-ineludible-con-la-educacion-por-la-inclusion-galli-visito-la-casa-de-helen\/","url":"https:\/\/experienciadevida.com.ar\/portalurbano\/un-compromiso-ineludible-con-la-educacion-por-la-inclusion-galli-visito-la-casa-de-helen\/","name":"Un compromiso ineludible con la educaci\u00f3n por la inclusi\u00f3n","isPartOf":{"@id":"https:\/\/experienciadevida.com.ar\/portalurbano\/#website"},"datePublished":"2022-03-30T21:35:58+00:00","dateModified":"2022-03-30T21:36:32+00:00","description":"Un compromiso ineludible con la educaci\u00f3n por la inclusi\u00f3n: Galli visit\u00f3 la Casa de Helen, que funciona en Aguilar 1847.","breadcrumb":{"@id":"https:\/\/experienciadevida.com.ar\/portalurbano\/un-compromiso-ineludible-con-la-educacion-por-la-inclusion-galli-visito-la-casa-de-helen\/#breadcrumb"},"inLanguage":"es","potentialAction":[{"@type":"ReadAction","target":["https:\/\/experienciadevida.com.ar\/portalurbano\/un-compromiso-ineludible-con-la-educacion-por-la-inclusion-galli-visito-la-casa-de-helen\/"]}]},{"@type":"BreadcrumbList","@id":"https:\/\/experienciadevida.com.ar\/portalurbano\/un-compromiso-ineludible-con-la-educacion-por-la-inclusion-galli-visito-la-casa-de-helen\/#breadcrumb","itemListElement":[{"@type":"ListItem","position":1,"name":"Portada","item":"https:\/\/experienciadevida.com.ar\/portalurbano\/"},{"@type":"ListItem","position":2,"name":"Un compromiso ineludible con la educaci\u00f3n por la inclusi\u00f3n: Galli visit\u00f3 la Casa de Helen"}]},{"@type":"WebSite","@id":"https:\/\/experienciadevida.com.ar\/portalurbano\/#website","url":"https:\/\/experienciadevida.com.ar\/portalurbano\/","name":"","description":"","publisher":{"@id":"https:\/\/experienciadevida.com.ar\/portalurbano\/#organization"},"potentialAction":[{"@type":"SearchAction","target":{"@type":"EntryPoint","urlTemplate":"https:\/\/experienciadevida.com.ar\/portalurbano\/?s={search_term_string}"},"query-input":"required name=search_term_string"}],"inLanguage":"es"},{"@type":"Organization","@id":"https:\/\/experienciadevida.com.ar\/portalurbano\/#organization","name":"Portal Urbano","url":"https:\/\/experienciadevida.com.ar\/portalurbano\/","logo":{"@type":"ImageObject","inLanguage":"es","@id":"https:\/\/experienciadevida.com.ar\/portalurbano\/#\/schema\/logo\/image\/","url":"https:\/\/experienciadevida.com.ar\/portalurbano\/wp-content\/uploads\/2019\/09\/Logo-Original.png","contentUrl":"https:\/\/experienciadevida.com.ar\/portalurbano\/wp-content\/uploads\/2019\/09\/Logo-Original.png","width":2236,"height":1216,"caption":"Portal Urbano"},"image":{"@id":"https:\/\/experienciadevida.com.ar\/portalurbano\/#\/schema\/logo\/image\/"},"sameAs":["https:\/\/www.facebook.com\/Portal-Urbano-171542830093757\/","https:\/\/twitter.com\/portalurbanook","https:\/\/www.instagram.com\/_portalurbano\/","https:\/\/www.youtube.com\/channel\/UCXhagIfszH8KxFiOok79zbA?view_as=subscriber"]},{"@type":"Person","@id":"https:\/\/experienciadevida.com.ar\/portalurbano\/#\/schema\/person\/02dd326b1c4b056e9cc972486934a3a7","name":"admpu17wp","image":{"@type":"ImageObject","inLanguage":"es","@id":"https:\/\/experienciadevida.com.ar\/portalurbano\/#\/schema\/person\/image\/","url":"https:\/\/secure.gravatar.com\/avatar\/830d4c57adaae6630765e449a6908047?s=96&d=mm&r=g","contentUrl":"https:\/\/secure.gravatar.com\/avatar\/830d4c57adaae6630765e449a6908047?s=96&d=mm&r=g","caption":"admpu17wp"}}]}},"featured_image_urls":{"full":["https:\/\/experienciadevida.com.ar\/portalurbano\/wp-content\/uploads\/2022\/03\/Un-compromiso-ineludible-con-e1648676046550.jpg",765,511,false],"thumbnail":["https:\/\/experienciadevida.com.ar\/portalurbano\/wp-content\/uploads\/2022\/03\/Un-compromiso-ineludible-con-150x150.jpg",150,150,true],"medium":["https:\/\/experienciadevida.com.ar\/portalurbano\/wp-content\/uploads\/2022\/03\/Un-compromiso-ineludible-con-300x201.jpg",300,201,true],"medium_large":["https:\/\/experienciadevida.com.ar\/portalurbano\/wp-content\/uploads\/2022\/03\/Un-compromiso-ineludible-con-768x513.jpg",640,428,true],"large":["https:\/\/experienciadevida.com.ar\/portalurbano\/wp-content\/uploads\/2022\/03\/Un-compromiso-ineludible-con-1024x684.jpg",640,428,true],"ug_big":["https:\/\/experienciadevida.com.ar\/portalurbano\/wp-content\/uploads\/2022\/03\/Un-compromiso-ineludible-con-768x513.jpg",768,513,true],"1536x1536":["https:\/\/experienciadevida.com.ar\/portalurbano\/wp-content\/uploads\/2022\/03\/Un-compromiso-ineludible-con-1536x1027.jpg",1536,1027,true],"2048x2048":["https:\/\/experienciadevida.com.ar\/portalurbano\/wp-content\/uploads\/2022\/03\/Un-compromiso-ineludible-con-2048x1369.jpg",2048,1369,true],"newsever-slider-full":["https:\/\/experienciadevida.com.ar\/portalurbano\/wp-content\/uploads\/2022\/03\/Un-compromiso-ineludible-con-e1648676046550.jpg",765,511,false],"newsever-featured":["https:\/\/experienciadevida.com.ar\/portalurbano\/wp-content\/uploads\/2022\/03\/Un-compromiso-ineludible-con-e1648676046550.jpg",765,511,false],"newsever-medium":["https:\/\/experienciadevida.com.ar\/portalurbano\/wp-content\/uploads\/2022\/03\/Un-compromiso-ineludible-con-e1648676046550.jpg",711,475,false],"web-stories-poster-portrait":["https:\/\/experienciadevida.com.ar\/portalurbano\/wp-content\/uploads\/2022\/03\/Un-compromiso-ineludible-con-e1648676046550.jpg",640,428,false],"web-stories-publisher-logo":["https:\/\/experienciadevida.com.ar\/portalurbano\/wp-content\/uploads\/2022\/03\/Un-compromiso-ineludible-con-e1648676046550.jpg",96,64,false],"web-stories-thumbnail":["https:\/\/experienciadevida.com.ar\/portalurbano\/wp-content\/uploads\/2022\/03\/Un-compromiso-ineludible-con-e1648676046550.jpg",150,100,false]},"author_info":{"display_name":"admpu17wp","author_link":"https:\/\/experienciadevida.com.ar\/portalurbano\/author\/admpu17wp\/"},"category_info":"<a href=\"https:\/\/experienciadevida.com.ar\/portalurbano\/category\/ciudad\/\" rel=\"category tag\">Ciudad<\/a>","tag_info":"Ciudad","comment_count":"0","amp_enabled":true,"_links":{"self":[{"href":"https:\/\/experienciadevida.com.ar\/portalurbano\/wp-json\/wp\/v2\/posts\/164622"}],"collection":[{"href":"https:\/\/experienciadevida.com.ar\/portalurbano\/wp-json\/wp\/v2\/posts"}],"about":[{"href":"https:\/\/experienciadevida.com.ar\/portalurbano\/wp-json\/wp\/v2\/types\/post"}],"author":[{"embeddable":true,"href":"https:\/\/experienciadevida.com.ar\/portalurbano\/wp-json\/wp\/v2\/users\/1"}],"replies":[{"embeddable":true,"href":"https:\/\/experienciadevida.com.ar\/portalurbano\/wp-json\/wp\/v2\/comments?post=164622"}],"version-history":[{"count":3,"href":"https:\/\/experienciadevida.com.ar\/portalurbano\/wp-json\/wp\/v2\/posts\/164622\/revisions"}],"predecessor-version":[{"id":164628,"href":"https:\/\/experienciadevida.com.ar\/portalurbano\/wp-json\/wp\/v2\/posts\/164622\/revisions\/164628"}],"wp:featuredmedia":[{"embeddable":true,"href":"https:\/\/experienciadevida.com.ar\/portalurbano\/wp-json\/wp\/v2\/media\/164623"}],"wp:attachment":[{"href":"https:\/\/experienciadevida.com.ar\/portalurbano\/wp-json\/wp\/v2\/media?parent=164622"}],"wp:term":[{"taxonomy":"category","embeddable":true,"href":"https:\/\/experienciadevida.com.ar\/portalurbano\/wp-json\/wp\/v2\/categories?post=164622"},{"taxonomy":"post_tag","embeddable":true,"href":"https:\/\/experienciadevida.com.ar\/portalurbano\/wp-json\/wp\/v2\/tags?post=164622"}],"curies":[{"name":"wp","href":"https:\/\/api.w.org\/{rel}","templated":true}]}}