{"id":164616,"date":"2022-03-30T18:24:07","date_gmt":"2022-03-30T21:24:07","guid":{"rendered":"https:\/\/experienciadevida.com.ar\/portalurbano\/?p=164616"},"modified":"2022-03-30T18:25:37","modified_gmt":"2022-03-30T21:25:37","slug":"los-datos-van-a-la-escuela-proyecto-2022","status":"publish","type":"post","link":"https:\/\/experienciadevida.com.ar\/portalurbano\/los-datos-van-a-la-escuela-proyecto-2022\/","title":{"rendered":"\u201cLos datos van a la escuela: proyecto 2022\u201d"},"content":{"rendered":"<p>\u201cLos datos van a la escuela: proyecto 2022\u201d, la Subsecretar\u00eda de Modernizaci\u00f3n invita a instituciones educativas de nivel secundario y superior a participar del taller \u00abLos datos van a la escuela. Proyecto 2022\u00bb.<\/p>\n<p>Se pretende establecer la cultura de Datos Abiertos y el Acceso a la Informaci\u00f3n P\u00fablica entre los m\u00e1s j\u00f3venes.<\/p>\n<p>Este taller sobre datos abiertos, tiene como objetivo presentar ejemplos de datos que se encuentran ya publicados en Portal de Gobierno Abierto (https:\/\/gobiernoabierto.olavarria.gov.ar\/) y de recabar y conversar sobre las inquietudes que se manifiesten desde las escuelas, tanto las que existan de manera anticipada, como las que puedan surgir en el transcurso del encuentro.<\/p>\n<p>A continuaci\u00f3n se detalla el listado de tem\u00e1ticas a abordar.<\/p>\n<p>Generaci\u00f3n (recolecci\u00f3n) procesamiento, consistencia y validez de los datos.<br \/>\nDiferencia entre Datos P\u00fablicos y Datos personales privados<br \/>\nDatos Abiertos y Acceso a la Informaci\u00f3n P\u00fablica (transparencia activa y transparencia pasiva)<br \/>\nParticipaci\u00f3n ciudadana<br \/>\nVisualizaciones e interpretaciones (miner\u00eda de datos).<br \/>\nLas instituciones interesadas en participar, podr\u00e1n comunicarse con la Subsecretar\u00eda de Modernizaci\u00f3n a trav\u00e9s de los siguientes contactos: gobierno.abierto@olavarria.gov.ar. Tel. 422135\/422195 (Interno 105).<\/p>\n<p>Cabe destacar que, en la \u00faltima d\u00e9cada la gesti\u00f3n p\u00fablica, en todos los niveles gubernamentales, ha profundizado el trabajo basado en la transparencia y la apertura de datos: es decir, se han puesto a disposici\u00f3n de los ciudadanos datos que el gobierno y las organizaciones generan.<\/p>\n<p>Bajo la premisa que, cuando los ciudadanos est\u00e1n en poder de los datos, est\u00e1n mejor capacitados para la toma de decisiones a nivel individual y colectivo, el Municipio de Olavarr\u00eda comenz\u00f3 hace cinco a\u00f1os el recorrido de la apertura de datos y el acceso a la informaci\u00f3n p\u00fablica, hecho que permite que, en la actualidad, sea uno de los referentes nacionales en la materia.<\/p>\n<p>Esta propuesta surge de la necesidad de analizar en forma conjunta con las nuevas generaciones, las oportunidades que la disponibilidad de informaci\u00f3n representa para la toma de decisiones y la creaci\u00f3n de pol\u00edticas p\u00fablicas.<\/p>\n","protected":false},"excerpt":{"rendered":"<p>\u201cLos datos van a la escuela: proyecto 2022\u201d, la Subsecretar\u00eda de Modernizaci\u00f3n invita a instituciones&#8230;<\/p>\n","protected":false},"author":1,"featured_media":164617,"comment_status":"closed","ping_status":"closed","sticky":false,"template":"","format":"standard","meta":{"content-type":""},"categories":[27],"tags":[],"nelio_content":{"isAutoShareEnabled":false,"autoShareEndMode":"default","automationSources":{"useContentSentences":true,"useSocialTemplates":true,"useCustomSentences":false,"customSentences":[]},"followers":[1],"suggestedReferences":[],"includedReferences":[],"efiUrl":"","efiAlt":"","highlights":[]},"yoast_head":"<!-- This site is optimized with the Yoast SEO plugin v20.7 - https:\/\/yoast.com\/wordpress\/plugins\/seo\/ -->\n<title>&quot;Los datos van a la escuela: proyecto 2022&quot;<\/title>\n<meta name=\"description\" content=\"\u201cLos datos van a la escuela: proyecto 2022\u201d, la Subsecretar\u00eda de Modernizaci\u00f3n invita a instituciones educativas de nivel secundario\" \/>\n<meta name=\"robots\" content=\"index, follow, max-snippet:-1, max-image-preview:large, max-video-preview:-1\" \/>\n<link rel=\"canonical\" href=\"https:\/\/experienciadevida.com.ar\/portalurbano\/los-datos-van-a-la-escuela-proyecto-2022\/\" \/>\n<meta property=\"og:locale\" content=\"es_ES\" \/>\n<meta property=\"og:type\" content=\"article\" \/>\n<meta property=\"og:title\" content=\"&quot;Los datos van a la escuela: proyecto 2022&quot;\" \/>\n<meta property=\"og:description\" content=\"\u201cLos datos van a la escuela: proyecto 2022\u201d, la Subsecretar\u00eda de Modernizaci\u00f3n invita a instituciones educativas de nivel secundario\" \/>\n<meta property=\"og:url\" content=\"https:\/\/experienciadevida.com.ar\/portalurbano\/los-datos-van-a-la-escuela-proyecto-2022\/\" \/>\n<meta property=\"article:publisher\" content=\"https:\/\/www.facebook.com\/Portal-Urbano-171542830093757\/\" \/>\n<meta property=\"article:published_time\" content=\"2022-03-30T21:24:07+00:00\" \/>\n<meta property=\"article:modified_time\" content=\"2022-03-30T21:25:37+00:00\" \/>\n<meta property=\"og:image\" content=\"https:\/\/experienciadevida.com.ar\/portalurbano\/wp-content\/uploads\/2022\/03\/Los-datos-van-a.jpg\" \/>\n\t<meta property=\"og:image:width\" content=\"1024\" \/>\n\t<meta property=\"og:image:height\" content=\"683\" \/>\n\t<meta property=\"og:image:type\" content=\"image\/jpeg\" \/>\n<meta name=\"author\" content=\"admpu17wp\" \/>\n<meta name=\"twitter:card\" content=\"summary_large_image\" \/>\n<meta name=\"twitter:creator\" content=\"@portalurbanook\" \/>\n<meta name=\"twitter:site\" content=\"@portalurbanook\" \/>\n<meta name=\"twitter:label1\" content=\"Escrito por\" \/>\n\t<meta name=\"twitter:data1\" content=\"admpu17wp\" \/>\n\t<meta name=\"twitter:label2\" content=\"Tiempo de lectura\" \/>\n\t<meta name=\"twitter:data2\" content=\"2 minutos\" \/>\n<script type=\"application\/ld+json\" class=\"yoast-schema-graph\">{\"@context\":\"https:\/\/schema.org\",\"@graph\":[{\"@type\":\"Article\",\"@id\":\"https:\/\/experienciadevida.com.ar\/portalurbano\/los-datos-van-a-la-escuela-proyecto-2022\/#article\",\"isPartOf\":{\"@id\":\"https:\/\/experienciadevida.com.ar\/portalurbano\/los-datos-van-a-la-escuela-proyecto-2022\/\"},\"author\":{\"name\":\"admpu17wp\",\"@id\":\"https:\/\/experienciadevida.com.ar\/portalurbano\/#\/schema\/person\/02dd326b1c4b056e9cc972486934a3a7\"},\"headline\":\"\u201cLos datos van a la escuela: proyecto 2022\u201d\",\"datePublished\":\"2022-03-30T21:24:07+00:00\",\"dateModified\":\"2022-03-30T21:25:37+00:00\",\"mainEntityOfPage\":{\"@id\":\"https:\/\/experienciadevida.com.ar\/portalurbano\/los-datos-van-a-la-escuela-proyecto-2022\/\"},\"wordCount\":365,\"publisher\":{\"@id\":\"https:\/\/experienciadevida.com.ar\/portalurbano\/#organization\"},\"articleSection\":[\"Ciudad\"],\"inLanguage\":\"es\"},{\"@type\":\"WebPage\",\"@id\":\"https:\/\/experienciadevida.com.ar\/portalurbano\/los-datos-van-a-la-escuela-proyecto-2022\/\",\"url\":\"https:\/\/experienciadevida.com.ar\/portalurbano\/los-datos-van-a-la-escuela-proyecto-2022\/\",\"name\":\"\\\"Los datos van a la escuela: proyecto 2022\\\"\",\"isPartOf\":{\"@id\":\"https:\/\/experienciadevida.com.ar\/portalurbano\/#website\"},\"datePublished\":\"2022-03-30T21:24:07+00:00\",\"dateModified\":\"2022-03-30T21:25:37+00:00\",\"description\":\"\u201cLos datos van a la escuela: proyecto 2022\u201d, la Subsecretar\u00eda de Modernizaci\u00f3n invita a instituciones educativas de nivel secundario\",\"breadcrumb\":{\"@id\":\"https:\/\/experienciadevida.com.ar\/portalurbano\/los-datos-van-a-la-escuela-proyecto-2022\/#breadcrumb\"},\"inLanguage\":\"es\",\"potentialAction\":[{\"@type\":\"ReadAction\",\"target\":[\"https:\/\/experienciadevida.com.ar\/portalurbano\/los-datos-van-a-la-escuela-proyecto-2022\/\"]}]},{\"@type\":\"BreadcrumbList\",\"@id\":\"https:\/\/experienciadevida.com.ar\/portalurbano\/los-datos-van-a-la-escuela-proyecto-2022\/#breadcrumb\",\"itemListElement\":[{\"@type\":\"ListItem\",\"position\":1,\"name\":\"Portada\",\"item\":\"https:\/\/experienciadevida.com.ar\/portalurbano\/\"},{\"@type\":\"ListItem\",\"position\":2,\"name\":\"\u201cLos datos van a la escuela: proyecto 2022\u201d\"}]},{\"@type\":\"WebSite\",\"@id\":\"https:\/\/experienciadevida.com.ar\/portalurbano\/#website\",\"url\":\"https:\/\/experienciadevida.com.ar\/portalurbano\/\",\"name\":\"\",\"description\":\"\",\"publisher\":{\"@id\":\"https:\/\/experienciadevida.com.ar\/portalurbano\/#organization\"},\"potentialAction\":[{\"@type\":\"SearchAction\",\"target\":{\"@type\":\"EntryPoint\",\"urlTemplate\":\"https:\/\/experienciadevida.com.ar\/portalurbano\/?s={search_term_string}\"},\"query-input\":\"required name=search_term_string\"}],\"inLanguage\":\"es\"},{\"@type\":\"Organization\",\"@id\":\"https:\/\/experienciadevida.com.ar\/portalurbano\/#organization\",\"name\":\"Portal Urbano\",\"url\":\"https:\/\/experienciadevida.com.ar\/portalurbano\/\",\"logo\":{\"@type\":\"ImageObject\",\"inLanguage\":\"es\",\"@id\":\"https:\/\/experienciadevida.com.ar\/portalurbano\/#\/schema\/logo\/image\/\",\"url\":\"https:\/\/experienciadevida.com.ar\/portalurbano\/wp-content\/uploads\/2019\/09\/Logo-Original.png\",\"contentUrl\":\"https:\/\/experienciadevida.com.ar\/portalurbano\/wp-content\/uploads\/2019\/09\/Logo-Original.png\",\"width\":2236,\"height\":1216,\"caption\":\"Portal Urbano\"},\"image\":{\"@id\":\"https:\/\/experienciadevida.com.ar\/portalurbano\/#\/schema\/logo\/image\/\"},\"sameAs\":[\"https:\/\/www.facebook.com\/Portal-Urbano-171542830093757\/\",\"https:\/\/twitter.com\/portalurbanook\",\"https:\/\/www.instagram.com\/_portalurbano\/\",\"https:\/\/www.youtube.com\/channel\/UCXhagIfszH8KxFiOok79zbA?view_as=subscriber\"]},{\"@type\":\"Person\",\"@id\":\"https:\/\/experienciadevida.com.ar\/portalurbano\/#\/schema\/person\/02dd326b1c4b056e9cc972486934a3a7\",\"name\":\"admpu17wp\",\"image\":{\"@type\":\"ImageObject\",\"inLanguage\":\"es\",\"@id\":\"https:\/\/experienciadevida.com.ar\/portalurbano\/#\/schema\/person\/image\/\",\"url\":\"https:\/\/secure.gravatar.com\/avatar\/830d4c57adaae6630765e449a6908047?s=96&d=mm&r=g\",\"contentUrl\":\"https:\/\/secure.gravatar.com\/avatar\/830d4c57adaae6630765e449a6908047?s=96&d=mm&r=g\",\"caption\":\"admpu17wp\"}}]}<\/script>\n<!-- \/ Yoast SEO plugin. -->","yoast_head_json":{"title":"\"Los datos van a la escuela: proyecto 2022\"","description":"\u201cLos datos van a la escuela: proyecto 2022\u201d, la Subsecretar\u00eda de Modernizaci\u00f3n invita a instituciones educativas de nivel secundario","robots":{"index":"index","follow":"follow","max-snippet":"max-snippet:-1","max-image-preview":"max-image-preview:large","max-video-preview":"max-video-preview:-1"},"canonical":"https:\/\/experienciadevida.com.ar\/portalurbano\/los-datos-van-a-la-escuela-proyecto-2022\/","og_locale":"es_ES","og_type":"article","og_title":"\"Los datos van a la escuela: proyecto 2022\"","og_description":"\u201cLos datos van a la escuela: proyecto 2022\u201d, la Subsecretar\u00eda de Modernizaci\u00f3n invita a instituciones educativas de nivel secundario","og_url":"https:\/\/experienciadevida.com.ar\/portalurbano\/los-datos-van-a-la-escuela-proyecto-2022\/","article_publisher":"https:\/\/www.facebook.com\/Portal-Urbano-171542830093757\/","article_published_time":"2022-03-30T21:24:07+00:00","article_modified_time":"2022-03-30T21:25:37+00:00","og_image":[{"width":1024,"height":683,"url":"https:\/\/experienciadevida.com.ar\/portalurbano\/wp-content\/uploads\/2022\/03\/Los-datos-van-a.jpg","type":"image\/jpeg"}],"author":"admpu17wp","twitter_card":"summary_large_image","twitter_creator":"@portalurbanook","twitter_site":"@portalurbanook","twitter_misc":{"Escrito por":"admpu17wp","Tiempo de lectura":"2 minutos"},"schema":{"@context":"https:\/\/schema.org","@graph":[{"@type":"Article","@id":"https:\/\/experienciadevida.com.ar\/portalurbano\/los-datos-van-a-la-escuela-proyecto-2022\/#article","isPartOf":{"@id":"https:\/\/experienciadevida.com.ar\/portalurbano\/los-datos-van-a-la-escuela-proyecto-2022\/"},"author":{"name":"admpu17wp","@id":"https:\/\/experienciadevida.com.ar\/portalurbano\/#\/schema\/person\/02dd326b1c4b056e9cc972486934a3a7"},"headline":"\u201cLos datos van a la escuela: proyecto 2022\u201d","datePublished":"2022-03-30T21:24:07+00:00","dateModified":"2022-03-30T21:25:37+00:00","mainEntityOfPage":{"@id":"https:\/\/experienciadevida.com.ar\/portalurbano\/los-datos-van-a-la-escuela-proyecto-2022\/"},"wordCount":365,"publisher":{"@id":"https:\/\/experienciadevida.com.ar\/portalurbano\/#organization"},"articleSection":["Ciudad"],"inLanguage":"es"},{"@type":"WebPage","@id":"https:\/\/experienciadevida.com.ar\/portalurbano\/los-datos-van-a-la-escuela-proyecto-2022\/","url":"https:\/\/experienciadevida.com.ar\/portalurbano\/los-datos-van-a-la-escuela-proyecto-2022\/","name":"\"Los datos van a la escuela: proyecto 2022\"","isPartOf":{"@id":"https:\/\/experienciadevida.com.ar\/portalurbano\/#website"},"datePublished":"2022-03-30T21:24:07+00:00","dateModified":"2022-03-30T21:25:37+00:00","description":"\u201cLos datos van a la escuela: proyecto 2022\u201d, la Subsecretar\u00eda de Modernizaci\u00f3n invita a instituciones educativas de nivel secundario","breadcrumb":{"@id":"https:\/\/experienciadevida.com.ar\/portalurbano\/los-datos-van-a-la-escuela-proyecto-2022\/#breadcrumb"},"inLanguage":"es","potentialAction":[{"@type":"ReadAction","target":["https:\/\/experienciadevida.com.ar\/portalurbano\/los-datos-van-a-la-escuela-proyecto-2022\/"]}]},{"@type":"BreadcrumbList","@id":"https:\/\/experienciadevida.com.ar\/portalurbano\/los-datos-van-a-la-escuela-proyecto-2022\/#breadcrumb","itemListElement":[{"@type":"ListItem","position":1,"name":"Portada","item":"https:\/\/experienciadevida.com.ar\/portalurbano\/"},{"@type":"ListItem","position":2,"name":"\u201cLos datos van a la escuela: proyecto 2022\u201d"}]},{"@type":"WebSite","@id":"https:\/\/experienciadevida.com.ar\/portalurbano\/#website","url":"https:\/\/experienciadevida.com.ar\/portalurbano\/","name":"","description":"","publisher":{"@id":"https:\/\/experienciadevida.com.ar\/portalurbano\/#organization"},"potentialAction":[{"@type":"SearchAction","target":{"@type":"EntryPoint","urlTemplate":"https:\/\/experienciadevida.com.ar\/portalurbano\/?s={search_term_string}"},"query-input":"required name=search_term_string"}],"inLanguage":"es"},{"@type":"Organization","@id":"https:\/\/experienciadevida.com.ar\/portalurbano\/#organization","name":"Portal Urbano","url":"https:\/\/experienciadevida.com.ar\/portalurbano\/","logo":{"@type":"ImageObject","inLanguage":"es","@id":"https:\/\/experienciadevida.com.ar\/portalurbano\/#\/schema\/logo\/image\/","url":"https:\/\/experienciadevida.com.ar\/portalurbano\/wp-content\/uploads\/2019\/09\/Logo-Original.png","contentUrl":"https:\/\/experienciadevida.com.ar\/portalurbano\/wp-content\/uploads\/2019\/09\/Logo-Original.png","width":2236,"height":1216,"caption":"Portal Urbano"},"image":{"@id":"https:\/\/experienciadevida.com.ar\/portalurbano\/#\/schema\/logo\/image\/"},"sameAs":["https:\/\/www.facebook.com\/Portal-Urbano-171542830093757\/","https:\/\/twitter.com\/portalurbanook","https:\/\/www.instagram.com\/_portalurbano\/","https:\/\/www.youtube.com\/channel\/UCXhagIfszH8KxFiOok79zbA?view_as=subscriber"]},{"@type":"Person","@id":"https:\/\/experienciadevida.com.ar\/portalurbano\/#\/schema\/person\/02dd326b1c4b056e9cc972486934a3a7","name":"admpu17wp","image":{"@type":"ImageObject","inLanguage":"es","@id":"https:\/\/experienciadevida.com.ar\/portalurbano\/#\/schema\/person\/image\/","url":"https:\/\/secure.gravatar.com\/avatar\/830d4c57adaae6630765e449a6908047?s=96&d=mm&r=g","contentUrl":"https:\/\/secure.gravatar.com\/avatar\/830d4c57adaae6630765e449a6908047?s=96&d=mm&r=g","caption":"admpu17wp"}}]}},"featured_image_urls":{"full":["https:\/\/experienciadevida.com.ar\/portalurbano\/wp-content\/uploads\/2022\/03\/Los-datos-van-a.jpg",1024,683,false],"thumbnail":["https:\/\/experienciadevida.com.ar\/portalurbano\/wp-content\/uploads\/2022\/03\/Los-datos-van-a-150x150.jpg",150,150,true],"medium":["https:\/\/experienciadevida.com.ar\/portalurbano\/wp-content\/uploads\/2022\/03\/Los-datos-van-a-300x200.jpg",300,200,true],"medium_large":["https:\/\/experienciadevida.com.ar\/portalurbano\/wp-content\/uploads\/2022\/03\/Los-datos-van-a-768x512.jpg",640,427,true],"large":["https:\/\/experienciadevida.com.ar\/portalurbano\/wp-content\/uploads\/2022\/03\/Los-datos-van-a.jpg",640,427,false],"ug_big":["https:\/\/experienciadevida.com.ar\/portalurbano\/wp-content\/uploads\/2022\/03\/Los-datos-van-a-768x512.jpg",768,512,true],"1536x1536":["https:\/\/experienciadevida.com.ar\/portalurbano\/wp-content\/uploads\/2022\/03\/Los-datos-van-a.jpg",1024,683,false],"2048x2048":["https:\/\/experienciadevida.com.ar\/portalurbano\/wp-content\/uploads\/2022\/03\/Los-datos-van-a.jpg",1024,683,false],"newsever-slider-full":["https:\/\/experienciadevida.com.ar\/portalurbano\/wp-content\/uploads\/2022\/03\/Los-datos-van-a.jpg",1024,683,false],"newsever-featured":["https:\/\/experienciadevida.com.ar\/portalurbano\/wp-content\/uploads\/2022\/03\/Los-datos-van-a.jpg",1024,683,false],"newsever-medium":["https:\/\/experienciadevida.com.ar\/portalurbano\/wp-content\/uploads\/2022\/03\/Los-datos-van-a.jpg",712,475,false],"web-stories-poster-portrait":["https:\/\/experienciadevida.com.ar\/portalurbano\/wp-content\/uploads\/2022\/03\/Los-datos-van-a.jpg",640,427,false],"web-stories-publisher-logo":["https:\/\/experienciadevida.com.ar\/portalurbano\/wp-content\/uploads\/2022\/03\/Los-datos-van-a.jpg",96,64,false],"web-stories-thumbnail":["https:\/\/experienciadevida.com.ar\/portalurbano\/wp-content\/uploads\/2022\/03\/Los-datos-van-a.jpg",150,100,false]},"author_info":{"display_name":"admpu17wp","author_link":"https:\/\/experienciadevida.com.ar\/portalurbano\/author\/admpu17wp\/"},"category_info":"<a href=\"https:\/\/experienciadevida.com.ar\/portalurbano\/category\/ciudad\/\" rel=\"category tag\">Ciudad<\/a>","tag_info":"Ciudad","comment_count":"0","amp_enabled":true,"_links":{"self":[{"href":"https:\/\/experienciadevida.com.ar\/portalurbano\/wp-json\/wp\/v2\/posts\/164616"}],"collection":[{"href":"https:\/\/experienciadevida.com.ar\/portalurbano\/wp-json\/wp\/v2\/posts"}],"about":[{"href":"https:\/\/experienciadevida.com.ar\/portalurbano\/wp-json\/wp\/v2\/types\/post"}],"author":[{"embeddable":true,"href":"https:\/\/experienciadevida.com.ar\/portalurbano\/wp-json\/wp\/v2\/users\/1"}],"replies":[{"embeddable":true,"href":"https:\/\/experienciadevida.com.ar\/portalurbano\/wp-json\/wp\/v2\/comments?post=164616"}],"version-history":[{"count":1,"href":"https:\/\/experienciadevida.com.ar\/portalurbano\/wp-json\/wp\/v2\/posts\/164616\/revisions"}],"predecessor-version":[{"id":164618,"href":"https:\/\/experienciadevida.com.ar\/portalurbano\/wp-json\/wp\/v2\/posts\/164616\/revisions\/164618"}],"wp:featuredmedia":[{"embeddable":true,"href":"https:\/\/experienciadevida.com.ar\/portalurbano\/wp-json\/wp\/v2\/media\/164617"}],"wp:attachment":[{"href":"https:\/\/experienciadevida.com.ar\/portalurbano\/wp-json\/wp\/v2\/media?parent=164616"}],"wp:term":[{"taxonomy":"category","embeddable":true,"href":"https:\/\/experienciadevida.com.ar\/portalurbano\/wp-json\/wp\/v2\/categories?post=164616"},{"taxonomy":"post_tag","embeddable":true,"href":"https:\/\/experienciadevida.com.ar\/portalurbano\/wp-json\/wp\/v2\/tags?post=164616"}],"curies":[{"name":"wp","href":"https:\/\/api.w.org\/{rel}","templated":true}]}}