{"id":164613,"date":"2022-03-30T18:19:22","date_gmt":"2022-03-30T21:19:22","guid":{"rendered":"https:\/\/experienciadevida.com.ar\/portalurbano\/?p=164613"},"modified":"2022-03-30T18:22:16","modified_gmt":"2022-03-30T21:22:16","slug":"el-jardin-n-930-que-inauguro-ayer-el-intendente-no-tiene-gas","status":"publish","type":"post","link":"https:\/\/experienciadevida.com.ar\/portalurbano\/el-jardin-n-930-que-inauguro-ayer-el-intendente-no-tiene-gas\/","title":{"rendered":"\u201cEl Jard\u00edn N\u00b0 930 que inaugur\u00f3 ayer el intendente no tiene gas\u201d"},"content":{"rendered":"<p>\u201cEl Jard\u00edn N\u00b0 930 que inaugur\u00f3 ayer el intendente no tiene gas\u201d, as\u00ed lo confirmaron desde el cuerpo de Consejeros Escolares del Frente de Todos a menos de 48 horas de la apertura. Durante la primera jornada tuvieron que calentar la leche en lo de una vecina.<\/p>\n<p>Leonardo Wagner, uno de los responsables del Servicio Alimentario Escolar inform\u00f3 que el nuevo edificio del Jard\u00edn N\u00b0 930 no cuenta con las instalaciones de gas correspondientes, directamente no tienen medidor.<\/p>\n<p>\u201cEl Jard\u00edn N\u00b0 930 que inaugur\u00f3 ayer el Intendente no tiene gas, directamente no tienen medidor. Hoy tuvieron que calentar la leche en lo de una vecina. El Consejo Escolar a trav\u00e9s del SAE va a garantizar llevando leche que puedan continuar con la presencialidad jueves y viernes\u201d agreg\u00f3 Wagner.<\/p>\n<p>\u201cEs una irresponsabilidad total lo que hizo el intendente, ayer en la inauguraci\u00f3n se jact\u00f3 de que le encanta recorrer las obras desde que se pone el primer ladrillo hasta el \u00faltimo, se olvid\u00f3 de revisar nada m\u00e1s ni nada menos que las instalaciones de gas\u201d concluy\u00f3 Wagner.<\/p>\n<p>Foto: archivo<\/p>\n","protected":false},"excerpt":{"rendered":"<p>\u201cEl Jard\u00edn N\u00b0 930 que inaugur\u00f3 ayer el intendente no tiene gas\u201d, as\u00ed lo confirmaron&#8230;<\/p>\n","protected":false},"author":1,"featured_media":164502,"comment_status":"closed","ping_status":"closed","sticky":false,"template":"","format":"standard","meta":{"content-type":""},"categories":[27,64],"tags":[],"nelio_content":{"isAutoShareEnabled":false,"autoShareEndMode":"default","automationSources":{"useContentSentences":true,"useSocialTemplates":true,"useCustomSentences":false,"customSentences":[]},"followers":[1],"suggestedReferences":[],"includedReferences":[],"efiUrl":"","efiAlt":"","highlights":[]},"yoast_head":"<!-- This site is optimized with the Yoast SEO plugin v20.7 - https:\/\/yoast.com\/wordpress\/plugins\/seo\/ -->\n<title>&quot;El Jard\u00edn n\u00b0930 que inaugur\u00f3 ayer el Intendente no tiene gas&quot;<\/title>\n<meta name=\"description\" content=\"\u201cEl Jard\u00edn N\u00b0 930 que inaugur\u00f3 ayer el intendente no tiene gas\u201d, as\u00ed lo confirmaron desde el cuerpo de Consejeros Escolares del FDT\" \/>\n<meta name=\"robots\" content=\"index, follow, max-snippet:-1, max-image-preview:large, max-video-preview:-1\" \/>\n<link rel=\"canonical\" href=\"https:\/\/experienciadevida.com.ar\/portalurbano\/el-jardin-n-930-que-inauguro-ayer-el-intendente-no-tiene-gas\/\" \/>\n<meta property=\"og:locale\" content=\"es_ES\" \/>\n<meta property=\"og:type\" content=\"article\" \/>\n<meta property=\"og:title\" content=\"&quot;El Jard\u00edn n\u00b0930 que inaugur\u00f3 ayer el Intendente no tiene gas&quot;\" \/>\n<meta property=\"og:description\" content=\"\u201cEl Jard\u00edn N\u00b0 930 que inaugur\u00f3 ayer el intendente no tiene gas\u201d, as\u00ed lo confirmaron desde el cuerpo de Consejeros Escolares del FDT\" \/>\n<meta property=\"og:url\" content=\"https:\/\/experienciadevida.com.ar\/portalurbano\/el-jardin-n-930-que-inauguro-ayer-el-intendente-no-tiene-gas\/\" \/>\n<meta property=\"article:publisher\" content=\"https:\/\/www.facebook.com\/Portal-Urbano-171542830093757\/\" \/>\n<meta property=\"article:published_time\" content=\"2022-03-30T21:19:22+00:00\" \/>\n<meta property=\"article:modified_time\" content=\"2022-03-30T21:22:16+00:00\" \/>\n<meta property=\"og:image\" content=\"https:\/\/experienciadevida.com.ar\/portalurbano\/wp-content\/uploads\/2022\/03\/Transformar.jpg\" \/>\n\t<meta property=\"og:image:width\" content=\"2560\" \/>\n\t<meta property=\"og:image:height\" content=\"1711\" \/>\n\t<meta property=\"og:image:type\" content=\"image\/jpeg\" \/>\n<meta name=\"author\" content=\"admpu17wp\" \/>\n<meta name=\"twitter:card\" content=\"summary_large_image\" \/>\n<meta name=\"twitter:creator\" content=\"@portalurbanook\" \/>\n<meta name=\"twitter:site\" content=\"@portalurbanook\" \/>\n<meta name=\"twitter:label1\" content=\"Escrito por\" \/>\n\t<meta name=\"twitter:data1\" content=\"admpu17wp\" \/>\n\t<meta name=\"twitter:label2\" content=\"Tiempo de lectura\" \/>\n\t<meta name=\"twitter:data2\" content=\"1 minuto\" \/>\n<script type=\"application\/ld+json\" class=\"yoast-schema-graph\">{\"@context\":\"https:\/\/schema.org\",\"@graph\":[{\"@type\":\"Article\",\"@id\":\"https:\/\/experienciadevida.com.ar\/portalurbano\/el-jardin-n-930-que-inauguro-ayer-el-intendente-no-tiene-gas\/#article\",\"isPartOf\":{\"@id\":\"https:\/\/experienciadevida.com.ar\/portalurbano\/el-jardin-n-930-que-inauguro-ayer-el-intendente-no-tiene-gas\/\"},\"author\":{\"name\":\"admpu17wp\",\"@id\":\"https:\/\/experienciadevida.com.ar\/portalurbano\/#\/schema\/person\/02dd326b1c4b056e9cc972486934a3a7\"},\"headline\":\"\u201cEl Jard\u00edn N\u00b0 930 que inaugur\u00f3 ayer el intendente no tiene gas\u201d\",\"datePublished\":\"2022-03-30T21:19:22+00:00\",\"dateModified\":\"2022-03-30T21:22:16+00:00\",\"mainEntityOfPage\":{\"@id\":\"https:\/\/experienciadevida.com.ar\/portalurbano\/el-jardin-n-930-que-inauguro-ayer-el-intendente-no-tiene-gas\/\"},\"wordCount\":192,\"publisher\":{\"@id\":\"https:\/\/experienciadevida.com.ar\/portalurbano\/#organization\"},\"articleSection\":[\"Ciudad\",\"Destacadas 2\"],\"inLanguage\":\"es\"},{\"@type\":\"WebPage\",\"@id\":\"https:\/\/experienciadevida.com.ar\/portalurbano\/el-jardin-n-930-que-inauguro-ayer-el-intendente-no-tiene-gas\/\",\"url\":\"https:\/\/experienciadevida.com.ar\/portalurbano\/el-jardin-n-930-que-inauguro-ayer-el-intendente-no-tiene-gas\/\",\"name\":\"\\\"El Jard\u00edn n\u00b0930 que inaugur\u00f3 ayer el Intendente no tiene gas\\\"\",\"isPartOf\":{\"@id\":\"https:\/\/experienciadevida.com.ar\/portalurbano\/#website\"},\"datePublished\":\"2022-03-30T21:19:22+00:00\",\"dateModified\":\"2022-03-30T21:22:16+00:00\",\"description\":\"\u201cEl Jard\u00edn N\u00b0 930 que inaugur\u00f3 ayer el intendente no tiene gas\u201d, as\u00ed lo confirmaron desde el cuerpo de Consejeros Escolares del FDT\",\"breadcrumb\":{\"@id\":\"https:\/\/experienciadevida.com.ar\/portalurbano\/el-jardin-n-930-que-inauguro-ayer-el-intendente-no-tiene-gas\/#breadcrumb\"},\"inLanguage\":\"es\",\"potentialAction\":[{\"@type\":\"ReadAction\",\"target\":[\"https:\/\/experienciadevida.com.ar\/portalurbano\/el-jardin-n-930-que-inauguro-ayer-el-intendente-no-tiene-gas\/\"]}]},{\"@type\":\"BreadcrumbList\",\"@id\":\"https:\/\/experienciadevida.com.ar\/portalurbano\/el-jardin-n-930-que-inauguro-ayer-el-intendente-no-tiene-gas\/#breadcrumb\",\"itemListElement\":[{\"@type\":\"ListItem\",\"position\":1,\"name\":\"Portada\",\"item\":\"https:\/\/experienciadevida.com.ar\/portalurbano\/\"},{\"@type\":\"ListItem\",\"position\":2,\"name\":\"\u201cEl Jard\u00edn N\u00b0 930 que inaugur\u00f3 ayer el intendente no tiene gas\u201d\"}]},{\"@type\":\"WebSite\",\"@id\":\"https:\/\/experienciadevida.com.ar\/portalurbano\/#website\",\"url\":\"https:\/\/experienciadevida.com.ar\/portalurbano\/\",\"name\":\"\",\"description\":\"\",\"publisher\":{\"@id\":\"https:\/\/experienciadevida.com.ar\/portalurbano\/#organization\"},\"potentialAction\":[{\"@type\":\"SearchAction\",\"target\":{\"@type\":\"EntryPoint\",\"urlTemplate\":\"https:\/\/experienciadevida.com.ar\/portalurbano\/?s={search_term_string}\"},\"query-input\":\"required name=search_term_string\"}],\"inLanguage\":\"es\"},{\"@type\":\"Organization\",\"@id\":\"https:\/\/experienciadevida.com.ar\/portalurbano\/#organization\",\"name\":\"Portal Urbano\",\"url\":\"https:\/\/experienciadevida.com.ar\/portalurbano\/\",\"logo\":{\"@type\":\"ImageObject\",\"inLanguage\":\"es\",\"@id\":\"https:\/\/experienciadevida.com.ar\/portalurbano\/#\/schema\/logo\/image\/\",\"url\":\"https:\/\/experienciadevida.com.ar\/portalurbano\/wp-content\/uploads\/2019\/09\/Logo-Original.png\",\"contentUrl\":\"https:\/\/experienciadevida.com.ar\/portalurbano\/wp-content\/uploads\/2019\/09\/Logo-Original.png\",\"width\":2236,\"height\":1216,\"caption\":\"Portal Urbano\"},\"image\":{\"@id\":\"https:\/\/experienciadevida.com.ar\/portalurbano\/#\/schema\/logo\/image\/\"},\"sameAs\":[\"https:\/\/www.facebook.com\/Portal-Urbano-171542830093757\/\",\"https:\/\/twitter.com\/portalurbanook\",\"https:\/\/www.instagram.com\/_portalurbano\/\",\"https:\/\/www.youtube.com\/channel\/UCXhagIfszH8KxFiOok79zbA?view_as=subscriber\"]},{\"@type\":\"Person\",\"@id\":\"https:\/\/experienciadevida.com.ar\/portalurbano\/#\/schema\/person\/02dd326b1c4b056e9cc972486934a3a7\",\"name\":\"admpu17wp\",\"image\":{\"@type\":\"ImageObject\",\"inLanguage\":\"es\",\"@id\":\"https:\/\/experienciadevida.com.ar\/portalurbano\/#\/schema\/person\/image\/\",\"url\":\"https:\/\/secure.gravatar.com\/avatar\/830d4c57adaae6630765e449a6908047?s=96&d=mm&r=g\",\"contentUrl\":\"https:\/\/secure.gravatar.com\/avatar\/830d4c57adaae6630765e449a6908047?s=96&d=mm&r=g\",\"caption\":\"admpu17wp\"}}]}<\/script>\n<!-- \/ Yoast SEO plugin. -->","yoast_head_json":{"title":"\"El Jard\u00edn n\u00b0930 que inaugur\u00f3 ayer el Intendente no tiene gas\"","description":"\u201cEl Jard\u00edn N\u00b0 930 que inaugur\u00f3 ayer el intendente no tiene gas\u201d, as\u00ed lo confirmaron desde el cuerpo de Consejeros Escolares del FDT","robots":{"index":"index","follow":"follow","max-snippet":"max-snippet:-1","max-image-preview":"max-image-preview:large","max-video-preview":"max-video-preview:-1"},"canonical":"https:\/\/experienciadevida.com.ar\/portalurbano\/el-jardin-n-930-que-inauguro-ayer-el-intendente-no-tiene-gas\/","og_locale":"es_ES","og_type":"article","og_title":"\"El Jard\u00edn n\u00b0930 que inaugur\u00f3 ayer el Intendente no tiene gas\"","og_description":"\u201cEl Jard\u00edn N\u00b0 930 que inaugur\u00f3 ayer el intendente no tiene gas\u201d, as\u00ed lo confirmaron desde el cuerpo de Consejeros Escolares del FDT","og_url":"https:\/\/experienciadevida.com.ar\/portalurbano\/el-jardin-n-930-que-inauguro-ayer-el-intendente-no-tiene-gas\/","article_publisher":"https:\/\/www.facebook.com\/Portal-Urbano-171542830093757\/","article_published_time":"2022-03-30T21:19:22+00:00","article_modified_time":"2022-03-30T21:22:16+00:00","og_image":[{"width":2560,"height":1711,"url":"https:\/\/experienciadevida.com.ar\/portalurbano\/wp-content\/uploads\/2022\/03\/Transformar.jpg","type":"image\/jpeg"}],"author":"admpu17wp","twitter_card":"summary_large_image","twitter_creator":"@portalurbanook","twitter_site":"@portalurbanook","twitter_misc":{"Escrito por":"admpu17wp","Tiempo de lectura":"1 minuto"},"schema":{"@context":"https:\/\/schema.org","@graph":[{"@type":"Article","@id":"https:\/\/experienciadevida.com.ar\/portalurbano\/el-jardin-n-930-que-inauguro-ayer-el-intendente-no-tiene-gas\/#article","isPartOf":{"@id":"https:\/\/experienciadevida.com.ar\/portalurbano\/el-jardin-n-930-que-inauguro-ayer-el-intendente-no-tiene-gas\/"},"author":{"name":"admpu17wp","@id":"https:\/\/experienciadevida.com.ar\/portalurbano\/#\/schema\/person\/02dd326b1c4b056e9cc972486934a3a7"},"headline":"\u201cEl Jard\u00edn N\u00b0 930 que inaugur\u00f3 ayer el intendente no tiene gas\u201d","datePublished":"2022-03-30T21:19:22+00:00","dateModified":"2022-03-30T21:22:16+00:00","mainEntityOfPage":{"@id":"https:\/\/experienciadevida.com.ar\/portalurbano\/el-jardin-n-930-que-inauguro-ayer-el-intendente-no-tiene-gas\/"},"wordCount":192,"publisher":{"@id":"https:\/\/experienciadevida.com.ar\/portalurbano\/#organization"},"articleSection":["Ciudad","Destacadas 2"],"inLanguage":"es"},{"@type":"WebPage","@id":"https:\/\/experienciadevida.com.ar\/portalurbano\/el-jardin-n-930-que-inauguro-ayer-el-intendente-no-tiene-gas\/","url":"https:\/\/experienciadevida.com.ar\/portalurbano\/el-jardin-n-930-que-inauguro-ayer-el-intendente-no-tiene-gas\/","name":"\"El Jard\u00edn n\u00b0930 que inaugur\u00f3 ayer el Intendente no tiene gas\"","isPartOf":{"@id":"https:\/\/experienciadevida.com.ar\/portalurbano\/#website"},"datePublished":"2022-03-30T21:19:22+00:00","dateModified":"2022-03-30T21:22:16+00:00","description":"\u201cEl Jard\u00edn N\u00b0 930 que inaugur\u00f3 ayer el intendente no tiene gas\u201d, as\u00ed lo confirmaron desde el cuerpo de Consejeros Escolares del FDT","breadcrumb":{"@id":"https:\/\/experienciadevida.com.ar\/portalurbano\/el-jardin-n-930-que-inauguro-ayer-el-intendente-no-tiene-gas\/#breadcrumb"},"inLanguage":"es","potentialAction":[{"@type":"ReadAction","target":["https:\/\/experienciadevida.com.ar\/portalurbano\/el-jardin-n-930-que-inauguro-ayer-el-intendente-no-tiene-gas\/"]}]},{"@type":"BreadcrumbList","@id":"https:\/\/experienciadevida.com.ar\/portalurbano\/el-jardin-n-930-que-inauguro-ayer-el-intendente-no-tiene-gas\/#breadcrumb","itemListElement":[{"@type":"ListItem","position":1,"name":"Portada","item":"https:\/\/experienciadevida.com.ar\/portalurbano\/"},{"@type":"ListItem","position":2,"name":"\u201cEl Jard\u00edn N\u00b0 930 que inaugur\u00f3 ayer el intendente no tiene gas\u201d"}]},{"@type":"WebSite","@id":"https:\/\/experienciadevida.com.ar\/portalurbano\/#website","url":"https:\/\/experienciadevida.com.ar\/portalurbano\/","name":"","description":"","publisher":{"@id":"https:\/\/experienciadevida.com.ar\/portalurbano\/#organization"},"potentialAction":[{"@type":"SearchAction","target":{"@type":"EntryPoint","urlTemplate":"https:\/\/experienciadevida.com.ar\/portalurbano\/?s={search_term_string}"},"query-input":"required name=search_term_string"}],"inLanguage":"es"},{"@type":"Organization","@id":"https:\/\/experienciadevida.com.ar\/portalurbano\/#organization","name":"Portal Urbano","url":"https:\/\/experienciadevida.com.ar\/portalurbano\/","logo":{"@type":"ImageObject","inLanguage":"es","@id":"https:\/\/experienciadevida.com.ar\/portalurbano\/#\/schema\/logo\/image\/","url":"https:\/\/experienciadevida.com.ar\/portalurbano\/wp-content\/uploads\/2019\/09\/Logo-Original.png","contentUrl":"https:\/\/experienciadevida.com.ar\/portalurbano\/wp-content\/uploads\/2019\/09\/Logo-Original.png","width":2236,"height":1216,"caption":"Portal Urbano"},"image":{"@id":"https:\/\/experienciadevida.com.ar\/portalurbano\/#\/schema\/logo\/image\/"},"sameAs":["https:\/\/www.facebook.com\/Portal-Urbano-171542830093757\/","https:\/\/twitter.com\/portalurbanook","https:\/\/www.instagram.com\/_portalurbano\/","https:\/\/www.youtube.com\/channel\/UCXhagIfszH8KxFiOok79zbA?view_as=subscriber"]},{"@type":"Person","@id":"https:\/\/experienciadevida.com.ar\/portalurbano\/#\/schema\/person\/02dd326b1c4b056e9cc972486934a3a7","name":"admpu17wp","image":{"@type":"ImageObject","inLanguage":"es","@id":"https:\/\/experienciadevida.com.ar\/portalurbano\/#\/schema\/person\/image\/","url":"https:\/\/secure.gravatar.com\/avatar\/830d4c57adaae6630765e449a6908047?s=96&d=mm&r=g","contentUrl":"https:\/\/secure.gravatar.com\/avatar\/830d4c57adaae6630765e449a6908047?s=96&d=mm&r=g","caption":"admpu17wp"}}]}},"featured_image_urls":{"full":["https:\/\/experienciadevida.com.ar\/portalurbano\/wp-content\/uploads\/2022\/03\/Transformar.jpg",2560,1711,false],"thumbnail":["https:\/\/experienciadevida.com.ar\/portalurbano\/wp-content\/uploads\/2022\/03\/Transformar-150x150.jpg",150,150,true],"medium":["https:\/\/experienciadevida.com.ar\/portalurbano\/wp-content\/uploads\/2022\/03\/Transformar-300x201.jpg",300,201,true],"medium_large":["https:\/\/experienciadevida.com.ar\/portalurbano\/wp-content\/uploads\/2022\/03\/Transformar-768x513.jpg",640,428,true],"large":["https:\/\/experienciadevida.com.ar\/portalurbano\/wp-content\/uploads\/2022\/03\/Transformar-1024x684.jpg",640,428,true],"ug_big":["https:\/\/experienciadevida.com.ar\/portalurbano\/wp-content\/uploads\/2022\/03\/Transformar-768x513.jpg",768,513,true],"1536x1536":["https:\/\/experienciadevida.com.ar\/portalurbano\/wp-content\/uploads\/2022\/03\/Transformar-1536x1027.jpg",1536,1027,true],"2048x2048":["https:\/\/experienciadevida.com.ar\/portalurbano\/wp-content\/uploads\/2022\/03\/Transformar-2048x1369.jpg",2048,1369,true],"newsever-slider-full":["https:\/\/experienciadevida.com.ar\/portalurbano\/wp-content\/uploads\/2022\/03\/Transformar.jpg",1264,845,false],"newsever-featured":["https:\/\/experienciadevida.com.ar\/portalurbano\/wp-content\/uploads\/2022\/03\/Transformar.jpg",1024,684,false],"newsever-medium":["https:\/\/experienciadevida.com.ar\/portalurbano\/wp-content\/uploads\/2022\/03\/Transformar.jpg",711,475,false],"web-stories-poster-portrait":["https:\/\/experienciadevida.com.ar\/portalurbano\/wp-content\/uploads\/2022\/03\/Transformar.jpg",640,428,false],"web-stories-publisher-logo":["https:\/\/experienciadevida.com.ar\/portalurbano\/wp-content\/uploads\/2022\/03\/Transformar.jpg",96,64,false],"web-stories-thumbnail":["https:\/\/experienciadevida.com.ar\/portalurbano\/wp-content\/uploads\/2022\/03\/Transformar.jpg",150,100,false]},"author_info":{"display_name":"admpu17wp","author_link":"https:\/\/experienciadevida.com.ar\/portalurbano\/author\/admpu17wp\/"},"category_info":"<a href=\"https:\/\/experienciadevida.com.ar\/portalurbano\/category\/ciudad\/\" rel=\"category tag\">Ciudad<\/a> <a href=\"https:\/\/experienciadevida.com.ar\/portalurbano\/category\/destacadas-2\/\" rel=\"category tag\">Destacadas 2<\/a>","tag_info":"Destacadas 2","comment_count":"0","amp_enabled":true,"_links":{"self":[{"href":"https:\/\/experienciadevida.com.ar\/portalurbano\/wp-json\/wp\/v2\/posts\/164613"}],"collection":[{"href":"https:\/\/experienciadevida.com.ar\/portalurbano\/wp-json\/wp\/v2\/posts"}],"about":[{"href":"https:\/\/experienciadevida.com.ar\/portalurbano\/wp-json\/wp\/v2\/types\/post"}],"author":[{"embeddable":true,"href":"https:\/\/experienciadevida.com.ar\/portalurbano\/wp-json\/wp\/v2\/users\/1"}],"replies":[{"embeddable":true,"href":"https:\/\/experienciadevida.com.ar\/portalurbano\/wp-json\/wp\/v2\/comments?post=164613"}],"version-history":[{"count":2,"href":"https:\/\/experienciadevida.com.ar\/portalurbano\/wp-json\/wp\/v2\/posts\/164613\/revisions"}],"predecessor-version":[{"id":164615,"href":"https:\/\/experienciadevida.com.ar\/portalurbano\/wp-json\/wp\/v2\/posts\/164613\/revisions\/164615"}],"wp:featuredmedia":[{"embeddable":true,"href":"https:\/\/experienciadevida.com.ar\/portalurbano\/wp-json\/wp\/v2\/media\/164502"}],"wp:attachment":[{"href":"https:\/\/experienciadevida.com.ar\/portalurbano\/wp-json\/wp\/v2\/media?parent=164613"}],"wp:term":[{"taxonomy":"category","embeddable":true,"href":"https:\/\/experienciadevida.com.ar\/portalurbano\/wp-json\/wp\/v2\/categories?post=164613"},{"taxonomy":"post_tag","embeddable":true,"href":"https:\/\/experienciadevida.com.ar\/portalurbano\/wp-json\/wp\/v2\/tags?post=164613"}],"curies":[{"name":"wp","href":"https:\/\/api.w.org\/{rel}","templated":true}]}}