{"id":164609,"date":"2022-03-30T18:12:13","date_gmt":"2022-03-30T21:12:13","guid":{"rendered":"https:\/\/experienciadevida.com.ar\/portalurbano\/?p=164609"},"modified":"2022-03-30T18:12:45","modified_gmt":"2022-03-30T21:12:45","slug":"entregaron-certificados-a-referentes-literarios-de-la-unidad-no-17","status":"publish","type":"post","link":"https:\/\/experienciadevida.com.ar\/portalurbano\/entregaron-certificados-a-referentes-literarios-de-la-unidad-no-17\/","title":{"rendered":"Entregaron certificados a referentes literarios de la Unidad N\u00ba 17"},"content":{"rendered":"<p>Entregaron certificados a referentes literarios de la Unidad N\u00ba 17, los internos referentes del \u201cPabell\u00f3n literario para la libertad\u201d recibieron los certificados del curso de capacitaci\u00f3n que les permitir\u00e1 ser agentes multiplicadores con el resto de los internos, con el objetivo de poder transformar, a trav\u00e9s de la lectura, la escritura y el di\u00e1logo, los<br \/>\nespacios de la Unidad para que la violencia no tenga lugar.<\/p>\n<p>La entrega de los mismos se llev\u00f3 a cabo en el sal\u00f3n de usos m\u00faltiples del sector escuela donde estuvieron presentes la Subdirectora de Administraci\u00f3n Prefecto Eugenia Barrionuevo, el Subjefe de Tratamiento Alcaide Mayor Cristian Aguirre, la Coordinadora Docente Alcaide Mayor Mar\u00eda Soledad Bontempo y el Sargento Ayudante Miguel Blanco.<\/p>\n<p>El curso se dict\u00f3 de manera virtual durante todos los lunes del mes de enero y estuvo a cargo de Gabriela R\u00edos, Jefa del Departamento Cultura del Servicio Penitenciario Bonaerense y Julia Lescano, asesora del Ministerio de Justicia y DD HH.<\/p>\n<p>El programa \u201cPabellones literarios para la libertad\u201d es impulsado por el Ministerio de Justicia y Derechos Humanos de la provincia de Buenos Aires y en la Unidad 17 funciona desde noviembre de 2021 en el pabell\u00f3n 7.<\/p>\n<p>Adem\u00e1s de los certificados, los internos recibieron libros y diccionarios donados por la Capellan\u00eda General del SPB a fin de continuar motivando la lectura y la escritura en el marco de esta propuesta literaria que tambi\u00e9n ha sido impulsada por el Juez del Tribunal Oral en lo Criminal N\u00b0 7 del Departamento Judicial de Lomas de Zamora, Roberto Conti.<\/p>\n<p>Fuente y Fotos: Servicio Penitenciario Bonaerense<\/p>\n","protected":false},"excerpt":{"rendered":"<p>Entregaron certificados a referentes literarios de la Unidad N\u00ba 17, los internos referentes del \u201cPabell\u00f3n&#8230;<\/p>\n","protected":false},"author":1,"featured_media":164611,"comment_status":"closed","ping_status":"closed","sticky":false,"template":"","format":"standard","meta":{"content-type":""},"categories":[27],"tags":[],"nelio_content":{"isAutoShareEnabled":false,"autoShareEndMode":"default","automationSources":{"useContentSentences":true,"useSocialTemplates":true,"useCustomSentences":false,"customSentences":[]},"followers":[1],"suggestedReferences":[],"includedReferences":[],"efiUrl":"","efiAlt":"","highlights":[]},"yoast_head":"<!-- This site is optimized with the Yoast SEO plugin v20.7 - https:\/\/yoast.com\/wordpress\/plugins\/seo\/ -->\n<title>Entregaron certificados a referentes literarios de la Unidad n\u00b017<\/title>\n<meta name=\"description\" content=\"Entregaron certificados a referentes literarios de la Unidad N\u00ba 17, los internos referentes del \u201cPabell\u00f3n literario para la libertad\u201d\" \/>\n<meta name=\"robots\" content=\"index, follow, max-snippet:-1, max-image-preview:large, max-video-preview:-1\" \/>\n<link rel=\"canonical\" href=\"https:\/\/experienciadevida.com.ar\/portalurbano\/entregaron-certificados-a-referentes-literarios-de-la-unidad-no-17\/\" \/>\n<meta property=\"og:locale\" content=\"es_ES\" \/>\n<meta property=\"og:type\" content=\"article\" \/>\n<meta property=\"og:title\" content=\"Entregaron certificados a referentes literarios de la Unidad n\u00b017\" \/>\n<meta property=\"og:description\" content=\"Entregaron certificados a referentes literarios de la Unidad N\u00ba 17, los internos referentes del \u201cPabell\u00f3n literario para la libertad\u201d\" \/>\n<meta property=\"og:url\" content=\"https:\/\/experienciadevida.com.ar\/portalurbano\/entregaron-certificados-a-referentes-literarios-de-la-unidad-no-17\/\" \/>\n<meta property=\"article:publisher\" content=\"https:\/\/www.facebook.com\/Portal-Urbano-171542830093757\/\" \/>\n<meta property=\"article:published_time\" content=\"2022-03-30T21:12:13+00:00\" \/>\n<meta property=\"article:modified_time\" content=\"2022-03-30T21:12:45+00:00\" \/>\n<meta property=\"og:image\" content=\"https:\/\/experienciadevida.com.ar\/portalurbano\/wp-content\/uploads\/2022\/03\/Entregaron-certificados-a-referentes.jpg\" \/>\n\t<meta property=\"og:image:width\" content=\"1600\" \/>\n\t<meta property=\"og:image:height\" content=\"900\" \/>\n\t<meta property=\"og:image:type\" content=\"image\/jpeg\" \/>\n<meta name=\"author\" content=\"admpu17wp\" \/>\n<meta name=\"twitter:card\" content=\"summary_large_image\" \/>\n<meta name=\"twitter:creator\" content=\"@portalurbanook\" \/>\n<meta name=\"twitter:site\" content=\"@portalurbanook\" \/>\n<meta name=\"twitter:label1\" content=\"Escrito por\" \/>\n\t<meta name=\"twitter:data1\" content=\"admpu17wp\" \/>\n\t<meta name=\"twitter:label2\" content=\"Tiempo de lectura\" \/>\n\t<meta name=\"twitter:data2\" content=\"2 minutos\" \/>\n<script type=\"application\/ld+json\" class=\"yoast-schema-graph\">{\"@context\":\"https:\/\/schema.org\",\"@graph\":[{\"@type\":\"Article\",\"@id\":\"https:\/\/experienciadevida.com.ar\/portalurbano\/entregaron-certificados-a-referentes-literarios-de-la-unidad-no-17\/#article\",\"isPartOf\":{\"@id\":\"https:\/\/experienciadevida.com.ar\/portalurbano\/entregaron-certificados-a-referentes-literarios-de-la-unidad-no-17\/\"},\"author\":{\"name\":\"admpu17wp\",\"@id\":\"https:\/\/experienciadevida.com.ar\/portalurbano\/#\/schema\/person\/02dd326b1c4b056e9cc972486934a3a7\"},\"headline\":\"Entregaron certificados a referentes literarios de la Unidad N\u00ba 17\",\"datePublished\":\"2022-03-30T21:12:13+00:00\",\"dateModified\":\"2022-03-30T21:12:45+00:00\",\"mainEntityOfPage\":{\"@id\":\"https:\/\/experienciadevida.com.ar\/portalurbano\/entregaron-certificados-a-referentes-literarios-de-la-unidad-no-17\/\"},\"wordCount\":276,\"publisher\":{\"@id\":\"https:\/\/experienciadevida.com.ar\/portalurbano\/#organization\"},\"articleSection\":[\"Ciudad\"],\"inLanguage\":\"es\"},{\"@type\":\"WebPage\",\"@id\":\"https:\/\/experienciadevida.com.ar\/portalurbano\/entregaron-certificados-a-referentes-literarios-de-la-unidad-no-17\/\",\"url\":\"https:\/\/experienciadevida.com.ar\/portalurbano\/entregaron-certificados-a-referentes-literarios-de-la-unidad-no-17\/\",\"name\":\"Entregaron certificados a referentes literarios de la Unidad n\u00b017\",\"isPartOf\":{\"@id\":\"https:\/\/experienciadevida.com.ar\/portalurbano\/#website\"},\"datePublished\":\"2022-03-30T21:12:13+00:00\",\"dateModified\":\"2022-03-30T21:12:45+00:00\",\"description\":\"Entregaron certificados a referentes literarios de la Unidad N\u00ba 17, los internos referentes del \u201cPabell\u00f3n literario para la libertad\u201d\",\"breadcrumb\":{\"@id\":\"https:\/\/experienciadevida.com.ar\/portalurbano\/entregaron-certificados-a-referentes-literarios-de-la-unidad-no-17\/#breadcrumb\"},\"inLanguage\":\"es\",\"potentialAction\":[{\"@type\":\"ReadAction\",\"target\":[\"https:\/\/experienciadevida.com.ar\/portalurbano\/entregaron-certificados-a-referentes-literarios-de-la-unidad-no-17\/\"]}]},{\"@type\":\"BreadcrumbList\",\"@id\":\"https:\/\/experienciadevida.com.ar\/portalurbano\/entregaron-certificados-a-referentes-literarios-de-la-unidad-no-17\/#breadcrumb\",\"itemListElement\":[{\"@type\":\"ListItem\",\"position\":1,\"name\":\"Portada\",\"item\":\"https:\/\/experienciadevida.com.ar\/portalurbano\/\"},{\"@type\":\"ListItem\",\"position\":2,\"name\":\"Entregaron certificados a referentes literarios de la Unidad N\u00ba 17\"}]},{\"@type\":\"WebSite\",\"@id\":\"https:\/\/experienciadevida.com.ar\/portalurbano\/#website\",\"url\":\"https:\/\/experienciadevida.com.ar\/portalurbano\/\",\"name\":\"\",\"description\":\"\",\"publisher\":{\"@id\":\"https:\/\/experienciadevida.com.ar\/portalurbano\/#organization\"},\"potentialAction\":[{\"@type\":\"SearchAction\",\"target\":{\"@type\":\"EntryPoint\",\"urlTemplate\":\"https:\/\/experienciadevida.com.ar\/portalurbano\/?s={search_term_string}\"},\"query-input\":\"required name=search_term_string\"}],\"inLanguage\":\"es\"},{\"@type\":\"Organization\",\"@id\":\"https:\/\/experienciadevida.com.ar\/portalurbano\/#organization\",\"name\":\"Portal Urbano\",\"url\":\"https:\/\/experienciadevida.com.ar\/portalurbano\/\",\"logo\":{\"@type\":\"ImageObject\",\"inLanguage\":\"es\",\"@id\":\"https:\/\/experienciadevida.com.ar\/portalurbano\/#\/schema\/logo\/image\/\",\"url\":\"https:\/\/experienciadevida.com.ar\/portalurbano\/wp-content\/uploads\/2019\/09\/Logo-Original.png\",\"contentUrl\":\"https:\/\/experienciadevida.com.ar\/portalurbano\/wp-content\/uploads\/2019\/09\/Logo-Original.png\",\"width\":2236,\"height\":1216,\"caption\":\"Portal Urbano\"},\"image\":{\"@id\":\"https:\/\/experienciadevida.com.ar\/portalurbano\/#\/schema\/logo\/image\/\"},\"sameAs\":[\"https:\/\/www.facebook.com\/Portal-Urbano-171542830093757\/\",\"https:\/\/twitter.com\/portalurbanook\",\"https:\/\/www.instagram.com\/_portalurbano\/\",\"https:\/\/www.youtube.com\/channel\/UCXhagIfszH8KxFiOok79zbA?view_as=subscriber\"]},{\"@type\":\"Person\",\"@id\":\"https:\/\/experienciadevida.com.ar\/portalurbano\/#\/schema\/person\/02dd326b1c4b056e9cc972486934a3a7\",\"name\":\"admpu17wp\",\"image\":{\"@type\":\"ImageObject\",\"inLanguage\":\"es\",\"@id\":\"https:\/\/experienciadevida.com.ar\/portalurbano\/#\/schema\/person\/image\/\",\"url\":\"https:\/\/secure.gravatar.com\/avatar\/830d4c57adaae6630765e449a6908047?s=96&d=mm&r=g\",\"contentUrl\":\"https:\/\/secure.gravatar.com\/avatar\/830d4c57adaae6630765e449a6908047?s=96&d=mm&r=g\",\"caption\":\"admpu17wp\"}}]}<\/script>\n<!-- \/ Yoast SEO plugin. -->","yoast_head_json":{"title":"Entregaron certificados a referentes literarios de la Unidad n\u00b017","description":"Entregaron certificados a referentes literarios de la Unidad N\u00ba 17, los internos referentes del \u201cPabell\u00f3n literario para la libertad\u201d","robots":{"index":"index","follow":"follow","max-snippet":"max-snippet:-1","max-image-preview":"max-image-preview:large","max-video-preview":"max-video-preview:-1"},"canonical":"https:\/\/experienciadevida.com.ar\/portalurbano\/entregaron-certificados-a-referentes-literarios-de-la-unidad-no-17\/","og_locale":"es_ES","og_type":"article","og_title":"Entregaron certificados a referentes literarios de la Unidad n\u00b017","og_description":"Entregaron certificados a referentes literarios de la Unidad N\u00ba 17, los internos referentes del \u201cPabell\u00f3n literario para la libertad\u201d","og_url":"https:\/\/experienciadevida.com.ar\/portalurbano\/entregaron-certificados-a-referentes-literarios-de-la-unidad-no-17\/","article_publisher":"https:\/\/www.facebook.com\/Portal-Urbano-171542830093757\/","article_published_time":"2022-03-30T21:12:13+00:00","article_modified_time":"2022-03-30T21:12:45+00:00","og_image":[{"width":1600,"height":900,"url":"https:\/\/experienciadevida.com.ar\/portalurbano\/wp-content\/uploads\/2022\/03\/Entregaron-certificados-a-referentes.jpg","type":"image\/jpeg"}],"author":"admpu17wp","twitter_card":"summary_large_image","twitter_creator":"@portalurbanook","twitter_site":"@portalurbanook","twitter_misc":{"Escrito por":"admpu17wp","Tiempo de lectura":"2 minutos"},"schema":{"@context":"https:\/\/schema.org","@graph":[{"@type":"Article","@id":"https:\/\/experienciadevida.com.ar\/portalurbano\/entregaron-certificados-a-referentes-literarios-de-la-unidad-no-17\/#article","isPartOf":{"@id":"https:\/\/experienciadevida.com.ar\/portalurbano\/entregaron-certificados-a-referentes-literarios-de-la-unidad-no-17\/"},"author":{"name":"admpu17wp","@id":"https:\/\/experienciadevida.com.ar\/portalurbano\/#\/schema\/person\/02dd326b1c4b056e9cc972486934a3a7"},"headline":"Entregaron certificados a referentes literarios de la Unidad N\u00ba 17","datePublished":"2022-03-30T21:12:13+00:00","dateModified":"2022-03-30T21:12:45+00:00","mainEntityOfPage":{"@id":"https:\/\/experienciadevida.com.ar\/portalurbano\/entregaron-certificados-a-referentes-literarios-de-la-unidad-no-17\/"},"wordCount":276,"publisher":{"@id":"https:\/\/experienciadevida.com.ar\/portalurbano\/#organization"},"articleSection":["Ciudad"],"inLanguage":"es"},{"@type":"WebPage","@id":"https:\/\/experienciadevida.com.ar\/portalurbano\/entregaron-certificados-a-referentes-literarios-de-la-unidad-no-17\/","url":"https:\/\/experienciadevida.com.ar\/portalurbano\/entregaron-certificados-a-referentes-literarios-de-la-unidad-no-17\/","name":"Entregaron certificados a referentes literarios de la Unidad n\u00b017","isPartOf":{"@id":"https:\/\/experienciadevida.com.ar\/portalurbano\/#website"},"datePublished":"2022-03-30T21:12:13+00:00","dateModified":"2022-03-30T21:12:45+00:00","description":"Entregaron certificados a referentes literarios de la Unidad N\u00ba 17, los internos referentes del \u201cPabell\u00f3n literario para la libertad\u201d","breadcrumb":{"@id":"https:\/\/experienciadevida.com.ar\/portalurbano\/entregaron-certificados-a-referentes-literarios-de-la-unidad-no-17\/#breadcrumb"},"inLanguage":"es","potentialAction":[{"@type":"ReadAction","target":["https:\/\/experienciadevida.com.ar\/portalurbano\/entregaron-certificados-a-referentes-literarios-de-la-unidad-no-17\/"]}]},{"@type":"BreadcrumbList","@id":"https:\/\/experienciadevida.com.ar\/portalurbano\/entregaron-certificados-a-referentes-literarios-de-la-unidad-no-17\/#breadcrumb","itemListElement":[{"@type":"ListItem","position":1,"name":"Portada","item":"https:\/\/experienciadevida.com.ar\/portalurbano\/"},{"@type":"ListItem","position":2,"name":"Entregaron certificados a referentes literarios de la Unidad N\u00ba 17"}]},{"@type":"WebSite","@id":"https:\/\/experienciadevida.com.ar\/portalurbano\/#website","url":"https:\/\/experienciadevida.com.ar\/portalurbano\/","name":"","description":"","publisher":{"@id":"https:\/\/experienciadevida.com.ar\/portalurbano\/#organization"},"potentialAction":[{"@type":"SearchAction","target":{"@type":"EntryPoint","urlTemplate":"https:\/\/experienciadevida.com.ar\/portalurbano\/?s={search_term_string}"},"query-input":"required name=search_term_string"}],"inLanguage":"es"},{"@type":"Organization","@id":"https:\/\/experienciadevida.com.ar\/portalurbano\/#organization","name":"Portal Urbano","url":"https:\/\/experienciadevida.com.ar\/portalurbano\/","logo":{"@type":"ImageObject","inLanguage":"es","@id":"https:\/\/experienciadevida.com.ar\/portalurbano\/#\/schema\/logo\/image\/","url":"https:\/\/experienciadevida.com.ar\/portalurbano\/wp-content\/uploads\/2019\/09\/Logo-Original.png","contentUrl":"https:\/\/experienciadevida.com.ar\/portalurbano\/wp-content\/uploads\/2019\/09\/Logo-Original.png","width":2236,"height":1216,"caption":"Portal Urbano"},"image":{"@id":"https:\/\/experienciadevida.com.ar\/portalurbano\/#\/schema\/logo\/image\/"},"sameAs":["https:\/\/www.facebook.com\/Portal-Urbano-171542830093757\/","https:\/\/twitter.com\/portalurbanook","https:\/\/www.instagram.com\/_portalurbano\/","https:\/\/www.youtube.com\/channel\/UCXhagIfszH8KxFiOok79zbA?view_as=subscriber"]},{"@type":"Person","@id":"https:\/\/experienciadevida.com.ar\/portalurbano\/#\/schema\/person\/02dd326b1c4b056e9cc972486934a3a7","name":"admpu17wp","image":{"@type":"ImageObject","inLanguage":"es","@id":"https:\/\/experienciadevida.com.ar\/portalurbano\/#\/schema\/person\/image\/","url":"https:\/\/secure.gravatar.com\/avatar\/830d4c57adaae6630765e449a6908047?s=96&d=mm&r=g","contentUrl":"https:\/\/secure.gravatar.com\/avatar\/830d4c57adaae6630765e449a6908047?s=96&d=mm&r=g","caption":"admpu17wp"}}]}},"featured_image_urls":{"full":["https:\/\/experienciadevida.com.ar\/portalurbano\/wp-content\/uploads\/2022\/03\/Entregaron-certificados-a-referentes.jpg",1600,900,false],"thumbnail":["https:\/\/experienciadevida.com.ar\/portalurbano\/wp-content\/uploads\/2022\/03\/Entregaron-certificados-a-referentes-150x150.jpg",150,150,true],"medium":["https:\/\/experienciadevida.com.ar\/portalurbano\/wp-content\/uploads\/2022\/03\/Entregaron-certificados-a-referentes-300x169.jpg",300,169,true],"medium_large":["https:\/\/experienciadevida.com.ar\/portalurbano\/wp-content\/uploads\/2022\/03\/Entregaron-certificados-a-referentes-768x432.jpg",640,360,true],"large":["https:\/\/experienciadevida.com.ar\/portalurbano\/wp-content\/uploads\/2022\/03\/Entregaron-certificados-a-referentes-1024x576.jpg",640,360,true],"ug_big":["https:\/\/experienciadevida.com.ar\/portalurbano\/wp-content\/uploads\/2022\/03\/Entregaron-certificados-a-referentes-768x432.jpg",768,432,true],"1536x1536":["https:\/\/experienciadevida.com.ar\/portalurbano\/wp-content\/uploads\/2022\/03\/Entregaron-certificados-a-referentes-1536x864.jpg",1536,864,true],"2048x2048":["https:\/\/experienciadevida.com.ar\/portalurbano\/wp-content\/uploads\/2022\/03\/Entregaron-certificados-a-referentes.jpg",1600,900,false],"newsever-slider-full":["https:\/\/experienciadevida.com.ar\/portalurbano\/wp-content\/uploads\/2022\/03\/Entregaron-certificados-a-referentes.jpg",1280,720,false],"newsever-featured":["https:\/\/experienciadevida.com.ar\/portalurbano\/wp-content\/uploads\/2022\/03\/Entregaron-certificados-a-referentes.jpg",1024,576,false],"newsever-medium":["https:\/\/experienciadevida.com.ar\/portalurbano\/wp-content\/uploads\/2022\/03\/Entregaron-certificados-a-referentes.jpg",720,405,false],"web-stories-poster-portrait":["https:\/\/experienciadevida.com.ar\/portalurbano\/wp-content\/uploads\/2022\/03\/Entregaron-certificados-a-referentes.jpg",640,360,false],"web-stories-publisher-logo":["https:\/\/experienciadevida.com.ar\/portalurbano\/wp-content\/uploads\/2022\/03\/Entregaron-certificados-a-referentes.jpg",96,54,false],"web-stories-thumbnail":["https:\/\/experienciadevida.com.ar\/portalurbano\/wp-content\/uploads\/2022\/03\/Entregaron-certificados-a-referentes.jpg",150,84,false]},"author_info":{"display_name":"admpu17wp","author_link":"https:\/\/experienciadevida.com.ar\/portalurbano\/author\/admpu17wp\/"},"category_info":"<a href=\"https:\/\/experienciadevida.com.ar\/portalurbano\/category\/ciudad\/\" rel=\"category tag\">Ciudad<\/a>","tag_info":"Ciudad","comment_count":"0","amp_enabled":true,"_links":{"self":[{"href":"https:\/\/experienciadevida.com.ar\/portalurbano\/wp-json\/wp\/v2\/posts\/164609"}],"collection":[{"href":"https:\/\/experienciadevida.com.ar\/portalurbano\/wp-json\/wp\/v2\/posts"}],"about":[{"href":"https:\/\/experienciadevida.com.ar\/portalurbano\/wp-json\/wp\/v2\/types\/post"}],"author":[{"embeddable":true,"href":"https:\/\/experienciadevida.com.ar\/portalurbano\/wp-json\/wp\/v2\/users\/1"}],"replies":[{"embeddable":true,"href":"https:\/\/experienciadevida.com.ar\/portalurbano\/wp-json\/wp\/v2\/comments?post=164609"}],"version-history":[{"count":1,"href":"https:\/\/experienciadevida.com.ar\/portalurbano\/wp-json\/wp\/v2\/posts\/164609\/revisions"}],"predecessor-version":[{"id":164612,"href":"https:\/\/experienciadevida.com.ar\/portalurbano\/wp-json\/wp\/v2\/posts\/164609\/revisions\/164612"}],"wp:featuredmedia":[{"embeddable":true,"href":"https:\/\/experienciadevida.com.ar\/portalurbano\/wp-json\/wp\/v2\/media\/164611"}],"wp:attachment":[{"href":"https:\/\/experienciadevida.com.ar\/portalurbano\/wp-json\/wp\/v2\/media?parent=164609"}],"wp:term":[{"taxonomy":"category","embeddable":true,"href":"https:\/\/experienciadevida.com.ar\/portalurbano\/wp-json\/wp\/v2\/categories?post=164609"},{"taxonomy":"post_tag","embeddable":true,"href":"https:\/\/experienciadevida.com.ar\/portalurbano\/wp-json\/wp\/v2\/tags?post=164609"}],"curies":[{"name":"wp","href":"https:\/\/api.w.org\/{rel}","templated":true}]}}