{"id":164604,"date":"2022-03-30T16:20:20","date_gmt":"2022-03-30T19:20:20","guid":{"rendered":"https:\/\/experienciadevida.com.ar\/portalurbano\/?p=164604"},"modified":"2022-03-30T16:21:02","modified_gmt":"2022-03-30T19:21:02","slug":"el-potrero-de-la-fio-que-volvio-a-latir","status":"publish","type":"post","link":"https:\/\/experienciadevida.com.ar\/portalurbano\/el-potrero-de-la-fio-que-volvio-a-latir\/","title":{"rendered":"El potrero de la FIO que volvi\u00f3 a latir"},"content":{"rendered":"<p>El potrero de la FIO que volvi\u00f3 a latir, son 25 que visten la misma camiseta y gambetean dispuestos a ganar m\u00e1s v\u00ednculos que tiros al arco. Todos son parte de la comunidad <a href=\"https:\/\/www.facebook.com\/FIO.UNICEN\">FIO<\/a> y acaban de poner en condiciones la cancha del campus universitario adem\u00e1s de redefinir objetivos. La pandemia los impact\u00f3 pero hab\u00eda equipo y se not\u00f3.<\/p>\n<p>Acaban de nivelar el suelo y ya pintaron las l\u00edneas del campo de juego, adem\u00e1s pretenden sumar un buen sistema de riego y, en el corto plazo, anexar unos bancos de suplentes. Ya se respira el f\u00fatbol de siempre y todos lo han hecho posible: muchos estudiantes, un pu\u00f1ado de docentes y graduados m\u00e1s alg\u00fan amigo invitado son los que rinden tributo a la pelota cada vez que pueden. Entrenan -pocas veces todos juntos porque cuesta congeniar horarios- en el campus, el gimnasio o el parque. Y lo hacen con energ\u00edas renovadas, despu\u00e9s de la enorme pausa que les impuso la pandemia.<\/p>\n<p>El sello FIO sigue presente en cada rinc\u00f3n de esa canchita que permaneci\u00f3 muda en 2020 y poco a poco fue recuperando su m\u00edstica, con encuentros cuidados y redefinidos a fuerza de Covid.<\/p>\n<p>\u201cEl proyecto de competir en el f\u00fatbol ya viene instalado desde hace varios a\u00f1os, incluso antes de que yo ingresara, en 2016. Y tiene varios objetivos, el primero es tener una actividad extracurricular donde tambi\u00e9n se aplica una cuota en lo sociable con chicos que forman parte de la misma facultad\u201d, cuenta con entusiasmo Joaqu\u00edn Stular, estudiante y delegado del equipo que ostenta la camiseta de la Facultad de Ingenier\u00eda de Olavarr\u00eda.<\/p>\n<p>Otra meta era disponer de \u201cla mayor cantidad de jugadores que pertenezcan a la facultad por las Olimp\u00edadas\u201d de la UNICEN, que tienen como escenario la sede central de la universidad, en Tandil, seg\u00fan comenta el joven de 25 a\u00f1os que estudia Ingenier\u00eda Civil.<\/p>\n<p><a href=\"https:\/\/experienciadevida.com.ar\/portalurbano\/el-potrero-de-la-fio-que-volvio-a-latir\/el-8\/\" rel=\"attachment wp-att-164606\"><img decoding=\"async\" class=\"alignnone size-large wp-image-164606\" src=\"https:\/\/experienciadevida.com.ar\/portalurbano\/wp-content\/uploads\/2022\/03\/El-1-853x1024.jpeg\" alt=\"El \" width=\"853\" height=\"1024\" srcset=\"https:\/\/experienciadevida.com.ar\/portalurbano\/wp-content\/uploads\/2022\/03\/El-1-853x1024.jpeg 853w, https:\/\/experienciadevida.com.ar\/portalurbano\/wp-content\/uploads\/2022\/03\/El-1-250x300.jpeg 250w, https:\/\/experienciadevida.com.ar\/portalurbano\/wp-content\/uploads\/2022\/03\/El-1-768x922.jpeg 768w, https:\/\/experienciadevida.com.ar\/portalurbano\/wp-content\/uploads\/2022\/03\/El-1-640x768.jpeg 640w, https:\/\/experienciadevida.com.ar\/portalurbano\/wp-content\/uploads\/2022\/03\/El-1.jpeg 1080w\" sizes=\"(max-width: 853px) 100vw, 853px\" \/><\/a><\/p>\n<p>La esencia del equipo<\/p>\n<p>El equipo consta de 25 jugadores. La mayor\u00eda son alumnos que cursan diferentes carreras en la FIO y que est\u00e1n dispuestos a gambetear junto a tres docentes de la facultad, alg\u00fan ingeniero reci\u00e9n recibido y un par de conocidos que completan la formaci\u00f3n.<\/p>\n<p>\u201cNos apoya la facultad d\u00e1ndonos los materiales para mantener la cancha en gran medida\u201d, valora Joaqu\u00edn Stular que cumple a rajatablas las t\u00e1cticas de su entrenador, que es \u201cel pap\u00e1 de uno de los chicos\u201d y oficia de \u201cnuestro director t\u00e9cnico todos los s\u00e1bados\u201d.<\/p>\n<p>Calzarse la camiseta y encontrar un d\u00eda y horario para armar un picadito no resulta sencillo. \u201cActualmente por temas de horario de la facultad no estamos coincidiendo muchos para poder entrenar pero lo hac\u00edamos y la idea es hacerlo para estar en forma. Practic\u00e1bamos en la cancha de la Facultad, a la tarde\u201d pero si no \u201ccada uno se entrena particularmente por temas de horario en el gimnasio o corriendo en el parque\u201d, plantea el delegado.<\/p>\n<p>Volver, aunque fuera en modo Covid y con protocolo mediante, fue muy movilizador porque es un \u201cespacio que significa mucho para varios, ya que todos los que estamos en el equipo amamos el f\u00fatbol y a\u00fan m\u00e1s este f\u00fatbol amateur y tambi\u00e9n tiene su importancia el tema social ya que hac\u00e9s varios amigos y disfrut\u00e1s todos los findes una jornada entre todos, siempre apuntando a la diversi\u00f3n y en parte en lo competitivo\u201d, se\u00f1ala el joven que en 2021 pudo desempolvar sus botines.<\/p>\n<p>La alegr\u00eda de volver a patear la pelota fue doble porque \u201cjusto antes de la pandemia hab\u00edamos empezado fuertemente en este proyecto de la facultad con un chico que ahora est\u00e1 recibido y trabajando en Buenos Aires. Todo estaba saliendo bien y por buen camino as\u00ed que el golpe fue en todos los aspectos, individualmente y tambi\u00e9n al equipo\u201d, grafica con pesar Joaqu\u00edn Stular.<\/p>\n<p>Despu\u00e9s de un a\u00f1o, pudieron retomar aquellos encuentros dentro y fuera del campus universitario, ubicando en un mismo escenario las rodilleras, los barbijos y el alcohol en gel.<\/p>\n<p>Salir a la cancha:<\/p>\n<p>El potrero de la FIO que volvi\u00f3 a latir, &#8220;ahora ya estamos m\u00e1s tranquilos y relajados haciendo lo que nos gusta y trabajando libremente para seguir sumando\u201d, celebra Joaqu\u00edn Stular, con los juegos ol\u00edmpicos 2022 en la cabeza y los cortos listos para pisar con firmeza el suelo tandilense.<\/p>\n<p>Todos salieron a la cancha, la acondicionaron y cuidaron cada detalle. \u201cEmpezamos con un poco de nivelaci\u00f3n y pintado de l\u00edneas pero tenemos m\u00e1s proyectos como darle un buen regado y mantenimiento, adem\u00e1s de la idea de hacer unos bancos de suplentes de material que cubran del sol\u201d, comenta el delegado y vocero del equipo.<\/p>\n<p>Hubo varias manos que ayudaron a cambiarle la cara a esa canchita de la FIO. \u201cAyudaron fuertemente Joaqu\u00edn Domato y Federico Ponce, que son dos amigos docentes de la Facultad, con el apoyo de El\u00edas Dom\u00ednguez, un chico recibido recientemente de Agrimensor que ayud\u00f3 con las medidas del campo\u201d, apunta Stular.<\/p>\n<p>La gesti\u00f3n de Ingenier\u00eda tambi\u00e9n abri\u00f3 el juego y, encabezada por el ingeniero N\u00e9stor Ferreyra, a cargo de la Secretar\u00eda General, \u201cnos ayud\u00f3 con todas las inquietudes y puso a disposici\u00f3n materiales y herramientas. Tambi\u00e9n colaboraron los dem\u00e1s chicos que son parte del equipo y lo hicieron en la medida que pod\u00edan\u201d, destaca sobre el final Joaqu\u00edn Stular, con la camiseta verde a rayas preparada para salir al pr\u00f3ximo encuentro y, de paso, jugar un rato al f\u00fatbol en ese potrero universitario que sin dudas ha vuelto a latir.<\/p>\n","protected":false},"excerpt":{"rendered":"<p>El potrero de la FIO que volvi\u00f3 a latir, son 25 que visten la misma&#8230;<\/p>\n","protected":false},"author":1,"featured_media":164605,"comment_status":"closed","ping_status":"closed","sticky":false,"template":"","format":"standard","meta":{"content-type":""},"categories":[31],"tags":[],"nelio_content":{"isAutoShareEnabled":false,"autoShareEndMode":"default","automationSources":{"useContentSentences":true,"useSocialTemplates":true,"useCustomSentences":false,"customSentences":[]},"followers":[1],"suggestedReferences":[],"includedReferences":[],"efiUrl":"","efiAlt":"","highlights":[]},"yoast_head":"<!-- This site is optimized with the Yoast SEO plugin v20.7 - https:\/\/yoast.com\/wordpress\/plugins\/seo\/ -->\n<title>El potrero de la FIO que volvi\u00f3 a latir<\/title>\n<meta name=\"description\" content=\"El potrero de la FIO que volvi\u00f3 a latir, son 25 que visten la misma camiseta y gambetean dispuestos a ganar m\u00e1s v\u00ednculos que tiros al arco\" \/>\n<meta name=\"robots\" content=\"index, follow, max-snippet:-1, max-image-preview:large, max-video-preview:-1\" \/>\n<link rel=\"canonical\" href=\"https:\/\/experienciadevida.com.ar\/portalurbano\/el-potrero-de-la-fio-que-volvio-a-latir\/\" \/>\n<meta property=\"og:locale\" content=\"es_ES\" \/>\n<meta property=\"og:type\" content=\"article\" \/>\n<meta property=\"og:title\" content=\"El potrero de la FIO que volvi\u00f3 a latir\" \/>\n<meta property=\"og:description\" content=\"El potrero de la FIO que volvi\u00f3 a latir, son 25 que visten la misma camiseta y gambetean dispuestos a ganar m\u00e1s v\u00ednculos que tiros al arco\" \/>\n<meta property=\"og:url\" content=\"https:\/\/experienciadevida.com.ar\/portalurbano\/el-potrero-de-la-fio-que-volvio-a-latir\/\" \/>\n<meta property=\"article:publisher\" content=\"https:\/\/www.facebook.com\/Portal-Urbano-171542830093757\/\" \/>\n<meta property=\"article:published_time\" content=\"2022-03-30T19:20:20+00:00\" \/>\n<meta property=\"article:modified_time\" content=\"2022-03-30T19:21:02+00:00\" \/>\n<meta property=\"og:image\" content=\"https:\/\/experienciadevida.com.ar\/portalurbano\/wp-content\/uploads\/2022\/03\/El-potrero-de-la-FIO.jpeg\" \/>\n\t<meta property=\"og:image:width\" content=\"1227\" \/>\n\t<meta property=\"og:image:height\" content=\"552\" \/>\n\t<meta property=\"og:image:type\" content=\"image\/jpeg\" \/>\n<meta name=\"author\" content=\"admpu17wp\" \/>\n<meta name=\"twitter:card\" content=\"summary_large_image\" \/>\n<meta name=\"twitter:creator\" content=\"@portalurbanook\" \/>\n<meta name=\"twitter:site\" content=\"@portalurbanook\" \/>\n<meta name=\"twitter:label1\" content=\"Escrito por\" \/>\n\t<meta name=\"twitter:data1\" content=\"admpu17wp\" \/>\n\t<meta name=\"twitter:label2\" content=\"Tiempo de lectura\" \/>\n\t<meta name=\"twitter:data2\" content=\"5 minutos\" \/>\n<script type=\"application\/ld+json\" class=\"yoast-schema-graph\">{\"@context\":\"https:\/\/schema.org\",\"@graph\":[{\"@type\":\"Article\",\"@id\":\"https:\/\/experienciadevida.com.ar\/portalurbano\/el-potrero-de-la-fio-que-volvio-a-latir\/#article\",\"isPartOf\":{\"@id\":\"https:\/\/experienciadevida.com.ar\/portalurbano\/el-potrero-de-la-fio-que-volvio-a-latir\/\"},\"author\":{\"name\":\"admpu17wp\",\"@id\":\"https:\/\/experienciadevida.com.ar\/portalurbano\/#\/schema\/person\/02dd326b1c4b056e9cc972486934a3a7\"},\"headline\":\"El potrero de la FIO que volvi\u00f3 a latir\",\"datePublished\":\"2022-03-30T19:20:20+00:00\",\"dateModified\":\"2022-03-30T19:21:02+00:00\",\"mainEntityOfPage\":{\"@id\":\"https:\/\/experienciadevida.com.ar\/portalurbano\/el-potrero-de-la-fio-que-volvio-a-latir\/\"},\"wordCount\":976,\"publisher\":{\"@id\":\"https:\/\/experienciadevida.com.ar\/portalurbano\/#organization\"},\"articleSection\":[\"Educaci\u00f3n\"],\"inLanguage\":\"es\"},{\"@type\":\"WebPage\",\"@id\":\"https:\/\/experienciadevida.com.ar\/portalurbano\/el-potrero-de-la-fio-que-volvio-a-latir\/\",\"url\":\"https:\/\/experienciadevida.com.ar\/portalurbano\/el-potrero-de-la-fio-que-volvio-a-latir\/\",\"name\":\"El potrero de la FIO que volvi\u00f3 a latir\",\"isPartOf\":{\"@id\":\"https:\/\/experienciadevida.com.ar\/portalurbano\/#website\"},\"datePublished\":\"2022-03-30T19:20:20+00:00\",\"dateModified\":\"2022-03-30T19:21:02+00:00\",\"description\":\"El potrero de la FIO que volvi\u00f3 a latir, son 25 que visten la misma camiseta y gambetean dispuestos a ganar m\u00e1s v\u00ednculos que tiros al arco\",\"breadcrumb\":{\"@id\":\"https:\/\/experienciadevida.com.ar\/portalurbano\/el-potrero-de-la-fio-que-volvio-a-latir\/#breadcrumb\"},\"inLanguage\":\"es\",\"potentialAction\":[{\"@type\":\"ReadAction\",\"target\":[\"https:\/\/experienciadevida.com.ar\/portalurbano\/el-potrero-de-la-fio-que-volvio-a-latir\/\"]}]},{\"@type\":\"BreadcrumbList\",\"@id\":\"https:\/\/experienciadevida.com.ar\/portalurbano\/el-potrero-de-la-fio-que-volvio-a-latir\/#breadcrumb\",\"itemListElement\":[{\"@type\":\"ListItem\",\"position\":1,\"name\":\"Portada\",\"item\":\"https:\/\/experienciadevida.com.ar\/portalurbano\/\"},{\"@type\":\"ListItem\",\"position\":2,\"name\":\"El potrero de la FIO que volvi\u00f3 a latir\"}]},{\"@type\":\"WebSite\",\"@id\":\"https:\/\/experienciadevida.com.ar\/portalurbano\/#website\",\"url\":\"https:\/\/experienciadevida.com.ar\/portalurbano\/\",\"name\":\"\",\"description\":\"\",\"publisher\":{\"@id\":\"https:\/\/experienciadevida.com.ar\/portalurbano\/#organization\"},\"potentialAction\":[{\"@type\":\"SearchAction\",\"target\":{\"@type\":\"EntryPoint\",\"urlTemplate\":\"https:\/\/experienciadevida.com.ar\/portalurbano\/?s={search_term_string}\"},\"query-input\":\"required name=search_term_string\"}],\"inLanguage\":\"es\"},{\"@type\":\"Organization\",\"@id\":\"https:\/\/experienciadevida.com.ar\/portalurbano\/#organization\",\"name\":\"Portal Urbano\",\"url\":\"https:\/\/experienciadevida.com.ar\/portalurbano\/\",\"logo\":{\"@type\":\"ImageObject\",\"inLanguage\":\"es\",\"@id\":\"https:\/\/experienciadevida.com.ar\/portalurbano\/#\/schema\/logo\/image\/\",\"url\":\"https:\/\/experienciadevida.com.ar\/portalurbano\/wp-content\/uploads\/2019\/09\/Logo-Original.png\",\"contentUrl\":\"https:\/\/experienciadevida.com.ar\/portalurbano\/wp-content\/uploads\/2019\/09\/Logo-Original.png\",\"width\":2236,\"height\":1216,\"caption\":\"Portal Urbano\"},\"image\":{\"@id\":\"https:\/\/experienciadevida.com.ar\/portalurbano\/#\/schema\/logo\/image\/\"},\"sameAs\":[\"https:\/\/www.facebook.com\/Portal-Urbano-171542830093757\/\",\"https:\/\/twitter.com\/portalurbanook\",\"https:\/\/www.instagram.com\/_portalurbano\/\",\"https:\/\/www.youtube.com\/channel\/UCXhagIfszH8KxFiOok79zbA?view_as=subscriber\"]},{\"@type\":\"Person\",\"@id\":\"https:\/\/experienciadevida.com.ar\/portalurbano\/#\/schema\/person\/02dd326b1c4b056e9cc972486934a3a7\",\"name\":\"admpu17wp\",\"image\":{\"@type\":\"ImageObject\",\"inLanguage\":\"es\",\"@id\":\"https:\/\/experienciadevida.com.ar\/portalurbano\/#\/schema\/person\/image\/\",\"url\":\"https:\/\/secure.gravatar.com\/avatar\/830d4c57adaae6630765e449a6908047?s=96&d=mm&r=g\",\"contentUrl\":\"https:\/\/secure.gravatar.com\/avatar\/830d4c57adaae6630765e449a6908047?s=96&d=mm&r=g\",\"caption\":\"admpu17wp\"}}]}<\/script>\n<!-- \/ Yoast SEO plugin. -->","yoast_head_json":{"title":"El potrero de la FIO que volvi\u00f3 a latir","description":"El potrero de la FIO que volvi\u00f3 a latir, son 25 que visten la misma camiseta y gambetean dispuestos a ganar m\u00e1s v\u00ednculos que tiros al arco","robots":{"index":"index","follow":"follow","max-snippet":"max-snippet:-1","max-image-preview":"max-image-preview:large","max-video-preview":"max-video-preview:-1"},"canonical":"https:\/\/experienciadevida.com.ar\/portalurbano\/el-potrero-de-la-fio-que-volvio-a-latir\/","og_locale":"es_ES","og_type":"article","og_title":"El potrero de la FIO que volvi\u00f3 a latir","og_description":"El potrero de la FIO que volvi\u00f3 a latir, son 25 que visten la misma camiseta y gambetean dispuestos a ganar m\u00e1s v\u00ednculos que tiros al arco","og_url":"https:\/\/experienciadevida.com.ar\/portalurbano\/el-potrero-de-la-fio-que-volvio-a-latir\/","article_publisher":"https:\/\/www.facebook.com\/Portal-Urbano-171542830093757\/","article_published_time":"2022-03-30T19:20:20+00:00","article_modified_time":"2022-03-30T19:21:02+00:00","og_image":[{"width":1227,"height":552,"url":"https:\/\/experienciadevida.com.ar\/portalurbano\/wp-content\/uploads\/2022\/03\/El-potrero-de-la-FIO.jpeg","type":"image\/jpeg"}],"author":"admpu17wp","twitter_card":"summary_large_image","twitter_creator":"@portalurbanook","twitter_site":"@portalurbanook","twitter_misc":{"Escrito por":"admpu17wp","Tiempo de lectura":"5 minutos"},"schema":{"@context":"https:\/\/schema.org","@graph":[{"@type":"Article","@id":"https:\/\/experienciadevida.com.ar\/portalurbano\/el-potrero-de-la-fio-que-volvio-a-latir\/#article","isPartOf":{"@id":"https:\/\/experienciadevida.com.ar\/portalurbano\/el-potrero-de-la-fio-que-volvio-a-latir\/"},"author":{"name":"admpu17wp","@id":"https:\/\/experienciadevida.com.ar\/portalurbano\/#\/schema\/person\/02dd326b1c4b056e9cc972486934a3a7"},"headline":"El potrero de la FIO que volvi\u00f3 a latir","datePublished":"2022-03-30T19:20:20+00:00","dateModified":"2022-03-30T19:21:02+00:00","mainEntityOfPage":{"@id":"https:\/\/experienciadevida.com.ar\/portalurbano\/el-potrero-de-la-fio-que-volvio-a-latir\/"},"wordCount":976,"publisher":{"@id":"https:\/\/experienciadevida.com.ar\/portalurbano\/#organization"},"articleSection":["Educaci\u00f3n"],"inLanguage":"es"},{"@type":"WebPage","@id":"https:\/\/experienciadevida.com.ar\/portalurbano\/el-potrero-de-la-fio-que-volvio-a-latir\/","url":"https:\/\/experienciadevida.com.ar\/portalurbano\/el-potrero-de-la-fio-que-volvio-a-latir\/","name":"El potrero de la FIO que volvi\u00f3 a latir","isPartOf":{"@id":"https:\/\/experienciadevida.com.ar\/portalurbano\/#website"},"datePublished":"2022-03-30T19:20:20+00:00","dateModified":"2022-03-30T19:21:02+00:00","description":"El potrero de la FIO que volvi\u00f3 a latir, son 25 que visten la misma camiseta y gambetean dispuestos a ganar m\u00e1s v\u00ednculos que tiros al arco","breadcrumb":{"@id":"https:\/\/experienciadevida.com.ar\/portalurbano\/el-potrero-de-la-fio-que-volvio-a-latir\/#breadcrumb"},"inLanguage":"es","potentialAction":[{"@type":"ReadAction","target":["https:\/\/experienciadevida.com.ar\/portalurbano\/el-potrero-de-la-fio-que-volvio-a-latir\/"]}]},{"@type":"BreadcrumbList","@id":"https:\/\/experienciadevida.com.ar\/portalurbano\/el-potrero-de-la-fio-que-volvio-a-latir\/#breadcrumb","itemListElement":[{"@type":"ListItem","position":1,"name":"Portada","item":"https:\/\/experienciadevida.com.ar\/portalurbano\/"},{"@type":"ListItem","position":2,"name":"El potrero de la FIO que volvi\u00f3 a latir"}]},{"@type":"WebSite","@id":"https:\/\/experienciadevida.com.ar\/portalurbano\/#website","url":"https:\/\/experienciadevida.com.ar\/portalurbano\/","name":"","description":"","publisher":{"@id":"https:\/\/experienciadevida.com.ar\/portalurbano\/#organization"},"potentialAction":[{"@type":"SearchAction","target":{"@type":"EntryPoint","urlTemplate":"https:\/\/experienciadevida.com.ar\/portalurbano\/?s={search_term_string}"},"query-input":"required name=search_term_string"}],"inLanguage":"es"},{"@type":"Organization","@id":"https:\/\/experienciadevida.com.ar\/portalurbano\/#organization","name":"Portal Urbano","url":"https:\/\/experienciadevida.com.ar\/portalurbano\/","logo":{"@type":"ImageObject","inLanguage":"es","@id":"https:\/\/experienciadevida.com.ar\/portalurbano\/#\/schema\/logo\/image\/","url":"https:\/\/experienciadevida.com.ar\/portalurbano\/wp-content\/uploads\/2019\/09\/Logo-Original.png","contentUrl":"https:\/\/experienciadevida.com.ar\/portalurbano\/wp-content\/uploads\/2019\/09\/Logo-Original.png","width":2236,"height":1216,"caption":"Portal Urbano"},"image":{"@id":"https:\/\/experienciadevida.com.ar\/portalurbano\/#\/schema\/logo\/image\/"},"sameAs":["https:\/\/www.facebook.com\/Portal-Urbano-171542830093757\/","https:\/\/twitter.com\/portalurbanook","https:\/\/www.instagram.com\/_portalurbano\/","https:\/\/www.youtube.com\/channel\/UCXhagIfszH8KxFiOok79zbA?view_as=subscriber"]},{"@type":"Person","@id":"https:\/\/experienciadevida.com.ar\/portalurbano\/#\/schema\/person\/02dd326b1c4b056e9cc972486934a3a7","name":"admpu17wp","image":{"@type":"ImageObject","inLanguage":"es","@id":"https:\/\/experienciadevida.com.ar\/portalurbano\/#\/schema\/person\/image\/","url":"https:\/\/secure.gravatar.com\/avatar\/830d4c57adaae6630765e449a6908047?s=96&d=mm&r=g","contentUrl":"https:\/\/secure.gravatar.com\/avatar\/830d4c57adaae6630765e449a6908047?s=96&d=mm&r=g","caption":"admpu17wp"}}]}},"featured_image_urls":{"full":["https:\/\/experienciadevida.com.ar\/portalurbano\/wp-content\/uploads\/2022\/03\/El-potrero-de-la-FIO.jpeg",1227,552,false],"thumbnail":["https:\/\/experienciadevida.com.ar\/portalurbano\/wp-content\/uploads\/2022\/03\/El-potrero-de-la-FIO-150x150.jpeg",150,150,true],"medium":["https:\/\/experienciadevida.com.ar\/portalurbano\/wp-content\/uploads\/2022\/03\/El-potrero-de-la-FIO-300x135.jpeg",300,135,true],"medium_large":["https:\/\/experienciadevida.com.ar\/portalurbano\/wp-content\/uploads\/2022\/03\/El-potrero-de-la-FIO-768x346.jpeg",640,288,true],"large":["https:\/\/experienciadevida.com.ar\/portalurbano\/wp-content\/uploads\/2022\/03\/El-potrero-de-la-FIO-1024x461.jpeg",640,288,true],"ug_big":["https:\/\/experienciadevida.com.ar\/portalurbano\/wp-content\/uploads\/2022\/03\/El-potrero-de-la-FIO-768x346.jpeg",768,346,true],"1536x1536":["https:\/\/experienciadevida.com.ar\/portalurbano\/wp-content\/uploads\/2022\/03\/El-potrero-de-la-FIO.jpeg",1227,552,false],"2048x2048":["https:\/\/experienciadevida.com.ar\/portalurbano\/wp-content\/uploads\/2022\/03\/El-potrero-de-la-FIO.jpeg",1227,552,false],"newsever-slider-full":["https:\/\/experienciadevida.com.ar\/portalurbano\/wp-content\/uploads\/2022\/03\/El-potrero-de-la-FIO.jpeg",1227,552,false],"newsever-featured":["https:\/\/experienciadevida.com.ar\/portalurbano\/wp-content\/uploads\/2022\/03\/El-potrero-de-la-FIO.jpeg",1024,461,false],"newsever-medium":["https:\/\/experienciadevida.com.ar\/portalurbano\/wp-content\/uploads\/2022\/03\/El-potrero-de-la-FIO.jpeg",720,324,false],"web-stories-poster-portrait":["https:\/\/experienciadevida.com.ar\/portalurbano\/wp-content\/uploads\/2022\/03\/El-potrero-de-la-FIO.jpeg",640,288,false],"web-stories-publisher-logo":["https:\/\/experienciadevida.com.ar\/portalurbano\/wp-content\/uploads\/2022\/03\/El-potrero-de-la-FIO.jpeg",96,43,false],"web-stories-thumbnail":["https:\/\/experienciadevida.com.ar\/portalurbano\/wp-content\/uploads\/2022\/03\/El-potrero-de-la-FIO.jpeg",150,67,false]},"author_info":{"display_name":"admpu17wp","author_link":"https:\/\/experienciadevida.com.ar\/portalurbano\/author\/admpu17wp\/"},"category_info":"<a href=\"https:\/\/experienciadevida.com.ar\/portalurbano\/category\/ciudad\/educacion\/\" rel=\"category tag\">Educaci\u00f3n<\/a>","tag_info":"Educaci\u00f3n","comment_count":"0","amp_enabled":true,"_links":{"self":[{"href":"https:\/\/experienciadevida.com.ar\/portalurbano\/wp-json\/wp\/v2\/posts\/164604"}],"collection":[{"href":"https:\/\/experienciadevida.com.ar\/portalurbano\/wp-json\/wp\/v2\/posts"}],"about":[{"href":"https:\/\/experienciadevida.com.ar\/portalurbano\/wp-json\/wp\/v2\/types\/post"}],"author":[{"embeddable":true,"href":"https:\/\/experienciadevida.com.ar\/portalurbano\/wp-json\/wp\/v2\/users\/1"}],"replies":[{"embeddable":true,"href":"https:\/\/experienciadevida.com.ar\/portalurbano\/wp-json\/wp\/v2\/comments?post=164604"}],"version-history":[{"count":2,"href":"https:\/\/experienciadevida.com.ar\/portalurbano\/wp-json\/wp\/v2\/posts\/164604\/revisions"}],"predecessor-version":[{"id":164608,"href":"https:\/\/experienciadevida.com.ar\/portalurbano\/wp-json\/wp\/v2\/posts\/164604\/revisions\/164608"}],"wp:featuredmedia":[{"embeddable":true,"href":"https:\/\/experienciadevida.com.ar\/portalurbano\/wp-json\/wp\/v2\/media\/164605"}],"wp:attachment":[{"href":"https:\/\/experienciadevida.com.ar\/portalurbano\/wp-json\/wp\/v2\/media?parent=164604"}],"wp:term":[{"taxonomy":"category","embeddable":true,"href":"https:\/\/experienciadevida.com.ar\/portalurbano\/wp-json\/wp\/v2\/categories?post=164604"},{"taxonomy":"post_tag","embeddable":true,"href":"https:\/\/experienciadevida.com.ar\/portalurbano\/wp-json\/wp\/v2\/tags?post=164604"}],"curies":[{"name":"wp","href":"https:\/\/api.w.org\/{rel}","templated":true}]}}