{"id":164600,"date":"2022-03-30T16:12:44","date_gmt":"2022-03-30T19:12:44","guid":{"rendered":"https:\/\/experienciadevida.com.ar\/portalurbano\/?p=164600"},"modified":"2022-03-30T16:13:07","modified_gmt":"2022-03-30T19:13:07","slug":"oscar-espinoza-recurrimos-a-jovenes-profesionales-para-la-reingenieria-de-fanazul","status":"publish","type":"post","link":"https:\/\/experienciadevida.com.ar\/portalurbano\/oscar-espinoza-recurrimos-a-jovenes-profesionales-para-la-reingenieria-de-fanazul\/","title":{"rendered":"Oscar Espinoza: \u201cRecurrimos a j\u00f3venes profesionales para la reingenier\u00eda de FANAZUL\u201d"},"content":{"rendered":"<p>Oscar Espinoza: \u201cRecurrimos a j\u00f3venes profesionales para la reingenier\u00eda de FANAZUL\u201d, Docente de la <a href=\"https:\/\/www.facebook.com\/FIO.UNICEN\">FIO<\/a> y director de la F\u00e1brica militar de p\u00f3lvora y explosivos de Azul.<\/p>\n<p>Egresado de Ingenier\u00eda Qu\u00edmica, desarrolla una de sus vocaciones ejerciendo como docente en el Departamento de Ingenier\u00eda Qu\u00edmica y Tecnolog\u00eda de los Alimentos de la FIO; all\u00ed, es profesor Asociado y adem\u00e1s coordina los Proyectos finales de carrera y de las Pr\u00e1cticas profesionales supervisadas. Su reconocimiento en la regi\u00f3n, sin embargo, se da a trav\u00e9s de su condici\u00f3n de director de la F\u00e1brica militar de p\u00f3lvora y explosivos de Azul (FANAZUL).<\/p>\n<p>Su mirada amplia en temas profesionales le permite trazar un panorama enriquecido sobre el futuro laboral de quienes egresan en carreras como Ingenier\u00eda.<\/p>\n<p>\u00bfC\u00f3mo sobrelleva el doble rol de docente universitario y director de FANAZUL?<\/p>\n<p>Con mucha naturalidad, siempre he mantenido un estrecho v\u00ednculo con la Facultad. Siento mucho orgullo por mi rol docente, y tambi\u00e9n ha sido muy reconfortante retornar a la empresa, despu\u00e9s del cierre y la reapertura por todos conocida.<\/p>\n<p>Uno de los puntos de contacto entre ambos roles es la contrataci\u00f3n de profesionales j\u00f3venes, \u00bfverdad?<\/p>\n<p>Antes del cierre de FANAZUL, el 70% de los profesionales de nuestra gesti\u00f3n, eran egresados de la FIO. Tambi\u00e9n ten\u00edamos 12 pasantes de la Facultad en ese momento.<\/p>\n<p>El cierre de la f\u00e1brica supuso la discontinuidad de esos v\u00ednculos, pero \u00bfla pol\u00edtica sobre el tema sigue siendo la misma?<\/p>\n<p>Despu\u00e9s del cierre hemos encontrado la f\u00e1brica en un estado calamitoso, con mucha destrucci\u00f3n, con sa\u00f1a. Estamos haciendo todo lo que llamamos un proceso de reingenier\u00eda para poner en marcha las plantas a la brevedad posible. La propuesta es recuperar poco a poco esa estrategia de relaci\u00f3n entre la empresa y la academia, porque estamos convencidos de que es bueno para todos, dijo Oscar Espinoza<\/p>\n<p>\u00bfSe han conseguido recuperar algunos puestos de profesionales con ese perfil?<\/p>\n<p>S\u00ed, as\u00ed es. Disponemos ya de tres profesionales de ingenier\u00eda egresados de la FIO, son dos ingenieras y un ingeniero, y tambi\u00e9n tenemos un pasante de Ingenier\u00eda qu\u00edmica. A eso se suman dos pasantes de la Facultad de Ciencias Sociales, asignados a comunicaci\u00f3n.<\/p>\n<p>\u00bfSe espera que esa tendencia resulte creciente?<\/p>\n<p>As\u00ed es. Estamos en un proceso de selecci\u00f3n de cuatro pasantes m\u00e1s, que se corresponden con cuatro diferentes ramas de la profesi\u00f3n: qu\u00edmica, civil, electromec\u00e1nica e industrial.<\/p>\n<p>Usted conoce muy bien ambos lados de esta relaci\u00f3n. \u00bfC\u00f3mo visualiza el valor especial de esta modalidad de pronto ingreso de profesionales al circuito laboral?<\/p>\n<p>Siempre creo que, m\u00e1s all\u00e1 de los conocimientos y del excelente grado de preparaci\u00f3n que tienen los alumnos en la Facultad de ingenier\u00eda de Olavarr\u00eda, quienes tenemos un v\u00ednculo con la empresa debemos hacer un esfuerzo para poder brindar a esos alumnos alg\u00fan tipo de ense\u00f1anza. All\u00ed aparece, por ejemplo, el formato de las pr\u00e1cticas profesionalizantes. En ese sentido, en FANAZUL siempre tendr\u00e1n las puertas abiertas y a disposici\u00f3n para que puedan ser insertados en el mercado laboral.<\/p>\n<p>Su mirada parecer ser abarcativa ya no solo de FANAZUL sino de otras empresas en toda la regi\u00f3n\u2026<\/p>\n<p>Oscar Espinoza mencion\u00f3 es correcto la FIO tiene un \u00e1rea de influencia muy grande y me parece que esta pol\u00edtica que relato de nuestra empresa es perfectamente adaptable a otras localidades: Olavarr\u00eda por supuesto, pero tambi\u00e9n Bol\u00edvar, Tandil, Lamadrid, Laprida, etc. A nadie escapa que disponemos de egresados que incluso est\u00e1n ejerciendo su profesi\u00f3n fuera de esta regi\u00f3n.<\/p>\n<p>Se lo ve muy a gusto en el desempe\u00f1o de ambos roles\u2026<\/p>\n<p>S\u00ed, para m\u00ed es un enorme placer ser docente de la Facultad de ingenier\u00eda de Olavarr\u00eda, la cual dispone de un plantel docente de excelencia. Y tambi\u00e9n es un placer ser nuevamente director de la F\u00e1brica militar Azul en este proceso de reactivaci\u00f3n.<\/p>\n","protected":false},"excerpt":{"rendered":"<p>Oscar Espinoza: \u201cRecurrimos a j\u00f3venes profesionales para la reingenier\u00eda de FANAZUL\u201d, Docente de la FIO&#8230;<\/p>\n","protected":false},"author":1,"featured_media":164601,"comment_status":"closed","ping_status":"closed","sticky":false,"template":"","format":"standard","meta":{"content-type":""},"categories":[31],"tags":[],"nelio_content":{"isAutoShareEnabled":false,"autoShareEndMode":"default","automationSources":{"useContentSentences":true,"useSocialTemplates":true,"useCustomSentences":false,"customSentences":[]},"followers":[1],"suggestedReferences":[],"includedReferences":[],"efiUrl":"","efiAlt":"","highlights":[]},"yoast_head":"<!-- This site is optimized with the Yoast SEO plugin v20.7 - https:\/\/yoast.com\/wordpress\/plugins\/seo\/ -->\n<title>Oscar Espinoza: &quot;Recurrimos a j\u00f3venes profesionales&quot;<\/title>\n<meta name=\"description\" content=\"Oscar Espinoza: \u201cRecurrimos a j\u00f3venes profesionales para la reingenier\u00eda de FANAZUL\u201d, Docente de la FIO y director de FANAZUL\" \/>\n<meta name=\"robots\" content=\"index, follow, max-snippet:-1, max-image-preview:large, max-video-preview:-1\" \/>\n<link rel=\"canonical\" href=\"https:\/\/experienciadevida.com.ar\/portalurbano\/oscar-espinoza-recurrimos-a-jovenes-profesionales-para-la-reingenieria-de-fanazul\/\" \/>\n<meta property=\"og:locale\" content=\"es_ES\" \/>\n<meta property=\"og:type\" content=\"article\" \/>\n<meta property=\"og:title\" content=\"Oscar Espinoza: &quot;Recurrimos a j\u00f3venes profesionales&quot;\" \/>\n<meta property=\"og:description\" content=\"Oscar Espinoza: \u201cRecurrimos a j\u00f3venes profesionales para la reingenier\u00eda de FANAZUL\u201d, Docente de la FIO y director de FANAZUL\" \/>\n<meta property=\"og:url\" content=\"https:\/\/experienciadevida.com.ar\/portalurbano\/oscar-espinoza-recurrimos-a-jovenes-profesionales-para-la-reingenieria-de-fanazul\/\" \/>\n<meta property=\"article:publisher\" content=\"https:\/\/www.facebook.com\/Portal-Urbano-171542830093757\/\" \/>\n<meta property=\"article:published_time\" content=\"2022-03-30T19:12:44+00:00\" \/>\n<meta property=\"article:modified_time\" content=\"2022-03-30T19:13:07+00:00\" \/>\n<meta property=\"og:image\" content=\"https:\/\/experienciadevida.com.ar\/portalurbano\/wp-content\/uploads\/2022\/03\/Oscar-Espinoza.jpg\" \/>\n\t<meta property=\"og:image:width\" content=\"1267\" \/>\n\t<meta property=\"og:image:height\" content=\"591\" \/>\n\t<meta property=\"og:image:type\" content=\"image\/jpeg\" \/>\n<meta name=\"author\" content=\"admpu17wp\" \/>\n<meta name=\"twitter:card\" content=\"summary_large_image\" \/>\n<meta name=\"twitter:creator\" content=\"@portalurbanook\" \/>\n<meta name=\"twitter:site\" content=\"@portalurbanook\" \/>\n<meta name=\"twitter:label1\" content=\"Escrito por\" \/>\n\t<meta name=\"twitter:data1\" content=\"admpu17wp\" \/>\n\t<meta name=\"twitter:label2\" content=\"Tiempo de lectura\" \/>\n\t<meta name=\"twitter:data2\" content=\"3 minutos\" \/>\n<script type=\"application\/ld+json\" class=\"yoast-schema-graph\">{\"@context\":\"https:\/\/schema.org\",\"@graph\":[{\"@type\":\"Article\",\"@id\":\"https:\/\/experienciadevida.com.ar\/portalurbano\/oscar-espinoza-recurrimos-a-jovenes-profesionales-para-la-reingenieria-de-fanazul\/#article\",\"isPartOf\":{\"@id\":\"https:\/\/experienciadevida.com.ar\/portalurbano\/oscar-espinoza-recurrimos-a-jovenes-profesionales-para-la-reingenieria-de-fanazul\/\"},\"author\":{\"name\":\"admpu17wp\",\"@id\":\"https:\/\/experienciadevida.com.ar\/portalurbano\/#\/schema\/person\/02dd326b1c4b056e9cc972486934a3a7\"},\"headline\":\"Oscar Espinoza: \u201cRecurrimos a j\u00f3venes profesionales para la reingenier\u00eda de FANAZUL\u201d\",\"datePublished\":\"2022-03-30T19:12:44+00:00\",\"dateModified\":\"2022-03-30T19:13:07+00:00\",\"mainEntityOfPage\":{\"@id\":\"https:\/\/experienciadevida.com.ar\/portalurbano\/oscar-espinoza-recurrimos-a-jovenes-profesionales-para-la-reingenieria-de-fanazul\/\"},\"wordCount\":705,\"publisher\":{\"@id\":\"https:\/\/experienciadevida.com.ar\/portalurbano\/#organization\"},\"articleSection\":[\"Educaci\u00f3n\"],\"inLanguage\":\"es\"},{\"@type\":\"WebPage\",\"@id\":\"https:\/\/experienciadevida.com.ar\/portalurbano\/oscar-espinoza-recurrimos-a-jovenes-profesionales-para-la-reingenieria-de-fanazul\/\",\"url\":\"https:\/\/experienciadevida.com.ar\/portalurbano\/oscar-espinoza-recurrimos-a-jovenes-profesionales-para-la-reingenieria-de-fanazul\/\",\"name\":\"Oscar Espinoza: \\\"Recurrimos a j\u00f3venes profesionales\\\"\",\"isPartOf\":{\"@id\":\"https:\/\/experienciadevida.com.ar\/portalurbano\/#website\"},\"datePublished\":\"2022-03-30T19:12:44+00:00\",\"dateModified\":\"2022-03-30T19:13:07+00:00\",\"description\":\"Oscar Espinoza: \u201cRecurrimos a j\u00f3venes profesionales para la reingenier\u00eda de FANAZUL\u201d, Docente de la FIO y director de FANAZUL\",\"breadcrumb\":{\"@id\":\"https:\/\/experienciadevida.com.ar\/portalurbano\/oscar-espinoza-recurrimos-a-jovenes-profesionales-para-la-reingenieria-de-fanazul\/#breadcrumb\"},\"inLanguage\":\"es\",\"potentialAction\":[{\"@type\":\"ReadAction\",\"target\":[\"https:\/\/experienciadevida.com.ar\/portalurbano\/oscar-espinoza-recurrimos-a-jovenes-profesionales-para-la-reingenieria-de-fanazul\/\"]}]},{\"@type\":\"BreadcrumbList\",\"@id\":\"https:\/\/experienciadevida.com.ar\/portalurbano\/oscar-espinoza-recurrimos-a-jovenes-profesionales-para-la-reingenieria-de-fanazul\/#breadcrumb\",\"itemListElement\":[{\"@type\":\"ListItem\",\"position\":1,\"name\":\"Portada\",\"item\":\"https:\/\/experienciadevida.com.ar\/portalurbano\/\"},{\"@type\":\"ListItem\",\"position\":2,\"name\":\"Oscar Espinoza: \u201cRecurrimos a j\u00f3venes profesionales para la reingenier\u00eda de FANAZUL\u201d\"}]},{\"@type\":\"WebSite\",\"@id\":\"https:\/\/experienciadevida.com.ar\/portalurbano\/#website\",\"url\":\"https:\/\/experienciadevida.com.ar\/portalurbano\/\",\"name\":\"\",\"description\":\"\",\"publisher\":{\"@id\":\"https:\/\/experienciadevida.com.ar\/portalurbano\/#organization\"},\"potentialAction\":[{\"@type\":\"SearchAction\",\"target\":{\"@type\":\"EntryPoint\",\"urlTemplate\":\"https:\/\/experienciadevida.com.ar\/portalurbano\/?s={search_term_string}\"},\"query-input\":\"required name=search_term_string\"}],\"inLanguage\":\"es\"},{\"@type\":\"Organization\",\"@id\":\"https:\/\/experienciadevida.com.ar\/portalurbano\/#organization\",\"name\":\"Portal Urbano\",\"url\":\"https:\/\/experienciadevida.com.ar\/portalurbano\/\",\"logo\":{\"@type\":\"ImageObject\",\"inLanguage\":\"es\",\"@id\":\"https:\/\/experienciadevida.com.ar\/portalurbano\/#\/schema\/logo\/image\/\",\"url\":\"https:\/\/experienciadevida.com.ar\/portalurbano\/wp-content\/uploads\/2019\/09\/Logo-Original.png\",\"contentUrl\":\"https:\/\/experienciadevida.com.ar\/portalurbano\/wp-content\/uploads\/2019\/09\/Logo-Original.png\",\"width\":2236,\"height\":1216,\"caption\":\"Portal Urbano\"},\"image\":{\"@id\":\"https:\/\/experienciadevida.com.ar\/portalurbano\/#\/schema\/logo\/image\/\"},\"sameAs\":[\"https:\/\/www.facebook.com\/Portal-Urbano-171542830093757\/\",\"https:\/\/twitter.com\/portalurbanook\",\"https:\/\/www.instagram.com\/_portalurbano\/\",\"https:\/\/www.youtube.com\/channel\/UCXhagIfszH8KxFiOok79zbA?view_as=subscriber\"]},{\"@type\":\"Person\",\"@id\":\"https:\/\/experienciadevida.com.ar\/portalurbano\/#\/schema\/person\/02dd326b1c4b056e9cc972486934a3a7\",\"name\":\"admpu17wp\",\"image\":{\"@type\":\"ImageObject\",\"inLanguage\":\"es\",\"@id\":\"https:\/\/experienciadevida.com.ar\/portalurbano\/#\/schema\/person\/image\/\",\"url\":\"https:\/\/secure.gravatar.com\/avatar\/830d4c57adaae6630765e449a6908047?s=96&d=mm&r=g\",\"contentUrl\":\"https:\/\/secure.gravatar.com\/avatar\/830d4c57adaae6630765e449a6908047?s=96&d=mm&r=g\",\"caption\":\"admpu17wp\"}}]}<\/script>\n<!-- \/ Yoast SEO plugin. -->","yoast_head_json":{"title":"Oscar Espinoza: \"Recurrimos a j\u00f3venes profesionales\"","description":"Oscar Espinoza: \u201cRecurrimos a j\u00f3venes profesionales para la reingenier\u00eda de FANAZUL\u201d, Docente de la FIO y director de FANAZUL","robots":{"index":"index","follow":"follow","max-snippet":"max-snippet:-1","max-image-preview":"max-image-preview:large","max-video-preview":"max-video-preview:-1"},"canonical":"https:\/\/experienciadevida.com.ar\/portalurbano\/oscar-espinoza-recurrimos-a-jovenes-profesionales-para-la-reingenieria-de-fanazul\/","og_locale":"es_ES","og_type":"article","og_title":"Oscar Espinoza: \"Recurrimos a j\u00f3venes profesionales\"","og_description":"Oscar Espinoza: \u201cRecurrimos a j\u00f3venes profesionales para la reingenier\u00eda de FANAZUL\u201d, Docente de la FIO y director de FANAZUL","og_url":"https:\/\/experienciadevida.com.ar\/portalurbano\/oscar-espinoza-recurrimos-a-jovenes-profesionales-para-la-reingenieria-de-fanazul\/","article_publisher":"https:\/\/www.facebook.com\/Portal-Urbano-171542830093757\/","article_published_time":"2022-03-30T19:12:44+00:00","article_modified_time":"2022-03-30T19:13:07+00:00","og_image":[{"width":1267,"height":591,"url":"https:\/\/experienciadevida.com.ar\/portalurbano\/wp-content\/uploads\/2022\/03\/Oscar-Espinoza.jpg","type":"image\/jpeg"}],"author":"admpu17wp","twitter_card":"summary_large_image","twitter_creator":"@portalurbanook","twitter_site":"@portalurbanook","twitter_misc":{"Escrito por":"admpu17wp","Tiempo de lectura":"3 minutos"},"schema":{"@context":"https:\/\/schema.org","@graph":[{"@type":"Article","@id":"https:\/\/experienciadevida.com.ar\/portalurbano\/oscar-espinoza-recurrimos-a-jovenes-profesionales-para-la-reingenieria-de-fanazul\/#article","isPartOf":{"@id":"https:\/\/experienciadevida.com.ar\/portalurbano\/oscar-espinoza-recurrimos-a-jovenes-profesionales-para-la-reingenieria-de-fanazul\/"},"author":{"name":"admpu17wp","@id":"https:\/\/experienciadevida.com.ar\/portalurbano\/#\/schema\/person\/02dd326b1c4b056e9cc972486934a3a7"},"headline":"Oscar Espinoza: \u201cRecurrimos a j\u00f3venes profesionales para la reingenier\u00eda de FANAZUL\u201d","datePublished":"2022-03-30T19:12:44+00:00","dateModified":"2022-03-30T19:13:07+00:00","mainEntityOfPage":{"@id":"https:\/\/experienciadevida.com.ar\/portalurbano\/oscar-espinoza-recurrimos-a-jovenes-profesionales-para-la-reingenieria-de-fanazul\/"},"wordCount":705,"publisher":{"@id":"https:\/\/experienciadevida.com.ar\/portalurbano\/#organization"},"articleSection":["Educaci\u00f3n"],"inLanguage":"es"},{"@type":"WebPage","@id":"https:\/\/experienciadevida.com.ar\/portalurbano\/oscar-espinoza-recurrimos-a-jovenes-profesionales-para-la-reingenieria-de-fanazul\/","url":"https:\/\/experienciadevida.com.ar\/portalurbano\/oscar-espinoza-recurrimos-a-jovenes-profesionales-para-la-reingenieria-de-fanazul\/","name":"Oscar Espinoza: \"Recurrimos a j\u00f3venes profesionales\"","isPartOf":{"@id":"https:\/\/experienciadevida.com.ar\/portalurbano\/#website"},"datePublished":"2022-03-30T19:12:44+00:00","dateModified":"2022-03-30T19:13:07+00:00","description":"Oscar Espinoza: \u201cRecurrimos a j\u00f3venes profesionales para la reingenier\u00eda de FANAZUL\u201d, Docente de la FIO y director de FANAZUL","breadcrumb":{"@id":"https:\/\/experienciadevida.com.ar\/portalurbano\/oscar-espinoza-recurrimos-a-jovenes-profesionales-para-la-reingenieria-de-fanazul\/#breadcrumb"},"inLanguage":"es","potentialAction":[{"@type":"ReadAction","target":["https:\/\/experienciadevida.com.ar\/portalurbano\/oscar-espinoza-recurrimos-a-jovenes-profesionales-para-la-reingenieria-de-fanazul\/"]}]},{"@type":"BreadcrumbList","@id":"https:\/\/experienciadevida.com.ar\/portalurbano\/oscar-espinoza-recurrimos-a-jovenes-profesionales-para-la-reingenieria-de-fanazul\/#breadcrumb","itemListElement":[{"@type":"ListItem","position":1,"name":"Portada","item":"https:\/\/experienciadevida.com.ar\/portalurbano\/"},{"@type":"ListItem","position":2,"name":"Oscar Espinoza: \u201cRecurrimos a j\u00f3venes profesionales para la reingenier\u00eda de FANAZUL\u201d"}]},{"@type":"WebSite","@id":"https:\/\/experienciadevida.com.ar\/portalurbano\/#website","url":"https:\/\/experienciadevida.com.ar\/portalurbano\/","name":"","description":"","publisher":{"@id":"https:\/\/experienciadevida.com.ar\/portalurbano\/#organization"},"potentialAction":[{"@type":"SearchAction","target":{"@type":"EntryPoint","urlTemplate":"https:\/\/experienciadevida.com.ar\/portalurbano\/?s={search_term_string}"},"query-input":"required name=search_term_string"}],"inLanguage":"es"},{"@type":"Organization","@id":"https:\/\/experienciadevida.com.ar\/portalurbano\/#organization","name":"Portal Urbano","url":"https:\/\/experienciadevida.com.ar\/portalurbano\/","logo":{"@type":"ImageObject","inLanguage":"es","@id":"https:\/\/experienciadevida.com.ar\/portalurbano\/#\/schema\/logo\/image\/","url":"https:\/\/experienciadevida.com.ar\/portalurbano\/wp-content\/uploads\/2019\/09\/Logo-Original.png","contentUrl":"https:\/\/experienciadevida.com.ar\/portalurbano\/wp-content\/uploads\/2019\/09\/Logo-Original.png","width":2236,"height":1216,"caption":"Portal Urbano"},"image":{"@id":"https:\/\/experienciadevida.com.ar\/portalurbano\/#\/schema\/logo\/image\/"},"sameAs":["https:\/\/www.facebook.com\/Portal-Urbano-171542830093757\/","https:\/\/twitter.com\/portalurbanook","https:\/\/www.instagram.com\/_portalurbano\/","https:\/\/www.youtube.com\/channel\/UCXhagIfszH8KxFiOok79zbA?view_as=subscriber"]},{"@type":"Person","@id":"https:\/\/experienciadevida.com.ar\/portalurbano\/#\/schema\/person\/02dd326b1c4b056e9cc972486934a3a7","name":"admpu17wp","image":{"@type":"ImageObject","inLanguage":"es","@id":"https:\/\/experienciadevida.com.ar\/portalurbano\/#\/schema\/person\/image\/","url":"https:\/\/secure.gravatar.com\/avatar\/830d4c57adaae6630765e449a6908047?s=96&d=mm&r=g","contentUrl":"https:\/\/secure.gravatar.com\/avatar\/830d4c57adaae6630765e449a6908047?s=96&d=mm&r=g","caption":"admpu17wp"}}]}},"featured_image_urls":{"full":["https:\/\/experienciadevida.com.ar\/portalurbano\/wp-content\/uploads\/2022\/03\/Oscar-Espinoza.jpg",1267,591,false],"thumbnail":["https:\/\/experienciadevida.com.ar\/portalurbano\/wp-content\/uploads\/2022\/03\/Oscar-Espinoza-150x150.jpg",150,150,true],"medium":["https:\/\/experienciadevida.com.ar\/portalurbano\/wp-content\/uploads\/2022\/03\/Oscar-Espinoza-300x140.jpg",300,140,true],"medium_large":["https:\/\/experienciadevida.com.ar\/portalurbano\/wp-content\/uploads\/2022\/03\/Oscar-Espinoza-768x358.jpg",640,298,true],"large":["https:\/\/experienciadevida.com.ar\/portalurbano\/wp-content\/uploads\/2022\/03\/Oscar-Espinoza-1024x478.jpg",640,299,true],"ug_big":["https:\/\/experienciadevida.com.ar\/portalurbano\/wp-content\/uploads\/2022\/03\/Oscar-Espinoza-768x358.jpg",768,358,true],"1536x1536":["https:\/\/experienciadevida.com.ar\/portalurbano\/wp-content\/uploads\/2022\/03\/Oscar-Espinoza.jpg",1267,591,false],"2048x2048":["https:\/\/experienciadevida.com.ar\/portalurbano\/wp-content\/uploads\/2022\/03\/Oscar-Espinoza.jpg",1267,591,false],"newsever-slider-full":["https:\/\/experienciadevida.com.ar\/portalurbano\/wp-content\/uploads\/2022\/03\/Oscar-Espinoza.jpg",1267,591,false],"newsever-featured":["https:\/\/experienciadevida.com.ar\/portalurbano\/wp-content\/uploads\/2022\/03\/Oscar-Espinoza.jpg",1024,478,false],"newsever-medium":["https:\/\/experienciadevida.com.ar\/portalurbano\/wp-content\/uploads\/2022\/03\/Oscar-Espinoza.jpg",720,336,false],"web-stories-poster-portrait":["https:\/\/experienciadevida.com.ar\/portalurbano\/wp-content\/uploads\/2022\/03\/Oscar-Espinoza.jpg",640,299,false],"web-stories-publisher-logo":["https:\/\/experienciadevida.com.ar\/portalurbano\/wp-content\/uploads\/2022\/03\/Oscar-Espinoza.jpg",96,45,false],"web-stories-thumbnail":["https:\/\/experienciadevida.com.ar\/portalurbano\/wp-content\/uploads\/2022\/03\/Oscar-Espinoza.jpg",150,70,false]},"author_info":{"display_name":"admpu17wp","author_link":"https:\/\/experienciadevida.com.ar\/portalurbano\/author\/admpu17wp\/"},"category_info":"<a href=\"https:\/\/experienciadevida.com.ar\/portalurbano\/category\/ciudad\/educacion\/\" rel=\"category tag\">Educaci\u00f3n<\/a>","tag_info":"Educaci\u00f3n","comment_count":"0","amp_enabled":true,"_links":{"self":[{"href":"https:\/\/experienciadevida.com.ar\/portalurbano\/wp-json\/wp\/v2\/posts\/164600"}],"collection":[{"href":"https:\/\/experienciadevida.com.ar\/portalurbano\/wp-json\/wp\/v2\/posts"}],"about":[{"href":"https:\/\/experienciadevida.com.ar\/portalurbano\/wp-json\/wp\/v2\/types\/post"}],"author":[{"embeddable":true,"href":"https:\/\/experienciadevida.com.ar\/portalurbano\/wp-json\/wp\/v2\/users\/1"}],"replies":[{"embeddable":true,"href":"https:\/\/experienciadevida.com.ar\/portalurbano\/wp-json\/wp\/v2\/comments?post=164600"}],"version-history":[{"count":2,"href":"https:\/\/experienciadevida.com.ar\/portalurbano\/wp-json\/wp\/v2\/posts\/164600\/revisions"}],"predecessor-version":[{"id":164603,"href":"https:\/\/experienciadevida.com.ar\/portalurbano\/wp-json\/wp\/v2\/posts\/164600\/revisions\/164603"}],"wp:featuredmedia":[{"embeddable":true,"href":"https:\/\/experienciadevida.com.ar\/portalurbano\/wp-json\/wp\/v2\/media\/164601"}],"wp:attachment":[{"href":"https:\/\/experienciadevida.com.ar\/portalurbano\/wp-json\/wp\/v2\/media?parent=164600"}],"wp:term":[{"taxonomy":"category","embeddable":true,"href":"https:\/\/experienciadevida.com.ar\/portalurbano\/wp-json\/wp\/v2\/categories?post=164600"},{"taxonomy":"post_tag","embeddable":true,"href":"https:\/\/experienciadevida.com.ar\/portalurbano\/wp-json\/wp\/v2\/tags?post=164600"}],"curies":[{"name":"wp","href":"https:\/\/api.w.org\/{rel}","templated":true}]}}