{"id":164564,"date":"2022-03-30T09:44:49","date_gmt":"2022-03-30T12:44:49","guid":{"rendered":"https:\/\/experienciadevida.com.ar\/portalurbano\/?p=164564"},"modified":"2022-03-30T09:45:18","modified_gmt":"2022-03-30T12:45:18","slug":"homenaje-a-raul-alfonsin-a-13-anos-de-su-fallecimiento","status":"publish","type":"post","link":"https:\/\/experienciadevida.com.ar\/portalurbano\/homenaje-a-raul-alfonsin-a-13-anos-de-su-fallecimiento\/","title":{"rendered":"Homenaje a Ra\u00fal Alfons\u00edn a 13 a\u00f1os de su fallecimiento"},"content":{"rendered":"<p>Homenaje a Ra\u00fal Alfons\u00edn a 13 a\u00f1os de su fallecimiento, ser\u00e1 este jueves 31 de marzo, al cumplirse un nuevo aniversario del fallecimiento del Presidente Ra\u00fal Alfons\u00edn, la Uni\u00f3n C\u00edvica Radical de Olavarr\u00eda realizar\u00e1 el tradicional homenaje desde las 18 horas, en el Parque que lleva su nombre en nuestra ciudad.<\/p>\n<p>Se invita a toda la comunidad a participar del acto, que contar\u00e1 con la presencia de autoridades locales<br \/>\ndel centenario partido, concejales y dirigentes.<\/p>\n<p>Como cada 31 de marzo desde el a\u00f1o 2010, la UCR local realizar\u00e1 un nuevo homenaje al &#8220;Padre de la Democracia&#8221; en el Parque Presidente Ra\u00fal Alfons\u00edn (Ex Parque Sur) ubicado en Av. Avellaneda y costa oeste del arroyo Tapalqu\u00e9. Tal como sucediera en a\u00f1os anteriores, se proceder\u00e1 a la plantaci\u00f3n de un nuevo \u00e1rbol, que representan la cantidad de a\u00f1os de la desaparici\u00f3n f\u00edsica de Alfons\u00edn.<\/p>\n<p>Posteriormente, autoridades y dirigentes expondr\u00e1n sobre la fecha que convoca y se propondr\u00e1 un intercambio entre<br \/>\nlos presentes. Dicha actividad es abierta, y se invita a afiliados y vecinos a acercarse a recordar la figura del ex Presidente.<\/p>\n","protected":false},"excerpt":{"rendered":"<p>Homenaje a Ra\u00fal Alfons\u00edn a 13 a\u00f1os de su fallecimiento, ser\u00e1 este jueves 31 de&#8230;<\/p>\n","protected":false},"author":1,"featured_media":164565,"comment_status":"closed","ping_status":"closed","sticky":false,"template":"","format":"standard","meta":{"content-type":""},"categories":[27,64],"tags":[],"nelio_content":{"isAutoShareEnabled":false,"autoShareEndMode":"default","automationSources":{"useContentSentences":true,"useSocialTemplates":true,"useCustomSentences":false,"customSentences":[]},"followers":[1],"suggestedReferences":[],"includedReferences":[],"efiUrl":"","efiAlt":"","highlights":[]},"yoast_head":"<!-- This site is optimized with the Yoast SEO plugin v20.7 - https:\/\/yoast.com\/wordpress\/plugins\/seo\/ -->\n<title>Homenaje a Ra\u00fal Alfons\u00edn a 13 a\u00f1os de su fallecimiento -<\/title>\n<meta name=\"robots\" content=\"index, follow, max-snippet:-1, max-image-preview:large, max-video-preview:-1\" \/>\n<link rel=\"canonical\" href=\"https:\/\/experienciadevida.com.ar\/portalurbano\/homenaje-a-raul-alfonsin-a-13-anos-de-su-fallecimiento\/\" \/>\n<meta property=\"og:locale\" content=\"es_ES\" \/>\n<meta property=\"og:type\" content=\"article\" \/>\n<meta property=\"og:title\" content=\"Homenaje a Ra\u00fal Alfons\u00edn a 13 a\u00f1os de su fallecimiento -\" \/>\n<meta property=\"og:description\" content=\"Homenaje a Ra\u00fal Alfons\u00edn a 13 a\u00f1os de su fallecimiento, ser\u00e1 este jueves 31 de...\" \/>\n<meta property=\"og:url\" content=\"https:\/\/experienciadevida.com.ar\/portalurbano\/homenaje-a-raul-alfonsin-a-13-anos-de-su-fallecimiento\/\" \/>\n<meta property=\"article:publisher\" content=\"https:\/\/www.facebook.com\/Portal-Urbano-171542830093757\/\" \/>\n<meta property=\"article:published_time\" content=\"2022-03-30T12:44:49+00:00\" \/>\n<meta property=\"article:modified_time\" content=\"2022-03-30T12:45:18+00:00\" \/>\n<meta property=\"og:image\" content=\"https:\/\/experienciadevida.com.ar\/portalurbano\/wp-content\/uploads\/2022\/03\/Homenaje-a-Raul-Alfonsin.jpg\" \/>\n\t<meta property=\"og:image:width\" content=\"1166\" \/>\n\t<meta property=\"og:image:height\" content=\"454\" \/>\n\t<meta property=\"og:image:type\" content=\"image\/jpeg\" \/>\n<meta name=\"author\" content=\"admpu17wp\" \/>\n<meta name=\"twitter:card\" content=\"summary_large_image\" \/>\n<meta name=\"twitter:creator\" content=\"@portalurbanook\" \/>\n<meta name=\"twitter:site\" content=\"@portalurbanook\" \/>\n<meta name=\"twitter:label1\" content=\"Escrito por\" \/>\n\t<meta name=\"twitter:data1\" content=\"admpu17wp\" \/>\n\t<meta name=\"twitter:label2\" content=\"Tiempo de lectura\" \/>\n\t<meta name=\"twitter:data2\" content=\"1 minuto\" \/>\n<script type=\"application\/ld+json\" class=\"yoast-schema-graph\">{\"@context\":\"https:\/\/schema.org\",\"@graph\":[{\"@type\":\"Article\",\"@id\":\"https:\/\/experienciadevida.com.ar\/portalurbano\/homenaje-a-raul-alfonsin-a-13-anos-de-su-fallecimiento\/#article\",\"isPartOf\":{\"@id\":\"https:\/\/experienciadevida.com.ar\/portalurbano\/homenaje-a-raul-alfonsin-a-13-anos-de-su-fallecimiento\/\"},\"author\":{\"name\":\"admpu17wp\",\"@id\":\"https:\/\/experienciadevida.com.ar\/portalurbano\/#\/schema\/person\/02dd326b1c4b056e9cc972486934a3a7\"},\"headline\":\"Homenaje a Ra\u00fal Alfons\u00edn a 13 a\u00f1os de su fallecimiento\",\"datePublished\":\"2022-03-30T12:44:49+00:00\",\"dateModified\":\"2022-03-30T12:45:18+00:00\",\"mainEntityOfPage\":{\"@id\":\"https:\/\/experienciadevida.com.ar\/portalurbano\/homenaje-a-raul-alfonsin-a-13-anos-de-su-fallecimiento\/\"},\"wordCount\":205,\"publisher\":{\"@id\":\"https:\/\/experienciadevida.com.ar\/portalurbano\/#organization\"},\"articleSection\":[\"Ciudad\",\"Destacadas 2\"],\"inLanguage\":\"es\"},{\"@type\":\"WebPage\",\"@id\":\"https:\/\/experienciadevida.com.ar\/portalurbano\/homenaje-a-raul-alfonsin-a-13-anos-de-su-fallecimiento\/\",\"url\":\"https:\/\/experienciadevida.com.ar\/portalurbano\/homenaje-a-raul-alfonsin-a-13-anos-de-su-fallecimiento\/\",\"name\":\"Homenaje a Ra\u00fal Alfons\u00edn a 13 a\u00f1os de su fallecimiento -\",\"isPartOf\":{\"@id\":\"https:\/\/experienciadevida.com.ar\/portalurbano\/#website\"},\"datePublished\":\"2022-03-30T12:44:49+00:00\",\"dateModified\":\"2022-03-30T12:45:18+00:00\",\"breadcrumb\":{\"@id\":\"https:\/\/experienciadevida.com.ar\/portalurbano\/homenaje-a-raul-alfonsin-a-13-anos-de-su-fallecimiento\/#breadcrumb\"},\"inLanguage\":\"es\",\"potentialAction\":[{\"@type\":\"ReadAction\",\"target\":[\"https:\/\/experienciadevida.com.ar\/portalurbano\/homenaje-a-raul-alfonsin-a-13-anos-de-su-fallecimiento\/\"]}]},{\"@type\":\"BreadcrumbList\",\"@id\":\"https:\/\/experienciadevida.com.ar\/portalurbano\/homenaje-a-raul-alfonsin-a-13-anos-de-su-fallecimiento\/#breadcrumb\",\"itemListElement\":[{\"@type\":\"ListItem\",\"position\":1,\"name\":\"Portada\",\"item\":\"https:\/\/experienciadevida.com.ar\/portalurbano\/\"},{\"@type\":\"ListItem\",\"position\":2,\"name\":\"Homenaje a Ra\u00fal Alfons\u00edn a 13 a\u00f1os de su fallecimiento\"}]},{\"@type\":\"WebSite\",\"@id\":\"https:\/\/experienciadevida.com.ar\/portalurbano\/#website\",\"url\":\"https:\/\/experienciadevida.com.ar\/portalurbano\/\",\"name\":\"\",\"description\":\"\",\"publisher\":{\"@id\":\"https:\/\/experienciadevida.com.ar\/portalurbano\/#organization\"},\"potentialAction\":[{\"@type\":\"SearchAction\",\"target\":{\"@type\":\"EntryPoint\",\"urlTemplate\":\"https:\/\/experienciadevida.com.ar\/portalurbano\/?s={search_term_string}\"},\"query-input\":\"required name=search_term_string\"}],\"inLanguage\":\"es\"},{\"@type\":\"Organization\",\"@id\":\"https:\/\/experienciadevida.com.ar\/portalurbano\/#organization\",\"name\":\"Portal Urbano\",\"url\":\"https:\/\/experienciadevida.com.ar\/portalurbano\/\",\"logo\":{\"@type\":\"ImageObject\",\"inLanguage\":\"es\",\"@id\":\"https:\/\/experienciadevida.com.ar\/portalurbano\/#\/schema\/logo\/image\/\",\"url\":\"https:\/\/experienciadevida.com.ar\/portalurbano\/wp-content\/uploads\/2019\/09\/Logo-Original.png\",\"contentUrl\":\"https:\/\/experienciadevida.com.ar\/portalurbano\/wp-content\/uploads\/2019\/09\/Logo-Original.png\",\"width\":2236,\"height\":1216,\"caption\":\"Portal Urbano\"},\"image\":{\"@id\":\"https:\/\/experienciadevida.com.ar\/portalurbano\/#\/schema\/logo\/image\/\"},\"sameAs\":[\"https:\/\/www.facebook.com\/Portal-Urbano-171542830093757\/\",\"https:\/\/twitter.com\/portalurbanook\",\"https:\/\/www.instagram.com\/_portalurbano\/\",\"https:\/\/www.youtube.com\/channel\/UCXhagIfszH8KxFiOok79zbA?view_as=subscriber\"]},{\"@type\":\"Person\",\"@id\":\"https:\/\/experienciadevida.com.ar\/portalurbano\/#\/schema\/person\/02dd326b1c4b056e9cc972486934a3a7\",\"name\":\"admpu17wp\",\"image\":{\"@type\":\"ImageObject\",\"inLanguage\":\"es\",\"@id\":\"https:\/\/experienciadevida.com.ar\/portalurbano\/#\/schema\/person\/image\/\",\"url\":\"https:\/\/secure.gravatar.com\/avatar\/830d4c57adaae6630765e449a6908047?s=96&d=mm&r=g\",\"contentUrl\":\"https:\/\/secure.gravatar.com\/avatar\/830d4c57adaae6630765e449a6908047?s=96&d=mm&r=g\",\"caption\":\"admpu17wp\"}}]}<\/script>\n<!-- \/ Yoast SEO plugin. -->","yoast_head_json":{"title":"Homenaje a Ra\u00fal Alfons\u00edn a 13 a\u00f1os de su fallecimiento -","robots":{"index":"index","follow":"follow","max-snippet":"max-snippet:-1","max-image-preview":"max-image-preview:large","max-video-preview":"max-video-preview:-1"},"canonical":"https:\/\/experienciadevida.com.ar\/portalurbano\/homenaje-a-raul-alfonsin-a-13-anos-de-su-fallecimiento\/","og_locale":"es_ES","og_type":"article","og_title":"Homenaje a Ra\u00fal Alfons\u00edn a 13 a\u00f1os de su fallecimiento -","og_description":"Homenaje a Ra\u00fal Alfons\u00edn a 13 a\u00f1os de su fallecimiento, ser\u00e1 este jueves 31 de...","og_url":"https:\/\/experienciadevida.com.ar\/portalurbano\/homenaje-a-raul-alfonsin-a-13-anos-de-su-fallecimiento\/","article_publisher":"https:\/\/www.facebook.com\/Portal-Urbano-171542830093757\/","article_published_time":"2022-03-30T12:44:49+00:00","article_modified_time":"2022-03-30T12:45:18+00:00","og_image":[{"width":1166,"height":454,"url":"https:\/\/experienciadevida.com.ar\/portalurbano\/wp-content\/uploads\/2022\/03\/Homenaje-a-Raul-Alfonsin.jpg","type":"image\/jpeg"}],"author":"admpu17wp","twitter_card":"summary_large_image","twitter_creator":"@portalurbanook","twitter_site":"@portalurbanook","twitter_misc":{"Escrito por":"admpu17wp","Tiempo de lectura":"1 minuto"},"schema":{"@context":"https:\/\/schema.org","@graph":[{"@type":"Article","@id":"https:\/\/experienciadevida.com.ar\/portalurbano\/homenaje-a-raul-alfonsin-a-13-anos-de-su-fallecimiento\/#article","isPartOf":{"@id":"https:\/\/experienciadevida.com.ar\/portalurbano\/homenaje-a-raul-alfonsin-a-13-anos-de-su-fallecimiento\/"},"author":{"name":"admpu17wp","@id":"https:\/\/experienciadevida.com.ar\/portalurbano\/#\/schema\/person\/02dd326b1c4b056e9cc972486934a3a7"},"headline":"Homenaje a Ra\u00fal Alfons\u00edn a 13 a\u00f1os de su fallecimiento","datePublished":"2022-03-30T12:44:49+00:00","dateModified":"2022-03-30T12:45:18+00:00","mainEntityOfPage":{"@id":"https:\/\/experienciadevida.com.ar\/portalurbano\/homenaje-a-raul-alfonsin-a-13-anos-de-su-fallecimiento\/"},"wordCount":205,"publisher":{"@id":"https:\/\/experienciadevida.com.ar\/portalurbano\/#organization"},"articleSection":["Ciudad","Destacadas 2"],"inLanguage":"es"},{"@type":"WebPage","@id":"https:\/\/experienciadevida.com.ar\/portalurbano\/homenaje-a-raul-alfonsin-a-13-anos-de-su-fallecimiento\/","url":"https:\/\/experienciadevida.com.ar\/portalurbano\/homenaje-a-raul-alfonsin-a-13-anos-de-su-fallecimiento\/","name":"Homenaje a Ra\u00fal Alfons\u00edn a 13 a\u00f1os de su fallecimiento -","isPartOf":{"@id":"https:\/\/experienciadevida.com.ar\/portalurbano\/#website"},"datePublished":"2022-03-30T12:44:49+00:00","dateModified":"2022-03-30T12:45:18+00:00","breadcrumb":{"@id":"https:\/\/experienciadevida.com.ar\/portalurbano\/homenaje-a-raul-alfonsin-a-13-anos-de-su-fallecimiento\/#breadcrumb"},"inLanguage":"es","potentialAction":[{"@type":"ReadAction","target":["https:\/\/experienciadevida.com.ar\/portalurbano\/homenaje-a-raul-alfonsin-a-13-anos-de-su-fallecimiento\/"]}]},{"@type":"BreadcrumbList","@id":"https:\/\/experienciadevida.com.ar\/portalurbano\/homenaje-a-raul-alfonsin-a-13-anos-de-su-fallecimiento\/#breadcrumb","itemListElement":[{"@type":"ListItem","position":1,"name":"Portada","item":"https:\/\/experienciadevida.com.ar\/portalurbano\/"},{"@type":"ListItem","position":2,"name":"Homenaje a Ra\u00fal Alfons\u00edn a 13 a\u00f1os de su fallecimiento"}]},{"@type":"WebSite","@id":"https:\/\/experienciadevida.com.ar\/portalurbano\/#website","url":"https:\/\/experienciadevida.com.ar\/portalurbano\/","name":"","description":"","publisher":{"@id":"https:\/\/experienciadevida.com.ar\/portalurbano\/#organization"},"potentialAction":[{"@type":"SearchAction","target":{"@type":"EntryPoint","urlTemplate":"https:\/\/experienciadevida.com.ar\/portalurbano\/?s={search_term_string}"},"query-input":"required name=search_term_string"}],"inLanguage":"es"},{"@type":"Organization","@id":"https:\/\/experienciadevida.com.ar\/portalurbano\/#organization","name":"Portal Urbano","url":"https:\/\/experienciadevida.com.ar\/portalurbano\/","logo":{"@type":"ImageObject","inLanguage":"es","@id":"https:\/\/experienciadevida.com.ar\/portalurbano\/#\/schema\/logo\/image\/","url":"https:\/\/experienciadevida.com.ar\/portalurbano\/wp-content\/uploads\/2019\/09\/Logo-Original.png","contentUrl":"https:\/\/experienciadevida.com.ar\/portalurbano\/wp-content\/uploads\/2019\/09\/Logo-Original.png","width":2236,"height":1216,"caption":"Portal Urbano"},"image":{"@id":"https:\/\/experienciadevida.com.ar\/portalurbano\/#\/schema\/logo\/image\/"},"sameAs":["https:\/\/www.facebook.com\/Portal-Urbano-171542830093757\/","https:\/\/twitter.com\/portalurbanook","https:\/\/www.instagram.com\/_portalurbano\/","https:\/\/www.youtube.com\/channel\/UCXhagIfszH8KxFiOok79zbA?view_as=subscriber"]},{"@type":"Person","@id":"https:\/\/experienciadevida.com.ar\/portalurbano\/#\/schema\/person\/02dd326b1c4b056e9cc972486934a3a7","name":"admpu17wp","image":{"@type":"ImageObject","inLanguage":"es","@id":"https:\/\/experienciadevida.com.ar\/portalurbano\/#\/schema\/person\/image\/","url":"https:\/\/secure.gravatar.com\/avatar\/830d4c57adaae6630765e449a6908047?s=96&d=mm&r=g","contentUrl":"https:\/\/secure.gravatar.com\/avatar\/830d4c57adaae6630765e449a6908047?s=96&d=mm&r=g","caption":"admpu17wp"}}]}},"featured_image_urls":{"full":["https:\/\/experienciadevida.com.ar\/portalurbano\/wp-content\/uploads\/2022\/03\/Homenaje-a-Raul-Alfonsin.jpg",1166,454,false],"thumbnail":["https:\/\/experienciadevida.com.ar\/portalurbano\/wp-content\/uploads\/2022\/03\/Homenaje-a-Raul-Alfonsin-150x150.jpg",150,150,true],"medium":["https:\/\/experienciadevida.com.ar\/portalurbano\/wp-content\/uploads\/2022\/03\/Homenaje-a-Raul-Alfonsin-300x117.jpg",300,117,true],"medium_large":["https:\/\/experienciadevida.com.ar\/portalurbano\/wp-content\/uploads\/2022\/03\/Homenaje-a-Raul-Alfonsin-768x299.jpg",640,249,true],"large":["https:\/\/experienciadevida.com.ar\/portalurbano\/wp-content\/uploads\/2022\/03\/Homenaje-a-Raul-Alfonsin-1024x399.jpg",640,249,true],"ug_big":["https:\/\/experienciadevida.com.ar\/portalurbano\/wp-content\/uploads\/2022\/03\/Homenaje-a-Raul-Alfonsin-768x299.jpg",768,299,true],"1536x1536":["https:\/\/experienciadevida.com.ar\/portalurbano\/wp-content\/uploads\/2022\/03\/Homenaje-a-Raul-Alfonsin.jpg",1166,454,false],"2048x2048":["https:\/\/experienciadevida.com.ar\/portalurbano\/wp-content\/uploads\/2022\/03\/Homenaje-a-Raul-Alfonsin.jpg",1166,454,false],"newsever-slider-full":["https:\/\/experienciadevida.com.ar\/portalurbano\/wp-content\/uploads\/2022\/03\/Homenaje-a-Raul-Alfonsin.jpg",1166,454,false],"newsever-featured":["https:\/\/experienciadevida.com.ar\/portalurbano\/wp-content\/uploads\/2022\/03\/Homenaje-a-Raul-Alfonsin.jpg",1024,399,false],"newsever-medium":["https:\/\/experienciadevida.com.ar\/portalurbano\/wp-content\/uploads\/2022\/03\/Homenaje-a-Raul-Alfonsin.jpg",720,280,false],"web-stories-poster-portrait":["https:\/\/experienciadevida.com.ar\/portalurbano\/wp-content\/uploads\/2022\/03\/Homenaje-a-Raul-Alfonsin.jpg",640,249,false],"web-stories-publisher-logo":["https:\/\/experienciadevida.com.ar\/portalurbano\/wp-content\/uploads\/2022\/03\/Homenaje-a-Raul-Alfonsin.jpg",96,37,false],"web-stories-thumbnail":["https:\/\/experienciadevida.com.ar\/portalurbano\/wp-content\/uploads\/2022\/03\/Homenaje-a-Raul-Alfonsin.jpg",150,58,false]},"author_info":{"display_name":"admpu17wp","author_link":"https:\/\/experienciadevida.com.ar\/portalurbano\/author\/admpu17wp\/"},"category_info":"<a href=\"https:\/\/experienciadevida.com.ar\/portalurbano\/category\/ciudad\/\" rel=\"category tag\">Ciudad<\/a> <a href=\"https:\/\/experienciadevida.com.ar\/portalurbano\/category\/destacadas-2\/\" rel=\"category tag\">Destacadas 2<\/a>","tag_info":"Destacadas 2","comment_count":"0","amp_enabled":true,"_links":{"self":[{"href":"https:\/\/experienciadevida.com.ar\/portalurbano\/wp-json\/wp\/v2\/posts\/164564"}],"collection":[{"href":"https:\/\/experienciadevida.com.ar\/portalurbano\/wp-json\/wp\/v2\/posts"}],"about":[{"href":"https:\/\/experienciadevida.com.ar\/portalurbano\/wp-json\/wp\/v2\/types\/post"}],"author":[{"embeddable":true,"href":"https:\/\/experienciadevida.com.ar\/portalurbano\/wp-json\/wp\/v2\/users\/1"}],"replies":[{"embeddable":true,"href":"https:\/\/experienciadevida.com.ar\/portalurbano\/wp-json\/wp\/v2\/comments?post=164564"}],"version-history":[{"count":1,"href":"https:\/\/experienciadevida.com.ar\/portalurbano\/wp-json\/wp\/v2\/posts\/164564\/revisions"}],"predecessor-version":[{"id":164566,"href":"https:\/\/experienciadevida.com.ar\/portalurbano\/wp-json\/wp\/v2\/posts\/164564\/revisions\/164566"}],"wp:featuredmedia":[{"embeddable":true,"href":"https:\/\/experienciadevida.com.ar\/portalurbano\/wp-json\/wp\/v2\/media\/164565"}],"wp:attachment":[{"href":"https:\/\/experienciadevida.com.ar\/portalurbano\/wp-json\/wp\/v2\/media?parent=164564"}],"wp:term":[{"taxonomy":"category","embeddable":true,"href":"https:\/\/experienciadevida.com.ar\/portalurbano\/wp-json\/wp\/v2\/categories?post=164564"},{"taxonomy":"post_tag","embeddable":true,"href":"https:\/\/experienciadevida.com.ar\/portalurbano\/wp-json\/wp\/v2\/tags?post=164564"}],"curies":[{"name":"wp","href":"https:\/\/api.w.org\/{rel}","templated":true}]}}