{"id":164547,"date":"2022-03-29T19:46:05","date_gmt":"2022-03-29T22:46:05","guid":{"rendered":"https:\/\/experienciadevida.com.ar\/portalurbano\/?p=164547"},"modified":"2022-03-29T20:29:21","modified_gmt":"2022-03-29T23:29:21","slug":"comenzo-el-nuevo-calendario-de-recoleccion-de-giro-para-san-vicente","status":"publish","type":"post","link":"https:\/\/experienciadevida.com.ar\/portalurbano\/comenzo-el-nuevo-calendario-de-recoleccion-de-giro-para-san-vicente\/","title":{"rendered":"Comenz\u00f3 el nuevo calendario de recolecci\u00f3n de GIRO para San Vicente"},"content":{"rendered":"<p>Comenz\u00f3 el nuevo calendario de recolecci\u00f3n de <a href=\"https:\/\/www.facebook.com\/giro.olavarria\">GIRO<\/a> para San Vicente, en el marco del proyecto piloto del programa GIRO en San Vicente, desde la Secretar\u00eda de Desarrollo Econ\u00f3mico se recuerda a todos los residentes del barrio que, a partir del pasado lunes, se modific\u00f3 el sistema de recolecci\u00f3n: en cuanto a la recolecci\u00f3n de basura, se incorpor\u00f3 una frecuencia m\u00e1s a la corriente. Tambi\u00e9n se modific\u00f3 el d\u00eda de recolecci\u00f3n de compostables.<\/p>\n<p>Espec\u00edficamente, a partir del lunes 28 de marzo se incorpor\u00f3 una nueva frecuencia de recolecci\u00f3n de basura, en la zona piloto comprendida entre las Av. Avellaneda y Pueyrred\u00f3n y entre Lavalle y las v\u00edas, junto con las dos manzanas entre la Av. Avellaneda y Giovanelli, y entre Lavalle y Riobamba; y tambi\u00e9n entre Pueyrred\u00f3n y Del Valle y entre las calles Rivadavia y Lavalle).<\/p>\n<p>A partir de la fecha, se recolectar\u00e1 basura los d\u00edas mi\u00e9rcoles, en tanto que los compostables ser\u00e1n retirados los d\u00edas jueves. Contin\u00faa vigente la recolecci\u00f3n nocturna.<\/p>\n<p>De esta forma, el nuevo calendario de recolecci\u00f3n de los 2000 hogares del barrio San Vicente comprendidos por GIRO queda estipulado de la siguiente manera: lunes- basura, martes-reciclables, mi\u00e9rcoles-basura, jueves-compostables, viernes-basura.<\/p>\n<p>El objetivo de ese cambio es facilitar la transici\u00f3n, y confirmar si un d\u00eda m\u00e1s de recolecci\u00f3n de basura estimula la participaci\u00f3n, e incentiva a los hogares a separar sus residuos y sacarlos el d\u00eda correcto.<\/p>\n<p>Para acompa\u00f1ar este cambio, durante la semana el equipo de GIRO estar\u00e1 en las calles entregando material con la informaci\u00f3n en todos los hogares, y respondiendo a las consultas de los vecinos. Como siempre, estar\u00e1n identificados y se podr\u00e1n reconocer.<\/p>\n<p>Desde GIRO se acompa\u00f1a a todos\/as los\/as vecinos\/as en esta transformaci\u00f3n, y se facilita la participaci\u00f3n de los hogares para multiplicar la cantidad y la calidad de reciclables y compostables recuperados. El prop\u00f3sito de este programa es que cada vecino\/a pueda acopiar de forma segura y c\u00f3moda en su casa, y asegurar que los materiales lleguen de manera prolija y limpia a la planta para luego ser clasificados, procesados y preparados para su reinserci\u00f3n en el circuito econ\u00f3mico y social.<\/p>\n<p>La optimizaci\u00f3n del servicio responde a las necesidades del usuario. Se pretende facilitar el cumplimiento de las corrientes de separaci\u00f3n y los d\u00edas de recolecci\u00f3n, para que los trabajadores clasificadores puedan llevar adelante su parte en condiciones seguras e higi\u00e9nicas.<\/p>\n<p>&nbsp;<\/p>\n","protected":false},"excerpt":{"rendered":"<p>Comenz\u00f3 el nuevo calendario de recolecci\u00f3n de GIRO para San Vicente, en el marco del&#8230;<\/p>\n","protected":false},"author":1,"featured_media":144634,"comment_status":"closed","ping_status":"closed","sticky":false,"template":"","format":"standard","meta":{"content-type":""},"categories":[27,51],"tags":[],"nelio_content":{"isAutoShareEnabled":false,"autoShareEndMode":"default","automationSources":{"useContentSentences":true,"useSocialTemplates":true,"useCustomSentences":false,"customSentences":[]},"followers":[1],"suggestedReferences":[],"includedReferences":[],"efiUrl":"","efiAlt":"","highlights":[]},"yoast_head":"<!-- This site is optimized with the Yoast SEO plugin v20.7 - https:\/\/yoast.com\/wordpress\/plugins\/seo\/ -->\n<title>Comenz\u00f3 en el nuevo calendario de recolecci\u00f3n de GIRO<\/title>\n<meta name=\"description\" content=\"Comenz\u00f3 el nuevo calendario de recolecci\u00f3n de GIRO para San Vicente, en el marco del proyecto piloto del programa GIRO en San Vicente\" \/>\n<meta name=\"robots\" content=\"index, follow, max-snippet:-1, max-image-preview:large, max-video-preview:-1\" \/>\n<link rel=\"canonical\" href=\"https:\/\/experienciadevida.com.ar\/portalurbano\/comenzo-el-nuevo-calendario-de-recoleccion-de-giro-para-san-vicente\/\" \/>\n<meta property=\"og:locale\" content=\"es_ES\" \/>\n<meta property=\"og:type\" content=\"article\" \/>\n<meta property=\"og:title\" content=\"Comenz\u00f3 en el nuevo calendario de recolecci\u00f3n de GIRO\" \/>\n<meta property=\"og:description\" content=\"Comenz\u00f3 el nuevo calendario de recolecci\u00f3n de GIRO para San Vicente, en el marco del proyecto piloto del programa GIRO en San Vicente\" \/>\n<meta property=\"og:url\" content=\"https:\/\/experienciadevida.com.ar\/portalurbano\/comenzo-el-nuevo-calendario-de-recoleccion-de-giro-para-san-vicente\/\" \/>\n<meta property=\"article:publisher\" content=\"https:\/\/www.facebook.com\/Portal-Urbano-171542830093757\/\" \/>\n<meta property=\"article:published_time\" content=\"2022-03-29T22:46:05+00:00\" \/>\n<meta property=\"article:modified_time\" content=\"2022-03-29T23:29:21+00:00\" \/>\n<meta property=\"og:image\" content=\"https:\/\/experienciadevida.com.ar\/portalurbano\/wp-content\/uploads\/2021\/06\/GIRO-llega-a-San-Vicente.jpg\" \/>\n\t<meta property=\"og:image:width\" content=\"765\" \/>\n\t<meta property=\"og:image:height\" content=\"426\" \/>\n\t<meta property=\"og:image:type\" content=\"image\/jpeg\" \/>\n<meta name=\"author\" content=\"admpu17wp\" \/>\n<meta name=\"twitter:card\" content=\"summary_large_image\" \/>\n<meta name=\"twitter:creator\" content=\"@portalurbanook\" \/>\n<meta name=\"twitter:site\" content=\"@portalurbanook\" \/>\n<meta name=\"twitter:label1\" content=\"Escrito por\" \/>\n\t<meta name=\"twitter:data1\" content=\"admpu17wp\" \/>\n\t<meta name=\"twitter:label2\" content=\"Tiempo de lectura\" \/>\n\t<meta name=\"twitter:data2\" content=\"2 minutos\" \/>\n<script type=\"application\/ld+json\" class=\"yoast-schema-graph\">{\"@context\":\"https:\/\/schema.org\",\"@graph\":[{\"@type\":\"Article\",\"@id\":\"https:\/\/experienciadevida.com.ar\/portalurbano\/comenzo-el-nuevo-calendario-de-recoleccion-de-giro-para-san-vicente\/#article\",\"isPartOf\":{\"@id\":\"https:\/\/experienciadevida.com.ar\/portalurbano\/comenzo-el-nuevo-calendario-de-recoleccion-de-giro-para-san-vicente\/\"},\"author\":{\"name\":\"admpu17wp\",\"@id\":\"https:\/\/experienciadevida.com.ar\/portalurbano\/#\/schema\/person\/02dd326b1c4b056e9cc972486934a3a7\"},\"headline\":\"Comenz\u00f3 el nuevo calendario de recolecci\u00f3n de GIRO para San Vicente\",\"datePublished\":\"2022-03-29T22:46:05+00:00\",\"dateModified\":\"2022-03-29T23:29:21+00:00\",\"mainEntityOfPage\":{\"@id\":\"https:\/\/experienciadevida.com.ar\/portalurbano\/comenzo-el-nuevo-calendario-de-recoleccion-de-giro-para-san-vicente\/\"},\"wordCount\":450,\"publisher\":{\"@id\":\"https:\/\/experienciadevida.com.ar\/portalurbano\/#organization\"},\"articleSection\":[\"Ciudad\",\"Destacadas\"],\"inLanguage\":\"es\"},{\"@type\":\"WebPage\",\"@id\":\"https:\/\/experienciadevida.com.ar\/portalurbano\/comenzo-el-nuevo-calendario-de-recoleccion-de-giro-para-san-vicente\/\",\"url\":\"https:\/\/experienciadevida.com.ar\/portalurbano\/comenzo-el-nuevo-calendario-de-recoleccion-de-giro-para-san-vicente\/\",\"name\":\"Comenz\u00f3 en el nuevo calendario de recolecci\u00f3n de GIRO\",\"isPartOf\":{\"@id\":\"https:\/\/experienciadevida.com.ar\/portalurbano\/#website\"},\"datePublished\":\"2022-03-29T22:46:05+00:00\",\"dateModified\":\"2022-03-29T23:29:21+00:00\",\"description\":\"Comenz\u00f3 el nuevo calendario de recolecci\u00f3n de GIRO para San Vicente, en el marco del proyecto piloto del programa GIRO en San Vicente\",\"breadcrumb\":{\"@id\":\"https:\/\/experienciadevida.com.ar\/portalurbano\/comenzo-el-nuevo-calendario-de-recoleccion-de-giro-para-san-vicente\/#breadcrumb\"},\"inLanguage\":\"es\",\"potentialAction\":[{\"@type\":\"ReadAction\",\"target\":[\"https:\/\/experienciadevida.com.ar\/portalurbano\/comenzo-el-nuevo-calendario-de-recoleccion-de-giro-para-san-vicente\/\"]}]},{\"@type\":\"BreadcrumbList\",\"@id\":\"https:\/\/experienciadevida.com.ar\/portalurbano\/comenzo-el-nuevo-calendario-de-recoleccion-de-giro-para-san-vicente\/#breadcrumb\",\"itemListElement\":[{\"@type\":\"ListItem\",\"position\":1,\"name\":\"Portada\",\"item\":\"https:\/\/experienciadevida.com.ar\/portalurbano\/\"},{\"@type\":\"ListItem\",\"position\":2,\"name\":\"Comenz\u00f3 el nuevo calendario de recolecci\u00f3n de GIRO para San Vicente\"}]},{\"@type\":\"WebSite\",\"@id\":\"https:\/\/experienciadevida.com.ar\/portalurbano\/#website\",\"url\":\"https:\/\/experienciadevida.com.ar\/portalurbano\/\",\"name\":\"\",\"description\":\"\",\"publisher\":{\"@id\":\"https:\/\/experienciadevida.com.ar\/portalurbano\/#organization\"},\"potentialAction\":[{\"@type\":\"SearchAction\",\"target\":{\"@type\":\"EntryPoint\",\"urlTemplate\":\"https:\/\/experienciadevida.com.ar\/portalurbano\/?s={search_term_string}\"},\"query-input\":\"required name=search_term_string\"}],\"inLanguage\":\"es\"},{\"@type\":\"Organization\",\"@id\":\"https:\/\/experienciadevida.com.ar\/portalurbano\/#organization\",\"name\":\"Portal Urbano\",\"url\":\"https:\/\/experienciadevida.com.ar\/portalurbano\/\",\"logo\":{\"@type\":\"ImageObject\",\"inLanguage\":\"es\",\"@id\":\"https:\/\/experienciadevida.com.ar\/portalurbano\/#\/schema\/logo\/image\/\",\"url\":\"https:\/\/experienciadevida.com.ar\/portalurbano\/wp-content\/uploads\/2019\/09\/Logo-Original.png\",\"contentUrl\":\"https:\/\/experienciadevida.com.ar\/portalurbano\/wp-content\/uploads\/2019\/09\/Logo-Original.png\",\"width\":2236,\"height\":1216,\"caption\":\"Portal Urbano\"},\"image\":{\"@id\":\"https:\/\/experienciadevida.com.ar\/portalurbano\/#\/schema\/logo\/image\/\"},\"sameAs\":[\"https:\/\/www.facebook.com\/Portal-Urbano-171542830093757\/\",\"https:\/\/twitter.com\/portalurbanook\",\"https:\/\/www.instagram.com\/_portalurbano\/\",\"https:\/\/www.youtube.com\/channel\/UCXhagIfszH8KxFiOok79zbA?view_as=subscriber\"]},{\"@type\":\"Person\",\"@id\":\"https:\/\/experienciadevida.com.ar\/portalurbano\/#\/schema\/person\/02dd326b1c4b056e9cc972486934a3a7\",\"name\":\"admpu17wp\",\"image\":{\"@type\":\"ImageObject\",\"inLanguage\":\"es\",\"@id\":\"https:\/\/experienciadevida.com.ar\/portalurbano\/#\/schema\/person\/image\/\",\"url\":\"https:\/\/secure.gravatar.com\/avatar\/830d4c57adaae6630765e449a6908047?s=96&d=mm&r=g\",\"contentUrl\":\"https:\/\/secure.gravatar.com\/avatar\/830d4c57adaae6630765e449a6908047?s=96&d=mm&r=g\",\"caption\":\"admpu17wp\"}}]}<\/script>\n<!-- \/ Yoast SEO plugin. -->","yoast_head_json":{"title":"Comenz\u00f3 en el nuevo calendario de recolecci\u00f3n de GIRO","description":"Comenz\u00f3 el nuevo calendario de recolecci\u00f3n de GIRO para San Vicente, en el marco del proyecto piloto del programa GIRO en San Vicente","robots":{"index":"index","follow":"follow","max-snippet":"max-snippet:-1","max-image-preview":"max-image-preview:large","max-video-preview":"max-video-preview:-1"},"canonical":"https:\/\/experienciadevida.com.ar\/portalurbano\/comenzo-el-nuevo-calendario-de-recoleccion-de-giro-para-san-vicente\/","og_locale":"es_ES","og_type":"article","og_title":"Comenz\u00f3 en el nuevo calendario de recolecci\u00f3n de GIRO","og_description":"Comenz\u00f3 el nuevo calendario de recolecci\u00f3n de GIRO para San Vicente, en el marco del proyecto piloto del programa GIRO en San Vicente","og_url":"https:\/\/experienciadevida.com.ar\/portalurbano\/comenzo-el-nuevo-calendario-de-recoleccion-de-giro-para-san-vicente\/","article_publisher":"https:\/\/www.facebook.com\/Portal-Urbano-171542830093757\/","article_published_time":"2022-03-29T22:46:05+00:00","article_modified_time":"2022-03-29T23:29:21+00:00","og_image":[{"width":765,"height":426,"url":"https:\/\/experienciadevida.com.ar\/portalurbano\/wp-content\/uploads\/2021\/06\/GIRO-llega-a-San-Vicente.jpg","type":"image\/jpeg"}],"author":"admpu17wp","twitter_card":"summary_large_image","twitter_creator":"@portalurbanook","twitter_site":"@portalurbanook","twitter_misc":{"Escrito por":"admpu17wp","Tiempo de lectura":"2 minutos"},"schema":{"@context":"https:\/\/schema.org","@graph":[{"@type":"Article","@id":"https:\/\/experienciadevida.com.ar\/portalurbano\/comenzo-el-nuevo-calendario-de-recoleccion-de-giro-para-san-vicente\/#article","isPartOf":{"@id":"https:\/\/experienciadevida.com.ar\/portalurbano\/comenzo-el-nuevo-calendario-de-recoleccion-de-giro-para-san-vicente\/"},"author":{"name":"admpu17wp","@id":"https:\/\/experienciadevida.com.ar\/portalurbano\/#\/schema\/person\/02dd326b1c4b056e9cc972486934a3a7"},"headline":"Comenz\u00f3 el nuevo calendario de recolecci\u00f3n de GIRO para San Vicente","datePublished":"2022-03-29T22:46:05+00:00","dateModified":"2022-03-29T23:29:21+00:00","mainEntityOfPage":{"@id":"https:\/\/experienciadevida.com.ar\/portalurbano\/comenzo-el-nuevo-calendario-de-recoleccion-de-giro-para-san-vicente\/"},"wordCount":450,"publisher":{"@id":"https:\/\/experienciadevida.com.ar\/portalurbano\/#organization"},"articleSection":["Ciudad","Destacadas"],"inLanguage":"es"},{"@type":"WebPage","@id":"https:\/\/experienciadevida.com.ar\/portalurbano\/comenzo-el-nuevo-calendario-de-recoleccion-de-giro-para-san-vicente\/","url":"https:\/\/experienciadevida.com.ar\/portalurbano\/comenzo-el-nuevo-calendario-de-recoleccion-de-giro-para-san-vicente\/","name":"Comenz\u00f3 en el nuevo calendario de recolecci\u00f3n de GIRO","isPartOf":{"@id":"https:\/\/experienciadevida.com.ar\/portalurbano\/#website"},"datePublished":"2022-03-29T22:46:05+00:00","dateModified":"2022-03-29T23:29:21+00:00","description":"Comenz\u00f3 el nuevo calendario de recolecci\u00f3n de GIRO para San Vicente, en el marco del proyecto piloto del programa GIRO en San Vicente","breadcrumb":{"@id":"https:\/\/experienciadevida.com.ar\/portalurbano\/comenzo-el-nuevo-calendario-de-recoleccion-de-giro-para-san-vicente\/#breadcrumb"},"inLanguage":"es","potentialAction":[{"@type":"ReadAction","target":["https:\/\/experienciadevida.com.ar\/portalurbano\/comenzo-el-nuevo-calendario-de-recoleccion-de-giro-para-san-vicente\/"]}]},{"@type":"BreadcrumbList","@id":"https:\/\/experienciadevida.com.ar\/portalurbano\/comenzo-el-nuevo-calendario-de-recoleccion-de-giro-para-san-vicente\/#breadcrumb","itemListElement":[{"@type":"ListItem","position":1,"name":"Portada","item":"https:\/\/experienciadevida.com.ar\/portalurbano\/"},{"@type":"ListItem","position":2,"name":"Comenz\u00f3 el nuevo calendario de recolecci\u00f3n de GIRO para San Vicente"}]},{"@type":"WebSite","@id":"https:\/\/experienciadevida.com.ar\/portalurbano\/#website","url":"https:\/\/experienciadevida.com.ar\/portalurbano\/","name":"","description":"","publisher":{"@id":"https:\/\/experienciadevida.com.ar\/portalurbano\/#organization"},"potentialAction":[{"@type":"SearchAction","target":{"@type":"EntryPoint","urlTemplate":"https:\/\/experienciadevida.com.ar\/portalurbano\/?s={search_term_string}"},"query-input":"required name=search_term_string"}],"inLanguage":"es"},{"@type":"Organization","@id":"https:\/\/experienciadevida.com.ar\/portalurbano\/#organization","name":"Portal Urbano","url":"https:\/\/experienciadevida.com.ar\/portalurbano\/","logo":{"@type":"ImageObject","inLanguage":"es","@id":"https:\/\/experienciadevida.com.ar\/portalurbano\/#\/schema\/logo\/image\/","url":"https:\/\/experienciadevida.com.ar\/portalurbano\/wp-content\/uploads\/2019\/09\/Logo-Original.png","contentUrl":"https:\/\/experienciadevida.com.ar\/portalurbano\/wp-content\/uploads\/2019\/09\/Logo-Original.png","width":2236,"height":1216,"caption":"Portal Urbano"},"image":{"@id":"https:\/\/experienciadevida.com.ar\/portalurbano\/#\/schema\/logo\/image\/"},"sameAs":["https:\/\/www.facebook.com\/Portal-Urbano-171542830093757\/","https:\/\/twitter.com\/portalurbanook","https:\/\/www.instagram.com\/_portalurbano\/","https:\/\/www.youtube.com\/channel\/UCXhagIfszH8KxFiOok79zbA?view_as=subscriber"]},{"@type":"Person","@id":"https:\/\/experienciadevida.com.ar\/portalurbano\/#\/schema\/person\/02dd326b1c4b056e9cc972486934a3a7","name":"admpu17wp","image":{"@type":"ImageObject","inLanguage":"es","@id":"https:\/\/experienciadevida.com.ar\/portalurbano\/#\/schema\/person\/image\/","url":"https:\/\/secure.gravatar.com\/avatar\/830d4c57adaae6630765e449a6908047?s=96&d=mm&r=g","contentUrl":"https:\/\/secure.gravatar.com\/avatar\/830d4c57adaae6630765e449a6908047?s=96&d=mm&r=g","caption":"admpu17wp"}}]}},"featured_image_urls":{"full":["https:\/\/experienciadevida.com.ar\/portalurbano\/wp-content\/uploads\/2021\/06\/GIRO-llega-a-San-Vicente.jpg",765,426,false],"thumbnail":["https:\/\/experienciadevida.com.ar\/portalurbano\/wp-content\/uploads\/2021\/06\/GIRO-llega-a-San-Vicente-150x150.jpg",150,150,true],"medium":["https:\/\/experienciadevida.com.ar\/portalurbano\/wp-content\/uploads\/2021\/06\/GIRO-llega-a-San-Vicente-300x167.jpg",300,167,true],"medium_large":["https:\/\/experienciadevida.com.ar\/portalurbano\/wp-content\/uploads\/2021\/06\/GIRO-llega-a-San-Vicente.jpg",640,356,false],"large":["https:\/\/experienciadevida.com.ar\/portalurbano\/wp-content\/uploads\/2021\/06\/GIRO-llega-a-San-Vicente.jpg",640,356,false],"ug_big":["https:\/\/experienciadevida.com.ar\/portalurbano\/wp-content\/uploads\/2021\/06\/GIRO-llega-a-San-Vicente.jpg",765,426,false],"1536x1536":["https:\/\/experienciadevida.com.ar\/portalurbano\/wp-content\/uploads\/2021\/06\/GIRO-llega-a-San-Vicente.jpg",765,426,false],"2048x2048":["https:\/\/experienciadevida.com.ar\/portalurbano\/wp-content\/uploads\/2021\/06\/GIRO-llega-a-San-Vicente.jpg",765,426,false],"newsever-slider-full":["https:\/\/experienciadevida.com.ar\/portalurbano\/wp-content\/uploads\/2021\/06\/GIRO-llega-a-San-Vicente.jpg",765,426,false],"newsever-featured":["https:\/\/experienciadevida.com.ar\/portalurbano\/wp-content\/uploads\/2021\/06\/GIRO-llega-a-San-Vicente.jpg",765,426,false],"newsever-medium":["https:\/\/experienciadevida.com.ar\/portalurbano\/wp-content\/uploads\/2021\/06\/GIRO-llega-a-San-Vicente.jpg",720,401,false],"web-stories-poster-portrait":["https:\/\/experienciadevida.com.ar\/portalurbano\/wp-content\/uploads\/2021\/06\/GIRO-llega-a-San-Vicente.jpg",640,356,false],"web-stories-publisher-logo":["https:\/\/experienciadevida.com.ar\/portalurbano\/wp-content\/uploads\/2021\/06\/GIRO-llega-a-San-Vicente.jpg",96,53,false],"web-stories-thumbnail":["https:\/\/experienciadevida.com.ar\/portalurbano\/wp-content\/uploads\/2021\/06\/GIRO-llega-a-San-Vicente.jpg",150,84,false]},"author_info":{"display_name":"admpu17wp","author_link":"https:\/\/experienciadevida.com.ar\/portalurbano\/author\/admpu17wp\/"},"category_info":"<a href=\"https:\/\/experienciadevida.com.ar\/portalurbano\/category\/ciudad\/\" rel=\"category tag\">Ciudad<\/a> <a href=\"https:\/\/experienciadevida.com.ar\/portalurbano\/category\/destacadas\/\" rel=\"category tag\">Destacadas<\/a>","tag_info":"Destacadas","comment_count":"0","amp_enabled":true,"_links":{"self":[{"href":"https:\/\/experienciadevida.com.ar\/portalurbano\/wp-json\/wp\/v2\/posts\/164547"}],"collection":[{"href":"https:\/\/experienciadevida.com.ar\/portalurbano\/wp-json\/wp\/v2\/posts"}],"about":[{"href":"https:\/\/experienciadevida.com.ar\/portalurbano\/wp-json\/wp\/v2\/types\/post"}],"author":[{"embeddable":true,"href":"https:\/\/experienciadevida.com.ar\/portalurbano\/wp-json\/wp\/v2\/users\/1"}],"replies":[{"embeddable":true,"href":"https:\/\/experienciadevida.com.ar\/portalurbano\/wp-json\/wp\/v2\/comments?post=164547"}],"version-history":[{"count":3,"href":"https:\/\/experienciadevida.com.ar\/portalurbano\/wp-json\/wp\/v2\/posts\/164547\/revisions"}],"predecessor-version":[{"id":164550,"href":"https:\/\/experienciadevida.com.ar\/portalurbano\/wp-json\/wp\/v2\/posts\/164547\/revisions\/164550"}],"wp:featuredmedia":[{"embeddable":true,"href":"https:\/\/experienciadevida.com.ar\/portalurbano\/wp-json\/wp\/v2\/media\/144634"}],"wp:attachment":[{"href":"https:\/\/experienciadevida.com.ar\/portalurbano\/wp-json\/wp\/v2\/media?parent=164547"}],"wp:term":[{"taxonomy":"category","embeddable":true,"href":"https:\/\/experienciadevida.com.ar\/portalurbano\/wp-json\/wp\/v2\/categories?post=164547"},{"taxonomy":"post_tag","embeddable":true,"href":"https:\/\/experienciadevida.com.ar\/portalurbano\/wp-json\/wp\/v2\/tags?post=164547"}],"curies":[{"name":"wp","href":"https:\/\/api.w.org\/{rel}","templated":true}]}}