{"id":164533,"date":"2022-03-29T19:11:02","date_gmt":"2022-03-29T22:11:02","guid":{"rendered":"https:\/\/experienciadevida.com.ar\/portalurbano\/?p=164533"},"modified":"2022-03-29T19:11:35","modified_gmt":"2022-03-29T22:11:35","slug":"abrio-el-ciclo-lectivo-en-unidades-penales-y-se-reinauguro-el-aula-universitaria-ave-fenix","status":"publish","type":"post","link":"https:\/\/experienciadevida.com.ar\/portalurbano\/abrio-el-ciclo-lectivo-en-unidades-penales-y-se-reinauguro-el-aula-universitaria-ave-fenix\/","title":{"rendered":"Abri\u00f3 el ciclo lectivo en unidades penales y se reinaugur\u00f3 el aula universitaria \u201cAve F\u00e9nix\u201d"},"content":{"rendered":"<p>Abri\u00f3 el ciclo lectivo en unidades penales y se reinaugur\u00f3 el aula universitaria \u201cAve F\u00e9nix\u201d, en el acto en el Complejo Penitenciario de Sierra Chica estuvieron presentes autoridades de las Facultades de Ciencias Sociales y de Derecho, del Programa Universidad en la C\u00e1rcel de UNICEN, del Ministerio de Justicia de la Provincia y del Servicio Penitenciario Bonaerense. Adem\u00e1s se descubri\u00f3 una placa por el D\u00eda Nacional de la Memoria por la Verdad y la Justicia.<\/p>\n<p><a href=\"https:\/\/experienciadevida.com.ar\/portalurbano\/abrio-el-ciclo-lectivo-en-unidades-penales-y-se-reinauguro-el-aula-universitaria-ave-fenix\/abrio\/\" rel=\"attachment wp-att-164535\"><img decoding=\"async\" class=\"alignnone size-large wp-image-164535\" src=\"https:\/\/experienciadevida.com.ar\/portalurbano\/wp-content\/uploads\/2022\/03\/abrio-1024x683.jpg\" alt=\"abri\u00f3\" width=\"900\" height=\"600\" srcset=\"https:\/\/experienciadevida.com.ar\/portalurbano\/wp-content\/uploads\/2022\/03\/abrio-1024x683.jpg 1024w, https:\/\/experienciadevida.com.ar\/portalurbano\/wp-content\/uploads\/2022\/03\/abrio-300x200.jpg 300w, https:\/\/experienciadevida.com.ar\/portalurbano\/wp-content\/uploads\/2022\/03\/abrio-768x512.jpg 768w, https:\/\/experienciadevida.com.ar\/portalurbano\/wp-content\/uploads\/2022\/03\/abrio.jpg 1480w\" sizes=\"(max-width: 900px) 100vw, 900px\" \/><\/a><\/p>\n<p>La Unidad Penal N\u00b0 27 fue sede del acto inaugural de las actividades de la Universidad Nacional del Centro de la Provincia de Buenos Aires en las c\u00e1rceles de Azul y Olavarr\u00eda, oportunidad en la que reabri\u00f3 sus puertas el aula universitaria \u201cAve F\u00e9nix\u201d, la cual estuvo cerrada por varios a\u00f1os.<\/p>\n<p>De manera inicial se realiz\u00f3 una rese\u00f1a sobre la trayectoria del programa Universidad en la C\u00e1rcel de la UNICEN en las unidades penales 2, 27 y 38 de Sierra Chica y 7 y 52 de Azul. En las mismas se ofrecen las carreras de Licenciatura en Comunicaci\u00f3n Social, Profesorado de Comunicaci\u00f3n Social, Licenciatura en Antropolog\u00eda Social y Profesorado de Antropolog\u00eda, de la Facultad de Ciencias Sociales; y la carrera de Abogac\u00eda de la Facultad de Derecho. En ambas unidades acad\u00e9micas se desarrolla el Programa Educaci\u00f3n en Contextos de Encierro (PECE), a trav\u00e9s del cual se coordinan las actividades educativas en cada una de las c\u00e1rceles de la regi\u00f3n.<\/p>\n<p>En la actualidad la UNICEN cuenta con aproximadamente 200 estudiantes privados y privadas de la libertad que asisten regularmente a las aulas universitarias. La Unidad Penal N\u00b0 27 es la \u00fanica que no contaba con un aula para que los\/as estudiantes desarrollen sus estudios y tengan el acceso para conectarse de manera h\u00edbrida. En las aulas universitarias adem\u00e1s se dictan diferentes talleres art\u00edsticos y de formaci\u00f3n laboral que se despliegan en el Centro Cultural Itinerante \u201cEl Musguito\u201d, dependiente de la Secretar\u00eda de Extensi\u00f3n.<\/p>\n<p>En el acto participaron la decana de la Facultad de Ciencias Sociales, Lic. Gabriela <a href=\"https:\/\/www.instagram.com\/gabygamberini\/?hl=es-la\">Gamberini<\/a>; el vicedecano de la Facultad de Derecho, Abog. Esteban Hess; la directora del Programa Universidad en la C\u00e1rcel de la UNICEN, Dra. Anal\u00eda Umpi\u00e9rrez; Marcelo Iaffola, Director Provincial de Pol\u00edticas de Inclusi\u00f3n del Ministerio de Justicia y Derechos Humanos bonaerense; Yamila Olariaga, Directora de Educaci\u00f3n de la Direcci\u00f3n de Pol\u00edticas de Inclusi\u00f3n del Ministerio de Justicia; Ger\u00f3nimo Mart\u00edn Erdmann Mac Donald, Director de Asuntos Jur\u00eddicos de Personas en Situaci\u00f3n de Encierro del Ministerio de Justicia; Ruben Moyano, director de la Unidad Penal 27 y Guillermo Escudero, subdirector de Asistencia y Tratamiento de la UP 27.<\/p>\n<p><a href=\"https:\/\/experienciadevida.com.ar\/portalurbano\/abrio-el-ciclo-lectivo-en-unidades-penales-y-se-reinauguro-el-aula-universitaria-ave-fenix\/el-7\/\" rel=\"attachment wp-att-164536\"><img decoding=\"async\" class=\"alignnone size-large wp-image-164536\" src=\"https:\/\/experienciadevida.com.ar\/portalurbano\/wp-content\/uploads\/2022\/03\/el-1024x631.jpg\" alt=\"el \" width=\"900\" height=\"555\" srcset=\"https:\/\/experienciadevida.com.ar\/portalurbano\/wp-content\/uploads\/2022\/03\/el-1024x631.jpg 1024w, https:\/\/experienciadevida.com.ar\/portalurbano\/wp-content\/uploads\/2022\/03\/el-300x185.jpg 300w, https:\/\/experienciadevida.com.ar\/portalurbano\/wp-content\/uploads\/2022\/03\/el-768x473.jpg 768w, https:\/\/experienciadevida.com.ar\/portalurbano\/wp-content\/uploads\/2022\/03\/el.jpg 1480w\" sizes=\"(max-width: 900px) 100vw, 900px\" \/><\/a><\/p>\n<p>Estuvieron presentes tambi\u00e9n el Prof. Luis Scipioni y el Mag. Tom\u00e1s Puppio, coordinadores de los Programas Educaci\u00f3n en Contexto de Encierro de las Facultades de Ciencias Sociales y Derecho, respectivamente; Gabriela Vigneau, docente de la Escuela Nacional Adolfo P\u00e9rez Esquivel; Griselda Lemiez y Emanuel Collazo en representaci\u00f3n de la Mesa Local de Derechos Humanos; Silvina Garc\u00eda, directora de Regi\u00f3n I del Patronato de Liberados; adem\u00e1s de representantes de la Direcci\u00f3n General de Cultura y Educaci\u00f3n, del Plan FINES y del Consejo Escolar de Olavarr\u00eda.<\/p>\n<p>En un tramo del encuentro, la cantante Adriana Saravia, adem\u00e1s de compartir su arte e invitar a los presentes a sumarse a su presentaci\u00f3n, reflej\u00f3 su experiencia como docente en las unidades penales de Sierra Chica.<\/p>\n<p>Por el derecho a la educaci\u00f3n<\/p>\n<p>De manera inicial, la Dra. Anal\u00eda Umpi\u00e9rrez expres\u00f3 que \u201ces una alegr\u00eda enorme poder iniciar las actividades en las unidades penales, que es un desaf\u00edo cada a\u00f1o, y asimismo con la particularidad de la reapertura de un aula que en alg\u00fan momento existi\u00f3 y se cerr\u00f3 por la falta de estudiantes. Con la pandemia hubo una demanda de los estudiantes por el aula, y resurgi\u00f3 entre las cenizas el \u2018ave f\u00e9nix\u2019. Felicito a la voluntad de trabajo especialmente de quienes han permitido que esto sea no s\u00f3lo una idea sino que sea una materialidad\u201d.<\/p>\n<p>Por su parte, la Lic. Gabriela Gamberini, decana de la Facultad de Ciencias Sociales, manifest\u00f3 que \u201cla reapertura de un aula universitaria sin dudas es un momento para celebrar, volvemos a poner todo nuestro esfuerzo y nuestro acompa\u00f1amiento para poder llevar adelante el Programa de Educaci\u00f3n en Contextos de Encierro, que acompa\u00f1amos con la firme convicci\u00f3n de garantizar el derecho a la educaci\u00f3n, con el fin de brindar oportunidades, de abrir las puertas de la Universidad para acercar diferentes carreras pero tambi\u00e9n para construir de manera conjunta distintos proyectos de vida. Desde ese lugar cada d\u00eda nos aferramos a esta posibilidad y a este horizonte de futuro\u201d.<\/p>\n<p>En tanto, el Abog. Esteban Hess, vicedecano de la Facultad de Derecho, expuso que \u201cla pandemia nos ha tra\u00eddo muchas herramientas que hoy podemos capitalizar, ha derribado de alguna manera algunos muros que ten\u00edamos en el acceso con muchos y muchas estudiantes, y nos ha dado la posibilidad de acercamos de manera presencial y tambi\u00e9n de forma virtual. Trabajamos d\u00eda a d\u00eda para que el derecho a la educaci\u00f3n en estos contextos sea posible, que les permita acceder a una formaci\u00f3n de calidad que le sea de utilidad durante el resto de su vida\u201d.<\/p>\n<p>Por otra parte, Marcelo Iaffola, Director Provincial de Pol\u00edticas de Inclusi\u00f3n del Ministerio de Justicia y Derechos Humanos, celebr\u00f3 que a trav\u00e9s de un trabajo en conjunto se garantice el derecho a la educaci\u00f3n en todos sus niveles, \u201cderecho que las personas que est\u00e1n privadas de la libertad pueden acceder exactamente igual que en el medio libre\u201d.<\/p>\n<p>Adem\u00e1s Franco, estudiante de la Licenciatura en Comunicaci\u00f3n Social de la FACSO, comparti\u00f3 las reflexiones enviadas desde los Centros Universitarios de otras sedes penales, y manifest\u00f3 que \u201cla educaci\u00f3n dentro de la c\u00e1rcel es libertad, es so\u00f1ar con un mundo m\u00e1s justo y equitativo y eso se logra mediante la fuerza colectiva\u201d.<\/p>\n<p>Placas por la Memoria<\/p>\n<p>En la oportunidad adem\u00e1s los y las presentes realizaron una recorrida por las instalaciones del aula \u201cAve F\u00e9nix\u201d, y se descubri\u00f3 la placa conmemorativa al D\u00eda Nacional de la Memoria por la Verdad y la Justicia bajo la consigna \u201c30 mil pa\u00f1uelos por la memoria\u201d.<\/p>\n<p>Las pa\u00f1uelos blancos, realizados con t\u00e9cnicas de mosaiquismo, fueron producidos como parte de un proyecto desde los espacios curriculares de historia y artes visuales de segundo a\u00f1o de la Escuela Nacional Adolfo P\u00e9rez Esquivel dependiente de UNICEN, siendo los y las estudiantes hacedores, transformadores y multiplicadores de discursos est\u00e9ticos cargados de sentido.<\/p>\n","protected":false},"excerpt":{"rendered":"<p>Abri\u00f3 el ciclo lectivo en unidades penales y se reinaugur\u00f3 el aula universitaria \u201cAve F\u00e9nix\u201d,&#8230;<\/p>\n","protected":false},"author":1,"featured_media":164534,"comment_status":"closed","ping_status":"closed","sticky":false,"template":"","format":"standard","meta":{"content-type":""},"categories":[31],"tags":[],"nelio_content":{"isAutoShareEnabled":false,"autoShareEndMode":"default","automationSources":{"useContentSentences":true,"useSocialTemplates":true,"useCustomSentences":false,"customSentences":[]},"followers":[1],"suggestedReferences":[],"includedReferences":["https:\/\/www.instagram.com\/gabygamberini\/?hl=es-la"],"efiUrl":"","efiAlt":"","highlights":[]},"yoast_head":"<!-- This site is optimized with the Yoast SEO plugin v20.7 - https:\/\/yoast.com\/wordpress\/plugins\/seo\/ -->\n<title>Abri\u00f3 el ciclo lectivo en Unidades penales y se reinaugur\u00f3 el aula<\/title>\n<meta name=\"description\" content=\"Abri\u00f3 el ciclo lectivo en unidades penales y se reinaugur\u00f3 el aula universitaria \u201cAve F\u00e9nix\u201d, en el acto en el Complejo Penitenciario de S.C\" \/>\n<meta name=\"robots\" content=\"index, follow, max-snippet:-1, max-image-preview:large, max-video-preview:-1\" \/>\n<link rel=\"canonical\" href=\"https:\/\/experienciadevida.com.ar\/portalurbano\/abrio-el-ciclo-lectivo-en-unidades-penales-y-se-reinauguro-el-aula-universitaria-ave-fenix\/\" \/>\n<meta property=\"og:locale\" content=\"es_ES\" \/>\n<meta property=\"og:type\" content=\"article\" \/>\n<meta property=\"og:title\" content=\"Abri\u00f3 el ciclo lectivo en Unidades penales y se reinaugur\u00f3 el aula\" \/>\n<meta property=\"og:description\" content=\"Abri\u00f3 el ciclo lectivo en unidades penales y se reinaugur\u00f3 el aula universitaria \u201cAve F\u00e9nix\u201d, en el acto en el Complejo Penitenciario de S.C\" \/>\n<meta property=\"og:url\" content=\"https:\/\/experienciadevida.com.ar\/portalurbano\/abrio-el-ciclo-lectivo-en-unidades-penales-y-se-reinauguro-el-aula-universitaria-ave-fenix\/\" \/>\n<meta property=\"article:publisher\" content=\"https:\/\/www.facebook.com\/Portal-Urbano-171542830093757\/\" \/>\n<meta property=\"article:published_time\" content=\"2022-03-29T22:11:02+00:00\" \/>\n<meta property=\"article:modified_time\" content=\"2022-03-29T22:11:35+00:00\" \/>\n<meta property=\"og:image\" content=\"https:\/\/experienciadevida.com.ar\/portalurbano\/wp-content\/uploads\/2022\/03\/Abrio-el-ciclo-lectivo.jpg\" \/>\n\t<meta property=\"og:image:width\" content=\"1000\" \/>\n\t<meta property=\"og:image:height\" content=\"663\" \/>\n\t<meta property=\"og:image:type\" content=\"image\/jpeg\" \/>\n<meta name=\"author\" content=\"admpu17wp\" \/>\n<meta name=\"twitter:card\" content=\"summary_large_image\" \/>\n<meta name=\"twitter:creator\" content=\"@portalurbanook\" \/>\n<meta name=\"twitter:site\" content=\"@portalurbanook\" \/>\n<meta name=\"twitter:label1\" content=\"Escrito por\" \/>\n\t<meta name=\"twitter:data1\" content=\"admpu17wp\" \/>\n\t<meta name=\"twitter:label2\" content=\"Tiempo de lectura\" \/>\n\t<meta name=\"twitter:data2\" content=\"6 minutos\" \/>\n<script type=\"application\/ld+json\" class=\"yoast-schema-graph\">{\"@context\":\"https:\/\/schema.org\",\"@graph\":[{\"@type\":\"Article\",\"@id\":\"https:\/\/experienciadevida.com.ar\/portalurbano\/abrio-el-ciclo-lectivo-en-unidades-penales-y-se-reinauguro-el-aula-universitaria-ave-fenix\/#article\",\"isPartOf\":{\"@id\":\"https:\/\/experienciadevida.com.ar\/portalurbano\/abrio-el-ciclo-lectivo-en-unidades-penales-y-se-reinauguro-el-aula-universitaria-ave-fenix\/\"},\"author\":{\"name\":\"admpu17wp\",\"@id\":\"https:\/\/experienciadevida.com.ar\/portalurbano\/#\/schema\/person\/02dd326b1c4b056e9cc972486934a3a7\"},\"headline\":\"Abri\u00f3 el ciclo lectivo en unidades penales y se reinaugur\u00f3 el aula universitaria \u201cAve F\u00e9nix\u201d\",\"datePublished\":\"2022-03-29T22:11:02+00:00\",\"dateModified\":\"2022-03-29T22:11:35+00:00\",\"mainEntityOfPage\":{\"@id\":\"https:\/\/experienciadevida.com.ar\/portalurbano\/abrio-el-ciclo-lectivo-en-unidades-penales-y-se-reinauguro-el-aula-universitaria-ave-fenix\/\"},\"wordCount\":1159,\"publisher\":{\"@id\":\"https:\/\/experienciadevida.com.ar\/portalurbano\/#organization\"},\"articleSection\":[\"Educaci\u00f3n\"],\"inLanguage\":\"es\"},{\"@type\":\"WebPage\",\"@id\":\"https:\/\/experienciadevida.com.ar\/portalurbano\/abrio-el-ciclo-lectivo-en-unidades-penales-y-se-reinauguro-el-aula-universitaria-ave-fenix\/\",\"url\":\"https:\/\/experienciadevida.com.ar\/portalurbano\/abrio-el-ciclo-lectivo-en-unidades-penales-y-se-reinauguro-el-aula-universitaria-ave-fenix\/\",\"name\":\"Abri\u00f3 el ciclo lectivo en Unidades penales y se reinaugur\u00f3 el aula\",\"isPartOf\":{\"@id\":\"https:\/\/experienciadevida.com.ar\/portalurbano\/#website\"},\"datePublished\":\"2022-03-29T22:11:02+00:00\",\"dateModified\":\"2022-03-29T22:11:35+00:00\",\"description\":\"Abri\u00f3 el ciclo lectivo en unidades penales y se reinaugur\u00f3 el aula universitaria \u201cAve F\u00e9nix\u201d, en el acto en el Complejo Penitenciario de S.C\",\"breadcrumb\":{\"@id\":\"https:\/\/experienciadevida.com.ar\/portalurbano\/abrio-el-ciclo-lectivo-en-unidades-penales-y-se-reinauguro-el-aula-universitaria-ave-fenix\/#breadcrumb\"},\"inLanguage\":\"es\",\"potentialAction\":[{\"@type\":\"ReadAction\",\"target\":[\"https:\/\/experienciadevida.com.ar\/portalurbano\/abrio-el-ciclo-lectivo-en-unidades-penales-y-se-reinauguro-el-aula-universitaria-ave-fenix\/\"]}]},{\"@type\":\"BreadcrumbList\",\"@id\":\"https:\/\/experienciadevida.com.ar\/portalurbano\/abrio-el-ciclo-lectivo-en-unidades-penales-y-se-reinauguro-el-aula-universitaria-ave-fenix\/#breadcrumb\",\"itemListElement\":[{\"@type\":\"ListItem\",\"position\":1,\"name\":\"Portada\",\"item\":\"https:\/\/experienciadevida.com.ar\/portalurbano\/\"},{\"@type\":\"ListItem\",\"position\":2,\"name\":\"Abri\u00f3 el ciclo lectivo en unidades penales y se reinaugur\u00f3 el aula universitaria \u201cAve F\u00e9nix\u201d\"}]},{\"@type\":\"WebSite\",\"@id\":\"https:\/\/experienciadevida.com.ar\/portalurbano\/#website\",\"url\":\"https:\/\/experienciadevida.com.ar\/portalurbano\/\",\"name\":\"\",\"description\":\"\",\"publisher\":{\"@id\":\"https:\/\/experienciadevida.com.ar\/portalurbano\/#organization\"},\"potentialAction\":[{\"@type\":\"SearchAction\",\"target\":{\"@type\":\"EntryPoint\",\"urlTemplate\":\"https:\/\/experienciadevida.com.ar\/portalurbano\/?s={search_term_string}\"},\"query-input\":\"required name=search_term_string\"}],\"inLanguage\":\"es\"},{\"@type\":\"Organization\",\"@id\":\"https:\/\/experienciadevida.com.ar\/portalurbano\/#organization\",\"name\":\"Portal Urbano\",\"url\":\"https:\/\/experienciadevida.com.ar\/portalurbano\/\",\"logo\":{\"@type\":\"ImageObject\",\"inLanguage\":\"es\",\"@id\":\"https:\/\/experienciadevida.com.ar\/portalurbano\/#\/schema\/logo\/image\/\",\"url\":\"https:\/\/experienciadevida.com.ar\/portalurbano\/wp-content\/uploads\/2019\/09\/Logo-Original.png\",\"contentUrl\":\"https:\/\/experienciadevida.com.ar\/portalurbano\/wp-content\/uploads\/2019\/09\/Logo-Original.png\",\"width\":2236,\"height\":1216,\"caption\":\"Portal Urbano\"},\"image\":{\"@id\":\"https:\/\/experienciadevida.com.ar\/portalurbano\/#\/schema\/logo\/image\/\"},\"sameAs\":[\"https:\/\/www.facebook.com\/Portal-Urbano-171542830093757\/\",\"https:\/\/twitter.com\/portalurbanook\",\"https:\/\/www.instagram.com\/_portalurbano\/\",\"https:\/\/www.youtube.com\/channel\/UCXhagIfszH8KxFiOok79zbA?view_as=subscriber\"]},{\"@type\":\"Person\",\"@id\":\"https:\/\/experienciadevida.com.ar\/portalurbano\/#\/schema\/person\/02dd326b1c4b056e9cc972486934a3a7\",\"name\":\"admpu17wp\",\"image\":{\"@type\":\"ImageObject\",\"inLanguage\":\"es\",\"@id\":\"https:\/\/experienciadevida.com.ar\/portalurbano\/#\/schema\/person\/image\/\",\"url\":\"https:\/\/secure.gravatar.com\/avatar\/830d4c57adaae6630765e449a6908047?s=96&d=mm&r=g\",\"contentUrl\":\"https:\/\/secure.gravatar.com\/avatar\/830d4c57adaae6630765e449a6908047?s=96&d=mm&r=g\",\"caption\":\"admpu17wp\"}}]}<\/script>\n<!-- \/ Yoast SEO plugin. -->","yoast_head_json":{"title":"Abri\u00f3 el ciclo lectivo en Unidades penales y se reinaugur\u00f3 el aula","description":"Abri\u00f3 el ciclo lectivo en unidades penales y se reinaugur\u00f3 el aula universitaria \u201cAve F\u00e9nix\u201d, en el acto en el Complejo Penitenciario de S.C","robots":{"index":"index","follow":"follow","max-snippet":"max-snippet:-1","max-image-preview":"max-image-preview:large","max-video-preview":"max-video-preview:-1"},"canonical":"https:\/\/experienciadevida.com.ar\/portalurbano\/abrio-el-ciclo-lectivo-en-unidades-penales-y-se-reinauguro-el-aula-universitaria-ave-fenix\/","og_locale":"es_ES","og_type":"article","og_title":"Abri\u00f3 el ciclo lectivo en Unidades penales y se reinaugur\u00f3 el aula","og_description":"Abri\u00f3 el ciclo lectivo en unidades penales y se reinaugur\u00f3 el aula universitaria \u201cAve F\u00e9nix\u201d, en el acto en el Complejo Penitenciario de S.C","og_url":"https:\/\/experienciadevida.com.ar\/portalurbano\/abrio-el-ciclo-lectivo-en-unidades-penales-y-se-reinauguro-el-aula-universitaria-ave-fenix\/","article_publisher":"https:\/\/www.facebook.com\/Portal-Urbano-171542830093757\/","article_published_time":"2022-03-29T22:11:02+00:00","article_modified_time":"2022-03-29T22:11:35+00:00","og_image":[{"width":1000,"height":663,"url":"https:\/\/experienciadevida.com.ar\/portalurbano\/wp-content\/uploads\/2022\/03\/Abrio-el-ciclo-lectivo.jpg","type":"image\/jpeg"}],"author":"admpu17wp","twitter_card":"summary_large_image","twitter_creator":"@portalurbanook","twitter_site":"@portalurbanook","twitter_misc":{"Escrito por":"admpu17wp","Tiempo de lectura":"6 minutos"},"schema":{"@context":"https:\/\/schema.org","@graph":[{"@type":"Article","@id":"https:\/\/experienciadevida.com.ar\/portalurbano\/abrio-el-ciclo-lectivo-en-unidades-penales-y-se-reinauguro-el-aula-universitaria-ave-fenix\/#article","isPartOf":{"@id":"https:\/\/experienciadevida.com.ar\/portalurbano\/abrio-el-ciclo-lectivo-en-unidades-penales-y-se-reinauguro-el-aula-universitaria-ave-fenix\/"},"author":{"name":"admpu17wp","@id":"https:\/\/experienciadevida.com.ar\/portalurbano\/#\/schema\/person\/02dd326b1c4b056e9cc972486934a3a7"},"headline":"Abri\u00f3 el ciclo lectivo en unidades penales y se reinaugur\u00f3 el aula universitaria \u201cAve F\u00e9nix\u201d","datePublished":"2022-03-29T22:11:02+00:00","dateModified":"2022-03-29T22:11:35+00:00","mainEntityOfPage":{"@id":"https:\/\/experienciadevida.com.ar\/portalurbano\/abrio-el-ciclo-lectivo-en-unidades-penales-y-se-reinauguro-el-aula-universitaria-ave-fenix\/"},"wordCount":1159,"publisher":{"@id":"https:\/\/experienciadevida.com.ar\/portalurbano\/#organization"},"articleSection":["Educaci\u00f3n"],"inLanguage":"es"},{"@type":"WebPage","@id":"https:\/\/experienciadevida.com.ar\/portalurbano\/abrio-el-ciclo-lectivo-en-unidades-penales-y-se-reinauguro-el-aula-universitaria-ave-fenix\/","url":"https:\/\/experienciadevida.com.ar\/portalurbano\/abrio-el-ciclo-lectivo-en-unidades-penales-y-se-reinauguro-el-aula-universitaria-ave-fenix\/","name":"Abri\u00f3 el ciclo lectivo en Unidades penales y se reinaugur\u00f3 el aula","isPartOf":{"@id":"https:\/\/experienciadevida.com.ar\/portalurbano\/#website"},"datePublished":"2022-03-29T22:11:02+00:00","dateModified":"2022-03-29T22:11:35+00:00","description":"Abri\u00f3 el ciclo lectivo en unidades penales y se reinaugur\u00f3 el aula universitaria \u201cAve F\u00e9nix\u201d, en el acto en el Complejo Penitenciario de S.C","breadcrumb":{"@id":"https:\/\/experienciadevida.com.ar\/portalurbano\/abrio-el-ciclo-lectivo-en-unidades-penales-y-se-reinauguro-el-aula-universitaria-ave-fenix\/#breadcrumb"},"inLanguage":"es","potentialAction":[{"@type":"ReadAction","target":["https:\/\/experienciadevida.com.ar\/portalurbano\/abrio-el-ciclo-lectivo-en-unidades-penales-y-se-reinauguro-el-aula-universitaria-ave-fenix\/"]}]},{"@type":"BreadcrumbList","@id":"https:\/\/experienciadevida.com.ar\/portalurbano\/abrio-el-ciclo-lectivo-en-unidades-penales-y-se-reinauguro-el-aula-universitaria-ave-fenix\/#breadcrumb","itemListElement":[{"@type":"ListItem","position":1,"name":"Portada","item":"https:\/\/experienciadevida.com.ar\/portalurbano\/"},{"@type":"ListItem","position":2,"name":"Abri\u00f3 el ciclo lectivo en unidades penales y se reinaugur\u00f3 el aula universitaria \u201cAve F\u00e9nix\u201d"}]},{"@type":"WebSite","@id":"https:\/\/experienciadevida.com.ar\/portalurbano\/#website","url":"https:\/\/experienciadevida.com.ar\/portalurbano\/","name":"","description":"","publisher":{"@id":"https:\/\/experienciadevida.com.ar\/portalurbano\/#organization"},"potentialAction":[{"@type":"SearchAction","target":{"@type":"EntryPoint","urlTemplate":"https:\/\/experienciadevida.com.ar\/portalurbano\/?s={search_term_string}"},"query-input":"required name=search_term_string"}],"inLanguage":"es"},{"@type":"Organization","@id":"https:\/\/experienciadevida.com.ar\/portalurbano\/#organization","name":"Portal Urbano","url":"https:\/\/experienciadevida.com.ar\/portalurbano\/","logo":{"@type":"ImageObject","inLanguage":"es","@id":"https:\/\/experienciadevida.com.ar\/portalurbano\/#\/schema\/logo\/image\/","url":"https:\/\/experienciadevida.com.ar\/portalurbano\/wp-content\/uploads\/2019\/09\/Logo-Original.png","contentUrl":"https:\/\/experienciadevida.com.ar\/portalurbano\/wp-content\/uploads\/2019\/09\/Logo-Original.png","width":2236,"height":1216,"caption":"Portal Urbano"},"image":{"@id":"https:\/\/experienciadevida.com.ar\/portalurbano\/#\/schema\/logo\/image\/"},"sameAs":["https:\/\/www.facebook.com\/Portal-Urbano-171542830093757\/","https:\/\/twitter.com\/portalurbanook","https:\/\/www.instagram.com\/_portalurbano\/","https:\/\/www.youtube.com\/channel\/UCXhagIfszH8KxFiOok79zbA?view_as=subscriber"]},{"@type":"Person","@id":"https:\/\/experienciadevida.com.ar\/portalurbano\/#\/schema\/person\/02dd326b1c4b056e9cc972486934a3a7","name":"admpu17wp","image":{"@type":"ImageObject","inLanguage":"es","@id":"https:\/\/experienciadevida.com.ar\/portalurbano\/#\/schema\/person\/image\/","url":"https:\/\/secure.gravatar.com\/avatar\/830d4c57adaae6630765e449a6908047?s=96&d=mm&r=g","contentUrl":"https:\/\/secure.gravatar.com\/avatar\/830d4c57adaae6630765e449a6908047?s=96&d=mm&r=g","caption":"admpu17wp"}}]}},"featured_image_urls":{"full":["https:\/\/experienciadevida.com.ar\/portalurbano\/wp-content\/uploads\/2022\/03\/Abrio-el-ciclo-lectivo.jpg",1000,663,false],"thumbnail":["https:\/\/experienciadevida.com.ar\/portalurbano\/wp-content\/uploads\/2022\/03\/Abrio-el-ciclo-lectivo-150x150.jpg",150,150,true],"medium":["https:\/\/experienciadevida.com.ar\/portalurbano\/wp-content\/uploads\/2022\/03\/Abrio-el-ciclo-lectivo-300x199.jpg",300,199,true],"medium_large":["https:\/\/experienciadevida.com.ar\/portalurbano\/wp-content\/uploads\/2022\/03\/Abrio-el-ciclo-lectivo-768x509.jpg",640,424,true],"large":["https:\/\/experienciadevida.com.ar\/portalurbano\/wp-content\/uploads\/2022\/03\/Abrio-el-ciclo-lectivo.jpg",640,424,false],"ug_big":["https:\/\/experienciadevida.com.ar\/portalurbano\/wp-content\/uploads\/2022\/03\/Abrio-el-ciclo-lectivo-768x509.jpg",768,509,true],"1536x1536":["https:\/\/experienciadevida.com.ar\/portalurbano\/wp-content\/uploads\/2022\/03\/Abrio-el-ciclo-lectivo.jpg",1000,663,false],"2048x2048":["https:\/\/experienciadevida.com.ar\/portalurbano\/wp-content\/uploads\/2022\/03\/Abrio-el-ciclo-lectivo.jpg",1000,663,false],"newsever-slider-full":["https:\/\/experienciadevida.com.ar\/portalurbano\/wp-content\/uploads\/2022\/03\/Abrio-el-ciclo-lectivo.jpg",1000,663,false],"newsever-featured":["https:\/\/experienciadevida.com.ar\/portalurbano\/wp-content\/uploads\/2022\/03\/Abrio-el-ciclo-lectivo.jpg",1000,663,false],"newsever-medium":["https:\/\/experienciadevida.com.ar\/portalurbano\/wp-content\/uploads\/2022\/03\/Abrio-el-ciclo-lectivo.jpg",716,475,false],"web-stories-poster-portrait":["https:\/\/experienciadevida.com.ar\/portalurbano\/wp-content\/uploads\/2022\/03\/Abrio-el-ciclo-lectivo.jpg",640,424,false],"web-stories-publisher-logo":["https:\/\/experienciadevida.com.ar\/portalurbano\/wp-content\/uploads\/2022\/03\/Abrio-el-ciclo-lectivo.jpg",96,64,false],"web-stories-thumbnail":["https:\/\/experienciadevida.com.ar\/portalurbano\/wp-content\/uploads\/2022\/03\/Abrio-el-ciclo-lectivo.jpg",150,99,false]},"author_info":{"display_name":"admpu17wp","author_link":"https:\/\/experienciadevida.com.ar\/portalurbano\/author\/admpu17wp\/"},"category_info":"<a href=\"https:\/\/experienciadevida.com.ar\/portalurbano\/category\/ciudad\/educacion\/\" rel=\"category tag\">Educaci\u00f3n<\/a>","tag_info":"Educaci\u00f3n","comment_count":"0","amp_enabled":true,"_links":{"self":[{"href":"https:\/\/experienciadevida.com.ar\/portalurbano\/wp-json\/wp\/v2\/posts\/164533"}],"collection":[{"href":"https:\/\/experienciadevida.com.ar\/portalurbano\/wp-json\/wp\/v2\/posts"}],"about":[{"href":"https:\/\/experienciadevida.com.ar\/portalurbano\/wp-json\/wp\/v2\/types\/post"}],"author":[{"embeddable":true,"href":"https:\/\/experienciadevida.com.ar\/portalurbano\/wp-json\/wp\/v2\/users\/1"}],"replies":[{"embeddable":true,"href":"https:\/\/experienciadevida.com.ar\/portalurbano\/wp-json\/wp\/v2\/comments?post=164533"}],"version-history":[{"count":2,"href":"https:\/\/experienciadevida.com.ar\/portalurbano\/wp-json\/wp\/v2\/posts\/164533\/revisions"}],"predecessor-version":[{"id":164538,"href":"https:\/\/experienciadevida.com.ar\/portalurbano\/wp-json\/wp\/v2\/posts\/164533\/revisions\/164538"}],"wp:featuredmedia":[{"embeddable":true,"href":"https:\/\/experienciadevida.com.ar\/portalurbano\/wp-json\/wp\/v2\/media\/164534"}],"wp:attachment":[{"href":"https:\/\/experienciadevida.com.ar\/portalurbano\/wp-json\/wp\/v2\/media?parent=164533"}],"wp:term":[{"taxonomy":"category","embeddable":true,"href":"https:\/\/experienciadevida.com.ar\/portalurbano\/wp-json\/wp\/v2\/categories?post=164533"},{"taxonomy":"post_tag","embeddable":true,"href":"https:\/\/experienciadevida.com.ar\/portalurbano\/wp-json\/wp\/v2\/tags?post=164533"}],"curies":[{"name":"wp","href":"https:\/\/api.w.org\/{rel}","templated":true}]}}