{"id":164527,"date":"2022-03-29T19:00:45","date_gmt":"2022-03-29T22:00:45","guid":{"rendered":"https:\/\/experienciadevida.com.ar\/portalurbano\/?p=164527"},"modified":"2022-03-29T19:01:20","modified_gmt":"2022-03-29T22:01:20","slug":"salerno-galli-es-un-intendente-que-esta-dejando-una-huella-en-la-infraestructura-escolar-de-olavarria","status":"publish","type":"post","link":"https:\/\/experienciadevida.com.ar\/portalurbano\/salerno-galli-es-un-intendente-que-esta-dejando-una-huella-en-la-infraestructura-escolar-de-olavarria\/","title":{"rendered":"Salerno: \u201cGalli es un intendente que est\u00e1 dejando una huella en la infraestructura escolar de Olavarr\u00eda\u201d"},"content":{"rendered":"<p>Salerno: \u201cGalli es un intendente que est\u00e1 dejando una huella en la infraestructura escolar de Olavarr\u00eda\u201d, la concejal de Juntos, Maite <a href=\"https:\/\/www.instagram.com\/salernomaite\/?hl=es-la\">Salerno<\/a> celebr\u00f3 la inauguraci\u00f3n del nuevo edificio del Jard\u00edn N\u00b0 930 en el barrio ACUPO y destac\u00f3 el compromiso del intendente Ezequiel Galli de concluir esta obra \u201ctan demandada por la comunidad educativa de la instituci\u00f3n&#8221;, dijo.<\/p>\n<p>Para la concejal Salerno desde ahora toda la comunidad educativa del Jard\u00edn 930 \u201cva a poder disfrutar del espacio en las condiciones de infraestructura que merecen despu\u00e9s de a\u00f1os de espera. Quienes hemos estado cerca del jard\u00edn sabemos que durante a\u00f1os funcion\u00f3 en esa misma sede, siendo vivienda que no cumpl\u00eda con las condiciones necesarias para un correcto aprendizaje\u201d.<\/p>\n<p>\u201cPese a los vaivenes econ\u00f3micos de la Argentina, el intendente se comprometi\u00f3 a terminar esta obra y lo hizo y eso es algo que destaca la propia comunidad educativa\u201d, agreg\u00f3.<\/p>\n<p>M\u00e1s all\u00e1 de la inauguraci\u00f3n de la obra del Jard\u00edn N\u00b0 930, Salerno destac\u00f3 el compromiso que ha tenido el intendente municipal en destinar recursos a la mejora de edificios escolares del Partido de Olavarr\u00eda. En este sentido expres\u00f3 que \u201cEzequiel Galli cuando asume su gesti\u00f3n se encontr\u00f3 con un importante deterioro de los edificios escolares. Su compromiso de gesti\u00f3n fue destinar recursos para revertir esta situaci\u00f3n y algo que hoy se ve reflejado en cada barrio, en cada escuela cuando vemos las obras terminadas o en marcha muy cerca de terminarse. La realidad de una comunidad educativa cambia para siempre cuando se termina una obra\u201d.<\/p>\n<p>\u201cGalli es un intendente que est\u00e1 dejando una huella en la infraestructura escolar de Olavarr\u00eda porque educaci\u00f3n tambi\u00e9n es que nuestros hijos aprendan en establecimientos con condiciones dignas\u201d, cerr\u00f3.<\/p>\n","protected":false},"excerpt":{"rendered":"<p>Salerno: \u201cGalli es un intendente que est\u00e1 dejando una huella en la infraestructura escolar de&#8230;<\/p>\n","protected":false},"author":1,"featured_media":164528,"comment_status":"closed","ping_status":"closed","sticky":false,"template":"","format":"standard","meta":{"content-type":""},"categories":[27,64],"tags":[],"nelio_content":{"isAutoShareEnabled":false,"autoShareEndMode":"default","automationSources":{"useContentSentences":true,"useSocialTemplates":true,"useCustomSentences":false,"customSentences":[]},"followers":[1],"suggestedReferences":[],"includedReferences":["https:\/\/www.instagram.com\/salernomaite\/?hl=es-la"],"efiUrl":"","efiAlt":"","highlights":[]},"yoast_head":"<!-- This site is optimized with the Yoast SEO plugin v20.7 - https:\/\/yoast.com\/wordpress\/plugins\/seo\/ -->\n<title>Salerno: &quot;Galli es un Intendente que est\u00e1 dejando una huella&quot;<\/title>\n<meta name=\"description\" content=\"Salerno: \u201cGalli es un intendente que est\u00e1 dejando una huella en la infraestructura escolar de Olavarr\u00eda\u201d, as\u00ed lo dijo la concejal de Juntos\" \/>\n<meta name=\"robots\" content=\"index, follow, max-snippet:-1, max-image-preview:large, max-video-preview:-1\" \/>\n<link rel=\"canonical\" href=\"https:\/\/experienciadevida.com.ar\/portalurbano\/salerno-galli-es-un-intendente-que-esta-dejando-una-huella-en-la-infraestructura-escolar-de-olavarria\/\" \/>\n<meta property=\"og:locale\" content=\"es_ES\" \/>\n<meta property=\"og:type\" content=\"article\" \/>\n<meta property=\"og:title\" content=\"Salerno: &quot;Galli es un Intendente que est\u00e1 dejando una huella&quot;\" \/>\n<meta property=\"og:description\" content=\"Salerno: \u201cGalli es un intendente que est\u00e1 dejando una huella en la infraestructura escolar de Olavarr\u00eda\u201d, as\u00ed lo dijo la concejal de Juntos\" \/>\n<meta property=\"og:url\" content=\"https:\/\/experienciadevida.com.ar\/portalurbano\/salerno-galli-es-un-intendente-que-esta-dejando-una-huella-en-la-infraestructura-escolar-de-olavarria\/\" \/>\n<meta property=\"article:publisher\" content=\"https:\/\/www.facebook.com\/Portal-Urbano-171542830093757\/\" \/>\n<meta property=\"article:published_time\" content=\"2022-03-29T22:00:45+00:00\" \/>\n<meta property=\"article:modified_time\" content=\"2022-03-29T22:01:20+00:00\" \/>\n<meta property=\"og:image\" content=\"https:\/\/experienciadevida.com.ar\/portalurbano\/wp-content\/uploads\/2022\/03\/Salerno.jpg\" \/>\n\t<meta property=\"og:image:width\" content=\"1280\" \/>\n\t<meta property=\"og:image:height\" content=\"947\" \/>\n\t<meta property=\"og:image:type\" content=\"image\/jpeg\" \/>\n<meta name=\"author\" content=\"admpu17wp\" \/>\n<meta name=\"twitter:card\" content=\"summary_large_image\" \/>\n<meta name=\"twitter:creator\" content=\"@portalurbanook\" \/>\n<meta name=\"twitter:site\" content=\"@portalurbanook\" \/>\n<meta name=\"twitter:label1\" content=\"Escrito por\" \/>\n\t<meta name=\"twitter:data1\" content=\"admpu17wp\" \/>\n\t<meta name=\"twitter:label2\" content=\"Tiempo de lectura\" \/>\n\t<meta name=\"twitter:data2\" content=\"2 minutos\" \/>\n<script type=\"application\/ld+json\" class=\"yoast-schema-graph\">{\"@context\":\"https:\/\/schema.org\",\"@graph\":[{\"@type\":\"Article\",\"@id\":\"https:\/\/experienciadevida.com.ar\/portalurbano\/salerno-galli-es-un-intendente-que-esta-dejando-una-huella-en-la-infraestructura-escolar-de-olavarria\/#article\",\"isPartOf\":{\"@id\":\"https:\/\/experienciadevida.com.ar\/portalurbano\/salerno-galli-es-un-intendente-que-esta-dejando-una-huella-en-la-infraestructura-escolar-de-olavarria\/\"},\"author\":{\"name\":\"admpu17wp\",\"@id\":\"https:\/\/experienciadevida.com.ar\/portalurbano\/#\/schema\/person\/02dd326b1c4b056e9cc972486934a3a7\"},\"headline\":\"Salerno: \u201cGalli es un intendente que est\u00e1 dejando una huella en la infraestructura escolar de Olavarr\u00eda\u201d\",\"datePublished\":\"2022-03-29T22:00:45+00:00\",\"dateModified\":\"2022-03-29T22:01:20+00:00\",\"mainEntityOfPage\":{\"@id\":\"https:\/\/experienciadevida.com.ar\/portalurbano\/salerno-galli-es-un-intendente-que-esta-dejando-una-huella-en-la-infraestructura-escolar-de-olavarria\/\"},\"wordCount\":317,\"publisher\":{\"@id\":\"https:\/\/experienciadevida.com.ar\/portalurbano\/#organization\"},\"articleSection\":[\"Ciudad\",\"Destacadas 2\"],\"inLanguage\":\"es\"},{\"@type\":\"WebPage\",\"@id\":\"https:\/\/experienciadevida.com.ar\/portalurbano\/salerno-galli-es-un-intendente-que-esta-dejando-una-huella-en-la-infraestructura-escolar-de-olavarria\/\",\"url\":\"https:\/\/experienciadevida.com.ar\/portalurbano\/salerno-galli-es-un-intendente-que-esta-dejando-una-huella-en-la-infraestructura-escolar-de-olavarria\/\",\"name\":\"Salerno: \\\"Galli es un Intendente que est\u00e1 dejando una huella\\\"\",\"isPartOf\":{\"@id\":\"https:\/\/experienciadevida.com.ar\/portalurbano\/#website\"},\"datePublished\":\"2022-03-29T22:00:45+00:00\",\"dateModified\":\"2022-03-29T22:01:20+00:00\",\"description\":\"Salerno: \u201cGalli es un intendente que est\u00e1 dejando una huella en la infraestructura escolar de Olavarr\u00eda\u201d, as\u00ed lo dijo la concejal de Juntos\",\"breadcrumb\":{\"@id\":\"https:\/\/experienciadevida.com.ar\/portalurbano\/salerno-galli-es-un-intendente-que-esta-dejando-una-huella-en-la-infraestructura-escolar-de-olavarria\/#breadcrumb\"},\"inLanguage\":\"es\",\"potentialAction\":[{\"@type\":\"ReadAction\",\"target\":[\"https:\/\/experienciadevida.com.ar\/portalurbano\/salerno-galli-es-un-intendente-que-esta-dejando-una-huella-en-la-infraestructura-escolar-de-olavarria\/\"]}]},{\"@type\":\"BreadcrumbList\",\"@id\":\"https:\/\/experienciadevida.com.ar\/portalurbano\/salerno-galli-es-un-intendente-que-esta-dejando-una-huella-en-la-infraestructura-escolar-de-olavarria\/#breadcrumb\",\"itemListElement\":[{\"@type\":\"ListItem\",\"position\":1,\"name\":\"Portada\",\"item\":\"https:\/\/experienciadevida.com.ar\/portalurbano\/\"},{\"@type\":\"ListItem\",\"position\":2,\"name\":\"Salerno: \u201cGalli es un intendente que est\u00e1 dejando una huella en la infraestructura escolar de Olavarr\u00eda\u201d\"}]},{\"@type\":\"WebSite\",\"@id\":\"https:\/\/experienciadevida.com.ar\/portalurbano\/#website\",\"url\":\"https:\/\/experienciadevida.com.ar\/portalurbano\/\",\"name\":\"\",\"description\":\"\",\"publisher\":{\"@id\":\"https:\/\/experienciadevida.com.ar\/portalurbano\/#organization\"},\"potentialAction\":[{\"@type\":\"SearchAction\",\"target\":{\"@type\":\"EntryPoint\",\"urlTemplate\":\"https:\/\/experienciadevida.com.ar\/portalurbano\/?s={search_term_string}\"},\"query-input\":\"required name=search_term_string\"}],\"inLanguage\":\"es\"},{\"@type\":\"Organization\",\"@id\":\"https:\/\/experienciadevida.com.ar\/portalurbano\/#organization\",\"name\":\"Portal Urbano\",\"url\":\"https:\/\/experienciadevida.com.ar\/portalurbano\/\",\"logo\":{\"@type\":\"ImageObject\",\"inLanguage\":\"es\",\"@id\":\"https:\/\/experienciadevida.com.ar\/portalurbano\/#\/schema\/logo\/image\/\",\"url\":\"https:\/\/experienciadevida.com.ar\/portalurbano\/wp-content\/uploads\/2019\/09\/Logo-Original.png\",\"contentUrl\":\"https:\/\/experienciadevida.com.ar\/portalurbano\/wp-content\/uploads\/2019\/09\/Logo-Original.png\",\"width\":2236,\"height\":1216,\"caption\":\"Portal Urbano\"},\"image\":{\"@id\":\"https:\/\/experienciadevida.com.ar\/portalurbano\/#\/schema\/logo\/image\/\"},\"sameAs\":[\"https:\/\/www.facebook.com\/Portal-Urbano-171542830093757\/\",\"https:\/\/twitter.com\/portalurbanook\",\"https:\/\/www.instagram.com\/_portalurbano\/\",\"https:\/\/www.youtube.com\/channel\/UCXhagIfszH8KxFiOok79zbA?view_as=subscriber\"]},{\"@type\":\"Person\",\"@id\":\"https:\/\/experienciadevida.com.ar\/portalurbano\/#\/schema\/person\/02dd326b1c4b056e9cc972486934a3a7\",\"name\":\"admpu17wp\",\"image\":{\"@type\":\"ImageObject\",\"inLanguage\":\"es\",\"@id\":\"https:\/\/experienciadevida.com.ar\/portalurbano\/#\/schema\/person\/image\/\",\"url\":\"https:\/\/secure.gravatar.com\/avatar\/830d4c57adaae6630765e449a6908047?s=96&d=mm&r=g\",\"contentUrl\":\"https:\/\/secure.gravatar.com\/avatar\/830d4c57adaae6630765e449a6908047?s=96&d=mm&r=g\",\"caption\":\"admpu17wp\"}}]}<\/script>\n<!-- \/ Yoast SEO plugin. -->","yoast_head_json":{"title":"Salerno: \"Galli es un Intendente que est\u00e1 dejando una huella\"","description":"Salerno: \u201cGalli es un intendente que est\u00e1 dejando una huella en la infraestructura escolar de Olavarr\u00eda\u201d, as\u00ed lo dijo la concejal de Juntos","robots":{"index":"index","follow":"follow","max-snippet":"max-snippet:-1","max-image-preview":"max-image-preview:large","max-video-preview":"max-video-preview:-1"},"canonical":"https:\/\/experienciadevida.com.ar\/portalurbano\/salerno-galli-es-un-intendente-que-esta-dejando-una-huella-en-la-infraestructura-escolar-de-olavarria\/","og_locale":"es_ES","og_type":"article","og_title":"Salerno: \"Galli es un Intendente que est\u00e1 dejando una huella\"","og_description":"Salerno: \u201cGalli es un intendente que est\u00e1 dejando una huella en la infraestructura escolar de Olavarr\u00eda\u201d, as\u00ed lo dijo la concejal de Juntos","og_url":"https:\/\/experienciadevida.com.ar\/portalurbano\/salerno-galli-es-un-intendente-que-esta-dejando-una-huella-en-la-infraestructura-escolar-de-olavarria\/","article_publisher":"https:\/\/www.facebook.com\/Portal-Urbano-171542830093757\/","article_published_time":"2022-03-29T22:00:45+00:00","article_modified_time":"2022-03-29T22:01:20+00:00","og_image":[{"width":1280,"height":947,"url":"https:\/\/experienciadevida.com.ar\/portalurbano\/wp-content\/uploads\/2022\/03\/Salerno.jpg","type":"image\/jpeg"}],"author":"admpu17wp","twitter_card":"summary_large_image","twitter_creator":"@portalurbanook","twitter_site":"@portalurbanook","twitter_misc":{"Escrito por":"admpu17wp","Tiempo de lectura":"2 minutos"},"schema":{"@context":"https:\/\/schema.org","@graph":[{"@type":"Article","@id":"https:\/\/experienciadevida.com.ar\/portalurbano\/salerno-galli-es-un-intendente-que-esta-dejando-una-huella-en-la-infraestructura-escolar-de-olavarria\/#article","isPartOf":{"@id":"https:\/\/experienciadevida.com.ar\/portalurbano\/salerno-galli-es-un-intendente-que-esta-dejando-una-huella-en-la-infraestructura-escolar-de-olavarria\/"},"author":{"name":"admpu17wp","@id":"https:\/\/experienciadevida.com.ar\/portalurbano\/#\/schema\/person\/02dd326b1c4b056e9cc972486934a3a7"},"headline":"Salerno: \u201cGalli es un intendente que est\u00e1 dejando una huella en la infraestructura escolar de Olavarr\u00eda\u201d","datePublished":"2022-03-29T22:00:45+00:00","dateModified":"2022-03-29T22:01:20+00:00","mainEntityOfPage":{"@id":"https:\/\/experienciadevida.com.ar\/portalurbano\/salerno-galli-es-un-intendente-que-esta-dejando-una-huella-en-la-infraestructura-escolar-de-olavarria\/"},"wordCount":317,"publisher":{"@id":"https:\/\/experienciadevida.com.ar\/portalurbano\/#organization"},"articleSection":["Ciudad","Destacadas 2"],"inLanguage":"es"},{"@type":"WebPage","@id":"https:\/\/experienciadevida.com.ar\/portalurbano\/salerno-galli-es-un-intendente-que-esta-dejando-una-huella-en-la-infraestructura-escolar-de-olavarria\/","url":"https:\/\/experienciadevida.com.ar\/portalurbano\/salerno-galli-es-un-intendente-que-esta-dejando-una-huella-en-la-infraestructura-escolar-de-olavarria\/","name":"Salerno: \"Galli es un Intendente que est\u00e1 dejando una huella\"","isPartOf":{"@id":"https:\/\/experienciadevida.com.ar\/portalurbano\/#website"},"datePublished":"2022-03-29T22:00:45+00:00","dateModified":"2022-03-29T22:01:20+00:00","description":"Salerno: \u201cGalli es un intendente que est\u00e1 dejando una huella en la infraestructura escolar de Olavarr\u00eda\u201d, as\u00ed lo dijo la concejal de Juntos","breadcrumb":{"@id":"https:\/\/experienciadevida.com.ar\/portalurbano\/salerno-galli-es-un-intendente-que-esta-dejando-una-huella-en-la-infraestructura-escolar-de-olavarria\/#breadcrumb"},"inLanguage":"es","potentialAction":[{"@type":"ReadAction","target":["https:\/\/experienciadevida.com.ar\/portalurbano\/salerno-galli-es-un-intendente-que-esta-dejando-una-huella-en-la-infraestructura-escolar-de-olavarria\/"]}]},{"@type":"BreadcrumbList","@id":"https:\/\/experienciadevida.com.ar\/portalurbano\/salerno-galli-es-un-intendente-que-esta-dejando-una-huella-en-la-infraestructura-escolar-de-olavarria\/#breadcrumb","itemListElement":[{"@type":"ListItem","position":1,"name":"Portada","item":"https:\/\/experienciadevida.com.ar\/portalurbano\/"},{"@type":"ListItem","position":2,"name":"Salerno: \u201cGalli es un intendente que est\u00e1 dejando una huella en la infraestructura escolar de Olavarr\u00eda\u201d"}]},{"@type":"WebSite","@id":"https:\/\/experienciadevida.com.ar\/portalurbano\/#website","url":"https:\/\/experienciadevida.com.ar\/portalurbano\/","name":"","description":"","publisher":{"@id":"https:\/\/experienciadevida.com.ar\/portalurbano\/#organization"},"potentialAction":[{"@type":"SearchAction","target":{"@type":"EntryPoint","urlTemplate":"https:\/\/experienciadevida.com.ar\/portalurbano\/?s={search_term_string}"},"query-input":"required name=search_term_string"}],"inLanguage":"es"},{"@type":"Organization","@id":"https:\/\/experienciadevida.com.ar\/portalurbano\/#organization","name":"Portal Urbano","url":"https:\/\/experienciadevida.com.ar\/portalurbano\/","logo":{"@type":"ImageObject","inLanguage":"es","@id":"https:\/\/experienciadevida.com.ar\/portalurbano\/#\/schema\/logo\/image\/","url":"https:\/\/experienciadevida.com.ar\/portalurbano\/wp-content\/uploads\/2019\/09\/Logo-Original.png","contentUrl":"https:\/\/experienciadevida.com.ar\/portalurbano\/wp-content\/uploads\/2019\/09\/Logo-Original.png","width":2236,"height":1216,"caption":"Portal Urbano"},"image":{"@id":"https:\/\/experienciadevida.com.ar\/portalurbano\/#\/schema\/logo\/image\/"},"sameAs":["https:\/\/www.facebook.com\/Portal-Urbano-171542830093757\/","https:\/\/twitter.com\/portalurbanook","https:\/\/www.instagram.com\/_portalurbano\/","https:\/\/www.youtube.com\/channel\/UCXhagIfszH8KxFiOok79zbA?view_as=subscriber"]},{"@type":"Person","@id":"https:\/\/experienciadevida.com.ar\/portalurbano\/#\/schema\/person\/02dd326b1c4b056e9cc972486934a3a7","name":"admpu17wp","image":{"@type":"ImageObject","inLanguage":"es","@id":"https:\/\/experienciadevida.com.ar\/portalurbano\/#\/schema\/person\/image\/","url":"https:\/\/secure.gravatar.com\/avatar\/830d4c57adaae6630765e449a6908047?s=96&d=mm&r=g","contentUrl":"https:\/\/secure.gravatar.com\/avatar\/830d4c57adaae6630765e449a6908047?s=96&d=mm&r=g","caption":"admpu17wp"}}]}},"featured_image_urls":{"full":["https:\/\/experienciadevida.com.ar\/portalurbano\/wp-content\/uploads\/2022\/03\/Salerno.jpg",1280,947,false],"thumbnail":["https:\/\/experienciadevida.com.ar\/portalurbano\/wp-content\/uploads\/2022\/03\/Salerno-150x150.jpg",150,150,true],"medium":["https:\/\/experienciadevida.com.ar\/portalurbano\/wp-content\/uploads\/2022\/03\/Salerno-300x222.jpg",300,222,true],"medium_large":["https:\/\/experienciadevida.com.ar\/portalurbano\/wp-content\/uploads\/2022\/03\/Salerno-768x568.jpg",640,473,true],"large":["https:\/\/experienciadevida.com.ar\/portalurbano\/wp-content\/uploads\/2022\/03\/Salerno-1024x758.jpg",640,474,true],"ug_big":["https:\/\/experienciadevida.com.ar\/portalurbano\/wp-content\/uploads\/2022\/03\/Salerno-768x568.jpg",768,568,true],"1536x1536":["https:\/\/experienciadevida.com.ar\/portalurbano\/wp-content\/uploads\/2022\/03\/Salerno.jpg",1280,947,false],"2048x2048":["https:\/\/experienciadevida.com.ar\/portalurbano\/wp-content\/uploads\/2022\/03\/Salerno.jpg",1280,947,false],"newsever-slider-full":["https:\/\/experienciadevida.com.ar\/portalurbano\/wp-content\/uploads\/2022\/03\/Salerno.jpg",1142,845,false],"newsever-featured":["https:\/\/experienciadevida.com.ar\/portalurbano\/wp-content\/uploads\/2022\/03\/Salerno.jpg",1024,758,false],"newsever-medium":["https:\/\/experienciadevida.com.ar\/portalurbano\/wp-content\/uploads\/2022\/03\/Salerno.jpg",642,475,false],"web-stories-poster-portrait":["https:\/\/experienciadevida.com.ar\/portalurbano\/wp-content\/uploads\/2022\/03\/Salerno.jpg",640,474,false],"web-stories-publisher-logo":["https:\/\/experienciadevida.com.ar\/portalurbano\/wp-content\/uploads\/2022\/03\/Salerno.jpg",96,71,false],"web-stories-thumbnail":["https:\/\/experienciadevida.com.ar\/portalurbano\/wp-content\/uploads\/2022\/03\/Salerno.jpg",150,111,false]},"author_info":{"display_name":"admpu17wp","author_link":"https:\/\/experienciadevida.com.ar\/portalurbano\/author\/admpu17wp\/"},"category_info":"<a href=\"https:\/\/experienciadevida.com.ar\/portalurbano\/category\/ciudad\/\" rel=\"category tag\">Ciudad<\/a> <a href=\"https:\/\/experienciadevida.com.ar\/portalurbano\/category\/destacadas-2\/\" rel=\"category tag\">Destacadas 2<\/a>","tag_info":"Destacadas 2","comment_count":"0","amp_enabled":true,"_links":{"self":[{"href":"https:\/\/experienciadevida.com.ar\/portalurbano\/wp-json\/wp\/v2\/posts\/164527"}],"collection":[{"href":"https:\/\/experienciadevida.com.ar\/portalurbano\/wp-json\/wp\/v2\/posts"}],"about":[{"href":"https:\/\/experienciadevida.com.ar\/portalurbano\/wp-json\/wp\/v2\/types\/post"}],"author":[{"embeddable":true,"href":"https:\/\/experienciadevida.com.ar\/portalurbano\/wp-json\/wp\/v2\/users\/1"}],"replies":[{"embeddable":true,"href":"https:\/\/experienciadevida.com.ar\/portalurbano\/wp-json\/wp\/v2\/comments?post=164527"}],"version-history":[{"count":1,"href":"https:\/\/experienciadevida.com.ar\/portalurbano\/wp-json\/wp\/v2\/posts\/164527\/revisions"}],"predecessor-version":[{"id":164529,"href":"https:\/\/experienciadevida.com.ar\/portalurbano\/wp-json\/wp\/v2\/posts\/164527\/revisions\/164529"}],"wp:featuredmedia":[{"embeddable":true,"href":"https:\/\/experienciadevida.com.ar\/portalurbano\/wp-json\/wp\/v2\/media\/164528"}],"wp:attachment":[{"href":"https:\/\/experienciadevida.com.ar\/portalurbano\/wp-json\/wp\/v2\/media?parent=164527"}],"wp:term":[{"taxonomy":"category","embeddable":true,"href":"https:\/\/experienciadevida.com.ar\/portalurbano\/wp-json\/wp\/v2\/categories?post=164527"},{"taxonomy":"post_tag","embeddable":true,"href":"https:\/\/experienciadevida.com.ar\/portalurbano\/wp-json\/wp\/v2\/tags?post=164527"}],"curies":[{"name":"wp","href":"https:\/\/api.w.org\/{rel}","templated":true}]}}